{"id":108,"date":"2011-01-01T08:07:16","date_gmt":"2011-01-01T08:07:16","guid":{"rendered":"https:\/\/zelking.com\/2011\/01\/01\/gastronomie\/"},"modified":"2011-01-01T08:07:16","modified_gmt":"2011-01-01T08:07:16","slug":"gastronomie","status":"publish","type":"post","link":"https:\/\/zelking.grafikweb.eu\/?p=108","title":{"rendered":"Gastronomie"},"content":{"rendered":"<p><strong><span style=\"color: #ff0000; font-size: 14pt;\">Dieser Beitrag ist aktuell in Bearbeitung!<\/span><\/strong><\/p>\n<div style=\"text-align: center;\"><span style=\"color: #000000;\"><span style=\"font-size: 18px;\"><strong> <\/p>\n<p> <\/strong><\/span><\/span><\/div>\n<div style=\"text-align: center;\"><span style=\"color: #000000;\"><span style=\"color: #000000;\"><span style=\"font-size: 18px;\"><\/span><\/span><\/span> <!--more--> <span style=\"color: #000000;\"><span style=\"font-size: 18px;\"><\/span><\/span><\/div>\n<div style=\"text-align: center;\">&nbsp;<\/div>\n<div style=\"text-align: center;\">&nbsp;<\/div>\n<div style=\"text-align: center;\"><span style=\"color: #000000; font-size: 18pt;\"><strong>Gasthof Erber&nbsp; <\/strong><\/span><\/div>\n<div style=\"text-align: center;\">&nbsp;<\/div>\n<div style=\"text-align: center;\">&nbsp;<\/div>\n<div style=\"text-align: center;\">&nbsp;<\/div>\n<div style=\"text-align: center;\"><span style=\"color: #000000; font-size: 12pt;\"><img loading=\"lazy\" decoding=\"async\" class=\" size-full wp-image-94\" alt=\"\" src=\"https:\/\/zelking.grafikweb.eu\/wp-content\/uploads\/2011\/01\/billett-1919.jpg\" width=\"458\" height=\"248\" srcset=\"https:\/\/zelking.grafikweb.eu\/wp-content\/uploads\/2011\/01\/billett-1919.jpg 458w, https:\/\/zelking.grafikweb.eu\/wp-content\/uploads\/2011\/01\/billett-1919-300x162.jpg 300w\" sizes=\"auto, (max-width: 458px) 100vw, 458px\" \/><\/span><br \/><span style=\"font-size: 12pt; color: #000000;\"> Enladungsbillett zu einem Hochzeitskr\u00e4nzchen 1919<\/span><br \/><span style=\"font-size: 12pt; color: #000000;\"> Diese musikalische Veranstaltung fand an einem Montag (!) statt <br \/><\/span><\/div>\n<div style=\"text-align: center;\">&nbsp;<\/div>\n<div style=\"text-align: center;\">&nbsp;<\/div>\n<div style=\"text-align: center;\">&nbsp;<span style=\"color: #000000; font-size: 12pt;\"><img loading=\"lazy\" decoding=\"async\" class=\" size-full wp-image-95\" alt=\"\" src=\"https:\/\/zelking.grafikweb.eu\/wp-content\/uploads\/2011\/01\/1929%20aus.jpg\" height=\"190\" width=\"320\" \/> &nbsp;&nbsp; <img loading=\"lazy\" decoding=\"async\" class=\" size-full wp-image-96\" alt=\"\" src=\"https:\/\/zelking.grafikweb.eu\/wp-content\/uploads\/2011\/01\/1950%20aus.jpg\" height=\"191\" width=\"294\" \/><\/span><\/div>\n<div style=\"text-align: center;\">\n<div><span style=\"color: #000000; font-size: 12pt;\">Der Gasthof Erber 1929 (Besitzer Franz Erber) und um 1950 (Besitzer Friedrich \u201eFritz\u201c Erber \u2013 neben dem Auto stehend) <br \/>&nbsp; <br \/><\/span><\/div>\n<div>&nbsp;<\/div>\n<div><span style=\"color: #000000; font-size: 12pt;\"><img loading=\"lazy\" decoding=\"async\" class=\" size-full wp-image-97\" alt=\"\" src=\"https:\/\/zelking.grafikweb.eu\/wp-content\/uploads\/2011\/01\/erber%20v.jpg\" height=\"213\" width=\"369\" \/><\/span><br \/><span style=\"font-size: 12pt; color: #000000;\"> Der Gasthof Erber um 1995 &#8230;&nbsp; <br \/>&nbsp;&nbsp;&nbsp; <br \/><\/span><\/div>\n<div>&nbsp;<\/div>\n<div><span style=\"font-size: 12pt; color: #000000;\"><img loading=\"lazy\" decoding=\"async\" class=\" size-full wp-image-98\" alt=\"\" src=\"https:\/\/zelking.grafikweb.eu\/wp-content\/uploads\/2011\/01\/z4.jpg\" height=\"179\" width=\"369\" \/><\/span><\/div>\n<div style=\"text-align: center;\"><span style=\"color: #000000; font-size: 12pt;\">&nbsp;&#8230; und 2005<\/span><\/div>\n<div style=\"text-align: center;\">&nbsp;<\/div>\n<div style=\"text-align: justify;\"><span style=\"color: #000000; font-size: 12pt;\">&nbsp;<\/span><\/div>\n<div><span style=\"color: #000000; font-size: 12pt;\"><img loading=\"lazy\" decoding=\"async\" class=\" size-full wp-image-99\" style=\"width: 144px; height: 197px;\" alt=\"\" src=\"https:\/\/zelking.grafikweb.eu\/wp-content\/uploads\/2011\/01\/wappen%20erber.jpg\" width=\"250\" height=\"344\" \/><\/span><br \/><span style=\"color: #000000; font-size: 12pt;\"> Ottfried Neubecker \u2013 Gro\u00dfes Wappen Bilder Lexikon, Battenberg Verlag, 1992, Seite 623<\/span><\/div>\n<\/p><\/div>\n<div style=\"text-align: justify;\">&nbsp;<\/div>\n<div style=\"text-align: justify;\">&nbsp;<\/div>\n<div style=\"text-align: justify;\"><span style=\"color: #000000; font-size: 12pt;\">Am 14. Juni 2010 ab 18 Uhr feierte man im \u201eLandgasthof Erber\u201c (entwickelte sich vom einfachen Gasthaus hin zur gehobeneren Gastronomie) 120 Jahre des Bestehens bei \u201eJazz vom Fa\u00df\u201c und \u201eKutschenfahren wie vor 120 Jahren\u201c.<br \/> <\/span><span style=\"color: #000000;\"><br \/><\/span><span style=\"color: #000000;\"> <\/span><span style=\"font-size: 12pt;\"><span style=\"color: #000000;\">F\u00fcnf ****Themenzimmer (Geheimnis, Wasser, Sternenhimmel, Burg, Wei\u00dfer Stein) laden zum Verweilen ein! Eine kreative, gut b\u00fcrgerliche K\u00fcche bietet auch saisonale Gerichte an, deren Produkte von Bauern aus der Umgebung stammen.<\/span><span style=\"color: #000000;\"><br \/> Als einzige \u00f6sterreichische Gro\u00dfbrauerei beliefert die Stigl-Brauerei nun auch den \u201eErberwirt\u201c. <br \/>&nbsp;<\/span><\/span><\/div>\n<div style=\"text-align: center;\"><span style=\"font-size: 12pt;\"><span style=\"color: #000000;\"><\/span><\/span><span style=\"color: #000000; font-size: 12pt;\"> <br \/><\/span><\/div>\n<div style=\"text-align: center;\"><span style=\"color: #000000; font-size: 12pt;\"><img loading=\"lazy\" decoding=\"async\" class=\" size-full wp-image-100\" alt=\"\" src=\"https:\/\/zelking.grafikweb.eu\/wp-content\/uploads\/2011\/01\/erber%20blechmusik.jpg\" height=\"287\" width=\"431\" \/><\/span><br \/><span style=\"color: #000000; font-size: 12pt;\"> Die \u201eMostviertler Blechmusi\u201c<br \/> (zweiter von linlks der \u201eChef\u201c Bernhard H\u00f6ller) <br \/>&nbsp;<\/span><\/div>\n<div style=\"text-align: center;\">&nbsp;<\/div>\n<div style=\"text-align: center;\"><span style=\"color: #000000; font-size: 12pt;\"><img loading=\"lazy\" decoding=\"async\" class=\" size-full wp-image-101\" alt=\"\" src=\"https:\/\/zelking.grafikweb.eu\/wp-content\/uploads\/2011\/01\/erber%20120%20jahre%20ii.jpg\" height=\"277\" width=\"425\" \/><\/span><br \/><span style=\"color: #000000; font-size: 12pt;\"> G\u00e4ste bei \u201e120 Jahre (Land)Gasthof Erber\u201c (links die \u201eMostviertler Blechmusi\u201c) <br \/>&nbsp;&nbsp;&nbsp; <\/span><\/div>\n<div style=\"text-align: center;\">&nbsp;<\/div>\n<div style=\"text-align: center;\"><span style=\"color: #000000; font-size: 12pt;\"><img loading=\"lazy\" decoding=\"async\" class=\" size-full wp-image-102\" alt=\"\" src=\"https:\/\/zelking.grafikweb.eu\/wp-content\/uploads\/2011\/01\/erber%20120%20jahre%20i.jpg\" height=\"278\" width=\"421\" \/><\/span><br \/><span style=\"color: #000000; font-size: 12pt;\"> Kutschenfahrten mit dem Vizeweltmeister im Kutschenfahren Josef Stickelberger <br \/>&nbsp;<\/span><\/div>\n<div style=\"text-align: center;\">&nbsp;<\/div>\n<div style=\"text-align: center;\"><span style=\"font-size: 12pt;\"><span style=\"color: #000000;\"><\/span><span style=\"color: #000000;\"><img loading=\"lazy\" decoding=\"async\" class=\" size-full wp-image-103\" alt=\"\" src=\"https:\/\/zelking.grafikweb.eu\/wp-content\/uploads\/2011\/01\/erber%20120%20jahre%20iii.jpg\" height=\"279\" width=\"423\" \/><\/span><\/span><br \/><span style=\"color: #000000; font-size: 12pt;\"> Erinnerungsfoto (von links nach rechts): Michael Steininger (Stigl-Brauerei), Gerhard B\u00fcrg (B\u00fcrgermeister der Gemeinde Zelking-Matzleinsdorf), Pater Lukas Roitner (Moderator in Zelking), \u201eAltchefs\u201c Hermine und Franz Erber, die Wirtsleute Michaela und Manfred Erber, Herta Mikesch (Obfrau der Wirtschaftskammer Melk) und Gerhard Maller (Getr\u00e4nkevertrieb)<\/span><\/div>\n<div style=\"text-align: center;\">&nbsp;<\/div>\n<div style=\"text-align: center;\"><span style=\"color: #000000; font-size: 12pt;\">&nbsp;&nbsp; <br \/><\/span><\/div>\n<div style=\"text-align: center;\"><span style=\"font-size: 12pt;\"><span style=\"color: #000000;\"><strong>Landgasthof Erber 120 Jahre<\/strong><\/span><span style=\"color: #000000;\"><strong><br \/> <\/strong><\/span><\/span><\/div>\n<div style=\"text-align: center;\">\n<div><span style=\"color: #000000; font-size: 12pt;\"><strong> <br \/> <\/strong><\/span><\/div>\n<div><span style=\"font-size: 12pt;\"><span style=\"color: #000000;\">Ein<\/span><span style=\"color: #000000;\"> kleines Gasthaus dazumal \u2013<br \/> <\/span><\/span><\/div>\n<div><span style=\"color: #000000; font-size: 12pt;\"> heute mit einem gro\u00dfen Saal,<br \/> gute K\u00fcche, neue Zimmer \u2013<br \/> der \u201ealte Chef\u201c, hilft aus \u201ewie immer\u201c<br \/> derweil Manfred zu den G\u00e4sten geht<br \/> und fragt, wie\u2019s mit den W\u00fcnschen steht \u2013&nbsp;&nbsp; <br \/> was man heut am Ehrentag<br \/> zu Trinken und zu Essen mag.<\/p>\n<p> Einhundertzwanzig Jahre schon<br \/> hat \u201eder Erber\u201c die Konzession \u2013<br \/> in Zelking zu reichen Speis und Trank \u2013<br \/> zum Wohl der Menschen \u2013 Gott sei Dank!<\/p>\n<p> Die junge Chefin kocht sehr gern,<br \/> daher kommen von nah und fern<br \/> die Leut\u2019 zum Essen, weil es schmeckt<br \/> (die \u201ealte Chefin\u201c auch dahintersteckt).<\/p>\n<p> Im Juni dann, zweitausendzehn \u2013<br \/> am 14., so das Wetter sch\u00f6n,<br \/> wird mit der Kutsche ausgefahren,<br \/> ganz so, wie vor 120 Jahren!<\/p>\n<p> Bei \u201eJazz vom Fass\u201c wird dann gefeiert,<br \/> abends \u2013 mancher hat beigesteuert,<br \/> irgendwas zu diesem Feste.<\/p>\n<p> Ich w\u00fcnsch\u2019 \u201edem Erber\u201c so das Beste;<br \/> ist auch gekommen in die Jahre.<br \/> Vielleicht sagt einmal ein Nachfahre:<br \/> \u201eManfred hat sich was zugetraut \u2013<br \/> sogar den Gasthof ausgebaut\u201c!<\/span><\/div>\n<div style=\"text-align: justify;\"><span style=\"color: #000000; font-size: 12pt;\">&nbsp;<\/span><\/div>\n<div><span style=\"color: #000000; font-size: 12pt;\">Herzlichst gewidmet von Ludwig Pichler <br \/> <\/span><\/div>\n<div style=\"text-align: center;\"><span style=\"color: #000000; font-size: 12pt;\"> Zelking, 14. Juni 2010 <br \/><\/span><\/div>\n<div style=\"text-align: center;\">&nbsp;<\/div>\n<div style=\"text-align: center;\"><span style=\"color: #000000; font-size: 12pt;\">&nbsp;<\/span><\/div>\n<div style=\"text-align: center;\"><span style=\"color: #000000; font-size: 12pt;\">&nbsp;&nbsp; <br \/><\/span><\/div>\n<div style=\"text-align: center;\"><span style=\"color: #000000; font-size: 18pt;\"><span style=\"color: #000000;\"><strong>Gasthaus Schaider<\/strong><\/span><\/span><\/div>\n<div style=\"text-align: center;\"><span style=\"color: #000000; font-size: 18pt;\"><span style=\"color: #000000;\"><strong>(Zum G\u00f6tterbaum)<\/strong><\/span><\/span><\/div>\n<div style=\"text-align: center;\"><span style=\"font-size: 12pt;\">&nbsp;<\/span><\/div>\n<div><span style=\"font-size: 12pt;\">&nbsp;<\/span><\/div>\n<div><span style=\"color: #000000; font-size: 12pt;\"><strong>Seit 5. Oktober 2014 bekocht der \u201eJungchef Josef\u201c die werten G\u00e4ste!<\/strong> <br \/>&nbsp;<\/span><\/div>\n<div>&nbsp;<\/div>\n<div><span style=\"color: #000000; font-size: 12pt;\"><img loading=\"lazy\" decoding=\"async\" class=\" size-full wp-image-104\" alt=\"\" src=\"https:\/\/zelking.grafikweb.eu\/wp-content\/uploads\/2011\/01\/josef.jpg\" height=\"233\" width=\"152\" srcset=\"https:\/\/zelking.grafikweb.eu\/wp-content\/uploads\/2011\/01\/josef.jpg 200w, https:\/\/zelking.grafikweb.eu\/wp-content\/uploads\/2011\/01\/josef-196x300.jpg 196w\" sizes=\"auto, (max-width: 152px) 100vw, 152px\" \/><\/span><\/div>\n<div><span style=\"color: #000000; font-size: 12pt;\"><span style=\"color: #000000;\">Josef Schaider <br \/><\/span><\/span><\/div>\n<div><span style=\"color: #000000; font-size: 12pt;\"><span style=\"color: #000000;\">(Foto: Pichler 9\/2014) <br \/>&nbsp; <br \/><\/span><\/span><\/div>\n<div>&nbsp;<\/div>\n<div style=\"text-align: justify;\"><span style=\"color: #000000; font-size: 12pt;\">Jungkoch Josef bietet seit 5. Oktober 2014 den werten G\u00e4sten eine abwechslungreiche, regionale &amp; saisonale K\u00fcche. (Bei h\u00f6herer Anzahl an Speisenden wird um telefonische Voranmeldung gebeten!) <br \/><span style=\"color: #000000; font-size: 12pt;\"><strong>Telefon:<\/strong> 02752\/52016 <\/span><\/span><\/div>\n<div style=\"text-align: justify;\">&nbsp;<\/div>\n<div style=\"text-align: justify;\">&nbsp;<\/div>\n<div style=\"text-align: justify;\"><span style=\"color: #000000; font-size: 12pt;\">Montag:&nbsp;&nbsp;&nbsp;&nbsp; &nbsp; <strong>Ruhetag<\/strong><\/span><\/div>\n<div style=\"text-align: justify;\"><span style=\"color: #000000; font-size: 12pt;\">Dienstag:&nbsp;&nbsp;&nbsp;&nbsp; 8:30<span style=\"color: #000000; font-size: 12pt;\">\u2013<\/span>(open End)<\/span><\/div>\n<div style=\"text-align: justify;\"><span style=\"color: #000000; font-size: 12pt;\">Mittwoch: &nbsp;&nbsp; <strong>Ruhetag<\/strong> <\/span><\/div>\n<div style=\"text-align: justify;\"><span style=\"color: #000000; font-size: 12pt;\">Donnerstag: 8:30<span style=\"color: #000000; font-size: 12pt;\">\u2013(open End); ab 9:00&nbsp;<span style=\"color: #000000; font-size: 12pt;\">\u201eWei\u00dfw\u00fcrste\u201c<\/span> <br \/><\/span><\/span><\/div>\n<div style=\"text-align: justify;\"><span style=\"color: #000000; font-size: 12pt;\">Freitag:&nbsp;&nbsp;&nbsp;&nbsp;&nbsp;&nbsp; 8:30<span style=\"color: #000000; font-size: 12pt;\"><span style=\"color: #000000; font-size: 12pt;\">\u2013<\/span><\/span>(open End); ab 17:00 Leberk\u00e4se<\/span><\/div>\n<div style=\"text-align: justify;\"><span style=\"color: #000000; font-size: 12pt;\">Samstag: &nbsp;&nbsp;&nbsp; 9:00<span style=\"color: #000000; font-size: 12pt;\">\u2013<\/span>13:00<\/span><\/div>\n<div style=\"text-align: justify;\"><span style=\"color: #000000; font-size: 12pt;\">Sonntag: &nbsp; &nbsp; 9:00<span style=\"color: #000000; font-size: 12pt;\">\u2013<\/span>14:00 (ab 11:30<span style=\"color: #000000; font-size: 12pt;\">\u2013<\/span>13:30 warme K\u00fcche)<\/span><\/div>\n<div style=\"text-align: justify;\"><span style=\"font-size: 12pt;\">&nbsp;<\/span><\/div>\n<div style=\"text-align: justify;\"><span style=\"color: #000000; font-size: 12pt;\"><strong>Jeden<\/strong> 1. Donnerstag (im Monat) ab 17:00 Kranzld\u00fcrre vom Sud<\/span><\/div>\n<div style=\"text-align: justify;\"><span style=\"color: #000000; font-size: 12pt;\"><strong>Jeden<\/strong> 3. Donnerstag <span style=\"text-decoration: underline; color: #ff0000;\">(nur von Oktober bis M\u00e4rz!)<\/span> ab 17:00 Blunzen vom Sud oder ger\u00f6stet<\/span><\/div>\n<div style=\"text-align: justify;\"><span style=\"color: #000000; font-size: 12pt;\"><\/span><\/div>\n<div style=\"text-align: justify;\"><span style=\"color: #000000; font-size: 12pt;\"><\/span><\/div>\n<div><span style=\"font-size: 18pt; color: #000000;\"><strong>Cafe-Haus\/Cafe-Pub \u201eHiesbergst\u00fcberl<span style=\"color: #000000; font-size: 18pt;\"><strong>\u201c <\/strong><\/span><\/strong><\/span><span style=\"font-size: 18pt;\"><\/span><\/div>\n<p> <span style=\"color: #000000;\"><\/span> <\/p>\n<div style=\"text-align: justify;\">&nbsp;<\/div>\n<div style=\"text-align: justify;\">&nbsp;<\/div>\n<div style=\"text-align: justify;\"><span style=\"color: #000000;\"><span style=\"font-size: 12pt;\"><strong>Adresse:<\/strong><\/span><span style=\"font-size: 14px;\"><br \/><span style=\"font-size: 12pt;\"> Familie Handl<\/span><br \/><span style=\"font-size: 12pt;\"> Buchfeldstra\u00dfe 2<\/span><br \/><span style=\"font-size: 12pt;\"> A-3393 ZELKING<\/span><br \/><span style=\"font-size: 12pt;\"> Tel. 02752\/ 500 67<\/span><\/p>\n<p><span style=\"font-size: 12pt;\"> <strong>Offen:<\/strong> Werktags von 14:00<span style=\"color: #000000;\">\u2013<\/span>1:00<\/span><br \/><span style=\"font-size: 12pt;\"> Sonn- und Feiertags von 9:30<span style=\"color: #000000;\">\u2013<\/span>1:00<\/span><br \/><span style=\"font-size: 12pt;\"> <strong>Dienstag bis Donnerstag ist Ruhetag!<\/strong><\/span><\/p>\n<p><span style=\"font-size: 12pt;\"> Am 15. Februar 1989 wurde das Cafe-Haus \u201eHiesbergst\u00fcberl\u201c der Familie Handl er\u00f6ffnet.<\/span><\/p>\n<p> <\/span><\/span><\/div>\n<div style=\"text-align: center;\"><span style=\"color: #000000;\"><img loading=\"lazy\" decoding=\"async\" class=\" size-full wp-image-105\" style=\"width: 154px; height: 204px;\" alt=\"\" src=\"https:\/\/zelking.grafikweb.eu\/wp-content\/uploads\/2011\/01\/handl%202.jpg\" width=\"226\" height=\"300\" \/> &nbsp;&nbsp; <img loading=\"lazy\" decoding=\"async\" class=\" size-full wp-image-106\" style=\"width: 154px; height: 205px;\" alt=\"\" src=\"https:\/\/zelking.grafikweb.eu\/wp-content\/uploads\/2011\/01\/handl%201.jpg\" width=\"256\" height=\"340\" \/><\/span><br \/><span style=\"color: #000000; font-size: 12pt;\"> Die \u201eAltchefin\u201c Waltraud (mit der S\u00fc\u00dfspeise \u201eHiesbergmugl\u201c und der \u201eBarkeeper\u201c\/\u201eM\u00e4dchen f\u00fcr alles\u201c Johann Handl<\/span><\/div>\n<div style=\"text-align: center;\"><span style=\"font-size: 12pt; color: #000000;\"><\/p>\n<p> <\/span><\/div>\n<div style=\"text-align: justify;\"><span style=\"font-size: 12pt; color: #000000;\">Die \u201eChefin\u201c (in der guten K\u00fcche) Waltraud Handl (die sich als hervorragende K\u00f6chin herausgestellt hat), bekocht (Altersbedingt) KEINE G\u00e4ste mehr (obwohl sie einige Jahre im ehemaligen Erholungsheim die einstmals hier Urlaub machenden Bankangestellten der CA aus Wien, schon gut bekocht hatte).&nbsp; <\/span><\/div>\n<div style=\"text-align: justify;\"><span style=\"color: #000000;\"><span style=\"font-size: 12pt;\"> Ihr zur Seite stand\/steht noch immer Gatte Johann, genannt \u201eJohnny\u201c als \u201eBarkeeper\u201c und \u201eM\u00e4dchen f\u00fcr alles\u201c<\/span><span style=\"font-size: 14px;\"><span style=\"font-size: 12pt;\">.<\/span><br \/> <\/span><\/span><\/div>\n<div style=\"text-align: center;\"><span style=\"font-size: 14px; color: #000000;\"> <br \/> <\/span><br \/><span style=\"color: #000000;\"> <img loading=\"lazy\" decoding=\"async\" class=\" size-full wp-image-107\" style=\"width: 250px; height: 374px;\" alt=\"\" src=\"https:\/\/zelking.grafikweb.eu\/wp-content\/uploads\/2011\/01\/hiesbergstberl.jpg\" width=\"392\" height=\"588\" srcset=\"https:\/\/zelking.grafikweb.eu\/wp-content\/uploads\/2011\/01\/hiesbergstberl.jpg 392w, https:\/\/zelking.grafikweb.eu\/wp-content\/uploads\/2011\/01\/hiesbergstberl-200x300.jpg 200w\" sizes=\"auto, (max-width: 392px) 100vw, 392px\" \/><\/span><br \/><span style=\"color: #000000; font-size: 12pt;\"> Hinweisschild zum Gastronomiebetrieb \u201eHiesbergst\u00fcberl\u201c (*)<br \/> <\/span><\/div>\n<div style=\"text-align: justify;\"><span style=\"font-size: 12pt;\"><span style=\"color: #000000;\"><\/p>\n<p> (*) Den Namen \u201eHiesbergst\u00fcberl\u201c, hat man dem Namen nach, vom \u201eHausberg\u201c der Gemeinde Zelking-Matzleinsdorf, dem 558 m hohen Bergr\u00fccken Hiesberg \u201eentliehen\u201c, und kombiniert mit dem Namen \u201eSt\u00fcberl\u201c <span style=\"color: #000000;\">(<\/span>= ist ein kleiner Raum, der f\u00fcr Feierlichkeiten geeignet ist)<\/span>.<\/span><br \/><span style=\"color: #000000;\"><span style=\"font-size: 12pt;\"> <br \/> Angeboten werden unter anderem diverse Mehlspeisen und Getr\u00e4nke, Eisvariationen, Jausenkarte. F\u00fcr \u201enaturs\u00fc\u00dfe\u201c Naschkatzen: Honig aus der eigenen Imkerei.<\/span><span style=\"font-size: 14px;\"> <\/p>\n<p> <\/span><span style=\"font-size: 14px;\"><\/span><\/span><\/div>\n<div style=\"text-align: justify;\"><span style=\"color: #000000;\">&nbsp;<\/span><\/div>\n<div style=\"text-align: justify;\"><span style=\"color: #000000;\">&nbsp;<\/span><\/div>\n<div style=\"text-align: justify;\"><span style=\"color: #000000;\">&nbsp;<\/span><\/div>\n<div style=\"text-align: justify;\"><span style=\"color: #000000;\">&nbsp;<\/span><\/div>\n<div style=\"text-align: justify;\"><span style=\"font-size: 14px; color: #000000;\"><span style=\"font-size: 18px;\"><strong><br \/> <\/strong><\/span><\/span><\/div>\n<div style=\"text-align: justify;\"><span style=\"color: #000000;\">&nbsp;<\/span><\/div>\n<\/p><\/div>\n","protected":false},"excerpt":{"rendered":"<p>Dieser Beitrag ist aktuell in Bearbeitung!<\/p>\n","protected":false},"author":2,"featured_media":94,"comment_status":"open","ping_status":"open","sticky":false,"template":"","format":"standard","meta":{"footnotes":""},"categories":[50],"tags":[],"class_list":["post-108","post","type-post","status-publish","format-standard","has-post-thumbnail","hentry","category-firmen"],"_links":{"self":[{"href":"https:\/\/zelking.grafikweb.eu\/index.php?rest_route=\/wp\/v2\/posts\/108","targetHints":{"allow":["GET"]}}],"collection":[{"href":"https:\/\/zelking.grafikweb.eu\/index.php?rest_route=\/wp\/v2\/posts"}],"about":[{"href":"https:\/\/zelking.grafikweb.eu\/index.php?rest_route=\/wp\/v2\/types\/post"}],"author":[{"embeddable":true,"href":"https:\/\/zelking.grafikweb.eu\/index.php?rest_route=\/wp\/v2\/users\/2"}],"replies":[{"embeddable":true,"href":"https:\/\/zelking.grafikweb.eu\/index.php?rest_route=%2Fwp%2Fv2%2Fcomments&post=108"}],"version-history":[{"count":0,"href":"https:\/\/zelking.grafikweb.eu\/index.php?rest_route=\/wp\/v2\/posts\/108\/revisions"}],"wp:featuredmedia":[{"embeddable":true,"href":"https:\/\/zelking.grafikweb.eu\/index.php?rest_route=\/wp\/v2\/media\/94"}],"wp:attachment":[{"href":"https:\/\/zelking.grafikweb.eu\/index.php?rest_route=%2Fwp%2Fv2%2Fmedia&parent=108"}],"wp:term":[{"taxonomy":"category","embeddable":true,"href":"https:\/\/zelking.grafikweb.eu\/index.php?rest_route=%2Fwp%2Fv2%2Fcategories&post=108"},{"taxonomy":"post_tag","embeddable":true,"href":"https:\/\/zelking.grafikweb.eu\/index.php?rest_route=%2Fwp%2Fv2%2Ftags&post=108"}],"curies":[{"name":"wp","href":"https:\/\/api.w.org\/{rel}","templated":true}]}}