{"id":120,"date":"2011-01-23T15:26:33","date_gmt":"2011-01-23T15:26:33","guid":{"rendered":"https:\/\/zelking.com\/2011\/01\/23\/der-hiesberg\/"},"modified":"2011-01-23T15:26:33","modified_gmt":"2011-01-23T15:26:33","slug":"der-hiesberg","status":"publish","type":"post","link":"https:\/\/zelking.grafikweb.eu\/?p=120","title":{"rendered":"Der Hiesberg"},"content":{"rendered":"<div style=\"text-align: justify;\">&nbsp;<\/div>\n<div style=\"text-align: justify;\">\n<div style=\"text-align: center;\">\n<div style=\"text-align: center;\"><span style=\"font-size: 16px;\"><strong><span style=\"color: #000000;\">Der Hiesberg <\/span><\/strong><\/span><br \/> <span style=\"font-size: 18px;\"><span style=\"font-size: 14px;\"><span style=\"color: #000000;\">(558 m \u00fcber dem Meer) <\/span><\/span><\/span><\/div>\n<div style=\"text-align: justify;\">\n<p> <span style=\"font-size: 14px;\"><span style=\"color: #000000;\">Gegen\u00fcber dem M\u00fcllnerkogel befindet sich am Nordabhang des Hiesberges der \u201eWei\u00dfe Stein<\/span><span style=\"color: #000000;\">\u201c<\/span><span style=\"color: #000000;\">, welcher vermutlich einstmals ein Grenzstein (Kult-, Sagenstein) gewesen sein k\u00f6nnte. Der deutsche Kaufmann Samo (verdeutscht Alleinherrscher) aus dem Frankenlande gr\u00fcndete ein slawisches Reich, welches bis in unsere Gegend reichte. Er regierte von 624<\/span><\/span><span style=\"font-size: 14px;\"><span style=\"color: #000000;\">\u2013<\/span><\/span><span style=\"font-size: 14px;\"><span style=\"color: #000000;\">658. Nach seinem Tod zerfiel das Reich und die Awaren konnten ihre Herrschaft noch f\u00fcr weitere 140 Jahre festigen, deren Macht Samo zuerst gebrochen hatte.<\/p>\n<p> <\/span><\/span><\/div>\n<div style=\"text-align: center;\"><img loading=\"lazy\" decoding=\"async\" class=\" size-full wp-image-110\" alt=\"\" src=\"https:\/\/zelking.grafikweb.eu\/wp-content\/uploads\/2011\/01\/hiesbergwanderung.jpg\" height=\"294\" width=\"417\" srcset=\"https:\/\/zelking.grafikweb.eu\/wp-content\/uploads\/2011\/01\/hiesbergwanderung.jpg 444w, https:\/\/zelking.grafikweb.eu\/wp-content\/uploads\/2011\/01\/hiesbergwanderung-300x211.jpg 300w\" sizes=\"auto, (max-width: 417px) 100vw, 417px\" \/><\/div>\n<div style=\"text-align: center;\"><span style=\"font-size: 14px;\"><span style=\"color: #000000;\">Hiesbergwanderung (Pichler PA)<br \/> <\/span><\/span><\/div>\n<div style=\"text-align: justify;\">\n<p> <span style=\"font-size: 14px;\"><span style=\"color: #000000;\">Die Teile der B\u00f6hmischen Masse s\u00fcdlich der Donau (Neustadtler Platte, Dunkelsteinerwald) gleichen in ihren h\u00f6chsten, unzerschnittenen Gebieten der Rumpffl\u00e4che n\u00f6rdlich der Donau. Gegen das Alpenvorland fallen sie ohne Formengrenzen ab. Nur der Hiesberg s\u00fcdlich des Nibelungengaues erhebt sich deutlich \u00fcber das Vorland, in dessen terti\u00e4re Sedimente der kristalline Rumpf der B\u00f6hmischen Masse untertaucht (UNSERE HEIMAT Monatsblatt des Vereines f\u00fcr Landeskunde von Nieder\u00f6sterreich und Wien Jahrgang 23 1952 Nummer 5<\/span><\/span><span style=\"font-size: 14px;\"><span style=\"color: #000000;\">\u2013<\/span><\/span><span style=\"font-size: 14px;\"><span style=\"color: #000000;\">7, Seite 103)<\/p>\n<p> <\/span><\/span><\/div>\n<div style=\"text-align: center;\"><span style=\"color: #000000;\"><strong><span style=\"font-size: 16px;\">Der Hiesberg<\/span><\/strong><\/span><\/div>\n<div style=\"text-align: justify;\">\n<p> <span style=\"font-size: 14px;\"><span style=\"color: #000000;\"><span style=\"color: #000000;\">Der Hiesberg ist ein breiter H\u00f6henr\u00fccken und kommt dem Hengstberg im Bergland von Neustadtl schier an H\u00f6he gleich. Wer ihn umwandern wollte, der br\u00e4uchte dazu acht Stunden Gehzeit ohne jede Rast. Fast der ganze R\u00fccken des Berges ist bewaldet. Das Gestein, aus dem der Berg sich aufbaut, ist Urgestein und l\u00e4\u00dft vermuten, da\u00df der Hiesberg gleich dem Sittenberg und dem Bergland von Neustadtl einst mit den H\u00f6hen des Waldviertels fest verbunden war. Die Verbindung wurde einstmals von der Donau durchs\u00e4gt. Vereinzelt finden sich auch an den Lehnen des Hiesberges Lager eines marmor\u00e4hnlichen Kalkes, der im Steinbruch von Kollapriel am Nordhang des Hiesberges werkm\u00e4\u00dfig ausgebeutet wird.<br \/> Die H\u00e4nge des Hiesberges sind dort und da von einschichtigen Kleinh\u00f6fen besiedelt. Ein besonders sch\u00f6nes Landschaftsbild gew\u00e4hrt der \u201eEselsteiggraben\u201c am S\u00fcdhang des Hiesberges im Gebiet der Gemeinde Ritzengrub. Wo der Hang des Berges sich sanft nach Osten neigt, liegt tief im Wald versteckt die Kapelle von Maria-Steinparz, die von den Leuten als ein Wallfahrtsort besucht wird. Unweit davon aber schaut von halber H\u00f6he des Hanges die herrliche Schallaburg ins Pielachtal hernieder, deren Hof mit seinen wundersch\u00f6nen Bogeng\u00e4ngen und Verzierungen als ein Musterbeispiel der Baukunst alter Zeit gilt.<br \/> (Entnommen aus: Krummnu\u00dfbaumer Heimatlesebuch von Franz W\u00fcrml, Lehrer, Nachdruck von 1932, Seite 137).<\/span><\/p>\n<p> <\/span><\/span><\/div>\n<div style=\"text-align: center;\"><span style=\"font-size: 16px;\"><span style=\"color: #000000;\"><strong>Der Jahresstein und die Westbahn<\/strong><\/span><\/span><\/div>\n<div style=\"text-align: center;\">&nbsp;<\/div>\n<p> <\/p>\n<div style=\"text-align: center;\"><span style=\"color: #000000;\"><span style=\"color: #000000;\"><img loading=\"lazy\" decoding=\"async\" class=\" size-full wp-image-111\" alt=\"\" src=\"https:\/\/zelking.grafikweb.eu\/wp-content\/uploads\/2011\/01\/jahresstein%201857.jpg\" height=\"199\" width=\"342\" \/><\/span><br \/> <span style=\"font-size: 14px;\"><span style=\"color: #000000;\">Der <span>\u201eJahresstein\u201c 1857 (Pichler PA)<\/span><\/span><\/span><br \/> <span style=\"color: #000000;\"><span style=\"font-size: 14px;\"><span style=\"color: #000000;\"> <\/span><\/span><\/span><\/span><\/div>\n<div style=\"text-align: justify;\"> <span style=\"color: #000000;\">&nbsp;<\/span><\/div>\n<div style=\"text-align: justify;\"><span style=\"color: #000000;\"><span style=\"font-size: 14px;\"><span style=\"color: #000000;\">Ein im Hiesberggebiet befindlicher, mit Datum 1857 versehener Granitfelsen weist auf die Erbauung der Kaiserin Elisabeth-Bahn hin. Am 8. M\u00e4rz 1856 begann man bei Rekawinkel mit dem Bau (die Tal\u00fcberg\u00e4nge, Tunnels und Br\u00fccken wurden aber schon f\u00fcr einen zweigleisigen Betrieb errichtet). Im August 1856 wurde mit der eingleisigen Trassierung in Wien begonnen und am 13. Oktober 1858 fuhr der erste Zug in Melk ein.<br \/> Am 15. Dezember 1858 wurde auf der damaligen <\/span><\/span><span style=\"color: #000000;\"><span style=\"font-size: 14px;\">\u201e<\/span><\/span><span style=\"font-size: 14px;\"><span style=\"color: #000000;\">k.k. privilegierten Kaiserin Elisabeth-Bahn<\/span><\/span><span style=\"font-size: 14px;\"><span style=\"color: #000000;\">\u201c<\/span><\/span><span style=\"font-size: 14px;\"><span style=\"color: #000000;\"> der offizielle Zugsverkehr Wien<\/span><\/span><span style=\"font-size: 14px;\"><span style=\"color: #000000;\">\u2013<\/span><\/span><span style=\"font-size: 14px;\"><span style=\"color: #000000;\">Linz aufgenommen. Bereits am 19. November (am Namenstag der Kaiserin) erfolgte die kirchliche Weihe und Namensgebung dieser Bahnstrecke.<br \/> 1841 hatte der damalige Hofkammerpr\u00e4sident Freiherr Carl Friedrich K\u00fcbeck ein Eisenbahnbauprogramm erstellt, welches den Bau einer von Wien&nbsp; (\u00fcber Linz) nach Salzburg (und weiter nach Bayern) f\u00fchrenden Bahnstrecke vorsah. Es erfolgte ein Abschluss eines Staatsvertrages mit dem K\u00f6nigreich Bayern 1851.&nbsp; Aber erst nach einer ausl\u00e4ndischen Anregung, kam Bewegung in diese Idee. Der Bau dieser Streckenf\u00fchrung sollte angeblich deshalb vorrangig behandelt worden sein, damit Kaiserin Elisabeth rascher in ihre angestammte Heimat Bayern Reisen konnte. 1882 wurde die Kaiserin Elisabeth-Bahn verstaatlicht, da die Betreiber in hohe Schulden geschlittert sind. Auf der vorerst eingleisigen Strecke verkehrten pro Tag nur ein Personen- und G\u00fcterzug in jeder Richtung. Am 2. November 1858 erfolgte die erste (offizielle) Probefahrt. Die Dampflokomotive <\/span><\/span><span style=\"color: #000000;\"><span style=\"font-size: 14px;\">\u201e<\/span><\/span><span style=\"font-size: 14px;\"><span style=\"color: #000000;\">Maria Zell<\/span><\/span><span style=\"font-size: 14px;\"><span style=\"color: #000000;\">\u201c<\/span><\/span><span style=\"font-size: 14px;\"><span style=\"color: #000000;\"> zog drei Personenwaggons von Wien nach Enns. 1861 verkehrten bereits drei Personenz\u00fcge sowie je ein G\u00fcter- und Kurierzug t\u00e4glich. Drei Wochen nach der letzten Bombardierung des Amstettner Bahnhofes am 16. April 1945 (es gab auch welche am 16. und 20. M\u00e4rz), wobei der Bahnbereich auf einer L\u00e4nge von vier Kilometern vollst\u00e4ndig zerst\u00f6rt wurde, konnten die beiden durchgehenden Hauptgleise wieder befahren werden. <\/span><br \/> <span style=\"color: #000000;\"> <\/span><\/span><\/span><\/div>\n<\/p><\/div>\n<\/p><\/div>\n<div style=\"text-align: justify;\">\n<div style=\"text-align: center;\">\n<p> <img loading=\"lazy\" decoding=\"async\" class=\" size-full wp-image-112\" alt=\"\" src=\"https:\/\/zelking.grafikweb.eu\/wp-content\/uploads\/2011\/01\/hiesberg%20i.jpg\" height=\"124\" width=\"465\" \/><br \/> <span style=\"color: #000000;\"><span style=\"font-size: 14px;\">Der Hiesberg Richtung Melk gesehen<span> \u2013<\/span> Aufgenommen am 1. Februar 2008 &#8230;<\/p>\n<p> <\/span><\/span><img loading=\"lazy\" decoding=\"async\" class=\" size-full wp-image-113\" alt=\"\" src=\"https:\/\/zelking.grafikweb.eu\/wp-content\/uploads\/2011\/01\/hiesberg%20ii.jpg\" height=\"193\" width=\"468\" \/><br \/> <span style=\"color: #000000;\"><span style=\"font-size: 14px;\"> <\/span><\/span><\/div>\n<div style=\"text-align: center;\"><span style=\"color: #000000;\"><span><span style=\"font-size: 14px;\">&#8230; und im April 2011 (mit bl\u00fchenden Wildkirschb\u00e4umen), in Richtung Zelking gesehen<\/span><\/span><\/span><\/div>\n<div style=\"text-align: center;\">&nbsp;<\/div>\n<div style=\"text-align: center;\">&nbsp;<\/div>\n<div style=\"text-align: center;\"><span style=\"font-size: 14px; color: #000000;\"><img loading=\"lazy\" decoding=\"async\" class=\" size-full wp-image-114\" alt=\"\" src=\"https:\/\/zelking.grafikweb.eu\/wp-content\/uploads\/2011\/01\/panorama.jpg\" width=\"734\" height=\"133\" srcset=\"https:\/\/zelking.grafikweb.eu\/wp-content\/uploads\/2011\/01\/panorama.jpg 734w, https:\/\/zelking.grafikweb.eu\/wp-content\/uploads\/2011\/01\/panorama-300x54.jpg 300w\" sizes=\"auto, (max-width: 734px) 100vw, 734px\" \/><\/span><\/div>\n<div style=\"text-align: center;\"><span style=\"font-size: 14px; color: #000000;\">Der Hiesberg (12. Oktober 2014) <span style=\"font-size: 14px;\">\u2013<\/span> rechts beginnend im Gemeindegegebiet von St. Leonhard am Forst<\/span><\/div>\n<div style=\"text-align: center;\"><span style=\"font-size: 14px; color: #000000;\">(Pichler PA aus zwei Aufnahmen&nbsp;<span style=\"font-size: 14px;\">\u2013<\/span> Layout Franz Jell)<\/span><\/div>\n<div style=\"text-align: center;\">&nbsp;<\/div>\n<div style=\"text-align: center;\">&nbsp;<\/div>\n<div><span style=\"font-size: 14px; color: #000000;\"><\/span><span style=\"font-size: 14px;\"><span style=\"color: #000000;\">Dieser 558 m hohe Bergr\u00fccken, dessen nordwestliche Seite an das Gemeindegebiet der Gemeinde Zelking-Matzleinsdorf, s\u00fcd\u00f6stlich an die Marktgemeinde St. Leonhard am Forst und \u00f6stlich an die Gemeinde Melk angrenzt, wird Hiesberg genannt.<br \/> In diversen \u00e4lteren Literaturen und anderen Beschreibungen wird er auch Hirschberg, Hirzperg usw. genannt.<br \/> <\/span><\/span><\/div>\n<div> <span style=\"font-size: 14px;\"><span style=\"color: #000000;\">Die im Friedhof in Matzleinsdorf befindliche, zu einer Grabplatte umgestaltete Steinplatte, welche am 20. M\u00e4rz 1857 den 26-j\u00e4hrigen b\u00f6hmischen Steinmetz Johann Schima erschlug, wurde Hirschberg eingraviert <\/span><span style=\"color: #000000;\">\u2013 <\/span><span style=\"color: #000000;\"> obwohl schon in einem 1838 gedruckten Buch \u00fcber unsere Gegend, dieser Bergr\u00fccken bereits als Hiesberg (bzw. Hiesbergerwald) beschrieben stand!<br \/> Darstellung des Erzherzogthums Oesterreich unter der Ens. Elfter Band, Viertel Ober=Wienerwald. Wien 1838, Seite 130<\/span><\/span><span style=\"font-size: 14px;\"><span style=\"color: #000000;\">\u2013<\/span><\/span><span style=\"font-size: 14px;\"><span style=\"color: #000000;\">135<br \/> <\/span><\/span><\/div>\n<p> <\/p>\n<div><span style=\"font-size: 14px;\"><span style=\"color: #000000;\">Unter anderem: \u2026, liegt am Fu\u00dfe des sogenannten Hirschberges, \u2026<\/span><\/span><\/div>\n<div><span style=\"font-size: 14px;\"><span style=\"color: #000000;\">Darstellung des Erzherzogthums Oesterreich unter der Ens. Elfter Band, Viertel Ober=Wienerwald. Wien 1838, Seite 151<\/span><\/span><\/div>\n<div><span style=\"font-size: 14px;\"><span style=\"color: #000000;\">Eine andere Bezeichnung \u2013 Hirzperg (Hirzberg), k\u00f6nnte mit dem Geschlecht der Hirzperg, welche etwa ab dem fr\u00fchen 11. Jahrhundert eine kleine Burganlage (im Gemeindegebiet St. Leonhard am Forst befindlich) \u2013 Hiesburg (Burg Hirsberg) genannt, besa\u00dfen, welches vermutlich Dienstmannen der Peilsteiner waren, auch im Zusammenhang stehen.<\/span><\/span><\/div>\n<div><span style=\"font-size: 14px;\"><span style=\"color: #000000;\">Erw\u00e4hnung in: St. Leonhard am Forst, 1998, Seite 27<\/p>\n<p> &nbsp;<\/span><\/span><\/div>\n<div style=\"text-align: center;\"><span style=\"font-size: 14px;\"><span style=\"color: #000000;\"><img loading=\"lazy\" decoding=\"async\" class=\" size-full wp-image-115\" style=\"width: 450px; height: 330px;\" alt=\"\" src=\"https:\/\/zelking.grafikweb.eu\/wp-content\/uploads\/2011\/01\/mt-panorama.jpg\" width=\"590\" height=\"433\" srcset=\"https:\/\/zelking.grafikweb.eu\/wp-content\/uploads\/2011\/01\/mt-panorama.jpg 590w, https:\/\/zelking.grafikweb.eu\/wp-content\/uploads\/2011\/01\/mt-panorama-300x220.jpg 300w\" sizes=\"auto, (max-width: 590px) 100vw, 590px\" \/><br \/> <span style=\"color: #000000;\">Alte Panoramaansicht von Maria Taferl aus, Richtung Hiesberg gesehen (um 1920?),<br \/> links unten an der Donau, die Stadt P\u00f6chlarn<br \/> (Zwischen den beiden B\u00e4umen im Waldbereich sieht man als wei\u00dfen <span style=\"font-size: 14px;\">\u201ePunkt\u201c<\/span>, die Ruine Zelking<\/span>)<br \/> &nbsp;<\/span><\/span><\/div>\n<div><span style=\"font-size: 14px;\"><span style=\"color: #000000;\">&nbsp;<\/span><\/span><\/div>\n<div style=\"text-align: justify;\"><span style=\"font-size: 14px;\"><span style=\"color: #000000;\">Der Name Hirschberg, steht in keiner Verbindung mit der Gruppe Cervidae, wiederk\u00e4uende Paarhufer (Hirsche), zu denen man unter anderem die Rot- und Edelhirsche z\u00e4hlt, denn es gab sicher auch nicht in fr\u00fcheren Zeiten Hirsche in unserer Gegend, da es eigentlich ein Hochwild ist. <\/span><\/span><\/div>\n<div>&nbsp;<\/div>\n<div><span style=\"font-size: 14px;\"><span style=\"color: #000000;\">Das Granit- und Gneisplateau, Teil des B\u00f6hmischen Massivs, ist geologisch der \u00e4lteste Teil \u00d6sterreichs; es bildet eine flachwellige Rumpflandschaft zwischen 500 und 800, mit Erhebungen \u00fcber 1000&nbsp;m, die sich in das ober\u00f6sterreichische M\u00fchl- und das nieder\u00f6sterreichische Waldviertel gliedert und im S\u00fcden durch die Donau begrenzt wird. An 5 Stellen erstreckt sich das B\u00f6hmische Massiv \u00fcber die Donau hinaus nach S\u00fcden: Sauwald, K\u00fcrnberger Wald, Neustadtler Platte, <span style=\"text-decoration: underline;\">Hiesberg<\/span> und Dunkelsteinerwald. <span style=\"color: #000000;\">(<\/span>Aus dem Internet<\/span><span style=\"color: #000000;\">).<br \/> <\/span><\/span><\/div>\n<\/p><\/div>\n<div style=\"text-align: center;\">\n<p> <img loading=\"lazy\" decoding=\"async\" class=\" size-full wp-image-116\" alt=\"\" src=\"https:\/\/zelking.grafikweb.eu\/wp-content\/uploads\/2011\/01\/steine.jpg\" height=\"204\" width=\"404\" \/><\/div>\n<div style=\"text-align: center;\"><span style=\"color: #000000;\"><span style=\"font-size: 14px;\">Sehr viel Gestein liegt \u00fcberall im Hiesberg (so wie dieses) herum<\/p>\n<p> <\/span><\/span><img loading=\"lazy\" decoding=\"async\" class=\" size-full wp-image-117\" alt=\"\" src=\"https:\/\/zelking.grafikweb.eu\/wp-content\/uploads\/2011\/01\/stein%20b.jpg\" height=\"268\" width=\"404\" \/><br \/> <span style=\"color: #000000;\"><span style=\"font-size: 14px;\"> <\/span><\/span><span style=\"color: #000000;\"><span style=\"font-size: 14px;\">Gr\u00f6\u00dferer Gesteinsblock nahe dem <span style=\"font-size: 14px;\">\u201eWei\u00dfen Stein\u201c<\/span><\/span><\/span><span style=\"color: #000000;\"><span style=\"font-size: 14px;\"><span style=\"color: #000000;\"><span style=\"font-size: 14px;\"><span style=\"color: #000000;\"><span> <span style=\"color: #000000;\">(April 2013)<\/p>\n<p> <\/span><\/span><\/span><\/span><\/span><\/span><\/span><img loading=\"lazy\" decoding=\"async\" class=\" size-full wp-image-118\" alt=\"\" src=\"https:\/\/zelking.grafikweb.eu\/wp-content\/uploads\/2011\/01\/stein%20c.jpg\" width=\"333\" height=\"500\" \/><br \/> <span style=\"color: #000000;\"><span style=\"font-size: 14px;\"><span style=\"color: #000000;\"><span style=\"font-size: 14px;\"><span style=\"color: #000000;\"><span> <\/span><\/span><\/span><\/span><\/span><\/span><span style=\"color: #000000;\"><span style=\"font-size: 14px;\"><span style=\"font-size: 14px;\">Wie mag dieser <span style=\"font-size: 14px;\">\u201eGipfelstein\u201c wohl noch <span style=\"font-size: 14px;\"><span style=\"font-size: 14px;\"><span style=\"font-size: 14px;\">vor<\/span><\/span><\/span> hunderttausendenden Jahren ausgesehen haben?<\/span><\/span><\/span><\/span><span style=\"color: #000000;\"><span style=\"font-size: 14px;\"><span style=\"color: #000000;\"><span style=\"font-size: 14px;\"><span style=\"color: #000000;\"><span> <\/span><\/span><\/span><\/span><\/p>\n<p> <\/span><\/span><span style=\"color: #000000;\"><span style=\"font-size: 14px;\"><span style=\"font-size: 14px;\"><span style=\"color: #000000;\"><img loading=\"lazy\" decoding=\"async\" class=\" size-full wp-image-119\" alt=\"\" src=\"https:\/\/zelking.grafikweb.eu\/wp-content\/uploads\/2011\/01\/blume%200.jpg\" width=\"333\" height=\"500\" \/><br \/> <\/span><\/span><\/span><\/span><span style=\"color: #000000;\"><strong><span style=\"font-size: 14px;\"><span style=\"font-size: 14px;\">Die Wei\u00dfe Pestwurz<\/span><\/span><\/strong><span style=\"font-size: 14px;\"><span style=\"font-size: 14px;\"> (<i>Petasites albus)&nbsp;<\/i> <\/span><\/span><\/span><\/div>\n<div style=\"text-align: center;\"><span style=\"color: #000000;\"><span style=\"font-size: 14px;\"><span style=\"font-size: 14px;\">Aufgenommen im Hiesberggebiet (Pichler, PA)<br \/> <i> <\/i>Wolfgang Schweighofer. Die Flora des Bezirkes Melk (mit <\/span><\/span><\/span><span style=\"color: #000000;\"><span style=\"font-size: 14px;\"><span style=\"font-size: 14px;\"><span style=\"color: #000000;\"><span style=\"font-size: 14px;\">zahlreiche <\/span><\/span><\/span><\/span><\/span><span style=\"color: #000000;\"><span style=\"font-size: 14px;\"><span style=\"font-size: 14px;\"><span style=\"color: #000000;\"><span style=\"font-size: 14px;\">Beschreibungen und Abbildungen von<\/span><\/span> Gef\u00e4\u00dfpflanzen).<br \/> Beitr\u00e4ge zur Bezirkskunde Melk. Band I (Beschreibung auf Seite 244)<br \/> Eigent\u00fcmer, Herausgeber und Verleger:<br \/> Kuratorium zur Herausgabe einer Bezirkskunde f\u00fcr den Bezirk Melk. \u00a9 beim Herausgeber<\/span><\/span><\/span><span style=\"color: #000000;\"><span style=\"font-size: 14px;\"><span style=\"color: #000000;\">. Melk 2001<\/span><br \/> <\/span><\/span><br \/> <span style=\"font-size: 14px;\"> <\/span><\/div>\n<div style=\"text-align: justify;\">&nbsp;<\/div>\n<div style=\"text-align: justify;\">&nbsp;<\/div>\n<div style=\"text-align: center;\"><span style=\"font-size: 16px;\"><span style=\"color: #000000;\"><strong>Die ehemalige Feste Hirsberg<\/strong><\/span><\/span><\/div>\n<div style=\"text-align: justify;\">\n<p> <span style=\"font-size: 14px;\"><span style=\"color: #000000;\">Auf der s\u00fcdlichen Seite des Hiesberges (Gemeindegebiet von St. Leonhard am Forst), lag die ehem. Kleinbefestigung Hirsberg.<br \/> <\/span><\/span><\/div>\n<div>&nbsp;<\/div>\n<div style=\"text-align: justify;\"><span style=\"font-size: 14px;\"><span style=\"color: #000000;\">Ab etwa die Mitte des 12. Jahrhunderts erscheinen immer wieder Gefolgsleute der Grafen von Peilstein, die sich von Hirzesperch, Hirzperch, Hirzperge nannten.<br \/> Erw\u00e4hnung in: STADTBUCH MELK 1998, Seite 690<\/p>\n<p> Im sogenannten Marchgraben (March = Grenze), auf einer noch jetzt den Namen \u201eSchlosskogel\u201c f\u00fchrenden Anh\u00f6he, bemerkt man das mit Gestr\u00fcpp umgebene unregelm\u00e4\u00dfige Viereck einer von Wall und Graben umgebene Stelle, auf der die Burg \u201eHirsberg\u201c gestanden ist, deren Besitzer als Dienstmannen der Peilsteiner aufschienen.<br \/> Dieser Burg verdankt der Berg seinen Namen. Die jetzt \u00fcbliche \u201eoffizielle\u201c Schreibung \u201eHiesberg\u201c entbehrt jeder vern\u00fcnftigen Erkl\u00e4rung.<br \/> Der Hiesberg bildet durch seine Lage und seinem Waldreichtum eine Anziehung f\u00fcr unsere Gewitter, die ihm sehr gerne folgen und sich \u00fcber ihm entladen.<br \/> Mehr als 6 km\u00b2 seines Waldbestandes sind Eigentum des Stiftes Melk.<br \/> Im Westen wird der Hiesberg von der Melk umflossen, welche gleichzeitig die b\u00f6hmische Masse in seiner schmalen Pforte durchbricht, die nur dem Flu\u00df und der Stra\u00dfe Raum l\u00e4sst (\u201eDiemling\u201c).<br \/> Die Siedlungen sind hier an die Talweitungen gebunden, die das Wasser begleiten, das von Mannersdorf an in nord\u00f6stlicher Richtung seiner M\u00fcndung naht. Rechts flankiert die Talsohle der Steilhang des Hiesberges, links sind es der Eichberg, der Hochstrassberg und der Matzleinsdorfer Kogel. In der von \u00dcberschwemmungen stark ausgesetzten Talsohle, welche die M\u00e4ander des Wasserlaufes durchschl\u00e4ngeln, liegen Zelking und Matzleinsdorf.<br \/> Entnommen aus: Heimatkunde des Bezirkes Melk von L. G. Ricek Wien 1912, Seite 110\/111<\/p>\n<p> <\/span><\/span><\/div>\n","protected":false},"excerpt":{"rendered":"<p>&nbsp; Der Hiesberg (558 m \u00fcber dem Meer) Gegen\u00fcber dem M\u00fcllnerkogel befindet sich am Nordabhang des Hiesberges der \u201eWei\u00dfe Stein\u201c, welcher vermutlich einstmals ein Grenzstein (Kult-, Sagenstein) gewesen sein k\u00f6nnte. Der deutsche Kaufmann Samo (verdeutscht Alleinherrscher) aus dem Frankenlande gr\u00fcndete ein slawisches Reich, welches bis in unsere Gegend reichte. Er regierte von 624\u2013658. Nach seinem [&hellip;]<\/p>\n","protected":false},"author":2,"featured_media":110,"comment_status":"open","ping_status":"open","sticky":false,"template":"","format":"standard","meta":{"footnotes":""},"categories":[52],"tags":[],"class_list":["post-120","post","type-post","status-publish","format-standard","has-post-thumbnail","hentry","category-der-hiesberg"],"_links":{"self":[{"href":"https:\/\/zelking.grafikweb.eu\/index.php?rest_route=\/wp\/v2\/posts\/120","targetHints":{"allow":["GET"]}}],"collection":[{"href":"https:\/\/zelking.grafikweb.eu\/index.php?rest_route=\/wp\/v2\/posts"}],"about":[{"href":"https:\/\/zelking.grafikweb.eu\/index.php?rest_route=\/wp\/v2\/types\/post"}],"author":[{"embeddable":true,"href":"https:\/\/zelking.grafikweb.eu\/index.php?rest_route=\/wp\/v2\/users\/2"}],"replies":[{"embeddable":true,"href":"https:\/\/zelking.grafikweb.eu\/index.php?rest_route=%2Fwp%2Fv2%2Fcomments&post=120"}],"version-history":[{"count":0,"href":"https:\/\/zelking.grafikweb.eu\/index.php?rest_route=\/wp\/v2\/posts\/120\/revisions"}],"wp:featuredmedia":[{"embeddable":true,"href":"https:\/\/zelking.grafikweb.eu\/index.php?rest_route=\/wp\/v2\/media\/110"}],"wp:attachment":[{"href":"https:\/\/zelking.grafikweb.eu\/index.php?rest_route=%2Fwp%2Fv2%2Fmedia&parent=120"}],"wp:term":[{"taxonomy":"category","embeddable":true,"href":"https:\/\/zelking.grafikweb.eu\/index.php?rest_route=%2Fwp%2Fv2%2Fcategories&post=120"},{"taxonomy":"post_tag","embeddable":true,"href":"https:\/\/zelking.grafikweb.eu\/index.php?rest_route=%2Fwp%2Fv2%2Ftags&post=120"}],"curies":[{"name":"wp","href":"https:\/\/api.w.org\/{rel}","templated":true}]}}