{"id":168,"date":"2011-01-23T16:06:23","date_gmt":"2011-01-23T16:06:23","guid":{"rendered":"https:\/\/zelking.com\/2011\/01\/23\/interessante-gebaeude\/"},"modified":"2011-01-23T16:06:23","modified_gmt":"2011-01-23T16:06:23","slug":"interessante-gebaeude","status":"publish","type":"post","link":"https:\/\/zelking.grafikweb.eu\/?p=168","title":{"rendered":"Interessante Geb\u00e4ude"},"content":{"rendered":"<div style=\"text-align: justify;\"><span style=\"font-size: 14px;\"><br \/> <\/span><span style=\"font-size: 14px;\"><span style=\"color: #000000;\"><br \/> <\/span><\/span><\/div>\n<p>&nbsp;<\/p>\n<div style=\"text-align: center;\">\n<div style=\"text-align: justify;\">\n<div style=\"text-align: center;\">\n<div style=\"text-align: center;\"><span style=\"font-size: 14px;\"><span style=\"color: #000000;\"> <\/span><\/span> <span style=\"color: #000000;\"> <\/span><span style=\"font-size: 20px;\"><span style=\"color: #ff0000;\"><strong>Zelking<\/strong><\/span><\/span><span style=\"color: #000000;\"><em><span style=\"font-size: 14px;\"><\/p>\n<p> <\/span><\/em><\/span><em><span style=\"font-size: 14px;\"><br \/><\/span><\/em><em><span style=\"font-size: 14px;\"> &nbsp; <\/span><\/em><span style=\"color: #000000;\"><span style=\"font-size: 18px;\"><strong>Bauer-M\u00fchle\/S\u00e4gewerk<\/strong><\/span><span style=\"font-size: 14px;\"><br \/> (M\u00fchlenbetrieb und S\u00e4gewerk l\u00e4ngst eingestellt!)<br \/> Mankerstra\u00dfe 34<\/p>\n<p> <\/span><img loading=\"lazy\" decoding=\"async\" class=\" size-full wp-image-147\" style=\"width: 321px; height: 240px;\" alt=\"\" src=\"https:\/\/zelking.grafikweb.eu\/wp-content\/uploads\/2011\/01\/bauer-mhle.jpg\" width=\"400\" height=\"301\" srcset=\"https:\/\/zelking.grafikweb.eu\/wp-content\/uploads\/2011\/01\/bauer-mhle.jpg 400w, https:\/\/zelking.grafikweb.eu\/wp-content\/uploads\/2011\/01\/bauer-mhle-300x226.jpg 300w\" sizes=\"auto, (max-width: 400px) 100vw, 400px\" \/><span style=\"font-size: 14px;\"><br \/> <\/span><\/span><\/div>\n<div style=\"text-align: justify;\">\n<div style=\"text-align: center;\"><span style=\"font-size: 14px; color: #000000;\">Aquarell von der ehemaligen Bauer-M\u00fchle <\/span><\/div>\n<div style=\"text-align: center;\"><span style=\"font-size: 14px; color: #000000;\">(1997 von Frau Melanie Fr\u00f6schl bei den erstem Malertagen in der Gemeinde Zelking-Matzleinsdorf gemalt <\/span><\/div>\n<div style=\"text-align: center;\"><span style=\"color: #000000;\"><span style=\"font-size: 14px;\">und als Geschenk zur Verf\u00fcgung gestellt <\/span><span style=\"font-size: 14px;\">\u2013<\/span><span style=\"font-size: 14px;\"> vielen Dank daf\u00fcr) <br \/> <\/span><\/span><\/div>\n<\/p><\/div>\n<div style=\"text-align: center;\"><span style=\"color: #000000;\">&nbsp;<\/span><\/div>\n<div style=\"text-align: justify;\">\n<div style=\"text-align: center;\"><span style=\"font-size: 14px; color: #000000;\"><br \/> <\/span><\/div>\n<div style=\"text-align: justify;\"><span style=\"color: #000000;\"> <span style=\"font-size: 14px;\">(*) Conrad der <\/span><span style=\"font-size: 14px;\">Weichselbeck, Mitbesitzer der Burg Ofenbach, vermacht am 1. Oktober 1294 in Zelking seine M\u00fchle und eine Hofstatt zu Ofenbach dem Stift Seitenstetten. Bis zu seinem Tode jedoch beh\u00e4lt er die M\u00fchle und Hofstatt als Leibpacht um einen j\u00e4hrlichen Dienst von 60 Pfennigen (FRA II 33, Seite 117).<br \/> (* Entnommen aus: Engelbert Grubner. Oberndorfer H\u00e4userbuch. Oberndorf 1996, Seite 440)<\/span><\/span><\/p>\n<p><span style=\"color: #000000;\"> &nbsp;<\/span><\/div>\n<div style=\"text-align: justify;\"><span style=\"color: #000000;\"><span style=\"font-size: 14px;\">Urspr\u00fcnglich bestand nur das heutige Wohnhaus und war ein Wirtshaus. Die Holzdecke im Saal aus dem Jahre 1756 besteht noch.&nbsp;<br \/> Der letzte Besitzer hie\u00df Schopf.<\/p>\n<p> 1892 Besitzer Adolf Angst. Die Wasserkraft wurde im Wasserbuch (Bezirkshauptmannschaft Melk) eingetragen. Wasserrad und M\u00fchle wurden dr\u00fcber der Stra\u00dfe erbaut <\/span><span style=\"font-size: 14px;\">\u2013<\/span><span style=\"font-size: 14px;\"> ein Stockwerk hoch.<br \/> Die heutige Mankerstr. ging durch die heutige Einfahrt und den Hof (bis ca. 1910).<br \/> Ca. 1918 kaufte Franz Wiesner die M\u00fchle und S\u00e4ge mit Venezianergatter.<br \/> 1922 wurde vom Wasserrad auf Turbine umgestellt und etwa 25 PS an Leistung erreicht. Es wurde eine Dynamo-Lichtmaschine eingebaut, die Gleichstrom erzeugte, der nach Zelking, Mannersdorf und Hofstetten geliefert wurde.<br \/> 1924 wurde die M\u00fchle umgebaut und um ein zweites Stockwerk erh\u00f6ht.<br \/> 1926 kauften Johann und Johanna Bauer die M\u00fchle und S\u00e4ge von Herrn Wiesner.<br \/> 1928 brannte die S\u00e4ge ab. <br \/> <\/span><\/span><\/div>\n<div style=\"text-align: center;\"><span style=\"font-size: 14px; color: #000000;\"> <\/p>\n<p> <\/span><\/div>\n<div style=\"text-align: center;\"><span style=\"color: #000000;\"><img loading=\"lazy\" decoding=\"async\" class=\" size-full wp-image-148\" style=\"width: 211px; height: 130px;\" alt=\"\" src=\"https:\/\/zelking.grafikweb.eu\/wp-content\/uploads\/2011\/01\/saegewerk_alt1.jpg\" width=\"210\" height=\"130\" \/><\/span><br \/><span style=\"font-size: 14px; color: #000000;\"> Venezianergatter (aus Wikimedia.org)<\/span><\/div>\n<div style=\"text-align: center;\"><span style=\"font-size: 14px; color: #000000;\"><\/p>\n<p> <\/span><\/div>\n<div style=\"text-align: justify;\"><span style=\"color: #000000;\"><span style=\"font-size: 14px;\">Es wurde von Venezianergatter auf Vollgatter umgebaut.<br \/> 1929 war ein gro\u00dfes Hochwasser.<br \/> 1942 wurde die M\u00fchle um ein weiteres Stockwerk erh\u00f6ht.<br \/> 1953 verst\u00e4rkte man im Zuge der Melkregulierung die <\/span><span style=\"font-size: 14px;\">\u201e<\/span><span style=\"font-size: 14px;\">Bauer-Wehr<\/span><span style=\"font-size: 14px;\">\u201c<\/span><span style=\"font-size: 14px;\">.<br \/> 1959 abermals ein gro\u00dfes Hochwasser.<\/span><\/span><br \/><span style=\"font-size: 14px; color: #000000;\"> 1977 erfolgte ein Zusammenschlu\u00df vom Klein-Wasserkraftwerk mit der NEWAG.<br \/> 2003 baute man eine Fischaufstiegshilfe in die Wehr ein.<br \/> <\/span><\/div>\n<div style=\"text-align: justify;\"><span style=\"color: #000000;\"><span style=\"font-size: 14px;\">(Diese Angaben wurden freundlicherweise von Herrn Johann Bauer zVg.)<\/p>\n<p> Durch Kauf der Geb\u00e4uden sind seit 1. J\u00e4nner 2007 Peter &amp; Susanne Plutsch Besitzer <\/p>\n<p> In einem Nebengeb\u00e4ude dieser ehemaligen M\u00fchle befindet sich seit 2011 (siehe Innovationen <\/span><span style=\"font-size: 14px;\">\u2013 <\/span><span style=\"font-size: 14px;\">www.antikmuehle.a<\/span><span style=\"font-size: 14px;\">t) ein Schau- und Verkaufsraum f\u00fcr Antiquit\u00e4ten<\/span><\/span><\/div>\n<div style=\"text-align: center;\"><span style=\"color: #000000;\"> <img loading=\"lazy\" decoding=\"async\" class=\" size-full wp-image-149\" style=\"width: 457px; height: 240px;\" alt=\"\" src=\"https:\/\/zelking.grafikweb.eu\/wp-content\/uploads\/2011\/01\/stromrechnung%20bauer.jpg\" width=\"600\" height=\"316\" \/><\/span><br \/><span style=\"color: #000000;\"> <span style=\"font-size: 14px;\">Stromrechnug vom J\u00e4nner 1930 (<\/span><span style=\"font-size: 14px;\">\u201e<\/span><span style=\"font-size: 14px;\">Elektrizit\u00e4tswerk<\/span><span style=\"font-size: 14px;\">\u201c<\/span><span style=\"font-size: 14px;\">-Bauer)<\/span><\/span><\/div>\n<\/p><\/div>\n<div style=\"text-align: center;\"><span style=\"color: #000000;\"><em><span style=\"font-size: 14px;\"><\/p>\n<p> <\/span><\/em><\/span><\/div>\n<div><span style=\"color: #000000;\"><span style=\"font-size: 18px;\"><strong>Der \u201eSeitenstettnerhof\u201c<\/strong><\/span><span style=\"font-size: 18pt;\"> <\/span> <span style=\"font-size: 14px;\"> <\/span><\/span><\/div>\n<\/p><\/div>\n<div style=\"text-align: center;\"><span style=\"font-size: 14px; color: #000000;\">&nbsp;Am Steinla 4 <\/span><br \/><span style=\"color: #000000;\"> (Vierkantbauerhof)<\/span><\/div>\n<div style=\"text-align: justify;\">\n<div><span style=\"font-size: 14px; color: #000000;\"><br \/> <\/span><\/div>\n<div><span style=\"font-size: 14px; color: #000000;\"> <br \/> <\/span><\/div>\n<div style=\"text-align: center;\"><span style=\"color: #000000;\"><img loading=\"lazy\" decoding=\"async\" class=\" size-full wp-image-150\" style=\"width: 370px; height: 106px;\" alt=\"\" src=\"https:\/\/zelking.grafikweb.eu\/wp-content\/uploads\/2011\/01\/zuser.jpg\" width=\"500\" height=\"145\" srcset=\"https:\/\/zelking.grafikweb.eu\/wp-content\/uploads\/2011\/01\/zuser.jpg 500w, https:\/\/zelking.grafikweb.eu\/wp-content\/uploads\/2011\/01\/zuser-300x87.jpg 300w\" sizes=\"auto, (max-width: 500px) 100vw, 500px\" \/><\/span><br \/><span style=\"color: #000000;\"> <span style=\"font-size: 10pt;\">Der ehemalige \u201eSeitenstettnerhof\u201c<\/span> <span style=\"font-size: 14px;\">\u2013 Inhaber: Frau Antonia Zuser<\/span><span style=\"font-size: 14px;\"> <\/span><span style=\"font-size: 14px;\">(Aufgenommen 1999) &#8230;<\/span><\/span><br \/><span style=\"color: #000000;\"> &nbsp;<\/span><\/div>\n<div style=\"text-align: justify;\"><span style=\"color: #000000;\">&nbsp;<\/span><\/div>\n<div style=\"text-align: center;\"><span style=\"color: #000000;\"><span style=\"font-size: 14px;\"> <\/span><img loading=\"lazy\" decoding=\"async\" class=\" size-full wp-image-151\" style=\"width: 365px; height: 243px;\" alt=\"\" src=\"https:\/\/zelking.grafikweb.eu\/wp-content\/uploads\/2011\/01\/meierhof%20z.jpg\" width=\"588\" height=\"392\" \/><\/span><br \/><span style=\"font-size: 10pt; color: #000000;\"> &#8230; und Aufnahme vom Oktober 2010 (frisch verputzt und gef\u00e4rbelt)<\/span><\/p>\n<p><span style=\"font-size: 14px; color: #000000;\"> <br \/> <\/span><\/div>\n<div><span style=\"color: #000000;\"><span style=\"font-size: 14px;\"> (*) 626. Feodum apud curiam, que dicitur Ampthof\u00b9 70 denarios, caseos 4 valentes 14 denarios, ova 20, pullos 2 (*U II 622<\/span><span style=\"font-size: 14px;\">\u2013636, Seite<\/span><span style=\"font-size: 14px;\"> 219).<\/span><\/span><\/div>\n<div><span style=\"font-size: 14px; color: #000000;\">626 \u00b9 Der Name ist heute unbekannt, vielleicht war dies einer der beiden unter U II 645 und 647 genannten Meierh\u00f6fe.<\/span><\/div>\n<div><span style=\"color: #000000;\"><span style=\"font-size: 14px;\">645. Superior curia Sifridi\u00b9 frumenti 75 metretas, avene 45 metretas, ordei 15 metretas, porcos 3 valentes 12 solidos denariorum, pullos 10, aucas 5, centum ova (* U II 637<\/span><span style=\"font-size: 14px;\">\u2013<\/span><span style=\"font-size: 14px;\">648, S. 220).<\/span><\/span><\/div>\n<div><span style=\"font-size: 14px; color: #000000;\">645. \u00b9 Der Tradition nach gab es in Zelking zwei Meierh\u00f6fe, der eine, am Nordrand des Ortes, war der <strong>Seitenstettnerhof,<\/strong> der andere, unter der Burg, geh\u00f6rte zur dortigen Grundherrschaft, war aber nach dem Haupturbarium 1632, 533, ebenfalls nach Seitenstetten dienstpflichtig. Nach dem Hinweis unter U II 646 hatten jedoch die Besitzer der beiden Kurien damals nicht die Funktion eines Meiers oder Amtmannes ausge\u00fcbt. Vielleicht sa\u00df der Amtmann auf dem unter U II 646 (* Seite 220) genannten Ampthof, der seine Abgaben aber anscheinend nicht an das Kloster entrichten mu\u00dfte, da er im Urbar nicht aufscheint. Entweder war er dem Pfarrer bzw. der Kirche in Zelking dienstpflichtig oder er besa\u00df keinen Grund und Boden.<\/span><\/div>\n<div><span style=\"color: #000000;\"><span style=\"font-size: 14px;\">646. Item officiale tenentur dare ad prandium frumenti 6 metretas, avene 6 metretas et 60 denarios (* U II 637<\/span><span style=\"font-size: 14px;\">\u2013<\/span><span style=\"font-size: 14px;\">648, S. 220).<\/span><\/span><\/div>\n<div><span style=\"font-size: 14px; color: #000000;\">647. Inferior curia Perchtoldi\u00b9 frumenti 75 metretas, avene 45 metretas, ordei 15 metretas, porcos 3 valentes 12 solidos denariorum, pullos 10, aucas 5, centum ova. Et officiali ad prandium frumenti 6 metretas, avene 6 metretas et 60 denarios et karratam 1 feni (* U II S. 220).<\/span><\/div>\n<div><span style=\"font-size: 14px; color: #000000;\">647. \u00b9 Vgl. U II 645\u00b9.<\/span><\/div>\n<div><span style=\"font-size: 14px; color: #000000;\">(* \u00d6STERREICHISCHE URBARE, III. Abteilung URBARE GEISTLICHER GRUNDHERRSCHAFTEN, I. BAND DIE MITTELALTERLICHEN STIFTSURBARE NIEDER\u00d6STERREICHS, III. TEIL, SEITENSTETTEN, Wien 1977)<\/span><\/div>\n<\/p><\/div>\n<div style=\"text-align: justify;\"><span style=\"color: #000000;\"><span style=\"font-size: 14px;\"><br \/> Neben dem <\/span><span style=\"font-size: 14px;\">\u201e<\/span><span style=\"font-size: 14px;\">Seitenstettnerhof<\/span><span style=\"font-size: 14px;\">\u201c<\/span><span style=\"font-size: 14px;\"> (ein m\u00e4chtiges Vierkantgeb\u00e4ude), gab es noch im Ortsteil Gassen einen zweiten, heute nicht mehr bestehenden (auch ein Seittensttetener Lehen), aber zur Burg (zum Schloss) Zelking geh\u00f6renden Meierhof.<\/p>\n<p> <\/span><\/span><\/div>\n<div style=\"text-align: center;\"><span style=\"color: #000000;\"><img loading=\"lazy\" decoding=\"async\" class=\" size-full wp-image-152\" style=\"width: 206px; height: 193px;\" alt=\"\" src=\"https:\/\/zelking.grafikweb.eu\/wp-content\/uploads\/2011\/01\/meierhof%20b.jpg\" width=\"503\" height=\"471\" \/> <img loading=\"lazy\" decoding=\"async\" class=\" size-full wp-image-153\" style=\"width: 211px; height: 193px;\" alt=\"\" src=\"https:\/\/zelking.grafikweb.eu\/wp-content\/uploads\/2011\/01\/meierhof%20a.jpg\" width=\"743\" height=\"687\" \/>&nbsp;<\/span><\/div>\n<div style=\"text-align: center;\"><span style=\"font-size: 14px; color: #000000;\">Restgeb\u00e4ude vom ehemaligen Meierhof&nbsp; \u2013 jeweils Bildmitte unten<br \/> Ausschnitte aus Ansichtskarten (links von 1900, rechts um 1965)<br \/> <\/span><\/div>\n<div style=\"text-align: center;\"><span style=\"color: #000000;\"> <span style=\"font-size: 16px;\"><strong>Gassen (Ortsteil von Zelking)<\/strong><\/span><\/span><\/p>\n<p><span style=\"color: #000000;\"> &nbsp;<\/span><\/div>\n<div style=\"text-align: justify;\">\n<div style=\"text-align: center;\"><span style=\"color: #000000;\"><span style=\"font-size: 18px;\"><strong>Nr. 3<\/strong><\/span><span style=\"font-size: 10pt;\"><br \/> <\/span><\/span><\/div>\n<div style=\"text-align: center;\"><span style=\"font-size: 14px; color: #000000;\">(ehemaliges Erholungsheim)<br \/> <\/span><\/div>\n<div style=\"text-align: center;\"><span style=\"font-size: 14px; color: #000000;\"> <br \/> <\/span><\/div>\n<div style=\"text-align: center;\"><span style=\"color: #000000;\"> <img loading=\"lazy\" decoding=\"async\" class=\" size-full wp-image-154\" style=\"width: 339px; height: 130px;\" alt=\"\" src=\"https:\/\/zelking.grafikweb.eu\/wp-content\/uploads\/2011\/01\/gassen%201.jpg\" width=\"500\" height=\"193\" \/><\/span><br \/><span style=\"color: #000000;\"> Aufnahme von 1935<\/span><\/div>\n<div><span style=\"color: #000000;\"> &nbsp;<\/span><\/div>\n<div><span style=\"color: #000000;\">Kaufvertrag vom 11. Juli 1922 zugunsten der Anglo-Austrian Bank Ltd. Niederlassung Wien.<\/span><\/div>\n<div><span style=\"color: #000000;\">12. 1. 1940&nbsp; Eigentumseinverleibung f\u00fcr Wirtschaftsverein der Angestellten der \u00d6sterreichischen Creditanstalt Wiener Bankverein r. G. m. b. H.<\/span><\/div>\n<div><span style=\"color: #000000;\">19. 8. 19(?)9&nbsp; \u00c4nderung in: Erholungsheim der Bankgehilfen der ehem. Anglo-Bank und der Creditanstalt Wiener Bankverein r. G. m. b. H.<\/span><\/div>\n<div><span style=\"color: #000000;\">4. Nov. 1964&nbsp; Auf Grund des Auszuges aus dem Genossenschaftsregister &amp; der HG. Wien vom 20. 10. 1964 wird die \u00c4nderung des Firmenwortlautes in \u201eWirtschaftsverein der Angestellten der Creditanstalt-Bankverein registrierte Genossenschaft mit beschr\u00e4nkter Haftung\u201c angemerkt.<\/span><\/div>\n<\/p><\/div>\n<div style=\"text-align: justify;\"><span style=\"font-size: 14px; color: #000000;\"><br \/> <\/span><\/div>\n<p> <\/p>\n<div style=\"text-align: center;\"><span style=\"color: #000000;\"><img loading=\"lazy\" decoding=\"async\" class=\" size-full wp-image-155\" style=\"width: 325px; height: 240px;\" alt=\"\" src=\"https:\/\/zelking.grafikweb.eu\/wp-content\/uploads\/2011\/01\/gassen%202.jpg\" width=\"450\" height=\"332\" \/><\/span><br \/><span style=\"font-size: 14px; color: #000000;\"> Das Erholungsheim mit dem angebauten Speisesaal um 1965<\/span><\/div>\n<div style=\"text-align: center;\"><span style=\"color: #000000;\"><span style=\"font-size: 16px;\"><strong>Zelking-Ballade<\/strong><\/span><span style=\"font-size: 10pt;\"><\/p>\n<p> <\/span><span style=\"font-size: 14px;\">In Zelking N\u00e4he stehet am Walde<br \/> ein Haus, gelehnt an ewig gr\u00fcner Halde,<br \/> Creditanstalts Erholungsheim ist just sein Titel,<br \/> erhalten von der Bank geschenkter Mittel.<\/p>\n<p> Bestimmt, dass Mann und Weiblichkeit zum Wohle<br \/> an reicher Kost und guter Pflege sich erhole<br \/> und dass der Angestelltenschaft Erquickung b\u00f6te<br \/> das Heim in unsrer schweren Zeiten N\u00f6te.<\/p>\n<p> Sechs Frauen sorgen f\u00fcr die Pension\u00e4re<br \/> in K\u00fcche und Zimmer. Und zu ihrer Ehre<br \/> und ihrem Preis ich dies Gedicht verfasse<br \/> auf dass der Dank und die Erinnerung nie verblasse.<\/p>\n<p> Des Heimes Oberk\u00f6chin heisst nicht Herta,<br \/> o nein, sie hat den s\u00fc\u00dfen Namen Berta,<br \/> sie regt von fr\u00fch bis abends ihre H\u00e4nde<br \/> und f\u00fchrt ein strenges Regimente.<\/p>\n<p> Die gro\u00dfe Leopoldin ist oft vom Mehl weiss,<br \/> sie macht uns stets die gute Mehlspeis\u2019.<br \/> Gollatschen, Kn\u00f6del, Apfelstrudel<br \/> und fest gezuckerte Kartoffelnudel.<\/p>\n<p> Die kleine Leopoldin ist etwas j\u00fcnger,<br \/> die Villa ordnet sie mit zartem Finger,<br \/> sie unterst\u00fctzt Frau Graf sehr brav, indessen<br \/> tut sie die K\u00fcchenhilfe nicht vergessen.<\/p>\n<p> Wer sorgt f\u00fcr Kochsalat, Spinat und Bohnen,<br \/> mit lautem Lob soll man die Hehre lohnen,<br \/> besonders wenn sie Braten br\u00e4t, soll man bekennen<br \/> Frau Zitas hohe Kunst und K\u00f6nnen.<\/p>\n<p> Frau Buchegger, ein strammes Wesen,<br \/> regiert mit starker Hand den Besen,<br \/> bekriegt den Staub auf Stiegen und auf Gassen<br \/> Mitb\u00fcrger! Wehe, wenn sie losgelassen!<\/p>\n<p> Die Wirtschaft der Frau Graf ist auch nicht ohne<br \/> des Hauses Sauberkeit ist ihre Zone,<br \/> sie liebt die M\u00e4nner mehr als Frauen in manchen Sachen<br \/> weil ihr die M\u00e4nner weniger Arbeit machen.<\/p>\n<p> So sind in allen Dingen, allerwegen,<br \/> des Hauses Frauen ihm zum vollen Segen<br \/> und bleibt Herr Lehners Leitung auch bestehen<br \/> dann kann das sch\u00f6ne Heim nicht untergehen.<br \/> Viktor W\u00fcrflinger, Oktober 1947<br \/> <\/span><\/span><\/div>\n<div style=\"text-align: center;\"><span style=\"color: #000000;\"><span style=\"font-size: 14px;\"><\/p>\n<p> <\/span><img loading=\"lazy\" decoding=\"async\" class=\" size-full wp-image-156\" style=\"width: 150px; height: 186px;\" alt=\"\" src=\"https:\/\/zelking.grafikweb.eu\/wp-content\/uploads\/2011\/01\/wrflinger.jpg\" width=\"400\" height=\"494\" srcset=\"https:\/\/zelking.grafikweb.eu\/wp-content\/uploads\/2011\/01\/wrflinger.jpg 400w, https:\/\/zelking.grafikweb.eu\/wp-content\/uploads\/2011\/01\/wrflinger-243x300.jpg 243w\" sizes=\"auto, (max-width: 400px) 100vw, 400px\" \/><span style=\"font-size: 14px;\"><br \/> Herr Viktor W\u00fcrflinger<br \/> <\/span><\/span><\/div>\n<div style=\"text-align: justify;\">\n<div style=\"text-align: center;\">\n<div><span style=\"font-size: 14px; color: #000000;\"><br \/> <\/span><\/div>\n<div style=\"text-align: justify;\"><span style=\"color: #000000;\">&nbsp;<\/span><\/div>\n<div style=\"text-align: center;\"><span style=\"color: #000000;\"><img loading=\"lazy\" decoding=\"async\" class=\" size-full wp-image-157\" style=\"width: 220px; height: 236px;\" alt=\"\" src=\"https:\/\/zelking.grafikweb.eu\/wp-content\/uploads\/2011\/01\/gute%20geister.jpg\" width=\"356\" height=\"383\" \/><\/span><\/div>\n<div><span style=\"font-size: 14px; color: #000000;\">Die \u201esechs guten Geister\u201c anno dazumal<br \/> <\/span><\/div>\n<div style=\"text-align: justify;\"><span style=\"font-size: 14px; color: #000000;\"> <br \/> <\/span><\/div>\n<div style=\"text-align: justify;\"><span style=\"color: #000000;\">&nbsp;<\/span><\/div>\n<\/p><\/div>\n<div style=\"text-align: center;\"><span style=\"color: #000000;\"><span style=\"font-size: 18px;\"><strong>Nr. 7 <\/strong><\/span><span style=\"font-size: 10pt;\"><\/span><\/span><\/div>\n<div style=\"text-align: center;\"><span style=\"color: #000000;\">(ehemaliges Forst-, Jagd- und Beamtenhaus)<\/span><\/div>\n<div style=\"text-align: center;\"><span style=\"font-size: 14px; color: #000000;\"><br \/> <\/span><\/div>\n<div style=\"text-align: center;\"><span style=\"color: #000000;\"><span style=\"font-size: 14px;\"><br \/> <\/span><img loading=\"lazy\" decoding=\"async\" class=\" size-full wp-image-158\" style=\"width: 294px; height: 180px;\" alt=\"\" src=\"https:\/\/zelking.grafikweb.eu\/wp-content\/uploads\/2011\/01\/haus%201.jpg\" width=\"400\" height=\"246\" \/><span style=\"font-size: 14px;\"><br \/> Alte Aufnahme von 1920 (?) <\/span><\/span><\/div>\n<div><span style=\"font-size: 14px; color: #000000;\"> <\/p>\n<p> Gassen Nr. 7 gr\u00e4flich Harrach dann Heussenstamm\u2019sches Jagdhaus. Altbau \u00fcber T-f\u00f6rmigen Grundriss, zumindest der s\u00fcdliche Teil (hakenf\u00f6rmig) aus dem 16. Jahrhundert; grobe Bruchsteinmauer, unter dem barocken Rieselputz mit glatten Ortb\u00e4ndern wird eine farbig gefasste Sgraffitorahmung der Fenster und der Hauskanten sichtbar.<br \/> Teilentnahme aus: Franz Eppel Die Wachau, 1964, Seite 242<\/span><\/div>\n<\/p><\/div>\n<div style=\"text-align: justify;\"><span style=\"font-size: 14px; color: #000000;\"><br \/> <\/span><\/div>\n<div style=\"text-align: justify;\"><span style=\"color: #000000;\">&nbsp;<\/span><\/div>\n<div style=\"text-align: center;\"><span style=\"color: #000000;\"><img loading=\"lazy\" decoding=\"async\" class=\" size-full wp-image-159\" style=\"width: 320px; height: 240px;\" alt=\"\" src=\"https:\/\/zelking.grafikweb.eu\/wp-content\/uploads\/2011\/01\/haus%202.jpg\" width=\"400\" height=\"303\" \/><\/span><br \/><span style=\"color: #000000;\"> <span style=\"font-size: 14px;\">Das Haus mit heutigem Aussehen mit Sinzendorfwappen<\/span><span style=\"font-size: 14px;\"><br \/> <\/span><\/span><\/div>\n<div style=\"text-align: justify;\"><span style=\"font-size: 14px; color: #000000;\"> <\/span><br \/><span style=\"color: #000000;\"> &nbsp;<\/span><\/div>\n<div style=\"text-align: center;\"><span style=\"color: #000000;\"><img loading=\"lazy\" decoding=\"async\" class=\" size-full wp-image-160\" style=\"width: 179px; height: 175px;\" alt=\"\" src=\"https:\/\/zelking.grafikweb.eu\/wp-content\/uploads\/2011\/01\/sinzendorfwappen.jpg\" width=\"421\" height=\"414\" srcset=\"https:\/\/zelking.grafikweb.eu\/wp-content\/uploads\/2011\/01\/sinzendorfwappen.jpg 421w, https:\/\/zelking.grafikweb.eu\/wp-content\/uploads\/2011\/01\/sinzendorfwappen-300x295.jpg 300w\" sizes=\"auto, (max-width: 421px) 100vw, 421px\" \/><\/span><\/div>\n<div style=\"text-align: center;\"><span style=\"color: #000000;\"><span style=\"font-size: 14px;\">Wappen des Grafen Michael Johann Joachim von Sinzendorf (<\/span><span style=\"font-size: 14px;\">\u2020 <\/span><span style=\"font-size: 14px;\">1697)<br \/> Das Malen dieses Sinzendorfwappens war die erste Arbeit von Franz Knapp 1970 in Zelking<\/p>\n<p> <\/span><\/span><\/div>\n<div style=\"text-align: justify;\"><span style=\"color: #000000;\"> <span style=\"font-size: 14px;\">Dieser Wappenteil wurde f\u00fcr das <\/span><span style=\"font-size: 14px;\">\u201e<\/span><span style=\"font-size: 14px;\">Vier-Felder-Gemeindewappen<\/span><span style=\"font-size: 14px;\">\u201c<\/span><span style=\"font-size: 14px;\"> genommen (ohne die Grafenkrone, weil nur das Geschlecht <\/span><span style=\"font-size: 14px;\">[in diesem Falle Sinzendorf] und keine Einzelperson auf Wappenabbildungen aufscheinen darf).<\/span><\/span><\/div>\n<div style=\"text-align: center;\"><span style=\"font-size: 14px; color: #000000;\"> <br \/> <\/span><\/p>\n<p><span style=\"color: #000000;\"> <span style=\"font-size: 20px;\"><strong>Matzleinsdorf<\/strong><\/span><strong><span style=\"font-size: 16px;\"><br \/> <\/span><\/strong><\/span><\/div>\n<div><span style=\"font-size: 14px; color: #000000;\"> <\/span> <\/p>\n<div style=\"text-align: center;\"><span style=\"color: #000000;\"><span style=\"font-size: 18px;\"><strong>&nbsp;Schloss Matzleinsdorf<\/strong><\/span><strong><span style=\"font-size: 16px;\"><br \/> <\/span><\/strong><span style=\"font-size: 14px;\"><strong>\u201eEdelhof\u201c<\/strong><\/span><\/span><br \/><span style=\"font-size: 14px; color: #000000;\"> <br \/> <\/span><\/div>\n<div style=\"text-align: justify;\"><span style=\"color: #000000;\"><span style=\"font-size: 14px;\"><br \/> Der \u201eEdelhof\u201c (Schloss Matzleinsdorf, dessen Hauptfront sich im Garten befindet), brannte 1733 zur G\u00e4nze ab und wurde ab 1750 (*) neu erbaut.<br \/> Im Neubau (heutiger Baustil), wurde die 1750 errichtete Johannes Nepomuk-Kapelle neuerlich eingeweiht und unter Joseph II. entweiht, aber 1800 wieder geweiht und 1840 endg\u00fcltig aufgelassen.<\/span><span style=\"font-size: 14px;\"> <br \/> Das ehemalige Altarblatt aus der Schlosskapelle (<\/span><span style=\"font-size: 14px;\"><span style=\"font-family: Arial;\">\u201e<\/span>Verherrlichung des hl. Johannes von Nepomuk\u201c <\/span><span style=\"font-size: 14px;\">in pr\u00e4chtigem Rokokorahmen<\/span><span style=\"font-size: 14px;\">) befindet sich <\/span><span style=\"font-size: 14px;\">an der linken Chorwand der Pfarrkirche Zelking angebracht.<\/span><\/span><\/div>\n<div style=\"text-align: justify;\">\n<div style=\"text-align: justify;\"><span style=\"font-size: 14px; color: #000000;\"><\/p>\n<p> <\/span><\/div>\n<\/p><\/div>\n<div style=\"text-align: center;\"><span style=\"color: #000000;\"><img loading=\"lazy\" decoding=\"async\" class=\" size-full wp-image-161\" style=\"width: 357px; height: 240px;\" alt=\"\" src=\"https:\/\/zelking.grafikweb.eu\/wp-content\/uploads\/2011\/01\/28.jpg\" width=\"400\" height=\"267\" srcset=\"https:\/\/zelking.grafikweb.eu\/wp-content\/uploads\/2011\/01\/28.jpg 400w, https:\/\/zelking.grafikweb.eu\/wp-content\/uploads\/2011\/01\/28-300x200.jpg 300w\" sizes=\"auto, (max-width: 400px) 100vw, 400px\" \/><\/span><\/div>\n<div style=\"text-align: center;\"><span style=\"color: #000000;\"><span style=\"font-size: 14px;\">Der \u201eEdelhof\u201c (Schloss Matzleinsdorf), dessen heutiges Erscheinungsbild von (nach) <br \/> 1750 stammt. Er wurde unter dem ehemaligen St. P\u00f6ltner Baumeister Matthias Munggenast errichtet<br \/> Die Stra\u00dfenseitige Aufnahme ist aber die R\u00fcckseite des Geb\u00e4udes!<\/p>\n<p> <\/span><img loading=\"lazy\" decoding=\"async\" class=\" size-full wp-image-162\" style=\"width: 351px; height: 233px;\" alt=\"\" src=\"https:\/\/zelking.grafikweb.eu\/wp-content\/uploads\/2011\/01\/edelhof%201.jpg\" width=\"588\" height=\"392\" \/><span style=\"font-size: 14px;\"><br \/> <\/span><span style=\"font-size: 14px;\">Der <\/span><span style=\"font-size: 14px;\">\u201eEdelhof\u201c<\/span><span style=\"font-size: 14px;\"> 2011<\/span>.<span style=\"font-size: 14px;\"> Die R\u00fcckseitige Ansicht ist aber die Geb\u00e4udevorderseite!!!<\/span><\/span><\/div>\n<p> <\/p>\n<div style=\"text-align: justify;\"><span style=\"font-size: 14px; color: #000000;\"><br \/> <\/span><\/div>\n<div style=\"text-align: center;\"><span style=\"color: #000000;\"><strong><span style=\"font-size: 16px;\">Franz und Matthias Munggenast in Matzleinsdorf<\/span><\/strong><\/span><\/div>\n<div style=\"text-align: justify;\"><span style=\"color: #000000;\"><span style=\"font-size: 14px;\"><\/p>\n<p> Joseph Munggenast erblickte am 5. M\u00e4rz 1680 in Schann (Tirol) das Licht der Welt und verstarb am 3. Mai 1741 in St. P\u00f6lten. <br \/> Er war \u00f6sterreichischer Baumeister und ein Neffe von Jakob Prandtauer, der den Maurerjungen f\u00f6rderte und von dem er zeitlebens stilistisch stark beeinflusst blieb.<br \/> Munggenast war ab 1717 Maurermeister in St. P\u00f6lten und f\u00fchrte nach Prandtauers Tod (1726) dessen Projekte, vor allem Stift Melk, weiter.<\/p>\n<p> Nach dem Tode von Munggenast, f\u00fchrten den Betrieb dessen S\u00f6hne Franz und Matthias.<\/p>\n<p> <em>Lieber Herr Pichler, vielen Dank f\u00fcr Ihr Mail. Ich habe Sie im Netz nicht gefunden, und so habe ich die Antwort aufgeschoben. Aber Ihre Nachricht habe ich nat\u00fcrlich erhalten.&nbsp;Der Bau, um den es mir geht, finden Sie im Anhang <\/em><\/span><span style=\"font-size: 14px;\"><em>\u2013 i<\/em><\/span><span style=\"font-size: 14px;\"><em>st das der Edelhof? Jedenfalls schaut der Bau sehr nach Prandtauer aus. Allerdings habe ich inzwischen die Nachricht gefunden, dass&nbsp;Munggenast 1748 nach Matzleinsdorf f\u00e4hrt, weil die Gr\u00e4fin etwas dort bauen will \u2013 so die Nachricht. Vielleicht l\u00e4sst sich meine Frage damit beantworten. Munggenast steht ja Prandtauer durchaus nahe.<br \/> Den Pfarrhof etc. habe ich leider nicht angesehen; ich war zuletzt vor ein paar Jahren dort.&nbsp;Die Kirche war damals zu, da sie restauriert wurde.<br \/> \u00dcber eine Nachricht w\u00fcrde ich mich sehr freuen.<br \/> Viele Gr\u00fc\u00dfe, Ihre Huberta Weig<\/em>l<\/p>\n<p> In einer Mailanfrage von Frau MMag. Dr. Huberta Weigl (Wien) vom 2. Mai 2009, fragte diese betreffs des Edelhofes (Schloss Matzleinsdorf, Nr. 11 \u2013 heutige Stra\u00dfenbezeichnung Melkerstra\u00dfe 12) an (siehe obiges Mail), da der Baustil \u201ePrandtauer\u00e4hnlich\u201c sei. <\/p>\n<p> In meinem \u201eArchivsachen\u201c wurde folgendes festgestellt, die die untenstehende Erkl\u00e4rung (vorletzter Absatz) plausibel erscheinen l\u00e4sst, dass ein Munggenast Spuren hinterlassen hatte: Am 25. Juli 1733 brannten in Matzleinsdorf 14 H\u00e4user, darunter auch der Edelhof ab.<br \/> <\/span><span style=\"font-size: 14px;\">(*) <\/span><span style=\"font-size: 14px;\">Ab 1750 wurde das Geb\u00e4ude als Herrschaftswohnung mit einer (heute nicht mehr bestehenden) Kapelle des hl. Johannes von Nepomuk wieder aufgebaut. Da die Neuerrichtung von 1750 an erfolgt ist, aber Joseph Munggenast bereits 1741 verstarb, so wurde unter Matthias Munggenast \u2013 vermutlich nach Pl\u00e4nen seines Bruders das heutige Geb\u00e4ude errichtet (* Datei Ludwig Pichler).<br \/> &nbsp;<br \/> Das \u201eErgebnis\u201c: Weder Jakob Prandtauer hatte am Edelhof seine H\u00e4nde im Spiel, aber auch nicht Joseph Munggenast (Franz als Planender?), sondern Matthias Munggenast als Ausf\u00fchrender! <br \/> <\/span><\/span><\/div>\n<div style=\"text-align: center;\">\n<p><span style=\"color: #000000;\"> <img loading=\"lazy\" decoding=\"async\" class=\" size-full wp-image-163\" style=\"width: 376px; height: 240px;\" alt=\"\" src=\"https:\/\/zelking.grafikweb.eu\/wp-content\/uploads\/2011\/01\/edelhof.jpg\" width=\"400\" height=\"255\" srcset=\"https:\/\/zelking.grafikweb.eu\/wp-content\/uploads\/2011\/01\/edelhof.jpg 400w, https:\/\/zelking.grafikweb.eu\/wp-content\/uploads\/2011\/01\/edelhof-300x191.jpg 300w\" sizes=\"auto, (max-width: 400px) 100vw, 400px\" \/><\/span><br \/><span style=\"font-size: 14px; color: #000000;\"> Eingangsbereich vom Edelhof, der sich allerdings im Garten befindet!<br \/> (Ansichtskarte aus der II. Weltkriegszeit) <\/span><\/div>\n<div style=\"text-align: justify;\"><span style=\"color: #000000;\">&nbsp;<\/span><br \/><span style=\"color: #000000;\"> &nbsp;<\/span><\/div>\n<div style=\"text-align: justify;\"><span style=\"color: #000000;\"><span style=\"font-size: 14px;\">Im Nachhinein stellte sich heraus, dass Franz Munggenast (<\/span><span style=\"font-size: 14px;\">*<\/span><span style=\"font-size: 14px;\"> 23. J\u00e4nner 1724) mehrmals in Matzleinsdorf weilte, da er aber bereits am 11. Mai 1748 verstarb, so war sein Bruder Matthias (* 12. Februar 1729, \u2020 22. April 1798) f\u00fcr die Neuerrichtung des \u201eEdelhofs\u201c verantwortlich.<br \/> (**) Am 23. und 24. Februar (1748) war Franz Munggenast Gast bei der Konventtafel.<br \/> Franz Munggenast fuhr am 20. April wegen eines Baues, den die Gr\u00e4fin dort errichten will, nach Matzleinsdorf. Noch am 21. April speiste Franz Munggenast mit den Patres.<br \/> Matthias Munggenast kam am 3. Juni nach Melk (PE 12, 49 f., 91 und 109).<br \/> (**) Teilentnahme aus: Gerhard Flo\u00dfmann, Quellen zur Baugeschichte des Stiftes Melk, 1701<\/span><span style=\"font-size: 14px;\">\u2013<\/span><span style=\"font-size: 14px;\">1785, ms. Manuskript, Melk 1975, Stiftsarchiv Melk, ohne Signatur ([1]74818 = Jahresangabe 1748, Quellennummer 18).<br \/> In diesen Quellenangaben wird anstatt Munggenast mehrmals Munkenons, Munkenos oder Munkenost geschrieben. Frau MMag. Dr. Weigl erkl\u00e4rt dies so:<\/span><em><span style=\"font-size: 14px;\"> Es kommt immer wieder vor, dass K\u00fcnstler unterschiedlich geschrieben werden. Die Schreibweise im Falle von M. l\u00e4sst in mir den Verdacht aufkommen, dass der Schreiber den Namen nur vom H\u00f6ren kannte.<\/span><\/em><span style=\"font-size: 20px;\"><span style=\"font-size: 20px;\"><span style=\"font-size: 14px;\"><\/p>\n<p> <\/span><\/span><\/span><span style=\"font-size: 20px;\"><span style=\"font-size: 20px;\"><span style=\"font-size: 14px;\"><br \/> (*) \u00a7 13<br \/> <strong>Entweihung von Kirchen und Kapellen.<br \/> V. O. W. W. <\/strong>(= Viertel ober dem Wienerwald)<strong><br \/> <\/strong>Decanat Melk. <br \/> Kapelle im Edelhof zu Matzleinsdorf (zu&nbsp; execriren).&nbsp; <\/span><\/span><\/span><span style=\"font-size: 20px;\"><span style=\"font-size: 20px;\"><span style=\"font-size: 14px;\"><br \/> (execriren <\/span><\/span><\/span><span style=\"font-size: 20px;\"><span style=\"font-size: 20px;\"><span style=\"font-size: 14px;\">= entweihen)<br \/> <\/span><\/span><\/span><span style=\"font-size: 10pt;\"><span style=\"font-size: 14px;\">(* Teilentnahme aus: Geschichte des Bisthums St. P\u00f6lten, II. Band, 1876, Seite 69)<\/span><\/span><span style=\"font-size: 10pt;\"><span style=\"font-size: 14px;\"><\/p>\n<p> <\/span><\/span><\/span><\/div>\n<div style=\"text-align: center;\"><span style=\"color: #000000;\"><span style=\"font-size: 10pt;\"><span style=\"font-size: 14px;\"><br \/> <\/span><\/span><strong><span style=\"font-size: 14px;\">Der \u201eEdelhof\u201c<\/span><\/strong><span style=\"font-size: 14px;\"> <\/p>\n<p> <\/span><span style=\"font-size: 10pt;\"><span style=\"font-size: 14px;\"> <\/span><\/span><\/span><\/div>\n<div><span style=\"color: #000000;\"><span style=\"font-size: 14px;\">(*) Der \u201eEdelhof\u201c ist zumindest in der Neuzeit zu \u00be freies Eigen, zu \u00bc Lehen der Herrschaft Zelking gewesen. Schon 1276 erscheint ein <\/span><em><span style=\"font-size: 14px;\">\u201eOtto de Mezzeleinsdorf\u201c<\/span><\/em><span style=\"font-size: 14px;\"> in einer Urkunde der Br\u00fcder Zelking. 1567 verlieh zwar Paul Wilhelm von Zelking sein Viertel am Hof und Sitz Matzleinsdorf dem Sebastian Perk, doch konnte Johann Straub den Sitz seiner Familie zur\u00fcckgewinnen. Nach dem Tode des Paul Wilhelm von Zelking verzichteten seine Erben 1574 zugunsten der <\/span><em><span style=\"font-size: 14px;\">\u201eStraubischen Erben\u201c <\/span><\/em><span style=\"font-size: 14px;\">auf ihre Rechte als Lehensherren (Seite 150).<br \/> (1694 kam der Edelhof an die Herrschaft Zelking zur\u00fcck.)<br \/> (* Teilentnahmen aus: Rudolf B\u00fcttner. Burgen und Schl\u00f6sser <\/span><span style=\"font-size: 14px;\">\u2013<\/span><span style=\"font-size: 14px;\"> Dunkesteinerwald. c 1973 by BIRKEN-VERLAG \/ A 1060 Wien. Seite 150) <\/span><\/span><\/div>\n<div style=\"text-align: center;\"><span style=\"color: #000000;\"><span style=\"font-size: 10pt;\"><span style=\"font-size: 14px;\"> <\/span><\/span><span style=\"font-size: 10pt;\"><span style=\"font-size: 14px;\"><br \/> <\/span><\/span><span style=\"font-size: 20px;\"><strong><span style=\"font-size: 20px;\"><span style=\"font-size: 14px;\"><br \/> <\/span><\/span><\/strong><\/span><img loading=\"lazy\" decoding=\"async\" class=\" size-full wp-image-164\" alt=\"\" src=\"https:\/\/zelking.grafikweb.eu\/wp-content\/uploads\/2011\/01\/rech%206.jpg\" width=\"417\" height=\"572\" \/><\/span><\/div>\n<div style=\"text-align: center;\"><span style=\"color: #000000;\"><span style=\"font-size: 14px;\">Rechnung \u00fcber Aufnahmen, Pl\u00e4ne &amp; Kostenvoranschlag behufs Aufstellung <br \/> eines Stockwerkes im Hoftrakt des Schlosses Matzleinsdorf<\/span><span style=\"font-size: 20px;\"><strong><span style=\"font-size: 14px;\"><br \/> <\/span><\/strong><\/span><\/span><\/div>\n<div style=\"text-align: justify;\"><span style=\"color: #000000;\">&nbsp;<\/span><\/div>\n<div><span style=\"color: #000000;\"><em><span style=\"font-size: 14px;\"> <br \/> <\/span><\/em><\/span><\/div>\n<div><span style=\"color: #000000;\">&nbsp;<\/span><\/div>\n<div style=\"text-align: center;\"><span style=\"font-size: 18px; color: #000000;\"><strong>Villa Heussenstamm<\/strong><\/span><\/p>\n<p><span style=\"color: #000000;\"> <img loading=\"lazy\" decoding=\"async\" class=\" size-full wp-image-165\" style=\"width: 388px; height: 240px;\" alt=\"\" src=\"https:\/\/zelking.grafikweb.eu\/wp-content\/uploads\/2011\/01\/10.jpg\" width=\"400\" height=\"248\" srcset=\"https:\/\/zelking.grafikweb.eu\/wp-content\/uploads\/2011\/01\/10.jpg 400w, https:\/\/zelking.grafikweb.eu\/wp-content\/uploads\/2011\/01\/10-300x186.jpg 300w\" sizes=\"auto, (max-width: 400px) 100vw, 400px\" \/><\/span><br \/><span style=\"font-size: 14px; color: #000000;\"> Villa Heussenstamm (derzeitige Besitzer Familie Volke)<\/p>\n<p> <\/span><\/div>\n<div style=\"text-align: center;\"><span style=\"font-size: 10pt;\"><span style=\"color: #000000;\">&nbsp;<\/span><span style=\"color: #000000;\"><br \/> <\/span><\/span> <\/p>\n<div style=\"text-align: justify;\"><span style=\"color: #000000; font-size: 10pt;\">Die um 1880 errichtete Villa \u201eHeussenstamm\u201c zeigt \u00fcber dem S\u00fcdportal das Wappen der Harrachs, welche die Herrschaft Zelking\/Matzleinsdorf bis 1902 innehatten. 1909 wurde die Villa von Graf Anton Heussenstamm erworben (das Geb\u00e4ude diente einstmals einige Jahre als Pension); heute im Privatbesitz und nicht zug\u00e4nglich.<\/span><\/div>\n<p> <span style=\"color: #000000;\"><span style=\"font-size: 14px;\"><\/span><\/span><\/div>\n<div style=\"text-align: center;\"><span style=\"color: #000000;\"><span style=\"font-size: 14px;\"><\/span><\/span><\/div>\n<div style=\"text-align: center;\"><span style=\"color: #000000;\"><span style=\"font-size: 14px;\"><\/span><\/span><\/div>\n<div style=\"text-align: center;\"><span style=\"color: #000000;\"><span style=\"font-size: 14px;\"><br \/> <\/span><span style=\"font-size: 20px;\"><strong>Mannersdorf<\/strong><\/span><span style=\"font-size: 16px;\"><strong><br \/> <span style=\"font-size: 14px;\">(Mannerdorf, und zur Katastralgemeinde Mannersdorf geh\u00f6rende Geb\u00e4ude)<\/span><\/strong><\/span><strong><span style=\"font-size: 16px;\"><br \/> <\/span><\/strong><\/span><\/p>\n<p><span style=\"color: #000000;\"> <span style=\"font-size: 18px;\"><strong>Ein\u00f6dm\u00fchl<\/strong><\/span><span style=\"font-size: 14px;\"><br \/> (Hofstetten Nr. 1)<\/span><\/span><\/p>\n<div style=\"text-align: justify;\"><span style=\"font-size: 14px; color: #000000;\"> 1449 <em>an der Ainawken Mul<\/em> (Urbar Wallsee, Seite 139)<\/span><\/p>\n<p><span style=\"color: #000000;\"> &nbsp;<\/span><\/div>\n<div style=\"text-align: center;\"><span style=\"color: #000000;\"> <span style=\"font-size: 18px;\"><strong>Gredinghof<\/strong><\/span><span style=\"font-size: 14px;\"><br \/> (auch Kr\u00f6ninghof<\/span><span style=\"font-size: 14px;\">, Arb Nr. 3<\/span>)<\/span><br \/><span style=\"color: #000000;\"> &nbsp;<\/span><\/div>\n<div style=\"text-align: justify;\"><span style=\"font-size: 14px; color: #000000;\"> 1449 <em>zu Greding<\/em> (Urbar Wallsee, Seite 135)<\/span><br \/><span style=\"font-size: 14px; color: #000000;\"> <br \/> <\/span><br \/><span style=\"color: #000000;\"> &nbsp;<\/span><\/div>\n<div style=\"text-align: center;\"><span style=\"color: #000000;\"><span style=\"font-size: 18px;\"><strong>Pimmeshof<\/strong><\/span><span style=\"font-size: 14px;\"><strong>(*)<\/strong><\/span><span style=\"font-size: 20px;\"><strong> <br \/> <span style=\"font-size: 14px;\">(Pimershof?)<br \/> <\/span><\/strong><\/span><span style=\"font-size: 14px;\">(Mannersdorf 14)<\/span><span style=\"font-size: 20px;\"><strong><span style=\"font-size: 14px;\"><br \/> <\/span><\/strong><\/span><\/span><\/div>\n<div style=\"text-align: center;\"><span style=\"font-size: 14px; color: #000000;\"> <br \/> <\/span><\/div>\n<div style=\"text-align: justify;\"><span style=\"color: #000000;\"><span style=\"font-size: 14px;\"><strong>Pimeshof<\/strong>: 1449 <em>im Pymis<\/em> (Urbar Wallsee, Seite 169); 1591 <em>Pinshoff<\/em> (Bereitungsbuch ober dem Wienerwald, Seite 110).<\/span><span style=\"font-size: 14px;\"><\/p>\n<p> <strong>(*)<\/strong> Ein einzelnes Haus, unter dieser Benennung, welches aber nach Zelking geh\u00f6rt, und zun\u00e4chst Mannersdorf gelegen ist. <\/span><span style=\"font-size: 14px;\"><strong><br \/> <\/strong><\/span><span style=\"font-size: 14px;\">Darstellung des Erzherzogthums Oesterreich unter der Ens. Elfter Band, Viertel Ober=Wienerwald. Wien 1838, Seite 151<\/span><span style=\"font-size: 20px;\"><strong><\/p>\n<p> <\/strong><\/span><\/span><\/div>\n<div style=\"text-align: justify;\"><span style=\"color: #000000;\">&nbsp;<\/span><\/div>\n<div style=\"text-align: center;\"><span style=\"font-size: 18px; color: #000000;\"><strong>Weingarthof<\/strong><\/span><br \/><span style=\"font-size: 14px; color: #000000;\"> (Arb Nr. 4)<\/span><\/div>\n<div style=\"text-align: justify;\"><span style=\"font-size: 14px; color: #000000;\"><br \/> Ein einzelnes Haus, unter dieser Benennung, welches aber nach Zelking geh\u00f6rt, und zun\u00e4chst Mannersdorf gelegen ist.<br \/> <\/span><\/div>\n<div style=\"text-align: justify;\"><span style=\"color: #000000;\">&nbsp;<\/span><\/div>\n<div style=\"text-align: justify;\"><span style=\"color: #000000;\"><span style=\"font-size: 14px;\"> (*) Der Weingarthof (ein einzelner gro\u00dfer Bauernhof, gelegen in der KG Mannersdorf)<\/span> <span style=\"font-size: 14px;\">befindet sich nicht in unseren mittelalterlichen Urbaren, sondern im Urbar der Herrschaft Wallsee vor 1449.<\/span><span style=\"font-size: 14px;\"><br \/> Wenn sich der Weingarthof nicht in unseren mittelalterlichen Urbaren findet, so hei\u00dft das nicht unbedingt, da\u00df er damals nicht dem Stift Seitenstetten geh\u00f6rte. Urbare enthalten n\u00e4mlich nur G\u00fcter, von denen j\u00e4hrlich Abgaben entrichtet wurden. Wenn aber G\u00fcter Adeligen zu Lehen gegeben wurden, dann entrichteten diese (Adeligen) an den Eigent\u00fcmer nicht jedes Jahr Abgaben. Daher stehen solche sogenannte ritterm\u00e4\u00dfige Lehen meistens nicht in den Urbaren. Doch wurde beim Empfang eines solchen Lehens eine Urkunde, ein so genannter Lehensbrief, ausgestellt und der Empfang (von Geld und Sachg\u00fctern) in einem Lehenbuch vermerkt. Solche Lehensbriefe und Lehenb\u00fccher sind in unserem Stiftsarchiv vorhanden.Um 1400 hat Gilg Wolfstain \u201eain Hof zu Weingarten bei Wildenstain, gelegen in Zelgkhinger Pharr\u201c vom Stift zu Lehen (Lehenbuch 14 A, S. 7) 1536 erhielt diesen Sigmund von Auersperg vom Stift zu Lehen (ebenda, S. 13).<br \/> Gleichlautende Eintragungen finden sich auch in den folgenden Lehensb\u00fcchern. Es kann keinen Zweifel geben, da\u00df damit der Weingarthof zu Zelking gemeint ist.<br \/> (* Antwortschreiben vom ehemaligen Archivar, Pater Dr. Benedikt Wagner, Stift Seitenstetten)<\/p>\n<p> Vermutlich schuf vor 1960 der damalige Besitzer, Herr Engelbert Gattringer, nahe des Geb\u00e4udes eine Miniaturanlage einer Burg, (Burg Wildenstein nachempfunden??). <br \/> Reste von Mauerteilen der Ruine Wildenstein sind noch heute zu sehen.<br \/> <\/span><span style=\"font-size: 14px;\"><strong>Weingarthof<\/strong>, Arb 4: 1449 Hof zu Weingarten (Urbar Wallsee, Seite 136)<\/p>\n<p> <\/span><\/span><\/div>\n<div style=\"text-align: center;\"><span style=\"color: #000000;\"><span style=\"font-size: 14px;\"><br \/> <\/span><span style=\"font-size: 18px;\"><strong>Wies<\/strong><\/span><span style=\"font-size: 14px;\"><br \/> Hofstetten Nr. 7<\/span><\/span><\/div>\n<div style=\"text-align: justify;\"><span style=\"font-size: 14px; color: #000000;\"><\/p>\n<p> Geh\u00f6ftname: Besitzer Familie Tippl<\/p>\n<p> <\/span><\/div>\n<p> <span style=\"color: #000000;\"><span style=\"font-size: 20px;\"><\/span><span style=\"font-size: 18px;\"><strong>Wolfersdorf<\/strong><\/span><\/span><br \/><span style=\"font-size: 14px; color: #000000;\"> <br \/> <\/span><\/div>\n<div style=\"text-align: justify;\"><span style=\"font-size: 14px; color: #000000;\"><br \/> 1303, 20. September, Ulmerfeld, geben die Br\u00fcder Ludwig von Zelking und Otto von&nbsp; Sch\u00f6nekk (Sch\u00f6negg) den Hof zu Wolfoltzdorf bei Zelking (Wolfertshof = Wolfersdorf bei Mannersdorf) dem Gotteshause Seitenstetten um 60 Pfd. Pfen. als Lehen zur\u00fcck. <br \/> (* Geschichtliche Beilagen zum St. P\u00f6ltner Di\u00f6zesanblatt, Band 17\/2001, Seite 565, Fontes, XXXIII., Seite 134)<\/p>\n<p> 1303. September 20. Ulmerfeld. Die Br\u00fcder Ludwig von Zelking und Otto von Sch\u00f6neck geben dem Stift Seitenstetten den ihm lehnbaren Hof zu Wolfersdorf um 60 Pfd. Pfennige auf. <br \/> (Raab Urkundenbuch des Stiftes Seitenstetten in den Font. rer. Austr. XXXIII, pag. 134)<\/span><\/div>\n<div style=\"text-align: justify;\"><span style=\"color: #000000;\">&nbsp;<\/span><\/div>\n<div style=\"text-align: justify;\"><span style=\"color: #000000;\">&nbsp;<\/span><\/div>\n<div style=\"text-align: justify;\"><span style=\"font-size: 14px; color: #000000;\">Entnommen aus: Heraldisch genealogische Zeitschrift. Organ des heraldisch genealogischen Vereines ADLER in Wien. Dritter Jahrgang 1873 Nr. 100, Seite 146<br \/> <\/span><\/div>\n<div style=\"text-align: justify;\"><span style=\"color: #000000;\">&nbsp;<\/span><\/div>\n<div style=\"text-align: justify;\"><span style=\"font-size: 14px; color: #000000;\"><br \/> (*) 1454, Freitag vor Matthiastag des Zw\u00f6lfboten (22. Februar), verzichten Ulrich Fleischhaker und Thomas Erndel von Zelking, Christian Rosw\u00fcrger zu Wolfersdorf (Wolfershof) und seine S\u00f6hne Erhart und Veitel zu Ainsidel (Einsiedl) f\u00fcr sich und ihre Freunde und Helfer auf alle Feindseligkeiten gegen den Abt Christian von Seitenstetten, den gewesenen Hofrichter Georg Snekenrewter und den Amtmann Paul Prennberger in Zelking wegen der schweren Kerkerstrafe, die infolge des Ungehorsams und \u201egen\u00f6tigter Handlung\u201c \u00fcber sie verh\u00e4ngt und nun teilweise nachgelassen worden war. Strafe 300 Pfd. Pfen. Siegler: Christian Hewmader und Gabriel Potlung, Hofgerichtsverweser in Seitenstetten (Siegel Gabriel v. Potlung. Im Kleeblatt Schild mit Reiher).<\/span><\/div>\n<div style=\"text-align: justify;\"><span style=\"font-size: 14px; color: #000000;\">Originalpergament mit zwei Siegeln; Stiftsarchiv Seitenstetten<br \/> (* Geschichtliche Beilagen zum St. P\u00f6ltner Di\u00f6zesanblatt, Band 17\/2001, Seite 575)<\/span><\/div>\n<div><span style=\"color: #000000;\">&nbsp;<\/span><\/div>\n<div><span style=\"color: #000000;\">&nbsp;<\/span><\/div>\n<div style=\"text-align: center;\"><span style=\"font-size: 14px; color: #000000;\"><strong>Wolfersdorferhof<\/strong><\/span><\/div>\n<div style=\"text-align: justify;\"><span style=\"color: #000000;\">&nbsp;<\/span><\/div>\n<div style=\"text-align: justify;\"><span style=\"font-size: 14px; color: #000000;\"><br \/> <\/span><\/div>\n<div style=\"text-align: justify;\"><span style=\"font-size: 14px; color: #000000;\"> (*) Ein einzelnes Haus, unter dieser Benennung, welches aber zu Zelking geh\u00f6rt.<br \/> <\/span><\/div>\n<div style=\"text-align: justify;\"><span style=\"font-size: 14px; color: #000000;\"> (* Darstellung des Erzherzogthums Oesterreich unter der Ens. Elfter Band, Viertel Ober=Wienerwald. Wien 1838, Seite 151)<\/span><\/div>\n<div style=\"text-align: justify;\"><span style=\"color: #000000;\">&nbsp;<\/span><\/div>\n<div style=\"text-align: justify;\"><span style=\"color: #000000;\">&nbsp;<\/span><\/div>\n<div style=\"text-align: justify;\"><span style=\"color: #000000;\">&nbsp;<\/span><\/div>\n<div style=\"text-align: justify;\"><span style=\"font-size: 14px; color: #000000;\">Die Curia Wolfoltzstorf (Meierhof Wolfersdorf) wurde, als sie durch die Urkunde vom 20. September 1303 an das Stift Seitenstetten zur\u00fcckgegeben wurde, in einem Nachtrag ins \u00e4lteste Urbar eingetragen (* S. 47, U I 301, Anmerkung a) und ist etwa 100 Jahre sp\u00e4ter als Curia in Wolfmansdorf (Gerhard Flo\u00dfmann, S. 220 U II 648) unter den b\u00e4uerlichen Lehen eingetragen (vor dem 20. IX 1303 war der Hof ein ritterm\u00e4\u00dfiges Lehen, das dem Stift unterstand, aber an Adelige zu Lehen gegeben wurde, nicht an Bauern).<br \/> <\/span><\/div>\n<div style=\"text-align: justify;\"><span style=\"color: #000000;\">&nbsp;<\/span><\/div>\n<p> <\/p>\n<div style=\"text-align: justify;\"><span style=\"font-size: 14px; color: #000000;\">301 a Darunter folgt von Hand a Curia, que dicitur Wolfoltztorf, tenetur dare 60 denarios pro vectura&nbsp; vini (letzteres dar\u00fcber nachgetragen), 1 modium frumenti, unum modium avene, in die sancti Martini duos porcos valentes 6 solidos denariorum et 8 pullos et 2 anseres , in navititate domini 4 caseos, in pascha 4 caseos, in pentecosten 4 caseos. Am linken Rand erl\u00e4utert Hand a dazu Iuxta Celginge. \u2013 Wolfersdorf, EH, KG Mannersdorf, und Zelking, D und KG, beide OG Zelking-Matzleinsdorf, GB Melk. Dieser Hof kam 1303 IX 20 durch Ankauf der Lehenschaft an Seitenstetten. \u2013 UB Seitenstetten 134, vgl. U II 648 und 704.<\/p>\n<p> <\/span><\/div>\n<p> <span style=\"font-size: 14px; color: #000000;\"> <\/span> <\/p>\n<div style=\"text-align: center;\"><span style=\"color: #000000;\"><img loading=\"lazy\" decoding=\"async\" class=\" size-full wp-image-166\" style=\"width: 387px; height: 239px;\" alt=\"\" src=\"https:\/\/zelking.grafikweb.eu\/wp-content\/uploads\/2011\/01\/wolfersdorf%201.jpg\" width=\"412\" height=\"255\" \/><\/span><br \/><span style=\"color: #000000;\"> <span style=\"font-size: 14px;\">Der Wolfersdorferhof 1935<\/span> &#8230;<\/span><\/div>\n<div style=\"text-align: justify;\"><span style=\"color: #000000;\"> &nbsp;<\/span><\/div>\n<div style=\"text-align: center;\"><span style=\"color: #000000;\"><img loading=\"lazy\" decoding=\"async\" class=\" size-full wp-image-167\" style=\"width: 385px; height: 256px;\" alt=\"\" src=\"https:\/\/zelking.grafikweb.eu\/wp-content\/uploads\/2011\/01\/wolf%202.jpg\" width=\"488\" height=\"325\" \/><\/span><\/div>\n<div style=\"text-align: center;\"><span style=\"font-size: 14px; color: #000000;\">&#8230; und 2007<br \/> <\/span><\/div>\n<div style=\"text-align: justify;\"><span style=\"color: #000000;\">&nbsp;<\/span><\/div>\n<div style=\"text-align: justify;\"><span style=\"color: #000000;\"> &nbsp;<\/span><\/div>\n<\/p><\/div>\n<\/p><\/div>\n<p> <span style=\"font-size: 14px; color: #000000;\"> <\/span><\/div>\n<p><span style=\"color: #000000;\">&nbsp;<\/span><\/p>\n","protected":false},"excerpt":{"rendered":"<p>&nbsp; Zelking &nbsp; Bauer-M\u00fchle\/S\u00e4gewerk (M\u00fchlenbetrieb und S\u00e4gewerk l\u00e4ngst eingestellt!) Mankerstra\u00dfe 34 Aquarell von der ehemaligen Bauer-M\u00fchle (1997 von Frau Melanie Fr\u00f6schl bei den erstem Malertagen in der Gemeinde Zelking-Matzleinsdorf gemalt und als Geschenk zur Verf\u00fcgung gestellt \u2013 vielen Dank daf\u00fcr) &nbsp; (*) Conrad der Weichselbeck, Mitbesitzer der Burg Ofenbach, vermacht am 1. Oktober 1294 in [&hellip;]<\/p>\n","protected":false},"author":2,"featured_media":147,"comment_status":"open","ping_status":"open","sticky":false,"template":"","format":"standard","meta":{"footnotes":""},"categories":[34],"tags":[],"class_list":["post-168","post","type-post","status-publish","format-standard","has-post-thumbnail","hentry","category-zelking-ortschaften"],"_links":{"self":[{"href":"https:\/\/zelking.grafikweb.eu\/index.php?rest_route=\/wp\/v2\/posts\/168","targetHints":{"allow":["GET"]}}],"collection":[{"href":"https:\/\/zelking.grafikweb.eu\/index.php?rest_route=\/wp\/v2\/posts"}],"about":[{"href":"https:\/\/zelking.grafikweb.eu\/index.php?rest_route=\/wp\/v2\/types\/post"}],"author":[{"embeddable":true,"href":"https:\/\/zelking.grafikweb.eu\/index.php?rest_route=\/wp\/v2\/users\/2"}],"replies":[{"embeddable":true,"href":"https:\/\/zelking.grafikweb.eu\/index.php?rest_route=%2Fwp%2Fv2%2Fcomments&post=168"}],"version-history":[{"count":0,"href":"https:\/\/zelking.grafikweb.eu\/index.php?rest_route=\/wp\/v2\/posts\/168\/revisions"}],"wp:featuredmedia":[{"embeddable":true,"href":"https:\/\/zelking.grafikweb.eu\/index.php?rest_route=\/wp\/v2\/media\/147"}],"wp:attachment":[{"href":"https:\/\/zelking.grafikweb.eu\/index.php?rest_route=%2Fwp%2Fv2%2Fmedia&parent=168"}],"wp:term":[{"taxonomy":"category","embeddable":true,"href":"https:\/\/zelking.grafikweb.eu\/index.php?rest_route=%2Fwp%2Fv2%2Fcategories&post=168"},{"taxonomy":"post_tag","embeddable":true,"href":"https:\/\/zelking.grafikweb.eu\/index.php?rest_route=%2Fwp%2Fv2%2Ftags&post=168"}],"curies":[{"name":"wp","href":"https:\/\/api.w.org\/{rel}","templated":true}]}}