{"id":184,"date":"2011-01-23T16:54:04","date_gmt":"2011-01-23T16:54:04","guid":{"rendered":"https:\/\/zelking.com\/2011\/01\/23\/geologie\/"},"modified":"2011-01-23T16:54:04","modified_gmt":"2011-01-23T16:54:04","slug":"geologie","status":"publish","type":"post","link":"https:\/\/zelking.grafikweb.eu\/?p=184","title":{"rendered":"Geologisches aus Zelking"},"content":{"rendered":"<div><span style=\"font-size: 10pt;\">&nbsp;<\/span><\/div>\n<div>&nbsp;<\/div>\n<div style=\"text-align: justify;\">\n<div style=\"text-align: center;\"><span style=\"font-size: 16px;\"><span style=\"font-size: 16px;\"><span style=\"color: #000000;\"><strong>Die Zelkinger Kohlengrube<\/strong><\/span><\/span><\/span> <\/div>\n<div style=\"text-align: center;\"><span style=\"font-size: 16px;\"><span style=\"font-size: 16px;\"><span style=\"color: #000000;\"><\/span><\/span><\/span><\/div>\n<div style=\"text-align: center;\"><span style=\"font-size: 16px;\"><span style=\"font-size: 16px;\"><span style=\"color: #000000;\"><\/span><\/span><span style=\"color: #000000;\"><\/span><\/span><span style=\"color: #000000;\"><br \/><\/span><\/div>\n<div style=\"text-align: center;\">&nbsp;<span style=\"color: #000000;\"><img loading=\"lazy\" decoding=\"async\" class=\" size-full wp-image-169\" alt=\"\" src=\"https:\/\/zelking.grafikweb.eu\/wp-content\/uploads\/2011\/01\/stollen.jpg\" height=\"276\" width=\"356\" srcset=\"https:\/\/zelking.grafikweb.eu\/wp-content\/uploads\/2011\/01\/stollen.jpg 500w, https:\/\/zelking.grafikweb.eu\/wp-content\/uploads\/2011\/01\/stollen-300x232.jpg 300w\" sizes=\"auto, (max-width: 356px) 100vw, 356px\" \/><\/span><\/div>\n<div style=\"text-align: center;\"><span style=\"color: #000000;\"><span style=\"font-size: 14px;\">Stolleneingang (Mundloch genannt)<br \/> <\/span><\/span><\/div>\n<div style=\"text-align: justify;\"><span style=\"color: #000000;\"><\/span><\/div>\n<div style=\"text-align: justify;\"><span style=\"color: #000000;\"><\/span><\/div>\n<div><span style=\"color: #000000;\"><span style=\"font-size: 14px;\">Davon hatte vermutlich keiner in der Gemeinde etwas gewusst und diese konnte \u201enur\u201c Braunkohle beinhalten.<\/span><\/span> <\/div>\n<div><span style=\"color: #000000;\"><span style=\"font-size: 14px;\"><\/span><\/span><\/div>\n<div><span style=\"font-size: 14px;\"><span style=\"color: #000000;\">Noch in den 60er-Jahren wurden Probegrabungen vorgenommen (es gab noch l\u00e4ngere Zeit offene Gruben zum sehen), aber aus Unwirtschaftlichkeit wurden diese eingestellt.<br \/> Dieser Bereich (meiner Meinung nach) konnte sich nur rechts, nach dem halben Ortsgebiet, der heutigen Mankerstra\u00dfe hin zum Ortsende von Zelking Richtung St. Leonhard am Forst gegeben haben, da sich im Gel\u00e4nde Ausbuchtungen befinden, die es urspr\u00fcnglich hier nicht gegeben haben konnte.<\/span><\/span><\/div>\n<div><span style=\"font-size: 14px;\"><span style=\"color: #000000;\"><\/span><\/span><\/div>\n<div><span style=\"font-size: 14px;\"><span style=\"color: #000000;\"><\/span><\/span><\/div>\n<div style=\"text-align: center;\"><span style=\"font-size: 14px;\"><span style=\"color: #000000;\"><img loading=\"lazy\" decoding=\"async\" class=\" size-full wp-image-170\" alt=\"\" src=\"https:\/\/zelking.grafikweb.eu\/wp-content\/uploads\/2011\/01\/jellhaus.jpg\" height=\"234\" width=\"359\" \/><br \/> Stra\u00dfenseitige Ansicht vom Haus Jell (an der linken Seite des Vorbaues brach die Erde bereits zweimal kreisf\u00f6rmig ein. Es d\u00fcrfte sich aber um Untersp\u00fclungen gehandelt haben).<\/span><\/span><\/div>\n<div style=\"text-align: justify;\"><span style=\"font-size: 14px;\"><\/span><\/div>\n<div style=\"text-align: justify;\"><span style=\"font-size: 14px;\"><\/span><\/div>\n<div style=\"text-align: justify;\"><span style=\"font-size: 14px;\"><span style=\"color: #000000;\">Beim Haus Franz Jell&nbsp; Mankerstra\u00dfe 30 gibt es (und nur hier!) eine Quelle (in der N\u00e4he befanden sich die Quarzwerke Zelking, wo bis Anfang der 80er Jahre Sand abgebaut wurde) die br\u00e4unliche Ablagerungen hinterl\u00e4sst, w\u00e4hrend im ganzen Ortsgebiet kalkh\u00e4ltiges Wasser vorhanden ist.<br \/> Das Haus selbst wurde kurz nach 1900 gebaut und befindet sich auf gewachsenem Boden (rund um das Haus konnten mittels Ortungen keine Stollen festgestellt werden).&nbsp;<\/p>\n<p> <\/span><\/span><\/div>\n<div style=\"text-align: center;\"><span style=\"font-size: 14px;\"><span style=\"color: #000000;\"><img loading=\"lazy\" decoding=\"async\" class=\" size-full wp-image-171\" alt=\"\" src=\"https:\/\/zelking.grafikweb.eu\/wp-content\/uploads\/2011\/01\/peham.jpg\" height=\"219\" width=\"376\" srcset=\"https:\/\/zelking.grafikweb.eu\/wp-content\/uploads\/2011\/01\/peham.jpg 450w, https:\/\/zelking.grafikweb.eu\/wp-content\/uploads\/2011\/01\/peham-300x175.jpg 300w\" sizes=\"auto, (max-width: 376px) 100vw, 376px\" \/><\/span><\/span><\/div>\n<div style=\"text-align: center;\"><span style=\"font-size: 14px;\"><span style=\"color: #000000;\">Das Bauerngut <span style=\"font-size: 14px;\">\u201eAlthaus\u201c (um 1950)<br \/> <\/span><\/span><\/span><\/div>\n<div style=\"text-align: justify;\"><span style=\"font-size: 14px;\"><\/span><\/div>\n<div style=\"text-align: justify;\"><span style=\"font-size: 14px;\"><\/span><\/div>\n<div><span style=\"font-size: 14px;\"><span style=\"color: #000000;\">An einigen Stellen auf der Wiese zwischen dem \u201eAlthaus\u201c (sehr alte Bezeichnung f\u00fcr den Bauernhof der Familie Peham) und \u201eHochbauer\u201c (Hausname f\u00fcr das zu h\u00f6chst gelegene Bauernhaus in Zelking, Familie Reiter), treten von Zeit zu Zeit kreisf\u00f6rmige Setzungen im Gel\u00e4nde auf, die immer wieder mit Erdreich aufgef\u00fcllt wurden (suchte man auch hier nach Kohle?).&nbsp;<br \/> Bei Bauernhaus \u201eAlthaus\u201c befand sich ein Hohlweg der aufgesch\u00fcttet wurde; es war dies die fr\u00fchere Ortsstra\u00dfe. Die derzeitige, durch den Ort f\u00fchrende Bundesstra\u00dfe 215 d\u00fcrfte erst nach dem Abbau, bzw. Rekultivierung (?) entstanden sein!<br \/> \u201eAlthaus\u201c <span style=\"font-size: 10pt;\"><span style=\"font-size: 14px;\">\u2013 <\/span><\/span> dieser Name steht in Verbindung mit der ersten um 1000 (?) erbauten Burganlage und d\u00fcrfte der ehemalige Meierhof gewesen sein. Auf dem daneben befindlichen Bergr\u00fccken hoch \u00fcber der \u201eBauer-M\u00fchle\u201c (derzeitige Besitzer Familie Plutsch) welche einstmals eine M\u00fchle mit S\u00e4gebetrieb war, erkennt man noch im Gel\u00e4nde einen Burgstall <span style=\"font-size: 10pt;\"><span style=\"font-size: 14px;\">(St<\/span><\/span>elle, wo einstmals eine Befestigung vorhanden war).<br \/> Erstver\u00f6ffentlicht in: Sagenhaftes Melktal, 2004,&nbsp; Seite 78\/79 (mit Erg\u00e4nzungen 2009)<\/span><\/span><\/div>\n<div><span style=\"font-size: 14px;\"><span style=\"color: #000000;\"><\/span><\/span><\/div>\n<div style=\"text-align: center;\"><span style=\"font-size: 14px;\"><span style=\"color: #000000;\"><br \/> <\/span><\/span><span style=\"font-size: 16px;\"><span style=\"color: #000000;\"><strong>Braunkohleabbau in Zelking<\/strong><\/span><\/span><\/div>\n<div style=\"text-align: center;\"><span style=\"font-size: 16px;\"><span style=\"color: #000000;\"><\/span><\/span><\/div>\n<div style=\"text-align: center;\"><span style=\"font-size: 16px;\"><span style=\"color: #000000;\"><\/span><\/span><\/div>\n<div style=\"text-align: center;\"><span style=\"font-size: 10pt; color: #000000;\"><span style=\"color: #000000;\"><img loading=\"lazy\" decoding=\"async\" class=\" size-full wp-image-172\" alt=\"\" src=\"https:\/\/zelking.grafikweb.eu\/wp-content\/uploads\/2011\/01\/stollen%20mit.jpg\" height=\"332\" width=\"260\" \/><\/span><\/span><\/div>\n<div style=\"text-align: center;\"><span style=\"color: #000000;\"><span style=\"font-size: 14px;\">Mundloch mit Herrn Alois Eder <br \/> <\/span><\/span><\/div>\n<div><span style=\"color: #000000;\"><span style=\"font-size: 14px;\"><\/span><\/span><\/div>\n<div><span style=\"color: #000000;\"><span style=\"font-size: 14px;\"><\/span><\/span><\/div>\n<div><span style=\"color: #000000;\"><span style=\"font-size: 14px;\">Meine Vermutung wo einstmals dieser Abbau stattgefunden haben k\u00f6nnte, best\u00e4tigte sich im Juni 2004. Durch das Abbaggern f\u00fcr einen Anbau am Haus der Familie Eder, Mankerstra\u00dfe 23, wurden auch Teile des hinter dem Haus befindlichen (ansteigenden) Gartens angeschnitten und der obere Teil von einem Stollengang sichtbar. An der linken Seite war der Stempel noch aufrecht stehend erhalten, w\u00e4hrend der Stempel an der rechten Seite gefehlt hat. Wegen dem (der) fehlenden&nbsp; Stempel(n) wurden die waagrechten Rundh\u00f6lzer, genannt Kappe oder Friste, durch den Erddruck rechts heruntergedr\u00fcckt.<br \/> <\/span><\/span><\/div>\n<div><span style=\"color: #000000;\"><span style=\"font-size: 14px;\"><\/span><\/span><\/div>\n<div><span style=\"color: #000000;\"><span style=\"font-size: 14px;\"><\/span><\/span><\/div>\n<div style=\"text-align: center;\">&nbsp;<span style=\"color: #000000;\"><span style=\"font-size: 14px;\"><span style=\"color: #000000;\"><img loading=\"lazy\" decoding=\"async\" class=\" size-full wp-image-173\" alt=\"\" src=\"https:\/\/zelking.grafikweb.eu\/wp-content\/uploads\/2011\/01\/sttzholz.jpg\" height=\"264\" width=\"247\" \/><br \/> Skizze (Schnitt) mit Beschreibung der verwendeten H\u00f6lzern, die zur Absicherung der darunter arbeitenden Knappen dienten von Herrn. Johann Steinbichler, Bergknappenverein 4843 Ampflwang im Hausruck (O\u00d6) zVg!<br \/> <\/span><\/span><\/span><\/div>\n<div><span style=\"color: #000000;\"><span style=\"font-size: 14px;\"><\/span><\/span><\/div>\n<div><span style=\"color: #000000;\"><span style=\"font-size: 14px;\"><\/span><\/span><\/div>\n<div><span style=\"color: #000000;\"><span style=\"font-size: 14px;\">Auf dem gut erkennbaren (Quer)Rundholz konnte man sogenannte \u201eSchwarten\u201c, das sind Unges\u00e4umte Bretter von ca. 7\/8 cm St\u00e4rke, in der L\u00e4ngsrichtung aufliegend, sehen. Diese sch\u00fctzten so die Knappen vor herunterst\u00fcrzendem Erdmaterial. Der mit Wasser angef\u00fcllte sichtbare Teil, reichte noch etwa 6 m in den Hang hinein.<br \/> Unter der \u00f6sterreichischen Erzherzogin Maria Theresia wurde mit dem Abbau von Braunkohle (auch hier in Zelking) begonnen, der sp\u00e4testens Mitte des 19. Jahrhunderts geendet hatte.<\/p>\n<p> Erstver\u00f6ffentlichung (Teilentnahme; die nach neuesten Erkentnissen in der Homepage erg\u00e4nzt wurden!) in: Sagenhaftes Melktal 2004, Seite 13.<br \/> Herbert Trautsamwieser beschreibt meine \u201eEntdeckung\u201c in seinem Buch: Der Nibelungengau 2004, Seite 30\/31.<\/p>\n<p> Die Braunkohle kann beim Abbau tats\u00e4chlich bis 52% (!) Wasser beinhalten. Eine Anfrage an die Montanistische Universit\u00e4t in Leoben, best\u00e4tigte den hohen Wassergehalt in der frisch abgebauten Braunkohle, deren Heizwert um 2300 kcal\/kg betr\u00e4gt.<br \/> In \u201eKleine Landeskunde von Nieder\u00f6sterreich\u201c von Adalbert Oberleitner (1947) wird auf Seite 20 \u201eAm Ostrande des Dunkelsteiner Waldes hat das Meer einst eine d\u00fcnne Braunkohlenschicht abgesetzt\u201c erw\u00e4hnt!<br \/> Wolfgang H\u00e4usler in: Land zwischen Donau und Sch\u00f6pfl, Seite 208. Die den Melker Sandschichten eingelagerten kleinen Braunkohlefl\u00f6ze wurde schon fr\u00fch abgebaut. Die Glanzkohle war besonders f\u00fcr Schmiedezwecke brauchbar.<br \/> Im Bereich von Quarzsand kann es Braunkohlevorkommen geben. Schon vor einem l\u00e4ngeren Zeitraum, wurde beim Brunnengraben im Matzleinsdorfer Ortsteil M\u00f6sel \u201eschwarzes\u201c Wasser ans Tageslicht geholt \u2013 ein weiteres Zeichen von Kohlevorkommen?<\/span><\/span><\/div>\n<div><span style=\"color: #000000;\"><span style=\"font-size: 14px;\"><\/span><\/span><\/div>\n<div><span style=\"color: #000000;\"><span style=\"font-size: 14px;\"> <br \/> <\/span><\/span><\/div>\n<div style=\"text-align: center;\"><span style=\"color: #000000;\"><span style=\"font-size: 16px;\"><strong>Bergbau in Nieder\u00f6sterreich<\/strong><\/span><br \/> <span> <\/span><\/span><\/div>\n<\/p><\/div>\n<div>\n<div>\n<div>\n<div>\n<div>\n<div>\n<div style=\"text-align: justify;\">\n<div><span style=\"font-size: 10pt; color: #000000;\"><span style=\"font-size: 14px;\"><\/span><\/span><\/div>\n<div><span style=\"font-size: 10pt; color: #000000;\"><span style=\"font-size: 14px;\"><\/span><\/span><\/div>\n<div><span style=\"font-size: 10pt; color: #000000;\"><span style=\"font-size: 14px;\"><strong>Literatur \u00fcber Braunkohlevorkommen in Zelking<\/strong><\/span><\/span><br \/> <span style=\"font-size: 10pt; color: #000000;\"><span style=\"color: #000000;\"><span style=\"font-size: 14px;\"><strong>7.1.6. Zelking<\/strong><\/span><\/span><\/span><\/div>\n<div><span style=\"font-size: 10pt; color: #000000;\"><span style=\"color: #000000;\"><span style=\"font-size: 14px;\"><\/span><\/span><\/span><\/div>\n<div><span style=\"font-size: 10pt; color: #000000;\"><span style=\"color: #000000;\"><span style=\"font-size: 14px;\"><\/span><\/span><\/span><\/div>\n<div><span style=\"font-size: 10pt; color: #000000;\"><span style=\"color: #000000;\"><span style=\"font-size: 14px;\">Das Braunkohlevorkommen von Zelking liegt in jenen Terti\u00e4rabfolgen, welche westlich des Melkflusses rund 3 km S\u00fcd\u00f6stlich von P\u00f6chlarn gelegen sind.<\/span><\/span><\/span><\/div>\n<div><span style=\"font-size: 10pt; color: #000000;\"><span style=\"color: #000000;\"><span style=\"font-size: 14px;\"><\/span><\/span><\/span><\/div>\n<div><span style=\"font-size: 10pt; color: #000000;\"><span style=\"color: #000000;\"><span style=\"font-size: 14px;\"><\/span><\/span><\/span><\/div>\n<div style=\"text-align: center;\"><span style=\"font-size: 10pt; color: #000000;\"><strong><span style=\"font-size: 14px;\">Historischer \u00dcberblick und Geologischer Rahmen<\/span><\/strong><\/span><\/div>\n<div><span style=\"font-size: 10pt; color: #000000;\"><span style=\"color: #000000;\"><span style=\"font-size: 14px;\"><\/span><\/span><\/span><\/div>\n<div><span style=\"font-size: 10pt; color: #000000;\"><span style=\"color: #000000;\"><span style=\"font-size: 14px;\"><\/span><\/span><\/span><\/div>\n<div><span style=\"font-size: 10pt; color: #000000;\"><span style=\"color: #000000;\"><span style=\"font-size: 14px;\">Aus dem Tagebuch von P. PARTSCH (1831):<br \/> \u201eBei Zelking wurde schon mehrmals von Spekulanten ein Kohlen- und Alaunbergwerk betrieben.<br \/> Das Fl\u00f6z soll angeblich 3 Schuh m\u00e4chtig sein, dazwischen eine Lage von Alaunh\u00e4ltigem Schieferton.<br \/> Unter dem Fl\u00f6z liegt blauer, plastischer Ton, gleichartige Schichten d\u00fcrften auch im Hangenden der Kohle liegen, da solche Tone an einer h\u00f6her als das Mundloch gelegenen Stelle obertags f\u00fcr Ziegelerzeugung abgebaut werden. \u00dcber diesen Tonen liegt gelber Quarzsand (Melker Sand).<\/p>\n<p> <\/span><\/span><\/span><\/div>\n<div style=\"text-align: center;\"><span style=\"font-size: 10pt; color: #000000;\"><span style=\"color: #000000;\"><span style=\"font-size: 14px;\"><strong>Bohrung Nr. XXXVI im Freischurf Nr. 1414 bei Zelking<\/strong><\/span><\/span><\/span><\/div>\n<div style=\"text-align: center;\">&nbsp;<\/div>\n<div style=\"text-align: center;\"><span style=\"font-size: 10pt; color: #000000;\"><span style=\"color: #000000;\"><span style=\"font-size: 14px;\">1,26 m Dammerde<br \/> 3,05 m Sand, gelb<br \/> 2,98 m Schieferton<br \/> 0,48 m Kohle<br \/> 0,53 m Mittel<br \/> 0,53 m Kohle<br \/> 0,24 m schiefrige Kohle<br \/> 3,58 m Letten, sandig<br \/> 2,74 m Tegel, blau<br \/> 0,76 m Sand, wei\u00dfblau<br \/> 1,33 m Sand, aschgrau<br \/> 0,79 m Sand licht<br \/> 0,40 m Sand, wei\u00df<br \/> 3,24 m Sand, gelb, fein<br \/> 3,32 m Sand, dunkelgelb, grobk\u00f6rnig<br \/> Gesamttiefe 27,76 m\u201c.<\/span><\/span><\/span><\/div>\n<div style=\"text-align: justify;\"><span style=\"font-size: 10pt; color: #000000;\"><span style=\"font-size: 14px;\"><\/span><\/span><\/div>\n<div style=\"text-align: justify;\"><span style=\"font-size: 10pt; color: #000000;\"><span style=\"font-size: 14px;\"><\/span><\/span><\/div>\n<div style=\"text-align: justify;\"><span style=\"font-size: 10pt; color: #000000;\"><span style=\"font-size: 14px;\">Weitere montangeologisch relevante Details fehlen.Die die Kohle beinhaltenden Sedimentenabfolgen sind mit Sicherheit dem Komplex der Melker Sande zuzuordnen wie es u. a. aus dem von E. KNOBLOCH (1977) beschriebenen Pflanzenresten abzulesen ist:Daphnogene bilinica (UNGER) KVACEK et. KNOBLOCH fossile Bl\u00e4tter mit gut erhaltener Kutikula, jedoch selten.<\/span><\/span><\/div>\n<div style=\"text-align: justify;\"><span style=\"font-size: 10pt; color: #000000;\"><span style=\"font-size: 14px;\"><\/span><\/span><\/div>\n<div style=\"text-align: justify;\"><span style=\"font-size: 10pt; color: #000000;\"><span style=\"font-size: 14px;\"><\/span><\/span><\/div>\n<div style=\"text-align: center;\"><span style=\"font-size: 10pt; color: #000000;\"><span style=\"color: #000000;\"><span style=\"font-size: 14px;\"><strong>Kohlenqualit\u00e4t, Kohlenverm\u00f6gen, Untersuchungsw\u00fcrdigkeit<\/strong><\/span><\/span><\/span><\/div>\n<div><span style=\"font-size: 10pt; color: #000000;\"><span style=\"color: #000000;\"><span style=\"font-size: 14px;\"><\/span><\/span><\/span><\/div>\n<div><span style=\"font-size: 10pt; color: #000000;\"><span style=\"color: #000000;\"><span style=\"font-size: 14px;\"><\/span><\/span><\/span><\/div>\n<div><span style=\"font-size: 10pt; color: #000000;\"><span style=\"color: #000000;\"><span style=\"font-size: 14px;\">\u00dcber die Qualit\u00e4t der Zelkinger Kohle liegen keine Analysenwerte vor.<\/span><\/span><\/span><\/div>\n<div style=\"text-align: center;\"><span style=\"font-size: 10pt; color: #000000;\"><span style=\"color: #000000;\"><span style=\"font-size: 14px;\">&nbsp;<br \/> &nbsp;<\/span><\/span><\/span><\/div>\n<div style=\"text-align: center;\"><span style=\"font-size: 10pt; color: #000000;\"><span style=\"font-size: 14px;\"><span style=\"color: #000000;\"><img loading=\"lazy\" decoding=\"async\" class=\" size-full wp-image-174\" alt=\"\" src=\"https:\/\/zelking.grafikweb.eu\/wp-content\/uploads\/2011\/01\/stollenrundhlzer.jpg\" height=\"232\" width=\"369\" srcset=\"https:\/\/zelking.grafikweb.eu\/wp-content\/uploads\/2011\/01\/stollenrundhlzer.jpg 400w, https:\/\/zelking.grafikweb.eu\/wp-content\/uploads\/2011\/01\/stollenrundhlzer-300x190.jpg 300w\" sizes=\"auto, (max-width: 369px) 100vw, 369px\" \/><br \/> St\u00fctzh\u00f6lzer, die beim Abbaggern des ehemaligen Stollens ans Tageslicht bef\u00f6rdert wurden<\/span><\/span><\/span><\/div>\n<div><span style=\"font-size: 10pt; color: #000000;\"><span style=\"font-size: 14px;\"><span style=\"color: #000000;\">Da auch keine verl\u00e4sslichen Angaben \u00fcber die Erstreckung des Terti\u00e4rs bzw. der Kohle vorliegen, sind Angaben \u00fcber das Kohlenverm\u00f6gen nicht zul\u00e4ssig. Angesichts der geringen Kohlenm\u00e4chtigkeit sind auch solche \u00dcberlegungen kaum zweckm\u00e4\u00dfig. Untersuchungen sind aus diesem Grunde auch keinesfalls anzustreben.<br \/> Teilentnommen aus: Leopold Weber &amp; Alfred Wei\u00df BERGBAUGESCHICHTE UND GEOLOGIE DER \u00d6STERREICHISCHEN BRAUNKOHLEVORKOMMEN. ARCHIV F\u00dcR LAGERST\u00c4TTENFORSCHUNG DER GEOLOGISCHEN BUNDESANSTALT, Band 4, Wien, 1983, Seite 216 \u2013 freundlicherweise von Herrn Dr. Roman Groi\u00df (Melk\/Wien) zur Verf\u00fcgung gestellt<\/p>\n<p> 4.8. Sandgrube Zelking<br \/> (vgl. F. R\u00d6GL &amp; R. ROETZEL, 1980)<\/span><\/span><\/span><\/div>\n<div><span style=\"font-size: 10pt; color: #000000;\"><span style=\"font-size: 14px;\"><span style=\"color: #000000;\"><\/span><\/span><\/span><\/div>\n<div><span style=\"font-size: 10pt; color: #000000;\"><span style=\"font-size: 14px;\"><span style=\"color: #000000;\"><\/span><\/span><\/span><\/div>\n<div><span style=\"font-size: 10pt; color: #000000;\"><span style=\"font-size: 14px;\"><span style=\"color: #000000;\"> <\/span><\/span><span style=\"color: #000000;\"><\/span><\/span><\/div>\n<div style=\"text-align: center;\"><span style=\"font-size: 10pt; color: #000000;\"><span style=\"color: #000000;\"><span style=\"font-size: 14px;\"><strong>Profilbeschreibung<\/strong><\/span><\/span><\/span><\/div>\n<div style=\"text-align: justify;\"><span style=\"font-size: 10pt; color: #000000;\"><span style=\"font-size: 14px;\"><\/span><\/span><\/div>\n<div style=\"text-align: justify;\"><span style=\"font-size: 10pt; color: #000000;\"><span style=\"font-size: 14px;\"><\/span><\/span><\/div>\n<div style=\"text-align: justify;\"><span style=\"font-size: 10pt; color: #000000;\"><span style=\"font-size: 14px;\"><\/span><span style=\"color: #000000;\"><span style=\"font-size: 14px;\">(*) Die Sandgrube Zelking liegt unmittelbar an der Diendorfer St\u00f6rung und wird gegen den s\u00fcdlich der Grube anstehenden Granulit durch einen ungef\u00e4hr Ost-West streichenden mittelsteilen Bruch (340\/65) begrenzt.<br \/> Wie zahlreiche Schlagbohrungen in der Grube zeigen, beginnt die Sedimentfolge&nbsp; \u00fcber einer dunkelroten Verwitterungskruste des Kristallins mit pelitischen Ablagerungen. Die M\u00e4chtigkeit dieser Pielacher Tegel nimmt dabei innerhalb der Grube gegen den Bruch von 2 m auf ca. 10 m zu. Diese Pelite, die am Bruch steilgestellt sind fallen mit den dar\u00fcber lagernden Sandhorizonten 27 und 10 flach (3\u00b0<\/span><span style=\"font-size: 14px;\">\u2013<\/span><span style=\"font-size: 14px;\">10\u00b0) gegen den Bruch (180<\/span><span style=\"font-size: 14px;\">\u2013<\/span><span style=\"font-size: 14px;\">200) ein. Die hangenden Sande lagern dagegen horizontal. M\u00e4chtigkeitszuname und Einfallen der liegenden Sedimentanteile gegen den Bruch und die Steilgestellten Sedimente am Bruch lassen eine synsediment\u00e4re Absenkung des Untergrundes w\u00e4hrend der Ablagerung der Pielacher Tegel vermuten.<br \/> Die hangenden Anteile der Pielacher Tegel (3) wechsellagern mit siltigen Mittelsanden (1). Dar\u00fcber folgt \u00fcber einem Relief ein siltiger Feinsand (27) mit Molluskenschillhorizonten und Grabg\u00e4ngen vom Typ Ophiomorpha und anschlie\u00dfend ein im cm-Bereich geschichteter siltiger Feinsand-Mittelsand (10) mit welligen Schichtfl\u00e4chen (Rippelmarken?) und Grabspuren von Polychaeta.<br \/> In diese sandige Schichtfolge ist eine tiefe Erosionsrinne eingesenkt. Die Rinnensedimente sind meist schlecht sortierte, teilweise schr\u00e4g geschichtete Grob-, Mittel- und Feinsande (6<\/span><span style=\"font-size: 14px;\">\u2013<\/span><span style=\"font-size: 14px;\">9, 28, 30<\/span><span style=\"font-size: 14px;\">\u2013<\/span><span style=\"font-size: 14px;\">31, 33<\/span><span style=\"font-size: 14px;\">\u2013<\/span><span style=\"font-size: 14px;\">35). Die Horizonte sind meist durch deutliche Reliefs voneinander getrennt.<br \/> \u00dcber den Rinnensedimenten werden wieder besser sortierte, rasch wechselnde Fein- und Mittelsande mit Grobsandlagen und -linsen abgelagert, in denen oft Grabg\u00e4nge von Polychaeta zu finden sind (13<\/span><span style=\"font-size: 14px;\">\u2013<\/span><span style=\"font-size: 14px;\">23). Das Hangendste&nbsp; der Grube bilden m\u00e4chtige siltige Feinsande (24, 36) mit Ophiomorpha und Grabg\u00e4ngen von Polychaeta und schlie\u00dflich Siltfeinsande (37).<br \/> Sehr deutlich in Zusammenhang mit der Nordost-S\u00fcdwest verlaufenden Diendorfer St\u00f6rung stehen im Bereich Zelking-Matzleinsdorf Eingemessenen Br\u00fcche. Das Einfallen ist meist mittelsteil (50^<\/span><span style=\"font-size: 14px;\">\u2013<\/span><span style=\"font-size: 14px;\">85\u00b0) gegen Nordwest (294<\/span><span style=\"font-size: 14px;\">\u2013<\/span><span style=\"font-size: 14px;\">344) und S\u00fcdost (120<\/span><span style=\"font-size: 14px;\">\u2013<\/span><span style=\"font-size: 14px;\">174). Die Streichrichtung ist daher nahezu parallel zur Diendorfer St\u00f6rung. Eine zweite Hauptst\u00f6rungsschar verl\u00e4uft ungef\u00e4hr Ost-West. Wie die Aufschl\u00fcsse beim Bau des Donaukraftwerkes Melk zeigten, liegt das Donaubett West Melk in einem solchen grabenartig abgesenkten und sedimentgef\u00fcllten Bruchsystem. Auch der, die Grube Zelking im S\u00fcden begrenzende Bruch geh\u00f6rt zu diesem System (O. SCHERMANN, 1966).<br \/> (* Teilentnahme aus: ROETZL et al: Faziesenentwicklung des Oligoz\u00e4us in der Molassezone zwischen Krems und Wieselburg \u2013 Herausgeber: Geologische Bundesanstalt 126, Wien 1983, Seite 165\/166. Freundlicherweise von Herrn Dr. Roman Groi\u00df zur Verf\u00fcgung gestellt)<br \/> <\/span><\/span><\/span><\/div>\n<\/p><\/div>\n<div style=\"text-align: justify;\"><span style=\"font-size: 10pt; color: #000000;\">&nbsp;<\/span><\/div>\n<div style=\"text-align: justify;\"><span style=\"font-size: 10pt; color: #000000;\"><span style=\"color: #000000;\"><span style=\"font-size: 14px;\">Kohle d\u00fcrfte in Nieder\u00f6sterreich nicht vor der Mitte des 18. Jahrhunderts als Brennstoff Verwendung gefunden haben. Ihr Vorhandensein ist schon viel l\u00e4nger bekannt, jedoch konnte sie sich qualitativ gegen\u00fcber der Holzkohle nicht durchsetzen.<\/span><\/span><\/span><\/div>\n<div style=\"text-align: justify;\"><span style=\"font-size: 10pt; color: #000000;\"><\/span><\/div>\n<div style=\"text-align: justify;\"><span style=\"font-size: 10pt; color: #000000;\">&nbsp;<\/span><\/div>\n<div style=\"text-align: center;\"><span style=\"font-size: 10pt; color: #000000;\"><span style=\"color: #000000;\"><img loading=\"lazy\" decoding=\"async\" class=\" size-full wp-image-175\" alt=\"\" src=\"https:\/\/zelking.grafikweb.eu\/wp-content\/uploads\/2011\/01\/holzkohlenmeiler.jpg\" height=\"223\" width=\"370\" \/><br \/> <span style=\"font-size: 14px;\"> Holzkohlenmeiler<\/span><\/span><\/span><\/div>\n<div style=\"text-align: justify;\"><span style=\"font-size: 10pt; color: #000000;\"><span style=\"color: #000000;\"><span style=\"font-size: 14px;\"><\/span><\/span><\/span><\/div>\n<div style=\"text-align: justify;\"><span style=\"font-size: 10pt; color: #000000;\"><span style=\"color: #000000;\"><span style=\"font-size: 14px;\"><\/span><\/span><\/span><\/div>\n<div style=\"text-align: justify;\"><span style=\"font-size: 10pt; color: #000000;\"><span style=\"color: #000000;\"><span style=\"font-size: 14px;\">Im 18. Jahrhundert wurde zwischen Stein- und Braunkohle noch nicht unterschieden. Die hier (in Gr\u00fcnbach und Umgebung) und am Rande der Hohen Wand gesch\u00fcrften Kohlen z\u00e4hlen zu den besten, w\u00e4hrend die \u00fcbrige im Alpenvorland gewonnene als Glanz- bzw. Schmiedekohle zwar noch zur Steinkohle z\u00e4hlt, aber wesentlich br\u00fcchiger ist. Hingegen sind die an den R\u00e4ndern des Alpenvorlandes gewonnenen Braunkohlen zumeist mit Schwefel und Alaun verunreinigt und sehr br\u00fcchig, soda\u00df man sie schon wegen des \u00fcblen Geruchs kaum f\u00fcr Hausbrand und Gewerbe verwenden kann. Versuche einer Entschwefelung misslangen mehrfach, und die Brikettierung blieb in Nieder\u00f6sterreich lange unbekannt und wurde erst sp\u00e4t gen\u00fctzt. Da\u00df man im 19. Jahrhundert in erster Linie diese schlechte Qualit\u00e4t entdeckt hatte und f\u00f6rderte, behinderte die Verbreitung der Kohle als Brennstoff trotz vieler staatlicher Ermunterungen sehr. So wie bei der Eisengewinnung besa\u00df das Aerar (\u00c4rar, vom lateinischen aerarium, ist eine alte, heute nicht mehr verwendete Bezeichnung f\u00fcr das materielle\/immaterielle Staatsverm\u00f6gen \u2013 der heutige Begriff daf\u00fcr ist Fiskus) auch bei Kohle einen geringf\u00fcgigen Anteil, der aber die meiste Zeit verpachtet war.<\/span><\/span><\/span><\/div>\n<div style=\"text-align: justify;\"><span style=\"font-size: 10pt; color: #000000;\">&nbsp;<br \/><\/span><\/div>\n<div style=\"text-align: justify;\"><span style=\"font-size: 10pt; color: #000000;\"><span style=\"color: #000000;\"><span style=\"font-size: 14px;\">Unter anderem wurde auch in Zelking (1768) Braunkohle abgebaut und 1831 erweitert, detto 1785 in Matzleinsdorf bei Melk<br \/> (* Teilentnahmen aus Seite 84).<\/p>\n<p> <strong> 771 Zelking<\/strong> s\u00fcdwestlich Melk L Qu (Quarz)<br \/> 1768 Ks, Franz, Wenzel u. Philipp Grafen von Sinzendorf, auch Alaun- und Vitriolsiederei,<br \/> 1825 Ks. und Alaun, Gewerke Franz Sales Cessner, in Althaus, auf dem Grunde des Leopold Riedl,<br \/> 1831 erw.;<br \/> 1825 Ks; Johann Anton Starck, St. Barbara-Stollen, in Althaus,<br \/> 1848 gel\u00f6scht,<br \/> 1901 St,<br \/> 1961 Quarz-Sandgrube, Dr. med. O. (Otto) Hansmann, Jahresf\u00f6rderung 66337 t Quarzsand, s. auch Melk&nbsp;&nbsp;&nbsp;&nbsp;&nbsp;&nbsp;&nbsp;&nbsp;&nbsp;&nbsp;&nbsp;&nbsp;&nbsp;&nbsp;&nbsp;<br \/> WSA, 146, 314 b<br \/> (Seite 238)<\/p>\n<p> Entnommen aus: Studien und Forschungen vom Nieder\u00f6sterreichischen Institut f\u00fcr Landeskunde, Band 10. herausgegeben von Helmut Feigl. Vortr\u00e4ge und Diskussionen des 6. Symposions des Nieder\u00f6sterreichischen Instituts f\u00fcr Landeskunde Pitten, 1. bis 3. Juli 1985<\/p>\n<p> Unter Maria Theresia (* 13. Mai 1717 in Wien; \u2020 29. November 1780 in Wien), regierende Erzherzogin von \u00d6sterreich (sie war nie Kaiserin von \u00d6sterreich!), K\u00f6nigin von Ungarn und B\u00f6hmen (1740<\/span><span style=\"font-size: 14px;\">\u2013<\/span><span style=\"font-size: 14px;\">1780) wurde daher auch in Zelking begonnen, Braunkohle usw. abzubauen.<br \/> <\/span><\/span><\/span><\/div>\n<div style=\"text-align: justify;\"><span style=\"font-size: 10pt; color: #000000;\"><span style=\"color: #000000;\"><span style=\"font-size: 14px;\"><\/span><\/span><\/span><\/div>\n<div style=\"text-align: justify;\"><span style=\"font-size: 10pt; color: #000000;\"><span style=\"color: #000000;\"><span style=\"font-size: 14px;\"><\/span><\/span><\/span><\/div>\n<div style=\"text-align: center;\"><span style=\"font-size: 10pt; color: #000000;\"><span style=\"color: #000000;\"><img loading=\"lazy\" decoding=\"async\" class=\" size-full wp-image-176\" style=\"width: 121px; height: 154px;\" alt=\"\" src=\"https:\/\/zelking.grafikweb.eu\/wp-content\/uploads\/2011\/01\/mt.jpg\" width=\"300\" height=\"382\" srcset=\"https:\/\/zelking.grafikweb.eu\/wp-content\/uploads\/2011\/01\/mt.jpg 300w, https:\/\/zelking.grafikweb.eu\/wp-content\/uploads\/2011\/01\/mt-236x300.jpg 236w\" sizes=\"auto, (max-width: 300px) 100vw, 300px\" \/><\/span><\/span><\/div>\n<div style=\"text-align: center;\"><span style=\"font-size: 10pt; color: #000000;\"><span style=\"color: #000000;\"><span style=\"font-size: 14px;\">Maria Theresia als reife Frau<br \/> <\/span><\/span><span style=\"color: #000000;\"><span style=\"font-size: 14px;\">\u201eVer\u00f6ffentlichung mit freundlicher Genehmigung der \u00d6sterreichischen Post AG<\/span><span><span style=\"font-size: 14px;\">\u201c<\/span><\/span><\/span><span style=\"color: #000000;\"><span style=\"font-size: 14px;\"> <\/span><\/p>\n<p> <span style=\"font-size: 16px;\"><strong>Geologisches aus j\u00fcngster Zeit<\/strong><\/span><br \/> <\/span><\/span><\/div>\n<div style=\"text-align: center;\"><span style=\"font-size: 10pt; color: #000000;\"><span style=\"color: #000000;\"><span style=\"font-size: 14px;\"><strong>(* Zelking betreffend)<\/strong><\/span><br \/> <span style=\"font-size: 14px;\"> <\/span><\/span><\/span><\/div>\n<div style=\"text-align: justify;\">&nbsp;<\/div>\n<div style=\"text-align: center;\"><span style=\"font-size: 10pt; color: #000000;\"><span style=\"color: #000000;\"><strong><span style=\"font-size: 14px;\">Zelking, April 2009<\/span><\/strong><\/p>\n<p> <span style=\"font-size: 14px;\"> <\/span><\/span><\/span><\/div>\n<div style=\"text-align: justify;\"><span style=\"font-size: 10pt; color: #000000;\">&nbsp;<\/span><\/div>\n<div style=\"text-align: justify;\"><span style=\"font-size: 10pt; color: #000000;\"><span style=\"color: #000000;\"><span style=\"font-size: 14px;\">Da&nbsp;es in den letzten Jahre&nbsp;am s\u00fcdlichen Ortsende von Zelking oberhalb der Mankerstra\u00dfe auf verschiedenen Grundst\u00fccken Erdf\u00e4lle (Einsturzl\u00f6cher im Boden) gegeben hat, beauftragte die Gemeindeverwaltung&nbsp;ein geologisches Gutachten&nbsp;um die Ursache dieser Massenbewegungen festzustellen.<br \/> <\/span><\/span><\/span><\/div>\n<div style=\"text-align: justify;\">&nbsp;<\/div>\n<div style=\"text-align: center;\"><span style=\"font-size: 10pt; color: #000000;\"><span style=\"color: #000000;\"><strong><span style=\"font-size: 14px;\">Geologische Verh\u00e4ltnisse<\/span><\/strong><br \/> <\/span><\/span><\/div>\n<div style=\"text-align: justify;\"><span style=\"font-size: 10pt; color: #000000;\"><span style=\"color: #000000;\"><br \/><span style=\"font-size: 14px;\">Der betroffene Ortsteil von Zelking&nbsp;&nbsp;befindet sich in der Molassezone am Rande der s\u00fcdlichen Fortsetzung der B\u00f6hmischen Masse.<br \/> Zudem laufen zwei bedeutende lokale, tektonische Bruchlinien durch.<br \/> Die Sedimente vom Molassemeer wurden hier im strandnahen Bereich auf den kristallinen Gesteinen vom Hiesberg abgelagert.<br \/> Bei den Molassesedimenten handelt es sich um die Melker Sande und um Tone mit Vorkommen von Braunkohle und Alaun. Die kristallinen Gesteine sind durch stark tektonisch zerlegten Granulit vertreten, welcher am westlichen Ortsrande aufgeschlossen ist. Das Gestein ist derma\u00dfen tektonisch zerlegt, dass man von einem Kataklasit sprechen muss.<br \/> Die Melker Sande sind u.a. in der \u201eKellergasse\u201c gut aufgeschlossen. Es handelt sich um hellgraue, quarzreiche, gut verfestigte Sande, die sehr standfest sind.<br \/> Die Begehung der betroffenen Grundst\u00fccke zeigte, dass ein Teil eines Hanges&nbsp; oberhalb der Mankerstra\u00dfe&nbsp; in Bewegung ist (davon zeugen Rutschbuckel, Rutschterassen, schiefe oder abgerissene Gartenmauern, schief und krumm gewachsene B\u00e4ume). Es handelt sich dabei um eine sehr langsame Bodenbewegung, das so genannte Kriechen. Man kann sogar die Abrisskante einer Pal\u00e4orutschung&nbsp;&nbsp;sehen. Im Hang sind zahlreiche Vern\u00e4ssungszonen und kleine Quellaustritte zu beobachten.<br \/> In einem&nbsp;&nbsp;Drainageschacht&nbsp; wurde beobachtet, dass dort Wasser rinnt und rotbraune Verf\u00e4rbungen vorhanden sind.&nbsp; Auch der Bach zeigt&nbsp;Quellzutritte mit rostbraunen Verf\u00e4rbungen.<\/span><\/span><\/span><\/div>\n<div style=\"text-align: justify;\">&nbsp;<\/div>\n<div style=\"text-align: justify;\">&nbsp;<\/div>\n<div style=\"text-align: center;\"><span style=\"font-size: 10pt; color: #000000;\"><span style=\"color: #000000;\"><span style=\"font-size: 14px;\"><strong>Schadensverlauf und Schadensursachen<\/strong><\/span><\/span><\/span><\/div>\n<div style=\"text-align: justify;\">&nbsp;<\/div>\n<div style=\"text-align: justify;\">&nbsp;<\/div>\n<div style=\"text-align: justify;\"><span style=\"font-size: 10pt; color: #000000;\"><span style=\"color: #000000;\"><span style=\"font-size: 14px;\">Seit 1981 ereignen sich immer wieder Erf\u00e4lle, der j\u00fcngste&nbsp;Anfang M\u00e4rz 2009.&nbsp;&nbsp;Dieser Erdfall hatte einen Durchmesser von 3 m und eine Tiefe von 1 m. &nbsp;<br \/> Der im Loch aufgeschlossene Boden besteht aus einem braunen, schwach tonigen, schluffigem Sand, der sich kneten l\u00e4sst und das Verhalten eines bindigen Bodens zeigt.<br \/> Es gibt schriftliche Aufzeichnungen zum&nbsp;&nbsp;unterirdischen &nbsp;Abbau von Braunkohle und Alaun in Zelking&nbsp; im 18. Jahrhundert. Laut Auskunft der Bergbaubeh\u00f6rde in Wien gibt es keine Bergbaukartenwerke zu diesem ehemaligen Abbau.&nbsp; Die Lokalit\u00e4t der Stollen konnte jedoch&nbsp;folgenderma\u00dfen gekl\u00e4rt werden:&nbsp;Beim Hausbau in der Nachbarschaft wurde 2004 das Mundloch eines Stollens gefunden und fotographisch dokumentiert.&nbsp;Auch dort hat es sp\u00e4ter genau oberhalb des entdeckten Stollens auch einen Erdfall gegeben.<br \/> (* Die Ver\u00f6ffentlichung obiger Daten wurden freundlicherweise seitens der Gemeindeleitung am 25. Mai 2009 stattgegeben!)<\/p>\n<p> <\/span><\/span><\/span><\/div>\n<div style=\"text-align: center;\"><span style=\"font-size: 10pt; color: #000000;\"><span style=\"color: #000000;\"><span style=\"font-size: 14px;\"><strong>Alaun<\/strong><br \/> <\/span><\/span><\/span><\/div>\n<div style=\"text-align: justify;\">\n<p> <span style=\"font-size: 10pt; color: #000000;\"><span style=\"color: #000000;\"><span style=\"font-size: 10pt;\"><span style=\"font-size: 14px;\"><span style=\"font-size: 14px;\">Alaun <\/span><\/span><\/span><span style=\"font-size: 14px;\"><span style=\"font-size: 14px;\">ist ein im Reinzustand farbloses, kristallines und in Wasser leicht l\u00f6sliches Salz der Schwefels\u00e4ure. Wegen seiner gerbenden und beizenden Eigenschaften war Alaun von der Antike bis etwa 1850 eines der wichtigsten und begehrtesten Hilfsstoffe zur Gerbung von Leder. Es diente auch der Papier- und Textilherstellung bzw. wurde Alaun auch vielseitig in der Heilkunst angewandt.<br \/> Die \u00c4gypter (aber auch die R\u00f6mer) nutzten Alaun bereits als Flammschutzmittel f\u00fcr Holz.<br \/> Alaun wurde auch als Deodorant benutzt. \u201eEr entfernt den Gestank unter der Achsel sowie auch den Schwei\u00df.\u201c&nbsp; (Plinius, Naturkunde 35, 52)<\/p>\n<p> <\/span><\/span><\/span><\/span><\/div>\n<div style=\"text-align: center;\"><span style=\"font-size: 10pt; color: #000000;\"><span style=\"color: #000000;\"><span style=\"font-size: 14px;\"><strong>Kataklasite<\/strong><\/span> <\/span><\/span><\/div>\n<div style=\"text-align: justify;\">\n<p> <span style=\"font-size: 10pt; color: #000000;\"><span style=\"color: #000000;\"><span style=\"font-size: 14px;\"><span style=\"font-size: 14px;\">Das sind Gesteine, deren Mineralaggregate und Gesteinsbestandteile durch mechanische Beanspruchung oder dynamische Rekristallisation verkleinert wurden.<br \/> (Beide Beschreibungen sind aus dem Internet)<\/span><br \/> <span style=\"font-size: 12px;\"> <\/span><\/span><\/p>\n<p> <\/span><\/span><\/div>\n<div style=\"text-align: center;\"><span style=\"font-size: 10pt; color: #000000;\"><span style=\"color: #000000;\"><strong><span style=\"font-size: 10pt;\"><span style=\"font-size: 14px;\">Pal\u00e4orutschung<\/span><\/span><\/strong><\/span><\/span><\/div>\n<div style=\"text-align: justify;\">\n<p> <span style=\"font-size: 10pt; color: #000000;\"><span style=\"color: #000000;\"><span style=\"font-size: 14px;\">Eine Pal\u00e4orutschung ist eine Rutschung, welche mindestens einige Hundert Jahre alt ist.<\/p>\n<p> <\/span><\/span><\/span><\/div>\n<div style=\"text-align: center;\"><span style=\"font-size: 10pt; color: #000000;\">&nbsp;<\/span><\/div>\n<div>\n<div style=\"text-align: center;\">\n<div><span style=\"font-size: 16px;\"><span style=\"color: #000000;\"><strong>Quarzsandabbau in Zelking<\/strong><\/span><\/span><\/div>\n<\/p><\/div>\n<div>&nbsp;<\/div>\n<div><span style=\"font-size: 16px;\">&nbsp;<\/span><\/div>\n<div style=\"text-align: center;\"><span style=\"color: #000000;\"><span style=\"font-size: 10pt;\"><img loading=\"lazy\" decoding=\"async\" class=\" size-full wp-image-177\" alt=\"\" src=\"https:\/\/zelking.grafikweb.eu\/wp-content\/uploads\/2011\/01\/sand%203.jpg\" height=\"329\" width=\"253\" \/><br \/> <span style=\"font-size: 14px;\">Dieser Elefantenkopf befand sich in einer heute l\u00e4ngst nicht mehr vorhadenen Nische,<br \/> die im Zuge des oberirdischen Abbaues verschwunden ist<\/p>\n<p> <\/span><img loading=\"lazy\" decoding=\"async\" class=\" size-full wp-image-178\" alt=\"\" src=\"https:\/\/zelking.grafikweb.eu\/wp-content\/uploads\/2011\/01\/hammer.jpg\" height=\"373\" width=\"249\" srcset=\"https:\/\/zelking.grafikweb.eu\/wp-content\/uploads\/2011\/01\/hammer.jpg 333w, https:\/\/zelking.grafikweb.eu\/wp-content\/uploads\/2011\/01\/hammer-200x300.jpg 200w\" sizes=\"auto, (max-width: 249px) 100vw, 249px\" \/><br \/> <span style=\"font-size: 14px;\"> <\/span><span style=\"font-size: 10pt; color: #000000;\"><span style=\"color: #000000;\"><span style=\"font-size: 14px;\">\u201eThors Hammer\u201c<\/span><\/span><\/span><span style=\"font-size: 14px;\"> <\/span><\/span><\/span><\/div>\n<\/p><\/div>\n<p> <\/p>\n<div>\n<div><span style=\"font-size: 10pt; color: #000000;\">&nbsp;<\/span><\/div>\n<\/p><\/div>\n<div>\n<div style=\"text-align: justify;\"><span style=\"color: #000000;\"><span style=\"font-size: 10pt;\"><span style=\"font-size: 14px;\"><strong>Seit?<\/strong><\/span><\/span><\/span><\/div>\n<\/p><\/div>\n<div style=\"text-align: justify;\"><span style=\"font-size: 10pt; color: #000000;\"><span style=\"color: #000000;\"><span style=\"font-size: 14px;\">Abbau der Quarzsande und die Errichtung der (\u201eSandgasse\u201c) Kellergasse.<br \/> Um 1920 Kauf von Teilfl\u00e4chen im ehemaligen Abbaugebiet durch Hansmann Senior und der Beginn des kommerziellen Abbaues.<br \/> 1920iger bis&nbsp; 40iger Jahren&nbsp; Abbau ausschlie\u00dflich im Untertagebau.<br \/> Der Transport nach P\u00f6chlarn zur Westbahn erfolgte mittels Ochsengespanne.<br \/> 1949&nbsp; \u00dcbernahme des Werkes durch Dr. Otto Hansmann.<br \/> <\/span><\/span><\/span><\/div>\n<div style=\"text-align: center;\"> &nbsp;<\/div>\n<div style=\"text-align: center;\"><span style=\"font-size: 10pt; color: #000000;\"><span style=\"color: #000000;\"><img loading=\"lazy\" decoding=\"async\" class=\" size-full wp-image-179\" alt=\"\" src=\"https:\/\/zelking.grafikweb.eu\/wp-content\/uploads\/2011\/01\/sand%202.jpg\" height=\"344\" width=\"258\" \/><br \/> <span style=\"font-size: 14px;\">Blick aus dem ehemaligen \u201eHansmann-Stollen\u201c<br \/> (auf die ehem. Waschanlage und dahinter das B\u00fcro)<\/span><span style=\"font-size: 10pt;\"><span style=\"font-size: 14px;\"> <\/span><\/span><\/span><\/span><\/div>\n<div style=\"text-align: center;\"> &nbsp;<\/div>\n<div style=\"text-align: justify;\"><span style=\"font-size: 10pt; color: #000000;\"><span style=\"color: #000000;\"><span style=\"font-size: 14px;\">1950 (oder 1951) Werksgr\u00fcndung als GesmbH (Gesellschaft mit beschr\u00e4nkter Haftung). Beginn des obert\u00e4gigen Abbaues (Tagbau); um diese Zeit entstand auch die (h\u00f6lzerne) Wasch- und Klassieranlage.&nbsp;<br \/> <\/span><\/span><\/span><\/div>\n<div style=\"text-align: center;\"> &nbsp;<\/div>\n<div style=\"text-align: center;\"><span style=\"font-size: 10pt; color: #000000;\"><span style=\"color: #000000;\">&nbsp;&nbsp;&nbsp;&nbsp;&nbsp;&nbsp;&nbsp;&nbsp;&nbsp;&nbsp;&nbsp;&nbsp;&nbsp;&nbsp;&nbsp;&nbsp;&nbsp; <img loading=\"lazy\" decoding=\"async\" class=\" size-full wp-image-180\" alt=\"\" src=\"https:\/\/zelking.grafikweb.eu\/wp-content\/uploads\/2011\/01\/sand%201.jpg\" height=\"212\" width=\"369\" \/>&nbsp;&nbsp;&nbsp;&nbsp;&nbsp;&nbsp;&nbsp;&nbsp;&nbsp;&nbsp;&nbsp;&nbsp;&nbsp;&nbsp;&nbsp;&nbsp;&nbsp;&nbsp;&nbsp;<\/span><\/span><\/div>\n<div style=\"text-align: center;\"><span style=\"font-size: 10pt; color: #000000;\"><span style=\"color: #000000;\"><span style=\"font-size: 14px;\">Der ehem. <\/span><span style=\"font-size: 10pt;\"><span style=\"font-size: 14px;\">\u201eLeonhartsberger-Stollen\u201c<br \/> (befand sich gegen\u00fcber dem <\/span> <span style=\"font-size: 10pt;\"><span style=\"font-size: 14px;\">\u201eHansmann-Stollen\u201c)<\/span><\/span><\/span><\/span><\/span><\/div>\n<div style=\"text-align: center;\">&nbsp;<\/div>\n<div style=\"text-align: justify;\"> <span style=\"font-size: 10pt; color: #000000;\"><span style=\"color: #000000;\"><span style=\"font-size: 14px;\">In den 60ziger Jahren Bau einer Trockenanlage \u2013 dies brachte einen Aufschwung des Werkes durch Abnahme von Sanden nicht nur durch die Glasindustrie, sondern auch durch Gie\u00dfereien, so dass im Bahnhof in Melk eine Verladerampe errichtet wurde, auch wurde in dieser Zeit das B\u00fcro, das Laboratorium und das Flotationsgeb\u00e4ude gebaut.<br \/> Ca. ab 1960&nbsp; Abbau im westlichen Teilgebiet. &nbsp;&nbsp;&nbsp;&nbsp;<br \/> Ca. Ende 1970 Rekultivierung des westlichen Teilgebietes.<br \/> 1971 Beginn der Kooperation mit deutschem Gesellschafter.<br \/> 1975 \u00dcbernahm<\/span><span style=\"font-size: 10pt;\"><span style=\"font-size: 14px;\">e des Werkes durch die Quarzwerke GesmbH (ausscheiden aus dem Betrieb von Dr. Hansmann). Um diese Zeit entstand auch die Erweiterung der Betriebsanlagen und die Errichtung des Schlamm-Absetzbeckens (\u201ePool of Zelking\u201c).<\/span><\/span><br \/> <span style=\"font-size: 10pt;\"><span style=\"font-size: 14px;\"> Bis ca. 1980 Ende des Abbaues im \u00f6stlichen Bereich.<br \/> <\/span><\/span><span style=\"font-size: 14px;\">Anfang 1990 Auslaufen des Abbaues in Zelking.<br \/> 1999 Stilllegung des Werkes.<br \/> <\/span><\/span><\/span><\/div>\n<div style=\"text-align: justify;\"><span style=\"font-size: 10pt; color: #000000;\"><span style=\"color: #000000;\"><span style=\"font-size: 14px;\">2000 Abbau der Betriebsanlagen.<br \/> <\/span><\/span><\/span><\/div>\n<div style=\"text-align: center;\"> &nbsp;<\/div>\n<div style=\"text-align: center;\"><span style=\"font-size: 10pt; color: #000000;\"><span style=\"color: #000000;\"><img loading=\"lazy\" decoding=\"async\" class=\" size-full wp-image-181\" alt=\"\" src=\"https:\/\/zelking.grafikweb.eu\/wp-content\/uploads\/2011\/01\/bro.jpg\" height=\"138\" width=\"441\" srcset=\"https:\/\/zelking.grafikweb.eu\/wp-content\/uploads\/2011\/01\/bro.jpg 600w, https:\/\/zelking.grafikweb.eu\/wp-content\/uploads\/2011\/01\/bro-300x95.jpg 300w\" sizes=\"auto, (max-width: 441px) 100vw, 441px\" \/><br \/> <span style=\"font-size: 14px;\">Das ehemalige B\u00fcrogeb\u00e4ude der Quarzwerke Zelking<\/span><\/span><\/span><\/div>\n<div style=\"text-align: center;\"> &nbsp;<\/div>\n<div style=\"text-align: justify;\"><span style=\"font-size: 10pt; color: #000000;\"><span style=\"color: #000000;\"><span style=\"font-size: 14px;\">2001 Beginn der Rekultivierungsarbeiten.<br \/> Ende 2004 Geplanter Abschluss der Rekultivierungsarbeiten. <\/span><\/span><\/span><\/div>\n<div style=\"text-align: center;\"><span style=\"font-size: 10pt; color: #000000;\"><span style=\"color: #000000;\"><span style=\"font-size: 14px;\">&nbsp;<\/span><\/span><\/span><\/div>\n<div style=\"text-align: justify;\">\n<div style=\"text-align: center;\">&nbsp;<\/div>\n<div style=\"text-align: center;\"><span style=\"font-size: 10pt; color: #000000;\"><span style=\"font-size: 14px;\"><span style=\"color: #000000;\"><strong>Sande und deren Verwendung<\/strong><\/span><\/span><\/span><\/div>\n<div style=\"text-align: center;\"><span style=\"font-size: 10pt; color: #000000;\">&nbsp;<\/span><\/div>\n<div style=\"text-align: center;\">&nbsp;<\/div>\n<div style=\"text-align: justify;\"><span style=\"font-size: 10pt; color: #000000;\"><span style=\"color: #000000;\"><span style=\"font-size: 14px;\"><strong>Haus und Garten: <\/strong>(In S\u00e4cke verpackt) Kinderspielsande, Sande zur Rasenpflege und Bodenauflockerung, diverse Bau- und Fugensande, Filtersande f\u00fcr den Swimmingpool.<\/p>\n<p> <strong> Wasseraufbereitung:<\/strong> (Spezielle Quarzsandsorten f\u00fcr) Trinkwasseraufbereitung, oder zur Reinigung von Brauchwasser (DIN 19623).<\/p>\n<p> <strong> Allgemeines:<\/strong> Mitte des vorigen Jahrhunderts wurde in Zelking begonnen, Quarzsande f\u00fcr die Bau-, Glas- und Gie\u00dfereiindustrie aufzubereiten. Um 1970 machte eine steigende Qualit\u00e4tsanforderung den Neubau einer leistungsstarken Aufbereitungsanlage notwendig, aber gleichzeitig neigten sich die Rohstoffvorkommen dem Ende zu; sodass schon viele Jahre Sand per LKW\u2018S in das (ehem.) Werk in Zelking gebracht wurden.<br \/> Die Quarzwerke \u00d6sterreich GmbH ist ein nationales Unternehmen einer europ\u00e4ischen Unternehmensgruppe \u2013 zur Gewinnung, Aufbereitung und Veredelung von mineralischen Rohstoffen wie Quarzsande und Feldspat.<br \/> Nach reinigen der Sande und der Reibw\u00e4sche in einer Attritionsanlage gelangt der Rohstoff zur Vor- und Hauptentschl\u00e4mmungsstufe und wird dann durch Aufstromklassierern nach Korngr\u00f6\u00dfe sortiert.<br \/> In einer anschlie\u00dfenden Flotationsanlage wird mit Hilfe einer chemisch-physikalischen Reaktion der Feldspat vom Quarzsand getrennt. Die chemische Zusammensetzung wird mit Hilfe eines R\u00f6ntgenspektrometers \u00fcberpr\u00fcft.<br \/> Den aus Quarzsanden hergestellten Glasfaserprodukten wie z. B. Tennisschl\u00e4ger, Surfbretter, Autokarosserien usw. kennt man den Rohstoff \u201eQuarz\u201c nicht an.<br \/> Die Entscheidung f\u00fcr den Standort Melk erfolgten aus Gr\u00fcnden der Wirtschaftlichkeit und Organisation.<br \/> Der Transport in das neue Werk ben\u00f6tigt anstelle von 27 km nur mehr 7 km Anfahrtsweg. Die CO 2-Emissionen wurden um 50 % reduziert.<br \/> Erstver\u00f6ffentlichung (Teilentnahme) in: Sagenhaftes Melktal (2004,) Seite 137\/138<\/p>\n<p> <\/span><\/span><br \/> <span style=\"color: #000000;\"><span style=\"font-size: 14px;\"> <\/span><\/span><\/span><\/div>\n<div style=\"text-align: center;\"><span style=\"font-size: 10pt; color: #000000;\"><img loading=\"lazy\" decoding=\"async\" class=\" size-full wp-image-182\" alt=\"\" src=\"https:\/\/zelking.grafikweb.eu\/wp-content\/uploads\/2011\/01\/elefant.jpg\" width=\"300\" height=\"200\" \/><br \/> <span style=\"color: #000000;\"><span style=\"font-size: 10pt;\"><span style=\"font-size: 14px;\">\u201eH\u00f6hlenmalerei\u201c<\/span><\/span> <span style=\"font-size: 14px;\">(eingeritzt in einem Sandkeller vorgefunden)<\/span><\/span><\/p>\n<p> <img loading=\"lazy\" decoding=\"async\" class=\" size-full wp-image-183\" alt=\"\" src=\"https:\/\/zelking.grafikweb.eu\/wp-content\/uploads\/2011\/01\/wurzeln.jpg\" height=\"440\" width=\"293\" srcset=\"https:\/\/zelking.grafikweb.eu\/wp-content\/uploads\/2011\/01\/wurzeln.jpg 333w, https:\/\/zelking.grafikweb.eu\/wp-content\/uploads\/2011\/01\/wurzeln-200x300.jpg 200w\" sizes=\"auto, (max-width: 293px) 100vw, 293px\" \/><br \/> <span style=\"color: #000000;\"><span style=\"font-size: 10pt;\"><span style=\"font-size: 14px;\">Freiliegender \u201eWurzelstrang\u201c<\/span><\/span><\/span><\/span><\/div>\n<\/p><\/div>\n<div style=\"text-align: justify;\">&nbsp;<\/div>\n<\/p><\/div>\n<div style=\"text-align: justify;\">&nbsp;<\/div>\n<\/p><\/div>\n<\/p><\/div>\n<\/p><\/div>\n<\/p><\/div>\n<\/p><\/div>\n","protected":false},"excerpt":{"rendered":"<p>&nbsp; &nbsp; Die Zelkinger Kohlengrube &nbsp; Stolleneingang (Mundloch genannt) Davon hatte vermutlich keiner in der Gemeinde etwas gewusst und diese konnte \u201enur\u201c Braunkohle beinhalten. Noch in den 60er-Jahren wurden Probegrabungen vorgenommen (es gab noch l\u00e4ngere Zeit offene Gruben zum sehen), aber aus Unwirtschaftlichkeit wurden diese eingestellt. Dieser Bereich (meiner Meinung nach) konnte sich nur rechts, [&hellip;]<\/p>\n","protected":false},"author":2,"featured_media":169,"comment_status":"open","ping_status":"open","sticky":false,"template":"","format":"standard","meta":{"footnotes":""},"categories":[46],"tags":[],"class_list":["post-184","post","type-post","status-publish","format-standard","has-post-thumbnail","hentry","category-geologisches-aus-zelking"],"_links":{"self":[{"href":"https:\/\/zelking.grafikweb.eu\/index.php?rest_route=\/wp\/v2\/posts\/184","targetHints":{"allow":["GET"]}}],"collection":[{"href":"https:\/\/zelking.grafikweb.eu\/index.php?rest_route=\/wp\/v2\/posts"}],"about":[{"href":"https:\/\/zelking.grafikweb.eu\/index.php?rest_route=\/wp\/v2\/types\/post"}],"author":[{"embeddable":true,"href":"https:\/\/zelking.grafikweb.eu\/index.php?rest_route=\/wp\/v2\/users\/2"}],"replies":[{"embeddable":true,"href":"https:\/\/zelking.grafikweb.eu\/index.php?rest_route=%2Fwp%2Fv2%2Fcomments&post=184"}],"version-history":[{"count":0,"href":"https:\/\/zelking.grafikweb.eu\/index.php?rest_route=\/wp\/v2\/posts\/184\/revisions"}],"wp:featuredmedia":[{"embeddable":true,"href":"https:\/\/zelking.grafikweb.eu\/index.php?rest_route=\/wp\/v2\/media\/169"}],"wp:attachment":[{"href":"https:\/\/zelking.grafikweb.eu\/index.php?rest_route=%2Fwp%2Fv2%2Fmedia&parent=184"}],"wp:term":[{"taxonomy":"category","embeddable":true,"href":"https:\/\/zelking.grafikweb.eu\/index.php?rest_route=%2Fwp%2Fv2%2Fcategories&post=184"},{"taxonomy":"post_tag","embeddable":true,"href":"https:\/\/zelking.grafikweb.eu\/index.php?rest_route=%2Fwp%2Fv2%2Ftags&post=184"}],"curies":[{"name":"wp","href":"https:\/\/api.w.org\/{rel}","templated":true}]}}