{"id":196,"date":"2011-01-23T17:18:21","date_gmt":"2011-01-23T17:18:21","guid":{"rendered":"https:\/\/zelking.com\/2011\/01\/23\/oeffentliche-verkehrsmittel\/"},"modified":"2011-01-23T17:18:21","modified_gmt":"2011-01-23T17:18:21","slug":"oeffentliche-verkehrsmittel","status":"publish","type":"post","link":"https:\/\/zelking.grafikweb.eu\/?p=196","title":{"rendered":"\u00d6ffentliche Verkehrsmittel (Buslinien)"},"content":{"rendered":"<div><span style=\"color: #000000;\"><\/p>\n<p> <\/span><\/div>\n<p>&nbsp;<\/p>\n<div style=\"text-align: center;\"><span style=\"color: #000000;\"><span style=\"color: #000000;\"><span style=\"font-size: 18px;\"><strong>Die <span style=\"color: #000000;\">Linienbusunternehmen<\/span> Partsch und Kerschner<\/strong><\/span><\/span><\/span> <!--more--> <span style=\"color: #000000;\"><span style=\"font-size: 18px;\"><\/span><span style=\"font-size: 16px;\"><strong><span><br \/> <\/span><\/strong><\/span><span style=\"font-size: 14px;\"><strong><span style=\"color: #000000;\">Linienverkehr<\/span> Mank<\/strong><\/span><\/span><span style=\"color: #000000;\"><strong><span style=\"color: #000000;\"><span style=\"font-size: 14px;\">\u2013<\/span><\/span><\/strong><\/span><span style=\"color: #000000;\"><span style=\"font-size: 14px;\"><strong>St. Leonhard<\/strong><\/span><\/span><span style=\"color: #000000;\"><strong><span style=\"color: #000000;\"><span style=\"font-size: 14px;\">\u2013<\/span><\/span><\/strong><\/span><span style=\"color: #000000;\"><span style=\"font-size: 14px;\"><strong>Zelking<\/strong><\/span><\/span><span style=\"color: #000000;\"><strong><span style=\"color: #000000;\"><span style=\"font-size: 14px;\">\u2013<\/span><\/span><\/strong><\/span><span style=\"color: #000000;\"><span style=\"font-size: 14px;\"><strong>Melk (und retour)<\/strong><\/span><span><\/p>\n<p> <\/span><\/span><span style=\"font-size: 16px;\"><span style=\"color: #000000;\"><strong>Partsch <\/strong><\/span><\/span><span style=\"color: #000000;\"><span><br \/> <\/span><\/span><\/div>\n<div style=\"text-align: justify;\">\n<div style=\"text-align: center;\"><span style=\"color: #000000;\"><span style=\"font-size: 14px;\"><br \/> <\/span><\/span><\/div>\n<div><span style=\"color: #000000;\"><span style=\"font-size: 14px;\"> <\/span><\/span><span style=\"color: #000000;\"><span style=\"font-size: 14px;\"><br \/> <\/span><\/span><\/div>\n<p> <span style=\"color: #000000;\"><span style=\"font-size: 14px;\"> <\/span><\/span> <\/p>\n<div style=\"text-align: center;\"><span style=\"color: #000000;\"><span style=\"font-size: 14px;\">Ausz\u00fcge aus einem Antwortschreiben seitens der Firma Partsch<span style=\"color: #000000;\">,<\/span> Wr. Neustadt vom 9. Dezember 1992<\/span><span style=\"font-size: 14px;\"><\/p>\n<p> <\/span><\/span><\/div>\n<div style=\"text-align: justify;\"><span style=\"color: #000000;\"><span style=\"font-size: 14px;\"> <br \/> Wr. Neustadt, 9. 12. 1992<br \/> P\/PA<\/p>\n<p> Sehr geehrter Herr Pichler!<\/p>\n<p> Ich hoffe, Ihnen mit dem noch vorhandenen Material, welches Ihnen in Kopie zugeht zu dienen.<\/p>\n<p> Unsere Firma besch\u00e4ftigt sich seit 1922 mit dem Betrieb von Kraftfahrlinien in Wr. Neustadt und Umgebung. 1926 wurde der Verkehrsbetrieb Stadtwerke Wiener Neustadt der Gemeinde Wr. Neustadt gegr\u00fcndet.<br \/> Es entstand eine schwierige Konkurrenzsituation, welche den Bestand unserer Firma gef\u00e4hrdete.<\/p>\n<p> Durch Intervention bei der Landesregierung, ich glaube der damalige Landeshauptmann hie\u00df Buresch, wurde unser Firmengr\u00fcnder Max Partsch vom Landeshauptmann darauf aufmerksam gemacht, da\u00df die diversen Vertreter aus Ihrer Region an der Errichtung eines periodischen Personenverkehrs (Kraftfahrlinienverkehr) interessiert sind.<br \/> So wurde von 1927<\/span><\/span><span style=\"font-size: 14px;\"><span style=\"color: #000000;\">\u2013<\/span><\/span><span style=\"color: #000000;\"><span style=\"font-size: 14px;\">1930 <span style=\"color: #000000;\">sieben<\/span> Kraftfahrlinien eingerichtet, die bis Kriegsende im Jahre 1945 betrieben wurden.<\/p>\n<p> Leider wurde der Fuhrpark vollkommen zerst\u00f6rt, soda\u00df der Verkehr nach dem Krieg in Ihrem Gebiet nicht mehr aufgenommen werden konnte und der Filialbetrieb Mank 1955 beim Kreis- und Handelsgericht St. P\u00f6lten gel\u00f6scht werden mu\u00dfte.<\/p>\n<p> Heute betreiben wir vorwiegend in den Bezirken Wr. Neustadt, Neunkirchen und Baden eine Reihe von Kraftfahrlinien und haben 28 Linienbusse im Einsatz, die ca. 1,6 Mio. Kilometer im Jahr leisten.<br \/> Au\u00dferdem wird im Standort Wr. Neustadt ein Mercedes-Benz Kundendienst, zur Betreuung der Mercedesfahrer in Stadt- und Land Wr. Neustadt, sowie der BH Neunkirchen betrieben.<\/p>\n<p> Insgesamt besch\u00e4ftigen wir 90 Mitarbeiter.<\/p>\n<p> Ich w\u00fcrde mich freuen, wenn die Unterlagen zur Vervollst\u00e4ndigung Ihrer Sammlung beitragen und vor allem freut es mich, da\u00df die T\u00e4tigkeit unseres Firmengr\u00fcnders Max Partsch in Ihrer Region nach 65 Jahren (inzwischen sind es einige mehr geworden!) noch nicht vergessen ist.<\/p>\n<p> Mit freundlichen Gr\u00fc\u00dfen<\/p>\n<p> (Unterschrift)<br \/> Partsch<\/span><\/span><span style=\"font-size: 14px;\"><br \/> <\/span><\/div>\n<p> <\/p>\n<div><span style=\"color: #000000;\"><br \/> <\/span><\/div>\n<div><span style=\"color: #000000;\"> <br \/> <\/span><\/div>\n<p> <span style=\"color: #000000;\"> <\/span> <\/p>\n<div style=\"text-align: center;\"><span style=\"color: #000000;\">Best\u00e4tigung<\/p>\n<p> <\/span><\/div>\n<div style=\"text-align: justify;\"><span style=\"color: #000000;\">Die Allgemeine Gewerbe-Bezirks-Genossenschaft Mank best\u00e4tigt hiermit das die Autobusunternehmung Max Partsch in Mank die Inkorporationsgeb\u00fchr von&nbsp;<\/span><\/div>\n<div style=\"text-align: center;\"><span style=\"color: #000000;\"><br \/> T&nbsp; 5,- (f\u00fcnf) Schillimg<br \/> <\/span><\/div>\n<div style=\"text-align: justify;\"><span style=\"color: #000000;\"><br \/> heute richtig erlegt hat.<\/p>\n<p> MANK am 9. Mai 1927 <\/p>\n<p> Vorstand <br \/> (Namensstempel)<br \/> <span><span style=\"font-size: 14px;\">Franz Wagner<br \/> <\/span><\/span><br \/> und Stempel der Allgemeinen Gewerbe-Bezirks-Genossenschaft Mank<\/span><\/p>\n<p> &nbsp;<\/p><\/div>\n<div><span style=\"font-size: 10pt;\">An<\/span><\/div>\n<p> <span style=\"font-size: 14px;\">die l\u00f6bliche Bezirkshauptmannschaft in Melk. Ich melde, dass ich in Mank Nr. 4 eine Filiale meines Lohnfuhrwerkes mittels Omnibus, laut Gewerbeschein vom Magistrat Wr. Neustadt Z.I\/36\/1926, Gew. Reg. Post 36 vom 27. III. 1926, errichtet habe.<br \/><\/span> <\/p>\n<div><span style=\"font-size: 10pt;\">Gesch\u00e4ftsleiter ist Linzbauer Siegfried, Kraftwagenlenker, geb. 1. Februar 1903 in Unter-Pertolz, zust. nach Weikertsschlag, Bez. Raabs.<\/span><\/div>\n<div><span style=\"font-size: 10pt;\">Wr. Neustadt, am 21. November 1927.<\/span><\/div>\n<\/p><\/div>\n<div style=\"text-align: right;\"><span style=\"color: #000000;\"><span style=\"font-size: 14px;\">Hochachtungsvollst ergebenst<br \/> (Firmenstempel und Unterschrift)<\/span> <\/span><\/div>\n<div style=\"text-align: justify;\"><span style=\"color: #000000;\"><span style=\"font-size: 14px;\"><\/p>\n<p> P.D.Z.6-2134\/1927. <br \/> <\/span><\/span><\/div>\n<div style=\"text-align: right;\"><span style=\"color: #000000;\"><span style=\"font-size: 14px;\">Wien, am 19. September 1927.<br \/> <\/span><\/span><\/div>\n<div style=\"text-align: center;\"><span style=\"color: #000000;\"><span style=\"font-size: 14px;\"><\/p>\n<p> An den Postfahrtunternehmer<br \/> Herrn Max Partsch<br \/> in <\/span><\/span><span style=\"color: #000000;\"><span style=\"font-size: 14px;\">Wr. Neustadt<\/span><\/span><\/div>\n<div style=\"text-align: right;\"><span style=\"color: #000000;\"><span style=\"font-size: 14px;\"><br \/> <\/span><\/span><\/div>\n<div style=\"text-align: justify;\"><span style=\"color: #000000;\"><span style=\"font-size: 14px;\"><br \/> Bei un<span style=\"color: #000000;\">s<\/span> wurde die Uebertragung der Postfahrten a) Bahnhof Loosdorf<\/span><\/span><span style=\"font-size: 14px;\"><span style=\"color: #000000;\">\u2013<\/span><\/span><span style=\"color: #000000;\"><span style=\"font-size: 14px;\">Postamt H\u00fcrm und b) Postamt Mank<\/span><\/span><span style=\"font-size: 14px;\"><span style=\"color: #000000;\">\u2013<\/span><\/span><span style=\"color: #000000;\"><span style=\"font-size: 14px;\">Postamt Kirnberg a. d. Mank<\/span><\/span><span style=\"font-size: 14px;\"><span style=\"color: #000000;\">\u2013<\/span><\/span><span style=\"color: #000000;\"><span style=\"font-size: 14px;\">Postamt Texing an Ihr Unternehmung angeregt.<br \/> Die Uebertragung kann aber erst dann in Erw\u00e4gung gezogen werden, wenn uns folgende Umst\u00e4nde bekannt sind:<br \/> 1.) Ob Ihre Kraftwagenfahrten auch den Winter \u00fcber regelm\u00e4ssig aufrechterhalten werden,<br \/> 2.) die Verkehrszeiten des Kraftwagens auf den obenangef\u00fchrten Strecken und<br \/> 3.) Ihr Angebot getrennt f\u00fcr j<span style=\"color: #000000;\">e<\/span>de Fahrt <span style=\"color: #000000;\">(vorgelegt wird)<\/span>.<br \/> <span style=\"color: #000000;\">B<\/span>eide <span style=\"color: #000000;\">F<\/span>ahrten w\u00e4ren t\u00e4glich in jeder Richtung einmal zu besorgen, und zwar Postzuleitung vormittags und Postableitung nachmittags oder abends.<br \/> Wir laden Sie ein, uns die n\u00f6tigen Angaben zu liefern.<br \/> F\u00fcr die allf\u00e4llige Einrichtung einer regelm\u00e4ssigen Postfahrt zwischen den Post\u00e4mtern <span style=\"color: #000000;\">Me<\/span>lk und Matzleinsdorf bei Melk steht uns nur ein ganz geringer Betrag als Monatsverg\u00fctung zur <span style=\"color: #000000;\">V<\/span>erf\u00fcgung, da der Paketverkehr des letztgenannten Amtes sehr schwach ist.<br \/> Wir w\u00e4ren aber nicht abgeneigt, die bisherige Fussbotenverbindung aufzulassen und durch eine Kraftwagenverbindung zu ersetzen, falls Ihr diesbez\u00fcgliches Angebot sehr niedrig gehalten w\u00e4re. Wollen Sie uns daher auch in dieser <span style=\"color: #000000;\">Bez<\/span>iehung Ihre Vorschl\u00e4ge machen. <br \/> <\/span><\/span><\/div>\n<div style=\"text-align: right;\"><span style=\"color: #000000;\"><span style=\"font-size: 14px;\">(Unterschrift)<\/span><\/span><\/div>\n<div style=\"text-align: justify;\"><span style=\"font-size: 14px;\"><\/p>\n<p> <\/span><\/div>\n<div style=\"text-align: center;\"><span style=\"color: #000000;\"><span style=\"font-size: 14px;\">Landeshauptmannschaft Niederdonau.<\/span><\/p>\n<p> <\/span><\/div>\n<div style=\"text-align: justify;\"><span style=\"color: #000000;\"><span style=\"font-size: 14px;\"><br \/> L.A.T.\/<span style=\"color: #000000;\">II<\/span>-1376\/13-XXXVI-1938.<\/p>\n<p> Partsch Max, Kraftfahrlinien <br \/> 1.) Melk<\/span><\/span><span style=\"font-size: 14px;\"><span style=\"color: #000000;\">\u2013<\/span><\/span><span style=\"color: #000000;\"><span style=\"font-size: 14px;\">Mank,<br \/> 2.) Melk<\/span><\/span><span style=\"font-size: 14px;\"><span style=\"color: #000000;\">\u2013<\/span><\/span><span style=\"color: #000000;\"><span style=\"font-size: 14px;\">Texing, <br \/> 3.) Loosdorf<\/span><\/span><span style=\"font-size: 14px;\"><span style=\"color: #000000;\">\u2013<\/span><\/span><span style=\"color: #000000;\"><span style=\"font-size: 14px;\">Scheibbs<\/span>, <br \/> <span style=\"font-size: 14px;\">4.) Mank<\/span><\/span><span style=\"font-size: 14px;\"><span style=\"color: #000000;\">\u2013<\/span><\/span><span style=\"color: #000000;\"><span style=\"font-size: 14px;\">Pielach,<br \/> 5.) Mank<\/span><\/span><span style=\"font-size: 14px;\"><span style=\"color: #000000;\">\u2013<\/span><\/span><span style=\"color: #000000;\"><span style=\"font-size: 14px;\">Scheibbs, Melk<\/span><\/span><span style=\"font-size: 14px;\"><span style=\"color: #000000;\">\u2013<\/span><\/span><span style=\"color: #000000;\"><span style=\"font-size: 14px;\">P\u00f6chlarn.<\/span><br \/> <span style=\"font-size: 14px;\">Neufestsetzung der Haltestellen<\/span> <span style=\"font-size: 14px;\">und Umbau der Linienwagen anl\u00e4sslich Einf\u00fchrung der Rechtsfahrordnung.<\/span><\/p>\n<p> <\/span><\/div>\n<div style=\"text-align: center;\"><span style=\"color: #000000;\"><br \/> <span style=\"font-size: 14px;\">Bescheid.<\/span><br \/> <\/span><\/div>\n<div style=\"text-align: justify;\"><span style=\"color: #000000;\"><span style=\"font-size: 14px;\"><\/p>\n<p> Dem Konzessionsinhaber Max Partsch werden auf Grund der \u00f6rtlichen Verhandlungen (kommissionelle Befahrung) vom 12. September 1938 f\u00fcr die Personenkraftfahrlinien 1.) Melk<\/span><\/span><span style=\"font-size: 14px;\"><span style=\"color: #000000;\">\u2013<\/span><\/span><span style=\"color: #000000;\"><span style=\"font-size: 14px;\">Mank, 2.) Melk<\/span><\/span><span style=\"font-size: 14px;\"><span style=\"color: #000000;\">\u2013<\/span><\/span><span style=\"color: #000000;\"><span style=\"font-size: 14px;\">Texing, 3.) Loosdorf<\/span><\/span><span style=\"font-size: 14px;\"><span style=\"color: #000000;\">\u2013<\/span><\/span><span style=\"color: #000000;\"><span style=\"font-size: 14px;\">Scheibbs, 4.) Mank<\/span><\/span><span style=\"font-size: 14px;\"><span style=\"color: #000000;\">\u2013<\/span><\/span><span style=\"color: #000000;\"><span style=\"font-size: 14px;\">Pielach, 5.) Mank<\/span><\/span><span style=\"font-size: 14px;\"><span style=\"color: #000000;\">\u2013<\/span><\/span><span style=\"color: #000000;\"><span style=\"font-size: 14px;\">Scheibbs, 6.) Melk<\/span><\/span><span style=\"font-size: 14px;\"><span style=\"color: #000000;\">\u2013<\/span><\/span><span style=\"color: #000000;\"><span style=\"font-size: 14px;\">P\u00f6chlarn die nach den angeschlossenen Niederschriften vorgesehenen Massnahmen zur Neufestsetzung der Haltestellen und zum Umbau der Linienwagen anl\u00e4sslich Einf\u00fchrung der Rechtsfahrordnung gem\u00e4ss der Einf\u00fchrungskundmachung zur Strassenverkerh<span style=\"color: #000000;\">r<\/span>s-Ordnung G.Bl. Nr. 171 (Jahr)<\/span><\/span><span style=\"color: #000000;\"><span style=\"font-size: 14px;\">1938, in der Fassung der Verordnung G.Bl. Nr. 395\/1938, bzw. den Bestimmungen der \u00a7\u00a7 7 und 9 der 1. Durchf\u00fchrungsverordnung zum Kraftfahrliniengesetz zur unverz\u00fcglichen Durchf\u00fchrung vorgeschrieben.<br \/> Dieser Bescheid ist rechtskr\u00e4ftig, da der Konzessionsinhaber (Betriebsf\u00fchrer) die vorgeschriebenen Anordnungen bei der \u00f6rtlichen Verhandlung bereits zustimmend zur Kenntnis genommen hat.<br \/> Die erfolgte Durchf\u00fchrung der gegenst\u00e4ndlichen Anordnung ist vom Konzessionsinhaber (Betriebsf\u00fchrer) innerhalb zwei Wochen nach Erhalt dieses Bescheides der Landeshauptmannschaft Niederdonau (L.A.I\/11) anzuzeigen.<br \/> Ergeht gleichlautend an: 1.) (Konzessionsinhaber) Herrn Max Partsch (<\/span><span style=\"font-size: 14px;\">Betri<span style=\"color: #000000;\">e<\/span>bsf\u00fchrer) in Wr. Neustadt.<br \/> 2.) Die Bezirkshauptmannschaft in Melk mit dem Auftrag zur Verst\u00e4ndigung der beteiligten Bezirksstrasssenaussch\u00fcsse.<\/p>\n<p> Wien, am 1. Dez. 1938<br \/> F\u00fcr den Landeshauptmann:<br \/> (Rupprecht)<br \/> <\/span><\/span><\/div>\n<div style=\"text-align: right;\"><span style=\"color: #000000;\"><span style=\"font-size: 14px;\">F\u00fcr die Richtigkeit der Ausfertigung<br \/> Der Kanzleidirektor:<br \/> (Unterschrift)<\/span> <\/span><\/div>\n<div style=\"text-align: center;\"><span style=\"color: #000000;\"><br \/> <\/span><\/div>\n<p>&nbsp;<\/p>\n<div style=\"text-align: justify;\"><span style=\"font-size: 14px;\"> <\/span><span style=\"color: #000000;\"><span style=\"font-size: 14px;\">L\u00f6schung der Zweigniederlassung Mank<br \/> (Blattzahl 35)<br \/> Pauschalgeb\u00fchr gem\u00e4ss Tarifpost 12 des Gerichts- und Justizverwaltungsgeb\u00fchrengesetzes, BGBl. 75\/50 Schilling 40,-<br \/> Portoauslagen (\u00a7 1, BGBl. 109\/48&nbsp; Schilling 6,-<br \/> <\/span><\/span><\/div>\n<div style=\"text-align: right;\"><span style=\"color: #000000;\"><span style=\"font-size: 14px;\"><br \/> <\/span><span style=\"font-size: 14px;\">Kreis-als Handelsgericht St. P\u00f6lten <br \/> am 17. J\u00e4nner 1955<br \/>&nbsp;&nbsp;&nbsp;&nbsp; (Unterschrift des Kostenbeamten)<\/p>\n<p> <\/span><\/span><\/div>\n<div style=\"text-align: justify;\"><span style=\"color: #000000;\"><br \/> <\/span><\/div>\n<div style=\"text-align: center;\"><span style=\"font-size: 16px;\">&nbsp;<span style=\"color: #000000;\"><strong>Kerschner<\/strong><\/span><\/span><span style=\"color: #000000;\"><span style=\"font-size: 14px;\">&nbsp;<br \/> <\/span><\/span><\/div>\n<div style=\"text-align: justify;\"> &nbsp;<\/div>\n<div style=\"text-align: center;\"><span style=\"color: #000000;\"><span style=\"font-size: 14px;\"> Sehr geehrter Hr. Pichler<br \/> <\/span><\/span><\/div>\n<div style=\"text-align: justify;\">\n<p> &nbsp;<\/p><\/div>\n<div style=\"text-align: justify;\"><span style=\"color: #000000;\"><span style=\"font-size: 14px;\">Das Autobusunternehmen Johann Kerschner hat den Linienbetrieb im Jahr 1945 \u00fcbernommen. Der Betrieb ging nahtlos an die Kerschner Reisen und Transporte GmbH und sp\u00e4ter an die Kerschner Reisen GmbH \u00fcber.<br \/> Bis zur weitgehenden Individualmotorisierung verkehrte der Linienverkehr auch noch Samstags und Sonntags mit vollen Bussen. Die Sonntagskurse wurden dann um ca. 1990 eingestellt. Seit Einf\u00fchrung der 5 Tage Woche im Stiftsgymnasium Melk im Jahr 2007 verkehrt die Linie nur mehr Mo.\u2013Fr.<br \/> Fahrscheine gibt es keine mehr \u2013 die Linie verkehrt vollst\u00e4ndig im Verkehrsverbund Nieder\u00f6sterreich\/Burgenland VVNB. <br \/> Die Fahrscheine werden \u00fcber Fahrscheindrucker im Bus verkauft.<br \/> Herzliche Reisegr\u00fc\u00dfe<\/p>\n<p> Mag. FH Anton Pichler<br \/> Disposition<br \/> Kerschner Reisen GmbH<br \/> (Freundlicherweise zVg)<\/span><\/span><span style=\"color: #000000;\"><span style=\"font-size: 14px;\"> <\/span><\/span><\/div>\n<div style=\"text-align: center;\"> <img loading=\"lazy\" decoding=\"async\" class=\" size-full wp-image-185\" style=\"width: 347px; height: 509px;\" alt=\"\" src=\"https:\/\/zelking.grafikweb.eu\/wp-content\/uploads\/2011\/01\/fahrplan%20ia.jpg\" width=\"500\" height=\"734\" \/><br \/> <span style=\"color: #000000;\"><span style=\"font-size: 14px;\">Fahrplan g\u00fcltig ab Anfang Juni 1950<\/span><\/span><\/p>\n<p> <img loading=\"lazy\" decoding=\"async\" class=\" size-full wp-image-186\" style=\"width: 427px; height: 310px;\" alt=\"\" src=\"https:\/\/zelking.grafikweb.eu\/wp-content\/uploads\/2011\/01\/fahrplan%201.jpg\" width=\"750\" height=\"544\" \/><br \/> <span style=\"color: #000000;\"><span style=\"font-size: 14px;\">Fahrplan mit ge\u00e4nderten Tarifen<\/span><\/span><\/div>\n<div style=\"text-align: justify;\">&nbsp;<br \/> &nbsp;<\/div>\n<div style=\"text-align: center;\"> <img loading=\"lazy\" decoding=\"async\" class=\" size-full wp-image-187\" style=\"width: 510px; height: 345px;\" alt=\"\" src=\"https:\/\/zelking.grafikweb.eu\/wp-content\/uploads\/2011\/01\/fahrscheine.jpg\" width=\"600\" height=\"408\" srcset=\"https:\/\/zelking.grafikweb.eu\/wp-content\/uploads\/2011\/01\/fahrscheine.jpg 600w, https:\/\/zelking.grafikweb.eu\/wp-content\/uploads\/2011\/01\/fahrscheine-300x204.jpg 300w\" sizes=\"auto, (max-width: 600px) 100vw, 600px\" \/><span style=\"color: #000000;\"><span style=\"font-size: 14px;\"><br \/> Fahrscheine um 1960 <span style=\"color: #000000;\">(?)<\/span><br \/> <span style=\"color: #000000;\">(Originalgr\u00f6\u00dfe!)<\/span><br \/> <\/span><\/span><span style=\"color: #000000;\"><span style=\"font-size: 14px;\"><\/p>\n<p> <\/span><\/span><img loading=\"lazy\" decoding=\"async\" class=\" size-full wp-image-188\" style=\"width: 190px; height: 131px;\" alt=\"\" src=\"https:\/\/zelking.grafikweb.eu\/wp-content\/uploads\/2011\/01\/bus%201.jpg\" width=\"400\" height=\"277\" \/><span style=\"color: #000000;\"><span style=\"font-size: 14px;\">&nbsp; <\/span><\/span><img loading=\"lazy\" decoding=\"async\" class=\" size-full wp-image-189\" style=\"width: 190px; height: 131px;\" alt=\"\" src=\"https:\/\/zelking.grafikweb.eu\/wp-content\/uploads\/2011\/01\/bus%202.jpg\" width=\"400\" height=\"277\" \/><br \/> <span style=\"color: #000000;\"><span style=\"font-size: 14px;\">Der Oldtimerbus<\/span><span style=\"color: #000000;\"><span style=\"font-size: 14px;\"> aus den 1950er Jahren der Firma Kerschner<\/span><\/span><\/span><\/p>\n<p> <img loading=\"lazy\" decoding=\"async\" class=\" size-full wp-image-190\" style=\"width: 200px; height: 138px;\" alt=\"\" src=\"https:\/\/zelking.grafikweb.eu\/wp-content\/uploads\/2011\/01\/fahrschein%202%20k.jpg\" width=\"300\" height=\"208\" \/>&nbsp;&nbsp;&nbsp; <img loading=\"lazy\" decoding=\"async\" class=\" size-full wp-image-191\" style=\"width: 200px; height: 138px;\" alt=\"\" src=\"https:\/\/zelking.grafikweb.eu\/wp-content\/uploads\/2011\/01\/fahrschein%201%20k.jpg\" width=\"300\" height=\"208\" \/><br \/> <span style=\"color: #000000;\"><span style=\"font-size: 14px;\">Fahrscheine aus 2008 (Zelking<\/span><\/span><span style=\"font-size: 14px;\"><span style=\"color: #000000;\">\u2013<\/span><\/span><span style=\"color: #000000;\"><span style=\"font-size: 14px;\">Melk und Melk<\/span><\/span><span style=\"font-size: 14px;\"><span style=\"color: #000000;\">\u2013<\/span><\/span><span style=\"color: #000000;\"><span style=\"font-size: 14px;\">Zelking)<\/span><\/span><\/p>\n<p> <img loading=\"lazy\" decoding=\"async\" class=\" size-full wp-image-192\" style=\"width: 200px; height: 139px;\" alt=\"\" src=\"https:\/\/zelking.grafikweb.eu\/wp-content\/uploads\/2011\/01\/fahrschein%204%20k.jpg\" width=\"300\" height=\"208\" \/> &nbsp;&nbsp; <span style=\"color: #000000;\"><span style=\"font-size: 14px;\"> <\/span><\/span><img loading=\"lazy\" decoding=\"async\" class=\" size-full wp-image-193\" style=\"width: 199px; height: 138px;\" alt=\"\" src=\"https:\/\/zelking.grafikweb.eu\/wp-content\/uploads\/2011\/01\/fahrschein%203%20k.jpg\" width=\"300\" height=\"208\" \/><br \/> <span style=\"color: #000000;\"><span style=\"font-size: 14px;\">Fahrscheine aus 2008 (Zelking<\/span><\/span><span style=\"font-size: 14px;\"><span style=\"color: #000000;\">\u2013<\/span><\/span><span style=\"color: #000000;\"><span style=\"font-size: 14px;\">St. Leonhard und St. Leonhard<\/span><\/span><span style=\"font-size: 14px;\"><span style=\"color: #000000;\">\u2013<\/span><\/span><span style=\"color: #000000;\"><span style=\"font-size: 14px;\">Zelking)<\/span><\/span><\/div>\n<div style=\"text-align: justify;\"><span style=\"color: #000000;\"><span style=\"font-size: 14px;\"><br \/> <\/span><\/span><\/div>\n<p><span style=\"color: #000000;\"><span style=\"color: #000000;\"><span style=\"font-size: 14px;\"> <br \/><\/span><\/span><\/span><\/p>\n<div style=\"text-align: center;\"><img loading=\"lazy\" decoding=\"async\" class=\" size-full wp-image-194\" style=\"width: 209px; height: 144px;\" alt=\"\" src=\"https:\/\/zelking.grafikweb.eu\/wp-content\/uploads\/2011\/01\/kerschner%20neu%201.jpg\" width=\"244\" height=\"168\" \/> &nbsp; <img loading=\"lazy\" decoding=\"async\" class=\" size-full wp-image-195\" style=\"width: 216px; height: 148px;\" alt=\"\" src=\"https:\/\/zelking.grafikweb.eu\/wp-content\/uploads\/2011\/01\/kerschner%20neu%202.jpg\" width=\"244\" height=\"168\" \/><br \/> <span style=\"color: #000000;\">Fahrscheine vom M\u00e4rz 2011 (links) Zelking<\/span><span style=\"font-size: 14px;\"><span style=\"color: #000000;\">\u2013<\/span><\/span><span style=\"color: #000000;\">Melk und (rechts) Tageskarte <\/span><span style=\"color: #000000;\"><span style=\"font-size: 14px;\"><span style=\"color: #000000;\">Zelking<\/span><span style=\"font-size: 14px;\"><span style=\"color: #000000;\">\u2013<\/span><\/span><\/span><\/span><span style=\"color: #000000;\">St. Leonhard am Forst<\/span><\/div>\n<div style=\"text-align: justify;\">&nbsp;<\/div>\n<div style=\"text-align: justify;\">&nbsp;<\/div>\n<div style=\"text-align: justify;\"><span style=\"color: #000000;\">Dank diversem, in Kopie zur Verf\u00fcgung gestelltem Material, seitens beider Firmenchefs (und eigenem Material), konnte eine Beschreibung dieser privat gef\u00fchrten Linien vorgenommen werden!.<\/span><\/div>\n<div>&nbsp;<\/div>\n","protected":false},"excerpt":{"rendered":"<p>&nbsp; Die Linienbusunternehmen Partsch und Kerschner<\/p>\n","protected":false},"author":2,"featured_media":185,"comment_status":"open","ping_status":"open","sticky":false,"template":"","format":"standard","meta":{"footnotes":""},"categories":[49],"tags":[],"class_list":["post-196","post","type-post","status-publish","format-standard","has-post-thumbnail","hentry","category-infrastruktur"],"_links":{"self":[{"href":"https:\/\/zelking.grafikweb.eu\/index.php?rest_route=\/wp\/v2\/posts\/196","targetHints":{"allow":["GET"]}}],"collection":[{"href":"https:\/\/zelking.grafikweb.eu\/index.php?rest_route=\/wp\/v2\/posts"}],"about":[{"href":"https:\/\/zelking.grafikweb.eu\/index.php?rest_route=\/wp\/v2\/types\/post"}],"author":[{"embeddable":true,"href":"https:\/\/zelking.grafikweb.eu\/index.php?rest_route=\/wp\/v2\/users\/2"}],"replies":[{"embeddable":true,"href":"https:\/\/zelking.grafikweb.eu\/index.php?rest_route=%2Fwp%2Fv2%2Fcomments&post=196"}],"version-history":[{"count":0,"href":"https:\/\/zelking.grafikweb.eu\/index.php?rest_route=\/wp\/v2\/posts\/196\/revisions"}],"wp:featuredmedia":[{"embeddable":true,"href":"https:\/\/zelking.grafikweb.eu\/index.php?rest_route=\/wp\/v2\/media\/185"}],"wp:attachment":[{"href":"https:\/\/zelking.grafikweb.eu\/index.php?rest_route=%2Fwp%2Fv2%2Fmedia&parent=196"}],"wp:term":[{"taxonomy":"category","embeddable":true,"href":"https:\/\/zelking.grafikweb.eu\/index.php?rest_route=%2Fwp%2Fv2%2Fcategories&post=196"},{"taxonomy":"post_tag","embeddable":true,"href":"https:\/\/zelking.grafikweb.eu\/index.php?rest_route=%2Fwp%2Fv2%2Ftags&post=196"}],"curies":[{"name":"wp","href":"https:\/\/api.w.org\/{rel}","templated":true}]}}