{"id":20,"date":"2009-01-28T06:20:11","date_gmt":"2009-01-28T06:20:11","guid":{"rendered":"https:\/\/zelking.com\/2009\/01\/28\/filialkirche-maierhoefen\/"},"modified":"2009-01-28T06:20:11","modified_gmt":"2009-01-28T06:20:11","slug":"filialkirche-maierhoefen","status":"publish","type":"post","link":"https:\/\/zelking.grafikweb.eu\/?p=20","title":{"rendered":"Filialkirche Maierh\u00f6fen"},"content":{"rendered":"<div>&nbsp;<\/div>\n<div style=\"text-align: center;\">\n<div style=\"text-align: center;\"><span style=\"font-family: arial,helvetica,sans-serif;\"><strong><span style=\"font-size: 14pt;\"><br \/> <\/span><\/strong><span style=\"color: #000000;\"><span style=\"font-size: 14pt;\"><strong>Filialkirche zum <\/strong><strong>\u201e<\/strong><strong>Hl. Nikolaus<\/strong><strong>\u201c<\/strong><\/span><strong><span style=\"font-size: 14pt;\"><br \/> <span style=\"font-size: 14px;\"><br \/> <\/span><br \/> <\/span><\/strong><span style=\"font-size: 12pt;\"><img loading=\"lazy\" decoding=\"async\" class=\" size-full wp-image-1\" style=\"width: 225px; height: 284px;\" alt=\"\" src=\"https:\/\/zelking.grafikweb.eu\/wp-content\/uploads\/2009\/01\/b63.jpg\" width=\"320\" height=\"406\" srcset=\"https:\/\/zelking.grafikweb.eu\/wp-content\/uploads\/2009\/01\/b63.jpg 320w, https:\/\/zelking.grafikweb.eu\/wp-content\/uploads\/2009\/01\/b63-236x300.jpg 236w\" sizes=\"auto, (max-width: 320px) 100vw, 320px\" \/><\/span><span style=\"font-size: 12pt;\"><span style=\"font-size: 10pt;\"><br \/> <\/span>S\u00fcdseitige Ansicht<\/span><\/span><\/span><\/div>\n<div style=\"text-align: center;\"><span style=\"color: #000000;\">&nbsp;<\/span><\/div>\n<div style=\"text-align: center;\"><span style=\"color: #000000;\">&nbsp;<\/span><\/div>\n<div style=\"text-align: justify;\"><span style=\"font-size: 12pt; font-family: arial,helvetica,sans-serif; color: #000000;\">Die Filialkirche zum \u201eHeiligen Nikolaus\u201c in dem Weiler Maierh\u00f6fen befand sich urspr\u00fcnglich viel n\u00e4her zur Donau gelegen, die durch Anlandungen beziehungsweise Regulierungen sich heute schon etliches entfernt von der \u201eSchifferkirche\u201c befindet<\/span><\/div>\n<\/p><\/div>\n<div><span style=\"font-size: 12pt; font-family: arial,helvetica,sans-serif; color: #000000;\"><\/span> <\/p>\n<div style=\"text-align: justify;\"><span style=\"color: #000000;\">&nbsp;<\/span><\/div>\n<div style=\"text-align: justify;\"><span style=\"font-size: 12pt; font-family: arial,helvetica,sans-serif; color: #000000;\">Maierh\u00f6fen kommt unter dem Namen Marchouen schon im Melker Urbar von 1314 vor.<\/span><\/div>\n<div style=\"text-align: justify;\"><span style=\"font-size: 12pt; font-family: arial,helvetica,sans-serif; color: #000000;\">Grundherrschaft und Ortsobrigkeit befand sich bei der Melker Stiftsherrschaft.<\/span><\/div>\n<div style=\"text-align: justify;\"><span style=\"font-size: 12pt; font-family: arial,helvetica,sans-serif; color: #000000;\">Das Urbar von 1316 erw\u00e4hnt eine Kirche in dem \u201eunteren\u201c Bergarn (Bergern), womit aber Maierh\u00f6fen gemeint ist!<\/span><\/div>\n<div style=\"text-align: justify;\">\n<div style=\"text-align: justify;\"><span style=\"font-size: 14px; font-family: arial,helvetica,sans-serif; color: #000000;\"><br \/> <\/span><\/div>\n<div style=\"text-align: justify;\"><span style=\"font-family: arial,helvetica,sans-serif; color: #000000;\"><span style=\"font-size: 12pt;\">1316 hatte das Hochstift Freising G\u00fcter in Ober-Pergarn bei der Kirche (hier ist Maierh\u00f6fen gemeint) und in Bergern (* Seite&nbsp; 130). 1453, 20.&nbsp;April, Wien, verleiht K\u00f6nig Ladislaus dem Reinprecht von Ebersdorf unter anderem zwei Teile Wein- und Getreidezehent zu Frenigaw, Pergarn und Mairhoven in Melkcher Pfarre und zu Matzleinsdorff in Matzleinsdorffer Pfarre. <\/span><\/span><\/div>\n<div style=\"text-align: justify;\"><span style=\"font-family: arial,helvetica,sans-serif; color: #000000;\"><span style=\"font-size: 12pt;\">(* Geschichtliche Beilagen zum St. P\u00f6ltner Di\u00f6zesanblatt, Band 16, 1998, Seite 132).<\/span> <br \/> <\/span><\/div>\n<div style=\"text-align: justify;\"><span style=\"color: #000000;\">&nbsp;<\/span><\/div>\n<div style=\"text-align: justify;\"><span style=\"color: #000000;\">&nbsp;<\/span><\/div>\n<\/p><\/div>\n<div style=\"text-align: center;\"><span style=\"font-size: 16px; font-family: arial,helvetica,sans-serif; color: #000000;\"><strong>\u00c4u\u00dferes<\/strong><\/span><\/div>\n<div style=\"text-align: justify;\"><span style=\"font-size: 12pt; font-family: arial,helvetica,sans-serif; color: #000000;\"><br \/> <\/span><\/div>\n<div style=\"text-align: justify;\"><span style=\"font-size: 12pt; font-family: arial,helvetica,sans-serif; color: #000000;\"><br \/> Die Filialkirche Maierh\u00f6fen besitzt eine reizvolle barocke Au\u00dfenerscheinung; die aus dem barocken Langhaus, dem einspringenden gotischen Chor mit 5\/8-Schluss und dem vorgebauten Westturm mit neubarocker Zwiebelhaube besteht. Das bestehende Bauwerk hat eine kr\u00e4ftige Putzgliederung, die durch die Altrosa-Wei\u00df-F\u00e4rbelung unterstrichen wird.<\/span><\/div>\n<div style=\"text-align: justify;\">\n<div style=\"text-align: justify;\"><span style=\"font-size: 12pt; font-family: arial,helvetica,sans-serif; color: #000000;\">Eine Au\u00dfenrenovierung erfolgte 1981.<\/span><\/div>\n<p> <span style=\"font-size: 12pt; font-family: arial,helvetica,sans-serif; color: #000000;\"><br \/> In den ersten Jahrhunderten des Christentums waren die Heiligen fast ausschlie\u00dflich M\u00e4rtyrer oder sogenannte Bekenner, wie vermutlich auch der heilige Nikolaus. Sein Todestag (6.&nbsp;Dez.) ist um 350 anzunehmen. Der Geburts- und Sterbeort Myra lag im damaligen Lykien. Demre (das fr\u00fchere Myra) und Bari in Apulien teilen sich den Ruhm des Nikolaus-Kultes.<\/span><\/div>\n<div style=\"text-align: justify;\"><span style=\"font-size: 12pt; font-family: arial,helvetica,sans-serif; color: #000000;\">Wer kennt nicht diesen Schutzheiligen?<\/span><\/div>\n<div style=\"text-align: justify;\"><span style=\"font-family: arial,helvetica,sans-serif; font-size: 12pt; color: #000000;\">Nikolaus bedeutet \u00fcbersetzt: Sieg und Volk; er ist der Patron Russlands, \u201eV\u00e4terchen Frost\u201c.<\/p>\n<p> <\/span><\/div>\n<div style=\"text-align: justify;\"><span style=\"font-size: 12pt; font-family: arial,helvetica,sans-serif; color: #000000;\">Besonders die Kinder lieben ihn an seinem Gedenktag! Dargestellt wird er mit drei goldenen Kugeln (eventuelle Symbole auf Darstellungen sind noch Brote oder \u00c4pfel bzw. drei Kinder, die sich in einem Bottich befinden).<\/p>\n<p> <\/span><\/div>\n<div style=\"text-align: center;\"><span style=\"font-family: arial,helvetica,sans-serif; color: #000000;\"> <img loading=\"lazy\" decoding=\"async\" class=\" size-full wp-image-2\" alt=\"\" src=\"https:\/\/zelking.grafikweb.eu\/wp-content\/uploads\/2009\/01\/nikolaus%20a.jpg\" width=\"180\" height=\"375\" \/><\/span><br \/><span style=\"font-family: arial,helvetica,sans-serif; font-size: 12pt; color: #000000;\"> Der hl. Nikolaus beschenkt ein M\u00e4dchen (Schokoladenschleife \u2013 Bild von F. M. 2008) <\/span><\/div>\n<div style=\"text-align: justify;\"><span style=\"font-family: arial,helvetica,sans-serif; font-size: 12pt; color: #000000;\"><\/p>\n<p> Ein \u201es\u00fc\u00dfes Abbild\u201c des \u201eKinderbeschenkers\u201c. <br \/> Schokoladeschleifeninschrift (unter anderem): Handgesch\u00f6pft in der Thayataler Schokoladen-Manufaktur Cafe-Konditorei-B\u00e4ckerei M\u00fcssauer, 3830 Waidhofen an der Thaya. <\/span><\/div>\n<div style=\"text-align: justify;\"><span style=\"font-size: 12pt; font-family: arial,helvetica,sans-serif; color: #000000;\"><br \/> Nikolaus soll um 280\/286 in Patras, Griechenland, geboren worden sein, wurde um 300 Bischof von Myra im damaligen Lykien, dem heutigen Demre an der S\u00fcdwestk\u00fcste der T\u00fcrkei, und er ist der Patron der Gefangenen, Fischer, Schiffer usw.<\/span><\/div>\n<div style=\"text-align: justify;\"><span style=\"font-size: 12pt; font-family: arial,helvetica,sans-serif; color: #000000;\">Mancherorts geh\u00f6rt er zu den 14 Nothelfern.<\/span><\/div>\n<\/p><\/div>\n<div><span style=\"color: #000000;\">&nbsp;<\/span><\/div>\n<div><span style=\"font-size: 12pt; font-family: arial,helvetica,sans-serif; color: #000000;\"> <\/span> <\/p>\n<div style=\"text-align: justify;\"><span style=\"font-size: 12pt; font-family: arial,helvetica,sans-serif; color: #000000;\">Nach einer \u00c4u\u00dferung des Hauptmanns der Freisingischen Herrschaft Ulmerfeld, Joachim Freymann (Freijmann) von Randegg, von 1694 ist die Kirche von Ulmerfeldschen Untertanen gegr\u00fcndet worden. Dies geschah wohl vor 1470 und die Abl\u00e4sse (siehe unter Sachw\u00f6rter\/Abl\u00e4sse: Das ganze Mittelalter hindurch gab es immer wieder Versuche, die Armut als Tugend zu ideologisieren \u2013 zuletzt wohl durch den hl. Franz von Assisi \u2013, aber die Realit\u00e4t erwies sich als st\u00e4rker. Das mag wohl auch daran liegen, dass die Kirche zwar den Vorzug der Armut predigte, gleichzeitig aber immer reicher wurde.), die Stephan Heyden, Michael Grulle und Wolfgang Brenner f\u00fcr die Kirche durch den Kardinal-Diakon Johann und den Kardinal-Priester Richard erlangten, d\u00fcrften zur F\u00f6rderung ihres Baues bestimmt gewesen sein, denn noch um diese Zeit lag die Siedlung unmittelbar am Donauufer.<\/span><\/div>\n<div style=\"text-align: justify;\"><span style=\"font-size: 12pt; font-family: arial,helvetica,sans-serif; color: #000000;\">Einstmals befand sich nach dem Gedenkbuch der Pfarre Matzleinsdorf in der Kirche ein \u201emehrenteils geschnitzter Altar des hl. Nikolaus\u201c (vermutlich ein Fl\u00fcgelaltar) und das Kirchlein selbst war \u201enach gotischer Art gestaltet\u201c.<\/span><\/div>\n<div style=\"text-align: justify;\"><span style=\"font-family: arial,helvetica,sans-serif; font-size: 12pt; color: #000000;\">Vom damaligen Zustand (sie hatte weiterhin einen Holzturm) ist wenig erhalten.<\/p>\n<p> <\/span><\/div>\n<div style=\"text-align: center;\"><span style=\"font-family: arial,helvetica,sans-serif; font-size: 12pt; color: #000000;\"><img loading=\"lazy\" decoding=\"async\" class=\" size-full wp-image-3\" style=\"width: 116px; height: 147px;\" alt=\"\" src=\"https:\/\/zelking.grafikweb.eu\/wp-content\/uploads\/2009\/01\/b117.jpg\" width=\"200\" height=\"252\" \/><\/span><br \/><span style=\"font-family: arial,helvetica,sans-serif; font-size: 12pt; color: #000000;\"> Jakob Prandtauer, Barockbaumeister (* 16. 7. 1658 Stanz bei Landeck\/Tirol, \u2020 16. 9. 1726 St.&nbsp;P\u00f6lten\/N\u00d6.) <br \/> Sein Hauptwerk war der Neubau vom Stift Melk!<br \/> \u201eVer\u00f6ffentlichung mit freundlicher Genehmigung der \u00d6sterreichischen Post AG\u201c<\/p>\n<p> <\/span><\/div>\n<div style=\"text-align: justify;\"><span style=\"font-family: arial,helvetica,sans-serif; font-size: 12pt; color: #000000;\"><br \/> (*) Am 5. April 1723 reiste Jakob Prandtauer in Begleitung des Abtes und des Priors von Melk nach Maierh\u00f6fen zur Besichtigung der Nikolauskirche. Es wurde ein Neubau (der bauf\u00e4lligen Kirche) erwogen, jedoch Prandtauer entschied sich f\u00fcr Ausbesserungen. Vom damaligen Zustand ist wenig erhalten. Keiblinger berichtete vom Anbau zweier Sakristeien zu beiden Seiten des Hochaltares und einer Erneuerung mit einem Kostenaufwand von \u00fcber 3000 Gulden. 1723\u20131735 wurde unter Prandtauer die Filialkirche barockisiert (* Jakob Prandtauer und sein K\u00fcnstlerkreis \u2013 Ausstellungskatalog 1960, Seite 32 und 167).<\/span><\/div>\n<div style=\"text-align: justify;\"><span style=\"font-size: 12pt; font-family: arial,helvetica,sans-serif; color: #000000;\">1732 wurde nach den Rissen (Pl\u00e4nen) des Franz Rosenstingl ein neuer Hochaltar mit einem Altarbild durch Georg Waibl aufgerichtet.<\/span><\/div>\n<div style=\"text-align: justify;\"><span style=\"font-size: 12pt; font-family: arial,helvetica,sans-serif; color: #000000;\">Unter Abt Urban II. wurde 1779\/80 der h\u00f6lzerne Turm gegen einen steinernen ersetzt.<\/span><\/div>\n<div style=\"text-align: justify;\"><span style=\"font-size: 12pt; font-family: arial,helvetica,sans-serif; color: #000000;\">Nachdem Maierh\u00f6fen und Bergern 1784 von der Mutterkirche abgetrennt und nach Matzleinsdorf eingepfarrt waren, wurde durch eine Konsistorial-Entscheidung vom 7.&nbsp;Juni 1785 die Abhaltung einer hl. Messe in der Filialkirche zu Maierh\u00f6fen an \u201egew\u00f6hnlichen\u201c Tagen erlaubt und der Pfarrer von Matzleinsdorf als zust\u00e4ndig erkl\u00e4rt.<\/span><\/div>\n<div style=\"text-align: justify;\"><span style=\"font-size: 12pt; font-family: arial,helvetica,sans-serif; color: #000000;\">Bereits 1801 war das Dach mit Ziegel gedeckt.<br \/> <\/span><\/div>\n<div style=\"text-align: justify;\"><span style=\"font-size: 12pt; font-family: arial,helvetica,sans-serif; color: #000000;\">Am 7. oder 8. November 1805 wurde durch franz\u00f6sische Soldaten die T\u00fcre der Kirche aufgebrochen und ein silberner Kelch, Gef\u00e4\u00dfe mit den hl. \u00d6len usw. geraubt und die \u201ealten Schriften\u201c (Kirchenrechnungen) zerstreut.<\/span><\/div>\n<div style=\"text-align: justify;\"><span style=\"font-size: 14px; font-family: arial,helvetica,sans-serif; color: #000000;\"><span style=\"font-size: 12pt;\">Nach dem gro\u00dfen Brand von 1808, der am 17. M\u00e4rz in Freiningau ausgebrochen war (die Kirche und alle H\u00e4user von Freiningau, Maierh\u00f6fen und Bergern waren innerhalb weniger Stunden ein Raub der Flammen und dessen Schaden sich auf 111.024 Gulden belief), ging die Wiederherstellung der Kirche nur langsam vonstatten (die im Jahre 1831 gekaufte Glocke lud schon zum gemeinsamen Gebet ein) und konnte erst 1840 (mit neuem Hochaltar versehen) abgeschlossen werden; da alle Einrichtungen ein Raub der Flammen wurden, sind auch beide Glocken geschmolzen. Nur die W\u00f6lbung der Sakristei und das Gesims des Schiffes zeigen Prandtauers Handschrif<\/span> <\/span><\/div>\n<\/p><\/div>\n<div style=\"text-align: justify;\"><span style=\"font-family: arial,helvetica,sans-serif; font-size: 12pt; color: #000000;\">&nbsp;<\/span><\/div>\n<div style=\"text-align: center;\">\n<div>\n<div style=\"text-align: justify;\"><span style=\"font-size: 14px; font-family: arial,helvetica,sans-serif; color: #000000;\"><br \/> <\/span><\/div>\n<div><span style=\"font-size: 14px; font-family: arial,helvetica,sans-serif; color: #000000;\"><span style=\"font-size: 14pt;\"> <strong>Inneres <\/strong><\/span><br \/> <\/span><\/div>\n<p> <span style=\"font-family: arial,helvetica,sans-serif; color: #000000;\"><span style=\"font-size: 14px;\"><\/span><span style=\"font-size: 10pt;\"><span style=\"font-size: 10pt;\"><\/span><\/span><span style=\"font-size: 10pt;\"><span style=\"font-size: 10pt;\"><\/span><\/span><\/span> <\/p>\n<div><span style=\"font-size: 14px; font-family: arial,helvetica,sans-serif; color: #000000;\"> <br \/> <\/span><span style=\"font-family: arial,helvetica,sans-serif; color: #000000;\"><span style=\"font-size: 16px;\"><strong>Chorbereich<\/strong><\/span><span style=\"font-size: 14px;\"> <\/span><\/span><span style=\"font-size: 14px; font-family: arial,helvetica,sans-serif; color: #000000;\"><\/span> <\/p>\n<div style=\"text-align: justify;\">\n<div style=\"text-align: justify;\"><span style=\"font-size: 14px; font-family: arial,helvetica,sans-serif; color: #000000;\"><br \/> <\/span><\/div>\n<\/p><\/div>\n<div style=\"text-align: justify;\"><span style=\"font-size: 14px; font-family: arial,helvetica,sans-serif; color: #000000;\"><br \/> <\/span><\/div>\n<div style=\"text-align: justify;\"><span style=\"font-size: 14px; font-family: arial,helvetica,sans-serif; color: #000000;\">C<span style=\"font-size: 12pt;\">hor mit Flachdecke. Im Turmerdgescho\u00df Kreuzgratgew\u00f6lbe.<\/span><\/span><\/div>\n<div style=\"text-align: justify;\"><span style=\"font-size: 12pt; font-family: arial,helvetica,sans-serif; color: #000000;\">Altartisch mit freistehender Mensa mit Tabernakel und Adorationsengeln (um 1800), R\u00fcckwandbild \u201ehl. Nikolaus\u201c von Joh. Hermann pinxit Vienne 1840 (nazarenisch). <\/span><\/div>\n<div style=\"text-align: justify;\">&nbsp;<\/div>\n<div style=\"text-align: justify;\">&nbsp;<\/div>\n<p> <span style=\"font-size: 12pt; font-family: arial,helvetica,sans-serif; color: #000000;\"> <\/span><\/div>\n<\/p><\/div>\n<\/p><\/div>\n<div>\n<div style=\"text-align: justify;\">\n<div style=\"text-align: center;\"><span style=\"font-family: arial,helvetica,sans-serif; font-size: 12pt; color: #000000;\"> <img loading=\"lazy\" decoding=\"async\" class=\" size-full wp-image-4\" style=\"width: 199px; height: 324px;\" alt=\"\" src=\"https:\/\/zelking.grafikweb.eu\/wp-content\/uploads\/2009\/01\/b13.jpg\" width=\"250\" height=\"406\" \/><\/span><br \/><span style=\"font-size: 12pt; font-family: arial,helvetica,sans-serif; color: #000000;\"> Chorraum<\/p>\n<p> <\/span><\/div>\n<p> <span style=\"font-size: 12pt; font-family: arial,helvetica,sans-serif; color: #000000;\"> <\/span><\/div>\n<\/p><\/div>\n<div><span style=\"font-family: arial,helvetica,sans-serif; font-size: 12pt; color: #000000;\">Der kleine sp\u00e4tgotische Chorbau mit seinen einfachen pultdachbekr\u00f6nten Strebepfeilern stammt aus der Zeit um 1470 (1724 barockisiert) <\/span> <\/p>\n<div style=\"text-align: justify;\"><span style=\"color: #000000;\">&nbsp;<\/span><\/div>\n<div style=\"text-align: justify;\"><span style=\"color: #000000;\">&nbsp;<\/span><\/div>\n<\/p><\/div>\n<div style=\"text-align: center;\"><span style=\"font-family: arial,helvetica,sans-serif; font-size: 12pt; color: #000000;\"><strong>Hochaltar<\/strong><strong><br \/> <\/strong><\/span><\/div>\n<div style=\"text-align: center;\">\n<div style=\"text-align: center;\"><span style=\"color: #000000;\">&nbsp;<\/span><\/div>\n<div style=\"text-align: center;\"><span style=\"font-family: arial,helvetica,sans-serif; font-size: 12pt; color: #000000;\"><br \/> <img loading=\"lazy\" decoding=\"async\" class=\" size-full wp-image-5\" style=\"width: 201px; height: 274px;\" alt=\"\" src=\"https:\/\/zelking.grafikweb.eu\/wp-content\/uploads\/2009\/01\/b65.jpg\" width=\"290\" height=\"396\" srcset=\"https:\/\/zelking.grafikweb.eu\/wp-content\/uploads\/2009\/01\/b65.jpg 290w, https:\/\/zelking.grafikweb.eu\/wp-content\/uploads\/2009\/01\/b65-220x300.jpg 220w\" sizes=\"auto, (max-width: 290px) 100vw, 290px\" \/><\/span><br \/><span style=\"font-size: 12pt; font-family: arial,helvetica,sans-serif; color: #000000;\"> Hochaltaransicht<br \/> <\/span><\/div>\n<div style=\"text-align: center;\">\n<div style=\"text-align: justify;\"><span style=\"font-family: arial,helvetica,sans-serif; font-size: 12pt; color: #000000;\">&nbsp;<\/span><br \/><span style=\"font-family: arial,helvetica,sans-serif; font-size: 12pt; color: #000000;\"> &nbsp;<\/span><\/div>\n<\/p><\/div>\n<p> <span style=\"font-size: 14px; font-family: arial,helvetica,sans-serif; color: #000000;\"> <\/span> <\/p>\n<div style=\"text-align: center;\"><span style=\"font-size: 12pt; font-family: arial,helvetica,sans-serif; color: #000000;\"><strong>Inneneinrichtung <\/strong><\/span><\/div>\n<div style=\"text-align: justify;\">\n<div style=\"text-align: center;\"><span style=\"color: #000000;\">&nbsp;<\/span><\/div>\n<div><span style=\"color: #000000;\">&nbsp;<\/span><\/div>\n<div><span style=\"font-family: arial,helvetica,sans-serif; font-size: 12pt; color: #000000;\">Einfache klassizistische H\u00e4ngekanzel, am Korb Reliefs Glaube, Liebe, Hoffnung (Ende 18. Jahrhundert), \u00fcber dem Scheidbogen medaillenf\u00f6rmiges \u00d6lgem\u00e4lde \u201eHl. Dreifaltigkeit\u201c (18. Jahrhundert).<\/span><br \/><span style=\"font-family: arial,helvetica,sans-serif; font-size: 12pt; color: #000000;\"> &nbsp;<\/span><\/div>\n<div style=\"text-align: justify;\"><span style=\"font-family: arial,helvetica,sans-serif; font-size: 12pt; color: #000000;\"><strong><br \/> <\/strong><\/span><\/div>\n<div style=\"text-align: center;\"><span style=\"font-family: arial,helvetica,sans-serif; font-size: 12pt; color: #000000;\"><img loading=\"lazy\" decoding=\"async\" class=\" size-full wp-image-6\" style=\"width: 180px; height: 372px;\" alt=\"\" src=\"https:\/\/zelking.grafikweb.eu\/wp-content\/uploads\/2009\/01\/b14.jpg\" width=\"200\" height=\"413\" srcset=\"https:\/\/zelking.grafikweb.eu\/wp-content\/uploads\/2009\/01\/b14.jpg 200w, https:\/\/zelking.grafikweb.eu\/wp-content\/uploads\/2009\/01\/b14-145x300.jpg 145w\" sizes=\"auto, (max-width: 200px) 100vw, 200px\" \/><\/span><\/div>\n<\/p><\/div>\n<div style=\"text-align: center;\"><span style=\"font-family: arial,helvetica,sans-serif; font-size: 12pt; color: #000000;\">Kanzel<br \/> <\/span><\/div>\n<\/p><\/div>\n<div><span style=\"color: #000000;\">&nbsp;<\/span><\/div>\n<div><span style=\"font-size: 12pt; font-family: arial,helvetica,sans-serif; color: #000000;\"> <\/span> <\/p>\n<div style=\"text-align: center;\"><span style=\"font-family: arial,helvetica,sans-serif; font-size: 12pt; color: #000000;\"><img loading=\"lazy\" decoding=\"async\" class=\" size-full wp-image-7\" style=\"width: 179px; height: 243px;\" alt=\"\" src=\"https:\/\/zelking.grafikweb.eu\/wp-content\/uploads\/2009\/01\/b64.jpg\" width=\"290\" height=\"394\" srcset=\"https:\/\/zelking.grafikweb.eu\/wp-content\/uploads\/2009\/01\/b64.jpg 290w, https:\/\/zelking.grafikweb.eu\/wp-content\/uploads\/2009\/01\/b64-221x300.jpg 221w\" sizes=\"auto, (max-width: 290px) 100vw, 290px\" \/><\/span><\/div>\n<div style=\"text-align: center;\"><span style=\"font-family: arial,helvetica,sans-serif; font-size: 12pt; color: #000000;\">Trinit\u00e4tsmedaillon oberhalb vom Scheidbogen <\/p>\n<p> <\/span><\/div>\n<div style=\"text-align: center;\"><span style=\"font-family: arial,helvetica,sans-serif; font-size: 12pt; color: #000000;\"><br \/> <img loading=\"lazy\" decoding=\"async\" class=\" size-full wp-image-8\" style=\"width: 179px; height: 278px;\" alt=\"\" src=\"https:\/\/zelking.grafikweb.eu\/wp-content\/uploads\/2009\/01\/b16.jpg\" width=\"260\" height=\"392\" srcset=\"https:\/\/zelking.grafikweb.eu\/wp-content\/uploads\/2009\/01\/b16.jpg 260w, https:\/\/zelking.grafikweb.eu\/wp-content\/uploads\/2009\/01\/b16-199x300.jpg 199w\" sizes=\"auto, (max-width: 260px) 100vw, 260px\" \/><\/span><br \/><span style=\"font-size: 12pt; font-family: arial,helvetica,sans-serif; color: #000000;\"> Kreuzigungsgruppe<br \/> <\/span><\/div>\n<div style=\"text-align: justify;\"><span style=\"font-size: 12pt; font-family: arial,helvetica,sans-serif; color: #000000;\"><br \/> <\/span><\/div>\n<div style=\"text-align: justify;\"><span style=\"color: #000000;\">&nbsp;<\/span><\/div>\n<div style=\"text-align: justify;\"><span style=\"font-size: 12pt; font-family: arial,helvetica,sans-serif; color: #000000;\">\u00dcber dem rechten Seitenaltar gro\u00dfe sp\u00e4tbarocke Kreuzigungsgruppe 2. H\u00e4lfte 18. Jahrhundert \u2013 (Polierwei\u00df) mit k\u00fcnstlerisch hochwertigem Kruzifix und Wei\u00df-Gold gefassten, ebenfalls qualit\u00e4tsvollen Assistenzfiguren Maria und Johannes (sp\u00e4tgotisch?); rechts im Chorraum Maria Immaculata 1. Viertel 18. Jahrhundert und links barocke Statuetten Madonna und Prager Jesulein (das Original stammte aus Spanien und fand Zuflucht in der Kirche Santa Maria de Victoria. Maria Theresia stiftete dem Kind ein eigenh\u00e4ndig besticktes Prunkgewand. Da es so sch\u00f6n war, wurden sehr viele Kopien davon angefertigt).<\/span><\/div>\n<div style=\"text-align: justify;\"><span style=\"font-size: 12pt; font-family: arial,helvetica,sans-serif; color: #000000;\">Kreuzwegbilder (Drucke) 19. Jahrhundert; B\u00e4nke Anfang 19. Jahrhundert.<\/span><\/div>\n<\/p><\/div>\n<div><span style=\"color: #000000;\">&nbsp;<\/span><\/div>\n<div><span style=\"font-size: 12pt; font-family: arial,helvetica,sans-serif; color: #000000;\"> <\/span> <\/p>\n<div style=\"text-align: justify;\"><span style=\"font-size: 12pt; font-family: arial,helvetica,sans-serif; color: #000000;\"><br \/> <\/span><\/div>\n<p> <span style=\"font-size: 12pt; font-family: arial,helvetica,sans-serif; color: #000000;\"> <\/span> <\/p>\n<div>\n<div style=\"text-align: center;\"><span style=\"font-size: 12pt; font-family: arial,helvetica,sans-serif; color: #000000;\"> <\/span> <\/p>\n<div><span style=\"font-size: 12pt; font-family: arial,helvetica,sans-serif; color: #000000;\"> <strong>Gedenktafeln <\/strong> <\/span><\/div>\n<\/p><\/div>\n<div style=\"text-align: center;\"><span style=\"color: #000000;\">&nbsp;<\/span><\/div>\n<p> <span style=\"font-family: arial,helvetica,sans-serif; font-size: 12pt; color: #000000;\"><br \/> MAIERH\u00d6FNER, FREININGAUER, BERGNER, MATZLEINSDORFER UND DIE FAMILIE ERHART GABEN FREUDIG IM JAHRE 1980 UNSEREM KLEINOD NEU ERSTRAHLENDEN GLANZ<\/span><\/div>\n<div><span style=\"color: #000000;\">&nbsp;<\/span><\/div>\n<div><span style=\"font-family: arial,helvetica,sans-serif; font-size: 12pt; color: #000000;\">HERRN GEISTL. RAT EDMUND WARCHOL IN DANKBARKEIT F\u00dcR DIE RENOVIERUNG DER KIRCHE IM JAHRE 1980 VON SEINEN FREUNDEN GEWIDMET<\/span><\/div>\n<div><span style=\"color: #000000;\">&nbsp;<\/span><\/div>\n<div><span style=\"color: #000000;\">&nbsp;<\/span><\/div>\n<\/p><\/div>\n<div style=\"text-align: center;\"><span style=\"font-size: 12pt; font-family: arial,helvetica,sans-serif; color: #000000;\"><strong>Orgel<\/strong><strong><br \/> <\/strong><\/span><\/div>\n<div style=\"text-align: justify;\"><span style=\"font-family: arial,helvetica,sans-serif; font-size: 12pt; color: #000000;\"><br \/> <\/span><\/div>\n<div style=\"text-align: center;\"><span style=\"color: #000000;\">&nbsp;<\/span><\/div>\n<div><span style=\"font-size: 12pt; font-family: arial,helvetica,sans-serif; color: #000000;\"> <\/span> <\/p>\n<div style=\"text-align: justify;\">\n<div style=\"text-align: center;\"><span style=\"font-family: arial,helvetica,sans-serif; font-size: 12pt; color: #000000;\"><img loading=\"lazy\" decoding=\"async\" class=\" size-full wp-image-9\" style=\"width: 180px; height: 305px;\" alt=\"\" src=\"https:\/\/zelking.grafikweb.eu\/wp-content\/uploads\/2009\/01\/b73.jpg\" width=\"230\" height=\"391\" srcset=\"https:\/\/zelking.grafikweb.eu\/wp-content\/uploads\/2009\/01\/b73.jpg 230w, https:\/\/zelking.grafikweb.eu\/wp-content\/uploads\/2009\/01\/b73-176x300.jpg 176w\" sizes=\"auto, (max-width: 230px) 100vw, 230px\" \/><\/span><br \/><span style=\"font-family: arial,helvetica,sans-serif; font-size: 12pt; color: #000000;\"> Orgel aus 1788&nbsp;<\/p>\n<p> <\/span><\/div>\n<p> <span style=\"font-size: 12pt; font-family: arial,helvetica,sans-serif; color: #000000;\"> <\/span><\/div>\n<\/p><\/div>\n<div><span style=\"color: #000000;\">&nbsp;<\/span><\/div>\n<div><span style=\"font-size: 12pt; font-family: arial,helvetica,sans-serif; color: #000000;\"> <\/span> <\/p>\n<div style=\"text-align: justify;\"><span style=\"font-family: arial,helvetica,sans-serif; font-size: 12pt; color: #000000;\">(Br\u00fcstungsorgel) Einmanualig, 8 Register. Ignaz Gatto der J\u00fcngere 1788, von Franz Ullmann (Wien), technisch und gestalterisch 1852 abge\u00e4ndert.<br \/> <\/span><\/div>\n<div style=\"text-align: justify;\"><span style=\"font-family: arial,helvetica,sans-serif; font-size: 12pt; color: #000000;\"> <\/p>\n<p> <\/span><\/div>\n<div style=\"text-align: center;\"><span style=\"font-family: arial,helvetica,sans-serif; font-size: 12pt; color: #000000;\"><img loading=\"lazy\" decoding=\"async\" class=\" size-full wp-image-10\" style=\"width: 384px; height: 234px;\" alt=\"\" src=\"https:\/\/zelking.grafikweb.eu\/wp-content\/uploads\/2009\/01\/b71.jpg\" width=\"400\" height=\"243\" srcset=\"https:\/\/zelking.grafikweb.eu\/wp-content\/uploads\/2009\/01\/b71.jpg 400w, https:\/\/zelking.grafikweb.eu\/wp-content\/uploads\/2009\/01\/b71-300x182.jpg 300w\" sizes=\"auto, (max-width: 400px) 100vw, 400px\" \/><br \/> Hat sich hier der K\u00fcnstler mit Familie \u201everewigt\u201c?<br \/> <\/span><\/div>\n<div style=\"text-align: justify;\"><span style=\"font-size: 12pt; font-family: arial,helvetica,sans-serif; color: #000000;\"><\/p>\n<p> <\/span><\/div>\n<div style=\"text-align: center;\"><span style=\"font-family: arial,helvetica,sans-serif; font-size: 12pt; color: #000000;\"> <img loading=\"lazy\" decoding=\"async\" class=\" size-full wp-image-11\" alt=\"\" src=\"https:\/\/zelking.grafikweb.eu\/wp-content\/uploads\/2009\/01\/b72.jpg\" height=\"220\" width=\"372\" \/><\/span><\/div>\n<div style=\"text-align: center;\"><span style=\"font-family: arial,helvetica,sans-serif; font-size: 12pt;\">&nbsp;<span style=\"color: #000000;\">Abbild des K\u00fcnstlers oder des Heiligen Nikolaus?<\/span><\/span><\/div>\n<div style=\"text-align: justify;\"><span style=\"font-family: arial,helvetica,sans-serif; font-size: 12pt;\"> <\/span><span style=\"font-family: arial,helvetica,sans-serif; font-size: 12pt; color: #000000;\"><\/p>\n<p> <\/span><\/div>\n<div style=\"text-align: justify;\"><span style=\"font-family: arial,helvetica,sans-serif; font-size: 12pt; color: #000000;\">An der linken Seite des Orgelgeh\u00e4uses (vom Organisten aus gesehen) sind wenige Zentimeter \u00fcber dem Bodenniveau im Muster drei K\u00f6pfe und rechts (auf dem Stufenpodest) ein b\u00e4rtiger Mann abgebildet.<\/span><span style=\"color: #000000;\"> <\/span><span style=\"font-family: arial,helvetica,sans-serif; font-size: 12pt; color: #000000;\"><\/span><span style=\"color: #000000;\"> <br \/><\/span><\/div>\n<div style=\"text-align: justify;\">&nbsp;<\/div>\n<div style=\"text-align: justify;\">&nbsp;<\/div>\n<\/p><\/div>\n<div style=\"text-align: center;\"><span style=\"font-size: 12pt; font-family: arial,helvetica,sans-serif; color: #000000;\"><span style=\"font-size: 14pt;\"> <strong> Glocken<\/strong><\/span><br \/> <\/span><\/div>\n<div><span style=\"font-size: 12pt; font-family: arial,helvetica,sans-serif; color: #000000;\"> <br \/> <\/span><\/div>\n<div style=\"text-align: justify;\">\n<div style=\"text-align: center;\"><span style=\"font-family: arial,helvetica,sans-serif; font-size: 12pt; color: #000000;\"><strong>1. Glocke<\/p>\n<p> <\/strong><\/span><\/div>\n<p> <span style=\"font-size: 12pt; font-family: arial,helvetica,sans-serif; color: #000000;\"> <\/span><\/div>\n<div style=\"text-align: justify;\"><span style=\"font-size: 12pt; font-family: arial,helvetica,sans-serif; color: #000000;\">Die dem hl. Nikolaus gewidmete Glocke ist eine Spende von Alfred und Gertrude G\u00fcttler aus Matzleinsdorf (ca. 28.000 Schilling), mit einem Durchmesser von 48 cm; 64 kg schwer und stammt aus der Innsbrucker Glockengie\u00dferei Grassmayr.<\/span><\/div>\n<div style=\"text-align: justify;\"><span style=\"font-size: 12pt; font-family: arial,helvetica,sans-serif; color: #000000;\">Vorderseite. Inschrift (oben): Hl. Nikolaus sch\u00fctze uns \u2013 Nikolausrelief, Inschrift (unten): Maierh\u00f6fen 1980.<\/span><\/div>\n<div style=\"text-align: justify;\"><span style=\"font-size: 12pt; font-family: arial,helvetica,sans-serif; color: #000000;\">R\u00fcckseite. Inschrift: Gewidmet Alfred und Gertrude G\u00fcttler.<\/span><\/div>\n<div><span style=\"font-size: 12pt; font-family: arial,helvetica,sans-serif; color: #000000;\">Im Medaillon Wappen, Umrahmung: Grassmayr Innsbruck 1980.<\/p>\n<p> <\/span><\/div>\n<div style=\"text-align: center;\"><span style=\"font-family: arial,helvetica,sans-serif; font-size: 12pt; color: #000000;\"> <img loading=\"lazy\" decoding=\"async\" class=\" size-full wp-image-12\" style=\"width: 249px; height: 314px;\" alt=\"\" src=\"https:\/\/zelking.grafikweb.eu\/wp-content\/uploads\/2009\/01\/gm2a.jpg\" width=\"341\" height=\"430\" srcset=\"https:\/\/zelking.grafikweb.eu\/wp-content\/uploads\/2009\/01\/gm2a.jpg 341w, https:\/\/zelking.grafikweb.eu\/wp-content\/uploads\/2009\/01\/gm2a-238x300.jpg 238w\" sizes=\"auto, (max-width: 341px) 100vw, 341px\" \/><\/span><br \/><span style=\"font-size: 12pt; font-family: arial,helvetica,sans-serif; color: #000000;\"> R\u00fcckseitige Inschrift: Gewidmet Alfred und Gertrude G\u00fcttler<\/span><\/div>\n<div><span style=\"font-size: 12pt; font-family: arial,helvetica,sans-serif; color: #000000;\"><br \/> <\/span><\/div>\n<div><span style=\"font-family: arial,helvetica,sans-serif; font-size: 12pt; color: #000000;\">Am 6. Dezember 1980 wurde diese Glocke von Abt Burkhard Ellegast und GR Edmund Warchol gesegnet (und ist an diesem Tag auch aufgezogen worden).&nbsp;<\/span><\/div>\n<div><span style=\"color: #000000;\">&nbsp;<\/span><\/div>\n<div style=\"text-align: justify;\">\n<div style=\"text-align: center;\"><span style=\"font-family: arial,helvetica,sans-serif; font-size: 12pt; color: #000000;\"><strong> 2. Glocke<\/p>\n<p> <\/strong><\/span><\/div>\n<p> <span style=\"font-size: 12pt; font-family: arial,helvetica,sans-serif; color: #000000;\"> <\/span><\/div>\n<div style=\"text-align: justify;\"><span style=\"font-size: 12pt; font-family: arial,helvetica,sans-serif; color: #000000;\">Vorderseite: Zwei gekreuzte Schwerter und darunter die Jahreszahl 1914 (Beginn des Ersten Weltkrieges). R\u00fcckseite: Ebenfalls zwei gekreuzte Schwerter und darunter befindlich die Jahreszahl 1918 (Ende des Ersten Weltkrieges). Dm 40 cm. Gw (?).<\/p>\n<p> <\/span><\/div>\n<div style=\"text-align: center;\"><span style=\"font-family: arial,helvetica,sans-serif; font-size: 12pt; color: #000000;\"><img loading=\"lazy\" decoding=\"async\" class=\" size-full wp-image-13\" style=\"width: 250px; height: 345px;\" alt=\"\" src=\"https:\/\/zelking.grafikweb.eu\/wp-content\/uploads\/2009\/01\/gm1a.jpg\" width=\"362\" height=\"501\" srcset=\"https:\/\/zelking.grafikweb.eu\/wp-content\/uploads\/2009\/01\/gm1a.jpg 362w, https:\/\/zelking.grafikweb.eu\/wp-content\/uploads\/2009\/01\/gm1a-217x300.jpg 217w\" sizes=\"auto, (max-width: 362px) 100vw, 362px\" \/><\/span><br \/><span style=\"font-family: arial,helvetica,sans-serif; font-size: 12pt; color: #000000;\"> R\u00fcckseite mit den gekreuzten Schwertern und der Jahreszahl 1918 <\/span><\/div>\n<div style=\"text-align: center;\"><span style=\"font-size: 12pt; font-family: arial,helvetica,sans-serif; color: #000000;\"><br \/> <\/span><\/div>\n<div style=\"text-align: justify;\"><span style=\"font-size: 12pt; font-family: arial,helvetica,sans-serif; color: #000000;\"><br \/> Das Material soll laut Herrn G\u00fcttler von einem gusseisernen M\u00f6rser stammen, da alle drei Glocken im Ersten Weltkrieg abgeliefert werden mussten und keine mehr zur\u00fcckgegeben wurde.<\/span><\/div>\n<div style=\"text-align: justify;\"><span style=\"font-size: 12pt; font-family: arial,helvetica,sans-serif; color: #000000;\"><\/p>\n<p> <\/span><\/div>\n<div style=\"text-align: center;\"><span style=\"font-family: arial,helvetica,sans-serif; font-size: 12pt; color: #000000;\"><strong>Eingangsbereich<\/strong><strong><br \/> <\/strong><strong><\/p>\n<p> <\/strong><img loading=\"lazy\" decoding=\"async\" class=\" size-full wp-image-14\" style=\"width: 261px; height: 237px;\" alt=\"\" src=\"https:\/\/zelking.grafikweb.eu\/wp-content\/uploads\/2009\/01\/b74.jpg\" width=\"300\" height=\"275\" \/><strong><br \/> <\/strong> <\/span><\/div>\n<div style=\"text-align: center;\">\n<div><span style=\"font-family: arial,helvetica,sans-serif; font-size: 12pt; color: #000000;\">Erzengel Michael \u2013 eine Spende von Herrn Ludwig Riedl aus Bergern (\u2020 2004)<br \/> <\/span><\/div>\n<div style=\"text-align: justify;\">\n<div><span style=\"font-size: 12pt; font-family: arial,helvetica,sans-serif; color: #000000;\"><\/p>\n<p> <\/span><\/div>\n<p> <span style=\"font-size: 12pt; font-family: arial,helvetica,sans-serif; color: #000000;\"> <\/span><\/div>\n<\/p><\/div>\n<div style=\"text-align: center;\"><span style=\"font-family: arial,helvetica,sans-serif; font-size: 12pt; color: #000000;\"><strong>Abbildungen auf Briefmarken mit Nikolausmotiven<\/strong><strong><br \/> <\/strong><\/p>\n<p> <img loading=\"lazy\" decoding=\"async\" class=\" size-full wp-image-15\" style=\"width: 126px; height: 175px;\" alt=\"\" src=\"https:\/\/zelking.grafikweb.eu\/wp-content\/uploads\/2009\/01\/b122.jpg\" width=\"280\" height=\"385\" srcset=\"https:\/\/zelking.grafikweb.eu\/wp-content\/uploads\/2009\/01\/b122.jpg 280w, https:\/\/zelking.grafikweb.eu\/wp-content\/uploads\/2009\/01\/b122-218x300.jpg 218w\" sizes=\"auto, (max-width: 280px) 100vw, 280px\" \/>&nbsp;&nbsp;&nbsp; <img loading=\"lazy\" decoding=\"async\" class=\" size-full wp-image-16\" style=\"width: 134px; height: 155px;\" alt=\"\" src=\"https:\/\/zelking.grafikweb.eu\/wp-content\/uploads\/2009\/01\/b123.jpg\" width=\"280\" height=\"326\" srcset=\"https:\/\/zelking.grafikweb.eu\/wp-content\/uploads\/2009\/01\/b123.jpg 280w, https:\/\/zelking.grafikweb.eu\/wp-content\/uploads\/2009\/01\/b123-258x300.jpg 258w\" sizes=\"auto, (max-width: 280px) 100vw, 280px\" \/><\/span><\/div>\n<div style=\"text-align: center;\"><span style=\"font-family: arial,helvetica,sans-serif; font-size: 12pt; color: #000000;\">Liechtenstein: Heiliger Nikolaus, Patron von Balzers und Schweden: Nikolaus mit Kindern im Bottich<\/p>\n<p> <img loading=\"lazy\" decoding=\"async\" class=\" size-full wp-image-17\" style=\"width: 139px; height: 200px;\" alt=\"\" src=\"https:\/\/zelking.grafikweb.eu\/wp-content\/uploads\/2009\/01\/b92.jpg\" width=\"300\" height=\"431\" srcset=\"https:\/\/zelking.grafikweb.eu\/wp-content\/uploads\/2009\/01\/b92.jpg 300w, https:\/\/zelking.grafikweb.eu\/wp-content\/uploads\/2009\/01\/b92-209x300.jpg 209w\" sizes=\"auto, (max-width: 300px) 100vw, 300px\" \/><br \/> Briefmarke Frankreich <br \/> Der Heilige wird hier mit drei Kindern, die sich in einem Bottich befinden, dargestellt<br \/> <\/span><\/div>\n<div style=\"text-align: justify;\"><span style=\"font-family: arial,helvetica,sans-serif; font-size: 12pt; color: #000000;\">&nbsp;<\/span><\/div>\n<p style=\"text-align: center;\"><span style=\"font-family: arial,helvetica,sans-serif; font-size: 12pt; color: #000000;\">&nbsp;<img loading=\"lazy\" decoding=\"async\" class=\" size-full wp-image-18\" style=\"width: 200px; height: 290px;\" alt=\"\" src=\"https:\/\/zelking.grafikweb.eu\/wp-content\/uploads\/2009\/01\/nikolo.jpg\" width=\"278\" height=\"402\" srcset=\"https:\/\/zelking.grafikweb.eu\/wp-content\/uploads\/2009\/01\/nikolo.jpg 278w, https:\/\/zelking.grafikweb.eu\/wp-content\/uploads\/2009\/01\/nikolo-207x300.jpg 207w\" sizes=\"auto, (max-width: 278px) 100vw, 278px\" \/><\/span><br \/><span style=\"font-family: arial,helvetica,sans-serif; font-size: 12pt; color: #000000;\"> Deutschland (Ausschnitt aus einem Zehnerblock), Weihnacht 2011<br \/> Der heilige Nikolaus verteilt \u00c4pfel an Kinder<\/span><br \/><span style=\"font-family: arial,helvetica,sans-serif; font-size: 12pt; color: #000000;\"> Buntglasfenster (Detail) der St.-Nikolaus-Kirche, Rheurdt\/Niederrhein<\/span><\/p>\n<p style=\"text-align: center;\"><span style=\"font-family: arial,helvetica,sans-serif; font-size: 12pt; color: #000000;\"><\/span><\/p>\n<p style=\"text-align: center;\"><span style=\"font-family: arial,helvetica,sans-serif; font-size: 12pt; color: #000000;\"><img loading=\"lazy\" decoding=\"async\" class=\" size-full wp-image-19\" alt=\"\" src=\"https:\/\/zelking.grafikweb.eu\/wp-content\/uploads\/2009\/01\/oppeker.jpg\" height=\"365\" width=\"243\" srcset=\"https:\/\/zelking.grafikweb.eu\/wp-content\/uploads\/2009\/01\/oppeker.jpg 300w, https:\/\/zelking.grafikweb.eu\/wp-content\/uploads\/2009\/01\/oppeker-200x300.jpg 200w\" sizes=\"auto, (max-width: 243px) 100vw, 243px\" \/><\/span><\/p>\n<p style=\"text-align: center;\"><span style=\"font-size: 12pt; color: #000000; font-family: arial,helvetica,sans-serif;\">Frau Walpurga Oppeker bei ihrem ausdruckstarken Vortrag in der Filialkirche am 17. Mai 2014<\/span><\/p>\n<p style=\"text-align: center;\">&nbsp;<\/p>\n","protected":false},"excerpt":{"rendered":"<p>&nbsp; Filialkirche zum \u201eHl. Nikolaus\u201c S\u00fcdseitige Ansicht &nbsp; &nbsp; Die Filialkirche zum \u201eHeiligen Nikolaus\u201c in dem Weiler Maierh\u00f6fen befand sich urspr\u00fcnglich viel n\u00e4her zur Donau gelegen, die durch Anlandungen beziehungsweise Regulierungen sich heute schon etliches entfernt von der \u201eSchifferkirche\u201c befindet &nbsp; Maierh\u00f6fen kommt unter dem Namen Marchouen schon im Melker Urbar von 1314 vor. Grundherrschaft [&hellip;]<\/p>\n","protected":false},"author":2,"featured_media":1,"comment_status":"open","ping_status":"open","sticky":false,"template":"","format":"standard","meta":{"footnotes":""},"categories":[29],"tags":[],"class_list":["post-20","post","type-post","status-publish","format-standard","has-post-thumbnail","hentry","category-filialkirche-maierhoefen"],"_links":{"self":[{"href":"https:\/\/zelking.grafikweb.eu\/index.php?rest_route=\/wp\/v2\/posts\/20","targetHints":{"allow":["GET"]}}],"collection":[{"href":"https:\/\/zelking.grafikweb.eu\/index.php?rest_route=\/wp\/v2\/posts"}],"about":[{"href":"https:\/\/zelking.grafikweb.eu\/index.php?rest_route=\/wp\/v2\/types\/post"}],"author":[{"embeddable":true,"href":"https:\/\/zelking.grafikweb.eu\/index.php?rest_route=\/wp\/v2\/users\/2"}],"replies":[{"embeddable":true,"href":"https:\/\/zelking.grafikweb.eu\/index.php?rest_route=%2Fwp%2Fv2%2Fcomments&post=20"}],"version-history":[{"count":0,"href":"https:\/\/zelking.grafikweb.eu\/index.php?rest_route=\/wp\/v2\/posts\/20\/revisions"}],"wp:featuredmedia":[{"embeddable":true,"href":"https:\/\/zelking.grafikweb.eu\/index.php?rest_route=\/wp\/v2\/media\/1"}],"wp:attachment":[{"href":"https:\/\/zelking.grafikweb.eu\/index.php?rest_route=%2Fwp%2Fv2%2Fmedia&parent=20"}],"wp:term":[{"taxonomy":"category","embeddable":true,"href":"https:\/\/zelking.grafikweb.eu\/index.php?rest_route=%2Fwp%2Fv2%2Fcategories&post=20"},{"taxonomy":"post_tag","embeddable":true,"href":"https:\/\/zelking.grafikweb.eu\/index.php?rest_route=%2Fwp%2Fv2%2Ftags&post=20"}],"curies":[{"name":"wp","href":"https:\/\/api.w.org\/{rel}","templated":true}]}}