{"id":212,"date":"2011-01-23T18:14:11","date_gmt":"2011-01-23T18:14:11","guid":{"rendered":"https:\/\/zelking.com\/2011\/01\/23\/rund-um-den-melkfluss\/"},"modified":"2011-01-23T18:14:11","modified_gmt":"2011-01-23T18:14:11","slug":"rund-um-den-melkfluss","status":"publish","type":"post","link":"https:\/\/zelking.grafikweb.eu\/?p=212","title":{"rendered":"Rund um den Melkfluss"},"content":{"rendered":"<div style=\"text-align: center;\"><span style=\"font-size: 14px;\"><span style=\"font-size: 14px;\"><span style=\"color: #000000;\"><\/span><\/span><\/span> <!--more--> <span style=\"font-size: 14px;\"><span style=\"color: #000000;\"><br \/> <\/span><\/span><\/div>\n<div style=\"text-align: center;\">&nbsp;<\/div>\n<div style=\"text-align: center;\">&nbsp;<\/div>\n<div style=\"text-align: center;\">&nbsp;<\/div>\n<div style=\"text-align: center;\"><span style=\"font-size: 14px;\"><span style=\"color: #000000;\"><span style=\"font-size: 12pt; font-family: arial,helvetica,sans-serif;\"><\/span><span style=\"font-size: 12pt; font-family: arial,helvetica,sans-serif;\"><\/span><span style=\"font-family: arial,helvetica,sans-serif; font-size: 12pt;\"><\/span><span style=\"font-family: arial,helvetica,sans-serif; font-size: 12pt;\"><\/span><span style=\"font-size: 16px;\"><span style=\"color: #000000;\"><strong>Der Melkfluss<\/strong><\/span><\/span><span style=\"font-size: 14px;\"><span style=\"font-size: 14px;\"><br \/> <span style=\"color: #000000;\"><strong>(Hymnus an den Melkfluss)<\/strong><\/span><\/span><\/span><\/p>\n<p><\/span><span style=\"color: #000000;\">Wo der Melkfluss seinen Ursprung,<\/span><br \/> <\/span><\/div>\n<div style=\"text-align: center;\"><span style=\"font-size: 14px; color: #000000;\">Quell&#8216; um Quell&#8216; sich dann vereint<\/span><\/div>\n<div style=\"text-align: center;\"><span style=\"font-size: 14px; color: #000000;\"><span style=\"font-size: 14px;\">|:<\/span> wird darau ein kleines B\u00e4chlein, <\/span><\/div>\n<div style=\"text-align: center;\"><span style=\"font-size: 14px;\"><span style=\"color: #000000;\">auf dem oft die Sonne scheint. <span style=\"font-size: 14px;\">\ud83d\ude10<\/span><\/span><span style=\"color: #000000;\"><br \/><\/span><\/span><\/div>\n<div style=\"text-align: center;\">&nbsp;<\/div>\n<div style=\"text-align: center;\"><span style=\"font-size: 14px;\"><span style=\"color: #000000;\">Langsam wird es dann ein Fl\u00fcsschen,<br \/> windet sich langsam dahin.<br \/> |: Tag f\u00fcr Tag sowie auch n\u00e4chtlich,<br \/> zieht es dich zum Endpunkt hin. \ud83d\ude10<\/p>\n<p> Flie\u00dft vorbei an Berg und H\u00fcgel,<br \/> M\u00e4rkte, D\u00f6rfer, Flur und Au.<br \/> |: Eine Stadt gr\u00fc\u00dft dich von <span style=\"color: #000000;\">W<\/span>eitem,<br \/> bis umf\u00e4ngt dich die Donau. \ud83d\ude10<\/p>\n<p> In dem Scho\u00df bist du geborgen,<br \/> bis du kommst ins Schwarze Meer.<br \/> |: Dein Gew\u00e4sser sieht die Heimat,<br \/> kommst als Wolke wieder her. \ud83d\ude10<\/p>\n<p> Melkfluss, Melkfluss, kleines Wasser,<br \/> auf der Erd&#8216; fast unbekannt.<br \/> |:Trugst Geschichte in die Ferne,<br \/> bist ein Teil vom Heimatland. \ud83d\ude10<span style=\"font-size: 12px;\"><br \/> <\/span><span style=\"font-size: 14px;\">Ludwig Pichler 7. September 2008<br \/> <\/span><\/span><\/span> <\/p>\n<div style=\"text-align: justify;\"><span style=\"color: #000000;\"><span style=\"font-size: 14px;\"><br \/> Der Flussname Melk geht auf die slawische Bezeichnung \u201eGrenzbach\u201c zur\u00fcck<\/span><span style=\"font-size: 14px;\">, was darauf hindeutet, dass hier eine vertraglich festgelegte Grenzlinie zwischen dem slawischen und bairischen Siedlungsgebiet verlaufen ist.<\/p>\n<p> <\/span><br \/> <\/span><\/div>\n<p> <span style=\"color: #000000;\"><span style=\"font-size: 18pt;\"><strong><span style=\"font-size: 16px;\">Von der Quelle bis zur M\u00fcndung<\/span><\/strong><\/span><\/span> <\/p>\n<div style=\"text-align: justify;\">&nbsp;<\/div>\n<div style=\"text-align: justify;\"><span style=\"color: #000000;\"><span style=\"font-size: 14px;\"><\/span><br \/> <span style=\"font-size: 14px;\">Walter Steinhauser weist im \u201e25. Jahrbuch des Vereines f\u00fcr Landeskunde von Nieder\u00f6sterreich und Wien\u201c von 1932 auf die Abhandlung \u201eZur Herkunft, Bildungsweise und siedlungsgeschichtlichen Bedeutung der n. \u00f6. (= Nieder\u00f6sterreichischen) Orts- und Flurnamen\u201c \u2013 wonach der Flussname \u201eMelk\u201c aus dem Urslawischen \u201eMeddjillica\u201c \u2013 was mit Grenzfluss, aber auch mit \u201eWaldache\u201c \u00fcbersetzt wird, hin. Eine neuere Bedeutung geht auf eine \u00e4ltere indogermanische Vorform zur\u00fcck, welche sich aus \u201emad-\u201c = \u201ena\u00df\u201c, \u201etriefen\u201c abgeleitet haben soll. \u201eMelk\u201c hie\u00dfe demnach \u201edie Nasse\u201c, \u201edie Triefende\u201c, woraus sich das slawische \u201eMadlika\u201c entwickelte.<\/p>\n<p> In einer Mulde welche der Bergstock Almkogel (872 m) und das Schindelegg (844 m) gegen Norden bilden, befinden sich noch Mauerreste eines Bauernhauses (knapp au\u00dferhalb der Gemeinde St. Georgen an der Leys!) mit Namen \u201eMooreith\u201c (KG Dachsberg-Pichl, St. Anton an der Je\u00dfnitz; Gerichts- und Politischer Bezirk Scheibbs).<br \/> Dieser Hof soll noch um 1910 (?) bewirtschaftet gewesen sein, wo eine Magd aus diesem Bauernhof stammend, mit einer Mistgabel ermordet und beim \u201eRainstein\u201c beerdigt worden sein soll.<br \/> (*) Laut m\u00fcndlicher \u00dcberlieferung, soll um 1885 ein verschm\u00e4hter Liebhaber eine Dienstmagd aus diesem Bauernhaus \u2013 eine Marie Kopp \u2013 mit einer Mistgabel erstochen haben. Diese Tat, sieht man auf einem neben dem \u201eRainstein\u201c befindlichen Bildpfahl abgebildet (* Entnommen aus: Sagenhaftes Melktal, 2004, Seite 5).<br \/> Die Familie Schagerl, die damals den \u201eMooreithhof\u201c bewirtschaftete, soll nach der Mordtat den Hof verlassen haben und dieser Verfiel im Laufe der Zeit. In dem abgest\u00fcrzten Durchzugsbalken befand sich eine einfache Rosette mit der Jahreszahl 1801 eingeschnitten.<br \/> Auch heute noch bekommt man als Antwort, wenn man nach der \u201eMelkursprungsquelle\u201c fragt wo diese denn entspringt \u2013 \u201eim Mooreith im Backofen\u201c!<br \/> Ob man \u00fcber die Quelle dieses ehemalige Anwesen errichtete damit das Wasser nicht verschmutzt wurde, oder das man zu jeder Jahreszeit ganz bequem sauberes Wasser zur Verf\u00fcgung hatte ohne au\u00dfer Haus gehen zu m\u00fcssen; klug war es damals vom ersten Siedler angelegt!<br \/> Bei st\u00e4rkerem Regen ist der Melkfluss (durch die \u00fcberhand nehmenden Monokulturen?) tats\u00e4chlich ein Mini-Huanghe (Hwangho), was \u201eGelber Fluss\u201c bedeutet!<br \/> Nicht nur diese Quelle befindet sich auf dem Gemeindegebiet von St. Anton an der Je\u00dfnitz, sondern auch noch viele unbekannte (unterirdische) und daher unbenannte Quellen und bilden so das Quellgebiet des Melkflusses.<br \/> Neben den Gemeinden St. Georgen an der Leys, Oberndorf, Ruprechtshofen und St. Leonhard am Forst, durchflie\u00dft der Melkfluss auch die Gemeinde Zelking-Matzleinsdorf und hat damit diesem kleinen, aber sch\u00f6nen Tal den Namen \u201eMelktal\u201c gegeben. <\/p>\n<p> <\/span><\/span><\/div>\n<\/p><\/div>\n<div style=\"text-align: center;\">\n<div><img loading=\"lazy\" decoding=\"async\" class=\" size-full wp-image-197\" alt=\"\" src=\"https:\/\/zelking.grafikweb.eu\/wp-content\/uploads\/2011\/01\/4.jpg\" height=\"442\" width=\"269\" srcset=\"https:\/\/zelking.grafikweb.eu\/wp-content\/uploads\/2011\/01\/4.jpg 240w, https:\/\/zelking.grafikweb.eu\/wp-content\/uploads\/2011\/01\/4-182x300.jpg 182w\" sizes=\"auto, (max-width: 269px) 100vw, 269px\" \/><\/div>\n<div><span style=\"font-size: 14px;\"><span style=\"color: #000000;\">Der Melkfluss. Postkarte von 1933 (noch vor der Regulierung, im Hintergrund die Pfarrkirche Matzleinsdorf)<\/span><\/span><\/div>\n<div style=\"text-align: justify;\"><span style=\"color: #000000;\"><span style=\"font-size: 14px;\"> <br \/> <\/span><\/span><\/div>\n<div style=\"text-align: justify;\"><span style=\"color: #000000;\"><span style=\"font-size: 14px;\"><br \/> SR Franz Handl schreibt in seinem 1988 erschienenen Buch: \u201eSt. Leonhard am Forst\u201c, dass der Name f\u00fcr die Melk eher als schmutziger, gelber Fluss interpretiert wird (Seite 25).<\/span><\/span><span style=\"font-size: 14px;\"><span style=\"color: #000000;\"><br \/> <\/span><\/span><\/div>\n<div><span style=\"font-size: 14px;\"><span style=\"color: #000000;\"><br \/> <\/span><\/span><span style=\"color: #000000;\"><span style=\"font-size: 14px;\"><span><br \/> <\/span><\/span><\/span><img loading=\"lazy\" decoding=\"async\" class=\" size-full wp-image-198\" alt=\"\" src=\"https:\/\/zelking.grafikweb.eu\/wp-content\/uploads\/2011\/01\/melkfluss.jpg\" height=\"374\" width=\"271\" \/><\/div>\n<div><span style=\"font-size: 14px;\"><span style=\"color: #000000;\">Der <span> \u201e<\/span>gelbe Fluss<span>\u201c<\/span><span><span><span> (ober<\/span><\/span><\/span>halb der ehemaligen Bauer-Wehr Richtung Mannersdorf, nach st\u00e4rkerem Regen)<\/span><\/span><span style=\"color: #000000;\"><span style=\"font-size: 14px;\"><\/p>\n<p> <\/span><\/span><img loading=\"lazy\" decoding=\"async\" class=\" size-full wp-image-199\" style=\"width: 425px; height: 275px;\" alt=\"\" src=\"https:\/\/zelking.grafikweb.eu\/wp-content\/uploads\/2011\/01\/z12.jpg\" width=\"400\" height=\"259\" srcset=\"https:\/\/zelking.grafikweb.eu\/wp-content\/uploads\/2011\/01\/z12.jpg 400w, https:\/\/zelking.grafikweb.eu\/wp-content\/uploads\/2011\/01\/z12-300x194.jpg 300w\" sizes=\"auto, (max-width: 400px) 100vw, 400px\" \/><span style=\"color: #000000;\"><span style=\"font-size: 14px;\"><br \/> <\/span><\/span><\/div>\n<div><span style=\"color: #000000;\"><span style=\"font-size: 14px;\">Sommerfrische Zelking bei Melk, Niederdonau (Bezeichnung f\u00fcr Nieder\u00f6sterreich ab M\u00e4rz 1938 bis Mai 1945),<br \/> Bad (= ehemalige Bauer-Wehr bei Zelking in Richtung Mannersdorf<\/span><\/span><span style=\"color: #000000;\"> <span style=\"color: #000000;\"><span style=\"font-size: 14px;\">gesehen)<\/span><\/span><\/span><span style=\"font-size: 14px;\"><span style=\"color: #000000;\"><br \/> <\/span><\/span><\/div>\n<div style=\"text-align: justify;\">&nbsp;<\/div>\n<div style=\"text-align: justify;\"><span style=\"font-size: 14px;\"><span style=\"color: #000000;\"><br \/> (*) Zwischen 670 und 700 drangen die Bayern erstmals \u00fcber die Enns nach Osten vor und gr\u00fcndeten neben den Slawen ihre Weiler. Vermutlich war der Melkflu\u00df vor\u00fcbergehend die Ostgrenze. Der alte Namen f\u00fcr diesen Flu\u00df \u201emedjilica\u201c, das hei\u00dft Grenzfluss, deutet darauf hin. In der N\u00e4he von Zelking findet sich heute noch der \u201eWei\u00dfe Stein\u201c, ein alter Grenzfelsen, der s\u00fcdlich anschlie\u00dfende Bergr\u00fccken wird heute noch die \u201eB\u00f6hmische Grenze\u201c genannt.<\/span><\/span><\/div>\n<div style=\"text-align: justify;\"><span style=\"font-size: 14px;\"><span style=\"color: #000000;\">(*)&nbsp; Friedrich Schragl. STEINAKIRCHEN Geschichte der Pfarre und ihrer Orte 1975, <span style=\"color: #000000;\">Seite<\/span> 11<\/span><\/span><\/div>\n<div style=\"text-align: justify;\"><span style=\"font-size: 14px;\"><span style=\"color: #000000;\"><\/p>\n<p> Es war tats\u00e4chlich in Nieder\u00f6sterreich und seiner unmittelbaren Nachbarschaft in alter Zeit durchaus gebr\u00e4uchlich, die wichtige Siedlung an der M\u00fcndung nach dem M\u00fcndungsfluss zu taufen; das ist eine l\u00e4ngst erh\u00e4rtete Tatsache. So stellen sich unserem V\u00eadunia f\u00fcr den Flu\u00df und die M\u00fcndungssiedlung aus den \u00e4lteren Sprachen etwa die Beispiele Tulln, Traismauer, Krems, Erlauf, Ybbs, Enns und Steyr zur Seite und noch aus dem Slawischen die Beispiele M\u00f6dling, W\u00e4hring, Melk,<\/p>\n<p> <\/span><\/span><\/div>\n<div>&nbsp;<img loading=\"lazy\" decoding=\"async\" class=\" size-full wp-image-200\" alt=\"\" src=\"https:\/\/zelking.grafikweb.eu\/wp-content\/uploads\/2011\/01\/stift%20melk%20i.jpg\" height=\"247\" width=\"375\" \/><\/div>\n<div><span style=\"font-size: 14px;\"><span style=\"color: #000000;\">Die Benediktinerabtei Melk<span style=\"color: #000000;\">, wo in der N\u00e4he der Melkfluss in die Donau m\u00fcndet <\/span><br \/> <\/span><\/span><\/div>\n<div style=\"text-align: justify;\"><span style=\"font-size: 14px;\"><span style=\"color: #000000;\"><br \/> <\/span><\/span><\/div>\n<div style=\"text-align: justify;\"><span style=\"font-size: 14px;\"><span style=\"color: #000000;\"> <br \/> Ybbsitz, Ferschnitz, Reichraming und Steyerling (S. Steinhauser, Die Herkunft und Bedeutung der nieder\u00f6sterreichischen Orts- und Flurnamen \u2013 Jahrbuch f\u00fcr Landeskunde (von N\u00d6), 1932, S. 3ff. und 9 ff.). <br \/> <\/span><\/span><\/div>\n<div style=\"text-align: justify;\"><span style=\"font-size: 14px;\"><span style=\"color: #000000;\"> <span style=\"color: #000000;\">D<\/span>iese Namens\u00fcbertragungen blieben sonach bis in die Slawenzeit hinein \u00fcblich.<\/span><\/span><br \/> <span style=\"color: #000000;\"><span style=\"font-size: 14px;\">UNSERE HEIMAT. Monatsblatt des Vereines f\u00fcr Landeskunde von Nieder\u00f6sterreich und Wien. Jahrgang 23. 1952. Nummer 3\/4, Seite 68<\/p>\n<p> <\/span><\/span><\/div>\n<div style=\"text-align: center;\"><span style=\"color: #000000;\"><span style=\"font-size: 16px;\"><strong>Das Durchbruchstal der Melk<\/strong><\/span><\/span><\/div>\n<div style=\"text-align: justify;\"><span style=\"color: #000000;\"><span style=\"font-size: 14px;\"><\/p>\n<p> <span style=\"color: #000000;\">Am Moreith bei Scheibbs entspringt die Melk. W\u00e4hrend die Ybbs bei ihrer M\u00fcndung eine L\u00e4nge von 130 Kilometern aufweist, und die Erlauf eine Strecke von 60 Kilometern durcheilt, bevor sie in die Donau m\u00fcndet, erreicht die Melk nur eine gesamte L\u00e4nge von etwa 40 Kilometern. Nach beil\u00e4ufig einem Drittel ihrer ganzen L\u00e4nge erreicht sie die Grenze unseres Heimatbezirkes. In einer vor kalten Nord- und Ostwinden gesch\u00fctzten Talweitung, die f\u00fcr den Obst- und Ackerbau sehr gut geeignet ist, liegt die alte Doppelsiedlung St. Leonhard-Ruprechtshofen. Hier nimmt die Melk von rechts den Mankbach auf und sucht den weiteren Weg nach Norden, doch will der Hiesberg mit seinem breiten R\u00fccken ihn versperren. Darum haben in grauer Vorzeit die Wasser des Flusses den Hang des Berges durchs\u00e4gt und hier ein Durchbruchstal geschaffen, das dem der Erlauf \u00e4hnlich \u2013 doch landschaftlich weitaus sch\u00f6ner ist. Versteckt im Durchbruchstal der Melk liegen die Orte Mannersdorf und Zelking, die beide ob ihrer h\u00fcbschen Lage im Sommer regen Fremdenzulauf haben. Vor kurzer Zeit wurde in Zelking sogar ein Erholungsheim erbaut und f\u00fcr die Sommerg\u00e4ste ein Strandbad hergerichtet. Die auf die Ortschaft niedergr\u00fc\u00dfende Ruine, die einst der Rittersitz der Herren von Zelking war, ist ein beliebtes Wanderziel von Ausfl\u00fcglern und Sommerfrischlern.<br \/> Krummnu\u00dfbaumer Heimatlesebuch von Franz W\u00fcrml, Lehrer (\u2020), Nachdruck von 1932, Seite 136\/137<\/p>\n<p> <\/span><br \/> <\/span><\/span><\/div>\n<div>\n<div>\n<div style=\"text-align: center;\"><span style=\"font-size: 16px;\"><strong><span style=\"color: #000000;\">Aus uralter Zeit<\/span><\/strong><\/span><span style=\"color: #000000;\"><span style=\"font-size: 14px;\"><br \/> <\/span><\/span><\/div>\n<\/p><\/div>\n<div>\n<div style=\"text-align: justify;\"><span style=\"color: #000000;\"><span style=\"font-size: 14px;\"> <\/p>\n<p> Da wo nun die Nachbarsorte St. Leonhard und Ruprechtshofen liegen, und das Land der ganzen L\u00e4nge und Breite nach bis in die Berge hinein geht, sei nichts gewesen als gro\u00dfes Wasser \u2013 sagt der Eine; \u201eder Herr von Zelking\u201c aber und der \u201eGraf von Peilstein\u201c haben dann mitsammen in der D\u00fcmling den Berg durchstochen, und da habe hernach das gro\u00dfe Wasser hinausget\u00fcmmelt der Donau zu!<br \/> \u201eWas f\u00e4llt dir ein\u201c, erwiderte ein zweiter, <\/span><\/span><span style=\"color: #000000;\"><span style=\"font-size: 14px;\">\u2013 <\/span><\/span><span style=\"color: #000000;\"><span style=\"font-size: 14px;\"> der Zelkinger hat noch lange nicht gelebt, und der Peilsteiner steckte Gott wei\u00df wo, da flo\u00dfen die Mank und die Melk schon ganz ruhig dahin; aber von dortan, wo beide zusammenkommen, wird ihnen mitunter das Tal wohl zu eng geworden sein, und weil zu Zeiten das Ding ganz kurios brauste, siedete und rumorte, so hat man nicht mehr \u201eMank\u201c oder \u201eMelk\u201c gesagt, sondern \u201eT\u00fcmmling\u201c hat man das streits\u00fcchtige Ding gehei\u00dfen, \u201eweil\u2019s meiner Treu valeih (vielleicht) ausschaut; ols kunnten s\u00f6 die beiden Wasserl mitanonda gor n\u00f6t vatrogn (als k\u00f6nnten sich die beiden Gew\u00e4sser miteinander gar nicht vertragen); oba vastehst mei Liaba (aber verstehst mein Lieber), vom oltn Geigenberi V\u00f6da (Vetter = Cousin) hob is a n\u00f6ften und erst za\u2019nachst daz\u00f6hln g\u2019hert, da\u00df z\u2019Leonhord a Stodt is g\u2019wen, a gro\u00dfm\u00e4chtige a no dazua, freili vor urolters Zeiten (vom alten Geigenberger Vetter [= Cousin] hab ich\u2018s vernommen und erst sp\u00e4ter erz\u00e4hlen geh\u00f6rt, dass in St. Leonhard eine Stadt ist gewesen, eine gro\u00dfm\u00e4chtige auch noch dazu, freilich vor uralten Zeiten)!\u201c<br \/> Vergi\u00dfmeinnicht! Kalender f\u00fcr St. Leonhard und Umgebung von Johann Fahrngruber, gewesener Cooperator daselbst, zur Zeit Rector des \u00f6sterreichischen Pilgerhauses in Jerusalem. Druck und Verlag von Josef Kinzl in Krems. 1877, Seite 2\/3 <\/p>\n<p> <\/span><\/span><\/div>\n<\/p><\/div>\n<div>\n<div style=\"text-align: center;\"><span style=\"font-size: 16px;\"><strong><span style=\"color: #000000;\">Ein Fluss im Wandel der Zeit<\/span><\/strong><\/span><strong><span style=\"font-size: 14pt;\"><span style=\"color: #000000;\"><br \/> <\/span><\/span><\/strong><\/div>\n<\/p><\/div>\n<div>\n<div style=\"text-align: justify;\">\n<p> <span style=\"font-size: 14px;\"><span style=\"color: #000000;\">Im Rahmen des Life-Huchen-Projekt ist endlich auch f\u00fcr die lange als Stiefkind schlummernde Melk ein neuer \u00d6koplan f\u00fcr die Zukunft erstellt worden.<\/p>\n<p> <\/span><\/span><\/div>\n<\/p><\/div>\n<p> <span style=\"color: #000000;\"><span style=\"font-size: 14px;\"> <\/span><\/span><\/div>\n<div style=\"text-align: center;\">\n<div><img loading=\"lazy\" decoding=\"async\" class=\" size-full wp-image-201\" alt=\"\" src=\"https:\/\/zelking.grafikweb.eu\/wp-content\/uploads\/2011\/01\/melkflu%201998.jpg\" height=\"268\" width=\"372\" \/><\/div>\n<div style=\"text-align: center;\"><span style=\"color: #000000;\"><span style=\"font-size: 14px;\">Der Melkfluss (nach einer 1998 enstandenene \u00c4tzradierung vom ehemaligen<\/span><span style=\"font-size: 14px;\"> \u201e<\/span><span style=\"font-size: 14px;\"><span>malenden F\u00e4hrmann<\/span><\/span><span style=\"font-size: 14px;\">\u201c<\/span><span style=\"font-size: 14px;\"><span> Franz Knapp <\/span><\/span><\/span><span style=\"font-size: 14px;\"><span style=\"color: #000000;\"><br \/> (gesehen <\/span><\/span><span style=\"color: #000000;\"><span style=\"font-size: 14px;\"><span>unterhalb der ehemaligen Bauer-Wehr Richtung Zelking)<\/p>\n<p> <\/span><\/span><\/span><\/div>\n<div style=\"text-align: justify;\"><span style=\"font-size: 14px;\"><span style=\"color: #000000;\"><br \/> Durch die schrittweise Renaturierung, Restrukturierung des Flusslaufes, sowiedurch die Passierbarmachung von Hindernissen wie Wehre und Klein-Kraftwerke, wurden neue M\u00f6glichkeiten f\u00fcr die Wiedereinb\u00fcrgerung diverser heimischer Fischarten gesetzt.<\/span><span style=\"color: #000000;\"> Um die Melk mit den Augen eines Wanderers im 19. Jahrhundert zu beschreiben, lassen wir kurz Herrn Kyselak, einen KuK <br \/> Hofbeamten, zu Wort kommen:<br \/> <\/span><\/span><\/div>\n<\/p><\/div>\n<div style=\"text-align: center;\">\n<div style=\"text-align: justify;\">\n<p> &nbsp;<\/p><\/div>\n<div><span style=\"font-size: 16px;\"><strong><span style=\"color: #000000;\">Bericht des K.K. Hofbeamten Joseph KYSELAK<\/span><\/strong><\/span><strong><span style=\"color: #000000;\"><\/p>\n<p> <\/span><\/strong><\/div>\n<div><strong><span style=\"color: #000000;\"> <br \/> <\/span><\/strong><\/div>\n<div><strong><span style=\"color: #000000;\">\u201eWanderrungen zu Fusz durch Vorder\u00f6sterreich\u201c.<\/span><\/strong><\/div>\n<\/p><\/div>\n<div style=\"text-align: center;\">\n<div style=\"text-align: justify;\"><span style=\"font-size: 14px;\"><span style=\"color: #000000;\"><\/p>\n<p> \u201eBey einer erg\u00f6tzlichen Fuszwanderung durch das voralpine Land rund um das herrliche Stift Melk, passierte ich auch den wilden Flusz der Melk. Dieses sch\u00e4umende Gew\u00e4sser nimmt seinen Weg ungest\u00fcm, mit vielen Schlingen versehen durch die Urwaldlandschaft der Melkauen, um schlieszlich in der Donau zu enden.<\/p>\n<p> Wunderbar ges\u00e4umt von Wald und Flur sprangen hier die goldenen Forellen so zahlreich, dasz ich mich zur Erg\u00f6tzung von Laib und Seele niederliesz, einen biegsamen Haselstock schnitt, der versehen mit der von mir mitgef\u00fchrten Schnur ein treffliches Werkzeug zur Angelfischerei abgab. In kurzer Zeitspanne hatte ich dero ein halbes Dutzend gefangen, mit Blattwerk wohlversehrt versehen und konnte dem heimatlichen Herd zur Gaumenfreude zueilen, wobei mich das Spiel der Wellen, die urwald\u00e4hnliche Landschaft und der Gesang der Waldv\u00f6gel begleitete. Welch ein nie endendes Schauspiel der g\u00f6ttlichen Natur\u201c.<\/p>\n<p> <\/span><\/span><\/div>\n<\/p><\/div>\n<div style=\"text-align: justify;\">\n<div style=\"text-align: center;\"><img loading=\"lazy\" decoding=\"async\" class=\" size-full wp-image-202\" style=\"width: 241px; height: 50px;\" alt=\"\" src=\"https:\/\/zelking.grafikweb.eu\/wp-content\/uploads\/2011\/01\/kyselak.jpg\" width=\"500\" height=\"104\" srcset=\"https:\/\/zelking.grafikweb.eu\/wp-content\/uploads\/2011\/01\/kyselak.jpg 500w, https:\/\/zelking.grafikweb.eu\/wp-content\/uploads\/2011\/01\/kyselak-300x62.jpg 300w\" sizes=\"auto, (max-width: 500px) 100vw, 500px\" \/> <span style=\"font-size: 14px;\"><span style=\"color: #000000;\"><br \/> Bei seinen vielen Wanderungen hinterlie\u00df Kyselak an den verschiedensten Stellen diese <\/span><\/span><span style=\"font-size: 14px;\"><span style=\"color: #000000;\">(und \u00e4hnliche) Schriften<\/span><\/span><strong><span style=\"color: #000000;\"><br \/> <\/span><\/strong><\/div>\n<div><span style=\"font-size: 14px;\"><span style=\"color: #000000;\"><\/p>\n<p> Im Lichte der unversehrten Natur konnte Kyselak damals die Melk beschreiben. Nach einer Zeitspanne von gut 170 Jahren haben wir heute leider eine andere Schilderung abzugeben. Harte Regulierungsma\u00dfnahmen in den 60er Jahren haben die Melk in ein verbautes Flussbett gedr\u00e4ngt, den Flussgrund verpflastert, den \u00fcppigen Auwald radikal vernichtet und durch eine momotone Grasssteppe, im wahrsten Sinn des Wortes \u201eersetzt\u201c.<\/span><\/span><\/div>\n<\/p><\/div>\n<div style=\"text-align: justify;\">\n<div><span style=\"font-size: 14px;\"><span style=\"color: #000000;\">Die unvergleichliche Sch\u00f6nheit der Flusslandschaft zwischen St. Leonhard\/Forst und Ruprechtshofen, die heute eine Ausweisung als Naturschutzgebiet rechtfertigen w\u00fcrde, sind leider Traumbilder der Vergangenheit. Einer Landschaft, die von Bachl\u00e4ufen, Teichen und hochst\u00e4ndigen, n\u00e4hrstoffreichen Wiesen gepr\u00e4gt war.<\/span><\/span><\/div>\n<\/p><\/div>\n<div style=\"text-align: justify;\">\n<div><span style=\"font-size: 14px;\"><span style=\"color: #000000;\"><span style=\"color: #000000;\">Die wichtigsten Faktoren sind in der Umsetzung der Idee Strukturierung, Steigerung der Gew\u00e4ssermorphologie, (wechselnde Breiten, Tiefen, Substrate) anzusiedeln. Diese erste Phase der Restrukturierung wurde ab der Diemling (Flussaufw\u00e4rts) auf einer L\u00e4nge von ca. 1 Kilometer, genau von der Lunzenbr\u00fccke bis zur Aubr\u00fccke vorgenommen. Dieses Projekt wurde 1985 durchgef\u00fchrt.<\/p>\n<p> <\/span><\/span><\/span><span style=\"font-size: 14px;\"><br \/> <\/span><\/div>\n<div style=\"text-align: center;\"><span style=\"font-size: 14px;\"><span style=\"color: #000000;\"> <\/span><\/span><span style=\"font-size: 16px;\"><strong><span style=\"color: #000000;\">EU-Huchen Life Projekt 2003<\/span><\/strong><\/span><span style=\"font-size: 14pt;\"><span style=\"color: #000000;\"><span style=\"font-size: 14px;\">&nbsp;&nbsp; <br \/> <\/span><\/span><\/span><\/div>\n<div style=\"text-align: center;\"><span style=\"font-size: 14pt;\"><span style=\"color: #000000;\"><span style=\"font-size: 14px;\"> <\/span><span style=\"font-size: 14px;\"> <\/p>\n<p> <\/span><\/span><\/span> <img loading=\"lazy\" decoding=\"async\" class=\" size-full wp-image-203\" alt=\"\" src=\"https:\/\/zelking.grafikweb.eu\/wp-content\/uploads\/2011\/01\/huchenprojekt.jpg\" height=\"243\" width=\"354\" \/><\/div>\n<\/p><\/div>\n<div style=\"text-align: center;\"><span style=\"color: #000000;\"><span style=\"font-size: 14px;\">Erinnerungstafel bei der ehem. Bauer-Wehr<\/span><\/span><span style=\"font-size: 14px;\"><span style=\"color: #000000;\"><br \/> <\/span><\/span><\/div>\n<div style=\"text-align: justify;\"><span style=\"font-size: 14px;\"><span style=\"color: #000000;\"><br \/> <\/span><\/span><\/div>\n<div style=\"text-align: justify;\"><span style=\"font-size: 14px;\"><span style=\"color: #000000;\"><br \/> 2003 wurde durch das EU-Huchen Life Projekt die Melk wieder aus dem Dornr\u00f6schenschlaf erweckt. Die Restrukturierung, der Versuch, der Melk wieder ein lebensf\u00e4higes Flussbett zu geben, wurde direkt an die von Prof. Jungwirth durchgef\u00fchrte Restrukturierungsstrecke angeschlossen. Der neue Abschnitt reicht von der Aubr\u00fccke bis zur Einm\u00fcndung der Mank in den Melkfluss.<\/span><\/span> <span style=\"font-size: 14px;\"><span style=\"color: #000000;\"><\/p>\n<p> Als erstes Ziel wurde die M\u00e4andrierung des bisher geraden, vollkommen verbauten Flusslaufes in Angriff genommen. Die Schaffung von Fischwasserzonen, das Entfernen der verplatteten Sohle, sowie die Gestaltung von tiefen Gumpen und Kolken mit bis zu vier Meter Tiefe und das Einbringen von nat\u00fcrlichem Bodengrund waren hier vorzunehmen. Unter anderem wurden alte Baumstr\u00fcnke als Unterst\u00e4nde in die Restrukturierungs-Ma\u00dfnahmen integriert.<\/span><\/span> <span style=\"font-size: 14px;\"><span style=\"color: #000000;\"><\/p>\n<p> Die Zielsetzung des Projekts beinhaltete die St\u00fctzung, beziehungsweise den Aufbau einer bodenst\u00e4ndigen, (m\u00f6glichst autochthonen) Fischartengemeinschaft.<\/span><\/span> <span style=\"font-size: 14px;\"><span style=\"color: #000000;\"><\/p>\n<p> Im Rahmen des EU-Life Huchen Projekt wurde im Jahr 2000<\/span><\/span><span style=\"font-size: 14px;\"><span style=\"color: #000000;\">\u2013<\/span><\/span><span style=\"font-size: 14px;\"><span style=\"color: #000000;\">2004 die Abschnitte M7, M8, (M\u00fcndung Donau, Melkrampe) auf 1,2 Km, sowie M9 (Zusammenfluss Melk, Mank) auf 1,4 Km L\u00e4nge restrukturiert.<\/span><\/span> <\/p>\n<p> <span style=\"color: #000000;\"><span style=\"font-size: 14px;\">Die Melkrampe wurde baulich grundlegend ver\u00e4ndert und mit Fischaufstiegshilfen ausgestattet, um den Donaufischen endlich wieder den Aufstieg in die Melk zu erm\u00f6glichen. Ferner wurde die Sohlstufe \u201eWei\u00dfer Stein\u201c und die \u201eBauerwehr Zelking\u201c ebenfalls komplett baulich ver\u00e4ndert und den Restrukturierungsma\u00dfnahmen angepasst.<\/span><\/span><\/div>\n<div style=\"text-align: center;\">\n<div style=\"text-align: justify;\">&nbsp;<\/div>\n<\/p><\/div>\n<div style=\"text-align: justify;\">&nbsp;<\/div>\n<div><img loading=\"lazy\" decoding=\"async\" class=\" size-full wp-image-204\" alt=\"\" src=\"https:\/\/zelking.grafikweb.eu\/wp-content\/uploads\/2011\/01\/huchenaufstiegshilfe.jpg\" height=\"207\" width=\"361\" srcset=\"https:\/\/zelking.grafikweb.eu\/wp-content\/uploads\/2011\/01\/huchenaufstiegshilfe.jpg 400w, https:\/\/zelking.grafikweb.eu\/wp-content\/uploads\/2011\/01\/huchenaufstiegshilfe-300x172.jpg 300w\" sizes=\"auto, (max-width: 361px) 100vw, 361px\" \/><\/div>\n<div style=\"text-align: justify;\">\n<div style=\"text-align: center;\"><span style=\"color: #000000;\"><span style=\"font-size: 14px;\">Huchenaufstiegshilfe <span>\u201eBauer-Wehr Zelking\u201c<\/span><\/span><\/span><span style=\"font-size: 14px;\"><span style=\"color: #000000;\"><\/p>\n<p> <\/span><\/span><\/div>\n<div style=\"text-align: justify;\"><span style=\"font-size: 14px;\"><span style=\"color: #000000;\">Ein Jahr nach Beendigung der gro\u00dfen baulichen Ver\u00e4nderungen, der Schaffung von Fischaufstiegshilfen, Fischtreppen, Umgehungsgerinnen und weiteren Renaturierungsma\u00dfnahmen waren bereits erste \u201eechte Ergebnisse\u201c zu erkennen. Somit ist es gelungen, 15 km der Melk mit der Donau direkt zu verbinden. Diese gesamten 15 km sind nun endlich f\u00fcr die Fische der Donau frei passierbar und erm\u00f6glichen die Ein- und Auswanderung in den Melkfluss und in die Laichgebiete. Ein weiteres Ziel sollte die Populationshebung der aufsteigenden Fischarten, sowie eine kontinuierliche Restrukturierung der gesamten verbauten Melkabschnitte darstellen.<\/span><\/span> <span style=\"font-size: 14px;\"><span style=\"color: #000000;\"><\/p>\n<p> Der Erfolg dieser tief greifenden Bauma\u00dfnahmen konnte in der Zeit vom 7. M\u00e4rz bis 26. Juni 2003 eindrucksvoll im Rahmen eines Monitoring der BOKU Wien wissenschaftlich dokumentiert werden. An den Fischaufstiegshilfen wurde mit Reusen eine Fischz\u00e4hlung eingeleitet, bei der die Artenbestimmung, sowie die Gr\u00f6\u00dfen- und Gewichtsmessungen erfolgten. In diesen knapp vier Monaten wurde folgender Fischaufstieg von der Donau in den Melkfluss registriert: 33 Arten wanderten in diesem Zeitraum aus der Donau in die Melk. Insgesamt wurden 2100 Individuen registriert.<\/span><\/span> <span style=\"font-size: 14px;\"><span style=\"color: #000000;\"><\/p>\n<p> Als besonders erw\u00e4hnenswert erscheint die Tatsache, dass sich darunter 11 Zingel, eine sehr seltene und bedrohte Fischspezies, befand. Weiters wurden 230 Brachsen, 43 adulte (lat.; erwachsene, geschlechtsreife) Nasen, 35 juveline (lat.;&nbsp; jugendliche) Nasen, sowie 108 G\u00fcnster im Monitoring (das, allgemein die kontinuierliche Beobachtung eines Systems) gez\u00e4hlt und erfasst. Der Huchen, als Namensgeber des Life-Huchen Projekt, konnte an der Bauerwehr mit einer Anzahl von 62 juvelinen Exemplaren eindrucksvoll seine R\u00fcckkehr in die Melk best\u00e4tigen.<\/span><\/span> <span style=\"font-size: 14px;\"><span style=\"color: #000000;\"><\/p>\n<p> Die Vielfalt der durchgef\u00fchrten Ma\u00dfnahmen f\u00fchrte aber auch in den Bereichen der Fauna und Flora zu deutlichen Verbesserungen.<\/span><\/span>&nbsp; <strong><span style=\"color: #000000;\"><\/p>\n<p> <\/span><\/strong><\/div>\n<div style=\"text-align: center;\"><span style=\"font-size: 14px;\"><span style=\"color: #000000;\"><strong>Unter anderem schilderte unser Herr Kyselak seine Natureindr\u00fccke folgenderma\u00dfen<\/strong><\/span><\/span><\/div>\n<\/p><\/div>\n<div style=\"text-align: justify;\"> &nbsp;<\/div>\n<div style=\"text-align: justify;\"><span style=\"font-size: 14px;\"><span style=\"color: #000000;\"> \u201eUm meinem K\u00f6rper etwas an Labsal und Entspannung zu gew\u00e4hren, wurde eine direkt in einer sanften Uferschlinge des Melkflusses von mir auserkoren. Schmetterlinge umschw\u00e4rmten mich derart, dasz ich glaubte von einer Woge tanzender Bl\u00fcten bedeckt zu sein<\/span><span style=\"color: #000000;\">.\u201c<\/span><span style=\"color: #000000;\"> Voller Mu\u00dfe erblickte ich pr\u00e4chtige, im stahlblau und orange gl\u00e4nzende Flugk\u00fcnstler, die sich mit Todesmut in die Fluten der sch\u00e4umenden Melk st\u00fcrzten und mit reicher Fischbeute versehen triumphierend in den Weiten des lieblichen Flusses verschwanden.<\/span><\/span><\/div>\n<div style=\"text-align: center;\">&nbsp;<\/div>\n<div style=\"text-align: justify;\">&nbsp;<\/div>\n<div style=\"text-align: justify;\">\n<div style=\"text-align: justify;\"><span style=\"font-size: 14px;\"><span style=\"color: #000000;\">Diesem Zustand der obigen Schilderung konnte in kleinen Teilbereichen der Melk, bereits Rechnung getragen werden. Neue Zuwanderer, wie der Eisvogel (nur ihn kann unser Herr Kyselak gesehen haben), einer der schillerndsten Wasserbewohner unserer Region, hat sich in den renaturierten Wasserabschnitten mit etlichen Brutpaaren wieder eingefunden. Ebenso konnte die Wasseramsel und viele heimische Vogelarten (Sumpfmeise, Weidenmeise, Bachstelze, u.v.m.), wieder vermehrt beobachtet werden.<\/span><\/span><\/div>\n<\/p><\/div>\n<div style=\"text-align: justify;\">\n<div style=\"text-align: justify;\"><span style=\"font-size: 14px;\"><span style=\"color: #000000;\">Die Uferregionen wurden mit heimischen Str\u00e4uchern und B\u00e4umen bepflanzt, diese Pflanzen wurden ausschlie\u00dflich den Wachstumsgegebenheiten der Region angepasst, um keine Verf\u00e4lschung der heimischen Flora zuzulassen. Zur Gestaltung der Wiesenlandschaft wurden ebenfalls spezielle Grassamen eingebracht, die der Landschaft hochst\u00e4ndige Blumenwiesen gew\u00e4hrleisten. Bei der Bepflanzung der Ufer haben unter anderem auch 60 Sch\u00fcler der Hauptschule St. Leonhard tatkr\u00e4ftig, mitgeholfen und ihr Interesse an der Wiederherstellung der Natur in ihrem Lebensbereich gezeigt.<\/span><\/span><\/div>\n<\/p><\/div>\n<div style=\"text-align: justify;\">\n<div style=\"text-align: justify;\"><span style=\"font-size: 14px;\"><span style=\"color: #000000;\">Diese Arbeiten wurden im Fr\u00fchsommer begonnen und konnten im Sp\u00e4therbst 2003 erfolgreich abgeschlossen werden. Die Melk wurde somit von der Diemling bis zur Mank-Einm\u00fcndung, auf einer L\u00e4nge von etwa 2,5 Kilometer, ein relativ naturbelassenes Flussbett, inklusive der Uferbepflanzung zur\u00fcckgegeben.<\/span><\/span><\/div>\n<\/p><\/div>\n<div style=\"text-align: justify;\">\n<div style=\"text-align: justify;\"><span style=\"font-size: 14px;\"><span style=\"color: #000000;\">Die Besatzma\u00dfnahmen der Melk werden nach den Richtlinien eines \u201eMischwassers\u201c durchgef\u00fchrt. Der Besatz wird mit Huchen, Bach- und Regenbogenforellen in den Flussteilen, im Ausstand mit Wildkarpfen, Schleie und Hechten erfolgen.<\/span><\/span><\/div>\n<\/p><\/div>\n<div style=\"text-align: justify;\">\n<div style=\"text-align: justify;\"><span style=\"font-size: 14px;\"><span style=\"color: #000000;\">Verantwortlich f\u00fcr die Planung und die \u00f6kologische Bauaufsicht war das renommierte \u201eB\u00fcro Freiwasser\u201c (Arbeitsgemeinschaft f\u00fcr \u00d6kologie und Wasserbau).<\/span><\/span><\/div>\n<\/p><\/div>\n<div style=\"text-align: justify;\">\n<div style=\"text-align: justify;\"><span style=\"font-size: 14px;\"><span style=\"color: #000000;\">Die Baukosten f\u00fcr das gesamte Melkprojekt betrugen in etwa 173.000 Euro.<\/span><\/span><\/div>\n<\/p><\/div>\n<div style=\"text-align: justify;\">\n<div style=\"text-align: justify;\"><span style=\"font-size: 14px;\"><span style=\"color: #000000;\">F\u00fcr die Renaturierung der Alten Melkschleife (Ausst\u00e4nde), konnten durch ein landwirtschaftliches Kommasierungsverfahren, sowie Zusch\u00fcsse der \u00d6sterreichischen Fischereigesellschaft, gegr\u00fcndet 1880 und der \u00f6ffentlichen Hand ebenfalls ein gro\u00dfangelegtes Restrukturierungsprogramm eingeleitet werden. Im Rahmen der Arbeiten wurden gro\u00dfe Aushubbewegungen durchgef\u00fchrt, die im Altarm tiefe Zonen und Inseln entstehen lie\u00dfen. F\u00fcr die kontinuierliche Wasserversorgung des Ausstandes sorgt ein Nebenbach, der direkt in das Altwasser einm\u00fcndet. Die massive Uferbepflanzung zeigt bereits nach kurzer Zeit verst\u00e4rktes Aufkommen und eine Belebung der verschiedenen Tierarten im Bereich Niederwild, Rehwild und der Vogelwelt, bedingt durch die nat\u00fcrlichen Unterst\u00e4nde und R\u00fcckzugsgebiete. Ein gezielter Besatz, mit bodenst\u00e4ndigen Wildkarpfen wurde ebenfalls als Langzeitplan eingeleitet.<\/span><\/span><\/div>\n<\/p><\/div>\n<div style=\"text-align: justify;\">\n<div style=\"text-align: justify;\"><span style=\"font-size: 14px;\"><span style=\"color: #000000;\">Die Melk, ein kleiner Fluss, der durch L\u00f6\u00dfablagerungen flie\u00dft, entspringt am Blassenstein bei Scheibbs und m\u00fcndet nach 36 km Laufl\u00e4nge bei Melk in einen rechten Donauarm ein. Die Abschnitte gliedern sich in den wildbach\u00e4hnlichen Teil bis St. Georgen\/Lei\u00df, die von Uferbruchzonen begleitete Strecke von St. Georgen bis Oberndorf, den Mittellauf zwischen Oberndorf und St. Leonhard im tief liegenden Talboden, der nat\u00fcrlichen Durchbruchszone bei Diemling und endet im Unterlauf mit unterschiedlich breiten Talb\u00f6den.<\/span><\/span><\/div>\n<\/p><\/div>\n<div style=\"text-align: justify;\">\n<div style=\"text-align: justify;\"><span style=\"font-size: 14px;\"><span style=\"color: #000000;\">Das \u00d6FG Revier umfasst die Strecke ab der ehemaligen Blaikam\u00fchlwehr oberhalb von St. Leonhard am Forst, bis zum Fischereirevier I (Gutsverwaltung Matzleinsdorf). Die Breite des Reviers liegt bei etwa 8 Metern und hat eine Streckenl\u00e4nge von 5 km. Das Fl\u00e4chenma\u00df ist mit 4,8 ha anzugeben. Der Fischbestand mit Wildkarpfen, Schleie, Hechten, Aitel, Wei\u00dffischen in den Ausst\u00e4nden (Alte Melkschleife), der sehr hohe Anteil an Wei\u00dffischen im Flusslauf, sowie der in den Flie\u00dfstrecken angesiedelten Salmoniden (Bachforellen, Regenbogenforellen), zeichnen die Melk als Gew\u00e4sser mit vielf\u00e4ltigen Angelm\u00f6glichkeiten aus. In den Schwallabschnitten und tiefen Z\u00fcgen ist auch das Huchen-Aufkommen seit den eingeleiteten Struckturverbesserungen wieder angestiegen.<\/span><\/span><\/div>\n<\/p><\/div>\n<div style=\"text-align: justify;\">\n<div style=\"text-align: justify;\"><span style=\"font-size: 14px;\"><span style=\"color: #000000;\">Das vordringlichste Anliegen der Fischereiberechtigten ist die Vermeidung der landwirtschaftlichen D\u00fcngungen bis an die Uferregion der Melk. Das Ziel der \u00d6sterreichischen Fischereigesellschaft, stellt die Wiedergutmachung am Raubbau der Natur, soweit m\u00f6glich, das Aufarbeiten der Fehler der Vergangenheit und die Schaffung einer Melk im lebendverbauten Naturgewand dar, die in einigen Jahren vielleicht wieder einen neuen \u201eHerrn Kyselak\u201c zu schw\u00e4rmerischen Niederschriften veranlassen. <\/span><\/span><\/div>\n<div style=\"text-align: justify;\"><span style=\"font-size: 14px;\"><span style=\"color: #000000;\">Robert Hlozek<\/span><\/span><\/div>\n<\/p><\/div>\n<div style=\"text-align: justify;\">\n<div style=\"text-align: justify;\"><span style=\"font-size: 14px;\"><span style=\"color: #000000;\">Obige Textzeilen wurden Anfang Februar 2006 seitens Herrn Dr. Erhard Kraus, Sachbearbeiter \u00d6kologie beim Amt der Nieder\u00f6strreichischen Landesregierung, Abteilung Wasserbau, zur Verf\u00fcgung gestellt.<\/p>\n<p> <\/span><\/span><\/div>\n<div><span style=\"font-size: 14px;\"><span style=\"color: #000000;\"> <\/span><\/span> <span style=\"font-size: 12pt;\"><br \/> <\/span><\/div>\n<p> <span style=\"font-size: 12pt;\"> <\/span> <\/p>\n<div style=\"text-align: center;\"><span style=\"color: #000000;\"><span style=\"font-size: 16px;\"><strong>Joseph Kyselak<\/strong><\/span><\/span><\/div>\n<div><span style=\"font-size: 10pt; color: #000000;\"><br \/> <\/span><\/div>\n<div><span style=\"font-size: 10pt; color: #000000;\"><br \/> <\/span><span style=\"color: #000000;\"><span style=\"font-size: 14px;\">Joseph, auch Josef Kyselak, geb. 22. Dezember 1795 oder 1799 (Wien); verstorben (vermutlich) 17. September 1831 (Wien), war Alpinist und Hofkammerbeamter.<\/span><\/span><\/div>\n<div><span style=\"color: #000000;\"><span style=\"font-size: 14px;\">Angeblich begann er infolge einer Wette, nach der er in drei Jahren in der ganzen Monarchie bekannt sein w\u00fcrde, seinen Namen bzw. Kyselak war hier! auf allerlei m\u00f6glichen und unm\u00f6glichen Pl\u00e4tzen im Kaisertum \u00d6sterreichs zu schreiben und zu ritzen.<\/span><\/span><\/div>\n<div><span style=\"color: #000000;\"><span style=\"font-size: 14px;\">Kyselak fiel schlie\u00dflich der Cholera-Epidemie zu Opfer. <\/span><\/span><\/div>\n<div><span style=\"color: #000000;\"><span style=\"font-size: 14px;\">Dennoch lebt sein Name weiter.<\/span><\/span><span style=\"font-size: 10pt; color: #000000;\"><br \/> <\/span><\/div>\n<div><span style=\"color: #000000;\"><br \/> <\/span><\/div>\n<div>&nbsp;<\/div>\n<div>&nbsp;<\/div>\n<div style=\"text-align: center;\"><span style=\"font-size: 12pt; color: #000000;\"><\/span><span style=\"font-size: 16px;\"><span style=\"color: #000000;\"><strong>Der Melkfluss und die Fischerei <\/strong><\/span><\/span><span style=\"color: #000000;\"><br \/> <\/span><\/div>\n<div style=\"text-align: center;\"><span style=\"color: #000000;\"><strong>(aus der Sicht eines Anglers)<\/strong><\/span><\/div>\n<div style=\"text-align: justify;\"><span style=\"font-size: 14px;\"><br \/> <\/span><\/div>\n<div style=\"text-align: center;\"><span style=\"font-size: 14px;\"> <br \/> <\/span><img loading=\"lazy\" decoding=\"async\" class=\" size-full wp-image-205\" alt=\"\" src=\"https:\/\/zelking.grafikweb.eu\/wp-content\/uploads\/2011\/01\/huchen.jpg\" height=\"323\" width=\"220\" \/><span style=\"font-size: 14px;\"><br \/> <\/span><span style=\"color: #000000;\"><span style=\"font-size: 14px;\">Dkfm. Walter Lachmayr (mit Huchen)<\/span><\/span><span style=\"font-size: 14px;\"> <\/span><\/div>\n<\/p><\/div>\n<div style=\"text-align: justify;\">\n<div><span style=\"font-size: 14px;\"><span style=\"color: #000000;\"><br \/> <\/span><\/span><\/div>\n<div><span style=\"font-size: 14px;\"><span style=\"color: #000000;\"> <br \/> Die Melk weist zum Unterschied von der Gro\u00dfen Erlauf und Pielach einen ganz anderen Flusskarakter auf. Selbst bei st\u00e4rkerem Regen klaren die in den n\u00f6rdlichen Kalkalpen entspringenden Fl\u00fcsse rasch auf, w\u00e4hrend die Melk und auch die Mank in einer Flyschzone entspringen&nbsp; und gr\u00f6\u00dftenteils B\u00f6den mit Schotterablagerungen, Lehm und Mergel durchflie\u00dfen; daher selbst bei kleineren Regenmengen schon br\u00e4unliches und unbefischbares Wasser aufweisen.<\/span><\/span> <span style=\"font-size: 14px;\"><span style=\"color: #000000;\"><\/p>\n<p> Wesentlich f\u00fcr die Melk und auch f\u00fcr die Mank ist, dass infolge des undurchl\u00e4ssigen Untergrundes die Hochwassergefahr besonders gro\u00df ist. So ist die Melk \u2013 gemessen in Matzleinsdorf \u2013 der Fluss von Nieder\u00f6sterreich (und vermutlich von ganz \u00d6sterreich), der den h\u00f6chsten Hochwasserquotient aufweist. Dieser Quotient gibt das Verh\u00e4ltnis vom registrierten niedrigsten Niederwasser zum h\u00f6chsten Hochwasser wieder und betr\u00e4gt bei der Melk 1:6.500 (!), das hei\u00dft: w\u00e4hrend im Hochsommer etwa 1 m\u00b3 Wasser pro Sekunde flie\u00dft, sind es bei extremen Hochw\u00e4ssern rund 6.500 m\u00b3!<\/span><\/span> <span style=\"font-size: 14px;\"><span style=\"color: #000000;\"><\/p>\n<p> Die Wasserg\u00fcte betr\u00e4gt im Oberlauf<span style=\"color: #000000;\"> I-<\/span>II, im Bereich St. Leonhard vor dem Bau einer Kl\u00e4ranlage III, jetzt II a bis zur M\u00fcndung.<\/span><\/span> <span style=\"font-size: 14px;\"><span style=\"color: #000000;\"><\/p>\n<p> Vor der (brutalen) Regulierung konnten die Huchen, Welse, Karpfen, Hechte usw. ungehindert in der Melk Ablaichen. Die Folgen f\u00fcr die Fischerei waren durch die Regulierung verheerend; im unverbauten Zustand war die Melk einer der fischreichsten Fl\u00fcsse von N\u00d6. In den zwei und mehr Meter tiefen, durch \u00fcberh\u00e4ngendes Geb\u00fcsch unbefischbaren Gumpen konnte ein sehr hoher Huchen- und Hechtbestand existieren (10 kg Exemplare von Huchen waren keine Seltenheit!).<\/span><\/span> <span style=\"font-size: 14px;\"><span style=\"color: #000000;\"><\/p>\n<p> Zitat des Autors: \u201eIch kenne keinen Fluss, wo man den Flussgrund \u00fcber zehn Kilometer (!) mit Steinen zugepflastert hat.\u201c<\/span><\/span> <span style=\"font-size: 14px;\"><span style=\"color: #000000;\"><\/p>\n<p> In der unverbauten Melk befanden sich mehr als 15 verschiedene Fischarten (die Huchen waren 5<\/span><\/span><span style=\"font-size: 14px;\"><span style=\"color: #000000;\">\u2013<\/span><\/span><span style=\"font-size: 14px;\"><span style=\"color: #000000;\">10 kg schwer, die Hechte etwas leichter) und in der verbauten sind es jetzt nur mehr sechs!<\/span><\/span> <span style=\"font-size: 14px;\"><span style=\"color: #000000;\"><\/p>\n<p> Die durch die Regulierung seichte und schattenlose Melk (etwa 20 cm tief) heizte sich im Katastrophensommer 1992 bis zu 30\u00b0 C auf und es starben alle \u00c4schen in der Melk!!<\/span><\/span> <span style=\"font-size: 14px;\"><span style=\"color: #000000;\"><\/p>\n<p> Bereits etwa 1980 wies Univ. Prof. Dr. Mathias Jungwirth und sein Team an der Melk (die Melk d\u00fcrfte \u00fcbrigens der wissenschaftlich am intensivsten untersuchte Fluss der Welt sein) nach, dass je \u201eh\u00e4rter\u201c reguliert wird, desto weniger Fischarten befinden sich darin.<\/span><\/span> <span style=\"font-size: 14px;\"><span style=\"color: #000000;\"><\/p>\n<p> Die 1. Revitalisierung zwischen Lunzenbr\u00fccke und ca. 500 m oberhalb der Aubr\u00fccke 1987\/88 war ein ganz gro\u00dfer, bis heute gelungener Fortschritt.<\/span><\/span> <span style=\"font-size: 14px;\"><span style=\"color: #000000;\"><\/p>\n<p> Mit dem LIFE-Projekt 1999<span style=\"color: #000000;\">&#8211;<\/span>2003 kam die L\u00f6sung! Unter anderem konnte durch eine EU-F\u00f6rderung die \u201eHuchenaufstiegshilfen\u201c an der Pielach, Mank und Melk erm\u00f6glicht werden. Die 2. Revitalisierung von Au aufw\u00e4rts bis zur Mankm\u00fcndung ist 2004 erfolgreich&nbsp; beendet worden.<\/span><\/span> <\/p>\n<p> &nbsp;<\/p><\/div>\n<div style=\"text-align: center;\"><span style=\"font-size: 14px;\"><strong><span style=\"color: #000000;\">Aktuelle Probleme sind:<\/span><\/strong><\/span><\/div>\n<\/p><\/div>\n<div style=\"text-align: justify;\">\n<div>&nbsp;<\/div>\n<div><span style=\"font-size: 14px;\"><span style=\"color: #000000;\">1.) Durch immer weniger Wasserf\u00fchrung extreme Veralgung.<\/span><\/span><\/div>\n<div><span style=\"font-size: 14px;\"><span style=\"color: #000000;\"><br \/> 2.) Das fr\u00fcher leicht tr\u00fcbe Wasser erleichterte den Fischen das \u00dcberleben.<\/span><\/span><\/div>\n<div><span style=\"font-size: 14px;\"><span style=\"color: #000000;\"><br \/> 3.) Das Plankton (\u201eBenthosmasse\u201c) nimmt ab \u2013 Ursache unbekannt.<\/span><\/span><\/div>\n<div><span style=\"font-size: 14px;\"><span style=\"color: #000000;\"><br \/> 4.) Das Kormoranproblem im Winter ist ungel\u00f6st (pro Tag\/Vogel wird \u00bd kg Fisch vertilgt und \u00bc kg verletzt! Kontrollbefischungen zeigen an, dass z. B. Nasen und Barben von <span style=\"color: #000000;\">20<\/span><\/span><\/span><span style=\"font-size: 14px;\"><span style=\"color: #000000;\">\u2013<\/span><\/span><span style=\"font-size: 14px;\"><span style=\"color: #000000;\"><span style=\"color: #000000;\">40 c<\/span>m fast komplett fehlen.<\/span><\/span><\/div>\n<div><span style=\"font-size: 14px;\"><span style=\"color: #000000;\"><br \/> 5.) Das Reiherproblem ist gegen\u00fcber dem Problem der G\u00e4nses\u00e4ger, die sich auf Fische von 5<\/span><\/span><span style=\"font-size: 14px;\"><span style=\"color: #000000;\">\u2013<\/span><\/span><span style=\"font-size: 14px;\"><span style=\"color: #000000;\">15 cm \u201espezialisiert\u201c haben noch das kleinere \u00dcbel.<\/span><\/span><\/div>\n<div><span style=\"font-size: 14px;\"><span style=\"color: #000000;\"><br \/> 6.) Der Staubereich oberhalb der Bauer-Wehr verlandet immer mehr und mehr, detto auch der Altarm bei Melk. Die Sohlstufe bei Melk verhindert ein Durchreissen von Schlamm und Schmutz bei Hochwasser.<\/span><\/span><\/div>\n<\/p><\/div>\n<div style=\"text-align: justify;\">\n<div><span style=\"font-size: 14px;\"><span style=\"color: #000000;\"><br \/> PS: Der gr\u00f6\u00dfte Huchen den ich je in der Melk landen konnte, war 1,07 cm lang und 12,60 kg schwer. \u201ePetri Heil\u201c w\u00fcnscht Dkfm. Walter Lachmayr Zelking\/Wien 2004.<\/span><span style=\"color: #000000;\"> <\/span><\/span><\/div>\n<div><span style=\"font-size: 14px;\"><span style=\"color: #000000;\">Erstver\u00f6ffentlichung in: Sagenhaftes Melktal 2004, Seite 8<\/span><\/span><span style=\"font-size: 14px;\"><span style=\"color: #000000;\">\u2013<\/span><\/span><span style=\"font-size: 14px;\"><span style=\"color: #000000;\">10<br \/> <\/span><\/span><\/div>\n<div><span style=\"font-size: 14px;\"><span style=\"color: #000000;\"><\/p>\n<p> <\/span><\/span><\/div>\n<p>&nbsp;<\/p>\n<div style=\"text-align: center;\"><span style=\"font-size: 16px;\"><span style=\"color: #000000;\"><strong>Die Diemling<\/strong><\/span><\/span><span style=\"font-size: 14pt;\"> <\/span><span style=\"color: #000000;\"><span style=\"color: #000000;\"><span style=\"color: #000000;\"><span style=\"font-size: 14px;\">(*)<\/span><\/span><\/span><\/span><\/div>\n<div>&nbsp;<\/div>\n<div>&nbsp;<\/div>\n<div><span style=\"font-size: 14px;\"><br \/> <\/span><\/div>\n<div style=\"text-align: justify;\"><span style=\"color: #000000;\"><span style=\"color: #000000;\"><span style=\"font-size: 14px;\"> Gelegen zwischen dem Hiesberg und Anzenberg am Beginn des Hiesberges (gesehen von St. Leonhard am Forst kommend).<\/p>\n<p> <\/span><\/span><\/span><span style=\"color: #000000;\"><span style=\"color: #000000;\"><span style=\"font-size: 14px;\">Woher dieser Name des noch in seinem Ursprungszustand befindlichen Teil des Melkflusses stammen k\u00f6nnte, wurde bis dato noch nicht erforscht. Dieser etwa 500 Meter lange Naturbelassene Flussabschnitt an der Grenze zur Marktgemeinde St. Leonhard am Forst gelegen, ist ein von der Regulierung verschont gebliebenes kleines Naturwunder wo die \u201eDonaulachse\u201c (Huchen) und andere Fischarten (jetzt dank der Fischaufstiegshilfen leichter) Ablaichen k\u00f6nnen. Zahlreiche Libellen umschwirren den Uferbereich; auch befinden sich die Wasseramsel, der Eisvogel und die Gebirgsstelze (laut einem Zeitungsartikel von 1985) in diesem \u201ekleinen Paradies\u201c! <br \/> (*) In alten Schriften wird auch T\u00fcmmling (T\u00fcmling) geschrieben und sie soll ihren Namen vom Tummeln (beeilen) durch die Enge des Durchbruchtals haben!<br \/> Erstver\u00f6ffentlichung in: Sagenhaftes Melktal 2004, Seite 35<\/span><\/span><\/span><span style=\"color: #000000;\"><span style=\"color: #000000;\"><span style=\"font-size: 14px;\"><\/p>\n<p> <\/span><\/span> <br \/> <\/span><\/div>\n<p> <span style=\"color: #000000;\"> <\/span> <\/p>\n<div style=\"text-align: center;\"><strong>Melkflussregulierung<\/strong><\/div>\n<div style=\"text-align: justify;\"><span style=\"font-size: 16px;\"><span style=\"color: #000000;\"> <\/span><\/span><span style=\"color: #000000;\"><span style=\"font-size: 14px;\"><br \/> <\/span><\/span><span style=\"color: #000000;\"><span style=\"font-size: 14px;\"><br \/> Der Gedanke den einstmals m\u00e4anderartigen Melkfluss, der bei Hochwasser aus seinen Ufern trat, zu b\u00e4ndigen, stammt seitens der Gemeindeleitung von St. Leonhard schon seit 1839.<br \/> Im Juli 1839 wurde die Stiftsherrschaft Melk ersucht, die Grundbuchmappen zwecks Erweiterung der Melk im M\u00fcndungsbereich auszuh\u00e4ndigen.<br \/> Bedingt durch starke, lang anhaltende Regenf\u00e4lle am 20. August 1913, betraf es das gesamte Melktal! Gigantische \u00dcberflutungen hat es damals gegeben.<br \/> 1931 wurde die Konkurrenz gegr\u00fcndet, der alle Melktalgemeinden angeh\u00f6rten.<br \/> Die 1. Teilstrecke von 1931<\/span><\/span><span style=\"font-size: 14px;\"><span style=\"color: #000000;\">\u2013<\/span><\/span><span style=\"color: #000000;\"><span style=\"font-size: 14px;\">1937 war Winden bis Matzleinsdorf; die 2. Strecke im Herbst 1937 begonnen und infolge des Zweiten Weltkriegs 1942 eingestellt betrug den Abschnitt Matzleinsdorf\/Zelking. Der 3. Streckenabschnitt im Raum St. Leonhard wurde unter dem RAD (Reichsarbeitsdienst) im Oktober 1938 begonnen aber bald wieder eingestellt.<br \/> Anfang 1951 wurde in Mannersdorf mit der Regulierung unter 150 Mann (!) begonnen und 1954 der dritte Abschnitt der Teilstrecke bis zur Mankm\u00fcndung in Angriff genommen.<br \/> 1959 wurde aus der \u201eMelkfluss-Konkurrenz\u201c der \u201eMelk-Wasserverband\u201c.<br \/> 1960<\/span><\/span><span style=\"font-size: 14px;\"><span style=\"color: #000000;\">\u2013<\/span><\/span><span style=\"color: #000000;\"><span style=\"font-size: 14px;\">1962 wurde der obere Abschnitt bis zur Mankm\u00fcndung und bis Ende 1963 der Abschnitt bis zur Eisenbahnbr\u00fccke fertig gestellt.<br \/> Im Jahre 1969 erfolgte die Fertigstellung der 3. Teilstrecke.<br \/> 1970<\/span><\/span><span style=\"font-size: 14px;\"><span style=\"color: #000000;\">\u2013<\/span><\/span><span style=\"color: #000000;\"><span style=\"font-size: 14px;\">1990 erfolgten Arbeiten ab Riegers bis Oberndorf. In der Teilstrecke Oberndorf erfolgte bereits eine Naturnahe Verbauung, sodass bis zu der Waidaschmiedwehr (St. Georgen an der Leys) nur mehr sporadische Uferverbauungen erfolgten.<br \/> Teilentnahme aus: Franz Handl St. Leonhard am Forst, 1998 <\/p>\n<p> Die Hunts (Hunt ist ein kleiner kippbarer Waggon f\u00fcr den Transport von Steinen usw.) ziehende Dampflok wurde ab 1957 durch eine Diesellok ersetzt.<br \/> <\/span><\/span><span style=\"color: #000000;\"><\/p>\n<p> <\/span><\/div>\n<\/p><\/div>\n<\/p><\/div>\n<div style=\"text-align: center;\"><span style=\"color: #000000;\"> <\/span> <\/p>\n<div style=\"text-align: center;\"><img loading=\"lazy\" decoding=\"async\" class=\" size-full wp-image-206\" alt=\"\" src=\"https:\/\/zelking.grafikweb.eu\/wp-content\/uploads\/2011\/01\/dampflok.jpg\" height=\"203\" width=\"360\" srcset=\"https:\/\/zelking.grafikweb.eu\/wp-content\/uploads\/2011\/01\/dampflok.jpg 526w, https:\/\/zelking.grafikweb.eu\/wp-content\/uploads\/2011\/01\/dampflok-300x169.jpg 300w\" sizes=\"auto, (max-width: 360px) 100vw, 360px\" \/><br \/> <span style=\"color: #000000;\"><span style=\"font-size: 14px;\">Dampflok mit Hunt<\/span> &#8230;<\/span><\/p>\n<p> <img loading=\"lazy\" decoding=\"async\" class=\" size-full wp-image-207\" alt=\"\" src=\"https:\/\/zelking.grafikweb.eu\/wp-content\/uploads\/2011\/01\/diesellok.jpg\" height=\"185\" width=\"358\" srcset=\"https:\/\/zelking.grafikweb.eu\/wp-content\/uploads\/2011\/01\/diesellok.jpg 498w, https:\/\/zelking.grafikweb.eu\/wp-content\/uploads\/2011\/01\/diesellok-300x156.jpg 300w\" sizes=\"auto, (max-width: 358px) 100vw, 358px\" \/><br \/> <span style=\"color: #000000;\"><span style=\"font-size: 14px;\">&#8230; und hier bereits mit Dieselloks und mehreren Hunts<br \/> (Beide Bilder stammen aus der Sammlung Haiderer\/St. Leonhard am Forst)<br \/> <\/span><\/span><\/div>\n<div style=\"text-align: justify;\"><span style=\"color: #000000;\"><span style=\"font-size: 14px;\"><\/p>\n<p> Alois Resch aus Mannersdorf (J\u00e4nner 2000 verstorben) erz\u00e4hlte (mir), dass er als Jugendlicher hier \u201eWasserer\u201c (= Wassertr\u00e4ger) und damals auch bereits sozialversichert war und f\u00fcr die Arbeiter an der Melkflussregulierung das Trinkwasser von Mann zu Mann brachte.<\/span><\/span><span style=\"font-size: 14px;\"><br \/> <\/span><\/div>\n<div style=\"text-align: center;\"><span style=\"color: #000000;\"><span style=\"font-size: 14px;\"><br \/> <\/span><\/span><span style=\"color: #000000;\"><span><span style=\"font-size: 14px;\"><\/p>\n<p> <\/span><\/span><\/span><strong><span style=\"color: #000000;\"><span><span style=\"font-size: 14px;\">Der Wassertr\u00e4ger<\/span><\/span><\/span><\/strong><span style=\"color: #000000;\"><span style=\"font-size: 14px;\"><\/p>\n<p> <\/span><\/span><span style=\"font-size: 10pt; color: #000000;\"><img loading=\"lazy\" decoding=\"async\" class=\" size-full wp-image-208\" alt=\"\" src=\"https:\/\/zelking.grafikweb.eu\/wp-content\/uploads\/2011\/01\/wassertrger.jpg\" height=\"182\" width=\"143\" \/><\/span><br \/> <span style=\"color: #000000;\"><span><span style=\"font-size: 14px;\">Diego Rodr\u00edguez de Silva y Vel\u00e1zquez (1599<\/span><\/span><\/span><span style=\"font-size: 14px;\"><span style=\"color: #000000;\">\u2013<\/span><\/span><span style=\"color: #000000;\"><span><span style=\"font-size: 14px;\">1660), spanischer Maler <\/span><\/span><\/span><br \/> <span style=\"color: #000000;\"><span style=\"font-size: 14px;\">P<\/span><span style=\"font-size: 14px;\">assendes Motiv von Manama, Hauptstadt von Bahrain<br \/> <\/span><span style=\"font-size: 14px;\"> <\/span><br \/> <\/span><\/div>\n<div>&nbsp;<\/div>\n<div>&nbsp;<\/div>\n<\/p><\/div>\n<div style=\"text-align: center;\">&nbsp;<\/div>\n<div style=\"text-align: center;\"><strong>Die Donau<\/strong><\/div>\n<div style=\"text-align: center;\">\n<div style=\"text-align: justify;\"><span style=\"color: #000000;\"><br \/> <\/span><\/div>\n<div style=\"text-align: justify;\"><span style=\"color: #000000;\"> <\/span><span style=\"color: #000000;\"><br \/> <\/span><\/div>\n<p> <span style=\"color: #000000;\"> <\/span> <\/p>\n<div style=\"text-align: justify;\"><span style=\"color: #000000;\"><span style=\"font-size: 14px;\"><span style=\"color: #000000;\">Der Melkfluss m\u00fcndet als rechter Nebenfluss der Donau nahe des Stiftsfelsen in die Donau.<\/span><\/p>\n<p> Die Donau ist mit 2850&nbsp;km Gesamtl\u00e4nge nach der Wolga der zweitl\u00e4ngste Fluss in Europa. Entspringt mit den Quellb\u00e4chen Brigach und Breg im Schwarzwald und m\u00fcndet mit einem f\u00fcnfarmigen Delta ins Schwarze Meer.<br \/> Im Unterschied zu allen anderen Fl\u00fcssen der Welt werden bei der Donau die Stromkilometer von der M\u00fcndung zur Quelle gez\u00e4hlt. <br \/> Duna, Dunav, Dunaj, Dunarea sind weitere Namen der Donau von den Anrainerstaaten, durch welche die Donau flie\u00dft. Der Namensursprung wird aus dem keltischen Ausdruck <\/span><\/span><span style=\"color: #000000;\"><span style=\"font-size: 14px;\"> (indoeurop\u00e4isch: danu = Fluss) <\/span><\/span><span style=\"color: #000000;\"><span style=\"font-size: 14px;\">\u201e<\/span><\/span><span style=\"color: #000000;\"><span style=\"font-size: 14px;\">dona-aw<\/span><\/span><span style=\"color: #000000;\"><span style=\"font-size: 14px;\">\u201c<\/span><\/span><span style=\"color: #000000;\"><span style=\"font-size: 14px;\">, was f\u00fcr <\/span><\/span><span style=\"color: #000000;\"><span style=\"font-size: 14px;\">\u201e<\/span><\/span><span style=\"color: #000000;\"><span style=\"font-size: 14px;\">tiefes Wasser<\/span><\/span><span style=\"color: #000000;\"><span style=\"font-size: 14px;\">\u201c<\/span><\/span><span style=\"color: #000000;\"><span style=\"font-size: 14px;\"> steht oder in <\/span><\/span><span style=\"color: #000000;\"><span style=\"font-size: 14px;\">\u201e<\/span><\/span><span style=\"color: #000000;\"><span style=\"font-size: 14px;\">do-avv<\/span><\/span><span style=\"color: #000000;\"><span style=\"font-size: 14px;\">\u201c<\/span><\/span><span style=\"color: #000000;\"><span style=\"font-size: 14px;\"> vermutet, das hei\u00dft <\/span><\/span><span style=\"color: #000000;\"><span style=\"font-size: 14px;\">\u201e<\/span><\/span><span style=\"color: #000000;\"><span style=\"font-size: 14px;\">zwei Wasser<\/span><\/span><span style=\"color: #000000;\"><span style=\"font-size: 14px;\">\u201c<\/span><\/span><span style=\"color: #000000;\"><span style=\"font-size: 14px;\"> (bedingt durch ihre zwei Quellfl\u00fcsse). Im englischen und franz\u00f6sischen wird dieser Strom Danube genannt. In dieser Bezeichnung verbirgt sich der alte r\u00f6mische Flussgott Danubius. Auf Deutsch hies die Donau fr\u00fcher Donaw oder auch Tonach; erst im 18. Jahrhundert erhielt dieser europ\u00e4ische Gro\u00dffluss den heutigen Namen.<br \/> Als einzige europ\u00e4ische Wasserstra\u00dfe nimmt die Donau ihren Weg von Westen nach Osten (entgegen der Erdrotation!); die obere Donau geht auf die so genannte Urdonau zur\u00fcck, die im Mioz\u00e4n (Terti\u00e4r) entstanden sein d\u00fcrfte.<br \/> Gemeinsam mit den Ostalpen stellt die Donau das pr\u00e4gende naturr\u00e4umliche Element \u00d6sterreichs dar. Das Charakteristische der Donaulandschaften ist der h\u00e4ufige Wechsel zwischen engen und weiten Tallandschaften, wobei sich von Westen nach Osten folgender Ablauf ergibt: Passauer Tal, Eferdinger Becken, Linzer Pforte, Linz-Ardagger-Becken, Machland, Strudengau, Nibelungengau (mit dem Gemeindegebiet Zelking-Matzleinsdorf), Wachau, Tullner Becken (Tullnerfeld), Wiener Pforte, Wiener Becken, Marchfeld und Ungarische Pforte. Zwischen den Hundsheimer Bergen und den Kleinen Karpaten (Thebner Kogel) verl\u00e4sst die Donau das \u00f6sterreichische Staatsgebiet. Die mittlere Durchflussmenge betr\u00e4gt bei der Wiener Reichsbr\u00fccke 1922 m\u00b3 pro Sekunde, das Gef\u00e4lle der Donau auf \u00f6sterreichischem Territorium betr\u00e4gt 156&nbsp;m. Die Gew\u00e4sserg\u00fcte des Stroms entspricht bis vor Wien der G\u00fcteklasse&nbsp;II, unterhalb Wiens der G\u00fcteklasse&nbsp;II-III von 4 Stufen (Stand 2003).<br \/> Der Hauptstrom \u00d6sterreichs hat im Hochsommer den h\u00f6chsten, im J\u00e4nner den niedrigsten Wasserstand. Hydrographisch geh\u00f6ren 96&nbsp;% des \u00f6sterreichischen Staatsgebiets zum Einzugsgebiet der Donau (auch die Drau flie\u00dft in die Donau). <br \/> Die Nebenfl\u00fcsse der Donau in \u00d6sterreich sind s\u00fcdlich unter anderem: Traun, Enns, Ybbs, Erlauf, <strong>Melk<\/strong>, Pielach, Traisen, Schwechat, Fischa und Leitha (m\u00fcndet in Ungarn); n\u00f6rdlich: Gro\u00dfe M\u00fchl, Aist, Krems und Kamp.<br \/> Bei Melk (nahe vom Stiftsfelsen) m\u00fcndet der Melkfluss (gemeinsam mit der Mank) in die Donau. Mit einer Flie\u00dfl\u00e4nge von ca. 37 km (von der Ursprungsquelle bis zur M\u00fcndung) z\u00e4hlt die Melk zu den kleineren Fl\u00fcssen.<\/p>\n<p> <\/span><\/span><\/div>\n<div style=\"text-align: center;\"><img loading=\"lazy\" decoding=\"async\" class=\" size-full wp-image-209\" alt=\"\" src=\"https:\/\/zelking.grafikweb.eu\/wp-content\/uploads\/2011\/01\/donaublock%20i.jpg\" height=\"243\" width=\"301\" \/>&nbsp; <img loading=\"lazy\" decoding=\"async\" class=\" size-full wp-image-210\" alt=\"\" src=\"https:\/\/zelking.grafikweb.eu\/wp-content\/uploads\/2011\/01\/donaublock%20ii.jpg\" height=\"224\" width=\"311\" \/><br \/> <span style=\"color: #000000;\"><span style=\"font-size: 14px;\">Zwei Bl\u00f6cke der ungarischen Post, welche dem Donauverlauf gewidmet sind<\/span><\/span><\/div>\n<div>&nbsp;<\/div>\n<div style=\"text-align: justify;\"><span style=\"font-size: 14px;\"><br \/> <\/span><br \/> <span style=\"font-size: 14px;\"><strong> <br \/> <\/strong><\/span><\/div>\n<\/p><\/div>\n<p style=\"text-align: center;\">&nbsp;<\/p>\n<div style=\"text-align: center;\"><span style=\"font-size: 16px;\"><span style=\"color: #000000;\"><strong>Die R\u00f6mische Flotte auf der Norischen und Oberpannonischen Donau<\/strong><\/span><\/span><span style=\"color: #000000;\"><span style=\"font-size: 14px;\"><br \/> <strong>Walther Heydendorff<\/strong><\/span><\/span><span style=\"color: #000000;\"> <span style=\"font-size: 14px;\"> <br \/> <\/span><\/span><\/div>\n<div style=\"text-align: center;\"><span style=\"color: #000000;\"><span style=\"font-size: 14px;\"> <br \/> <\/span><\/span><\/div>\n<p style=\"text-align: center;\">&nbsp;<\/p>\n<div style=\"text-align: center;\"><span style=\"color: #000000;\"><span style=\"font-size: 14px;\"><br \/> Die Donau, deren schiffbarer Lauf aus dem Herzen Mitteleuropas zum Schwarzen Meere f\u00fchrt, hat zu allen Zeiten eine wichtige Rolle als Handels- und Verkehrsweg gespielt. Wenn in grauen Vorzeiten der Einbaum des Fischers, der leichte Kahn, den Strom befuhren, waren gewi\u00df schon in vorr\u00f6mischer Zeit gr\u00f6\u00dfere Fahrzeuge mit Ruderantrieb in Verwendung (Dr. tech. Ernst Neweklowski, \u201eDie r\u00f6mische Donauschifffahrt\u201c, in \u201eKulturberichte aus Nieder\u00f6sterreich\u201c. Beilage der \u201eAmtlichen Nachrichten der n. \u00f6. Landesregierung, 1951, Folge 7).<br \/> Als die Donau in der mehr als 400 Jahre w\u00e4hrenden Zeit der R\u00f6merherrschaft zum Grenzstrom wurde, gewann sie zus\u00e4tzlich milit\u00e4rische Wichtigkeit.<br \/> Sie sch\u00fctzte als leicht verteidigendes Hindernis in jedem Abschnitt ihres Laufes, die Nordgrenze der r\u00f6mischen Provinzen Noricum&nbsp; und Oberpannonien. Wenn auch der r\u00f6mische Machtbereich zuzeiten \u00fcber den Strom vorgeschoben war, so war die Donau dennoch in dieser ganzen Epoche das R\u00fcckgrat jener Verteidigungszone, die man schon zur R\u00f6merzeit im erweiterten Sinne als Limes zu bezeichnen pflegte. In dieser naturgegebenen und durch Befestigungen verst\u00e4rkten Grenzzone hielten Landtruppen Wache, zuerst wohl Hilfstruppen zu Fu\u00df und zu Pferd, meist nichtr\u00f6mischer Erg\u00e4nzung, die l\u00e4ngs des Stromes eine Kette von Kastellen anlegten. In diesen Kordon wurden sp\u00e4ter Legionen, Kerntruppen des r\u00f6mischen Heeres, eingeschoben, die sich in befestigten Standlagern einrichteten. Dazu kam wohl alsbald als sehr wesentlicher Teil des Grenzschutzes die r\u00f6mische Donauflotte (classis Pannonica).<br \/> Die Hoffnung auf weitere Kl\u00e4rungen in dieser Hinsicht beschr\u00e4nkt sich ausschlie\u00dflich auf das Gebiet arch\u00e4ologischer Spatenarbeit. Der oftmalige Wechsel des Stromlaufes w\u00e4hrend der Zeitspanne von rund 1500 Jahren seit dem Ausgange der R\u00f6merherrschaft in unseren Donaulanden und die Transportt\u00e4tigkeit des Wassers machen es an den meisten in Betracht kommenden Uferstellen unwahrscheinlich, Spuren von Hafenanlagen der r\u00f6mischen Flotte aufzufinden, obzwar deren Reste in toten Armen oder verlandeten Buchten unter dem Schotter liegen m\u00f6gen. Flussregulierungen und Verbauungen hatten einschneidende Ver\u00e4nderungen des Ufergel\u00e4ndes zur Folge, welche Nachforschungen illusorisch machen.<br \/> Zu Zeiten offensiver Bet\u00e4tigung der R\u00f6mer \u00fcber den Strom hinweg, hatte die Donauflotte wichtige unterst\u00fctzende Aufgaben zu l\u00f6sen, sei es bei der Sicherung des \u00dcberganges, bei der Bereitstellung von Br\u00fcckenmaterial, bei der \u00dcberschiffung oder der Zufuhr von Material und Proviant. Die zeitlich weitaus \u00fcberwiegende Verwendung f\u00fcr die Sicherung des Stromes erforderte in Anbetracht der schwierigen Schifffahrtsverh\u00e4ltnisse die Anlage von Flottenst\u00fctzpunkten entlang des ganzen zu sichernden Abschnittes.<br \/> Zus\u00e4tzlich zu diesen Kampfaufgaben kamen noch andere Verwendungen milit\u00e4rischer und transporttechnischer Natur: die Aufrechterhaltung der Verbindung mit jenen Truppenteilen, die jenseits des Stromes in botm\u00e4\u00dfigen Gebieten oder in Sicherheitszonen lagen, der Truppentransport wie der Nachschub f\u00fcr jenseits der Donau k\u00e4mpfende Heere.<br \/> Zu Friedenszeiten fielen der Flotte \u00fcberdies wichtige Aufgaben polizeilicher und zolltechnischer Art zu.<br \/> Es ist nicht zu bezweifeln, da\u00df die Donau zur R\u00f6merzeit gro\u00dfe Bedeutung f\u00fcr den Handel von West nach Ost besa\u00df. Bei Ulm wird sie schiffbar. Von hier konnte anstelle des m\u00fchsamen Transportes \u00fcber Land, jener zu Wasser einsetzen. In Lauriacum erreichte jener wichtige Stra\u00dfenzug aus dem Westen des Reiches den Strom, der nach Verlust des Landes um den s\u00fcdlichen Schwarzwald die wichtigste Verbindung West-Ost n\u00f6rdlich der Alpen bildete. Zu Wasser wurde Baumaterial, Holz und Ziegel, an den Ort gr\u00f6\u00dferer Bauvorhaben verfrachtet. Diese Transporte auf dem Grenzstrom zu sch\u00fctzen, oblag ebenfalls der Donauflotte.<br \/> Wie bei der Seeflotte stand jeder Flottenteil unter dem Befehle eines Flottenpr\u00e4fekten (* praefectus classis). <br \/> Die Notitia Dignitatum weist auf der norisch-pannonischen Donau drei dieser Flottenkommandanten nach \u2013, gr\u00f6\u00dfere Schiffseinheiten wurden von Trierarchen befehligt (Pauly-Wissowa, \u201eRealiencyclopaedie des classischen Altertums\u201c, in der Folge zitiert als REA, III., Fiebiger, Artikel \u201eclassis 3.\u201c nennt vier Inschriften von Flottillenkommandanten und drei solche von Trierarchen der pannonischen&nbsp; Flotte).&nbsp; <br \/> Von den gebr\u00e4uchlichsten r\u00f6mischen Kriegsschifftypen k\u00f6nnen die schweren Dreireiher, Trieren, wohl nur auf der unteren Donau zur Verwendung gelangt sein. Die Bauart der leichteren Liburnen entsprach besser den Anforderungen des Flussdienstes (REA, XIII\/1, Stuttgart 1926, Grosse, Artikel \u201eliburna\u201c: Die normale <\/span><\/span><span style=\"color: #000000;\"><span style=\"font-size: 14px;\">\u201el<\/span><\/span><span style=\"color: #000000;\"><span style=\"font-size: 14px;\">iburna<\/span><\/span><span style=\"color: #000000;\"><span style=\"font-size: 14px;\">\u201c<\/span><\/span><span style=\"color: #000000;\"><span style=\"font-size: 14px;\"> war ein scharf und niedrig gebauter leichter, schneller Zweireiher mit Sporn und Mast).<\/p>\n<p> <\/span><\/span><\/div>\n<div style=\"text-align: center;\"><img loading=\"lazy\" decoding=\"async\" class=\" size-full wp-image-211\" alt=\"\" src=\"https:\/\/zelking.grafikweb.eu\/wp-content\/uploads\/2011\/01\/liburna.jpg\" height=\"209\" width=\"314\" srcset=\"https:\/\/zelking.grafikweb.eu\/wp-content\/uploads\/2011\/01\/liburna.jpg 400w, https:\/\/zelking.grafikweb.eu\/wp-content\/uploads\/2011\/01\/liburna-300x200.jpg 300w\" sizes=\"auto, (max-width: 314px) 100vw, 314px\" \/><br \/> <span style=\"color: #000000;\"><span style=\"font-size: 14px;\">Modell einer Liburne &#8211; aufgenommen im Welserturm (Museum der Stadt P\u00f6chlarn<\/span><\/span><\/div>\n<div style=\"text-align: center;\">&nbsp;<\/div>\n<div style=\"text-align: center;\"><span style=\"font-size: 14px;\"><br \/> <\/span><\/div>\n<div style=\"text-align: center;\"><span style=\"color: #000000;\"><span style=\"font-size: 14px;\"> Welche Schiffsgattungen auf der Donaustrecke aufw\u00e4rts von Carnuntum angesichts der Str\u00f6mungsverh\u00e4ltnisse eingesetzt waren, erscheint ungekl\u00e4rt. Die Verwendung von Liburnen auf der norischen und oberpannonischen Donau ist demnach in Frage gestellt (der nicht regulierte Stromlauf mit seinen Windungen und Nebenarmen hatte ohne Zweifel ein wesentlich geringeres Gef\u00e4lle aufzuweisen, als dies heute der Fall ist).<br \/> Die Wissenschaft setzt die Schaffung dieses Flottenteiles fast \u00fcbereinstimmend in die Zeit des Augustus.<br \/> Aus der zweiten H\u00e4lfte des 1. Jahrhunderts besitzen wir keine Nachrichten \u00fcber das r\u00f6mische Marinewesen auf der Donau.<br \/> Nach vielen Jahrzehnten des Friedens und der Bl\u00fcte brach im Jahre 166 jener Ansturm der Markomannen, Quaden und anderer mit ihnen verbundener V\u00f6lkerschaften los, der beide pannonische Provinzen und Noricum in die Gewalt der Angreifer brachte, die bis Aquileia vordrangen. Als Kaiser Marc Aurel im Jahre 168 wieder bis zur Donau vorstie\u00df, bedurfte es einer starken Flotte. So d\u00fcrfte dieser Kaiser als Neusch\u00f6pfer der r\u00f6mischen Donauflotte in dieser Gegend anzusehen sein.<br \/> Auf die Stromstrecke von Lauriacum (Enns) bis Arrabona (Raab, Gy\u00f6r) entfielen vier H\u00e4fen, in denen drei Flottenteile unter dem Kommando von Flottenpr\u00e4fekten beheimatet waren.<br \/> Die Schwierigkeiten der Bergfahrt zwangen \u00fcberdies dazu, die Schiffseinheiten in den ihnen zufallenden R\u00e4umen dauernd zu stationieren.<br \/> Von den beiden Teilen der dritten Flotteneinheit fiel jenem in Arelape der Schutz der Talm\u00fcndungen von Ybbs, Erlauf und Pielach, zu.<br \/> Wie gem\u00e4\u00df ihrer Aufgaben erscheint die r\u00f6mische Donauflotte auch auf Grund der Angaben der Notitia Dignitatum als ein sehr wesentlicher Teil des Grenzschutzes am Limes.<\/p>\n<p> <\/span><\/span><\/div>\n<div style=\"text-align: center;\"><strong><span style=\"font-size: 16px;\"><span style=\"color: #000000;\">Arelape (P\u00f6chlar<\/span><\/span><span style=\"font-size: 16px;\"><span style=\"color: #000000;\">n)<\/span><\/span><span style=\"color: #000000;\"><span style=\"font-size: 14px;\"> <\/span><\/span><\/strong><\/div>\n<div style=\"text-align: center;\"><span style=\"color: #000000;\"><span style=\"font-size: 14px;\"> <\/p>\n<p> Der Donauhafen wird in einem Donauarm halbwegs zwischen dem Kastell \u2013 unter dem heutigen Orte \u2013 und&nbsp; der Zivilsiedlung zwischen Harlanden und Erlauf vermutet (RL\u00d6 XIX, Wien 1949, Gertrud Pascher: \u201eR\u00f6mische Siedlungen und Stra\u00dfen im Limesgebiet zwischen Enns und Leitha\u201c, Seite 111).<br \/> Im Laufe des 5. Jahrhunderts, vielleicht auch zu dessen Beginn, verschwand die r\u00f6mische Kriegsflotte sang- und klanglos vom Schauplatz ihrer wohl vierhundertj\u00e4hrigen T\u00e4tigkeit.<br \/> Die Lebensgeschichte des heiligen Severin l\u00e4sst jede Phase des Untergangs von Ufernoricum erkennen. Aus dieser Zeit vermittelt uns die Vita Sancti Severini Nachrichten \u00fcber den noch vorhandenen Schiffsverkehr auf der Donau. Dem von der Hungersnot bedrohten Favianae (Mautern) brachten Schiffe, die zuvor auf dem Inn im Eis stecken geblieben waren, Lebensmittel aus R\u00e4tien. Als Severin der romanischen Bev\u00f6lkerung von Castra Batava (Passau) die bevorstehende Zerst\u00f6rung ihrer Stadt verk\u00fcndet und sie zum Abzug nach Lauriacum aufgefordert hatte, fuhr er zu Schiff die Donau hinab in sein Kloster bei Favianae (Eugippii \u201eVita Sancti Severini\u201c; Ausgabe von R. Noll, \u201eDas Leben des hl. Severin\u201c, Linz 1947).<br \/> Teilentnahmen aus: UNSERE HEIMAT Monatsblatt des Vereines f\u00fcr Landeskunde von Nieder\u00f6sterreich und Wien, Jahrgang 23 (1952), Nummer 8<\/span><\/span><span style=\"font-size: 14px;\"><span style=\"color: #000000;\">\u2013<\/span><\/span><span style=\"color: #000000;\"><span style=\"font-size: 14px;\">10, Seite 149 (Umschlagblatt) bis Seite 157<\/p>\n<p> <strong>Liburne<\/strong> war in der r\u00f6mischen Flotte urspr\u00fcnglich ein leichtes, zweirangiges (mit zwei Ruderreihen versehenes) und bewegliches Kriegsschiff<br \/> <strong>Notitia Dignitatum<\/strong> ist ein r\u00f6misches Staatshandbuch, das in seiner heutigen Textgestalt vermutlich zwischen 425 und 433 n. Chr. entstanden ist.<br \/> <strong>Trierarche<\/strong> = Kapit\u00e4n des Schiffes<br \/> <strong>Triere<\/strong> (grch.) oder <strong>Trireme<\/strong> (lat., zu Deutsch: Dreiruderer) war ein rudergetriebenes Kriegsschiff des Altertums mit drei gestaffelt angeordneten Reihen von Riemen.<\/p>\n<p> <\/span><\/span><\/div>\n","protected":false},"excerpt":{"rendered":"","protected":false},"author":2,"featured_media":197,"comment_status":"open","ping_status":"open","sticky":false,"template":"","format":"standard","meta":{"footnotes":""},"categories":[48],"tags":[],"class_list":["post-212","post","type-post","status-publish","format-standard","has-post-thumbnail","hentry","category-der-melkfluss"],"_links":{"self":[{"href":"https:\/\/zelking.grafikweb.eu\/index.php?rest_route=\/wp\/v2\/posts\/212","targetHints":{"allow":["GET"]}}],"collection":[{"href":"https:\/\/zelking.grafikweb.eu\/index.php?rest_route=\/wp\/v2\/posts"}],"about":[{"href":"https:\/\/zelking.grafikweb.eu\/index.php?rest_route=\/wp\/v2\/types\/post"}],"author":[{"embeddable":true,"href":"https:\/\/zelking.grafikweb.eu\/index.php?rest_route=\/wp\/v2\/users\/2"}],"replies":[{"embeddable":true,"href":"https:\/\/zelking.grafikweb.eu\/index.php?rest_route=%2Fwp%2Fv2%2Fcomments&post=212"}],"version-history":[{"count":0,"href":"https:\/\/zelking.grafikweb.eu\/index.php?rest_route=\/wp\/v2\/posts\/212\/revisions"}],"wp:featuredmedia":[{"embeddable":true,"href":"https:\/\/zelking.grafikweb.eu\/index.php?rest_route=\/wp\/v2\/media\/197"}],"wp:attachment":[{"href":"https:\/\/zelking.grafikweb.eu\/index.php?rest_route=%2Fwp%2Fv2%2Fmedia&parent=212"}],"wp:term":[{"taxonomy":"category","embeddable":true,"href":"https:\/\/zelking.grafikweb.eu\/index.php?rest_route=%2Fwp%2Fv2%2Fcategories&post=212"},{"taxonomy":"post_tag","embeddable":true,"href":"https:\/\/zelking.grafikweb.eu\/index.php?rest_route=%2Fwp%2Fv2%2Ftags&post=212"}],"curies":[{"name":"wp","href":"https:\/\/api.w.org\/{rel}","templated":true}]}}