{"id":25,"date":"2009-01-31T11:05:37","date_gmt":"2009-01-31T11:05:37","guid":{"rendered":"https:\/\/zelking.com\/2009\/01\/31\/das-wappen-der-gemeinde-zeling-matzleinsdorf-und-die-qerfolgeq-aus-meiner-sich\/"},"modified":"2009-01-31T11:05:37","modified_gmt":"2009-01-31T11:05:37","slug":"das-wappen-der-gemeinde-zeling-matzleinsdorf-und-die-qerfolgeq-aus-meiner-sich","status":"publish","type":"post","link":"https:\/\/zelking.grafikweb.eu\/?p=25","title":{"rendered":"Das Wappen der Gemeinde Zelking-Matzleinsdorf und die &#8222;Erfolge&#8220; &#8230;"},"content":{"rendered":"<div style=\"text-align: center;\">&nbsp;<\/div>\n<div style=\"text-align: center;\"> <span style=\"color: #000000;\"><span style=\"font-size: 18px;\"><strong>Das Wappen der Gemeinde<\/strong>&nbsp;<\/span><\/span><\/div>\n<div style=\"text-align: center;\"><span style=\"font-size: 18px;\"><span style=\"color: #000000;\"><span style=\"color: #000000;\"><span style=\"color: #000000;\"><span style=\"color: #000000;\"><span style=\"color: #000000;\"><span style=\"color: #000000;\"><strong>Zelking-Matzleinsdorf<\/strong><\/span><\/span><\/span><\/span><\/span><\/span><\/span><span style=\"color: #000000;\"><span style=\"color: #000000;\"><span style=\"color: #000000;\"><span style=\"color: #000000;\"><span style=\"color: #000000;\"> <span style=\"color: #000000;\"> <\/span><\/span><\/span><\/span><\/span><\/span><\/div>\n<div style=\"text-align: center;\"><span style=\"color: #000000;\"><span style=\"color: #000000;\"><span style=\"font-size: 14px;\"><strong>(und die \u201eErfolge\u201c bzw. Folgen aus meiner Sicht!)<\/strong><\/span><\/span><\/span> <!--more--> <span style=\"color: #000000;\"><span style=\"font-size: 14px;\"><\/span><\/span><\/div>\n<div style=\"text-align: center;\">&nbsp;<\/div>\n<div style=\"text-align: justify;\">&nbsp;<\/div>\n<div style=\"text-align: center;\"><span style=\"color: #000000;\"><span style=\"font-size: 12px;\"><span style=\"font-family: Arial;\"><span style=\"font-size: 14px;\"><strong>Mehr als <\/strong><\/span><\/span><strong><span style=\"font-size: 14px;\"><span style=\"color: #000000;\">\u201e<\/span><\/span><\/strong><span style=\"font-family: Arial;\"><span style=\"font-size: 14px;\"><strong>tausend<\/strong><\/span><\/span><strong><span style=\"color: #000000;\"><span style=\"font-size: 14px;\"><span><span><span>\u201c<\/span><\/span><\/span><\/span><\/span><\/strong><span style=\"font-family: Arial;\"><span style=\"font-size: 14px;\"><strong> Gr\u00fcnde f\u00fcr ein Vier-Felder-Wappen<\/strong><\/span><\/span><\/span><\/span><\/div>\n<div style=\"text-align: center;\"> <span style=\"color: #000000;\"><span style=\"font-size: 14px;\">Ein sch\u00f6ner Ort<\/span><\/span><\/div>\n<div style=\"text-align: center;\"><span style=\"color: #000000;\"><span style=\"font-size: 14px;\"><span style=\"color: #000000;\">&nbsp;und einmalig im Wort!<\/span><\/span><\/span><\/div>\n<div style=\"text-align: center;\"><span style=\"color: #000000;\"><span style=\"font-size: 14px;\"><span style=\"color: #000000;\">&nbsp;Sommerfrische einst \u2013<\/span><\/span><\/span><\/div>\n<div style=\"text-align: center;\"><span style=\"color: #000000;\"><span style=\"font-size: 14px;\"><span style=\"color: #000000;\">&nbsp;<\/span><span style=\"font-family: Arial;\"><span style=\"color: #000000;\">ist zwar schon lange her.<\/span><\/span><\/span><\/span><\/div>\n<div style=\"text-align: center;\">&nbsp;<\/div>\n<div style=\"text-align: center;\"><span style=\"color: #000000;\"><span style=\"font-size: 14px;\"><span style=\"color: #000000;\">&nbsp;&nbsp;Hoffen, dass eines Tages wieder mehr<\/span><\/span><\/span><\/div>\n<div style=\"text-align: center;\"><span style=\"color: #000000;\"><span style=\"font-size: 14px;\"><span style=\"color: #000000;\">&nbsp;Urlauber uns wieder besuchen \u2013<\/span><\/span><\/span><\/div>\n<div style=\"text-align: center;\"><span style=\"color: #000000;\"><span style=\"font-size: 14px;\"><span style=\"color: #000000;\">&nbsp;wie in \u201ealten<span><span><span>\u201c<\/span><\/span><\/span> Zeiten!<\/span><\/span><\/span><\/div>\n<div style=\"text-align: center;\"><span style=\"color: #000000;\"><span style=\"font-size: 14px;\"><span style=\"color: #000000;\">&nbsp;Wir sind f\u00fcr die da,<\/span><\/span><\/span><\/div>\n<div style=\"text-align: center;\"><span style=\"color: #000000;\"><span style=\"font-size: 14px;\"><span style=\"color: #000000;\">&nbsp;welche die Heimat suchen,<\/span><\/span><\/span><\/div>\n<div style=\"text-align: center;\"><span style=\"color: #000000;\"><span style=\"font-size: 14px;\"><span style=\"color: #000000;\">&nbsp;&nbsp;nicht die Weiten.<\/span><\/span><\/span><\/div>\n<div style=\"text-align: center;\">&nbsp;<\/div>\n<div style=\"text-align: center;\"><span style=\"font-size: 14px;\"><span style=\"color: #000000;\">&nbsp;Jetzt bedeutet die weite Welt noch alles:<br \/> Im Falle eines Falles,<\/span><\/span><\/div>\n<div style=\"text-align: center;\"><span style=\"color: #000000;\"><span style=\"font-size: 14px;\"><span style=\"color: #000000;\">&nbsp;die wirtschaftliche Situation<\/span><\/span><\/span><\/div>\n<div style=\"text-align: center;\"><span style=\"color: #000000;\"><span style=\"font-size: 14px;\"><span style=\"color: #000000;\">&nbsp;wird noch schlechter<\/span><\/span><\/span><\/div>\n<div style=\"text-align: center;\"><span style=\"color: #000000;\"><span style=\"font-size: 14px;\"><span style=\"color: #000000;\">&nbsp;&nbsp;(und f\u00fcr das Budget w\u00e4re es gerechter)<\/span><\/span><\/span><\/div>\n<div style=\"text-align: center;\"><span style=\"color: #000000;\"><span style=\"color: #000000;\">&nbsp;<\/span><span style=\"font-size: 14px;\"><span style=\"color: #000000;\">&nbsp; mehr ZUHAUSE<\/span><\/span><\/span><\/div>\n<div style=\"text-align: center;\"><span style=\"color: #000000;\"><span style=\"font-size: 14px;\"><span style=\"color: #000000;\">&nbsp;&nbsp;und nicht immer fort.<\/span><\/span><\/span><\/div>\n<div style=\"text-align: center;\"> <span style=\"font-size: 14px;\"><span style=\"font-size: 14px;\"><span style=\"color: #000000;\">&nbsp;Blumen- und <span style=\"color: #000000;\">F<\/span>ahnengeschm\u00fcckt,<\/span><\/span><\/span><span style=\"font-size: 14px;\"><span style=\"color: #000000;\"> <\/span><span style=\"color: #000000;\"> <\/span><span style=\"color: #000000;\"> <\/span><\/span><span style=\"color: #000000;\"> <\/span><\/div>\n<div style=\"text-align: center;\"><span style=\"color: #000000;\"><span style=\"font-size: 14px;\"><span style=\"color: #000000;\">&nbsp;&nbsp;ein noch sch\u00f6nerer Ort,<\/span><\/span><\/span><\/div>\n<div style=\"text-align: center;\"><span style=\"color: #000000;\"><span style=\"font-size: 14px;\"><span style=\"color: #000000;\">&nbsp;&nbsp;der einstmals Geschichte schrieb<\/span><\/span><\/span><\/div>\n<div style=\"text-align: center;\"><span style=\"color: #000000;\"><span style=\"font-size: 14px;\"><span style=\"color: #000000;\">&nbsp;und so vielen lieb.<\/span><\/span><\/span><\/div>\n<div style=\"text-align: center;\">&nbsp;<\/div>\n<div style=\"text-align: center;\"><span style=\"color: #000000;\"><span style=\"font-size: 14px;\"><span style=\"color: #000000;\">&nbsp;&nbsp;Mindestens noch tausend Gr\u00fcnde,<\/span><\/span><\/span><\/div>\n<div style=\"text-align: center;\"><span style=\"color: #000000;\"><span style=\"font-size: 14px;\"><span style=\"color: #000000;\">&nbsp;schriebe gerne alle auf,<\/span><\/span><\/span><\/div>\n<div style=\"text-align: center;\"><span style=\"color: #000000;\"><span style=\"font-size: 14px;\"><span style=\"color: #000000;\">&nbsp;wenn mir mehr Zeit zur Verf\u00fcgung st\u00fcnde,<\/span><\/span><\/span><\/div>\n<div style=\"text-align: center;\"><span style=\"color: #000000;\"><span style=\"font-size: 14px;\"><span style=\"color: #000000;\">&nbsp;in meinem Lebenslauf.<\/span><\/span><\/span><\/div>\n<div style=\"text-align: center;\">&nbsp;<\/div>\n<div style=\"text-align: center;\"><span style=\"color: #000000;\"><span style=\"font-size: 14px;\"><span style=\"color: #000000;\">&nbsp;Ludwig Pichler<\/span><\/span><br \/> <span style=\"font-size: 14px;\"><span style=\"color: #000000;\"> <\/span><\/span><\/span><\/div>\n<div style=\"text-align: center;\"><span style=\"font-size: 14px;\"><span style=\"color: #000000;\">Niedergeschrieben bereits Juni 1997<\/span><\/span><\/div>\n<div style=\"text-align: left;\"> &nbsp;<\/div>\n<div style=\"text-align: justify;\"><span style=\"font-size: 14px;\"><span style=\"color: #000000;\">Ein eigenes Wappen f\u00fcr die Gemeinde Zelking-Matzleinsdorf \u2013 welche Gemeinde, die noch keines besitzt, schw\u00e4rmt nicht davon \u2013 \u201egeisterte<span><span><span>\u201c<\/span><\/span><\/span> schon l\u00e4ngere Zeit in meinem Kopf herum.<\/span><\/span><\/div>\n<div><span style=\"font-size: 14px;\"><span style=\"color: #000000;\">Wie sollte unser Gemeindewappen aussehen?<\/span><\/span><\/div>\n<div style=\"text-align: justify;\">&nbsp;<\/div>\n<div style=\"text-align: justify;\"><span style=\"font-size: 14px;\"><span style=\"color: #000000;\">Die Herren von Zelking z\u00e4hlten einstmals zu den \u201eApostelgeschlechtern<span><span><span>\u201c<\/span><\/span><\/span> (die 12 ber\u00fchmtesten Geschlechter in \u00d6sterreich wurden so genannt!), so \u201emusste<span><span><span>\u201c<\/span><\/span><\/span> ich nat\u00fcrlich dieses Geschlecht in ein zuk\u00fcnftiges Wappen \u201eeinflie\u00dfen<span><span><span>\u201c<\/span><\/span><\/span> lassen.<\/span><\/span><\/div>\n<div style=\"text-align: justify;\"><span style=\"font-size: 14px;\"><span style=\"color: #000000;\">Damit war ein historisches Wappen \u201evorherbestimmt<span><span><span>\u201c<\/span><\/span><\/span>, obwohl ich etliche \u201eunhistorische<span><span><span>\u201c<\/span><\/span><\/span> Entw\u00fcrfe auch zu Papier gebracht hatte.<br \/> <\/span><\/span><\/div>\n<div style=\"text-align: justify;\"><span style=\"font-size: 14px;\"><span style=\"color: #000000;\">Da die Geschlechter der Zelking und Sinzendorf abgestorben, also erloschen waren, konnte ich \u00fcber diese Wappen \u201everf\u00fcgen<span><span><span>\u201c,<\/span><\/span><\/span> aber anders verhielt es sich beim Wappen Heussenstamm.<\/span><\/span><\/div>\n<div style=\"text-align: justify;\"><span style=\"font-size: 14px;\"><span style=\"color: #000000;\">Von diesem Geschlecht gibt es die Gr\u00e4fin Frau Elisabeth Heussenstamm \u2013 die \u201eLetzte Gr\u00e4fin im Melktal<span><span><span>\u201c <\/span><\/span><\/span>(in Matzleinsdorf wohnend) und ihre, jetzt b\u00fcrgerliche Schwester Frau Maria Bauer (wohnhaft in Zelking\/Gassen).<\/span><\/span><\/div>\n<div style=\"text-align: justify;\"><span style=\"font-size: 14px;\"><span style=\"color: #000000;\">Bei der Vorlage der Wappenabbildungen\/Beschreibungen am 17. M\u00e4rz 1997 seitens der \u201eletzten Gr\u00e4fin im Melktal<span><span><span>\u201c<\/span><\/span><\/span> wurde mir anstandslos die Genehmigung erteilt, sodass diese \u201eH\u00fcrde<span><span><span>\u201c<\/span><\/span><\/span> \u2013 bei einem anschlie\u00dfenden herzlichen \u201ePlauscherl<span><span><span>\u201c <\/span><\/span><\/span>\u2013 ohne Probleme genommen war.<\/span><\/span><\/div>\n<div style=\"text-align: justify;\"> &nbsp;<\/div>\n<div style=\"text-align: center;\"><img decoding=\"async\" style=\"width: 148px; height: 214px;\" alt=\"\" src=\"http:\/\/www.zelking.grafikweb.eu\/images\/stories\/gemeinde\/wappengenehmigung.jpg\" \/><br \/> &nbsp; <span style=\"color: #000000;\"><span style=\"font-size: 14px;\"><span>Frau <\/span><\/span><\/span><span style=\"color: #000000;\"><span style=\"font-size: 14px;\"><span>(Gr\u00e4fin)<\/span><\/span><\/span><span style=\"color: #000000;\"><span style=\"font-size: 14px;\"><span> Elisabeth Heussenstamm<br \/> (Die \u201eLetzte Gr\u00e4fin im Melktal<span><span><span>\u201c<\/span><\/span><\/span><\/span> beim Unterzeichnen der Genehmigung)<\/span><\/span><\/div>\n<div style=\"text-align: justify;\">\n<p> <span style=\"font-size: 14px;\"><span style=\"color: #000000;\">Bei der HERALDISCH-GENEALOGISCHEN GESELLSCHAFT \u201eADLER\u201c, gegr\u00fcndet 1870, ein in Wien ans\u00e4ssiger privater Verein, der sich mit der Geschichte des Landes, ihren Geschlechtern usw. befasst und daher zahlreiche Literatur zur Verf\u00fcgung hat, konnte ich die Wappenabbildungen bzw. Beschreibungen unserer drei Geschlechter kopieren lassen, um etliche Unterlagen f\u00fcr ein \u201ehistorisches Wappen\u201c zu erlangen bzw. vorlegen zu k\u00f6nnen (eine Kopie kostete damals Schilling 5,-).<\/span><\/span><\/div>\n<div style=\"text-align: justify;\"><span style=\"font-size: 14px;\"><span style=\"color: #000000;\">Verschiedene Farben, Pinseln, Reinigungsmittel und Papier wurden angeschafft, um meine Ideen farblich gestalten zu k\u00f6nnen.<\/span><\/span><\/div>\n<div style=\"text-align: justify;\"><span style=\"font-size: 14px;\"><span style=\"color: #000000;\">Zur\u00fcckblickend muss ich erw\u00e4hnen, dass vor den historischen Entw\u00fcrfen etliche andere erfolgt sind. Bereits im September 1996 erfolgten zahlreiche Entw\u00fcrfe \u2013 die nicht so gut gelungenen \u201ewanderten\u201c in den Papierkorb, die \u201esch\u00f6neren\u201c wurden aber f\u00fcr \u201eeventuell\u201c aufgehoben.<\/span><\/span><\/div>\n<div style=\"text-align: justify;\"><span style=\"font-size: 14px;\"><span style=\"color: #000000;\">Zahlreiche Stunden Entwerfen (und vieles davon wegwerfen) folgten jetzt, dabei wurde es \u00f6fters zwischen ein, zwei Uhr (nachts).<\/span><\/span><\/div>\n<div style=\"text-align: justify;\">&nbsp;<\/div>\n<div style=\"text-align: justify;\"><span style=\"font-size: 14px;\"><span style=\"color: #000000;\">Einladungskurrende vom 5. Mai 1997. Bei dieser Gemeinderatssitzung unter der damaligen Gemeindeleitung, den Herren Bgm. Leopold Labenbacher und Vize-Bgm. Engelbert Erhart legte ich meinen Urentwurf \u2013 \u00e4hnlich dem offiziellen Wappen aussehend vor und dieser wurde sehr positiv aufgenommen. Mein Entwurf enthielt anstelle des heutigen Wappenteils Sinzendorf ein \u00e4hnliches (ohne Krone), wie es auf dem Wohnhaus Johann und Maria Bauer (vom ehem. \u201emalenden F\u00e4hrmann\u201c Franz Knapp 1970 gemalt) aussieht und es enthielt eine andere Wappenform!<br \/> <\/span><\/span><\/div>\n<div style=\"text-align: justify;\"> &nbsp;<\/div>\n<div style=\"text-align: center;\"><img decoding=\"async\" style=\"width: 167px; height: 241px;\" alt=\"\" src=\"http:\/\/www.zelking.grafikweb.eu\/images\/stories\/gemeinde\/urentwurf.jpg\" \/><br \/> <span style=\"color: #000000;\"><span style=\"font-size: 14px;\">Mein (gescannter) Urentwurf <\/span><\/span><\/div>\n<div style=\"text-align: justify;\">\n<p> <span style=\"font-size: 14px;\"><span style=\"color: #000000;\">Erst bei dem zweiten Treffen am 24. November 1997 mit dem \u201ezust\u00e4ndigen Herrn\u201c, Wirkl. HR Dr. Anton Eggendorfer, wurde ich nach St. P\u00f6lten zur Landesregierung mitgenommen! Aber an dem Tag war eigentlich schon alles \u201egelaufen\u201c. Zahlreiche \u201eEingaben\u201c an die Herren und Damen wie LH Dr. Erwin Pr\u00f6ll, LHStv. Ernst H\u00f6ger, LHStv. Liese Prokop und Wirkl. HR Dr. Silvia Petrin konnten nichts bewirken, da seitens der Landesregierung auch die Wappenform seit Jahren \u201esteht\u201c (ich nenne diese deshalb \u201e08\/15er-Form\u201c, da dieser Entschluss keine andere Wappenform mehr zul\u00e4sst!), somit war auch meine Wappenform schon \u201egestorben\u201c.<\/span><\/span><\/div>\n<div style=\"text-align: justify;\"><span style=\"font-size: 14px;\"><span style=\"color: #000000;\">Wirkl. HR Dr. Eggendorfer wollte urspr\u00fcnglich nicht das Wappen Heussenstamm in unserem Wappen haben (da es f\u00fcr ihn zu jung sei), aber \u201eVize\u201c Erhart beharrte darauf \u2013 sonst gebe es \u00fcberhaupt kein Wappen!!<\/span><\/span><\/div>\n<div style=\"text-align: justify;\"><span style=\"font-size: 14px;\"><span style=\"color: #000000;\">In einem Antwortschreiben seitens Herrn HR Dr. Eggendorfer an mich, warum wenigstens die \u201eHaifischz\u00e4hne\u201c (das Wappen Heussenstamm hat stumpfere Spitzen!) nicht ge\u00e4ndert wurden (diese M\u00f6glichkeit h\u00e4tte die Gemeindeleitung damals gehabt, aber der \u201eMohr hatte seine Schuldigkeit getan\u201c; vermutlich hatte man seitens der Gemeindeleitung kein weiteres Interesse mehr daran, wenigstens hier noch etwas \u201ezu retten\u201c), schrieb HR Dr. Eggendorfer, diese M\u00f6glichkeit h\u00e4tte die Gemeinde gehabt, aber nicht in Anspruch genommen<span style=\"color: #000000;\">.<\/span> Auch schrieb ich an Herrn HR Dr. Eggendorfer, dass ein h\u00f6herer Anteil der roten Farbe (wie bei meinem Wappenentwurf) ein \u201ew\u00e4rmeres\u201c Wappen gegeben h\u00e4tte&nbsp;\u2013 sofern jemand etwas von der Farbenlehre verst\u00fcnde. Es folgte kein Antwortschreiben mehr an mich.<\/span><\/span><\/div>\n<div style=\"text-align: center;\">\n<p> <img decoding=\"async\" style=\"width: 279px; height: 150px;\" alt=\"\" src=\"http:\/\/www.zelking.grafikweb.eu\/images\/stories\/gemeinde\/wappen z.jpg\" \/><br \/> <span style=\"font-size: 14px;\"><span style=\"color: #000000;\"> <\/span><\/span><span style=\"color: #000000;\"><span style=\"font-size: 14px;\"><span>\u201eWappenkompromiss\u201c<\/span>. B\u00fcrgermeister. Leopold Labenbacher (von links nach rechts)<br \/> <span>Wirklicher HR (Hofrat) Dr. Anton Eggendorfer und Viz<span style=\"color: #000000;\">e<\/span>b\u00fcrgermeister Engelbert Erhart<\/span><\/span><\/span><\/div>\n<div style=\"text-align: justify;\">\n<p> <span style=\"font-size: 14px;\"><span style=\"color: #000000;\">Zelking \u2013 Bgm. Labenbacher: Einige Zeit, nachdem das Wappen bereits feststand, fragte ich beim Bgm. an, ob mir nicht die Unkosten, die mir f\u00fcr das Material (die erforderlichen zahlreichen Stunden f\u00fcr Zeichnen\/Malen w\u00e4ren sowieso geschenkt gewesen!) entstanden sind, nicht seitens der Gemeinde ersetzt werden k\u00f6nnten (ca. Schilling 1200,-). Als ich ihm diese Summe nannte, sagte er nur: \u201eWos sof\u00fc\u201c \u2013 und das war die ganze \u201eBezahlung\u201c.<\/span><\/span><\/div>\n<div style=\"text-align: justify;\">&nbsp;<\/div>\n<div style=\"text-align: justify;\"><span style=\"font-size: 14px;\"><span style=\"color: #000000;\">Wien: Im 21. Bezirk befindet sich die \u201eZelkinggasse\u201c, welche nach Conrad Zelking benannt war. Er soll im Auftrag von K\u00f6nig Premysl einen Grenzstreit geschlichtet haben, aber das Tolle daran, es gibt in der Stammtafel der Herren von Zelking keinen Conrad!<\/span><\/span><\/div>\n<div><span style=\"font-size: 14px;\"><span style=\"color: #000000;\">Wo liegt der Fehler?<\/span><\/span><\/div>\n<div style=\"text-align: center;\">\n<p> <img decoding=\"async\" style=\"width: 204px; height: 141px;\" alt=\"\" src=\"http:\/\/www.zelking.grafikweb.eu\/images\/stories\/gemeinde\/herzogenburg.jpg\" \/><br \/> <span style=\"color: #000000;\"><span style=\"font-size: 14px;\">Augustiner Chorherrenstift Herzogenburg<\/span><br \/> <span style=\"font-size: 14px;\"><span> (Kunstverlag Hofstetter 4910 Ried im Innkreis<\/span><\/span><\/span><span style=\"font-size: 14px;\"><span style=\"color: #000000;\">)<br \/> <\/span><\/span><\/div>\n<div style=\"text-align: justify;\">\n<p> <span style=\"font-size: 14px;\"><span style=\"color: #000000;\">Stift Herzogenburg\/Archiv: Beim Durchbl\u00e4ttern einiger hier mir vorgelegter B\u00fccher <\/span><\/span><span style=\"font-size: 14px;\"><span style=\"color: #000000;\">(bei der Suche nach Zelkingern) <\/span><\/span><span style=\"color: #000000;\"><span style=\"font-size: 14px;\">stie\u00df ich <\/span><span style=\"font-size: 14px;\"><span>zuf\u00e4llig auf den Ort Z<\/span><\/span><\/span><span style=\"font-size: 14px;\"><span style=\"color: #000000;\">agging (Zelking und Zagging schrieben sich damals beinahe gleich und ein gewisser Maximilian Fischer hat Zagging mit Zelking 1815 verwechselt!) <span style=\"color: #000000;\">und dadurch&nbsp;<\/span> auf \u201eunseren\u201c Conrad UND da wusste ich, hier habe ich die <\/span><\/span><span style=\"font-size: 14px;\"><span style=\"color: #000000;\">\u201e<\/span><\/span><span style=\"font-size: 14px;\"><span style=\"color: #000000;\">L\u00f6sung<\/span><\/span><span style=\"font-size: 14px;\"><span style=\"color: #000000;\">\u201c<\/span><\/span><span style=\"font-size: 14px;\"><span style=\"color: #000000;\"> schwarz auf wei\u00df.<br \/> <\/span><\/span><\/div>\n<div style=\"text-align: center;\">\n<p> <img decoding=\"async\" style=\"width: 121px; height: 169px;\" alt=\"\" src=\"http:\/\/www.zelking.grafikweb.eu\/images\/stories\/gemeinde\/wien bb.jpg\" \/><br \/> <span style=\"font-size: 14px;\"><span style=\"color: #000000;\"> <\/span><\/span><span style=\"color: #000000;\"><span style=\"font-size: 14px;\"><span>\u201eVorreiter\u201c<\/span> Herr ao. Univ.-Prof. Dr. Ferdinand Opll<br \/> (ehemaliger Direktor des Wiener Stadt-<br \/> und Landesarchivs, jetzt schon Pension\u00e4r)<\/span><\/span><br \/> <span style=\"font-size: 14px;\"> <\/span><\/p>\n<p> <img decoding=\"async\" style=\"width: 407px; height: 536px;\" alt=\"\" src=\"http:\/\/www.zelking.grafikweb.eu\/images\/stories\/gemeinde\/wien c.jpg\" \/><\/p>\n<p> <img decoding=\"async\" style=\"width: 117px; height: 163px;\" alt=\"\" src=\"http:\/\/www.zelking.grafikweb.eu\/images\/stories\/gemeinde\/wien cc.jpg\" \/><br \/> <span style=\"color: #000000;\"><span style=\"font-size: 14px;\"><span>\u201eEinf\u00e4dler\u201c<\/span> Herr ao. Univ.-Prof. Dr. Peter Csendes <\/span><\/span><\/div>\n<div style=\"text-align: center;\"><span style=\"color: #000000;\"><span style=\"font-size: 14px;\">(Senatsrat, heute schon in der Pension)<\/span><\/span><\/p>\n<p> <img decoding=\"async\" style=\"width: 407px; height: 606px;\" alt=\"\" src=\"http:\/\/www.zelking.grafikweb.eu\/images\/stories\/wien b.jpg\" \/><br \/> <span style=\"color: #000000;\"><span style=\"font-size: 14px;\">Amtlich und \u201eschwarz auf wei\u00df\u201c<\/span><\/span><\/div>\n<div style=\"text-align: center;\">\n<p> <img decoding=\"async\" style=\"width: 116px; height: 163px;\" alt=\"\" src=\"http:\/\/www.zelking.grafikweb.eu\/images\/stories\/gemeinde\/wien aa.jpg\" \/><br \/> <span style=\"font-size: 14px;\"><span style=\"color: #000000;\"> <\/span><\/span><span style=\"color: #000000;\"><span style=\"font-size: 14px;\"><span>\u201e<\/span><span>Ausf\u00fchrer<\/span><span><span>\u201c<\/span><\/span> Herr <\/span><\/span><span style=\"color: #000000;\"><span style=\"font-size: 14px;\">Amtsrat <\/span><\/span><span style=\"color: #000000;\"><span style=\"font-size: 14px;\">Helmut Simacek<\/span><\/span><\/div>\n<div style=\"text-align: center;\"><span style=\"color: #000000;\"><span style=\"font-size: 14px;\">(Vermutlich auch schon in Pension)<br \/> <\/span><\/span><\/p>\n<p> <span style=\"font-size: 14px;\"><span style=\"color: #000000;\"> <\/span><\/span><img decoding=\"async\" style=\"width: 409px; height: 490px;\" alt=\"\" src=\"http:\/\/www.zelking.grafikweb.eu\/images\/stories\/gemeinde\/wien a.jpg\" \/><br \/> <span style=\"font-size: 14px;\"><span style=\"color: #000000;\"> <\/span><\/span><\/div>\n<div style=\"text-align: center;\"><span style=\"font-size: 14px;\"><span style=\"color: #000000;\">Das <\/span><\/span><span style=\"font-size: 14px;\"><span style=\"color: #000000;\">\u201eUmbenennungsdekret\u201c<\/span><\/span><\/div>\n<div style=\"text-align: justify;\">\n<p> <span style=\"font-size: 14px;\"><span style=\"color: #000000;\">MA 8 (Wiener Stadt- und Landesarchiv): Darauf schrieb ich an die MA 8 (und diese setzte sich mit der MA 7 in Verbindung). Nach ca. 6 Wochen hatte ich f\u00fcr mich ein (sehr positives) Schreiben in H\u00e4nden, dass man den Fehler in der Kartei korrigiere, meine Argumente ber\u00fccksichtigt hat und es damit seither eine echte Zelkinggasse ist.<\/span><\/span><\/div>\n<div style=\"text-align: center;\">\n<p> <img decoding=\"async\" style=\"width: 251px; height: 81px;\" alt=\"\" src=\"http:\/\/www.zelking.grafikweb.eu\/images\/stories\/gemeinde\/zelkinggasse.jpg\" \/><\/div>\n<div style=\"text-align: justify;\">&nbsp;<\/div>\n<div style=\"text-align: justify;\"> <span style=\"font-size: 14px;\"><span style=\"color: #000000;\">Zelking\/Gemeindeamt: Unter anderem beschrieb ich auch dieses f\u00fcr mich \u201eHobbyforscher\u201c superpositive Ergebnis in der Beilage zum Amtsblatt Nr. 10 vom 15. Oktober 1998, legte unserem Gemeindesekret\u00e4r eine Kopie dieses Textes mit der Bitte vor, es dem Bgm. zu \u00fcbergeben (da jemand bei ihm im B\u00fcro war). Hatte auf einer unbeschriebenen Stelle die Bemerkung (mit dem Hintergedanken eine \u201eRetourkutsche\u201c anzubringen) h\u00e4ndisch dazugeschrieben: \u201eHier hatte ich mehr Erfolg als beim Wappen\u201c<\/span><\/span><span style=\"font-size: 14px;\"><span style=\"color: #000000;\">.<\/span><\/span><span style=\"font-size: 14px;\"><span style=\"color: #000000;\"> Ein paar Tage darauf kam Bgm. Labenbacher zu mir und sagte, ich h\u00e4tte ihm diesen Zettel hingeschmissen (was ja gar nicht stimmte). Da \u201eerz\u00e4hlte\u201c ich ihm \u201eeiniges\u201c, sodass er mit hochrotem Kopf mein Elternhaus verlie\u00df.<br \/> <\/span><\/span><\/div>\n<div>&nbsp;<\/div>\n<p>&nbsp;<\/p>\n<div style=\"text-align: center;\"><span style=\"color: #000000;\"><span style=\"font-size: 16px;\"><strong>Die Hymne BLAU-SILBER und ROT<\/strong><\/span><\/span><\/div>\n<div style=\"text-align: justify;\">&nbsp;<\/div>\n<div style=\"text-align: justify;\">&nbsp;<\/div>\n<div style=\"text-align: justify;\"><span style=\"font-size: 14px;\"><span style=\"color: #000000;\">An der Idee, die Wappenverleihungsfeier mittels einer Hymne feierlicher zu gestalten, \u201et\u00fcftelte\u201c ich schon vor Pfingsten 1998.<\/span><\/span><\/div>\n<div style=\"text-align: justify;\"><span style=\"font-size: 14px;\"><span style=\"color: #000000;\">In einem Schreiben an den damaligen Kapellmeister der Musikkapelle St. Leonhard<\/span><\/span><span style=\"font-size: 14px;\"><span style=\"color: #000000;\">\u2013Ze<\/span><\/span><span style=\"font-size: 14px;\"><span style=\"color: #000000;\">lking<\/span><\/span><span style=\"font-size: 14px;\"><span style=\"color: #000000;\">\u2013<\/span><\/span><span style=\"font-size: 14px;\"><span style=\"color: #000000;\">Ruprechtshofen (diese hat inzwischen einen anderen Namen) schrieb ich unter anderem:<\/span><\/span><\/div>\n<div style=\"text-align: justify;\">&nbsp;<\/div>\n<div style=\"text-align: right;\"><span style=\"font-size: 14px;\"><span style=\"color: #000000;\">Zelking, Pfingstmontag 1998<\/span><\/span><\/div>\n<div>&nbsp;<\/div>\n<div><span style=\"font-size: 14px;\"><span style=\"color: #000000;\">Lieber Kapellmeister (es eilt schon)!<\/span><\/span><\/div>\n<div style=\"text-align: justify;\">&nbsp;<\/div>\n<div style=\"text-align: justify;\"><span style=\"font-size: 14px;\"><span style=\"color: #000000;\">Da am 5. Juli (wurde auf den 12. verschoben) 1998 die Feierlichkeiten aus Anlass der Wappenverleihungsfeier durch den LH Dr. Erwin Pr\u00f6ll hier in Zelking stattfinden, m\u00f6chte ich die \u201eZelkinghymne\u201c&nbsp; BLAU-SILBER und ROT in Deine H\u00e4nde legen um die musikalische Seite f\u00fcr diesen Tag auch zu haben!<\/p>\n<p> <\/span><\/span><\/div>\n<div style=\"text-align: center;\"><img decoding=\"async\" style=\"width: 195px; height: 352px;\" alt=\"\" src=\"http:\/\/www.zelking.grafikweb.eu\/images\/stories\/gemeinde\/gemeindewappen.jpg\" \/><br \/> <span style=\"color: #000000;\"><span style=\"font-size: 14px;\">Titelblatt <span>der Einladungsbrosch\u00fcre<\/span><\/span><\/span><br \/> <span style=\"font-size: 14px;\"><span style=\"color: #000000;\"> <\/span><\/span><\/div>\n<div style=\"text-align: justify;\">\n<p> <span style=\"font-size: 14px;\"><span style=\"color: #000000;\">(Da damals zwei Angeh\u00f6rige vom Kapellmeister Josef Schnetzinger krank waren, so ersuchte dieser, mich an Herrn Professor Gerhart Banco in P\u00f6chlarn zu wenden.)<\/span><\/span><\/div>\n<div style=\"text-align: justify;\"> &nbsp;<\/div>\n<div style=\"text-align: center;\"><img decoding=\"async\" style=\"width: 127px; height: 153px;\" alt=\"\" src=\"http:\/\/www.zelking.grafikweb.eu\/images\/stories\/gemeinde\/banco 1.jpg\" \/><br \/> <span style=\"color: #000000;\"><span style=\"font-size: 14px;\">Professor Gerhart Banco <span style=\"color: #000000;\">2008<\/span><br \/> (auf personalisierter Briefmarke<\/span><\/span><span style=\"color: #000000;\"><span style=\"color: #000000;\"><span style=\"font-size: 14px;\">)<\/span><\/span><\/span><\/div>\n<div style=\"text-align: justify;\">&nbsp;<\/div>\n<div style=\"text-align: justify;\">&nbsp;<\/div>\n<div style=\"text-align: justify;\"><span style=\"font-size: 14px;\"><span style=\"color: #000000;\">Am 1. Juni kam dieser zu mir, ich summte ihm die Melodie vor die ich mir \u201evorstellte\u201c, gab ihm meinen Text, wobei dieser meinte wegen der \u201epassenden\u201c Melodie m\u00fcsste der Text etwas (aber nicht inhaltlich) abge\u00e4ndert werden.<\/p>\n<p> <\/span><\/span><\/div>\n<div style=\"text-align: center;\"><img decoding=\"async\" style=\"width: 342px; height: 479px;\" alt=\"\" src=\"http:\/\/www.zelking.grafikweb.eu\/images\/stories\/gemeinde\/hymne 1.jpg\" \/><br \/> <span style=\"color: #000000;\"><span style=\"font-size: 14px;\">Notenblatt der Hymne BLAU-SILBER und ROT<\/span><\/span><\/div>\n<div style=\"text-align: justify;\">\n<p> <span style=\"font-size: 14px;\"><span style=\"color: #000000;\">Nach kurzer Zeit wurden mir die Noten (f\u00fcr die verschiedenen Stimmlagen) NUR F\u00dcR EIN DANKESCH\u00d6N ausgefolgt!!<\/p>\n<p> <\/span><\/span><\/div>\n<div style=\"text-align: center;\"><img decoding=\"async\" style=\"width: 341px; height: 472px;\" alt=\"\" src=\"http:\/\/www.zelking.grafikweb.eu\/images\/stories\/gemeinde\/hymne 2.jpg\" \/><br \/> <span style=\"color: #000000;\"><span style=\"font-size: 14px;\">Die Partitur zur Hymne<\/span><\/span><\/div>\n<div style=\"text-align: justify;\">&nbsp;<\/div>\n<div style=\"text-align: center;\"> <img decoding=\"async\" style=\"width: 339px; height: 483px;\" alt=\"\" src=\"http:\/\/www.zelking.grafikweb.eu\/images\/stories\/gemeinde\/hymne 3.jpg\" \/><br \/> <span style=\"color: #000000;\"><span style=\"font-size: 14px;\">Notenblatt f\u00fcr Sopran<br \/> (f\u00fcr Alt, Bass und Tenor sind auch vorhanden!)<\/span><\/span><\/div>\n<div style=\"text-align: justify;\"> &nbsp;<\/div>\n<div style=\"text-align: justify;\"><span style=\"color: #000000;\"><span style=\"font-size: 14px;\">Ehest begab ich mich mit den Noten zur Leiterin des Zelkinger Kirchenchores, Frau Margit Gattringer und ersuchte diese um \u201eMithilfe\u201c.<\/span><\/span><\/div>\n<div style=\"text-align: justify;\"><span style=\"font-size: 14px;\"><span style=\"color: #000000;\">Die erste Probe im Vorraum der Volksschule Zelking mit dem Kirchenchor von Matzleinsdorf und Zelking verlief positiv. Bgm. Labenbacher kam wenige Tage sp\u00e4ter zu mir, dass er sich (mit dem \u201eVize\u201c) die n\u00e4chste Probe anh\u00f6ren w\u00fcrde (eine innere Stimme sagte mir an diesem Tag, dass es nicht zu einer Urauff\u00fchrung am Verleihungstag kommen w\u00fcrde, was sich nachtr\u00e4glich gesehen ja tats\u00e4chlich herausgestellt hatte). Es kam nicht einmal mehr zu einem Ansingen, denn Erhart st\u00f6rte das Wort Zelking (ob in den Textzeilen oder im \u201eUntertitel\u201c?). Habe damals nur aus der Laune heraus \u201eZelkinghymne\u201c (unter dem Titel BLAU-SILBER und ROT) geschrieben und nicht gewusst, dass Prof. Banco dies \u2013 nat\u00fcrlich ungewollt \u2013 w\u00f6rtlich nimmt und als \u201eUntertitel\u201c verwendet!<\/span><\/span><\/div>\n<div style=\"text-align: justify;\"><span style=\"font-size: 14px;\"><span style=\"color: #000000;\">Von den ca. 45 S\u00e4ngerInnen beider Ch\u00f6re war nur Frau Christine Volke und die Herrn Josef K\u00f6nig und Alois Resch (\u2020) dagegen, zwei oder drei andere waren unschl\u00fcssig \u2013 UND DAS WAR SOMIT DIE MEHRHEIT. Worauf alles abgeblasen wurde. In meinem ersten \u00c4rger verabschiedete ich mich mit an Bgm. und Vize gerichteten UND passenden, aber nicht schmeichelnden W\u00f6rtern!<\/span><\/span><\/div>\n<div style=\"text-align: justify;\">&nbsp;<\/div>\n<div style=\"text-align: justify;\"><span style=\"font-size: 14px;\"><span style=\"color: #000000;\">Hoch rechne ich noch heute der damaligen Leiterin des Matzleinsdorfer Kirchenchores, Frau Friederike Schmid, an, als man sie fragte ob sie das Wort Zelking st\u00f6re, wobei sie dies verneinte!<\/span><\/span><\/div>\n<div style=\"text-align: justify;\">&nbsp;<\/div>\n<div style=\"text-align: justify;\"><span style=\"font-size: 14px;\"><span style=\"color: #000000;\">Jeder der dies einmal lesen wird, kann sich so seinen eigenen Reim darauf machen, wie \u201etoll\u201c man sich damals benommen hat!!<\/span><\/span><\/div>\n<div style=\"text-align: justify;\"><span style=\"font-size: 14px;\"><span style=\"color: #000000;\">Wenn ich dies \u201eErgebnis\u201c gewusst und man mir 10.000 Schilling daf\u00fcr bezahlt h\u00e4tte (nachtr\u00e4glich gesehen) so h\u00e4tte ich der Gemeindeleitung einen \u201eBlauen\u201c (die damalige 1000-Schilling-Banknote war blau eingef\u00e4rbt!) mit folgenden Worten geschenkt: \u201eMacht es Euch doch selber!\u201c.<\/p>\n<p> <\/span><\/span><\/div>\n<div style=\"text-align: center;\"><img decoding=\"async\" style=\"width: 270px; height: 127px;\" alt=\"\" src=\"http:\/\/www.zelking.grafikweb.eu\/images\/stories\/1000- lv.jpg\" \/> &nbsp; <img decoding=\"async\" style=\"width: 245px; height: 126px;\" alt=\"\" src=\"http:\/\/www.zelking.grafikweb.eu\/images\/stories\/1000 lh.jpg\" \/><br \/> <span style=\"font-size: 14px;\"><span style=\"color: #000000;\">Der damalige \u201eBlaue\u201c<\/span><\/span> <span style=\"color: #000000;\"><span style=\"font-size: 14px;\">(Vorderseite und R\u00fcckseite <\/span><\/span><span style=\"font-size: 14px;\"><span style=\"color: #000000;\">\u2013<\/span><\/span><span style=\"color: #000000;\"><span style=\"font-size: 14px;\"> Bilder und Text (*)<\/span><\/span> <span style=\"color: #000000;\"><span style=\"font-size: 14px;\">mit der Abbildung von Dr. Karl Landsteiner<\/span><\/span><\/div>\n<div style=\"text-align: justify;\">\n<p> <span style=\"color: #000000;\"><span style=\"font-size: 14px;\">(* Karl Landsteiner [* 14. Juni 1868 in Baden bei Wien; \u2020 26. Juni 1943 in New York<\/span><\/span><span style=\"color: #000000;\"><span style=\"font-size: 14px;\">]<\/span><\/span><span style=\"color: #000000;\"><span style=\"font-size: 14px;\"> war ein \u00f6sterreichischer Pathologe und Serologe, der 1901 das AB0-System der Blutgruppen entdeckte, wof\u00fcr er 1930 den Nobelpreis f\u00fcr Medizin erhielt. 1921 f\u00fchrten ihn weitere Arbeiten zur Pr\u00e4gung des Begriffs Hapten; 1940 entdeckte er au\u00dferdem mit Alexander Solomon Wiener den Rhesusfaktor.)<\/span><\/span><\/div>\n<div style=\"text-align: justify;\">&nbsp;<\/div>\n<div style=\"text-align: justify;\"><span style=\"font-size: 14px;\"><span style=\"color: #000000;\">Ohne die Herren von Zelking h\u00e4tte es sicher kein historisches Wappen gegeben (und wer wei\u00df, wer sich \u00fcberhaupt diese Arbeit angetan h\u00e4tte)!<\/span><\/span><\/div>\n<div style=\"text-align: justify;\"><span style=\"font-size: 14px;\"><span style=\"color: #000000;\">Hier hat man, sei es aus Engstirnigkeit, Dummheit, wie auch immer, etwas verpasst, was nicht viele bei Wappenverleihungen gehabt h\u00e4tten \u2013 eine eigene Hymne.<\/span><\/span><\/div>\n<div style=\"text-align: justify;\"><span style=\"font-size: 14px;\"><span style=\"color: #000000;\">Pers\u00f6nlich war es mir mehr als unangenehm, mich bei Professor Banco f\u00fcr die \u201eNichtauff\u00fchrung\u201c zu entschuldigen. <\/span><\/span><\/div>\n<div style=\"text-align: justify;\">&nbsp;<\/div>\n<div style=\"text-align: justify;\"><span style=\"font-size: 14px;\"><span style=\"color: #000000;\">Auch ist der blaue Fahnenteil viel zu dunkel (die Herren von Zelking haben in&nbsp; ihrem Wappen ein helleres Blau angef\u00fchrt!), wobei ich dies dem Herrn Bgm. mitteilte, er aber meinte: \u201eEs bleicht ja eh aus\u201c.&nbsp;<br \/> <\/span><\/span><\/div>\n<div style=\"text-align: justify;\"><span style=\"font-size: 14px;\"><span style=\"color: #000000;\">Im Internet soll dies \u2013 f\u00fcr manche nicht oder gar nicht mehr im Bewussten der damaligen Situation, zu lesen sein.<\/span><\/span><\/div>\n<div><span style=\"font-size: 14px;\"><span style=\"color: #000000;\">Niedergeschrieben f\u00fcr die Nachwelt.<\/span><\/span><\/div>\n<div style=\"text-align: right;\"><span style=\"font-size: 14px;\"><span style=\"color: #000000;\">Zelking, im Sommer 2005<\/span><\/span><\/div>\n<div style=\"text-align: right;\"><span style=\"font-size: 14px;\"><span style=\"color: #000000;\">Euer ergebener<\/span><\/span><\/div>\n<div style=\"text-align: right;\"><span style=\"font-size: 14px;\"><span style=\"color: #000000;\">Ludwig Pichler<\/span><\/span><\/div>\n<div style=\"text-align: right;\">&nbsp;<\/div>\n<p>&nbsp;<\/p>\n<div> <\/p>\n<div style=\"text-align: center;\"><span style=\"color: #000000;\"><span style=\"font-size: 16px;\"><strong>Text der <span style=\"font-family: Arial;\">\u201e<\/span>Zelkinghymne<span style=\"font-family: Arial;\">\u201c<\/span><\/strong><\/span><\/span><\/div>\n<div style=\"text-align: center;\"> <span style=\"color: #000000;\"><span style=\"font-size: 12pt;\"><span style=\"font-size: 14px;\"><strong>BLAU-SILBER und ROT<\/strong><\/span><br \/> <\/span><\/span><\/div>\n<div style=\"text-align: center;\"> <span style=\"font-size: 14px;\"><span style=\"color: #000000;\">1.)<br \/> Ein altes Geschlecht,<br \/> das nach Zelking benannt,<br \/> hat ein halbes Jahrtausend<br \/> gepr\u00e4gt unser Land.<\/p>\n<p> Wir denken daran<br \/> und wir danken auch Gott,<br \/> halten immer zu dir,<br \/> zu BLAU-SILBER und ROT!<\/p>\n<p> 2.)<br \/> BLAU-SILBER und ROT<br \/> wird das Wappen geweiht,<br \/> denn es soll uns erinnern<br \/> an uralte Zeit.<\/p>\n<p> Wir denken daran<br \/> und wir danken auch Gott,<br \/> halten immer zu dir,<br \/> zu BLAU-SILBER und ROT!<\/p>\n<p> 3.)<br \/> Was immer geschieht:<br \/> segne stets unsern Ort!<br \/> Und wir bitten dich,<br \/> Herr, sch\u00fctze uns immerfort.<\/p>\n<p> Wir denken daran<br \/> und wir danken auch Gott,<br \/> halten immer zu dir,<br \/> zu BLAU-SILBER und ROT!<\/p>\n<p> 4.)<br \/> Wenn herrlich im Wind<br \/> unsre Fahne nun weht,<br \/> w\u00fcnschen alle wir sehr,<br \/> dass der Tag nie vergeht.<\/p>\n<p> Wir denken daran<br \/> und wir danken auch Gott,<br \/> halten immer zu dir,<br \/> zu BLAU-SILBER und ROT!<\/p>\n<p> 5.)<br \/> Wenn die Fahne verblasst<br \/> und im Feiern kein Schwung,<br \/> so gedenkt dieses Tages,<br \/> als wir einst noch jung!<\/p>\n<p> Wir denken daran<br \/> und wir danken auch Gott,<br \/> halten immer zu dir,<br \/> zu BLAU-SILBER und ROT!<\/p>\n<p> 6.)<br \/> Singt dann so wie wir,<br \/> dankt auch ihr unserm Gott,<br \/> steht zu unserem Wort,<br \/> zu BLAU-SILBER und ROT!<\/p>\n<p> Singt dann so wie wir,<br \/> dankt auch ihr unserm Gott,<br \/> steht zu unserem Wort,<br \/> zu BLAU-SILBER und ROT!<\/span><\/span><\/div>\n<p> <\/p>\n<div style=\"text-align: justify;\">&nbsp;<\/div>\n<div style=\"text-align: justify;\"><span style=\"color: #000000;\"><span style=\"font-size: 14px;\">Text: Ludwig Pichler\/Gerhart Banco. Melodie und Satz: Gerhart Banco, Opus 238<\/span><\/span><\/div>\n<div style=\"text-align: justify;\">&nbsp;<\/div>\n<div style=\"text-align: justify;\">&nbsp;<\/div>\n<div style=\"text-align: center;\">\n<div style=\"text-align: justify;\"><span style=\"color: #000000;\"><span style=\"font-size: 14px;\">Dank an Professor Gerhart Banco\/P\u00f6chlarn f\u00fcr seine kostenlose Bem\u00fchungen (leider hat man nicht erkannt, wie wertvoll es f\u00fcr die Gemeindewerbung gewesen w\u00e4re) und \u201eDank\u201c an unsere damalige Gemeindeleitung, weil die Hymne NICHT zur Urauff\u00fchrung gelangt ist!<\/span><\/span><\/div>\n<\/p><\/div>\n<div style=\"text-align: right;\"><span style=\"font-size: 14px;\"><span style=\"color: #000000;\">Zelking, im Juli 1998<\/p>\n<p> <\/span><\/span><\/div>\n<\/p><\/div>\n","protected":false},"excerpt":{"rendered":"<p>&nbsp; Das Wappen der Gemeinde&nbsp; Zelking-Matzleinsdorf (und die \u201eErfolge\u201c bzw. Folgen aus meiner Sicht!)<\/p>\n","protected":false},"author":2,"featured_media":0,"comment_status":"open","ping_status":"open","sticky":false,"template":"","format":"standard","meta":{"footnotes":""},"categories":[54],"tags":[],"class_list":["post-25","post","type-post","status-publish","format-standard","hentry","category-das-wappen"],"_links":{"self":[{"href":"https:\/\/zelking.grafikweb.eu\/index.php?rest_route=\/wp\/v2\/posts\/25","targetHints":{"allow":["GET"]}}],"collection":[{"href":"https:\/\/zelking.grafikweb.eu\/index.php?rest_route=\/wp\/v2\/posts"}],"about":[{"href":"https:\/\/zelking.grafikweb.eu\/index.php?rest_route=\/wp\/v2\/types\/post"}],"author":[{"embeddable":true,"href":"https:\/\/zelking.grafikweb.eu\/index.php?rest_route=\/wp\/v2\/users\/2"}],"replies":[{"embeddable":true,"href":"https:\/\/zelking.grafikweb.eu\/index.php?rest_route=%2Fwp%2Fv2%2Fcomments&post=25"}],"version-history":[{"count":0,"href":"https:\/\/zelking.grafikweb.eu\/index.php?rest_route=\/wp\/v2\/posts\/25\/revisions"}],"wp:attachment":[{"href":"https:\/\/zelking.grafikweb.eu\/index.php?rest_route=%2Fwp%2Fv2%2Fmedia&parent=25"}],"wp:term":[{"taxonomy":"category","embeddable":true,"href":"https:\/\/zelking.grafikweb.eu\/index.php?rest_route=%2Fwp%2Fv2%2Fcategories&post=25"},{"taxonomy":"post_tag","embeddable":true,"href":"https:\/\/zelking.grafikweb.eu\/index.php?rest_route=%2Fwp%2Fv2%2Ftags&post=25"}],"curies":[{"name":"wp","href":"https:\/\/api.w.org\/{rel}","templated":true}]}}