{"id":26,"date":"2009-01-31T13:38:15","date_gmt":"2009-01-31T13:38:15","guid":{"rendered":"https:\/\/zelking.com\/2009\/01\/31\/bergern-maierhoefen-und-freiningau\/"},"modified":"2009-01-31T13:38:15","modified_gmt":"2009-01-31T13:38:15","slug":"bergern-maierhoefen-und-freiningau","status":"publish","type":"post","link":"https:\/\/zelking.grafikweb.eu\/?p=26","title":{"rendered":"Bergern, Maierh\u00f6fen und Freiningau"},"content":{"rendered":"<div style=\"text-align: justify;\"><span style=\"font-size: 18px;\"><span style=\"color: rgb(0, 0, 0);\"><strong><span style=\"color: rgb(0, 0, 0);\"><br \/> <\/span><\/strong><\/span><\/span><\/div>\n<div style=\"text-align: center;\"><span style=\"font-size: 18px;\"><span style=\"color: rgb(0, 0, 0);\"><strong><span style=\"color: rgb(0, 0, 0);\"> KG Bergern-Maierh\u00f6fen<\/span><\/strong><\/span><\/span><span style=\"font-size: 18pt; color: rgb(0, 0, 0);\"><strong><span style=\"color: rgb(0, 0, 0);\"><br \/> <\/span><span style=\"font-size: 14px;\">KG-Nr. 14106<br \/> 2,04 km\u00b2<\/span><span><\/p>\n<p> <\/span><span style=\"font-size: 16px;\">Bergern<\/span><\/strong><\/span><\/div>\n<div><span style=\"color: rgb(0, 0, 0);\"><\/p>\n<p> <\/span><\/div>\n<div style=\"text-align: center;\"><span style=\"font-size: 14px;\"><span style=\"color: rgb(0, 0, 0);\"><strong>Umformerwerk, <\/strong><\/span><span style=\"color: rgb(0, 0, 0);\"><strong>Bergern 11<\/strong><\/span><\/span><\/div>\n<p> <\/p>\n<div style=\"text-align: justify;\"><span style=\"color: rgb(0, 0, 0);\"><br \/> <\/span><\/div>\n<div style=\"text-align: center;\"><span style=\"color: rgb(0, 0, 0);\"> <\/span><img decoding=\"async\" style=\"width: 258px; height: 138px;\" src=\"http:\/\/www.zelking.grafikweb.eu\/images\/stories\/gemeinde\/b2.jpg\" alt=\"\" \/><br \/> <span style=\"font-size: 14px;\"><span style=\"color: rgb(0, 0, 0);\">Das Umformerwerk in Bergern<\/span><span style=\"color: rgb(0, 0, 0);\"><br \/> <\/span><\/span><\/div>\n<p> <\/p>\n<div style=\"text-align: justify;\"><span style=\"font-size: 14px;\"><span style=\"color: rgb(0, 0, 0);\"><br \/> Eines von f\u00fcnf Umformerwerken \u00d6sterreichs befindet sich in der Flur Aufeld, welches von 1979 bis 1983 errichtet wurde. Der Standort ist durch die Lage des Umspannwerkes Bergern mit Einspeisung durch das Donaukraftwerk Melk und die Versorgungsm\u00f6glichkeit der Westbahn begr\u00fcndet. Es sind zwei Umformers\u00e4tze mit je 30&#160;MW\/40&#160;MVA installiert. Jedem Maschinensatz ist ein 50 Hz- und ein 16 2\/3 Hz-Blockumspanner zugeordnet. F\u00fcr die Versorgung der Westbahn ist ein Unterwerk, mit zwei 16&#160;2\/3 Hz-Umspanner und zugeh\u00f6riger 15&#160;KV-Schaltanlage, integriert.<\/span><\/span><\/div>\n<div style=\"text-align: justify;\"><span style=\"font-size: 14px;\"><span style=\"color: rgb(0, 0, 0);\">Herzlichen Dank an die Werksleitung und an Serviceteamleiter Franz Brahmer f\u00fcr diverse Informationen!<\/span><\/span><\/div>\n<div style=\"text-align: justify;\"><span style=\"font-size: 14px;\"><span style=\"color: rgb(0, 0, 0);\">Die EVN und der Verbund haben gemeinsam die 110 KV-Schaltanlage in Bergern errichtet und finanziert. Der Beginn der Bauzeit war 1980 und bereits 1982 wurde die Anlage in Betrieb genommen, welche vom Verbund von Ernsthofen und St. P\u00f6lten aus ferngesteuert werden kann.<\/span><\/span><\/div>\n<p> <meta content=\"text\/html; charset=utf-8\" http-equiv=\"Content-Type\"> <meta content=\"Word.Document\" name=\"ProgId\"> <meta content=\"Microsoft Word 11\" name=\"Generator\"> <meta content=\"Microsoft Word 11\" name=\"Originator\"> <\/p>\n<div> <link href=\"file:\/\/\/C:\\Users\\LP\\AppData\\Local\\Temp\\msohtml1\\01\\clip_filelist.xml\" rel=\"File-List\" \/><span style=\"font-size: 14px;\"><span style=\"color: rgb(0, 0, 0);\"><\/p>\n<style type=\"text\/css\"><!-- &lt;!   \/* Font Definitions *\/  @font-face \t{font-family:Verdana; \tpanose-1:2 11 6 4 3 5 4 4 2 4; \tmso-font-charset:0; \tmso-generic-font-family:swiss; \tmso-font-pitch:variable; \tmso-font-signature:-1593833729 1073750107 16 0 415 0;} @font-face \t{font-family:\"MS Shell Dlg 2\"; \tpanose-1:2 11 6 4 3 5 4 4 2 4; \tmso-font-charset:0; \tmso-generic-font-family:swiss; \tmso-font-pitch:variable; \tmso-font-signature:-520078593 -1073717157 41 0 66047 0;}  \/* Style Definitions *\/  p.MsoNormal, li.MsoNormal, div.MsoNormal \t{mso-style-parent:\"\"; \tmargin:0cm; \tmargin-bottom:.0001pt; \tmso-pagination:widow-orphan; \tfont-size:10.0pt; \tfont-family:\"Times New Roman\"; \tmso-fareast-font-family:\"Times New Roman\"; \tmso-ansi-language:DE; \tmso-fareast-language:DE;} h1 \t{mso-style-next:Standard; \tmargin:0cm; \tmargin-bottom:.0001pt; \ttext-align:justify; \tmso-pagination:widow-orphan; \tpage-break-after:avoid; \tmso-outline-level:1; \tfont-size:14.0pt; \tmso-bidi-font-size:10.0pt; \tfont-family:\"Times New Roman\"; \tmso-font-kerning:0pt; \tmso-ansi-language:DE; \tmso-fareast-language:DE; \tmso-bidi-font-weight:normal;} p.MsoBodyText2, li.MsoBodyText2, div.MsoBodyText2 \t{margin:0cm; \tmargin-bottom:.0001pt; \ttext-align:justify; \tmso-pagination:widow-orphan; \tfont-size:8.0pt; \tmso-bidi-font-size:10.0pt; \tfont-family:Verdana; \tmso-fareast-font-family:\"Times New Roman\"; \tmso-bidi-font-family:\"Times New Roman\"; \tmso-ansi-language:DE;    \tmso-fareast-language:DE;} @page Section1 \t{size:595.3pt 841.9pt; \tmargin:70.85pt 70.85pt 2.0cm 70.85pt; \tmso-header-margin:36.0pt; \tmso-footer-margin:36.0pt; \tmso-paper-source:0;} div.Section1 \t{page:Section1;}  &gt; --><\/style>\n<p><\/span><\/span><span style=\"font-size: 10pt; color: rgb(0, 0, 0);\"><\/p>\n<style type=\"text\/css\"><\/style>\n<p><\/span><\/div>\n<p> <span style=\"font-size: 14px;\"> <!--[if gte mso 9]><xml> <w:WordDocument> <w:View>Normal<\/w:View> <w:Zoom>0<\/w:Zoom> <w:HyphenationZone>21<\/w:HyphenationZone> <w:PunctuationKerning \/> <w:ValidateAgainstSchemas \/> <w:SaveIfXMLInvalid>false<\/w:SaveIfXMLInvalid> <w:IgnoreMixedContent>false<\/w:IgnoreMixedContent> <w:AlwaysShowPlaceholderText>false<\/w:AlwaysShowPlaceholderText> <w:Compatibility> <w:BreakWrappedTables \/> <w:SnapToGridInCell \/> <w:WrapTextWithPunct \/> <w:UseAsianBreakRules \/> <w:DontGrowAutofit \/> <\/w:Compatibility> <w:BrowserLevel>MicrosoftInternetExplorer4<\/w:BrowserLevel> <\/w:WordDocument> <\/xml><![endif]--><!--[if gte mso 9]><xml> <w:LatentStyles DefLockedState=\"false\" LatentStyleCount=\"156\"> <\/w:LatentStyles> <\/xml><![endif]--><!--[if gte mso 10]> <mce:style><!   \/* Style Definitions *\/  table.MsoNormalTable \t{mso-style-name:\"Normale Tabelle\"; \tmso-tstyle-rowband-size:0; \tmso-tstyle-colband-size:0; \tmso-style-noshow:yes; \tmso-style-parent:\"\"; \tmso-padding-alt:0cm 5.4pt 0cm 5.4pt; \tmso-para-margin:0cm; \tmso-para-margin-bottom:.0001pt; \tmso-pagination:widow-orphan; \tfont-size:10.0pt; \tfont-family:\"Times New Roman\"; \tmso-ansi-language:#0400; \tmso-fareast-language:#0400; \tmso-bidi-language:#0400;} --><!--[endif]--><!--[if gte mso 9]><xml> <o:shapedefaults v:ext=\"edit\" spidmax=\"1026\" \/> <\/xml><![endif]--><!--[if gte mso 9]><xml> <o:shapelayout v:ext=\"edit\"> <o:idmap v:ext=\"edit\" data=\"1\" \/> <\/o:shapelayout><\/xml><![endif]--> <\/span> <\/p>\n<div style=\"text-align: justify;\"><span style=\"font-size: 14px;\"><span style=\"color: rgb(0, 0, 0);\"><br \/> <\/span><\/span><\/div>\n<p> <span style=\"font-size: 14px;\"> <\/p>\n<div style=\"text-align: center;\"><span style=\"color: rgb(0, 0, 0);\"><strong>Die Bahnstromversorgung der \u00d6sterreichischen Bundesbahnen<\/strong><\/span><\/div>\n<p> <\/span> <\/p>\n<div style=\"text-align: justify;\"><span style=\"font-size: 14px;\"><span style=\"color: rgb(0, 0, 0);\"><br \/> <\/span><\/span><\/div>\n<div style=\"text-align: justify;\"><span style=\"font-size: 14px;\"><span style=\"color: rgb(0, 0, 0);\"><br \/> Das in der KG Bergern-Maierh\u00f6fen (Gemeinde Zelking-Matzleinsdorf) befindliche Umformerwerk Bergern ist eines von f\u00fcnf Werken in \u00d6sterreich!<\/span><\/span><\/div>\n<div style=\"text-align: justify;\"><span style=\"font-size: 14px;\"><span style=\"color: rgb(0, 0, 0);\">Der Baubeginn dieser gigantischen Anlage war 1979\/80 und bereits 1983 wurde erstmals am 30. 9. mit der M 1 Waltraut Strom in das Netz der \u00d6BB gespeist. Am 17. 5. 1984 ging M 2 Andrea-Gabi in Betrieb.<\/span><\/span><span style=\"font-size: 10pt; color: rgb(0, 0, 0);\"><\/p>\n<p> <\/span><\/div>\n<div style=\"text-align: center;\"><img decoding=\"async\" style=\"width: 256px; height: 170px;\" src=\"http:\/\/www.zelking.grafikweb.eu\/images\/stories\/gemeinde\/b1.jpg\" alt=\"\" \/><br \/> <span style=\"font-size: 14px;\"><span style=\"color: rgb(0, 0, 0);\">Die gemeinsame 110 KV-Schaltanlage<\/span><br \/> <\/span><\/div>\n<p> <\/p>\n<div style=\"text-align: justify;\"><span style=\"font-size: 14px;\"> <\/span><br \/> <span style=\"font-size: 14px;\"><span style=\"color: rgb(0, 0, 0);\">Die Bedarfsabdeckung des 16 2\/3 Hz-Traktionstromes bei den \u00d6BB erfolgt durch bahneigene Kraftwerke und 5 bahnfremde Kraftwerke sowie durch f\u00fcnf Umformerwerke. 1983 wurden bereits 1.492 GWh an Strom ben\u00f6tigt, in Zahlen ausgedr\u00fcckt: 1.492,000.000 KW! Davon stammen (derzeit) 31% aus eigenen Kraftwerken, 20% aus bahnfremden Kraftwerken und 49% von der Verbundgesellschaft (\u00fcber Umformerwerke). 2003 wurden 2.018 GWh an Strom erzeugt!<\/span><\/span><\/div>\n<div style=\"text-align: justify;\"><span style=\"font-size: 14px;\"><span style=\"color: rgb(0, 0, 0);\">In ganz \u00d6sterreich werden neben dem \u00d6BB-Hochspannungsnetz mit einer 110 KV-Leitung (1 KV = 1.000 Volt) auch noch 15 KV f\u00fcr das Fahrleitungsnetz (= Oberleitung) zum Teil von diesem Umformerwerk mit Energie geliefert.<\/span><\/span><\/div>\n<div style=\"text-align: justify;\"><span style=\"font-size: 14px;\"><span style=\"color: rgb(0, 0, 0);\">Wegen der Bemessung des Maschinen- und Geb\u00e4udefundamentes wurden Aufschlussbohrungen bis in eine Tiefe von 16 m gemacht. Das Geb\u00e4ude ragt 18,3 m \u00fcber das Terrain und 6 m tief in den Boden hinein. Etwa 2\/3 des Geb\u00e4udes nimmt das Maschinenhaus, etwa 1\/3 das Schalthaus inklusive Stiegenhaus ein. Die je Maschinensatz etwa 2.300 t schweren Fundamente sind durch umlaufende Fugen in gesamter Fundamenth\u00f6he ab gemeinsamer Stahlbetonfundamentplatte, deren St\u00e4rke 1,60 m betr\u00e4gt, vom Maschinenhaus getrennt. Das aufgehende Mauerwerk \u00fcber Terrain besteht aus Mantelbeton, die Decken bestehen aus Ortbeton und Fertigteildecken.<\/span><\/span><\/div>\n<div style=\"text-align: justify;\"><span style=\"font-size: 14px;\"><span style=\"color: rgb(0, 0, 0);\">Die Umspannerfundamente wurden niveaugleich mit \u00f6ldichten Wannen versehen. Das K\u00fchlwasser zur K\u00fchlung der Maschinens\u00e4tze wird aus der Donau entnommen und in diese auch wieder r\u00fcckgef\u00fchrt.<\/span><\/span><\/div>\n<div style=\"text-align: justify;\"><span style=\"font-size: 14px;\"><span style=\"color: rgb(0, 0, 0);\">Jeder der zwei frequenzelastischen Netzkupplungsumformer (= Motor, der den Generator antreibt) besitzt eine Leistung von 33.000 KW (!) und verbindet das 50 Hz-Netz der Verbundgesellschaft mit dem 16&#160;2\/3 Hz-Netz der \u00d6BB.<\/span><\/span><\/div>\n<div style=\"text-align: justify;\"><span style=\"font-size: 14px;\"><span style=\"color: rgb(0, 0, 0);\">Neben dem Schalthaus befindet sich die als Freiluftschaltanlage ausgef\u00fchrte 110 KV-, 16 2\/3&#160;Hz UfW- und UW-Schaltanlage.<\/span><\/span><\/div>\n<div style=\"text-align: justify;\"><span style=\"font-size: 14px;\"><span style=\"color: rgb(0, 0, 0);\">Die Energie f\u00fcr den Eigenbedarf des Umformerwerkes wird teils aus den 50 Hz-Netzen der Verbundgesellschaft, teils aus dem 16 2\/3 Hz-Netz der \u00d6BB entnommen.<\/span><\/span><\/div>\n<div style=\"text-align: justify;\"><span style=\"font-size: 14px;\"><span style=\"color: rgb(0, 0, 0);\">Sechs Mann hoch \u201eschupfen\u201c den Laden!<\/span><\/span><\/div>\n<div style=\"text-align: justify;\"><span style=\"font-size: 14px;\"><span style=\"color: rgb(0, 0, 0);\">1 GWh (Gigawattstunde) = 1.000 MWh (Megawattstunde); 1 MWh = 1.000 KW (Kilowatt); 1 KW = 1.000 Watt.<\/span> <span style=\"color: rgb(0, 0, 0);\">M&#160;=&#160;Maschine; KV = Kilovolt; Hz = Hertz; UfW = Umformerwerk; UW = Unterwerk <\/span><\/span><\/div>\n<div style=\"text-align: justify;\"><span style=\"font-size: 14px;\"><span style=\"color: rgb(0, 0, 0);\">Einen herzlichen Dank an die Direktion und an den Serviceteamleiter Franz Brahmer f\u00fcr Informationsmaterial, F\u00fchrung am 2. August 2004 und pers\u00f6nliche Informationen.<\/span><\/span><\/div>\n<div style=\"text-align: justify;\"><span style=\"color: rgb(0, 0, 0);\"><br \/> <\/span><\/div>\n<div style=\"text-align: justify;\"><span style=\"font-size: 12pt; color: rgb(0, 0, 0);\"><br \/> <\/span><\/div>\n<div style=\"text-align: center;\"><span style=\"font-size: 18px;\"><span style=\"color: rgb(0, 0, 0);\"><strong>Maierh\u00f6fen<\/strong><\/span><\/span><\/div>\n<div style=\"text-align: justify;\"><span style=\"font-size: 12pt; color: rgb(0, 0, 0);\"><br \/> <\/span><\/div>\n<div style=\"text-align: center;\"><span style=\"font-size: 14px;\"><span style=\"color: rgb(0, 0, 0);\"><strong>Kirche und Weiler<\/strong><\/span><span style=\"color: rgb(0, 0, 0);\"><br \/> <\/span><\/span><\/div>\n<div style=\"text-align: justify;\"> &#160;<\/div>\n<div style=\"text-align: center;\"><span style=\"font-size: 12pt; color: rgb(0, 0, 0);\"> <\/span><img decoding=\"async\" style=\"width: 344px; height: 171px;\" alt=\"\" src=\"http:\/\/www.zelking.grafikweb.eu\/images\/stories\/gemeinde\/mai2.jpg\" \/> &#160;&#160; <img decoding=\"async\" style=\"width: 242px; height: 172px;\" alt=\"\" src=\"http:\/\/www.zelking.grafikweb.eu\/images\/stories\/mai1.jpg\" \/><span style=\"font-size: 14px;\"><span style=\"color: rgb(0, 0, 0);\"><br \/> <\/span><\/span><span style=\"font-size: 14px;\"><span style=\"color: rgb(0, 0, 0);\">Der Weiler Maierh\u00f6fen (links im Bild Ruine Weitenegg) mit der<\/span><\/span><span style=\"font-size: 14px;\"><span style=\"color: rgb(0, 0, 0);\"> Filialkirche (links im Bild das Stift Melk)<\/span><br \/> <\/span><\/div>\n<div style=\"text-align: justify;\"><span style=\"font-size: 14px;\"> <\/span><span style=\"font-size: 14px;\"><span style=\"color: rgb(0, 0, 0);\"><br \/> <\/span><\/span><\/div>\n<div style=\"text-align: justify;\"><span style=\"font-size: 14px;\"><span style=\"color: rgb(0, 0, 0);\"><br \/> Die Filialkirche zum \u201eHl. Nikolaus\u201c in dem Weiler Maierh\u00f6fen befand sich urspr\u00fcnglich viel n\u00e4her zur Donau gelegen, die durch Anlandungen und Regulierung&#160; heute schon etliches entfernt von der \u201eSchifferkirche\u201c sich befindet. <br \/> Maierh\u00f6fen kommt unter dem Namen Marchoven schon im Melker Urbar von 1314 vor.<br \/> Grundherrschaft und Ortsobrigkeit befand sich bei der Melker Stiftsherrschaft.<br \/> <\/span><\/span><span style=\"color: rgb(0, 0, 0);\"><span style=\"font-size: 14px;\">Seit urlanger Zeit sind in diesem Weiler immer nur vier (!) Bauernh\u00f6fe gestanden und bewirtschaftet worden.<\/span><\/span><span style=\"font-size: 10pt; color: rgb(0, 0, 0);\"><\/p>\n<p> <span style=\"font-size: 14px;\"> <\/span><span style=\"color: rgb(0, 0, 0);\"><span style=\"font-size: 14px;\">Der erste Landesausbau, den wir in die Karolingerzeit verlegen, erfolgte in Form von kleinen Weilern und von Einzelh\u00f6fen. Die Weiler bestehen auffallend oft aus vier ann\u00e4hernd gleich gro\u00dfen Bauernwirtschaften, eine Eigenheit, die bis in die Gegend von St. P\u00f6lten reicht; die Grundst\u00fccke sind meist blockf\u00f6rmig, ihre Grundobrigkeit ist vorwiegend in der gleichen Hand. (Seite 98)<\/span><\/span><br \/> <\/span><span style=\"color: rgb(0, 0, 0);\"><span style=\"color: rgb(0, 0, 0);\"><span style=\"font-size: 14px;\">(Entnommen aus: \u00d6sterreichs Wiege \u2013 der Amstettner Raum, 1966)<\/span><\/span><\/span><\/div>\n<div style=\"text-align: justify;\"><span style=\"font-size: 14px;\"><span style=\"color: rgb(0, 0, 0);\"><br \/> <\/span><\/span><\/div>\n<div style=\"text-align: justify;\"><span style=\"font-size: 14px;\"><span style=\"color: rgb(0, 0, 0);\"><br \/> <\/span><\/span><\/div>\n<div style=\"text-align: justify;\"><span style=\"font-size: 14px;\"><span style=\"color: rgb(0, 0, 0);\"> <br \/> <\/span><\/span><\/div>\n<div style=\"text-align: center;\"><span style=\"font-size: 14px;\"><span style=\"color: rgb(0, 0, 0);\"> <span style=\"color: rgb(0, 0, 0);\"><strong><span style=\"font-size: 16px;\">Gedenkstein \u201eFebruar 45\u201c<\/span><\/strong><\/span><br \/> <\/span><\/span><\/div>\n<div style=\"text-align: justify;\"><span style=\"color: rgb(0, 0, 0);\"><span style=\"font-size: 14px;\"><\/p>\n<p> Der Gedenkstein \u201eFebruar 45\u201c, welcher im Herbst 2001 aufgestellt wurde, soll an eine nicht gerade ruhmreiche Zeit erinnern!<\/p>\n<p> Ein symbolhafter Stein: Das an der B 1 befindliche, gegen\u00fcber der Einfahrt in die B 215 (in das Melktal), zur KG Bergern-Maierh\u00f6fen geh\u00f6rende Flurdenkmal, trifft mit seinen Symbolen \u201eden Nagel auf den Kopf\u201c. Die glatten Stellen sind stellvertretend f\u00fcr die sch\u00f6nen Tage der hier um das Leben gekommenen, raue Stellen bedeuten schon den Alltag; die Bruchstellen sollen Zeugnis ablegen, dass hier Menschen wie du und ich an der damaligen Zeit zerbrochen sind und die Bohrl\u00f6cher stehen f\u00fcr die Einschussl\u00f6cher. Die Spitze vom dreieckf\u00f6rmigen Stein stellt den Todestag f\u00fcr viele KZ-H\u00e4ftlinge, aber auch NS-Soldaten \u2013 den 19. Februar <span style=\"color: rgb(255, 0, 0);\">(*)<\/span> 1945 symbolisch dar. <br \/> Dieser Gedenkstein soll Zeugnis ablegen und mahnen!!<br \/> <\/span><\/span><span style=\"color: rgb(0, 0, 0);\"><span style=\"font-size: 14px;\">(Eine mehr als Kurzbeschreibung des Gedenksteines <\/span><span><span style=\"font-size: 14px;\">\u201eFebruar 45\u201c in<\/span><\/span><span><span style=\"font-size: 14px;\">: Gedenken und Mahnen in Nieder\u00f6sterreich, 2011, Seite 318)<\/span><\/span><\/span><span style=\"color: rgb(0, 0, 0);\"><span style=\"font-size: 14px;\"><\/p>\n<p> Was waren die Ursachen, die schlie\u00dflich und endlich zum Ausl\u00f6ser der bis dato an Menschen und Material vernichtensten Schlacht aller Zeiten \u2013 den Zweiten Weltkrieg f\u00fchrten?<br \/> Die schlechte wirtschaftliche Lage der 30er Jahre; hohe Arbeitslosigkeit und das Versagen in der Politik! Wenn es den damaligen Menschen gut gegangen w\u00e4re, w\u00fcrde niemals dieses sinnlose Gemetzel stattgefunden haben! Schon vor dem Einmarsch 1938 setzte z.B. die Firma Hitiag (Neudagarn) mindestens 3000 (!) Menschen auf die Stra\u00dfe. Diese hatten weder eine Chance auf neue Arbeit, bzw. waren \u201eAusgesteuert\u201c; also sie bekamen f\u00fcr \u201edanach\u201c kein Geld. In manchen Tagen kamen laut Hrn. Erwin Schmid aus Bergern (KG Bergern-Maierh\u00f6fen), 30 bis 40 \u201eBettler\u201c in die H\u00e4user. Die Not war also riesengro\u00df, daher konnte es zu einem Einmarsch durch die deutsche Wehrmacht kommen. Mit dem Anschluss an das Gro\u00dfdeutsche Reich musste die Bev\u00f6lkerung alles \u201eauskosten\u201c bis zum \u201ebitteren Ende\u201c! Selbst in den zehn Jahren wurde durch die russische Besatzungsmacht den Menschen \u2013 auch hier \u2013 so manches Leid zugef\u00fcgt.&#160; <\/p>\n<p> <\/span><\/span><\/div>\n<p> <\/p>\n<div style=\"text-align: center;\"><img decoding=\"async\" style=\"width: 191px; height: 116px;\" src=\"..\/..\/..\/..\/images\/stories\/mauthausen%20ddr.jpg\" alt=\"\" \/><br \/> <span style=\"color: rgb(0, 0, 0);\"><span style=\"font-size: 14px;\">Mahnmal der ehemaligen DDR (Deutsche Demokratische Republik) auf Briefmarkenausgabe 1978<\/span><\/span><\/div>\n<div style=\"text-align: justify;\"><span style=\"color: rgb(0, 0, 0);\"><span style=\"font-size: 14px;\">Ein Konvoi aus dem KZ (Konzentrationslager) von Melk kommend, befand sich am 19. Februar 1945 um etwa 10 Uhr vormittags auf H\u00f6he der Orte Freiningau Richtung Bergern, auf der heutigen B 1, damals \u201eReichsstra\u00dfe\u201c benannt. Zwei amerikanische Flugzeuge aus Richtung P\u00f6chlarn kommend und aus P-38 Lightning (* Jabo\u2019s) Doppelrumpf&#160; bestehend, drehten etwas gegen den Jauerling ab und feuerten dann mit ihren Bordwaffen in die Milit\u00e4rfahrzeuge hinein; in der Annahme, dass es sich um Milit\u00e4r handle. <br \/> In Wahrheit aber befanden sich zahlreiche politische, slowakische KZ-H\u00e4ftlinge, begleitet von SS-Bewachungspersonal auf dem Wege nach Mauthausen in die aus Autobussen und Lastkraftwagen bestehenden Kolonne. <br \/> Laut Herrn Schmid, als damaliger \u201eBeobachter\u201c, drehten diese zwei Flugzeuge in Richtung Hiesberg ab um in die ins Stocken geratene Fahrzeugkolonne abermals hineinschie\u00dfen zu k\u00f6nnen. Nach mehrmaligen Anfl\u00fcgen und \u201eabschie\u00dfen wie die Hasen\u201c, drehten dann die zwei Maschinen ab und lie\u00dfen ein Chaos zur\u00fcck! <\/p>\n<p> <\/span><\/span><\/div>\n<div style=\"text-align: center;\"><img decoding=\"async\" alt=\"\" src=\"..\/..\/..\/..\/images\/stories\/lightning%20i.jpg\" style=\"width: 187px; height: 154px;\" \/>&#160; <img decoding=\"async\" alt=\"\" src=\"..\/..\/..\/..\/images\/stories\/lightning%20ii.jpg\" style=\"width: 232px; height: 193px;\" \/><br \/> <span style=\"font-size: 14px;\"><span style=\"color: rgb(0, 0, 0);\">Eine P-38 Lightning (Jabo) auf einer Marke der Vereinigten Staaten, bzw. Aufdruck auf der R\u00fcckseite der Briefmarke<br \/> <\/span><\/span><\/div>\n<div style=\"text-align: justify;\"> &#160;<\/div>\n<div style=\"text-align: justify;\"><span style=\"color: rgb(0, 0, 0);\"><span style=\"font-size: 14px;\">Bei dem \u00fcberraschendem Angriff und dem daraus resultierendem \u201eErgebnis\u201c, sollen an die 100 (!) Menschen, hier den Tod gefunden haben. Genaue Angaben wie viele Menschen tats\u00e4chlich fern der Heimat umgekommen sind, konnte niemals in Erfahrung gebracht werden, da sofort nach dem Abdrehen der Flugzeuge die Gegend hermetisch abgesperrt wurde! <br \/> Fl\u00fcchtende erscho\u00df \u201eeinfach\u201c das Bewachungspersonal. Wie viele der H\u00e4ftlinge vom Bewachungspersonal erschossen wurden bzw. wie viele Soldaten selbst durch diesen \u00fcberraschenden Angriff ums Leben gekommen sind, wussten die Menschen der Umgebung auch nicht \u2013 es konnten nur Vermutungen angestellt werden daher sind Zahlen, die in diversen Schriften angegeben werden nur \u201eSch\u00e4tzungen\u201c!<\/p>\n<p> Die Toten brachte man zur Verbrennung in das Krematorium nach Melk (es ist bis heute als Mahnmal erhalten!) und die \u00dcberlebenden wurden nach Mauthausen \u2013 zu ihrem \u201eEndziel\u201c gebracht!<\/p>\n<p> <\/span><\/span><\/div>\n<div style=\"text-align: center;\"><img decoding=\"async\" style=\"width: 202px; height: 302px;\" src=\"http:\/\/www.zelking.grafikweb.eu\/images\/stories\/kz 3.jpg\" alt=\"\" \/><br \/> <span style=\"color: rgb(0, 0, 0);\"><span style=\"font-size: 14px;\">Die ehemalige Verfeuerungsst\u00e4tte (KZ-Krematorium), wo man die Toten verbrannte<\/span><\/span><\/div>\n<div style=\"text-align: justify;\"><span style=\"color: rgb(0, 0, 0);\"><span style=\"font-size: 14px;\"><\/p>\n<p> <\/span><\/span><\/div>\n<div style=\"text-align: justify;\"><span style=\"color: rgb(0, 0, 0);\"><span style=\"font-size: 14px;\"> Herr Erwin Schmid, dem ich dieses in seiner Jugend erlebte in m\u00fcndlicher \u00dcberlieferung verdanke (andere Zeitzeugen berichten dieses Erlebnis inhaltlich etwas ge\u00e4ndert, aber alle geben den 19. Februar an!), berichtete auch, dass ein Insasse mit einem Bauchschuss um den Gnadenschuss gebeten hat; zwei Tote wurden am n\u00e4chsten Tag in einem Geb\u00fcsch liegend gefunden. Auf etwa H\u00f6he des ehemaligen Bahn\u00fcberganges befand sich im Stra\u00dfengraben ein liegen gebliebenes \u201eHolzvergaserauto\u201c. Durch den Treibstoffmangel wurde dieses mit Holzst\u00fccken beheizte Model \u201ehervor geholt\u201c! Durch Vergasung des Holzes wurde so Energie erzeugt und die \u201eKutsche\u201c fahrbereit. Als die Kinder in ihrer Neugier n\u00e4her dieses Vergaserauto \u201ebegutachteten\u201c, wichen diese erschrocken zur\u00fcck, denn es befand sich ein toter KZ-H\u00e4ftling darin und alle rannten so schnell sie konnten davon! Spuren von Blut soll man noch lange auf den Wiesen, Feldern und auf der Stra\u00dfe gesehen haben. Papier, welcher ein LKW bei diesem (man kann sagen) Gemetzel verlor, lag weit verstreut herum. Ein ausgebrannter Bus, der in die Fahrspur hineinragte, wurde einfach mittels Panzers beiseite geschoben um den Verkehr nicht zu behindern, aber erst Ende 1945 (!) entfernt.<\/p>\n<p> Wie viele dieser hier dem Massaker \u00dcberlebenden konnten am Ende des Krieges aus dem KZ in Mauthausen von den amerikanischen Soldaten gerettet werden?&#160; Vermutlich sehr wenige!<\/p>\n<p> (\u00b0) Der ehemalige Melker Heimatforscher Inspektor Franz Hutter berichtete von \u201enur\u201c etwa 50 Toten (lt. Schmid waren die Felder \u201e\u00fcbers\u00e4t\u201c mit Leichen) und schrieb u.a. \u201eGod save the King\u201c (Gott sch\u00fctze den K\u00f6nig). Georg der VI. war zur damaligen Zeit auf dem englischen Thron (da es amerikanische Flugzeuge waren, trifft dieser Spruch daher nicht zu!).<br \/> Konzentrationslager (abgek\u00fcrzt KL, aber vor allem KZ) bestanden bereits 1933 (!) bis 1945 und waren Arbeits- sowie Vernichtungslager f\u00fcr Juden und dem Nationalsozialismus missliebige Personen!<\/p>\n<p> Der Fliegerangriff vom&#160; 21. Februar 1945 wie im Buch: \u201eMelk 1938<\/span><\/span><span style=\"font-size: 14px;\"><span style=\"color: rgb(0, 0, 0);\">\u2013<\/span><\/span><span style=\"color: rgb(0, 0, 0);\"><span style=\"font-size: 14px;\">1945 Nationalsozialismus in einer Kleinstadt\u201c, Seite 46, fand durch 16 amerikanische Mustangs statt, dem auch slowakische KZ-H\u00e4ftlinge zum Opfer gefallen sind (befand sich damals ein zweiter H\u00e4ftlindstransport nach Mauthausen statt?)! &#160; <\/p>\n<p> Die Aufstellung des Gedenksteines&#160; wurden seitens der Stra\u00dfenmeisterei Melk durch den Stellvertreter Herrn Christian Koch im Sp\u00e4tsommer 2001 m\u00fcndlich genehmigt (eine schriftliche Nachgenehmigung f\u00fcr eine eventuelle Segnung erfolgte am 27. September 2002) \u2013 ein herzliches Dankesch\u00f6n an dieser Stelle!&#160; <br \/> Eine kleine Erinnerungstafel, welche am Gedenkstein \u201eFebruar 45\u201c angebracht wurde, erinnert an zwei hier im Kreuzungsbereich t\u00f6dlich verlaufene Verkehrsunf\u00e4lle.<br \/> Franz Egger aus Zelking wurde 1961 und Valeria Warchol (Matzleinsdorf), Schwester des inzwischen verstorbenen \u201eAltpriesters\u201c KR Edmund&#160; Warchol 1985 hier Opfer eines Verkehrsunfalls. <br \/> Aufgestellt wurde der Gedenkstein Ende Oktober und eine Bepflanzung mit den zwei Eiben erfolgte Mitte November 2001. <\/p>\n<p> Einen besonderen Dank f\u00fcr diese m\u00fcndliche \u00dcberlieferung \u2013 wenn es auch ein nicht gerade geschichtlich ruhmreiches Ereignis in unserem Gemeindegebiet war \u2013 an Herrn Erwin Schmid aus Bergern!<\/p>\n<p> Im Februar 1945 gab es im KZ Melk drei Zug\u00e4nge, 266 R\u00fcckstellungen, zwei Gefl\u00fcchtete und 787 Verstorbene, Verungl\u00fcckte, Erschossene oder als Erschlagene eingetragen. Die Zahl 266 bei den R\u00fcckstellungen k\u00f6nnten auch die am 19. Februar (und eventuell die am 21. 2.?) nicht ums Leben gekommenen H\u00e4ftlinge beinhalten!<\/p>\n<p> Die Lightning (\u201eBlitz\u201c) wurde von den deutschen Soldaten&#160; als: \u201eDer Gabel-geschw\u00e4nzte-Teufel\u201c bezeichnet.)<br \/> Dieser Bericht wurde an den Verein \u00f6fh in Wien gesandt, und im Informationsblatt: \u00f6fh nachrichten informationsblatt der \u00f6sterreichischen flugzeug historiker 4\/05, Seite 32\/33 anstatt englische auf amerikanische (Flugzeuge) richtiggestellt, bzw. mit dem Zusatz \u201eJabo\u2019s\u201c auf Lightning-Jabo\u2019s abge\u00e4ndert \u2013 vielen Dank daf\u00fcr! <br \/> (\u00b0) Inspektor Franz Hutter Melk, hat vermutlich in Unkenntnis der Flugzeugtypen, diese als englische eingestuft \u2013 trotz alledem, ein sehr wertvoller Beitrag zur Gemeindechronik der Gemeinde Zelking-Matzleinsdorf.<\/p>\n<p> Hatte bis gut ein Jahr vor der Aufstellung keine Ahnung vom damaligen Ereignis und da ich eine Flurdenkmalbeschreibung schon damals begonnen hatte, suchte ich einen \u201epassenden\u201c Stein und wurde per Zufall f\u00fcndig. Dieser, mit seiner, oben angef\u00fchrter Symbolik, trifft den \u201eber\u00fchmten Nagel auf den Kopf\u201c. Habe bis heute auch keinen nur ann\u00e4hernd \u00e4hnlich aussehenden Stein gefunden, da dieser ein Abfallprodukt war und daher weggeschmissen werden sollte! <br \/> Die (von mir bezahlte) Inschrift (ebenso zwei Eiben wurden k\u00e4uflich erstanden) wurde durch die Steinmetzfirma Ewald Kastner in Melk bewerkstelligt.&#160;<\/span><\/span>&#160;&#160;&#160;&#160;&#160;&#160;&#160;&#160;&#160;&#160;&#160;&#160;&#160;&#160;&#160;&#160;&#160;&#160;&#160;&#160;&#160;&#160;&#160;&#160;&#160;&#160;&#160;&#160;&#160;&#160;&#160;&#160;&#160;&#160;&#160;&#160;&#160;&#160;&#160;&#160;&#160;&#160;&#160;&#160;&#160;&#160;&#160;&#160;<\/div>\n<div><span style=\"font-size: 14px;\"><span style=\"color: rgb(0, 0, 0);\"><br \/> <\/span><\/span><\/div>\n<div style=\"text-align: right;\"><span style=\"font-size: 14px;\">Ludwig Pichler 2006<\/span><\/div>\n<div style=\"text-align: justify;\"><span style=\"font-size: 14px;\"><span style=\"color: rgb(0, 0, 0);\"><\/p>\n<p> <\/span><\/span><\/div>\n<div style=\"text-align: center;\"><span style=\"font-size: 14px;\"><span style=\"color: rgb(0, 0, 0);\"> <\/span><\/span><span style=\"font-size: 18px;\"><span style=\"color: rgb(0, 0, 0);\"><span style=\"color: rgb(0, 0, 0);\"><strong>KG Frainingau<\/strong><\/span><\/span><\/span><span style=\"font-size: 10pt; color: rgb(0, 0, 0);\"><span style=\"color: rgb(0, 0, 0);\"><span style=\"font-size: 26px;\"><strong><br \/> <span style=\"font-size: 14px;\">KG-Nr. 14112<br \/> 1,70 km\u00b2<br \/> <\/span><\/strong><\/span><\/span><span style=\"font-size: 26px;\"><strong> <\/strong><\/span><br \/> <\/span><\/div>\n<div style=\"text-align: center;\"><span style=\"font-size: 16px;\"><span style=\"color: rgb(0, 0, 0);\"><strong>Freiningau<\/strong><\/span><\/span><\/div>\n<div><span style=\"color: rgb(0, 0, 0);\"><br \/> <\/span><\/div>\n<div style=\"text-align: center;\"><span style=\"font-size: 16px;\"><span style=\"color: rgb(0, 0, 0);\"><strong> <\/strong><\/span><\/span><\/div>\n<div><span style=\"font-size: 14px;\"><span style=\"color: rgb(0, 0, 0);\"><br \/> <span style=\"color: rgb(0, 0, 0);\">Die Bezeichnung Fr<strong>a<\/strong>iningau, bezieht sich nur auf die Katastralgemeindebeschreibung; hingen wird in der Ortsbeschreibung immer Fr<strong>e<\/strong>iningau geschrieben! <br \/> <\/span><br \/> Dieses landwirtschaftlich gepr\u00e4gte Dorf geh\u00f6rt zur Gemeinde Zelking-Matzleinsdorf, mit der Pfarre aber nach Melk. Die Ortschaft nordwestlich von Winden wird schon 1160 im \u00e4ltesten Urbar des Stiftes Freising erw\u00e4hnt und bis 1848 war Zelking zust\u00e4ndiges Landgericht und Stift Melk hatte die Ortsobrigkeit inne. Die Herrschaften Sch\u00f6nb\u00fchel, Zelking, Schallaburg, Zwerbach, Melk und das Domkapitel zu Freising sowie dessen Spital in Ulmerfeld waren hier Grundherren. Im 15. Jh. hatte hier der deutsche Orden Besitz, der sp\u00e4ter in die H\u00e4nde des ber\u00fcchtigten J\u00f6rg Scheck vom Wald (von der Burg Aggstein) kam. In den Jahren 1651 und 1808 brannte fast der ganze Ort ab (laut Buch: \u201eMELK&#8220; von Franz W\u00fcrml).<\/p>\n<p> <\/span><\/span><\/div>\n<p> <span style=\"color: rgb(0, 0, 0);\"><br \/> <\/span> <\/p>\n<div style=\"text-align: center;\"><span style=\"font-size: 16px;\"><span style=\"color: rgb(0, 0, 0);\"><strong>Pumpwerk<\/strong><\/span><\/span><\/div>\n<div style=\"text-align: justify;\"><span style=\"color: rgb(0, 0, 0);\"><\/p>\n<p> <\/span><\/div>\n<div style=\"text-align: center;\"><img decoding=\"async\" style=\"width: 237px; height: 157px;\" src=\"http:\/\/www.zelking.grafikweb.eu\/images\/stories\/gemeinde\/f2.jpg\" alt=\"\" \/><br \/> <span style=\"font-size: 14px;\"><span style=\"color: rgb(0, 0, 0);\">Die R\u00fcckseite vom Pumpwerk<\/span><br \/> <\/span><\/div>\n<div style=\"text-align: justify;\">&#160;<\/div>\n<div style=\"text-align: justify;\"><span style=\"font-size: 14px;\">&#160; <br \/> <\/span><\/div>\n<div style=\"text-align: justify;\"><span style=\"font-size: 14px;\"><span style=\"color: rgb(0, 0, 0);\"> 1980 wurde ein Pumpwerk errichtet, welches Teil des Hochwasserschutzsystems ist. Die Anlage soll bei R\u00fcckstau der Melk die westlich des Hochwasserdammes Freiningau liegenden Fl\u00e4chen vor Hochwassersch\u00e4den sch\u00fctzen bzw. f\u00fcr eine Hinterl<\/span><span style=\"color: rgb(0, 0, 0);\">andentw\u00e4sserung sorgen.<\/span><\/span><\/div>\n<div>\n<div style=\"text-align: justify;\"><span style=\"font-size: 10pt; color: rgb(0, 0, 0);\"><br \/> <\/span><\/div>\n<div style=\"text-align: justify;\"><span style=\"font-size: 10pt; color: rgb(0, 0, 0);\"> <br \/> <\/span><\/div>\n<div style=\"text-align: center;\"><span style=\"font-size: 10pt; color: rgb(0, 0, 0);\"> <\/span><img decoding=\"async\" style=\"width: 241px; height: 166px;\" src=\"http:\/\/www.zelking.grafikweb.eu\/images\/stories\/f1.jpg\" alt=\"\" \/><br \/> <span style=\"font-size: 14px;\"><span style=\"color: rgb(0, 0, 0);\">Vorderseite des Pumpwerkes<\/span><span style=\"color: rgb(0, 0, 0);\"><br \/> <\/span><\/span><\/div>\n<p> <span style=\"font-size: 14px;\"> <span style=\"color: rgb(0, 0, 0);\"> <\/span> <\/span> <\/p>\n<div style=\"text-align: justify;\"><span style=\"font-size: 14px;\"><span style=\"color: rgb(0, 0, 0);\"><\/p>\n<p> Diese 20 Mill. Schilling (mehr als \u20ac 1,34 Mill.) teure Anlage sollte noch nie benutzt worden sein und langsam so vor sich hinrosten! <\/span><\/span><\/div>\n<\/p><\/div>\n<div><span style=\"font-size: 14px;\"><span style=\"color: rgb(0, 0, 0);\"><br \/> <\/span><span style=\"color: rgb(0, 0, 0);\">Gemeindekurier Ausgabe Juli 2007, Seite 5: Pumpwerk Freiningau<\/span><\/span><\/div>\n<div style=\"text-align: justify;\"><span style=\"font-size: 14px;\"><span style=\"color: rgb(0, 0, 0);\">Die Kosten f\u00fcr die Erneuerung des Pumpwerkes in Freiningau haben sich von den bereits beschlossenen \u20ac&#160;140.000,\u2013 um rund \u20ac 60.000,\u2013, laut Kostensch\u00e4tzung der Ziviltechnikergemeinschaft Werner Consult, erh\u00f6ht (Reparatur eines Leitbleches usw.).<\/span><\/span><\/div>\n<div style=\"text-align: justify;\"><span style=\"font-size: 14px;\"><span style=\"color: rgb(0, 0, 0);\">Die Mehrkosten werden wieder im Schl\u00fcssel: Bund, Land und Gemeinden P\u00f6chlarn (64,4%) und Zelking-Matzleinsdorf (31,60%) aufgeteilt. Das sind \u20ac 6.321,\u2013 f\u00fcr die Gemeinde Zelking-Matzleinsdorf (nur f\u00fcr das Leitblech?). <\/span><\/span><\/div>\n<div><span style=\"font-size: 14px;\"><span style=\"color: rgb(0, 0, 0);\">Der erste Probebetrieb, somit die erste Inbetriebnahme seit Bestehen des Pumpwerkes, erfolgt im September 2007.<\/span><\/span><\/div>\n<div><span style=\"color: rgb(0, 0, 0);\"><strong><\/p>\n<p> <\/strong><\/span><\/div>\n<div style=\"text-align: center;\"><span style=\"font-size: 16px;\"><span style=\"color: rgb(0, 0, 0);\"><strong>Der Kefermarkter Schnitzaltar<\/strong><\/span><\/span><span style=\"color: rgb(0, 0, 0);\"><strong><br \/> <\/strong><\/span><span style=\"font-size: 14px;\"><span style=\"color: rgb(0, 0, 0);\"><strong>(und die Grundholden von Bergern, <\/strong><\/span><span style=\"color: rgb(0, 0, 0);\"><strong>Maierh\u00f6fen <\/strong><\/span><span style=\"color: rgb(0, 0, 0);\"><strong>und Freiningau)<\/strong><\/span><\/span><\/div>\n<p> <\/p>\n<div style=\"text-align: center;\"> <img decoding=\"async\" style=\"width: 149px; height: 242px;\" src=\"http:\/\/www.zelking.grafikweb.eu\/images\/stories\/schnitzaltar.jpg\" alt=\"\" \/><\/div>\n<div style=\"text-align: center;\"><span style=\"font-size: 14px;\"><span style=\"color: rgb(0, 0, 0);\">Der gotische F<span style=\"color: rgb(0, 0, 0);\">l\u00fc<\/span>gelaltar von Kefermarkt um 1494 <br \/> (Ansichtskarte vom Kunstverlag Hofstetter, 4910 Ried im Innkreis)<br \/> <\/span><\/span><\/div>\n<div style=\"text-align: justify;\"><span style=\"font-size: 14px;\"><span style=\"color: rgb(0, 0, 0);\"><\/p>\n<p> <\/span><span style=\"color: rgb(0, 0, 0);\">Unter anderem geh\u00f6rt auch dieser Altar zu den Zimelien (Zimelie die; lat., = Kleinod) mittelalterlicher Kunst in \u00d6sterreich! Der Altar besteht (wie alle gotischen Alt\u00e4re) aus dem Unterbau, Predella genannt, dem Hauptschrein mit den Schreinfiguren und bekr\u00f6nendem Gesprenge und den beiden Altarfl\u00fcgeln.<br \/> <\/span><\/span><\/div>\n<div style=\"text-align: justify;\"><span style=\"font-size: 14px;\"><span style=\"color: rgb(0, 0, 0);\"> <br \/> <\/span><span style=\"color: rgb(0, 0, 0);\">Christoph II. von Zelking schuf mit seinem am 28. Oktober 1490 errichteten Testament die materielle Grundlage f\u00fcr den gotischen Schnitzaltar in Kefermarkt (ca. 100 km von Zelking entfernt, 10 km s\u00fcdlich von Freistadt in O\u00d6 gelegen).<\/span><\/span><\/div>\n<div style=\"text-align: justify;\"><span style=\"font-size: 14px;\"><span style=\"color: rgb(0, 0, 0);\"><br \/> <\/span><\/span><\/div>\n<div style=\"text-align: justify;\"><span style=\"font-size: 14px;\"><span style=\"color: rgb(0, 0, 0);\"> Die betreffende Textstelle im Testament den Altar betreffend lautet in Hochdeutsch: Ich schaff und will auch, da\u00df auf acht Jahre 32 Pfund Pfennig (7.680 Silberm\u00fcnzen!) von dem Wein und Getreidezehent, so ich von Herrn Wenusch von Ebersdorf erkauft habe, der freies Eigen und gelegen ist bei Melk, auf den D\u00f6rfern Maierh\u00f6fen, Bergern und Freiningau, mit ihrem Zugeh\u00f6r, da soll mein Diener Matthias Kienast von aller Fechsung Gewalt haben, j\u00e4hrlich Wein und Getreide so viel zu verkaufen, damit er die bemelten (wie schon genannten) 32 Pfund Pfennig zur Aufrichtung der Tafel zu Sankt Wolfgang zu Kefermarkt zu malen und zu vergolden brauchen m\u00f6ge.<br \/> Es waren die im heutigen Gemeindegebiet von Zelking-Matzleinsdorf befindlichen Grundholden (dem Grundherrn verpflichtete Untertanen, Inhaber einer grundherrschaftlichen Realit\u00e4t) aus Bergern, Maierh\u00f6fen und Freiningau. Der dem Grundherrn zustehende Erl\u00f6s ihrer H\u00e4nde Arbeit wurde vom Grundherren allein der Errichtung des Kefermarkter Altars \u00fcber den Verwalter Matthias Kienast zugedacht. Nach der Fertigstellung des Retabels (Altaraufsatz in Form einer gemalten oder geschnitzten Bilderwand) soll der Ertrag aus Wein- und Getreidezehent wieder dem Gutsbetrieb zuflie\u00dfen. Christoph&#160;II. von Zelking erlebte die Vollendung seines Altares nicht mehr, denn er verstarb schon am 2. August 1491 (aber er verf\u00fcgte \u00fcber die Bereitstellung von Geldmitteln bis 1497!). <br \/> <\/span><span style=\"color: rgb(0, 0, 0);\"><br \/> Unter anderem geh\u00f6rt auch dieser Altar zu den Zimelien (die Zimelie; lat., Kleinod) mittelalterlicher Kunst in \u00d6sterreich! Der Altar besteht (wie alle gotischen Alt\u00e4re) aus dem Unterbau, Predella genannt, dem Hauptschrein mit den Schreinfiguren und bekr\u00f6nendem Gesprenge (turmartiger, aus verschiedenen feingliedrigen Architekturteilen zusammengesetzter Aufbau auf sp\u00e4tgotischen Fl\u00fcgelalt\u00e4ren) und den beiden Altarfl\u00fcgeln. Zwei Schreinw\u00e4chter k\u00f6nnen verschiedenen Orts angebracht sein. In Kefermarkt stehen sie auf zwei Konsolen, links der Hl. Georg und rechts der Hl. Florian.<\/p>\n<p> Entnahme (Maschinenschriftmanuskript) von einer Beschreibung des inzwischen verstorbenen Insp. Franz Hutter, Melk (mit Erg\u00e4nzungen durch Fr. Dipl.-Ing. Dr. Edith Frimmel, Kefermarkt).<\/span><\/span><\/div>\n<div style=\"text-align: justify;\"><span style=\"color: rgb(0, 0, 0);\"><br \/> <\/span><span style=\"color: rgb(0, 0, 0);\"><span style=\"font-size: 16px;\"><strong><\/p>\n<p> <\/strong><\/span><\/span><\/div>\n<div style=\"text-align: center;\"><span style=\"color: rgb(0, 0, 0);\"><strong><span style=\"font-size: 16px;\">Gotische Romanze<\/span><\/strong><\/span><\/div>\n<div style=\"text-align: center;\"><span style=\"font-size: 14px;\"><span style=\"color: rgb(0, 0, 0);\">Arthur Fischer-Colbrie<\/span><\/span><\/div>\n<div style=\"text-align: justify;\"><span style=\"font-size: 14px;\"><span style=\"color: rgb(0, 0, 0);\"><br \/> <\/span><\/span><\/div>\n<div style=\"text-align: justify;\"><span style=\"font-size: 14px;\"><span style=\"color: rgb(0, 0, 0);\"><br \/> Sp\u00e4therbstwind hat sich aufgemacht und durchstreicht das geh\u00fcgelte Waldland, das sich nordw\u00e4rts der Donau gegen B\u00f6hmen hin abstuft. Laut singend wandert er \u00fcber die H\u00f6hen hin und streift im Wandern das rotbraune Laub von den \u00c4sten der Buchen, greift in die welkenden Kronen der Linden und holt sich das letzte Gold von den Wipfeln der Birken. Von einem Erkerfenster des Schlosses Weinberg, hoch \u00fcberm Tal der Feldaist, sinnt Christoph von Zelking \u2013 so nennt sich der Schlossherr nach dem Stammsitz seines Geschlechtes, der Burg Zelking bei Melk \u2013 in das bunte Bl\u00e4ttertreiben hinaus, w\u00e4hrend sein Diener die rote Lohe des Kamins mit neuen Buchenscheitern n\u00e4hrt. Denn es ist kalt geworden auf Schlo\u00df Weinberg. Eine Ahnung durchfr\u00f6stelt den alternden Freiherrn, den m\u00e4chtigen Hauptmann des Machlandviertel und getreuen Pfleger der Grenzfeste Freistadt, eine Ahnung, die fast ein geheimes Wissen ist. \u00dcbers Jahr, wenn sich wieder die Bl\u00e4tter der B\u00e4ume im Schlosspark verf\u00e4rben und wieder aus den Wipfeln Niederwehen werden, wird sein welkes Gebein schon l\u00e4ngst dort unten in der d\u00e4mmernden Halle der Marktkirche ruhen, die mit dem Zeltdach ihres Turmes zum Schlosse heraufgr\u00fc\u00dft.<br \/> Es ist die Sankt Wolfgangskirche zu Kefermarkt, des Zelkingers Lieblingswerk. Vor zwanzig Jahren hat er sie gestiftet, damit der Ort ein Gotteshaus habe und dem Land eine neue Wallfahrt werde. Er hat sie wachsen sehen in schweren Zeiten, er hat ihre Weihe erlebt und ihre Erhebung zur Pfarrkirche. Zwei Tage hat das gro\u00dfe Fest der Weihe gedauert und auch damals hat Sp\u00e4therbstwind \u00fcbers Land geweht. Christoph von Zelking wei\u00df es noch heute, denn seine treue Erinnerung malt ihm ganz deutlich den Augenblick vor, da Albert von Passau mit gro\u00dfem Gefolge \u00fcber den Kirchenplatz schreitet, w\u00e4hrend ein herbstrotes Blatt, vom Wind hergeweht, an die Infel des Bischofs r\u00fchrt \u2026 Und vor Kaiser Friedrich, dem dritten des Namens, sieht sich der Zelkinger stehen, seinem hohen Lehensherrn f\u00fcr das helfende Machtwort dankend, das dem Wolfgangheiligtum unterm Schlo\u00df Weinberg den Rang einer Pfarrkirche schenkt.<br \/> Nur der neue Hochaltar ist noch nicht fertig und wird es noch lange nicht sein, denkt Christoph von Zelking besorgt. Zwar ist der Schrein schon gezimmert und Laubwerk rankt sich schon um die Nischen und beginnt sich dar\u00fcber zu Baldachinen zu w\u00f6lben. Aber die Nischen stehen leer und werden noch lange warten m\u00fcssen auf den Einzug der Heiligen, denen sie dienen wollen als festliche Wohnung. Denn die Heiligen tr\u00e4umen noch tief im Lindenholz: Wolfgang, der Einsiedler-Bischof und Schutzpatron dieser Kirche, Petrus, der F\u00fcrst der Apostel und H\u00fcter des himmlischen Schl\u00fcssels. Christophorus, der F\u00e4hrknecht und Tr\u00e4ger der Liebe durch die F\u00e4hrden der Weltflut. Auch fehlen dem Schrein noch die Fl\u00fcgel, die sich aufschlagen werden wie die Bl\u00e4tter eines alten heiligen Buches, um dem Volk zu erz\u00e4hlen vom Besuch des himmlischen Boten im K\u00e4mmerlein der reinen Magd, von den Hirten auf dem Felde, die den Gloriaruf des Engels lauschen, und von den reichen K\u00f6nigen, die im Stall der Armut knieen werden. Ja, ein Kunstwerk zur Ehre Gottes und zur Erbauung der Menschen soll dieser Fl\u00fcgelaltar werden, nicht weniger erhaben als des Michael Pachers Altarwerk in der Kirche zu Sankt Wolfgang im Gebirge drinnen, am gr\u00fcnen Abersee, \u00fcber dessen Spiegel Tag f\u00fcr Tag die Fahnen der Pilgerschiffe wehen und die Kl\u00e4nge der Wallfahrerweisen t\u00f6nen.<br \/> Der Gedanke an den werdenden Hochaltar hat den Herrn des Schlosses Weinberg noch nie so tief bewegt. Entschlossen wendet er sich ab vom Fenster und befiehlt dem Diener, ihm Pergament zu richten und den besten Kiel zu schneiden. Denn der Hochaltar darf kein Bruchst\u00fcck bleiben. Der Meister und seine Gesellen werden noch Jahre brauchen, bis das Werk vollendet sein wird. So mu\u00df noch \u00fcber des Stifters Leben hinaus das Entgelt&#160; f\u00fcr die Arbeit durch ein Verm\u00e4chtnis gesichert sein.<br \/> Und so schreibt Christoph von Zelking an seinem Testament (*). Er schreibt bis tief in die Nacht hinein, denn au\u00dfer dem himmlischen Ding des Altarbaus sind auch noch viele irdische Dinge zu ordnen. Bis endlich die welke Hand m\u00fcde ausruht, nachdem sie an den Rand des Pergaments die Worte gesetzt: \u201eDieser Brief ist geben am Mittwochabend, dem 28. Tage Octobris, nach Christi unsers lieben Herrn Geburt vierzehnhundert und in dem neunzigsten Jahre.\u201c<br \/> Noch einen Sommer sieht der edle Herr ins Land einziehen, doch da durchs sp\u00e4tgereife Korn die Sicheln rauschen, mu\u00df sich dem Schnitter Tod das Tor des Schlosses \u00f6ffnen. Und in ein Hochgrab auf dem Chor der Kefermarkter Kirche geht ein, was sterblich war an Christoph von Zelking.<br \/> Und immer wieder rauschen Fr\u00fchlingsregen auf das Kirchendach, zucken Sommerblitze um den Turm, immer wieder fallen Bl\u00e4tter auf die Stufen vor den Tor, weben Millionen wei\u00dfer Flocken dem Gotteshaus ein Adventgewand. Doch einmal kommt der Tag, und kommt die Nacht, da sich der Traum erf\u00fcllt, den Christoph einst getr\u00e4umt. Es ist die heilige Nacht, in der die Weihnachtsmesse zum erstenmal vor dem vollendeten Hochaltar gefeiert wird. Und da der Priester die Botschaft liest von der Geburt des Herrn, schlagen sich die Fl\u00fcgel des Schreines auseinander und in der Pracht ihrer faltigen Gew\u00e4nder schreiten aus des Schreines Nischen die riesigen Gestalten der drei Heiligen auf die staunende&#160; Gemeinde zu. So wenigstens scheint es f\u00fcr den ersten Augenblick den Gl\u00e4ubigen, die sich hoch erheben aus den Betb\u00e4nken, wie aufgerufen von der heiligen Gewalt des Lebens, die der gro\u00dfe Meister aus dem Lindenholz beschworen hat. Denn hier spricht Einer aus den Geheimnistiefen einer Seele, die des Volkes Seele ist. Der Bischof, der Apostel und der F\u00e4hrknecht, der das Gotteskindlein durch die Wasserfluten tr\u00e4gt, schauen sie nicht mit vertrauten Z\u00fcgen auf die Menschen dieses Landes her, ist es nicht, als werfe sich der Wind, der durch die heimatlichen W\u00e4lder weht, in die Falten der M\u00e4ntel? Und Maria im Weihnachtsbild der Fl\u00fcgeltafel, auch sie hat ihre Heimat in diesem sch\u00f6nen Land. Br\u00e4utliche Innigkeit und Tiefe m\u00fctterlicher Hingabe weben am Liebfrauenzauber dieses verkl\u00e4rten Angesichtes, dieser holdseligen Gestalt. Das ist die Muttergottes des Volksgem\u00fctes, das ist die liebe Frau, die man, wenn die Gedanken von ihr tr\u00e4umen, durch den verschneiten Wald der Christnacht wandern sehen kann.<br \/> Das Ite der Messe ist verklungen, aber noch verlassen die And\u00e4chtigen die Kirche nicht, sie dr\u00e4ngen sich zum Hochaltar, um den Heiligengestalten ganz nah zu sein. \u201eBlo\u00dff\u00fc\u00dfig geht der heilige Petrus in seinem herrlichen Gewand\u201c, fl\u00fcstert einer seinem Nachbarn zu. \u201eDamit man wei\u00df\u201c, gibt er zur\u00fcck, \u201eda\u00df es ein armer Fischer war, den Gott erh\u00f6rt hat. Sieh den gro\u00dfm\u00e4chtigen Schl\u00fcssel zum Himmelreich, den Petrus in der Hand h\u00e4lt: den hat Gott gegeben.\u201c \u2013 \u201eUnd das Buch in seiner anderen Hand, hat er das auch von Gott?\u201c \u2013 \u201eEin heiliges Buch wird es wohl sein, er hat darin gelesen und nun denkt er \u00fcber die Worte nach, die drinnen stehen. Es m\u00fcssen schwere, geheimnisreiche Worte sein, denn er blickt so ernst und angestrengt.\u201c<br \/> Und andere Leute stehen vor Sankt Wolfgangs Standbild und ihre Augen weiden sich an dieser hoheitsvollen, vom Prunkgewand der Bischofsw\u00fcrde feierlich umflossenen Gestalt und durch ihre Herzen str\u00f6mt ein Wohlgefallen an dem stillen Glanz der Harmonie, die das wei\u00dfe Angesicht des Heiligen verkl\u00e4rt. \u201eSo warm wird mir ums Herz\u201c, murmelt ein armes, altes M\u00fctterlein; \u201eich glaube fast, es schaut der liebe Himmelvater selbst auf mich herab, so viel G\u00fcte liegt in diesen Augen, mit so viel Liebe sagen sie: Komm in meinem Frieden!\u201c<\/p>\n<p> \u201eHart wird\u2019s dem armen Mann, das himmlische Kind ans Ufere zu tragen\u201c, so spricht, der auf Christophorus zeigend, ein Alter, ein Wissender zu J\u00fcngeren, die ihn umstehen; \u201eseht doch nur hin, wie schwer er sich st\u00fctzt auf den knorrigen Baumstamm!\u201c \u2013 \u201eEs mu\u00df ein rei\u00dfendes Wasser sein, das er durchwatet. \u201cMan k\u00f6nnte schier meinen, da\u00df es die Aist unter Pregarten ist, dort, wo sie strudelt und braust durch die felsige Klamm. Stellt euch nur vor, ihr m\u00fc\u00dftet dort \u00fcbers Wasser, noch dazu mit einer Last auf der Schulter!\u201c \u2013<\/p>\n<p> In so inniges Reden, das wie Musik aus den Tiefen der Herzen str\u00f6mt, klingt die Weihnachtsmesse in der Kirche zu Kefermarkt aus. Und immer wieder kommen Leute von nah und fern, Messeg\u00e4nger und Wallfahrervolk, zu den Heiligen des gotischen&#160; Schreins, um mit ihnen Zwiesprache zu halten. Und in den Stunden, da es ganz still in der Kirche ist, da mag es wohl sein, da\u00df ein einsamer Pilger, einer, der nach den Sinn aller M\u00fchsal sucht, vor Christophorus steht und ihn als einen lieben Bruder erkennt, zu dem er aufzureden beginnt: \u201eDer du dich m\u00fcd gewandert hast, umpeitscht vom Sturm, bedroht von wilden Wassern, der du keuchest unter wachsender Beschwerde und dennoch aufrecht bleibst, so gl\u00e4ubig gl\u00fcht dein Wille: O lieber Bruder mit dem leidgeh\u00e4mmerten Gesicht, aus dem geheim ein Glanz vom Opferfeuer deines Herzens flammt, gib deine weltenschwere Last von deiner Schulter auf die meine, denn sieh, ich will dir helfen, die Liebe hochzuhalten, da\u00df sie in der Flut der Welt nicht untergehe!\u201c \u2013<\/p>\n<p> Eines Tages aber, als die Sonne durch ein Farbfenster ins D\u00e4mmerdunkel der Kirche blickt, findet sie die Heiligen des Fl\u00fcgelaltars ganz vereinsamt. Unheimlich still ist es um sie geworden. Verstummt sind die Glocken im Turm, kein Orgelklang rauscht durch den Raum, es t\u00f6nt kein Predigtwort auf und kein Me\u00dflied. Denn der Glaubenskrieg ist entbrannt und der Weinberger Schlossherr&#160; Wolfgang Wilhelm von Zelking, der Enkel Christophs, hat die Sperre der Kirche befohlen.<\/p>\n<p> Als aber dann mit der Gegenreformation der Siegeszug der barocken Kunst auch das Land im Norden der Donau erreicht, verlernt das Volk die Sprache zu verstehen, die der Meister des Kefermarkter Altares spricht. Und wie als Sinnbild des Vergessens baut sich vor dem Schrein eine schwarze Bretterwand auf, hinter der unbeachtet die gro\u00dfen Heiligen trauern und mit ihnen die kleinen Engel, die der Meister als himmlische Musikanten ins geschnitzte Laubwerk des Schreins gesetzt hat. Doch jetzt ist ihnen die Lust zum Musizieren vergangen. Verloren sind Fl\u00f6te und Hirtenpfeife, zerbrochen Laute und Harfe. Hat diesen kleinen Engeln der Schmerz, da\u00df ihr Sch\u00f6pfer verkannt, da\u00df sein Werk gesch\u00e4ndet ist, die Instrumente des Lobgesanges zerschlagen?<br \/> Aber sieh, hier fehlt eine der zarten H\u00e4nde, die um entglittenes Saitenspiel trauern, ein Finger und dort ist einem der gefl\u00fcgelten Fl\u00f6tenbl\u00e4ser die Lippe zersprungen. Sie sind also krank, die himmlischen Spieler, heimgesucht vom nagenden Leiden? Ja, sie und alle ihre Gef\u00e4hrten, alle die kleinen und gro\u00dfen Gesch\u00f6pfe des Meisters sind von einer furchtbaren Seuche befallen. Winzige Tiere haben sich in ihre Leiber gebohrt und bedrohen sie t\u00f6dlich.<br \/> Aber harret aus, ihr Gepeinigten, grausam Gepr\u00fcften, noch ist Hoffnung kein Wahn. Harret aus, die Stunde der Rettung ist nah! Schon rollt ein Wagen herab ins Aisttal, man sieht ihn nur nicht, weil noch H\u00fcgel davor sind, aber er rollt euch entgegen, er kommt n\u00e4her und n\u00e4her und schon ziehen ihn die Pferde den Berg hinan, auf dem eure heilige Wohnung steht. Und jetzt h\u00e4lt der Wagen, den des Kaisers Statthalter schickt, vor dem Pfarrhof und drei M\u00e4nner steigen aus dem Gef\u00e4hrt, die aus Linz zu euch kommen. Der Pfarrer, dessen Herz f\u00fcr euch schl\u00e4gt, mit euch leidet, begr\u00fc\u00dft jetzt die M\u00e4nner und geleitet sie jetzt in die Kirche. Und nun ruhen Kennerblicke auf euch und Blicke der Liebe. Es ruhen Adalbert Stifters Augen auf euch und verhei\u00dfen Heilung. Harret aus, ihr seid nicht verloren: der gute Geist des Landes, das eure Heimat ist, nimmt euch in Schutz und Pflege. Aber nach einem halben Jahrhundert sitzt der Todfeind wieder im Holz. Immer wieder versucht man, ihn zu vertreiben, doch furchtbar ist die Z\u00e4higkeit seines Lebens. Da wird noch einmal \u2013 man schreibt den 4. November 1929 \u2013 die Speere der Kirche befohlen. Blaus\u00e4ure \u00fcberrascht den Holzwurm in seinen verborgenen G\u00e4ngen und triumphiert \u00fcber den Erbfeind des Schnitzaltars.<\/p>\n<p> Kefermarkt ist wieder Wallfahrt, Ziel vieler Pilger, die Zwiesprache halten mit den Heiligen des Wunderschreins. Der Meister aber lebt im Geheimnis, ein gro\u00dfer Unbekannter, ein Namenloser. Kein Raten und Raunen, kein Fragen und Forschen haben noch die Wolke gel\u00fcftet, in der er sich h\u00fcllt.<\/p>\n<p> Entnommen aus: Drei-K\u00f6nigs-Bote, Kalender f\u00fcr die \u00f6sterreichischen Wallfahrer und Wallfahrtsorte. 2. Jahrgang, 1948, Seite 70<\/span><\/span><span style=\"font-size: 14px;\"><span style=\"color: rgb(0, 0, 0);\">\u2013<\/span><\/span><span style=\"font-size: 14px;\"><span style=\"color: rgb(0, 0, 0);\">74<\/span><span style=\"color: rgb(0, 0, 0);\"><\/p>\n<p> (**) Christoph II. von Zelking schuf mit seinem am 28. Oktober 1490 errichteten Testament die materielle Grundlage f\u00fcr den gotischen Schnitzaltar in Kefermarkt (ca. 100 km von Zelking entfernt, 10 km s\u00fcdlich von Freistadt in O\u00d6 gelegen). <br \/> (*) Die betreffende Textstelle im Testament den Altar betreffend lautet in Hochdeutsch: Ich schaff und will auch, da\u00df auf acht Jahre 32 Pfund Pfennig (7.680 Silberm\u00fcnzen!) von dem Wein und Getreidezehent, so ich von Herrn Wenusch von Ebersdorf erkauft habe, der freies Eigen und gelegen ist bei Melk, auf den D\u00f6rfern Maierh\u00f6fen, Bergern und Freiningau, mit ihrem Zugeh\u00f6r, da soll mein Diener Matthias Kienast von aller Fechsung Gewalt haben, j\u00e4hrlich Wein und Getreide so viel zu verkaufen, damit er die bemelten&#160; (wie schon genannten) 32 Pfund Pfennig zur Aufrichtung der Tafel zu Sankt Wolfgang zu Kefermarkt zu malen und zu vergolden brauchen m\u00f6ge.<br \/> Es waren die im heutigen Gemeindegebiet von Zelking-Matzleinsdorf befindlichen Grundholden (dem Grundherrn verpflichtete Untertanen, Inhaber einer grundherrschaftlichen Realit\u00e4t) aus Bergern, Maierh\u00f6fen und Freiningau. Der dem Grundherrn zustehende Erl\u00f6s ihrer H\u00e4nde Arbeit wurde vom Grundherrn allein der Errichtung des Kefermarkter Altars \u00fcber den Verwalter Matthias Kienast zugedacht. Nach der Fertigstellung des Retabels (Altaraufsatz in Form einer gemalten oder geschnitzten Bilderwand) soll der Ertrag aus Wein- und Getreidezehent wieder dem Gutsbetrieb zuflie\u00dfen. <br \/> Christoph II. von Zelking erlebte die Vollendung seines Altares nicht mehr, denn er verstarb schon am 2. August 1491 (aber er verf\u00fcgte \u00fcber die Bereitstellung von Geldmitteln bis 1497). <br \/> (**) Maschinenschriftmanuskript von einer Beschreibung des inzwischen verstorbenen Insp. Franz Hutter Melk (mit Erg\u00e4nzungen durch Fr. Dipl.-Ing. Dr. Edith Frimmel <span style=\"color: rgb(0, 0, 0);\">Kefermarkt).<\/p>\n<p> <\/span><\/span><\/span><span style=\"color: rgb(0, 0, 0);\"><br \/> <\/span><\/div>\n<div style=\"text-align: center;\"><img decoding=\"async\" style=\"width: 117px; height: 154px;\" src=\"http:\/\/www.zelking.grafikweb.eu\/images\/stories\/christophorus.jpg\" alt=\"\" \/>&#160;&#160; <img decoding=\"async\" alt=\"\" src=\"http:\/\/www.zelking.grafikweb.eu\/images\/stories\/gemeinde\/florian.jpg\" style=\"width: 109px; height: 141px;\" \/><\/div>\n<div style=\"text-align: center;\"><span style=\"color: rgb(0, 0, 0);\"><span style=\"font-size: 14px;\">Heilig<\/span><span style=\"font-size: 14px;\">er Christophorus<\/span><\/span> <span style=\"font-size: 14px;\"><span style=\"color: rgb(0, 0, 0);\"><span style=\"color: rgb(0, 0, 0);\">(rechte Hauptfigur)<\/span><\/span><\/span><span style=\"font-size: 14px;\"><span style=\"color: rgb(0, 0, 0);\"><span style=\"color: rgb(0, 0, 0);\"> und <\/span><\/span><\/span><span style=\"font-size: 14px;\"><span style=\"color: rgb(0, 0, 0);\">heiliger Florian (rechter Schreinw\u00e4chter)<br \/> <\/span><\/span><span style=\"color: rgb(0, 0, 0);\"><span style=\"font-size: 14px;\">\u201eVer\u00f6ffentlichung mit freundlicher Genehmigung der \u00d6sterreichischen Post AG<\/span><span><span style=\"font-size: 14px;\">\u201c<\/span><\/span><\/span><span style=\"font-size: 14px;\"><span style=\"color: rgb(0, 0, 0);\">&#160; <\/span><\/p>\n<p> &#160; <strong><span style=\"color: rgb(0, 0, 0);\">Beide&#160; Abbildungen entstammen dem Kefermarkter Schnitz<\/span><span style=\"color: rgb(0, 0, 0);\">altar<\/span><br \/> <\/strong><\/p>\n<p> <\/span><\/div>\n<div style=\"text-align: justify;\"><span style=\"font-size: 14px;\"> <\/span><\/div>\n<div style=\"text-align: center;\"><span style=\"font-size: 14pt; color: rgb(0, 0, 0);\"><strong>EVN<\/strong><\/span><span style=\"color: rgb(0, 0, 0);\"><\/p>\n<p> <\/span><\/div>\n<p> <span style=\"font-size: 14px;\"> <\/p>\n<div style=\"text-align: center;\"><strong><span style=\"color: rgb(0, 0, 0);\">Die Gr\u00fcndung des Unternehmens <\/span><\/strong><\/div>\n<p> <\/span> <\/p>\n<div style=\"text-align: justify;\"><span style=\"font-size: 14px;\"> <\/span><\/div>\n<div style=\"text-align: justify;\"><span style=\"font-size: 14px;\"><span style=\"color: rgb(0, 0, 0);\"><br \/> Das \u201eWei\u00dfe Gold\u201c, wie das Wasser auch genannt wird, setzt in Form von Strom, der durch Kraftwerke erzeugt wird, diese in Energie um.<\/span><\/span><\/div>\n<div><span style=\"font-size: 14px;\">&#160;<\/span><\/div>\n<div style=\"text-align: justify;\"><span style=\"font-size: 14px;\"><span style=\"color: rgb(0, 0, 0);\">Am 18. Juli 1886 hatten in Scheibbs das erste Mal Gl\u00fchbirnen f\u00fcr die n\u00e4chtliche Beleuchtung an Pl\u00e4tzen und Stra\u00dfen gesorgt (erst 2\u00bd Jahre sp\u00e4ter folgte Wien nach!).<\/span><\/span><\/p>\n<p> <span style=\"font-size: 14px;\"><span style=\"color: rgb(0, 0, 0);\">Der Nieder\u00f6sterreichische Landtag&#160; beschloss das \u201eGesetz vom 14. Dezember 1907, wirksam f\u00fcr das Erzherzogtum \u00d6sterreich unter der Enns, betreffend der Errichtung eines Landes-Elektrizit\u00e4tswerkes zum Zweck des elektrischen Betriebs auf der Nieder\u00f6sterreichisch-steirischen Alpenbahn\u201c, das die Gr\u00fcndung der Nieder\u00f6sterreichischen Landes-Elektrizit\u00e4tswerke (N\u00d6LEW) zur Folge hatte. <br \/> Am 16. Mai 1922 erfolgte die Gr\u00fcndung der Nieder\u00f6sterreichischen Elektrizit\u00e4tswirtschaft \u2013 Aktiengesellschaft (NEWAG). Bereits am 17. Mai erfolgte die konstituierende Generalversammlung. Die NEWAG \u00fcbernahm r\u00fcckwirkend mit 1. J\u00e4nner 1922 die Gesch\u00e4fte der N\u00d6LEW. Gr\u00fcnder der NEWAG waren im Sinne von Artikel 10 des \u201eTrennungsgesetzes\u201c vom 29.&#160;Dezember 1921 die Bundesl\u00e4nder Wien und Nieder\u00f6sterreich, die ihren gesamten Besitz an der N\u00d6LEW lastenfrei einbrachten.<br \/> Um 1927 ersetzte der flinke Elektromotor als Antriebskraft den altv\u00e4terlichen viehbetriebenen G\u00f6pel und die Dreschmaschine l\u00f6ste den h\u00e4ndischen Tennendrusch ab.<br \/> Als Folge des Anschlusses \u00d6sterreichs an das Deutsche Reich wurde die NEWAG in \u201eGauwerke Niederdonau Aktiengesellschaft\u201c umbenannt und ihr offizieller Sitz wurde von Wien nach St. P\u00f6lten verlegt. Das Jahr 1938 hatte auch die Eingliederung der \u00f6sterreichischen Elektrizit\u00e4tsversorgung in jene des damaligen Deutschen Reiches gebracht.<br \/> Der damalige Gauleiter und Reichsstatthalter von Niederdonau, gleichzeitig Vorsitzender des Aufsichtsrates der Gauwerke Niederdonau, Dr. Hugo Jury, sprach in der Hauptversammlung vom 1. Juni 1939 von \u201eeinheitlicher Zusammenfassung aller Werke und Verteilungsgesellschaften zu einem gro\u00dfen Unternehmen\u201c.<br \/> Die Strompreispolitik im Dritten Reich machte die Vollelektrifizierung f\u00fcr viele nieder\u00f6sterreichische Haushalte besonders attraktiv. Der \u201eKochstrompreis\u201c wurde damals um 8 Prozent auf 8 Reichspfennig pro Kilowattstunde, der \u201eNachtstrompreis f\u00fcr Hei\u00dfwasserspeicher\u201c um 33 Prozent auf 4 Reichspfennig herabgesetzt. Die Anschluss- und \u00dcberpr\u00fcfungsgeb\u00fchren wurden im Zuge einer Werbeaktion beseitigt, die Kosten von Hausanschl\u00fcssen auf die H\u00e4lfte gesenkt. Durch die Reichstarifordnung von 1941 wurde Klarheit&#160; (nach dem vorherigen Wirrwarr) in die k\u00fcnftigen Tarife gebracht. Das Nichterkennen der Wichtigkeit von Speicherkraftwerken, durch welche auch im Winter Strom geliefert werden kann, brachte im Nachhinein gesehen enorme Nachteile f\u00fcr die NEWAG ein.<br \/> Durch die Zerst\u00f6rung elektrischer Anlagen als Folge des Zweiten Weltkriegs brach z. B. 1945 mehrmals am Tage der \u201eLastverteiler\u201c zusammen, da nur ein Viertel der ben\u00f6tigten Strommenge zur Verf\u00fcgung stand! <br \/> Die Energieerzeugung\/Energieverteilung wurde auf den ersten Platz der wichtigsten Unternehmungen gereiht und konnte daher weit schneller expandieren als die meisten anderen Wirtschaftszweige.<br \/> Die in der russischen Besatzungszone befindlichen 300 Industrieunternehmen und 140 landwirtschaftlichen Betriebe&#160;sowie die DDSG wurden in den mit USIWA bezeichneten Konzern eingegliedert, der im November 1947 auf USIA (Abk\u00fcrzung f\u00fcr: \u201eUprawlenje Sowjetskim Imuschestwom Awstrij\u201c, was auf Deutsch \u201eVerwaltung des sowjetischen Verm\u00f6gens in \u00d6sterreich\u201c bedeutete) umbenannt wurde. <br \/> 1955 erfolgte die R\u00fcckgabe dieser Betriebe an \u00d6sterreich durch Zahlung von betr\u00e4chtlichen Reparationen (Kriegsentsch\u00e4digungen zugunsten des Siegers).<br \/> Die aus dem Krieg wohlbekannten einschneidenden Stromsparma\u00dfnahmen in den Wintermonaten mussten also auch im Nachkriegs\u00f6sterreich vorerst aufrecht bleiben; es fehlte n\u00e4mlich an Brennstoffen, und auch das Wasserdargebot war damals zu gering. So r\u00e4chte sich der Umstand, dass in der nationalsozialistischen \u00c4ra der Bau insbesondere von Speicherkraftwerken vernachl\u00e4ssigt worden war, was f\u00fcr die ausreichende Stromversorgung im Winter ausschlaggebend gewesen w\u00e4re.<br \/> Mit dem Inkrafttreten des Zweiten Verstaatlichungsgesetzes am 11. Mai 1947 (Bundesgesetzblatt 81 vom 10. Mai 1947) wurde die NEWAG zur Landeselektrizit\u00e4tsgesellschaft erkl\u00e4rt; damit wurde ihr die Aufgabe der Alleinversorgung von Nieder\u00f6sterreich und des n\u00f6rdlichen Burgenlandes mit elektrischer Energie \u00fcbertragen.<br \/> Die Bem\u00fchungen der Bundesregierung von 1945, den Wiederaufbau durch \u201eIndustrieplan\u201c und \u201eKreditlenkungskommission\u201c sinnvoll voranzutreiben, wurde durch ausl\u00e4ndische Wirtschaftsmassnahmen unterst\u00fctzt; das war vor allem die ERP-Hilfe (das 1947 von George C. Marshall vorgeschlagene und 1948 beschlossene amerikanische \u201eEuropean Recovery Program\u201c f\u00fcr die besiegten Staaten Europas hat vor allem die Investitionslust wesentlich gesch\u00fcrt).<br \/> Mit Ende 1953 wurden die letzten Stromsparma\u00dfnahmen im Nachkriegs\u00f6sterreich aufgehoben.<br \/> 1979 war der DoKW-Anteil (Donau-Kraftwerke) der NEWAG im Zuge der Finanzierung der Verluste der Verbundgesellschaft aus der Nichtinbetriebnahme des Kernkraftwerkes Zwentendorf erstmals von 85&#160; auf 54,4 Millionen Schilling gesunken.<br \/> Trotz weiter steigenden Stromverbrauchs erlitt die NEWAG im Jahre 1959 erstmals seit ihrer Gr\u00fcndung einen empfindlichen Aderlass in ihrem Anlagenbestand; aufgrund eines Bescheides der Burgenl\u00e4ndischen Landesregierung vom 27.&#160;Februar 1947 \u2013 basierend auf dem Zweiten Verstaatlichungsgesetz \u2013 wurden s\u00e4mtliche elektrizit\u00e4tswirtschaftlichen Einrichtungen der NEWAG Burgenland enteignet; erst viel sp\u00e4ter einigte man sich \u00fcber die Entsch\u00e4digungen f\u00fcr die dem NEWAG im Zugriff entzogenen Anlagenwerte.<\/p>\n<p> <\/span><\/span><\/div>\n<div style=\"text-align: center;\"><img decoding=\"async\" alt=\"\" src=\"http:\/\/www.zelking.grafikweb.eu\/images\/stories\/stromrechnung.jpg\" \/><\/div>\n<div style=\"text-align: center;\"><span style=\"font-size: 14px;\"><span style=\"color: rgb(0, 0, 0);\">Z\u00e4hlerkarte aus 1958\/60<\/span><\/span><span style=\"font-size: 14px;\"><br \/> <\/span><\/div>\n<div>\n<p> <span style=\"font-size: 14px;\"><span style=\"color: rgb(0, 0, 0);\"> <\/span><\/span><\/div>\n<div style=\"text-align: justify;\"><span style=\"font-size: 14px;\"><span style=\"color: rgb(0, 0, 0);\">Eine zus\u00e4tzliche Verwaltungsvereinfachung brachte 1966 die Umstellung der Stromverrechnung f\u00fcr Tarifabnehmer auf Jahresablesung (das Inkasso wurde vorher von Hunderten NEWAG-Mitarbeitern direkt beim Kunden vorgenommen).&#160;&#160;&#160;&#160;&#160;&#160;&#160;&#160;&#160;&#160;&#160;&#160;&#160;&#160;&#160;&#160;&#160;&#160;&#160;&#160; <br \/> <\/span><\/span><\/p>\n<p> <span style=\"color: rgb(0, 0, 0);\"><strong> <\/strong><\/span><\/div>\n<div style=\"text-align: center;\"><span style=\"color: rgb(0, 0, 0);\"><strong><span style=\"font-size: 16px;\">Die Gr\u00fcndung der NIOGAS<\/span><br \/> <\/strong><\/span><\/div>\n<div><span style=\"font-size: 14px;\"><span style=\"color: rgb(0, 0, 0);\"><br \/> <\/span><\/span><\/div>\n<div><span style=\"font-size: 14px;\"><span style=\"color: rgb(0, 0, 0);\"><br \/> <\/span><\/span><\/div>\n<div style=\"text-align: justify;\">\n<div><span style=\"font-size: 14px;\"><span style=\"color: rgb(0, 0, 0);\"> Durch die Erfindung des Gasgl\u00fchstrumpfes durch den \u00d6sterreicher Dr. Carl Freiherr Auer von Welsbach fand das Stadt- oder Leuchtgas bereits ab 1891 einen besonderen Aufschwung.<\/span><span style=\"color: rgb(0, 0, 0);\"><br \/> Am 29. September 1954 wurde die \u201eNieder\u00f6sterreichische Gasvertriebsgesellschaft m. b. H.\u201c (NIOGAS) mit Sitz in Wien gegr\u00fcndet. Die Gr\u00fcndung der NIOGAS in jener politisch bewegten Zeit musste angesichts der damals noch aufrechten Besetzung \u00d6sterreichs durch die vier Siegerm\u00e4chte des Zweiten Weltkriegs und wenige Monate vor&#160; Abschluss des \u00f6sterreichischen Staatsvertrags als besonderes Wagnis erscheinen. Am 1. Juli 1956 wurde das Unternehmen in die \u201eNIOGAS Nieder\u00f6sterreichische Gasvertriebs-Aktiengesellschaft\u201c umbenannt und mit 13.&#160;Mai 1963 erfolgte die Umbenennung in \u201eNIOGAS Nieder\u00f6sterreichische Gaswirtschafts-Aktiengesellschaft\u201c.<\/span><span style=\"color: rgb(0, 0, 0);\"><br \/> 1960 bis 1963 entstand u. a. in der \u201eS\u00fcdstadt\u201c auch das siebengeschossige, auf Betons\u00e4ulen ruhende, 140 m lange, 14&#160;m breite und 32 m hohe Verwaltungsgeb\u00e4ude der NEWAG\/NIOGAS.<br \/> Die Energiekrise von 1973\/74 war nach \u00fcbereinstimmender Ansicht der Fachleute eher eine Energiepreiskrise.<br \/> Die Volksabstimmung vom 5. November 1978 \u00fcber die Inbetriebnahme des fast fertig gestellten Kernkraftwerks Zwentendorf endete mit einem knappen NEIN!<br \/> Die M\u00fcllner-Aff\u00e4re traf die NEWAG\/NIOGAS finanziell sehr hart, aber vor allem der Imageverlust war enorm und es dauerte f\u00fcnf Jahre bis zur deren endg\u00fcltigen Behebung. Dem damaligen NEWAG-Generaldirektor Viktor M\u00fcllner wurde bei der Urteilsverk\u00fcndung am 12. Juli 1968 wegen Missbrauchs der Amtsgewalt sowie Untreue in mehreren F\u00e4llen zu 4 Jahren schweren Kerkers, versch\u00e4rft durch einen viertelj\u00e4hrlichen Fasttag verurteilt. M\u00fcllner hat aber aus Krankheitsgr\u00fcnden (?) seine Strafe nie angetreten! Auch anstelle der gerichtlich auferlegten Schadenersatzzahlungen von je 10 Millionen Schilling an die NEWAG und das Land Nieder\u00f6sterreich wurde nur laut \u201etrend\u201c mittels eines 10.000 Schilling-Postsparbuches die NEWAG \u201eabgegolten\u201c (wie schon oft gehabt sind sie nachher krank und \u201ebankrott\u201c \u2013&#160; Pallas Athene schau runter)!<br \/> Der NEWAG-Block D\u00fcrnrohr trat an die Stelle des seit 1976 projektiert gewesenen, etwa gleich starken Gas-Dampf-Kombi-W\u00e4rmekraftwerks Bergern (in der Gemeinde Zelking-Matzleinsdorf befindlich), welches aus Anrainerprotesten nicht gebaut wurde!<br \/> Die NEWAG beteiligte sich durch Baukostenzusch\u00fcsse 1979 am Donaukraftwerk Melk mit 12 Prozent an der Gesamtleistung des Kraftwerkes, welches 1982 in Betrieb ging.<br \/> Am 1. J\u00e4nner 1986 erfolgte die Fusion NEWAG und NIOGAS. <br \/> Die im Jahre 1949 begonnene Vollelektrifizierung des l\u00e4ndlichen Raumes in Nieder\u00f6sterreich konnte 1988 endg\u00fcltig abgeschlossen werden, sodass die Petroleumlampen damit ausgedient hatten.<br \/> Die Umbenennung zur \u201eEVN Energie-Versorgung Nieder\u00f6sterreich Aktiengesellschaft\u201c erfolgte mit Jahresbeginn 1988. Die Kurzbezeichnung \u201eEVN\u201c steht auch f\u00fcr die Zweitbedeutung \u201eEnergie vern\u00fcnftig n\u00fctzen\u201c!<br \/> Dank des langj\u00e4hrigen Generaldirektors Dr. Rudolf Gruber konnten gewisse \u201eAltlasten\u201c der NEWAG\/NIOGAS behoben und das Unternehmen zu neuen H\u00f6henfl\u00fcgen gef\u00fchrt werden.<\/span><\/span><span style=\"color: rgb(0, 0, 0);\"><br \/> <\/span><br \/> <span style=\"font-size: 14px;\"><span style=\"color: rgb(0, 0, 0);\"><br \/> <\/span><\/span><\/div>\n<div style=\"text-align: center;\"><span style=\"font-size: 14px;\"><span style=\"color: rgb(0, 0, 0);\"><strong>Mini-Lexikon energiewirtschaftlicher Ausdr\u00fccke<\/strong><\/span><\/span><\/div>\n<\/p><\/div>\n<div style=\"text-align: justify;\"><span style=\"font-size: 14px;\"> <\/span><\/div>\n<div style=\"text-align: justify;\"><span style=\"font-size: 14px;\"><span style=\"color: rgb(0, 0, 0);\"><\/p>\n<p> Energie ist die F\u00e4higkeit, Arbeit zu verrichten oder W\u00e4rme abzugeben. Watt mal Sekunde = Joule, 1.000 Watt = 1&#160;Kilowattstunde (KWh), 1&#160;Megawattstunde (MWh) = 1.000 KWh, 1&#160;(GWh)&#160; Gigawattstunde = 1,000.000&#160;KWh, 1&#160;Terawattstunde (TWh) = 1.000,000.000 KWh.<\/span><\/span><\/p>\n<p> <span style=\"font-size: 14px;\"><span style=\"color: rgb(0, 0, 0);\">Volt (nach Alessandro Graf Volta, italienischer Physiker, benannt) sind beim \u201eLichtstrom\u201c 240 (V) bzw. 400 (V) beim \u201eKraftstrom\u201c (fr\u00fcher 220 bzw. 380 Volt). Die elektrische Spannung&#160; ist die jeweilige Potentialdifferenz (Gewitterblitz 1&#160;Milliarde Volt).<br \/> Die elektrische Stromst\u00e4rke ist die Summe an elektrischen Ladungen, welche in einer bestimmten Zeitspanne durch den Querschnitt eines Leiters flie\u00dft und wird in Ampere (A) gemessen (benannt nach Andr\u00e9 Marie Amp\u00e8re, franz\u00f6sischer Mathematiker und Physiker).<br \/> Elektrische Leistung wird in Watt (W) angegeben.<\/span><\/span><\/div>\n<div style=\"text-align: justify;\"><span style=\"font-size: 14px;\"><br \/> <\/span><\/div>\n<p> <\/meta> <\/meta> <\/meta> <\/meta><\/p>\n","protected":false},"excerpt":{"rendered":"<p>KG Bergern-Maierh\u00f6fen KG-Nr. 14106 2,04 km\u00b2 Bergern Umformerwerk, Bergern 11 Das Umformerwerk in Bergern Eines von f\u00fcnf Umformerwerken \u00d6sterreichs befindet sich in der Flur Aufeld, welches von 1979 bis 1983 errichtet wurde. Der Standort ist durch die Lage des Umspannwerkes Bergern mit Einspeisung durch das Donaukraftwerk Melk und die Versorgungsm\u00f6glichkeit der Westbahn begr\u00fcndet. Es sind [&hellip;]<\/p>\n","protected":false},"author":2,"featured_media":0,"comment_status":"open","ping_status":"open","sticky":false,"template":"","format":"standard","meta":{"footnotes":""},"categories":[37],"tags":[],"class_list":["post-26","post","type-post","status-publish","format-standard","hentry","category-bergern"],"_links":{"self":[{"href":"https:\/\/zelking.grafikweb.eu\/index.php?rest_route=\/wp\/v2\/posts\/26","targetHints":{"allow":["GET"]}}],"collection":[{"href":"https:\/\/zelking.grafikweb.eu\/index.php?rest_route=\/wp\/v2\/posts"}],"about":[{"href":"https:\/\/zelking.grafikweb.eu\/index.php?rest_route=\/wp\/v2\/types\/post"}],"author":[{"embeddable":true,"href":"https:\/\/zelking.grafikweb.eu\/index.php?rest_route=\/wp\/v2\/users\/2"}],"replies":[{"embeddable":true,"href":"https:\/\/zelking.grafikweb.eu\/index.php?rest_route=%2Fwp%2Fv2%2Fcomments&post=26"}],"version-history":[{"count":0,"href":"https:\/\/zelking.grafikweb.eu\/index.php?rest_route=\/wp\/v2\/posts\/26\/revisions"}],"wp:attachment":[{"href":"https:\/\/zelking.grafikweb.eu\/index.php?rest_route=%2Fwp%2Fv2%2Fmedia&parent=26"}],"wp:term":[{"taxonomy":"category","embeddable":true,"href":"https:\/\/zelking.grafikweb.eu\/index.php?rest_route=%2Fwp%2Fv2%2Fcategories&post=26"},{"taxonomy":"post_tag","embeddable":true,"href":"https:\/\/zelking.grafikweb.eu\/index.php?rest_route=%2Fwp%2Fv2%2Ftags&post=26"}],"curies":[{"name":"wp","href":"https:\/\/api.w.org\/{rel}","templated":true}]}}