{"id":315,"date":"2011-03-03T15:37:05","date_gmt":"2011-03-03T15:37:05","guid":{"rendered":"https:\/\/zelking.com\/2011\/03\/03\/pfk-zelking-innenbeschreibung\/"},"modified":"2011-03-03T15:37:05","modified_gmt":"2011-03-03T15:37:05","slug":"pfk-zelking-innenbeschreibung","status":"publish","type":"post","link":"https:\/\/zelking.grafikweb.eu\/?p=315","title":{"rendered":"Pfarrkirche Zelking (Innenbeschreibung)"},"content":{"rendered":"<div style=\"text-align: justify;\"><span style=\"color: rgb(0, 0, 0);\"> <\/span><\/div>\n<div><span style=\"color: rgb(0, 0, 0);\"> <\/span><\/div>\n<div style=\"text-align: justify;\"><span style=\"font-size: 14px;\"><br \/> <\/span><\/div>\n<p> <span style=\"color: rgb(0, 0, 0);\">  <\/span><span style=\"color: rgb(0, 0, 0);\"> <\/p>\n<div style=\"text-align: center;\"><span style=\"color: rgb(0, 0, 0);\"><span style=\"font-size: 18px;\"><strong>Inneneinrichtung, &#8230;<\/strong><\/span><span style=\"font-size: 14px;\"><br \/> <\/span><\/span><\/div>\n<p> <\/span><span style=\"color: rgb(0, 0, 0);\">  <\/span> <\/p>\n<div style=\"text-align: justify;\"><span style=\"color: rgb(0, 0, 0);\"><span style=\"font-size: 14px;\"><br \/> <\/span><br \/> <\/span><\/div>\n<p> <span style=\"color: rgb(0, 0, 0);\">      <\/span><span style=\"color: rgb(0, 0, 0);\">  <\/span><span style=\"color: rgb(0, 0, 0);\"> <\/p>\n<div style=\"text-align: justify;\"><span style=\"font-size: 10pt;\"><span lang=\"DE\"><span style=\"font-size: 10pt;\"><span lang=\"DE\"> <\/span><\/span><\/span><\/span><\/div>\n<p> <\/span> <\/p>\n<div style=\"text-align: center;\"><span style=\"color: rgb(0, 0, 0);\"><span style=\"font-size: 10pt;\"><span lang=\"DE\"><span style=\"font-size: 10pt;\"><span lang=\"DE\">   <\/span><\/span><\/span><\/span><\/span><span style=\"font-size: 10pt; color: rgb(0, 0, 0);\"><span lang=\"DE\"><span style=\"font-size: 10pt; color: rgb(0, 0, 0);\"><span lang=\"DE\"> <\/p>\n<div style=\"text-align: center;\"><span style=\"color: rgb(0, 0, 0);\"><span style=\"font-size: 10pt;\"><span lang=\"DE\"><img decoding=\"async\" style=\"width: 241px; height: 342px;\" src=\"http:\/\/www.zelking.grafikweb.eu\/images\/stories\/kirchenfuehrer\/b10.jpg\" alt=\"\" \/><\/span><\/span><\/span><\/div>\n<p> <span style=\"color: rgb(0, 0, 0);\">    <\/span><span style=\"color: rgb(0, 0, 0);\">  <\/span><\/span><\/span><\/span><\/span><\/div>\n<p> <span style=\"color: rgb(0, 0, 0);\"> <\/p>\n<div style=\"text-align: center;\"><span style=\"font-size: 10pt;\"><span lang=\"DE\"><span style=\"font-size: 10pt;\"><span lang=\"DE\"> <\/p>\n<div style=\"text-align: center;\"><span style=\"font-size: 14px;\">Aquarell Hochaltar von Frau Melanie Fr\u00f6schl (2003)<\/span>&#160;<\/div>\n<p> <\/span><\/span><\/span><\/span><\/div>\n<p> <\/span> <\/p>\n<div><span style=\"color: rgb(0, 0, 0);\"> <\/span><\/div>\n<p> <span style=\"color: rgb(0, 0, 0);\"> <\/p>\n<div><span style=\"color: rgb(0, 0, 0);\"><span style=\"font-size: 10pt;\"><span lang=\"DE\"><span style=\"font-size: 10pt;\"><span lang=\"DE\">  <\/span><\/span><\/span><\/span><\/span><span style=\"font-size: 10pt;\"><span lang=\"DE\"><span style=\"font-size: 10pt;\"><span lang=\"DE\">  <\/span><\/span><\/span><\/span><\/div>\n<p> <\/span> <\/p>\n<div><span style=\"color: rgb(0, 0, 0);\"> <\/span><\/div>\n<p> <span style=\"color: rgb(0, 0, 0);\"> <\/p>\n<div><span style=\"font-size: 10pt;\"><span lang=\"DE\"><span style=\"font-size: 10pt;\"><span lang=\"DE\"> <\/span><\/span><\/span><\/span><\/div>\n<div style=\"text-align: center;\"><span style=\"font-size: 10pt;\"><span lang=\"DE\"><span style=\"font-size: 10pt;\"><span lang=\"DE\"> <\/p>\n<div><span style=\"font-size: 14px;\">Danke f\u00fcr das Original<br \/> <\/span><\/div>\n<p> <\/span><\/span><\/span><\/span><\/div>\n<p> <\/span> <\/p>\n<div><span style=\"color: rgb(0, 0, 0);\"> <\/span><\/div>\n<div><span style=\"color: rgb(0, 0, 0);\"> <br \/> <\/span><\/div>\n<div><span style=\"color: rgb(0, 0, 0);\"> <br \/> <\/span><\/div>\n<p> <span style=\"color: rgb(0, 0, 0);\"> <\/span> <\/p>\n<div><span style=\"color: rgb(0, 0, 0);\"> <\/span><\/div>\n<p> <span style=\"color: rgb(0, 0, 0);\"> <\/p>\n<div><span style=\"font-size: 10pt;\"><span lang=\"DE\"><span style=\"font-size: 10pt;\"><span lang=\"DE\"> <\/span><\/span><\/span><\/span><\/div>\n<p> <\/span> <\/p>\n<div style=\"text-align: justify;\"><span style=\"color: rgb(0, 0, 0);\"> <\/span><\/div>\n<div><span style=\"color: rgb(0, 0, 0);\"> <\/span> <span style=\"color: rgb(0, 0, 0);\">      <\/span><span style=\"color: rgb(0, 0, 0);\">  <\/span><span style=\"color: rgb(0, 0, 0);\"> <\/span><\/div>\n<p> <span style=\"color: rgb(0, 0, 0);\"> <\/p>\n<div style=\"text-align: center;\"><img decoding=\"async\" style=\"width: 242px; height: 329px;\" src=\"http:\/\/www.zelking.grafikweb.eu\/images\/stories\/kirchenfuehrer\/b99.jpg\" alt=\"\" \/><\/div>\n<div style=\"text-align: justify;\"><strong><span style=\"font-size: 14px;\">Dieses  Bild zeigt den Innenraum (von Blickrichtung Langhaus&#160; zum Chorraum) noch  vor der Restaurierung mit den alten Kehlheimer Platten und den in  barocker Form gehaltenen (alten) Gest\u00fchlen, mit dem 2000 entferntem  Speisgitter sowie die vormals in Hell-, Mittel- und&#160; Dunkelbraun  gestrichenen Kreuz-, Gurt- und Scheitelrippen des Chorraumes; rechts  sieht man noch einen der beiden fehlenden Holzleuchter und mittig die  jetzt im Turm befindliche  \u201eEwiglichtampel\u201c.<br \/> <\/span><\/strong><\/div>\n<p> <\/span> <\/p>\n<div><span style=\"color: rgb(0, 0, 0);\"><span style=\"font-size: 14px;\"><br \/> <\/span><br \/> <\/span><\/div>\n<div style=\"text-align: justify;\"><span style=\"color: rgb(0, 0, 0);\"><span style=\"font-size: 14px;\"> <\/span><span lang=\"DE\">     <\/span><\/span><span lang=\"DE\"><span style=\"color: rgb(0, 0, 0);\">  <\/span><span style=\"color: rgb(0, 0, 0);\"> <\/span><\/span><\/div>\n<div style=\"text-align: center;\"><span lang=\"DE\"><span style=\"color: rgb(0, 0, 0);\"> <\/p>\n<div style=\"text-align: center;\"><img decoding=\"async\" alt=\"\" src=\"http:\/\/www.zelking.grafikweb.eu\/images\/stories\/kirchenfuehrer\/b40.jpg\" style=\"width: 180px; height: 189px;\" \/><br \/> <span style=\"font-size: 14px;\">Wappen Harrach<br \/> <\/span><\/div>\n<p> <\/span> <\/p>\n<div style=\"text-align: justify;\">\n<div style=\"text-align: center;\"><span style=\"color: rgb(0, 0, 0);\"><br \/> <\/span><\/div>\n<div>&#160;<\/div>\n<p> <span style=\"color: rgb(0, 0, 0);\">  <\/span><span style=\"color: rgb(0, 0, 0);\">  <\/span><span style=\"color: rgb(0, 0, 0);\"> <\/p>\n<div style=\"text-align: center;\"><span style=\"font-size: 10pt;\"><span lang=\"DE\">  <\/span><\/span><\/div>\n<p> <\/span> <\/p>\n<div style=\"text-align: justify;\"><span style=\"color: rgb(0, 0, 0);\"><span style=\"font-size: 14px;\">1825,  6.&#160;Oktober, erstand Karl Leonhard von Harrach (Harrachwappen \u00fcber dem  Hochaltarbild) in \u00f6ffentlicher Versteigerung das Amt Zelking vom Stift  Seitenstetten um 5.010&#160;fl. C.&#160;M., worauf es am 4.&#160;J\u00e4nner 1826 den  Harrach\u2019schen Herrschaften zu Zelking und Matzleinsdorf \u00fcbergeben wurde.<br \/> (Stiftsarchiv Seitenstetten, Akten, Nr. 45)<br \/> (C. M. = Conventionsm\u00fcnze. <\/span><\/span><span lang=\"DE\"><span style=\"color: rgb(0, 0, 0);\"><span style=\"font-size: 14px;\">2 Gulden sind 1 Taler; g\u00fcltig 1754<\/span><\/span><\/span><span lang=\"DE\"><span style=\"font-size: 10pt; color: rgb(0, 0, 0);\"><span lang=\"DE\"><span style=\"color: rgb(0, 0, 0);\"><span style=\"color: rgb(0, 0, 0);\"><span style=\"font-size: 14px;\">\u2013<\/span><\/span><\/span><\/span><\/span><\/span><span lang=\"DE\"><span style=\"color: rgb(0, 0, 0);\"><span style=\"font-size: 14px;\">1858)<br \/> <\/span><\/span><\/span><br \/> <span style=\"color: rgb(0, 0, 0);\"><span style=\"font-size: 14px;\"><br \/> <\/span> <\/span><\/div>\n<div style=\"text-align: justify;\"><span style=\"color: rgb(0, 0, 0);\"> <\/span><\/div>\n<p> <span style=\"color: rgb(0, 0, 0);\">  <span style=\"font-size: 10pt;\"><span lang=\"DE\">  <\/span><\/span><\/span><span style=\"font-size: 10pt; color: rgb(0, 0, 0);\"><span lang=\"DE\"> <\/p>\n<div style=\"text-align: justify;\">\n<div style=\"text-align: center;\"><span style=\"color: rgb(0, 0, 0);\">   <\/span><\/div>\n<div style=\"text-align: center;\"><span style=\"color: rgb(0, 0, 0);\"> <\/span><\/div>\n<div style=\"text-align: center;\"><span style=\"color: rgb(0, 0, 0);\"> <\/span><\/div>\n<div style=\"text-align: center;\"><span style=\"color: rgb(0, 0, 0);\"> <\/span><\/div>\n<div style=\"text-align: center;\"><span style=\"color: rgb(0, 0, 0);\">    <\/span><\/div>\n<div style=\"text-align: center;\"><span style=\"color: rgb(0, 0, 0);\"><img decoding=\"async\" style=\"width: 240px; height: 225px;\" src=\"http:\/\/www.zelking.grafikweb.eu\/images\/stories\/kirchenfuehrer\/b29.jpg\" alt=\"\" \/> <\/span><\/div>\n<p> <span style=\"color: rgb(0, 0, 0);\">    <\/span><span style=\"color: rgb(0, 0, 0);\"> <\/p>\n<div style=\"text-align: justify;\">\n<div style=\"text-align: center;\"><span style=\"color: rgb(0, 0, 0);\"><span style=\"font-size: 14px;\">Blick  von der Empore zum Chorraum mit der Grabplatte von Christoph Wilhelm II.  von Zelking (Vater) <\/span> <\/span><\/div>\n<p> <span style=\"color: rgb(0, 0, 0);\">  <\/span><span style=\"color: rgb(0, 0, 0);\"> <\/p>\n<div style=\"text-align: center;\"><span style=\"color: rgb(0, 0, 0);\"><span style=\"font-size: 14px;\"> und Ludwig Wilhelm von Zelking (Sohn)<\/p>\n<p> <strong>Pfarrkirche Zelking<\/strong><\/p>\n<p> Auf einem kleinen H\u00fcgel,<br \/> steht unser Gotteshaus.<br \/> Es gingen viele Menschen,<br \/> bei ihr schon ein und aus.<\/p>\n<p> Sie suchten Trost beim Herrgott,<br \/> in manch\u2018 stillem Gebet.<br \/> Gingen mit frohem Herzen<br \/> hinaus, Gl\u00fccks \u00fcbers\u00e4ht.<\/p>\n<p> Der Alltag bringt viel Sorgen,<br \/> ein Menschenleben lang<br \/> und geht es wieder besser,<br \/> dann sage Gott auch Dank!<\/p>\n<p> Er wird dich nie verlassen,<br \/> pr\u00fcft er auch manchmal viel.<br \/> Leg\u2018 ihm die Sorg\u2018 zu F\u00fc\u00dfen,<br \/> halte in allem still.<\/p>\n<p> Und stehst vor seinem Throne.<br \/> Das ird\u2019ne Leben aus.<br \/> Ein Engel tr\u00e4gt doch gerne,<br \/> die Seel\u2018 in Gottes Haus!<br \/> 27. Februar 2013<br type=\"_moz\" \/> <\/span><\/span><\/div>\n<p> <\/span><span style=\"color: rgb(0, 0, 0);\">  <\/span> <\/p>\n<div style=\"text-align: center;\"><span style=\"color: rgb(0, 0, 0);\"> <\/span><\/div>\n<div><span style=\"color: rgb(0, 0, 0);\">    <\/span><span style=\"color: rgb(0, 0, 0);\"> <\/span><\/div>\n<p> <span style=\"color: rgb(0, 0, 0);\"> <\/p>\n<div><span style=\"color: rgb(0, 0, 0);\"><\/p>\n<p> <\/span><\/div>\n<p> <\/span> <\/p>\n<div><span style=\"color: rgb(0, 0, 0);\">  <\/span><span style=\"color: rgb(0, 0, 0);\">  <\/span><span style=\"color: rgb(0, 0, 0);\"> <\/span><\/div>\n<p> <span style=\"color: rgb(0, 0, 0);\"> <\/p>\n<div><span style=\"font-size: 10pt;\"><span lang=\"DE\"> <\/span><\/span><\/div>\n<p> <\/span> <\/p>\n<div><span style=\"color: rgb(0, 0, 0);\"> <\/span><\/div>\n<p> <span style=\"color: rgb(0, 0, 0);\">  <\/span> <\/p>\n<div><span style=\"color: rgb(0, 0, 0);\"> <\/span><\/div>\n<p> <span style=\"color: rgb(0, 0, 0);\"> <\/p>\n<div><span lang=\"DE\"><span style=\"font-size: 10pt;\"><span lang=\"DE\"><span style=\"font-size: 10pt;\"><span lang=\"DE\"><span style=\"font-size: 16px;\"> <\/span><\/span><\/span><\/span><\/span><\/span><\/div>\n<p> <\/span> <\/p>\n<div><span style=\"color: rgb(0, 0, 0);\">  <\/span><span style=\"color: rgb(0, 0, 0);\"> <\/span><\/div>\n<div><span style=\"color: rgb(0, 0, 0);\"> <\/span><\/div>\n<div><span style=\"color: rgb(0, 0, 0);\"> <\/span><\/div>\n<p> <span style=\"color: rgb(0, 0, 0);\"> <\/p>\n<div style=\"text-align: center;\"><span lang=\"DE\"><span style=\"font-size: 10pt;\"><span lang=\"DE\"><span style=\"font-size: 10pt;\"><span lang=\"DE\"><span style=\"font-size: 14px;\"><span style=\"font-size: 16px;\"><strong>Chorraum<br \/> <\/strong><\/span><\/span><\/span><\/span><\/span><\/span><\/span><\/div>\n<p> <\/span> <\/p>\n<div>&#160;<\/div>\n<div>&#160;<\/div>\n<div style=\"text-align: center;\"><span style=\"color: rgb(0, 0, 0);\"> <img decoding=\"async\" style=\"width: 240px; height: 355px;\" src=\"http:\/\/www.zelking.grafikweb.eu\/images\/stories\/kirchenfuehrer\/b50.jpg\" alt=\"\" \/><\/span><\/div>\n<p> <span style=\"color: rgb(0, 0, 0);\">      <\/span> <\/p>\n<div style=\"text-align: center;\"><span style=\"color: rgb(0, 0, 0);\"> <\/span><\/div>\n<div style=\"text-align: center;\"><span style=\"color: rgb(0, 0, 0);\"><span style=\"font-size: 14px;\">Hochaltar mit dem Altarblatt vom Wiener Historienmaler Theodor Josef Petter<\/span><\/span><\/div>\n<p> <span style=\"color: rgb(0, 0, 0);\">    <\/span><span style=\"color: rgb(0, 0, 0);\">  <\/span><span style=\"color: rgb(0, 0, 0);\"> <\/p>\n<div style=\"text-align: center;\"><span style=\"font-size: 14px;\">und dem Chorraum mit den 12 figuralen Glasscheiben<\/p>\n<p> <\/span><img decoding=\"async\" alt=\"\" src=\"http:\/\/www.zelking.grafikweb.eu\/images\/stories\/reliquienbehter h.jpg\" style=\"width: 318px; height: 476px;\" \/><span style=\"font-size: 14px;\"><br \/> <span style=\"color: rgb(0, 0, 0);\">Der Reliquienbeh\u00e4lter des Hochaltares<\/span><\/p>\n<p> <\/span><\/div>\n<div style=\"text-align: justify;\"><span style=\"color: rgb(0, 0, 0);\"><span style=\"font-size: 14px;\">Eine Reliquie (lateinisch \u00dcberbleibsel) ist ein Gegenstand religi\u00f6ser Verehrung, besonders ein K\u00f6rperteil oder Teil des pers\u00f6nlichen Besitzes eines Heiligen. Eine Sonderform sind Ber\u00fchrungsreliquien, also Gegenst\u00e4nde wie Kleidungsstoffe, mit denen der Heilige in Ber\u00fchrung kam oder gekommen sein soll (Internet).<br \/> <\/span><\/span><\/div>\n<div><span style=\"font-size: 14px;\"><br \/> <\/span>&#160;<\/div>\n<div style=\"text-align: center;\"><span style=\"font-size: 14px;\"> <\/span><img decoding=\"async\" alt=\"\" src=\"http:\/\/www.zelking.grafikweb.eu\/images\/stories\/pfk. z 004.jpg\" style=\"width: 250px; height: 374px;\" \/><span style=\"font-size: 14px;\"><br \/> Dekoration, Mai 2011 <\/span><\/div>\n<p> <\/span> <\/p>\n<div style=\"text-align: center;\"><span style=\"color: rgb(0, 0, 0);\"> <\/span><\/div>\n<div><span style=\"color: rgb(0, 0, 0);\">    <\/span><span style=\"color: rgb(0, 0, 0);\"> <\/span><\/div>\n<p> <span style=\"color: rgb(0, 0, 0);\"> <\/p>\n<div><span style=\"color: rgb(0, 0, 0);\"> <\/span><\/div>\n<p> <\/span> <\/p>\n<div><span style=\"color: rgb(0, 0, 0);\">  <\/span><span style=\"color: rgb(0, 0, 0);\"> <\/span><\/div>\n<div><span style=\"color: rgb(0, 0, 0);\"> <br \/> <\/span><\/div>\n<div><span style=\"color: rgb(0, 0, 0);\"> <br \/> <\/span><\/div>\n<p> <span style=\"color: rgb(0, 0, 0);\"> <\/span> <\/p>\n<div><span style=\"color: rgb(0, 0, 0);\"> <\/span><\/div>\n<p> <span style=\"color: rgb(0, 0, 0);\"> <\/p>\n<div><span style=\"font-size: 10pt;\"><span lang=\"DE\"><span style=\"font-size: 10pt;\"><span lang=\"DE\"><span style=\"font-size: 10pt;\"><span lang=\"DE\"> <\/span><\/span><\/span><\/span><\/span><\/span><\/div>\n<p> <\/span> <\/p>\n<div><span style=\"color: rgb(0, 0, 0);\"><span style=\"font-size: 14px;\">Bemerkenswerter  neugotischer Hochaltar mit freistehender gemauerter Mensa,   dreieckf\u00f6rmiger Altarstaffel, Tabernakel (mit Dreht\u00fcrchen zum   Aufbewahren der Monstranz und Ziborium), Adorationsengeln; dahinter in   kielbogenf\u00f6rmiger Rahmung mit Knospenranken zentrales sp\u00e4tnazarenisches   \u00d6lgem\u00e4lde \u201eHl. Erhard erscheint den Kranken<span lang=\"DE\"><span lang=\"DE\"><span lang=\"DE\">\u201c<\/span><\/span><\/span>, vom \u201eNazarener<span lang=\"DE\"><span lang=\"DE\"><span lang=\"DE\">\u201c<\/span><\/span><\/span> <strong><span style=\"color: rgb(255, 0, 0);\">(<\/span><\/strong>nach den Wirren der Napoleonischen Kriege und der Wiedererrichtung des Absolutismus auf dem Wiener Kongress 1815, bildete sich in Rom eine deutsche K\u00fcnstlerkolonie, die vielleicht wegen ihrer Haartracht, eher aber wegen ihrer Vorliebe f\u00fcr religi\u00f6se Bildmotive als <\/span><\/span><span style=\"color: rgb(0, 0, 0);\"><span style=\"font-size: 14px;\"><span lang=\"DE\"><span style=\"font-size: 10pt; color: rgb(0, 0, 0);\"><span lang=\"DE\"><span style=\"color: rgb(0, 0, 0);\"><span style=\"color: rgb(0, 0, 0);\"><span style=\"font-size: 14px;\">\u201eNazarener<span lang=\"DE\"><span lang=\"DE\"><span lang=\"DE\">\u201c verspottet bzw. bezeichnet wurden. Ihnen ging es um eine Erneuerrung der Kunst im Geiste des Christentums. Die Vereinigung klassischer Sch\u00f6nheit, deutscher Innigkeit und eines wahren Christentums sollte zu einer neuen Renaissance f\u00fchren. Ein ernster, verinnerlichter Gesichtsausdruck der Figuren, wallende Gew\u00e4nder und passtellige, warme Farbt\u00f6ne sind auffallende Merkmale dieser religi\u00f6s romantischen Kunst. <\/span><\/span><\/span><\/span><\/span><\/span><\/span><\/span><\/span><\/span><\/span><span style=\"color: rgb(0, 0, 0);\"><span style=\"font-size: 14px;\"><span lang=\"DE\"><span style=\"font-size: 10pt; color: rgb(0, 0, 0);\"><span lang=\"DE\"><span style=\"color: rgb(0, 0, 0);\"><span style=\"color: rgb(0, 0, 0);\"><span style=\"font-size: 14px;\"><span lang=\"DE\"><span lang=\"DE\"><span lang=\"DE\"><span lang=\"DE\"><span style=\"font-size: 10pt; color: rgb(0, 0, 0);\"><span lang=\"DE\"><span style=\"color: rgb(0, 0, 0);\"><span style=\"color: rgb(0, 0, 0);\"><span style=\"font-size: 14px;\">\u2013 Entnommen aus: momag [mostviertel magazin<\/span><\/span><\/span><\/span><\/span><\/span><\/span><\/span><\/span><\/span><\/span><\/span><\/span><\/span><\/span><\/span><\/span><span style=\"color: rgb(0, 0, 0);\"><span style=\"font-size: 14px;\"><span lang=\"DE\"><span style=\"font-size: 10pt; color: rgb(0, 0, 0);\"><span lang=\"DE\"><span style=\"color: rgb(0, 0, 0);\"><span style=\"color: rgb(0, 0, 0);\"><span style=\"font-size: 14px;\"><span lang=\"DE\"><span lang=\"DE\"><span lang=\"DE\"><span lang=\"DE\"><span style=\"font-size: 10pt; color: rgb(0, 0, 0);\"><span lang=\"DE\"><span style=\"color: rgb(0, 0, 0);\"><span style=\"color: rgb(0, 0, 0);\"><span style=\"font-size: 14px;\"><span lang=\"DE\"><span style=\"font-size: 10pt; color: rgb(0, 0, 0);\"><span lang=\"DE\"><span style=\"color: rgb(0, 0, 0);\"><span style=\"color: rgb(0, 0, 0);\"><span style=\"font-size: 14px;\"><span lang=\"DE\"><span style=\"font-size: 10pt; color: rgb(0, 0, 0);\"><span lang=\"DE\"><span style=\"color: rgb(0, 0, 0);\"><span style=\"color: rgb(0, 0, 0);\"><span style=\"font-size: 14px;\"><span lang=\"DE\"><span lang=\"DE\"><span lang=\"DE\"><span lang=\"DE\"><span style=\"font-size: 10pt; color: rgb(0, 0, 0);\"><span lang=\"DE\"><span style=\"color: rgb(0, 0, 0);\"><span style=\"color: rgb(0, 0, 0);\"><span style=\"font-size: 14px;\">]<\/span><\/span><\/span><\/span><\/span><\/span><\/span><\/span><\/span><\/span><\/span><\/span><\/span><\/span><\/span><\/span><\/span><\/span><\/span><\/span><\/span> 307, Winter<\/span><\/span><\/span><\/span><\/span><\/span><\/span><\/span><\/span><\/span><\/span><\/span><\/span><\/span><\/span> 2012\/13, Seite 46<strong><span style=\"color: rgb(255, 0, 0);\">)<\/span><\/strong> Theodor Petter \u2013 Wien 1845 (dar\u00fcber Wappen der Harrachs) in zeittypischer \u201emilder<span lang=\"DE\"><span lang=\"DE\"><span lang=\"DE\">\u201c<\/span><\/span><\/span>   Ausdrucksform und seitlich \u2013 unter neugotischen S\u00e4ulenbaldachinen \u2013   vergoldete barocke Statuen zweier (unbekannter!) Bisch\u00f6fe.<\/p>\n<p> <\/span> <\/span> <span style=\"color: rgb(0, 0, 0);\"><span style=\"font-size: 10pt;\"><span lang=\"DE\"><span style=\"font-size: 10pt;\"><span lang=\"DE\"><span style=\"font-size: 10pt;\"><span lang=\"DE\">  <\/span><\/span><\/span><\/span><\/span><\/span><\/span><span style=\"font-size: 10pt; color: rgb(0, 0, 0);\"><span lang=\"DE\"><span style=\"font-size: 10pt; color: rgb(0, 0, 0);\"><span lang=\"DE\"><span style=\"font-size: 10pt; color: rgb(0, 0, 0);\"><span lang=\"DE\"><span style=\"color: rgb(0, 0, 0);\"> <\/span><\/span><\/span><\/span><\/span><\/span><\/span><\/div>\n<p> <span style=\"font-size: 10pt; color: rgb(0, 0, 0);\"><span lang=\"DE\"><span style=\"font-size: 10pt; color: rgb(0, 0, 0);\"><span lang=\"DE\"><span style=\"font-size: 10pt; color: rgb(0, 0, 0);\"><span lang=\"DE\"><span style=\"color: rgb(0, 0, 0);\">  <\/span> <\/p>\n<div><span style=\"color: rgb(0, 0, 0);\">  <\/span><span style=\"color: rgb(0, 0, 0);\"> <\/span><\/div>\n<p> <span style=\"color: rgb(0, 0, 0);\"> <\/span> <\/p>\n<div><span style=\"color: rgb(0, 0, 0);\"> <\/span><\/div>\n<p> <span style=\"color: rgb(0, 0, 0);\"> <\/p>\n<div><span style=\"font-size: 10pt;\"><span lang=\"DE\"> <\/span><\/span><\/div>\n<p> <\/span> <\/p>\n<div><span style=\"color: rgb(0, 0, 0);\"> <\/span><\/div>\n<p> <span style=\"color: rgb(0, 0, 0);\">  <\/span> <\/p>\n<div><span style=\"color: rgb(0, 0, 0);\"> <\/span><\/div>\n<p> <span style=\"color: rgb(0, 0, 0);\"> <\/p>\n<div><span style=\"font-size: 10pt;\"><span lang=\"DE\">  <\/span><\/span><\/div>\n<p> <\/span> <\/p>\n<div style=\"text-align: center;\"><span style=\"font-size: 10pt; color: rgb(0, 0, 0);\"><span lang=\"DE\"> <\/p>\n<div style=\"text-align: justify;\"><span style=\"color: rgb(0, 0, 0);\"> <\/span> <\/p>\n<div><span style=\"color: rgb(0, 0, 0);\"> <\/span><\/div>\n<p> <span style=\"color: rgb(0, 0, 0);\"> <\/p>\n<div style=\"text-align: center;\"><img decoding=\"async\" alt=\"\" src=\"http:\/\/www.zelking.grafikweb.eu\/images\/stories\/pfk 4.jpg\" style=\"width: 173px; height: 260px;\" \/><\/div>\n<div style=\"text-align: center;\"><span style=\"font-size: 14px;\">Der rechte, \u00fcber dem Tabernakel befindliche (kleine) Engel<br \/> <\/span><\/div>\n<div style=\"text-align: justify;\"> &#160;<\/div>\n<p> <\/span> <\/p>\n<div style=\"text-align: center;\"><span style=\"color: rgb(0, 0, 0);\"><img decoding=\"async\" style=\"width: 200px; height: 269px;\" src=\"http:\/\/www.zelking.grafikweb.eu\/images\/stories\/kirchenfuehrer\/k3.jpg\" alt=\"\" \/> <img decoding=\"async\" style=\"width: 178px; height: 270px;\" src=\"http:\/\/www.zelking.grafikweb.eu\/images\/stories\/kirchenfuehrer\/k2.jpg\" alt=\"\" \/><\/span><\/div>\n<div><span style=\"color: rgb(0, 0, 0);\"> <\/span><\/div>\n<div><span style=\"color: rgb(0, 0, 0);\">    <\/span><span style=\"color: rgb(0, 0, 0);\"> <\/span><\/div>\n<div style=\"text-align: center;\"><span style=\"color: rgb(0, 0, 0);\"> <\/span><\/div>\n<div><span style=\"color: rgb(0, 0, 0);\"> <\/span><\/div>\n<p> <span style=\"color: rgb(0, 0, 0);\"> <\/p>\n<div style=\"text-align: center;\"><span style=\"font-size: 14px;\">Die beiden in Gold gefa\u00dften Statuen heiliger Bisch\u00f6fe <\/span><span style=\"font-size: 14px;\">unbekannter Zuordnung links und rechts beim Hochaltarbild<br \/> (Die linke Figur ist aber nicht der hl. Erhard, da sich auf dem aufgeschlagenem Buch kein Augenpaar befindet!)<br \/> <\/span><\/div>\n<p> <\/span> <\/p>\n<div><span style=\"color: rgb(0, 0, 0);\"><span lang=\"DE\"><span style=\"font-size: 10pt;\"><span lang=\"DE\"><span style=\"font-size: 10pt;\"><span lang=\"DE\"><span style=\"font-size: 10pt;\"><span lang=\"DE\"><span style=\"font-size: 10pt;\"><span lang=\"DE\"><span style=\"font-size: 10pt;\"><span lang=\"DE\"><span style=\"font-size: 10pt;\"><span lang=\"DE\"><span style=\"font-size: 14px;\"><\/p>\n<p> Es  sind   sicher nicht der heilige Ambrosius (Attribut: Bienenkorb) und  der   heilige Augustinus (Attribut: flammendes Herz) wie im DEHIO    Nieder\u00f6sterreich Teil 2, M<\/span><span style=\"font-size: 14px;\">\u2013<\/span><span style=\"font-size: 14px;\">Z 2003, Seite 2790, beschrieben wurde!<\/span><br \/> <\/span><\/span><\/span><\/span><\/span><\/span><\/span><\/span><\/span><\/span><\/span><\/span><\/span><span style=\"font-size: 14px;\"><br \/> <\/span> <\/span> <span style=\"color: rgb(0, 0, 0);\">  <span lang=\"DE\"><span style=\"font-size: 10pt;\"><span lang=\"DE\"><span style=\"font-size: 10pt;\"><span lang=\"DE\"><span style=\"font-size: 14px;\">1<\/span><span style=\"font-size: 14px;\">897 wurde der Hochaltar durch Rupert Lorenz aus Emmersdorf um 200 Gulden neu \u201estaffiert<span lang=\"DE\"><span lang=\"DE\"><span lang=\"DE\">\u201c<\/span><\/span><\/span> (H. A. 8\/1976).<\/span><\/span><\/span><\/span><\/span><\/span><br \/> <\/span><\/div>\n<\/p><\/div>\n<p> <\/span><\/span><\/div>\n<p> <\/span><\/span><\/span><\/span><\/span><\/span> <\/p>\n<div><span style=\"color: rgb(0, 0, 0);\"> <span style=\"font-size: 10pt;\"><span lang=\"DE\"><span style=\"font-size: 10pt;\"><span lang=\"DE\"><span style=\"font-size: 10pt;\"><span lang=\"DE\"> <\/span><\/span><\/span><\/span><\/span><\/span><\/span><\/div>\n<p> <span style=\"color: rgb(0, 0, 0);\"><span style=\"font-size: 10pt;\"><span lang=\"DE\"><span style=\"font-size: 10pt;\"><span lang=\"DE\"><span style=\"font-size: 10pt;\"><span lang=\"DE\"> <\/p>\n<div><span style=\"font-size: 10pt;\"><span lang=\"DE\"> <\/span><\/span><\/div>\n<p> <\/span><\/span><\/span><\/span><\/span><\/span> <\/span> <\/p>\n<div><span style=\"color: rgb(0, 0, 0);\"> <span style=\"color: rgb(0, 0, 0);\"><span style=\"font-size: 10pt;\"><span lang=\"DE\"><span style=\"font-size: 10pt;\"><span lang=\"DE\"><span style=\"font-size: 10pt;\"><span lang=\"DE\"> <\/span><\/span><\/span><\/span><\/span><\/span><\/span><span style=\"font-size: 10pt;\"><span lang=\"DE\"><span style=\"font-size: 10pt;\"><span lang=\"DE\"><span style=\"font-size: 10pt;\"><span lang=\"DE\"> <\/span><\/span><\/span><\/span><\/span><\/span><\/span><\/div>\n<div><span style=\"color: rgb(0, 0, 0);\"><span style=\"font-size: 14px;\"><span lang=\"DE\"><span lang=\"DE\"><span lang=\"DE\"><span lang=\"DE\"><span lang=\"DE\"><span lang=\"DE\"><span lang=\"DE\"><span lang=\"DE\"><span lang=\"DE\">(\u201estaffiert<span lang=\"DE\"><span lang=\"DE\"><span lang=\"DE\">\u201c<\/span><\/span><\/span><\/span><\/span><\/span><\/span><\/span><\/span><\/span><\/span><\/span> = ausgestattet)<br \/> <\/span><\/span><span style=\"color: rgb(0, 0, 0);\"><span style=\"font-size: 14px;\"><br \/> <\/span><br \/> <\/span><\/div>\n<p> <span style=\"color: rgb(0, 0, 0);\"> <\/span> <\/p>\n<div style=\"text-align: center;\"><span style=\"color: rgb(0, 0, 0);\"> <\/span><\/div>\n<div style=\"text-align: center;\"><img decoding=\"async\" style=\"width: 200px; height: 133px;\" src=\"http:\/\/www.zelking.grafikweb.eu\/images\/stories\/sed 1.jpg\" alt=\"\" \/> <img decoding=\"async\" style=\"width: 134px; height: 200px;\" src=\"http:\/\/www.zelking.grafikweb.eu\/images\/stories\/sed 2.jpg\" alt=\"\" \/> <img decoding=\"async\" style=\"width: 200px; height: 133px;\" src=\"http:\/\/www.zelking.grafikweb.eu\/images\/stories\/sed 3.jpg\" alt=\"\" \/><\/div>\n<div><span style=\"font-size: 10pt; color: rgb(0, 0, 0);\"><span lang=\"DE\"><span style=\"font-size: 10pt; color: rgb(0, 0, 0);\"><span lang=\"DE\"><span style=\"font-size: 10pt; color: rgb(0, 0, 0);\"><span lang=\"DE\"><span style=\"color: rgb(0, 0, 0);\"> <\/span><\/span><\/span><\/span><\/span><\/span><\/span><\/div>\n<div><span style=\"font-size: 10pt; color: rgb(0, 0, 0);\"><span lang=\"DE\"><span style=\"font-size: 10pt; color: rgb(0, 0, 0);\"><span lang=\"DE\"><span style=\"font-size: 10pt; color: rgb(0, 0, 0);\"><span lang=\"DE\"><span style=\"color: rgb(0, 0, 0);\"> <\/span><\/span><\/span><\/span><\/span><\/span><\/span><\/div>\n<p> <span style=\"font-size: 10pt; color: rgb(0, 0, 0);\"><span lang=\"DE\"><span style=\"font-size: 10pt; color: rgb(0, 0, 0);\"><span lang=\"DE\"><span style=\"font-size: 10pt; color: rgb(0, 0, 0);\"><span lang=\"DE\"><span style=\"color: rgb(0, 0, 0);\"> <\/p>\n<div style=\"text-align: center;\"><span style=\"font-size: 14px;\"> Links und rechts vom Hochaltar befinden sich Sedilien im modernen Stil (Sesseln f\u00fcr die Ministratinnen und Ministranten) <br \/> <\/span><\/div>\n<div style=\"text-align: center;\"><span style=\"font-size: 14px;\"> und vor dem Hochaltar B\u00e4nke<\/span><span style=\"font-size: 10pt;\"><span lang=\"DE\"> <span style=\"font-size: 14px;\">(f\u00fcr den Priester und einigen Me\u00dfdienern)<\/span><br \/> <\/span><\/span><\/div>\n<p> <\/span> <\/p>\n<div>&#160;<\/div>\n<div>&#160;<\/div>\n<div>&#160;<\/div>\n<p> <\/span><\/span><\/span><\/span><\/span><\/span> <\/p>\n<div style=\"text-align: center;\"><span style=\"color: rgb(0, 0, 0);\"> <\/span><\/div>\n<div style=\"text-align: center;\"><span style=\"color: rgb(0, 0, 0);\"> <span style=\"font-size: 10pt;\"><span lang=\"DE\"><span style=\"font-size: 10pt;\"><span lang=\"DE\"><span style=\"font-size: 10pt;\"><span lang=\"DE\"> <\/span><\/span><\/span><\/span><\/span><\/span> <\/span><span style=\"color: rgb(0, 0, 0);\"> <\/span><\/div>\n<div style=\"text-align: justify;\"><span style=\"color: rgb(0, 0, 0);\"> <\/span><\/div>\n<div><span style=\"color: rgb(0, 0, 0);\"> <\/span><\/div>\n<p> <span style=\"color: rgb(0, 0, 0);\"> <\/p>\n<div style=\"text-align: center;\"><span style=\"font-size: 16px;\"><strong>Volksaltar  und Ambo aus Holz<br \/> <\/strong><\/span><\/div>\n<div>&#160;<\/div>\n<div>&#160;<\/div>\n<p> <\/span> <\/p>\n<div><span style=\"color: rgb(0, 0, 0);\"><span style=\"font-size: 10pt;\"><span lang=\"DE\"><span style=\"font-size: 10pt;\"><span lang=\"DE\"><span style=\"font-size: 10pt;\"><span lang=\"DE\">  <\/span><\/span><\/span><\/span><\/span><\/span><\/span><span style=\"font-size: 10pt; color: rgb(0, 0, 0);\"><span lang=\"DE\"><span style=\"font-size: 10pt; color: rgb(0, 0, 0);\"><span lang=\"DE\"><span style=\"font-size: 10pt; color: rgb(0, 0, 0);\"><span lang=\"DE\"> <\/span><\/span><\/span><\/span><\/span><\/span><\/div>\n<div style=\"text-align: center;\"><span style=\"color: rgb(0, 0, 0);\"> <\/span><\/div>\n<div><span style=\"font-size: 10pt; color: rgb(0, 0, 0);\"><span lang=\"DE\"><span style=\"font-size: 10pt; color: rgb(0, 0, 0);\"><span lang=\"DE\"><span style=\"font-size: 10pt; color: rgb(0, 0, 0);\"><span lang=\"DE\"><span style=\"color: rgb(0, 0, 0);\"> <\/span><\/span><\/span><\/span><\/span><\/span><\/span><\/div>\n<p> <span style=\"color: rgb(0, 0, 0);\"><span style=\"font-size: 10pt;\"><span lang=\"DE\"><span style=\"font-size: 10pt;\"><span lang=\"DE\"><span style=\"font-size: 10pt;\"><span lang=\"DE\"> <\/p>\n<div><span style=\"font-size: 14px;\"><span lang=\"DE\"><span lang=\"DE\"><span lang=\"DE\"><span lang=\"DE\">  <\/span><\/span><\/span><\/span><\/span><\/div>\n<p> <\/span><\/span><\/span><\/span><\/span><\/span> <\/span> <\/p>\n<div style=\"text-align: center;\"><span style=\"color: rgb(0, 0, 0);\"> <\/span><\/div>\n<div style=\"text-align: center;\"><span style=\"color: rgb(0, 0, 0);\"><span lang=\"DE\"><img decoding=\"async\" alt=\"\" src=\"http:\/\/www.zelking.grafikweb.eu\/images\/stories\/kirchenfuehrer\/kirche 1.jpg\" style=\"width: 268px; height: 179px;\" \/><\/span><\/span><\/div>\n<p> <span style=\"color: rgb(0, 0, 0);\">  <\/span><span style=\"color: rgb(0, 0, 0);\"> <span style=\"color: rgb(0, 0, 0);\"><span style=\"font-size: 10pt;\"><span lang=\"DE\"><span style=\"font-size: 10pt;\"><span lang=\"DE\"><span style=\"font-size: 10pt;\"><span lang=\"DE\"> <\/span><\/span><\/span><\/span><\/span><\/span><\/span><span style=\"font-size: 10pt;\"><span lang=\"DE\"><span style=\"font-size: 10pt;\"><span lang=\"DE\"><span style=\"font-size: 10pt;\"><span lang=\"DE\">  <\/span><\/span><\/span><\/span><\/span><\/span> <\/span><span style=\"color: rgb(0, 0, 0);\"> <span style=\"font-size: 10pt;\"><span lang=\"DE\"><span style=\"font-size: 10pt;\"><span lang=\"DE\"><span style=\"font-size: 10pt;\"><span lang=\"DE\"> <\/p>\n<div style=\"text-align: center;\"><span style=\"font-size: 14px;\"><span lang=\"DE\"><span lang=\"DE\"><span lang=\"DE\"><span lang=\"DE\"> Der moderne Volksaltar mit Ambo<br \/> <\/span><\/span><\/span><\/span><\/span><\/div>\n<p> <\/span><\/span><\/span><\/span><\/span><\/span> <\/span> <\/p>\n<div><span style=\"color: rgb(0, 0, 0);\"><br \/> <\/span><span style=\"color: rgb(0, 0, 0);\"><span style=\"font-size: 14px;\"><br \/> Hochgotischer,   nach Osten ausgerichteter Chor, mit 5\/8-Schluss, 3. Viertel 14.   Jahrhundert mit zweiteiligen Ma\u00dfwerkfenstern zwischen einfach   abgestuften Strebepfeilern mit Pultd\u00e4chern. <\/span><br \/> <\/span><span style=\"color: rgb(0, 0, 0);\"><span style=\"font-size: 10pt;\"><span lang=\"DE\"><span style=\"font-size: 14px;\">Einspringender zweijochiger,   auf zarten Hornkonsolen kreuzrippengew\u00f6lbter Chorraum.  <\/span><\/span><\/span> <\/span> <span style=\"color: rgb(0, 0, 0);\"><br \/> <\/span> <span style=\"color: rgb(0, 0, 0);\"> <\/span> <span style=\"color: rgb(0, 0, 0);\">    <\/span><span style=\"color: rgb(0, 0, 0);\"> <\/span><\/div>\n<p> <span style=\"color: rgb(0, 0, 0);\"> <\/p>\n<div><span style=\"color: rgb(0, 0, 0);\"> <\/span><\/div>\n<p> <\/span> <\/p>\n<div><span style=\"color: rgb(0, 0, 0);\">  <\/span><span style=\"color: rgb(0, 0, 0);\"> <\/span><\/div>\n<div><span style=\"color: rgb(0, 0, 0);\"> <br \/> <\/span><\/div>\n<div><span style=\"color: rgb(0, 0, 0);\"> <br \/> <\/span><\/div>\n<p> <span style=\"color: rgb(0, 0, 0);\"> <\/span> <\/p>\n<div><span style=\"color: rgb(0, 0, 0);\"> <\/span><\/div>\n<p> <span style=\"color: rgb(0, 0, 0);\"> <\/p>\n<div style=\"text-align: center;\"><img decoding=\"async\" alt=\"\" src=\"http:\/\/www.zelking.grafikweb.eu\/images\/stories\/gewlbe 3.jpg\" style=\"width: 340px; height: 227px;\" \/> <img decoding=\"async\" style=\"width: 149px; height: 227px;\" src=\"http:\/\/www.zelking.grafikweb.eu\/images\/stories\/gemeinde\/gewlbe 4.jpg\" alt=\"\" \/><span style=\"font-size: 10pt;\"><span lang=\"DE\"><span style=\"font-size: 14px;\"><br \/> <\/span><\/span><\/span><span style=\"font-size: 10pt;\"><span lang=\"DE\"><span style=\"font-size: 14px;\">Kreuzrippengew\u00f6lbe im Chorrraum (rechts Hornkonsole)<\/span><span style=\"font-size: 14px;\"><br \/> <\/span><\/span><\/span><\/div>\n<p> <\/span> <\/p>\n<div><span style=\"color: rgb(0, 0, 0);\"><br \/> <\/span><span style=\"color: rgb(0, 0, 0);\"><span style=\"font-size: 10pt;\"><span lang=\"DE\"><span style=\"font-size: 14px;\"> <br \/> <\/span><\/span><\/span><span style=\"font-size: 10pt;\"><span lang=\"DE\"><span style=\"font-size: 14px;\"> <\/span><\/span><\/span><span style=\"font-size: 14px;\">An   der S\u00fcdwand befindet sich ein gro\u00dfes Wandgrab 3,40 x 2,55 x 0,70&#160;cm   (H\u00f6he\/Breite\/Tiefe) mit einem aus rotem Marmor und schwarzen   Kugelsteinen (Porphyr) bestehenden Aufbau; mit Wappen aus wei\u00dflichem   Kalkstein. Unten Bank mit betonten Ecken, von vorspringenden   profilierten Platten eingefasst; an der Vorderseite der Ecksockel ovale   Wappen. Auf der Bank von zwei auf Kugeln stehenden Pyramiden  flankierte,  schwarz gestrichene Inschrifttafel, von glatten, roten  Rahmen  eingefasst, mit ausladender Deckplatte abgedeckt. Darauf runder  Aufsatz  mit Zwickeln, der von einer kleinen Spitzpyramide \u00fcber  geschwungener  Sockelplatte bekr\u00f6nt ist. An dem Aufsatz gro\u00dfes  Mittelwappen in einem  Kranz von 16 kleinen Allianzwappen befestigt. <br \/> Die  (vertieften und  vergoldeten) Inschriften auf Magdalena Frau von Zelckhing  geb. Gr\u00e4fin von  Hardegg-Glatz, verstorben am 29.&#160;Oktober 1626 lautend.<\/p>\n<p> <\/span><\/span><\/div>\n<div style=\"text-align: center;\"><img decoding=\"async\" src=\"http:\/\/www.zelking.grafikweb.eu\/images\/stories\/grabplatte magdalena von zelking.jpg\" alt=\"\" \/><br \/> <span style=\"color: rgb(0, 0, 0);\"><span style=\"font-size: 14px;\">Inschrifttafel der Magdalena von Zelking (Schrift in Gold auf schwarzem Untergrund)<\/span><\/span><br \/> &#160;<\/div>\n<div style=\"text-align: justify;\"> <span style=\"color: rgb(0, 0, 0);\"><span style=\"font-size: 14px;\">(Die Inschrift der obigen Inschrifttafel<\/span><\/span>)<br \/> <span style=\"color: rgb(0, 0, 0);\">ALLHIER REVHET TVGENT VND EHR DIE HOCH:VND WOHLGEBORNE FRAV FRAV MAGDALENA VON ZELCKHING GEBORNE GR\u00c4FIN ZU HARDEEG GLOCZ VND IM MACHLAND DES HOCHVNDWOLGEBORNEN HERRN HERRN CHRISTOPH WILHELM HERRN VON ZELCKHING H\u00d6CHSTGELIEBTE GEMAHL DIE GESTORBEN IST DEN OCTOBRIS VMB II VHR IN DER NACHT DES 1626 IAHR IHRES ALTERS IM 51. IAHR DER GOTT GENAD.<\/p>\n<p> <span style=\"font-size: 14px;\">Die \u201c\u00dcbersetzung\u201c in die heutige Rechtsschreibung:<br \/> Hier ruht Tugend und Ehr, die Hoch- und Wohlgeborene Frau, Frau Magdalena von Zelking, Geborene Gr\u00e4fin zu Hardegg, Glatz und im Machland, des Hoch- und Wohlgeborenen Herrn, Herrn Christoph Wilhelm (II.), Herrn von Zelking H\u00f6chstgeliebte Gemahlin, die gestorben ist den 29. Oktober um 2 Uhr in der Nacht, des Jahres 1626, ihres Alters im 51. Jahr, das ihr Gott genadet (hat).<\/span><\/span><\/div>\n<div><span style=\"color: rgb(0, 0, 0);\"> <br \/> <span style=\"font-size: 14px;\"><br \/> Rote    Marmorplatte mit Wappenrelief in vertieftem Felde (105&#160;x&#160;227&#160;cm).    Inschrift auf Christoph Wilhelm&#160;II. Herr von Zelckhing,&#160;&#160;gest. in Wien,   den 27.&#160;April 1631 und seinem Sohn Ludwig Wilhelm, gestorben den   10.&#160;April 1634 bezogen.<\/p>\n<p> <\/span><\/span><\/div>\n<div style=\"text-align: center;\"><span style=\"color: rgb(0, 0, 0);\"> <\/span><\/div>\n<div style=\"text-align: center;\"><span style=\"color: rgb(0, 0, 0);\"><img decoding=\"async\" style=\"width: 238px; height: 356px;\" src=\"http:\/\/www.zelking.grafikweb.eu\/images\/stories\/kirchenfuehrer\/b6.jpg\" alt=\"\" \/><\/span><\/div>\n<div><span style=\"color: rgb(0, 0, 0);\">      <\/span><span style=\"color: rgb(0, 0, 0);\">  <\/span><span style=\"color: rgb(0, 0, 0);\"> <\/span><\/div>\n<p> <span style=\"color: rgb(0, 0, 0);\"> <\/p>\n<div style=\"text-align: center;\"><span style=\"font-size: 14px;\"><span lang=\"DE\"><span style=\"font-family: Arial;\">\u201e<\/span>Verherrlichung des hl. Johannes von Nepomuk<span lang=\"DE\"><span lang=\"DE\"><span lang=\"DE\">\u201c<br \/> <\/span><\/span><\/span><\/span><\/span><\/div>\n<p> <\/span> <\/p>\n<div style=\"text-align: center;\"><span style=\"color: rgb(0, 0, 0);\"><span style=\"font-size: 14px;\"><br \/> <\/span><\/span><span style=\"color: rgb(0, 0, 0);\"><span style=\"color: rgb(0, 0, 0);\"><span style=\"font-size: 14px;\"><br \/> <\/span><\/span><\/span><\/div>\n<div style=\"text-align: justify;\"><span style=\"color: rgb(0, 0, 0);\"><span style=\"font-size: 14px;\">An der linken Chorwand Bild in pr\u00e4chtigem Rokokorahmen <span style=\"font-family: Arial;\">\u201e<\/span>Verherrlichung des hl. Johannes von Nepomuk<span lang=\"DE\"><span lang=\"DE\"><span lang=\"DE\">\u201c<\/span><\/span><\/span><span lang=\"DE\">,<\/span> welches das ehemalige Altarblatt der Schlosskapelle in Matzleinsdorf war, aus dem 3. Viertel 18.&#160;Jahrhundert.<\/span> <\/span><span style=\"color: rgb(0, 0, 0);\"><span style=\"color: rgb(0, 0, 0);\"><span style=\"font-size: 14px;\">Der  Legende nach, kam Nepomuk als Priester im Streit mit K\u00f6nig Wenzel,  der  von Nepomuk wissen wollte, was seine Frau gebeichtet hatte, aber   Nepomuk wahrte das Beichtgeheimnis. Deshalb wurde er gefangen genommen,   gefoltert und 1393 von der Karlsbr\u00fccke gest\u00fcrzt, wo er im Moldaufluss   ertrank. Der im Wasser treibende Leib soll von f\u00fcnf Flammen ums\u00e4umt   gewesen sein, deshalb findert man seinen Kopf manches Mal mit f\u00fcnf   Sternen umkr\u00e4nzt dargestellt.<br \/> <\/span><\/span><\/span><\/div>\n<div style=\"text-align: center;\"><span style=\"font-size: 14px;\"><br \/> <\/span><\/div>\n<div style=\"text-align: justify;\"><span style=\"color: rgb(0, 0, 0);\"><span style=\"font-size: 14px;\">Johannes Nepomuk ist Patron der Fl\u00f6\u00dfer, M\u00fcller, Schiffer und Br\u00fccken, der Beichtv\u00e4ter und aller Priester.<\/span><\/span><\/div>\n<div style=\"text-align: center;\"><span style=\"font-size: 14px;\"><br \/> <\/span><span style=\"color: rgb(0, 0, 0);\"><br \/> <\/span><span style=\"color: rgb(0, 0, 0);\"> <\/span><span style=\"color: rgb(0, 0, 0);\"><img decoding=\"async\" style=\"width: 186px; height: 277px;\" alt=\"\" src=\"http:\/\/www.zelking.grafikweb.eu\/images\/stories\/kirchenfuehrer\/b98.jpg\" \/><\/span><\/div>\n<div style=\"text-align: justify;\"><span style=\"color: rgb(0, 0, 0);\"> <\/span> <\/p>\n<div style=\"text-align: center;\"><span style=\"color: rgb(0, 0, 0);\"> <\/span><\/div>\n<p> <span style=\"color: rgb(0, 0, 0);\"> <\/p>\n<div style=\"text-align: center;\"><span style=\"font-size: 14px;\">Sakristeit\u00fcre (Chorraumansicht): Reliefabbildung Kelch mit Hostie und Strahlenkranz im stehenden ovalen Feld&#160;<\/span><\/div>\n<p> <\/span> <\/p>\n<div style=\"text-align: center;\"><span style=\"color: rgb(0, 0, 0);\"> <\/span><\/div>\n<div style=\"text-align: center;\"><span style=\"color: rgb(0, 0, 0);\"> <\/span><\/div>\n<p> <span style=\"color: rgb(0, 0, 0);\">    <\/span><span style=\"color: rgb(0, 0, 0);\">  <\/span><span style=\"color: rgb(0, 0, 0);\"> <\/p>\n<div style=\"text-align: center;\"><span style=\"font-size: 14px;\">  (vermutlich aus Ende 18. Jahrhundert stammend)<br \/> <\/span><\/div>\n<p> <\/span><\/div>\n<div><span style=\"color: rgb(0, 0, 0);\"><br \/> <span style=\"font-size: 14px;\"><br \/> <\/span><br \/> <\/span><\/div>\n<\/p><\/div>\n<p> <\/span><span style=\"color: rgb(0, 0, 0);\">    <\/span> <span style=\"color: rgb(0, 0, 0);\"> <\/span><\/div>\n<p> <\/span><\/span> <\/p>\n<div style=\"text-align: justify;\">\n<div style=\"text-align: justify;\"><span style=\"color: rgb(0, 0, 0);\"><span lang=\"DE\">   <\/span><\/span><span style=\"color: rgb(0, 0, 0);\"><span lang=\"DE\">  <\/span><\/span><\/div>\n<div><span style=\"color: rgb(0, 0, 0);\"> <\/span><\/div>\n<p> <span style=\"color: rgb(0, 0, 0);\"> <\/p>\n<div><span lang=\"DE\"> <\/span><\/div>\n<div style=\"text-align: justify;\"><span lang=\"DE\"> <\/p>\n<div style=\"text-align: center;\"><span style=\"font-size: 18px;\"><strong>Hauptschiff\/Langhaus<\/strong>  <\/span><span style=\"font-size: 14px;\"><br \/> <\/span><\/div>\n<p> <\/span><\/div>\n<p> <\/span> <\/p>\n<div><span style=\"color: rgb(0, 0, 0);\"> <\/span><\/div>\n<p> <span style=\"color: rgb(0, 0, 0);\"> <\/p>\n<div><span style=\"color: rgb(0, 0, 0);\"><span lang=\"DE\"> <\/span><\/span><\/div>\n<p> <\/span> <\/p>\n<div style=\"text-align: justify;\"><span style=\"color: rgb(0, 0, 0);\"><br \/> <\/span><\/div>\n<div style=\"text-align: center;\"><span style=\"color: rgb(0, 0, 0);\"><span style=\"font-size: 10pt;\"><span lang=\"DE\">   <\/span><\/span><\/span><span style=\"font-size: 10pt; color: rgb(0, 0, 0);\"><span lang=\"DE\"> <\/p>\n<div style=\"text-align: center;\"><span style=\"color: rgb(0, 0, 0);\"><br \/> <img decoding=\"async\" style=\"width: 240px; height: 362px;\" src=\"http:\/\/www.zelking.grafikweb.eu\/images\/stories\/kirchenfuehrer\/b3.jpg\" alt=\"\" \/><\/span><\/div>\n<div style=\"text-align: justify;\"><span style=\"color: rgb(0, 0, 0);\"> <\/span><\/div>\n<p> <\/span><\/span><\/div>\n<div style=\"text-align: center;\"><span style=\"color: rgb(0, 0, 0);\"> <\/span><\/div>\n<div style=\"text-align: center;\"><span style=\"color: rgb(0, 0, 0);\">  <\/span><\/div>\n<p> <span style=\"color: rgb(0, 0, 0);\">  <\/span><span style=\"color: rgb(0, 0, 0);\">  <\/span><span style=\"color: rgb(0, 0, 0);\"> <\/p>\n<div style=\"text-align: center;\"><span style=\"font-size: 10pt;\"><span lang=\"DE\"> <\/span><\/span><\/div>\n<p> <\/span> <\/p>\n<div style=\"text-align: justify;\"><span style=\"color: rgb(0, 0, 0);\"> <\/span><\/div>\n<div style=\"text-align: center;\"><span style=\"color: rgb(0, 0, 0);\"><span style=\"font-size: 10pt;\"><span lang=\"DE\">     <\/span><\/span><\/span><span style=\"font-size: 10pt; color: rgb(0, 0, 0);\"><span lang=\"DE\"><span style=\"color: rgb(0, 0, 0);\"> <\/p>\n<div style=\"text-align: center;\"><span style=\"color: rgb(0, 0, 0);\"><span style=\"font-size: 14px;\">Blick in das Langhaus und zur Empore <br \/> <\/span><\/span><\/div>\n<p> <\/span><span style=\"color: rgb(0, 0, 0);\">  <\/span> <\/p>\n<div style=\"text-align: justify;\"><span style=\"color: rgb(0, 0, 0);\"> <\/span><\/div>\n<p> <\/span><\/span><\/div>\n<div><span style=\"color: rgb(0, 0, 0);\"> <\/span><\/div>\n<p> <span style=\"color: rgb(0, 0, 0);\"> <\/p>\n<div><span style=\"font-size: 10pt;\"><span lang=\"DE\"> <\/span><\/span><\/div>\n<p> <\/span> <\/p>\n<div><span style=\"color: rgb(0, 0, 0);\"> <\/span><\/div>\n<p> <span style=\"color: rgb(0, 0, 0);\"> <\/p>\n<div><span style=\"color: rgb(0, 0, 0);\"><span style=\"font-size: 10pt;\"><span lang=\"DE\"> <\/span><\/span><\/span><span style=\"font-size: 10pt;\"><span lang=\"DE\"> <\/span><\/span><\/div>\n<div style=\"text-align: center;\"><span style=\"font-size: 10pt;\"><span lang=\"DE\"> <\/p>\n<div><span style=\"color: rgb(0, 0, 0);\"><span style=\"font-size: 14px;\"><\/p>\n<p> Im Hintergrund (Mittelgang) Grabplatte von Urban Herrstorffer 1597,   rechts vorne von Christoph Wilhelm II. von Zelking (\u2020 1631) und Ludwig   Wilhelm von Zelking (\u2020 1634, als Letzter seines Geschlechts).<\/span><\/span><\/div>\n<p> <\/span><\/span><\/div>\n<p> <\/span> <\/p>\n<div><span style=\"color: rgb(0, 0, 0);\"> <\/span><\/div>\n<p> <span style=\"color: rgb(0, 0, 0);\"> <\/p>\n<div><span style=\"font-size: 10pt;\"><span lang=\"DE\"> <\/span><\/span><\/div>\n<p> <\/span> <\/p>\n<div><span style=\"color: rgb(0, 0, 0);\"> <br \/> <\/span><\/div>\n<div><span style=\"color: rgb(0, 0, 0);\"> <\/span><span style=\"color: rgb(0, 0, 0);\">  <\/span><span style=\"color: rgb(0, 0, 0);\"> <br \/> <\/span><\/div>\n<p> <span style=\"color: rgb(0, 0, 0);\"> <\/span><span style=\"color: rgb(0, 0, 0);\"> <\/p>\n<div style=\"text-align: center;\"><span style=\"font-size: 10pt;\"><span lang=\"DE\"> <\/span><\/span><\/div>\n<p> <\/span> <\/p>\n<div style=\"text-align: center;\"><span style=\"color: rgb(0, 0, 0);\"><span style=\"font-size: 10pt;\"><span lang=\"DE\">     <\/span><\/span><\/span><span style=\"font-size: 10pt; color: rgb(0, 0, 0);\"><span lang=\"DE\"><span style=\"color: rgb(0, 0, 0);\"> <\/p>\n<div style=\"text-align: center;\"><span style=\"color: rgb(0, 0, 0);\"><img decoding=\"async\" style=\"width: 240px; height: 362px;\" src=\"http:\/\/www.zelking.grafikweb.eu\/images\/stories\/kirchenfuehrer\/b30.jpg\" alt=\"\" \/><br \/> <\/span><\/div>\n<p> <\/span><span style=\"color: rgb(0, 0, 0);\">      <\/span><span style=\"color: rgb(0, 0, 0);\"> <\/p>\n<div style=\"text-align: center;\"><span style=\"color: rgb(0, 0, 0);\"><span style=\"font-size: 14px;\">Orgel aus 1846, Prospekt aus 1915<br \/> <\/span><\/span><\/div>\n<p> <\/span><span style=\"color: rgb(0, 0, 0);\">  <\/span> <span style=\"color: rgb(0, 0, 0);\"> <\/p>\n<div style=\"text-align: justify;\"><span style=\"font-size: 14px;\"><br \/> <\/span><\/div>\n<p> <\/span>  <\/span><\/span><\/div>\n<div><span style=\"color: rgb(0, 0, 0);\"> <\/span><\/div>\n<p> <span style=\"color: rgb(0, 0, 0);\"> <\/p>\n<div><span style=\"font-size: 10pt;\"><span lang=\"DE\"> <\/span><\/span><\/div>\n<p> <\/span> <\/p>\n<div><span style=\"color: rgb(0, 0, 0);\"> <br \/> <\/span><\/div>\n<p> <span style=\"color: rgb(0, 0, 0);\"> <\/span><span style=\"color: rgb(0, 0, 0);\"> <\/p>\n<div style=\"text-align: center;\"><span style=\"font-size: 10pt;\"><span lang=\"DE\">     <\/span><\/span><\/div>\n<p> <\/span><span style=\"color: rgb(0, 0, 0);\">  <\/span><span style=\"color: rgb(0, 0, 0);\"> <\/p>\n<div style=\"text-align: center;\"><span style=\"font-size: 10pt;\"><span lang=\"DE\"> <\/p>\n<div style=\"text-align: justify;\"><span style=\"font-size: 14px;\">Im   Westen Balkonempore mit schlichter Holzbr\u00fcstung vom Ende 19.   Jahrhundert und einer einmanualigen Orgel mit 8 Registern von Leopold   Breinbauer aus Ottensheim bei Linz (dieser ersetzte die Orgel von Josef   Gatto), seit 1915 mit einem neubarocken Prospekt versehen.<\/p>\n<p> <\/span>&#160;<\/div>\n<p> <\/span><\/span><\/div>\n<p> <\/span><span style=\"color: rgb(0, 0, 0);\">    <\/span><span style=\"color: rgb(0, 0, 0);\">  <\/span><span style=\"color: rgb(0, 0, 0);\"> <\/p>\n<div style=\"text-align: center;\"><span style=\"font-size: 14px;\"> <\/span><img decoding=\"async\" style=\"width: 300px; height: 200px;\" src=\"http:\/\/www.zelking.grafikweb.eu\/images\/stories\/gemeinde\/gewlbe 2.jpg\" alt=\"\" \/> <img decoding=\"async\" style=\"width: 131px; height: 199px;\" src=\"http:\/\/www.zelking.grafikweb.eu\/images\/stories\/gemeinde\/gewlbe 1.jpg\" alt=\"\" \/><span style=\"font-size: 14px;\"><br \/> <\/span><\/div>\n<p> <\/span><span style=\"color: rgb(0, 0, 0);\">  <\/span><span style=\"color: rgb(0, 0, 0);\"> <\/p>\n<div style=\"text-align: center;\"><span style=\"font-size: 14px;\">Gew\u00f6lbe aus dem Langhaus, bzw. Konsole<\/span><\/div>\n<p> <\/span> <\/p>\n<div style=\"text-align: justify;\"><span style=\"color: rgb(0, 0, 0);\"><br \/> <\/span><\/div>\n<div><span style=\"color: rgb(0, 0, 0);\"><span style=\"font-size: 14px;\"><br \/> Hauptschiffgew\u00f6lbe um 1580 mit  angeputzten, profilierten Kreuz-, Gurt- und Scheitelrippen auf Konsolen  und drei gro\u00dfe Scheitelringe.<\/span><span style=\"font-size: 10pt;\"><span lang=\"DE\"><br \/> <\/span><\/span> <\/span><\/div>\n<div style=\"text-align: justify;\"><span style=\"color: rgb(0, 0, 0);\"> <\/span><\/div>\n<div><span style=\"color: rgb(0, 0, 0);\">    <\/span><span style=\"color: rgb(0, 0, 0);\"> <\/span><\/div>\n<div><span style=\"color: rgb(0, 0, 0);\"> <\/span><\/div>\n<p> <span style=\"color: rgb(0, 0, 0);\"> <\/p>\n<div><span lang=\"DE\"><span style=\"font-size: 10pt;\"><span lang=\"DE\"><span style=\"font-size: 14px;\">Zweischiffiges, im Kern (Hauptschiff) romanisches Langhaus mit gotischem bzw. Sp\u00e4trenaissancegew\u00f6lbe und Chor.<br \/> <\/span><\/span><\/span><\/span><\/div>\n<div><span style=\"color: rgb(0, 0, 0);\">  <\/span><\/div>\n<div>&#160;<\/div>\n<div>&#160;<\/div>\n<p> <\/span> <\/p>\n<div><span style=\"color: rgb(0, 0, 0);\"> <\/span><\/div>\n<p> <span style=\"color: rgb(0, 0, 0);\"> <\/p>\n<div style=\"text-align: center;\"><img decoding=\"async\" alt=\"\" src=\"http:\/\/www.zelking.grafikweb.eu\/images\/stories\/kirchenfuehrer\/b25.jpg\" style=\"width: 210px; height: 315px;\" \/> <span lang=\"DE\"><span style=\"font-size: 10pt;\"><span lang=\"DE\"><span style=\"font-size: 10pt;\"><span lang=\"DE\"><span style=\"font-size: 10pt;\"><span lang=\"DE\"><span style=\"font-size: 10pt;\"><span lang=\"DE\"><span style=\"font-size: 10pt;\"><span lang=\"DE\"><span style=\"font-size: 10pt;\"><span lang=\"DE\"><span style=\"font-size: 10pt;\"><span lang=\"DE\"><img decoding=\"async\" src=\"http:\/\/www.zelking.grafikweb.eu\/images\/stories\/kirchenfuehrer\/b32.jpg\" alt=\"\" style=\"width: 208px; height: 316px;\" \/><\/span><\/span><\/span><\/span><\/span><\/span><\/span><\/span><\/span><\/span><\/span><\/span><\/span><\/span><\/span><span style=\"font-size: 10pt;\"><span lang=\"DE\"><span style=\"font-size: 14px;\"><br \/> <\/span><\/span><\/span><\/div>\n<p> <\/span> <\/p>\n<div><span style=\"color: rgb(0, 0, 0);\">  <\/span><span style=\"color: rgb(0, 0, 0);\"> <\/span><\/div>\n<div><span style=\"color: rgb(0, 0, 0);\"> <\/span><span style=\"color: rgb(0, 0, 0);\"> <\/span><\/div>\n<p> <span style=\"color: rgb(0, 0, 0);\"> <\/p>\n<div style=\"text-align: center;\"><span style=\"font-size: 10pt;\"><span lang=\"DE\"><span style=\"font-size: 14px;\">Beide Glasfenst<\/span><\/span><\/span><span style=\"font-size: 10pt;\"><span lang=\"DE\"><span style=\"font-size: 14px;\">er <\/span><\/span><\/span><span style=\"font-size: 10pt;\"><span lang=\"DE\"><span style=\"font-size: 14px;\">befinden sich im Langhaus,<\/span><\/span><\/span><span style=\"font-size: 10pt;\"><span lang=\"DE\"><span style=\"font-size: 14px;\"> an der <\/span><\/span><\/span><span style=\"font-size: 10pt;\"><span lang=\"DE\"><span style=\"font-size: 14px;\">s\u00fcdseitigigen Mauer<br \/> <\/span><\/span><\/span><\/div>\n<p> <\/span> <\/p>\n<div style=\"text-align: center;\">&#160;<\/div>\n<div style=\"text-align: justify;\"><span style=\"color: rgb(0, 0, 0);\"><span style=\"font-size: 14px;\"><\/p>\n<p> (*) In  der S\u00fcdmauer (Hauptschiff) zwei  Fenster (welche um 521 Gulden  angeschafft wurden, die Pfarrgemeinde  spendete hierf\u00fcr 100 Gulden) \u2013 (*  H. A. 8\/1976 \u2013 siehe Sachw\u00f6rter);  links \u201eHl. Familie\u201c, im Fu\u00dfschemmel  OOG (ineinander geschlungen, mittig  ein Kreuz), unten: Gewidmet A. D.  1897, rechts \u201eLourdesmadonna\u201c  (Jungfrau Maria mit Bernadette  darstellend) Ende 19. Jahrhundert.<br \/> <\/span><\/span><\/div>\n<p> <span style=\"color: rgb(0, 0, 0);\">  <\/span><span style=\"color: rgb(0, 0, 0);\"> <\/p>\n<div style=\"text-align: justify;\">\n<div><span style=\"color: rgb(0, 0, 0);\"><br \/> <\/span><\/div>\n<div><span style=\"color: rgb(0, 0, 0);\"> <br \/> <\/span><\/div>\n<p> <span style=\"color: rgb(0, 0, 0);\"> <\/span><span style=\"color: rgb(0, 0, 0);\"> <\/p>\n<div style=\"text-align: center;\"><img decoding=\"async\" alt=\"\" src=\"http:\/\/www.zelking.grafikweb.eu\/images\/stories\/kirchenfuehrer\/b96.jpg\" style=\"width: 150px; height: 225px;\" \/><br \/> <span style=\"font-size: 14px;\"> <\/span><\/div>\n<p> <\/span> <\/p>\n<div style=\"text-align: center;\"><span style=\"color: rgb(0, 0, 0);\"><span style=\"font-size: 14px;\">Innenansicht Glasfenster im Emporebereich<br \/> <\/span><\/span><\/div>\n<div><span style=\"color: rgb(0, 0, 0);\"> <\/span><\/div>\n<p> <span style=\"color: rgb(0, 0, 0);\"> <\/p>\n<div><span style=\"font-size: 14px;\">(es ist das linke Fenster in der S\u00fcdmauer <\/span><span style=\"font-size: 10pt;\"><span lang=\"IT\"><span style=\"font-size: 14px;\">\u2013<\/span><\/span><\/span><span style=\"font-size: 14px;\"> von au\u00dfen gesehen)<\/span><\/div>\n<p> <\/span> <\/p>\n<div><span style=\"color: rgb(0, 0, 0);\"> <br \/> <\/span><\/div>\n<div><span style=\"color: rgb(0, 0, 0);\"> <br \/> <\/span><\/div>\n<p> <span style=\"color: rgb(0, 0, 0);\"> <\/span><\/div>\n<p> <\/span><span style=\"color: rgb(0, 0, 0);\">  <\/span><span style=\"color: rgb(0, 0, 0);\"> <\/p>\n<div style=\"text-align: justify;\"><span style=\"color: rgb(0, 0, 0);\"><span style=\"font-size: 14px;\"> <\/span><\/span><\/div>\n<p> <\/span><span style=\"color: rgb(0, 0, 0);\">      <\/span><span style=\"color: rgb(0, 0, 0);\"> <\/p>\n<div style=\"text-align: justify;\"><span style=\"font-size: 14px;\">Marmorplatte mit vertieftem Wappenrelief im Gang vom Hauptschiff (106 x   170 cm). Die Umschrift bezieht sich auf Urban Herrstorffer, gestorben   1597. Herrstorffer wurde deshalb in der Pfk. Zelking beigesetzt, weil   Matzleinsdorf damals bereits katholisch, Zelking aber noch   protestantisch war.<\/span><\/div>\n<p> <\/span><span style=\"color: rgb(0, 0, 0);\"> <\/p>\n<div style=\"text-align: justify;\"><span style=\"font-size: 14px;\"><br \/> Nach dem Tode des Urban Herrstorffer scheint der Edle und Gestrenge Herr   Jorig von Wopping den Edelhof besessen zu haben; er starb den 26.   Februar 1606 im Edelhof in Matzleinsdorf und wurde in der Kirche in   Zelking begraben.<br \/> Der Vorzug, welchen beide dieser Kirche vor der ihres Wohnortes gaben,   ist sehr wahrscheinlich daraus zu erkl\u00e4ren, weil in Zelking noch   protestantischer Gottesdienst gehalten wurde, w\u00e4hrend die Kirche in   Matzleinsdorf eine Filiale der katholischen Pfarrkirche zu Melk war.<br \/> <\/span><\/div>\n<p> <\/span> <\/p>\n<div style=\"text-align: justify;\"><span style=\"color: rgb(0, 0, 0);\"> <\/span><\/div>\n<p> <span style=\"color: rgb(0, 0, 0);\"> <\/p>\n<div><span style=\"font-size: 14px;\">(**) Der Edelsitz zu Matzleinsdorf war indessen wahrscheinlich   kaufsweise an \u201eUrban Herrstorffer zu Matzelstorf\u201c \u00fcbergegangen, mit   welchem Titel dieser schon 1585 genannt wird, und zwar als Gl\u00e4ubiger des   Stiftes Melk mit einer Forderung von 4.000 Gulden zu acht von Hundert,   noch aus der Zeit des Kaisers Ferdinand I. (gest. 1564) herr\u00fchrend.<br \/> <\/span><\/div>\n<p> <\/span> <\/p>\n<div><span style=\"color: rgb(0, 0, 0);\"><span style=\"font-size: 14px;\"> Die Familie Herstorfer (dieser Name wurde vorerst so geschrieben!) hat   ihren Namen nicht von H\u00f6rsdorf bei Mank, sondern von H\u00f6rsdorf in der   Pfarre Zeillern (V.O.W.W.). Abt Rudolph zu Seitenstetten kaufte 1330 von   Herrn von Herstorf einige G\u00fcter (Wendenthal\u2019s Gesch. d. \u00f6sterr.   Klerisei, VIII. Bd., S. 258). Leonhard Herstorfer wird 1365, Niklas von   Herstorf 1378 in Urkunden als Zeuge gelesen (Kaltenegger Collect.  chart.  T. I. p. 668 und T. II. p. 213). Hanns Herstorfer, b\u00fcrgerlicher  Bau-  und Steinmetzmeister in Wien, kommt 1637 vor (Hormayr\u2019s Wien I.  Jahrg.  V. Bd., 2. und 3. Heft S. CCL). Er beschloss sein Leben am 1.  November  1597, liegt in der Pfarrkirche zu Zelking begraben, war  Protestant, und  von seiner Tochter Regina gibt ein altes  Sterbeprotokoll der Pfarre  Maria Laach am Jauerling die Nachricht:  \u201e1620 den 6. Juli ist begraben  Wordten die Edle und Ehrnthugentreiche  Junckhfraw Regina, Ein geborne  Herrstorfferin, Weyland des Edlen und  Gestrengen Herrn Urban  Herrstorffer zu M\u00e4tzlstorf, und Frauen Sophia,  geborne Poppin, bayder  Seeligen Hindterla\u00dfne Eheleibliche Tochter,  welche in Gott seliglich  verschiden Ihres Aldters bei 30 Jahren.\u201c Sie  wurde in der (damals  lutherischen) Pfarrkirche zu (Maria) Laach  beigesetzt, wo aber kein  Leichenstein von ihr zu finden ist.<\/span>   <\/span><\/div>\n<div style=\"text-align: justify;\"><span style=\"color: rgb(0, 0, 0);\"><span style=\"font-size: 14px;\"><br \/> Nach dem Tode des Urban Herrstorffer scheint der Edle und Gestrenge Herr   Jorig (Georg) von Wopping den Edelhof besessen zu haben; wenigstens   starb er den 26. Februar 1606 im Hofe zu Matzelstorf und wurde in der   Kirche zu Zelking begraben. Lucas verkaufte das Stammgut Wopping und   lie\u00df sich in \u00d6sterreich nieder. Sein Sohn Georg von W. zu M\u00fchlfeld und   Baumgarten ist wahrscheinlich derselbe Jorg (sic!), welcher den Edelhof   zu Matzleinsdorf bewohnte und zu Zelking seine Ruhest\u00e4tte fand, wenn   dieser nicht vielmehr ein \u00e4lterer Georg, des j\u00fcngeren Vaterbruder   (Onkel) war. Der Vorzug, welchen beide dieser Kirche vor der ihres   Wohnortes gaben, ist sehr wahrscheinlich daraus zu erkl\u00e4ren, weil zu   Zelking noch protestantischer Gottesdienst gehalten wurde, w\u00e4hrend die   Kirche zu Matzleinsdorf eine Filiale der katholischen Pfarrkirche zu   Melk war (** DASP I. F. Keiblinger, Band II, Seite 296).<br \/> DASP = Di\u00f6zesanarchiv St. P\u00f6lten<\/span><\/span><\/div>\n<div><span style=\"color: rgb(0, 0, 0);\"><span style=\"font-size: 14px;\"><br \/> <\/span><span style=\"font-size: 14px;\"><br \/> <\/span><br \/> <\/span><\/div>\n<div style=\"text-align: justify;\">\n<div style=\"text-align: center;\"><span style=\"color: rgb(0, 0, 0);\"> <\/span><\/div>\n<p> <span style=\"color: rgb(0, 0, 0);\"> <\/p>\n<div style=\"text-align: center;\"><span style=\"font-size: 16px;\"><strong>Das ehemalige Hochaltarbild von Martin Johann Schmidt (1718\u20131801)<\/strong><\/span><span style=\"font-size: 10pt;\"><span lang=\"DE\">  <\/span><\/span><\/div>\n<p> <\/span> <\/p>\n<div><span style=\"font-size: 10pt; color: rgb(0, 0, 0);\"><span lang=\"DE\"><span style=\"color: rgb(0, 0, 0);\"><span style=\"font-size: 14px;\"><br \/> <\/span><br \/> <\/span> <span style=\"color: rgb(0, 0, 0);\">   <\/span> <span style=\"color: rgb(0, 0, 0);\"> <\/span> <span style=\"color: rgb(0, 0, 0);\"> <\/span> <span style=\"color: rgb(0, 0, 0);\">  <\/span><span style=\"color: rgb(0, 0, 0);\"> <\/span> <\/span><\/span><\/div>\n<div style=\"text-align: center;\"><span style=\"font-size: 10pt; color: rgb(0, 0, 0);\"><span lang=\"DE\"><span style=\"color: rgb(0, 0, 0);\"> <\/span><\/span><\/span><\/div>\n<p> <span style=\"font-size: 10pt; color: rgb(0, 0, 0);\"><span lang=\"DE\"><span style=\"color: rgb(0, 0, 0);\"> <\/p>\n<div style=\"text-align: center;\"><span style=\"color: rgb(0, 0, 0);\"><img decoding=\"async\" style=\"width: 201px; height: 361px;\" src=\"http:\/\/www.zelking.grafikweb.eu\/images\/stories\/kirchenfuehrer\/b41.jpg\" alt=\"\" \/>&#160; <\/span><img loading=\"lazy\" decoding=\"async\" width=\"204\" height=\"361\" src=\"http:\/\/www.zelking.grafikweb.eu\/images\/stories\/kirchenfuehrer\/mjs-ha-bild.jpg\" alt=\"\" \/><\/div>\n<div style=\"text-align: center;\"><span style=\"color: rgb(0, 0, 0);\"> <\/span><\/div>\n<div style=\"text-align: center;\"><span style=\"color: rgb(0, 0, 0);\"> <\/span><\/div>\n<p> <span style=\"color: rgb(0, 0, 0);\"> <\/p>\n<div style=\"text-align: center;\"><span style=\"font-size: 14px;\">Ehemaliges Hochaltarbild (Ausschnitt und mit Rahmen)<br \/> <\/span><\/div>\n<p> <\/span> <\/p>\n<div style=\"text-align: justify;\"><span style=\"color: rgb(0, 0, 0);\"><span style=\"font-size: 14px;\"><br \/> <\/span><br \/> <\/span><\/div>\n<div style=\"text-align: center;\"><span style=\"color: rgb(0, 0, 0);\"><img decoding=\"async\" alt=\"\" src=\"http:\/\/www.zelking.grafikweb.eu\/images\/stories\/kirchenfuehrer\/b121.jpg\" style=\"width: 104px; height: 133px;\" \/><\/span><\/div>\n<div style=\"text-align: center;\"><span style=\"color: rgb(0, 0, 0);\"> <\/span><\/div>\n<div style=\"text-align: center;\"><span style=\"color: rgb(0, 0, 0);\"> <\/span><\/div>\n<p> <span style=\"color: rgb(0, 0, 0);\"> <\/p>\n<div style=\"text-align: center;\"><span style=\"font-size: 14px;\">Martin Johann Schmidt<br \/> <\/span><\/div>\n<p> <\/span> <\/p>\n<div style=\"text-align: center;\"><span style=\"color: rgb(0, 0, 0);\"> <\/span><\/div>\n<p> <\/span> <\/p>\n<div style=\"text-align: center;\"><span style=\"color: rgb(0, 0, 0);\"><span style=\"font-size: 14px;\">\u201eVer\u00f6ffentlichung mit freundlicher Genehmigung der \u00d6sterreichischen Post AG<\/span><span><span style=\"font-size: 14px;\">\u201c<\/span><\/span><\/span> <br \/> <span style=\"color: rgb(0, 0, 0);\"><\/p>\n<p> <\/span><\/div>\n<div style=\"text-align: center;\"><span style=\"color: rgb(0, 0, 0);\">  <\/span><\/div>\n<div style=\"text-align: center;\"><span style=\"color: rgb(0, 0, 0);\"> <\/span><\/div>\n<div style=\"text-align: center;\"><span style=\"color: rgb(0, 0, 0);\"> <\/span><\/div>\n<div style=\"text-align: center;\"><span style=\"color: rgb(0, 0, 0);\"> <\/span><\/div>\n<div style=\"text-align: center;\"><span style=\"color: rgb(0, 0, 0);\"> <\/span><\/div>\n<div style=\"text-align: center;\"><span style=\"color: rgb(0, 0, 0);\">  <\/span><span style=\"color: rgb(0, 0, 0);\"> <\/span><\/div>\n<div style=\"text-align: center;\"><span style=\"color: rgb(0, 0, 0);\"> <\/span><\/div>\n<div style=\"text-align: center;\"><span style=\"color: rgb(0, 0, 0);\"> <\/span><\/div>\n<div style=\"text-align: center;\"><span style=\"color: rgb(0, 0, 0);\"> <\/span><\/div>\n<p> <span style=\"color: rgb(0, 0, 0);\"> <\/p>\n<div style=\"text-align: center;\"><span lang=\"DE\"><span style=\"font-size: 10pt;\"><span lang=\"DE\"><span style=\"font-size: 16px;\"><strong>Die Gefallenen des zweiten Weltkrieges<br \/> <\/strong><\/span><\/span><\/span><\/span><\/div>\n<p> <\/span> <\/p>\n<div style=\"text-align: center;\"><span style=\"color: rgb(0, 0, 0);\"> <\/span><\/div>\n<div style=\"text-align: center;\"><span style=\"color: rgb(0, 0, 0);\"> <\/span><\/div>\n<div style=\"text-align: center;\">&#160;<\/div>\n<div style=\"text-align: center;\"><span style=\"color: rgb(0, 0, 0);\"> <\/span><\/div>\n<div style=\"text-align: center;\"><span style=\"color: rgb(0, 0, 0);\"> <\/span><\/div>\n<div style=\"text-align: center;\"><span style=\"color: rgb(0, 0, 0);\">  <\/span><span style=\"color: rgb(0, 0, 0);\"> <\/span><\/div>\n<div style=\"text-align: center;\"><span style=\"color: rgb(0, 0, 0);\"> <\/span><\/div>\n<p> <span style=\"color: rgb(0, 0, 0);\"> <\/p>\n<div style=\"text-align: center;\"><span style=\"color: rgb(0, 0, 0);\"><span style=\"font-size: 14px;\"> <\/span><\/span><\/div>\n<p> <\/span> <\/p>\n<div style=\"text-align: center;\"><span style=\"color: rgb(0, 0, 0);\">  <\/span><\/div>\n<div style=\"text-align: center;\"><span style=\"color: rgb(0, 0, 0);\"><br \/> <\/span><\/div>\n<div style=\"text-align: center;\"><span style=\"color: rgb(0, 0, 0);\"><img decoding=\"async\" style=\"width: 200px; height: 301px;\" src=\"http:\/\/www.zelking.grafikweb.eu\/images\/stories\/kirchenfuehrer\/b104.jpg\" alt=\"\" \/><br \/> <\/span><\/div>\n<div style=\"text-align: center;\"><span style=\"color: rgb(0, 0, 0);\"> <\/span><\/div>\n<div style=\"text-align: center;\"><span style=\"color: rgb(0, 0, 0);\"> <\/span><\/div>\n<div style=\"text-align: center;\"><span style=\"color: rgb(0, 0, 0);\"> <\/span><\/div>\n<p> <span style=\"color: rgb(0, 0, 0);\"> <\/p>\n<div style=\"text-align: center;\"><span style=\"font-size: 14px;\">Gefallene 1938\u20131945<br \/> <\/span><\/div>\n<p> <\/span> <\/p>\n<div style=\"text-align: center;\"><span style=\"color: rgb(0, 0, 0);\"><span style=\"font-size: 14px;\"> <\/span><\/span><span style=\"color: rgb(0, 0, 0);\"><span style=\"font-size: 14px;\"><\/p>\n<p> <\/span><\/span><\/div>\n<div style=\"text-align: justify;\"><span style=\"color: rgb(0, 0, 0);\"><span style=\"font-size: 14px;\">\u00dcber dem Scheidbogen (\u201eTriumphbogen<span lang=\"DE\"><span lang=\"DE\"><span lang=\"DE\">\u201c<\/span><\/span><\/span>   \u2013 es befinden sich an dessen rechter Seite 33 Fotos unter Rahmung von   Gefallenen des Zweiten Weltkrieges angebracht) verblasstes und bmkw.   ehemaliges HA-Bild \u2013 mit dem gleichen Bildthema wie das j\u00fcngere   HA-Gem\u00e4lde, signiert M(artin) J(ohann) Schmidt 1791; Martin Johann   Schmidt (genannt \u201eKremser-Schmidt<span lang=\"DE\"><span lang=\"DE\"><span lang=\"DE\">\u201c<\/span><\/span><\/span>)   hat mit seinen Gem\u00e4lden in mehr als 120 Kirchen und Kl\u00f6stern   Nieder\u00f6sterreichs die sp\u00e4tbarocke Kunstlandschaft unseres Landes   mitgepr\u00e4gt. Gleichzeitig wurde er zum Kirchenmaler (laut Walter   Kleindel, \u00d6sterreich <\/span><span style=\"font-size: 10pt;\"><span lang=\"DE\"><span style=\"font-size: 14px;\">\u2013<\/span><\/span><\/span><span style=\"font-size: 14px;\"> Daten \u2013 Zahlen \u2013 Fakten,   2004, Seite 212, schuf er \u00fcber 1000 Altar- und Andachtsbilder)   schlechthin, vermochte er doch mit seiner zugleich lebensnahen und   vision\u00e4ren Malerei die Menschen anzusprechen und im Inneren zu bewegen.<br \/> <\/span><\/span><br \/> <span style=\"color: rgb(0, 0, 0);\"><span style=\"font-size: 14px;\">(*)   Pfarrer Leutm\u00f6tzer lie\u00df 1790 dieses ehemalige Hochaltarbild malen, das   Ziegelpflaster gegen Kehlheimer Platten tauschen und bei einem Melker   Goldschmied um 600 Gulden eine Monstranz anfertigen. Auch dotierte er   ein Pfarrarmeninstitut mit 300 Gulden, dessen Stiftung 1870 aufgehoben   wurde. 1842 schuf er eine Art Begabtenf\u00f6rderung f\u00fcr arme Schulkinder in   der Pfarre, und er d\u00fcrfte auch der letzte Geistliche gewesen sein,   welcher durch Fahnenzeichen von der Burg Zelking (Teilbereiche d\u00fcrften   somit damals noch bewohnbar gewesen sein!) zum Essen geladen wurde (* H.   A. 8\/1976).<br \/> <\/span><\/span><\/div>\n<div style=\"text-align: justify;\"><span style=\"color: rgb(0, 0, 0);\"><span style=\"font-size: 14px;\"> <\/span><\/p>\n<p> <\/span><\/div>\n<div style=\"text-align: center;\"><span style=\"color: rgb(0, 0, 0);\"> <\/span><\/div>\n<div style=\"text-align: center;\"><span style=\"color: rgb(0, 0, 0);\"> <\/span><\/div>\n<div style=\"text-align: center;\"><span style=\"color: rgb(0, 0, 0);\"> <\/span><\/div>\n<p> <span style=\"color: rgb(0, 0, 0);\"> <\/p>\n<div style=\"text-align: center;\"><span lang=\"DE\"><span lang=\"DE\"><span style=\"font-size: 10pt;\"><span lang=\"DE\"><span style=\"font-size: 16px;\"><strong>Die Kanzel<\/strong><\/span><\/span><\/span><\/span><\/span><\/div>\n<p> <\/span> <\/p>\n<div style=\"text-align: center;\"><span style=\"color: rgb(0, 0, 0);\"><\/p>\n<p> <\/span><\/div>\n<div style=\"text-align: center;\"><span style=\"color: rgb(0, 0, 0);\"><img decoding=\"async\" style=\"width: 240px; height: 362px;\" src=\"http:\/\/www.zelking.grafikweb.eu\/images\/stories\/kirchenfuehrer\/b33.jpg\" alt=\"\" \/><\/span><\/div>\n<div style=\"text-align: center;\"><span style=\"color: rgb(0, 0, 0);\"> <\/span><\/div>\n<div style=\"text-align: center;\"><span style=\"color: rgb(0, 0, 0);\"> <\/span><\/div>\n<p> <span style=\"color: rgb(0, 0, 0);\"> <\/p>\n<div style=\"text-align: center;\"><span style=\"font-size: 14px;\">Die Kanzel ist geschm\u00fcckt mit Abbildungen von Erstkommunionskindern<br \/> <\/span><\/div>\n<p> <\/span> <\/p>\n<div style=\"text-align: justify;\"><span style=\"color: rgb(0, 0, 0);\"><br \/> <\/span><span style=\"color: rgb(0, 0, 0);\"><span style=\"font-size: 14px;\"><br \/> <\/span><\/span><span style=\"color: rgb(0, 0, 0);\"><span style=\"font-size: 14px;\">Einfache neobarocke H\u00e4ngekanzel <\/span><\/span><span lang=\"DE\"><span style=\"font-size: 10pt; color: rgb(0, 0, 0);\"><span lang=\"DE\"><span style=\"color: rgb(0, 0, 0);\"><span style=\"font-size: 14px;\">von 1870.<\/span><br \/> <\/span> <\/span><\/span><\/span><span style=\"color: rgb(0, 0, 0);\"><span style=\"font-size: 14px;\">Unterhalb dieser wurde beim Abgraben  f\u00fcr die neue Pflasterung im  Bodenbereich ein Skelett mit  schwarzer Bekleidung gesichtet,  aber ohne es fotografisch  festzuhalten wieder zugesch\u00fcttet \u2013 es hie\u00df nur  \u201eschnell schlie\u00dfen<span lang=\"DE\"><span lang=\"DE\"><span lang=\"DE\">\u201c<\/span><\/span><\/span>.<br \/> Daher wurde angenommen, dass es sich hier um eine Frauensperson in einem schwarzen Seidenkleid (dann beg\u00fctert!) gehandelt haben k\u00f6nnte.<br \/> <\/span><\/span><span style=\"color: rgb(0, 0, 0);\"><span><span style=\"font-size: 14px;\">In der Brosch\u00fcre Kirche Klein-P\u00f6chlarn (1391<\/span><\/span><span lang=\"DE\"><span style=\"font-size: 10pt;\"><span lang=\"DE\"><span style=\"font-size: 14px;\">\u20131991) <\/span><\/span><\/span><\/span><span lang=\"DE\"><span style=\"font-size: 10pt;\"><span lang=\"DE\"><span style=\"font-size: 14px;\">\u2013<\/span><\/span><\/span><\/span><span><span style=\"font-size: 14px;\"> Pfarre Klein-P\u00f6chlarn (1792<\/span><\/span><span lang=\"DE\"><span style=\"font-size: 10pt;\"><span lang=\"DE\"><span style=\"font-size: 14px;\">\u2013<\/span><\/span><\/span><\/span><span><span style=\"font-size: 14px;\">1992), Seite 31 steht unter anderem: Motter Andreas, Mag. der Philosophie (1694<\/span><\/span><span lang=\"DE\"><span style=\"font-size: 10pt;\"><span lang=\"DE\"><span style=\"font-size: 14px;\">\u20131695). Scheint um 1670 (diese Jahreszahl d\u00fcrfte nicht ganz stimmen) in Zelking auf und war hier nur zwei Jahre t\u00e4tig. Starb 44-j\u00e4hrig und wurde in der Pfarrkirche <\/span><\/span><\/span><\/span><span lang=\"DE\"><span style=\"font-size: 10pt;\"><span lang=\"DE\"><span lang=\"DE\"><span style=\"font-size: 10pt;\"><span lang=\"DE\"><span style=\"font-size: 14px;\">\u2013<\/span><\/span><\/span><\/span><span lang=\"DE\"><span style=\"font-size: 10pt;\"><span lang=\"DE\"><span style=\"font-size: 14px;\"> <\/span><\/span><\/span><\/span><\/span><\/span><\/span><span lang=\"DE\"><span style=\"font-size: 10pt;\"><span lang=\"DE\"><span><span style=\"font-size: 14px;\"> vermutlich in der Gruft im Mittelgang <\/span><\/span><\/span><\/span><\/span><span lang=\"DE\"><span style=\"font-size: 10pt;\"><span lang=\"DE\"><span style=\"font-size: 14px;\">\u2013<\/span><\/span><\/span><\/span><span lang=\"DE\"><span style=\"font-size: 10pt;\"><span lang=\"DE\"><span><span style=\"font-size: 14px;\"> bestattet.<\/span><\/span><\/span><\/span><\/span><span><span style=\"font-size: 14px;\"><br \/> Ob es sich hier um die sterblichen \u00dcberreste von Motter handeln k\u00f6nnte (welche unterhalb des Kanzelbereiches gefunden wurde) <\/span><\/span><span lang=\"DE\"><span style=\"font-size: 10pt;\"><span lang=\"DE\"><span lang=\"DE\"><span style=\"font-size: 10pt;\"><span lang=\"DE\"><span style=\"font-size: 14px;\">\u2013<\/span><\/span><\/span><\/span><span lang=\"DE\"><span style=\"font-size: 10pt;\"><span lang=\"DE\"><span style=\"font-size: 14px;\">&#160; es wurden leider keine Untersuchungen jeglicher Art vorgenommen), kann aber nicht ausgeschlosssen werden!.<\/span><\/span><\/span><\/span><\/span><\/span><\/span><\/span><span style=\"color: rgb(0, 0, 0);\"><br \/> <\/span><span style=\"color: rgb(0, 0, 0);\"> <\/span><\/div>\n<div style=\"text-align: justify;\"><span style=\"color: rgb(0, 0, 0);\"><span style=\"font-size: 10pt;\"><span lang=\"DE\"> <\/span><\/span><\/span><span style=\"font-size: 10pt; color: rgb(0, 0, 0);\"><span lang=\"DE\"> <span style=\"color: rgb(0, 0, 0);\"><span lang=\"DE\"><span lang=\"DE\"><span style=\"font-size: 10pt;\"><span lang=\"DE\"><strong><span style=\"font-size: 14px;\"><br \/> <\/span><br \/> <\/strong><\/span><\/span><\/span><\/span><\/span><\/span><\/span><\/div>\n<div style=\"text-align: center;\"><span style=\"font-size: 18px;\"><span style=\"color: rgb(0, 0, 0);\"><strong>Das alte Taufbecken<span style=\"font-size: 14px;\"><\/p>\n<p> <\/span><\/strong><\/span><\/span><img decoding=\"async\" alt=\"\" src=\"http:\/\/www.zelking.grafikweb.eu\/images\/stories\/taufbecken a.jpg\" style=\"width: 230px; height: 550px;\" \/><span style=\"font-size: 18px;\"><span style=\"color: rgb(0, 0, 0);\"><strong> <\/strong><\/span><\/span><img decoding=\"async\" alt=\"\" src=\"http:\/\/www.zelking.grafikweb.eu\/images\/stories\/taufbecken b.jpg\" \/><br \/> <span style=\"font-size: 14px;\">(Seitlich der Kanzel) Polygonales Taufbecken (f\u00fcnfseitig) mit gotischer Rankenmalerei, <br \/> am Deckel Taufe-Christi-Skulptur, 19. Jahrhundert <br \/> (Wilhelm Zotti Kirchliche Kunst in Nieder\u00f6sterreich, Band 1, Seite 371)<br \/> <\/span><\/p>\n<p> <span style=\"font-size: 18px;\"><span style=\"color: rgb(0, 0, 0);\"><strong>Der moderne Kerzenleuchter f\u00fcr die Osterkerze<br \/> <\/strong><\/span><\/span><\/div>\n<div style=\"text-align: center;\"><span style=\"font-size: 10pt; color: rgb(0, 0, 0);\"><span lang=\"DE\"><span style=\"color: rgb(0, 0, 0);\"><span lang=\"DE\"><span lang=\"DE\"><span style=\"font-size: 10pt;\"><span lang=\"DE\"><span style=\"font-size: 16px;\"><strong> <\/strong><\/span><\/span><\/span><\/span><\/span><br \/> <\/span><\/span><\/span><\/div>\n<div style=\"text-align: center;\"><span style=\"font-size: 10pt; color: rgb(0, 0, 0);\"><span lang=\"DE\"><br \/> <\/span><\/span><\/div>\n<p> <\/span><\/span> <\/p>\n<div style=\"text-align: center;\"><span lang=\"DE\"><img decoding=\"async\" style=\"width: 200px; height: 299px;\" src=\"http:\/\/www.zelking.grafikweb.eu\/images\/stories\/kirchenfuehrer\/kirche 2.jpg\" alt=\"\" \/><\/span><\/div>\n<div><span style=\"color: rgb(0, 0, 0);\"><span style=\"font-size: 10pt;\"><span lang=\"DE\"><span style=\"font-size: 10pt;\"><span lang=\"DE\"> <\/span><\/span><\/span><\/span><\/span><\/div>\n<p> <span style=\"color: rgb(0, 0, 0);\"><span style=\"font-size: 10pt;\"><span lang=\"DE\"><span style=\"font-size: 10pt;\"><span lang=\"DE\"> <\/p>\n<div><span style=\"font-size: 14px;\"><span lang=\"DE\"><span lang=\"DE\"><span lang=\"DE\"><span lang=\"DE\"> <\/span><\/span><\/span><\/span><\/span><span style=\"font-size: 10pt;\"><span lang=\"DE\"><span style=\"font-size: 14px;\">\u201e<\/span><\/span><\/span><span style=\"font-size: 14px;\"><span lang=\"DE\"><span lang=\"DE\"><span lang=\"DE\"><span lang=\"DE\">Leuchter<\/span><\/span><\/span><\/span><\/span><span style=\"font-size: 10pt;\"><span lang=\"DE\"><span style=\"font-size: 14px;\"><span lang=\"DE\"><span lang=\"DE\"><span lang=\"DE\">\u201c<\/span><\/span><\/span><\/span><\/span><\/span><span style=\"font-size: 14px;\"><span lang=\"DE\"><span lang=\"DE\"><span lang=\"DE\"><span lang=\"DE\"> f\u00fcr die Osterkerze (jetzt rechts beim Herz-Jesu-Altar)<br \/> <\/span><\/span><\/span><\/span><\/span><\/div>\n<p> <\/span><\/span><\/span><\/span><\/span> <\/p>\n<div><span style=\"font-size: 10pt;\"><span lang=\"DE\"><span style=\"font-size: 10pt;\"><span lang=\"DE\"> <br \/> <\/span><\/span><\/span><\/span><\/div>\n<p> <span style=\"font-size: 10pt;\"><span lang=\"DE\"><span style=\"font-size: 10pt;\"><span lang=\"DE\"> <\/span><\/span><\/span><\/span> <\/p>\n<div style=\"text-align: justify;\"> &#160;<\/div>\n<div style=\"text-align: center;\"><span style=\"color: rgb(0, 0, 0);\"><span style=\"font-size: 16px;\"><strong><span lang=\"DE\"><span lang=\"DE\"><span lang=\"DE\">Herz-Jesu-Altar<\/span><\/span><\/span> anstelle des <span lang=\"DE\"><span lang=\"DE\"><span lang=\"DE\"><span lang=\"DE\"><span lang=\"DE\">\u201eJohannes-Altar<span lang=\"DE\"><span lang=\"DE\"><span lang=\"DE\">s\u201c<\/span><\/span><\/span><\/span><\/span><\/span><\/span><\/span><\/strong><\/span><\/span><span style=\"font-size: 16px;\"><strong><span lang=\"DE\"><span lang=\"DE\"><span lang=\"DE\"><span lang=\"DE\"><span lang=\"DE\"><span lang=\"DE\"><span lang=\"DE\"><span lang=\"DE\"> <\/span><\/span><\/span><\/span><\/span><\/span><\/span><\/span><\/strong><\/span><\/div>\n<div><span style=\"color: rgb(0, 0, 0);\">  <\/span> <span style=\"font-size: 14px;\"><br \/> <\/span><\/div>\n<div>&#160;<\/div>\n<div style=\"text-align: center;\"><span style=\"color: rgb(0, 0, 0);\"><img decoding=\"async\" style=\"width: 240px; height: 358px;\" src=\"http:\/\/www.zelking.grafikweb.eu\/images\/stories\/kirchenfuehrer\/02.jpg\" alt=\"\" \/><\/span><\/div>\n<div><span style=\"color: rgb(0, 0, 0);\">  <\/span><span style=\"color: rgb(0, 0, 0);\">  <\/span><span style=\"color: rgb(0, 0, 0);\"> <\/span><\/div>\n<div style=\"text-align: center;\"><span style=\"color: rgb(0, 0, 0);\"><span style=\"font-size: 14px;\"><span lang=\"DE\">Herz-Jesu-Altar<br \/> <\/span><\/span><\/span><\/div>\n<div><span style=\"color: rgb(0, 0, 0);\"><span style=\"font-size: 14px;\"><span lang=\"DE\"> <\/span><\/span><br \/> <\/span><\/div>\n<p> <span style=\"color: rgb(0, 0, 0);\"> <\/span> <\/p>\n<div>&#160;<\/div>\n<p> <span style=\"color: rgb(0, 0, 0);\">      <\/span> <\/p>\n<div style=\"text-align: justify;\"><span style=\"color: rgb(0, 0, 0);\"><span style=\"font-size: 14px;\"><span lang=\"DE\"> <br \/> <\/span>Rechter Seitenaltar (neugotisch) mit Herz-Jesu-Statue aus 1910 anstelle des ehemaligen \u201eJohannes-Altares<span lang=\"DE\"><span lang=\"DE\"><span lang=\"DE\">\u201c<\/span><\/span><\/span><span lang=\"DE\"> (<\/span>Heiliger Johannes von Nepomuk), dessen Statue sich nun an der R\u00fcckwand zum Emporeaufgang befindet.<\/span> <span style=\"font-size: 14px;\"><br \/> <\/span><span lang=\"DE\"><span style=\"font-size: 10pt;\"><span lang=\"DE\"><span style=\"font-size: 10pt;\"><span lang=\"DE\"><span style=\"font-size: 10pt;\"><span lang=\"DE\"><span style=\"font-size: 14px;\"><br \/> (*)   Zwischen 1767 und 1785 erfolgten unter Pf. Simon Schmidhuber eine   gro\u00dfe  Restaurierung der Kirche und die Aufstellung des   Johannes-Altares,  welchen vermutlich der B\u00fcrger Bernhard Kotzinger   gestiftet hatte (* H.  A. 7\/1976).<\/span><\/span><\/span><\/span><\/span><\/span><\/span><\/span><br \/> <span style=\"font-size: 14px;\"><br \/> Seit 2006 wird das aus je 13 Personen und Tieren bestehende \u201eKripperl<span lang=\"DE\"><span lang=\"DE\"><span lang=\"DE\">\u201c<\/span><\/span><\/span> hier aufgestellt.<\/p>\n<p> Seit  vielen Jahren fehlt der Elefant. Eine Figur soll nach  Matzleinsdorf  abgegeben worden sein (passt dem Typus nach zu unseren  Figuren).<br \/> <\/span><\/p>\n<p> <\/span><\/div>\n<div><span style=\"color: rgb(0, 0, 0);\"> <\/span><span style=\"color: rgb(0, 0, 0);\"> <\/span><\/div>\n<div style=\"text-align: center;\"><span style=\"color: rgb(0, 0, 0);\"><img decoding=\"async\" style=\"width: 220px; height: 334px;\" src=\"http:\/\/www.zelking.grafikweb.eu\/images\/stories\/kirchenfuehrer\/b5.jpg\" alt=\"\" \/><\/span><\/div>\n<div style=\"text-align: center;\"><span style=\"color: rgb(0, 0, 0);\">      <\/span><span style=\"color: rgb(0, 0, 0);\">  <\/span><span style=\"color: rgb(0, 0, 0);\"> <\/span><\/div>\n<p> <span style=\"color: rgb(0, 0, 0);\"> <\/p>\n<div style=\"text-align: center;\"><span style=\"font-size: 10pt;\"><span lang=\"DE\"><span style=\"font-size: 14px;\">Heiliger Johannes von Nepomuk<\/span><\/span><\/span><\/div>\n<p> <\/span> <\/p>\n<div><span style=\"color: rgb(0, 0, 0);\"><br \/> <\/span><\/div>\n<div style=\"text-align: center;\"><span style=\"color: rgb(0, 0, 0);\"><span style=\"font-size: 10pt;\"><span lang=\"DE\">   <\/span><\/span><\/span><span style=\"font-size: 10pt; color: rgb(0, 0, 0);\"><span lang=\"DE\"><span style=\"color: rgb(0, 0, 0);\"> <\/p>\n<div style=\"text-align: justify;\"><span style=\"color: rgb(0, 0, 0);\"><br \/> <span style=\"font-size: 14px;\">Statue heiliger Johannes von Nepomuk, vom ehem. <span lang=\"DE\">\u201eJohannes-Altar<span lang=\"DE\"><span lang=\"DE\"><span lang=\"DE\">\u201c stammend, derzeit an der R\u00fcckwand zum Emporeaufgang befindlich.<br \/> <\/span><\/span><\/span><\/span><\/span><span lang=\"DE\"><span lang=\"DE\"><span lang=\"DE\"><span lang=\"DE\"><br \/> <\/span><\/span><\/span><\/span><br \/> <\/span><span style=\"font-size: 10pt; color: rgb(0, 0, 0);\"><span lang=\"DE\"><span style=\"color: rgb(0, 0, 0);\">  <\/span><span style=\"color: rgb(0, 0, 0);\"> <\/p>\n<div style=\"text-align: center;\"><img decoding=\"async\" style=\"width: 180px; height: 273px;\" src=\"http:\/\/www.zelking.grafikweb.eu\/images\/stories\/kirchenfuehrer\/b97.jpg\" alt=\"\" \/><br \/> <span style=\"font-size: 14px;\">T\u00fcre zur Empore<br \/> <\/span><\/div>\n<p> <\/span> <span style=\"color: rgb(0, 0, 0);\"> <\/p>\n<div style=\"text-align: justify;\">&#160;<\/div>\n<p> <\/span><\/span><\/span><span style=\"color: rgb(0, 0, 0);\"><span style=\"font-size: 10pt;\"><span lang=\"DE\"> <\/p>\n<div style=\"text-align: justify;\"><span style=\"font-size: 14px;\"><br \/> Die T\u00fcr zur Balkonempore ist in \u00e4hnlicher Ausf\u00fchrung wie die Innent\u00fcre der Sakristei gehalten.<\/p>\n<p> <\/span><\/div>\n<p> <\/span><\/span> <\/span><\/div>\n<p> <\/span><\/span><\/span><\/div>\n<div><span style=\"color: rgb(0, 0, 0);\"> <\/span><\/div>\n<p> <span style=\"color: rgb(0, 0, 0);\"> <\/p>\n<div><span style=\"font-size: 10pt;\"><span lang=\"DE\"> <\/span><\/span><\/div>\n<p> <\/span> <\/p>\n<div><span style=\"color: rgb(0, 0, 0);\"> <\/span><\/div>\n<div><span style=\"color: rgb(0, 0, 0);\"> <\/span><\/div>\n<p> <span style=\"color: rgb(0, 0, 0);\"> <\/p>\n<div><span style=\"font-size: 10pt;\"><span lang=\"DE\"> <\/span><\/span><\/div>\n<p> <\/span><span style=\"color: rgb(0, 0, 0);\">  <\/span><span style=\"color: rgb(0, 0, 0);\"> <\/p>\n<div style=\"text-align: center;\"><span style=\"font-size: 10pt;\"><span lang=\"DE\"> <\/span><\/span><\/div>\n<p> <\/span><\/div>\n<\/p><\/div>\n<p> <span style=\"color: rgb(0, 0, 0);\">      <\/span><span style=\"color: rgb(0, 0, 0);\">  <\/span><span style=\"color: rgb(0, 0, 0);\"> <\/p>\n<div style=\"text-align: center;\"><span lang=\"DE\"><span style=\"font-size: 10pt;\"><span lang=\"DE\"><span style=\"font-size: 10pt;\"><span lang=\"DE\"><span style=\"font-size: 10pt;\"><span lang=\"DE\"><span style=\"font-size: 14px;\"><span style=\"font-size: 18px;\"><strong>Das Nordschiff<\/strong><\/span><\/span><\/span><\/span><\/span><\/span><\/span><\/span><\/span><\/div>\n<p> <\/span> <\/p>\n<div style=\"text-align: justify;\"><span style=\"color: rgb(0, 0, 0);\"> <\/span><span style=\"font-size: 10pt; color: rgb(0, 0, 0);\"><span lang=\"DE\"> <\/span><\/span><\/div>\n<div style=\"text-align: justify;\"> &#160;<\/div>\n<div style=\"text-align: center;\"><span style=\"font-size: 10pt; color: rgb(0, 0, 0);\"><span lang=\"DE\"> <\/p>\n<div style=\"text-align: justify;\"><span style=\"color: rgb(0, 0, 0);\"> <\/span><\/div>\n<p> <\/span><\/span><\/div>\n<div style=\"text-align: justify;\"><span style=\"color: rgb(0, 0, 0);\">  <\/span><span style=\"color: rgb(0, 0, 0);\"> <\/span><\/div>\n<div style=\"text-align: center;\"><span style=\"font-size: 10pt; color: rgb(0, 0, 0);\"><span lang=\"DE\"><span style=\"color: rgb(0, 0, 0);\"> <\/p>\n<div style=\"text-align: center;\"><span style=\"color: rgb(0, 0, 0);\"><img decoding=\"async\" alt=\"\" src=\"http:\/\/www.zelking.grafikweb.eu\/images\/stories\/madonna.jpg\" style=\"width: 115px; height: 330px;\" \/><span style=\"font-size: 10pt;\"><span lang=\"DE\"> <\/span><\/span><span style=\"font-size: 10pt;\"><span lang=\"DE\"><img decoding=\"async\" style=\"width: 239px; height: 329px;\" src=\"http:\/\/www.zelking.grafikweb.eu\/images\/stories\/kirchenfuehrer\/b12.jpg\" alt=\"\" \/><\/span><\/span><span style=\"font-size: 10pt;\"><span lang=\"DE\"><span style=\"font-size: 10pt;\"><span lang=\"DE\"><span style=\"font-size: 14px;\"><span style=\"font-size: 10pt;\"><span lang=\"DE\"><span style=\"font-size: 14px;\"><span lang=\"DE\"><span lang=\"DE\"><span style=\"font-family: Arial;\"><br \/> <\/span><\/span><\/span><\/span><\/span><\/span><\/span><\/span><\/span><span style=\"font-size: 14px;\"><span lang=\"DE\"><span lang=\"DE\"><span lang=\"DE\"><span lang=\"DE\"><span style=\"font-family: Arial;\">\u201e<\/span>Sa<\/span><\/span>kristeimadonna<span lang=\"DE\"><span lang=\"DE\"><span lang=\"DE\">\u201c und <\/span><\/span><\/span><\/span><\/span><\/span><\/span><\/span><span style=\"font-size: 10pt;\"><span lang=\"DE\"><span style=\"font-size: 14px;\">Marienaltar (Foto vor 1910)<\/span><\/span><\/span><span style=\"font-size: 14px;\"><br \/> <\/span><\/span><\/div>\n<p> <\/span><\/span><\/span><\/div>\n<div style=\"text-align: justify;\"><span style=\"font-size: 10pt; color: rgb(0, 0, 0);\"><span lang=\"DE\"><span style=\"color: rgb(0, 0, 0);\">  <\/span>  <\/span><\/span><span style=\"color: rgb(0, 0, 0);\"><span style=\"font-size: 10pt;\"><span lang=\"DE\"> <\/span><\/span><span style=\"font-size: 10pt;\"><span lang=\"DE\">  <\/span><\/span><span style=\"font-size: 10pt;\"><span lang=\"DE\"> <\/span><\/span><\/span><span style=\"color: rgb(0, 0, 0);\"><span style=\"font-size: 10pt;\"><span lang=\"DE\"> <\/span><\/span><\/span><\/div>\n<div style=\"text-align: center;\"><span style=\"color: rgb(0, 0, 0);\"><span style=\"font-size: 10pt;\"><span lang=\"DE\"> <\/p>\n<div style=\"text-align: justify;\"><span style=\"font-size: 14px;\"><\/p>\n<p> Die  ehemals in der Sakristei befindliche Madonna (befand sich anstelle der gotischen einstmals auf dem<\/span> <span style=\"font-size: 14px;\">Marienaltar <\/span><span lang=\"DE\"><span style=\"font-size: 10pt;\"><span lang=\"DE\"><span style=\"font-size: 14px;\">\u2013 siehe rechtes Foto<\/span><\/span><\/span><\/span><span style=\"font-size: 14px;\">) soll aus 1900 stammen (befindet sich derzeit auf dem Hochaltar  angebracht) und ist nach HR Architekt Dipl.-Ing. Wilhelm Zotti eine  gute Arbeit eines  S\u00fcdtiroler Bildschnitzers (wie Ferdinand Stuflesser, Josef Rifesser, &#8230;).<\/span>    <span style=\"font-size: 14px;\"><strong><br \/> <\/strong><\/span><\/div>\n<p> <\/span><\/span><\/span><\/div>\n<div style=\"text-align: justify;\"><span style=\"color: rgb(0, 0, 0);\">  <\/span><\/div>\n<div style=\"text-align: center;\"><span style=\"color: rgb(0, 0, 0);\"><span style=\"font-size: 10pt;\"><span lang=\"DE\"> <\/p>\n<div style=\"text-align: justify;\"><span style=\"color: rgb(0, 0, 0);\"><br \/> <\/span><\/div>\n<p> <\/span><\/span><\/span><span style=\"color: rgb(0, 0, 0);\"> <\/span><\/div>\n<div style=\"text-align: justify;\"><span style=\"color: rgb(0, 0, 0);\"><br \/> <\/span><\/div>\n<p> <span style=\"color: rgb(0, 0, 0);\">    <\/span><span style=\"color: rgb(0, 0, 0);\">  <\/span><span style=\"color: rgb(0, 0, 0);\"> <\/p>\n<div style=\"text-align: center;\"><span style=\"font-size: 14px;\"><strong>  <\/strong><\/span><span style=\"font-size: 14px;\"><strong> <\/strong><\/span><img decoding=\"async\" style=\"width: 345px; height: 517px;\" src=\"http:\/\/www.zelking.grafikweb.eu\/images\/stories\/pfk 7.jpg\" alt=\"\" \/><br \/> <span style=\"font-size: 14px;\">Marienaltar (M\u00e4rz 2011)<\/p>\n<p> <\/span><\/div>\n<p> <\/span>  <span style=\"color: rgb(0, 0, 0);\">        <\/span> <\/p>\n<div style=\"text-align: center;\"><span style=\"color: rgb(0, 0, 0);\"><img decoding=\"async\" style=\"width: 161px; height: 286px;\" src=\"http:\/\/www.zelking.grafikweb.eu\/images\/stories\/pfk 7 b.jpg\" alt=\"\" \/> <\/span><img decoding=\"async\" alt=\"\" src=\"http:\/\/www.zelking.grafikweb.eu\/images\/stories\/kirchenfuehrer\/pfk 6 a.jpg\" style=\"width: 229px; height: 287px;\" \/><span style=\"color: rgb(0, 0, 0);\"> <\/span><img decoding=\"async\" alt=\"\" src=\"http:\/\/www.zelking.grafikweb.eu\/images\/stories\/pfk 9.jpg\" style=\"width: 118px; height: 287px;\" \/><br \/> <span style=\"color: rgb(0, 0, 0);\"> <span style=\"font-size: 14px;\">Der rechte Fu\u00df des linken Engels hat (siehe mittige Aufnahme) einen abgeschr\u00e4gten Fu\u00dfteil <\/span><\/span><span lang=\"DE\"><span style=\"color: rgb(0, 0, 0);\"><span lang=\"DE\"><span lang=\"DE\"><span style=\"font-size: 14px;\">\u2013<\/span><\/span><\/span><\/span><\/span><br \/> <span style=\"color: rgb(0, 0, 0);\"><span style=\"font-size: 14px;\"> ein Hinweis, dass beide aus dem fr\u00fcheren Hochaltar stammen&#160; <\/span><br \/> <\/span><\/div>\n<div style=\"text-align: justify;\"><span style=\"color: rgb(0, 0, 0);\"> <\/span><\/div>\n<div style=\"text-align: justify;\"><span style=\"color: rgb(0, 0, 0);\"><span lang=\"DE\"><span lang=\"DE\"><span style=\"font-size: 14px;\"><\/p>\n<p> 1514 erfolgte die Aufstellung eines Fl\u00fcgelaltars (!) \u2013 \u201eUnser lieben Frau<span lang=\"IT\"><span lang=\"DE\"><span lang=\"DE\">\u201c<\/span><\/span><\/span> (<span lang=\"DE\">Geschichtliche Beilagen<span lang=\"IT\">,<\/span> Band 17, 2001, Seite<\/span>   578), wovon die Madonna mit Kind (am derzeitigen Marienaltar) stammte   (wobei beide in einer 1909 erschienenen Abbildung noch barocke Kronen   trugen!).Der Frauenaltar   stammte vermutlich von Hanns Peham, Maler, Glaser und B\u00fcrger von Melk,   wurde aber 1846 durch den neuen Hochaltar ersetzt. Aus den Bestandteilen   des fr\u00fcheren Hochaltares (und mit einem Sinzendorf\u2019schen Wappen   versehen) wurde dann dieser Seitenaltar (mit in Adoration befindlichen   Engeln\/Putten) zusammengestellt (<span lang=\"DE\">Geschichtliche Beilagen<span lang=\"IT\">,<\/span> Band 17, 2001, Seite <\/span>578) und um 1940 (?) leicht abge\u00e4ndert \u2013 was dem heutigen Aussehen entspricht.<\/span><span style=\"font-size: 14px;\"><span lang=\"DE\">  <\/span><\/span><span style=\"font-size: 14px;\">Der \u201eAufsatz<span lang=\"DE\"><span lang=\"DE\"><span lang=\"DE\">\u201c<\/span><\/span><\/span> am Marienaltar stammt vom ehemaligen Hochaltar.<br \/> <\/span><span style=\"font-size: 14px;\">Die oberen, etwas kleineren Putten stammen aus dem ehemaligen Nepomuk-Altar.<\/span><span style=\"font-size: 14px;\"><\/p>\n<p> Auf dem Altartisch des Marienaltares wurde bis 2005 das handgeschnitzte \u201eKripperl<span lang=\"DE\"><span lang=\"DE\"><span lang=\"DE\">\u201c<\/span><\/span><\/span> aufgestellt.<\/span><\/span><\/span><\/span><\/div>\n<p> <span style=\"color: rgb(0, 0, 0);\">  <\/span> <\/p>\n<div style=\"text-align: justify;\"><span style=\"font-size: 10pt; color: rgb(0, 0, 0);\"><span lang=\"DE\"><span style=\"font-size: 10pt; color: rgb(0, 0, 0);\"><span lang=\"DE\"><span style=\"color: rgb(0, 0, 0);\"> <\/span><\/span><\/span><\/span><\/span><\/div>\n<div style=\"text-align: center;\"><span style=\"font-size: 10pt; color: rgb(0, 0, 0);\"><span lang=\"DE\"><span style=\"font-size: 10pt; color: rgb(0, 0, 0);\"><span lang=\"DE\"><span style=\"color: rgb(0, 0, 0);\"> <\/p>\n<div style=\"text-align: justify;\"> &#160;<\/div>\n<p> <\/span><\/span><\/span><\/span><\/span><\/div>\n<div style=\"text-align: justify;\"><span style=\"color: rgb(0, 0, 0);\"><span style=\"font-size: 10pt;\"><span lang=\"DE\"><span style=\"font-size: 10pt;\"><span lang=\"DE\"> <\/span><\/span><\/span><\/span><\/span><\/div>\n<div style=\"text-align: center;\"><span style=\"color: rgb(0, 0, 0);\"><span style=\"font-size: 10pt;\"><span lang=\"DE\"><span style=\"font-size: 10pt;\"><span lang=\"DE\"> <\/p>\n<div><img decoding=\"async\" alt=\"\" src=\"http:\/\/www.zelking.grafikweb.eu\/images\/stories\/l l.jpg\" style=\"width: 210px; height: 313px;\" \/> <span lang=\"DE\"><span style=\"font-size: 10pt;\"><span lang=\"DE\"><span style=\"font-size: 10pt;\"><span lang=\"DE\"><span lang=\"DE\"><span lang=\"DE\"><img decoding=\"async\" style=\"width: 209px; height: 313px;\" src=\"http:\/\/www.zelking.grafikweb.eu\/images\/stories\/l r.jpg\" alt=\"\" \/><\/span><\/span><\/span><\/span><\/span><\/span><\/span><\/div>\n<p> <\/span><\/span><\/span><\/span><\/span><\/div>\n<div><span style=\"color: rgb(0, 0, 0);\"><span style=\"font-size: 10pt;\"><span lang=\"DE\"><span style=\"font-size: 10pt;\"><span lang=\"DE\"> <\/span><\/span><\/span><\/span><\/span><span style=\"color: rgb(0, 0, 0);\"><span style=\"font-size: 10pt;\"><span lang=\"DE\"><span style=\"font-size: 10pt;\"><span lang=\"DE\"> <\/span><\/span><\/span><\/span><\/span><\/div>\n<div style=\"text-align: center;\"><span style=\"color: rgb(0, 0, 0);\"><span style=\"font-size: 10pt;\"><span lang=\"DE\"><span style=\"font-size: 10pt;\"><span lang=\"DE\"> <\/p>\n<div style=\"text-align: center;\"><span style=\"color: rgb(0, 0, 0);\"><span lang=\"DE\"><span style=\"font-size: 10pt;\"><span lang=\"DE\"><span style=\"font-size: 10pt;\"><span lang=\"DE\"><span style=\"font-size: 14px;\">Fr\u00fchklassizistische vergoldete Holzleuchter vor 1800 <br \/> (nach einer Beschreibung von Franz Eppel, Die Wachau, Seite 242) <br \/> Vier davon entnommen und als <span lang=\"DE\">\u201eschwammig\/entsorgt deklariert<\/span><\/span><span style=\"font-size: 10pt;\"><span lang=\"DE\"><span style=\"font-size: 14px;\"><span lang=\"DE\"><span lang=\"DE\"><span lang=\"DE\">\u201c<\/p>\n<p> <\/span><\/span><\/span><\/span><\/span><\/span><\/span><\/span><\/span><\/span><\/span><\/span><img decoding=\"async\" alt=\"\" src=\"http:\/\/www.zelking.grafikweb.eu\/images\/stories\/reliquienbehlter m.jpg\" style=\"width: 299px; height: 449px;\" \/><span style=\"color: rgb(0, 0, 0);\"><span lang=\"DE\"><span style=\"font-size: 10pt;\"><span lang=\"DE\"><span style=\"font-size: 10pt;\"><span lang=\"DE\"><span style=\"font-size: 10pt;\"><span lang=\"DE\"><span style=\"font-size: 14px;\"><span lang=\"DE\"><span lang=\"DE\"><span lang=\"DE\"><br \/> Der Reliquienbeh\u00e4lter des Marienaltares<br \/> <\/span><\/span><\/span><\/span><\/span><\/span><strong><span style=\"font-size: 14px;\"><br \/> <\/span><\/strong><\/span><\/span><\/span><\/span><\/span><br \/> <\/span><\/div>\n<div style=\"text-align: center;\"><span style=\"color: rgb(0, 0, 0);\">&#160;&#160; <\/span><img decoding=\"async\" style=\"width: 279px; height: 406px;\" src=\"http:\/\/www.zelking.grafikweb.eu\/images\/stories\/kirchenfuehrer\/zelking sw 1.jpg\" alt=\"\" \/> <img decoding=\"async\" style=\"width: 277px; height: 405px;\" src=\"http:\/\/www.zelking.grafikweb.eu\/images\/stories\/zelking aw 2.jpg\" alt=\"\" \/><br \/> <span style=\"color: rgb(0, 0, 0);\"><span style=\"font-size: 14px;\">Auf den Schwarz-Wei\u00df- Aufnahmen sieht man noch die sechs <\/span><\/span><span lang=\"DE\"><span style=\"color: rgb(0, 0, 0);\"><span lang=\"DE\"><span style=\"font-size: 10pt;\"><span lang=\"DE\"><span style=\"font-size: 10pt;\"><span lang=\"DE\"><span style=\"font-size: 14px;\">(<\/span><\/span><\/span><\/span><\/span><\/span><\/span><\/span><span style=\"color: rgb(0, 0, 0);\"><span style=\"font-size: 14px;\">vier als <\/span><\/span><span lang=\"DE\"><span style=\"color: rgb(0, 0, 0);\"><span style=\"font-size: 10pt;\"><span lang=\"DE\"><span style=\"font-size: 10pt;\"><span lang=\"DE\"><span style=\"color: rgb(0, 0, 0);\"><span lang=\"DE\"><span style=\"font-size: 10pt;\"><span lang=\"DE\"><span style=\"font-size: 10pt;\"><span lang=\"DE\"><span style=\"font-size: 14px;\"><span lang=\"DE\">\u201eschwammig\/entsorgt deklariert<\/span><\/span><span style=\"font-size: 10pt;\"><span lang=\"DE\"><span style=\"font-size: 14px;\"><span lang=\"DE\"><span lang=\"DE\"><span lang=\"DE\">\u201c<\/span><\/span><\/span><\/span><\/span><\/span><\/span><\/span><\/span><\/span><\/span><\/span><\/span><\/span><\/span><\/span><\/span><\/span><span style=\"color: rgb(0, 0, 0);\"><span style=\"font-size: 14px;\">) Kerzenleuchter!<\/p>\n<p> <\/span><\/span><br \/> <span style=\"color: rgb(0, 0, 0);\"><strong><span style=\"font-size: 14px;\"> <\/span><\/strong><strong><span style=\"font-size: 14px;\">Von sechs solch sch\u00f6nen Holzleuchtern befinden sich <\/span><span style=\"font-size: 10pt;\"><span lang=\"DE\"><span style=\"font-size: 14px;\">\u2013<\/span><\/span><\/span><\/strong><strong><span style=\"font-size: 14px;\"> nach der <\/span><span style=\"font-size: 10pt;\"><span lang=\"DE\"><span style=\"font-size: 14px;\">\u201e<\/span><\/span><\/span><span style=\"font-size: 14px;\">schwammig\/entsorgt-Aktion<\/span><span style=\"font-size: 10pt;\"><span lang=\"DE\"><span style=\"font-size: 14px;\"><span lang=\"DE\"><span lang=\"DE\"><span lang=\"DE\">\u201c<\/span><\/span><\/span><\/span><\/span><\/span><\/strong><strong><span style=\"font-size: 14px;\"> nur mehr zwei Leuchter (auf dem Marienaltar) in unserer Pfarrkirche!<\/span><\/strong><span style=\"font-size: 14px;\"><br \/> <\/span><\/span><\/div>\n<p> <\/span><\/span><\/span><\/span><\/span><\/div>\n<div style=\"text-align: justify;\"><span style=\"color: rgb(0, 0, 0);\"><span style=\"font-size: 10pt;\"><span lang=\"DE\"><span style=\"font-size: 10pt;\"><span lang=\"DE\">  <\/span><\/span><\/span><\/span><\/p>\n<p> <\/span><\/div>\n<div style=\"text-align: center;\"><span style=\"color: rgb(0, 0, 0);\"><span style=\"font-size: 16px;\"><strong><span lang=\"DE\"><span lang=\"DE\"><span lang=\"DE\"><span lang=\"DE\">\u201eHl. Grab<span lang=\"DE\"><span lang=\"DE\"><span lang=\"DE\">\u201c<\/span><\/span><\/span><\/span><\/span><\/span><\/span><\/strong><\/span><span lang=\"DE\"><span lang=\"DE\"><span style=\"font-size: 10pt;\"><span lang=\"DE\"><span style=\"font-size: 10pt;\"><span lang=\"DE\"><span style=\"font-size: 14px;\"> <br \/> <\/span><\/span><\/span><\/span><\/span><\/span><\/span><\/span><span lang=\"DE\"><span style=\"font-size: 10pt; color: rgb(0, 0, 0);\"><span lang=\"DE\"><span style=\"font-size: 10pt; color: rgb(0, 0, 0);\"><span lang=\"DE\"><span style=\"color: rgb(0, 0, 0);\"> <\/span><\/span><\/span><\/span><\/span><\/span><\/div>\n<div style=\"text-align: center;\"><span lang=\"DE\"><span style=\"font-size: 10pt; color: rgb(0, 0, 0);\"><span lang=\"DE\"><span style=\"font-size: 10pt; color: rgb(0, 0, 0);\"><span lang=\"DE\"><span style=\"color: rgb(0, 0, 0);\"> <\/p>\n<div style=\"text-align: justify;\"><span style=\"color: rgb(0, 0, 0);\"><span style=\"font-size: 14px;\"><br \/> <\/span><br \/> <\/span><\/div>\n<p> <\/span><\/span><\/span><\/span><\/span><\/span><\/div>\n<div><span style=\"color: rgb(0, 0, 0);\"> <\/span><\/div>\n<p> <span style=\"color: rgb(0, 0, 0);\"> <\/p>\n<div><span lang=\"DE\"><span style=\"font-size: 10pt;\"><span lang=\"DE\"><span style=\"font-size: 10pt;\"><span lang=\"DE\"> <\/span><\/span><\/span><\/span><\/span><\/div>\n<div style=\"text-align: center;\"><span lang=\"DE\"><span style=\"font-size: 10pt;\"><span lang=\"DE\"><span style=\"font-size: 10pt;\"><span lang=\"DE\"> <\/p>\n<div><img decoding=\"async\" style=\"width: 346px; height: 180px;\" src=\"http:\/\/www.zelking.grafikweb.eu\/images\/stories\/kirchenfuehrer\/b28.jpg\" alt=\"\" \/><span style=\"font-size: 14px;\"><br \/> <\/span><\/div>\n<p> <\/span><\/span><\/span><\/span><\/span><\/div>\n<p> <\/span> <\/p>\n<div><span style=\"color: rgb(0, 0, 0);\"> <\/span><\/div>\n<div><span style=\"color: rgb(0, 0, 0);\"> <\/span><\/div>\n<div><span style=\"color: rgb(0, 0, 0);\"> <\/span><\/div>\n<p> <span style=\"color: rgb(0, 0, 0);\"> <\/p>\n<div><span lang=\"DE\"><span style=\"font-size: 10pt;\"><span lang=\"DE\"><span style=\"font-size: 10pt;\"><span lang=\"DE\">   <\/span><\/span><\/span><\/span><\/span><\/div>\n<p> <\/span> <\/p>\n<div><span style=\"color: rgb(0, 0, 0);\">  <\/span><span style=\"color: rgb(0, 0, 0);\"> <\/span><\/div>\n<p> <span style=\"color: rgb(0, 0, 0);\"> <\/p>\n<div><span lang=\"DE\"><span style=\"font-size: 10pt;\"><span lang=\"DE\"><span style=\"font-size: 10pt;\"><span lang=\"DE\"> <\/span><\/span><\/span><\/span><\/span><\/div>\n<div style=\"text-align: center;\"><span lang=\"DE\"><span style=\"font-size: 10pt;\"><span lang=\"DE\"><span style=\"font-size: 10pt;\"><span lang=\"DE\"> <\/p>\n<div><span style=\"font-size: 14px;\">Unter der Mensa befindet sich ein \u201eHl. Grab<span lang=\"DE\"><span lang=\"DE\"><span lang=\"DE\">\u201c<\/span><\/span><\/span> \u2013 unter Pf. Platzer 1896 errichtet<\/span><span lang=\"DE\"><br \/> <\/span><\/div>\n<div style=\"text-align: justify;\"> &#160;<\/div>\n<div><span lang=\"DE\"> <\/span><img decoding=\"async\" alt=\"\" src=\"http:\/\/www.zelking.grafikweb.eu\/images\/stories\/hl. grab leer.jpg\" style=\"width: 345px; height: 230px;\" \/><span lang=\"DE\"><br \/> <span style=\"font-size: 14px;\">Das leere <\/span><span lang=\"DE\"><span style=\"font-size: 10pt;\"><span lang=\"DE\"><span style=\"font-size: 10pt;\"><span lang=\"DE\"><span style=\"font-size: 14px;\">\u201eHl. Grab<span lang=\"DE\"><span lang=\"DE\"><span lang=\"DE\">\u201c (am Ostermontag 2011)<\/span><\/span><\/span><\/span><\/span><\/span><\/span><\/span><\/span> <br \/> <\/span><\/div>\n<p> <\/span><\/span><\/span><\/span><\/span><\/div>\n<p> <\/span> <\/p>\n<div><span style=\"color: rgb(0, 0, 0);\"> <\/span><\/div>\n<div><span style=\"color: rgb(0, 0, 0);\"> <\/span><\/div>\n<div><span style=\"color: rgb(0, 0, 0);\"> <\/span><\/div>\n<p> <span style=\"color: rgb(0, 0, 0);\"> <\/p>\n<div><span lang=\"DE\"><span style=\"font-size: 10pt;\"><span lang=\"DE\"><span style=\"font-size: 10pt;\"><span lang=\"DE\"> <\/span><\/span><\/span><\/span><\/span><\/div>\n<p> <\/span> <\/p>\n<div style=\"text-align: justify;\"><span style=\"color: rgb(0, 0, 0);\"> <\/span><\/div>\n<div style=\"text-align: justify;\"><span style=\"color: rgb(0, 0, 0);\"><br \/> <\/span><\/div>\n<div><span style=\"color: rgb(0, 0, 0);\"><span style=\"font-size: 14px;\"><br \/> <\/span><br \/> <\/span><\/div>\n<div><span style=\"color: rgb(0, 0, 0);\"> <\/span><\/div>\n<div><span style=\"color: rgb(0, 0, 0);\"> <\/span><\/div>\n<p> <span style=\"color: rgb(0, 0, 0);\"> <\/p>\n<div style=\"text-align: center;\"><span lang=\"DE\"><span style=\"font-size: 16px;\"><strong>Putti<\/strong><\/span><\/span><\/div>\n<p> <\/span> <\/p>\n<div>&#160;<\/div>\n<div>&#160;<\/div>\n<div><span style=\"color: rgb(0, 0, 0);\"> <\/span><\/div>\n<div><span style=\"color: rgb(0, 0, 0);\"> <\/span><\/div>\n<p> <span style=\"color: rgb(0, 0, 0);\"> <\/p>\n<div><span lang=\"DE\"> <\/span><\/div>\n<p> <\/span> <\/p>\n<div style=\"text-align: justify;\"><span style=\"color: rgb(0, 0, 0);\"> <\/span><span style=\"color: rgb(0, 0, 0);\"> <\/p>\n<div style=\"text-align: center;\"><span style=\"color: rgb(0, 0, 0);\"><span style=\"font-size: 14px;\"><img decoding=\"async\" style=\"width: 193px; height: 223px;\" src=\"http:\/\/www.zelking.grafikweb.eu\/images\/stories\/putte ol a.jpg\" alt=\"\" \/> <img decoding=\"async\" style=\"width: 162px; height: 223px;\" src=\"http:\/\/www.zelking.grafikweb.eu\/images\/stories\/putte or a.jpg\" alt=\"\" \/><br \/> <\/span><\/span><\/div>\n<p> <\/span><span style=\"color: rgb(0, 0, 0);\">  <\/span><span style=\"color: rgb(0, 0, 0);\">  <\/span><span style=\"color: rgb(0, 0, 0);\"> <\/p>\n<div style=\"text-align: center;\"><span style=\"font-size: 14px;\">Obere Putten (links\/rechts)<br \/> <\/span><\/div>\n<p> <\/span> <\/p>\n<div style=\"text-align: justify;\"><span style=\"color: rgb(0, 0, 0);\"><span style=\"font-size: 14px;\"><br \/> <\/span><br \/> <\/span><\/div>\n<p> <span style=\"color: rgb(0, 0, 0);\">  <\/span><span style=\"color: rgb(0, 0, 0);\"> <\/p>\n<div style=\"text-align: center;\"><span style=\"color: rgb(0, 0, 0);\"><span style=\"font-size: 14px;\"><img decoding=\"async\" style=\"width: 160px; height: 218px;\" src=\"http:\/\/www.zelking.grafikweb.eu\/images\/stories\/putte ul a.jpg\" alt=\"\" \/> <img decoding=\"async\" style=\"width: 146px; height: 219px;\" src=\"http:\/\/www.zelking.grafikweb.eu\/images\/stories\/putte ul b.jpg\" alt=\"\" \/> <img decoding=\"async\" style=\"width: 192px; height: 220px;\" src=\"http:\/\/www.zelking.grafikweb.eu\/images\/stories\/putte ur a.jpg\" alt=\"\" \/><\/span><\/span><\/div>\n<p> <\/span><span style=\"color: rgb(0, 0, 0);\">    <\/span><span style=\"color: rgb(0, 0, 0);\"> <\/p>\n<div style=\"text-align: center;\"><span style=\"color: rgb(0, 0, 0);\"><span style=\"font-size: 14px;\">   Untere Putten (mittig der besch\u00e4digte rechte Fu\u00df der linken Figur)<br \/> <\/span><\/span><\/div>\n<p> <\/span><span style=\"color: rgb(0, 0, 0);\">  <\/span> <\/p>\n<div style=\"text-align: justify;\"><span style=\"color: rgb(0, 0, 0);\"> <\/span><\/div>\n<div><span style=\"color: rgb(0, 0, 0);\">    <\/p>\n<p> <\/span><span style=\"color: rgb(0, 0, 0);\"> <\/span><\/div>\n<p> <span style=\"font-size: 14px;\">  <\/span><span style=\"color: rgb(0, 0, 0);\"> <\/span>  <span style=\"color: rgb(0, 0, 0);\">  <\/span><span style=\"color: rgb(0, 0, 0);\"> <\/p>\n<div style=\"text-align: center;\"><span style=\"color: rgb(0, 0, 0);\"><span style=\"font-size: 16px;\"><strong>Ich sehe dich in tausend Bildern<\/strong><br \/> <\/span><span style=\"font-size: 14px;\"><br \/> Ich sehe dich in tausend Bildern,<br \/> Maria, lieblich ausgedr\u00fcckt,<br \/> dich keins von allen kann dich schildern,<br \/> wie meine Seele dich erblickt.<\/p>\n<p> Ich wei\u00df nur, dass der Welt Get\u00fcmmel<br \/> seitdem mir wie ein Traum verweht<br \/> und ein unnennbar s\u00fc\u00dfer Himmel<br \/> mir ewig im Gem\u00fcte steht.<br \/> Novalis<\/span><\/span><\/div>\n<p> <\/span><span style=\"color: rgb(0, 0, 0);\">  <\/span> <\/p>\n<div style=\"text-align: justify;\"><span style=\"color: rgb(0, 0, 0);\"><br \/> <\/span><span style=\"color: rgb(0, 0, 0);\"><br \/> <\/span><\/div>\n<div><span style=\"color: rgb(0, 0, 0);\">  <\/span><span style=\"color: rgb(0, 0, 0);\"> <\/span><\/div>\n<p> <span style=\"color: rgb(0, 0, 0);\"> <\/p>\n<div style=\"text-align: center;\"><span style=\"color: rgb(0, 0, 0);\"><span style=\"font-size: 14px;\"><img decoding=\"async\" style=\"width: 100px; height: 313px;\" src=\"http:\/\/www.zelking.grafikweb.eu\/images\/stories\/kirchenfuehrer\/b108.jpg\" alt=\"\" \/> <img decoding=\"async\" alt=\"\" src=\"http:\/\/www.zelking.grafikweb.eu\/images\/stories\/fenster b.jpg\" style=\"width: 104px; height: 313px;\" \/><\/span><\/span><\/div>\n<p> <\/span> <\/p>\n<div style=\"text-align: center;\"><span style=\"color: rgb(0, 0, 0);\">  <\/span><span style=\"color: rgb(0, 0, 0);\">  <\/span><span style=\"color: rgb(0, 0, 0);\"> <\/span><\/div>\n<div style=\"text-align: center;\"><span style=\"color: rgb(0, 0, 0);\"> <\/span><\/div>\n<p> <span style=\"color: rgb(0, 0, 0);\"> <\/p>\n<div style=\"text-align: center;\"><span style=\"font-size: 14px;\"> Alt &amp; Neu<br \/> <\/span><\/div>\n<p> <\/span> <\/p>\n<div><span style=\"color: rgb(0, 0, 0);\">    <\/span><span style=\"color: rgb(0, 0, 0);\"> <\/span><\/div>\n<p> <span style=\"color: rgb(0, 0, 0);\"> <\/span> <\/p>\n<div><span style=\"color: rgb(0, 0, 0);\"> <\/span><\/div>\n<p> <span style=\"color: rgb(0, 0, 0);\"> <\/p>\n<div><span style=\"font-size: 14px;\"> <\/span><\/div>\n<p> <\/span> <\/p>\n<div><span style=\"color: rgb(0, 0, 0);\"> <\/span><\/div>\n<div><span style=\"color: rgb(0, 0, 0);\"> <\/span><\/div>\n<div><span style=\"color: rgb(0, 0, 0);\">  <\/span><span style=\"color: rgb(0, 0, 0);\"> <\/span><\/div>\n<div><span style=\"color: rgb(0, 0, 0);\"> <\/span><\/div>\n<p> <span style=\"color: rgb(0, 0, 0);\"> <\/p>\n<div><span style=\"font-size: 10pt;\"><span lang=\"DE\"> <\/span><\/span><\/div>\n<p> <\/span> <\/p>\n<div><span style=\"color: rgb(0, 0, 0);\"> <\/span><\/div>\n<div><span style=\"color: rgb(0, 0, 0);\"> <\/span><\/div>\n<p> <span style=\"color: rgb(0, 0, 0);\"> <\/p>\n<div><span style=\"font-size: 10pt;\"><span lang=\"DE\"> <\/span><\/span><\/div>\n<p> <\/span> <\/p>\n<div><span style=\"color: rgb(0, 0, 0);\"> <\/span><\/div>\n<div><span style=\"color: rgb(0, 0, 0);\"> <\/span><\/div>\n<p> <span style=\"color: rgb(0, 0, 0);\"> <\/p>\n<div><span style=\"font-size: 10pt;\"><span lang=\"DE\"> <\/span><\/span><\/div>\n<p> <\/span> <span style=\"color: rgb(0, 0, 0);\"> <\/p>\n<div style=\"text-align: center;\"><span style=\"color: rgb(0, 0, 0);\"><span style=\"font-size: 14px;\">Eines der zwei ehem. Fenster (Innenansicht) vom Nordschiff&#160; (wurden durch die Restaurierung gegen wei\u00dfes Glas ersetzt)<\/span> <\/span><\/div>\n<p> <\/span> <\/p>\n<div><span style=\"color: rgb(0, 0, 0);\"> <\/span><\/div>\n<p> <span style=\"color: rgb(0, 0, 0);\"> <\/p>\n<div><span style=\"font-size: 10pt;\"><span lang=\"DE\"> <span style=\"font-size: 10pt;\"><span lang=\"DE\"><span style=\"font-size: 14px;\"> <\/span><\/span><\/span> <\/span><\/span><\/div>\n<p> <\/span> <\/p>\n<div style=\"text-align: justify;\"><span style=\"color: rgb(0, 0, 0);\"><br \/> <\/span><\/div>\n<div><span style=\"color: rgb(0, 0, 0);\">    <\/span><span style=\"color: rgb(0, 0, 0);\"> <br \/> <\/span><\/div>\n<p> <span style=\"color: rgb(0, 0, 0);\"> <\/span><span style=\"color: rgb(0, 0, 0);\"> <\/p>\n<div style=\"text-align: justify;\"><span style=\"font-size: 14px;\"> <\/span><\/div>\n<p> <\/span> <\/p>\n<div style=\"text-align: justify;\"><span style=\"color: rgb(0, 0, 0);\"> <\/span><\/div>\n<div style=\"text-align: justify;\"><span style=\"color: rgb(0, 0, 0);\"> <\/span><span style=\"color: rgb(0, 0, 0);\"> <\/p>\n<div style=\"text-align: justify;\"><span style=\"color: rgb(0, 0, 0);\"><span style=\"font-size: 14px;\">\u00d6ffnungen in drei gedrungenen Spitzbogenarkaden zu dem wesentlich niederen Nordschiff mit Kreuz- und Gurtrippen und geradem Ost-Schluss (darin befindet sich ein Rundfenster mit Wappen Heussenstamm), Anfang 15. Jh.<\/span><\/span><\/div>\n<p> <\/span><span style=\"color: rgb(0, 0, 0);\">  <\/span> <\/p>\n<div style=\"text-align: justify;\"><span style=\"color: rgb(0, 0, 0);\"><span style=\"font-size: 14px;\"><br \/> <\/span><br \/> <\/span><\/div>\n<\/p><\/div>\n<\/p><\/div>\n<p> <span style=\"color: rgb(0, 0, 0);\"> <\/span><span style=\"color: rgb(0, 0, 0);\"><span lang=\"DE\"> <\/p>\n<div style=\"text-align: center;\"><span style=\"color: rgb(0, 0, 0);\"><span style=\"font-size: 14px;\"><img decoding=\"async\" style=\"width: 350px; height: 235px;\" src=\"http:\/\/www.zelking.grafikweb.eu\/images\/stories\/gemeinde\/gewlbe 6.jpg\" alt=\"\" \/> <\/span><img decoding=\"async\" alt=\"\" src=\"http:\/\/www.zelking.grafikweb.eu\/images\/stories\/gewlbe 5.jpg\" style=\"width: 157px; height: 236px;\" \/><\/span><\/div>\n<div style=\"text-align: center;\"><span style=\"color: rgb(0, 0, 0);\">     <\/span><\/div>\n<div><span style=\"color: rgb(0, 0, 0);\">  <\/span><span style=\"color: rgb(0, 0, 0);\">  <\/span><span style=\"color: rgb(0, 0, 0);\"> <\/span><\/div>\n<p> <span style=\"color: rgb(0, 0, 0);\"> <\/p>\n<div style=\"text-align: center;\"><span lang=\"DE\"><span style=\"font-size: 14px;\">Gew\u00f6lbe im Nordschiff<\/span><\/span><\/div>\n<p> <\/span> <\/p>\n<div><span style=\"color: rgb(0, 0, 0);\"><br \/> <span style=\"font-size: 14px;\"><br \/> Im Boden vor dem Marienaltar befindet sich eine gro\u00dfe rote Marmorplatte (136 x 274 cm) mit zwei eingeritzte Wappen (sehr abgetreten). Die Inschrift lautet nach alten Schriften: Anno dni MCCCCXIIII feria sexta obiit dna Katherina (\u2020 1414 *) uxor dni Hainrici de Zelcing (\u2020 1420) hic sepulta.<br \/> <\/span><\/span><span style=\"color: rgb(0, 0, 0);\"><span style=\"font-size: 14px;\">(* Nach der Stammtafel der Herren von Zelking ist Katharina von Zelking 1413 verstorben.)<\/p>\n<p> <\/span> <\/span> <span style=\"color: rgb(0, 0, 0);\">  <\/span><\/div>\n<div style=\"text-align: center;\"><span style=\"color: rgb(0, 0, 0);\"><img decoding=\"async\" style=\"width: 207px; height: 419px;\" src=\"http:\/\/www.zelking.grafikweb.eu\/images\/stories\/grab 1.jpg\" alt=\"\" \/><\/span><\/div>\n<div style=\"text-align: center;\"><span style=\"color: rgb(0, 0, 0);\">   <\/span><\/div>\n<div style=\"text-align: center;\"><span style=\"color: rgb(0, 0, 0);\"> <\/span><\/div>\n<p> <span style=\"color: rgb(0, 0, 0);\">  <\/span><span style=\"color: rgb(0, 0, 0);\">  <\/span><span style=\"color: rgb(0, 0, 0);\"> <\/p>\n<div style=\"text-align: center;\"><span style=\"font-size: 14px;\">Grabplatte (Erdbestattung) von Heinrich und Katharina von Zelking<\/p>\n<p> <\/span><\/div>\n<p> <\/span> <\/p>\n<div style=\"text-align: center;\"><span style=\"color: rgb(0, 0, 0);\">  <\/span><\/div>\n<div style=\"text-align: justify;\">&#160;<\/div>\n<div style=\"text-align: center;\"><span style=\"color: rgb(0, 0, 0);\"><img decoding=\"async\" style=\"width: 271px; height: 180px;\" src=\"http:\/\/www.zelking.grafikweb.eu\/images\/stories\/pfk 3.jpg\" alt=\"\" \/><\/span><\/div>\n<div style=\"text-align: center;\"><span style=\"color: rgb(0, 0, 0);\">   <\/span><\/div>\n<div style=\"text-align: center;\"><span style=\"color: rgb(0, 0, 0);\"> <\/span><\/div>\n<p> <span style=\"color: rgb(0, 0, 0);\">  <\/span><span style=\"color: rgb(0, 0, 0);\">  <\/span><span style=\"color: rgb(0, 0, 0);\"> <\/p>\n<div style=\"text-align: center;\"><span style=\"font-size: 14px;\">Weihwasserbecken aus Granit<\/span><\/div>\n<p> <\/span> <\/p>\n<div style=\"text-align: center;\"><span style=\"color: rgb(0, 0, 0);\">  <\/span><\/div>\n<div style=\"text-align: justify;\">&#160;<\/div>\n<div style=\"text-align: center;\"><span style=\"color: rgb(0, 0, 0);\"> <\/span><\/div>\n<div style=\"text-align: center;\"><span style=\"color: rgb(0, 0, 0);\">   <\/span><\/div>\n<div style=\"text-align: center;\"><span style=\"color: rgb(0, 0, 0);\"> <\/span><\/div>\n<p> <span style=\"color: rgb(0, 0, 0);\">  <\/span><span style=\"color: rgb(0, 0, 0);\"> <\/p>\n<div style=\"text-align: justify;\">&#160;<\/div>\n<p> <\/span><span style=\"color: rgb(0, 0, 0);\"> <\/p>\n<div style=\"text-align: center;\"><span style=\"font-size: 14px;\"> <\/span><\/div>\n<p> <\/span> <\/p>\n<div style=\"text-align: center;\"><span style=\"color: rgb(0, 0, 0);\">  <\/span><\/div>\n<p> <span style=\"color: rgb(0, 0, 0);\"> <\/span><span style=\"color: rgb(0, 0, 0);\"> <\/p>\n<div style=\"text-align: center;\"><img decoding=\"async\" alt=\"\" src=\"http:\/\/www.zelking.grafikweb.eu\/images\/stories\/glasfenster a.jpg\" style=\"width: 197px; height: 194px;\" \/><br \/> <span style=\"font-size: 14px;\">Glasfenster mit dem Heussenstammwappen (an der westlichen Au\u00dfenmauer)<br \/> <\/span><\/div>\n<p> <\/span> <\/p>\n<div style=\"text-align: center;\"><span style=\"color: rgb(0, 0, 0);\">  <\/span><\/div>\n<div style=\"text-align: justify;\">&#160;<\/div>\n<div style=\"text-align: center;\"><span style=\"color: rgb(0, 0, 0);\">  <\/span><\/div>\n<div style=\"text-align: justify;\">&#160;<\/div>\n<div style=\"text-align: center;\"><span style=\"color: rgb(0, 0, 0);\"> <\/span><\/div>\n<div style=\"text-align: center;\"><span style=\"color: rgb(0, 0, 0);\"> <\/span><\/div>\n<p> <span style=\"color: rgb(0, 0, 0);\">  <\/span><span style=\"color: rgb(0, 0, 0);\"> <\/p>\n<div style=\"text-align: center;\"><span style=\"color: rgb(0, 0, 0);\"><img decoding=\"async\" alt=\"\" src=\"http:\/\/www.zelking.grafikweb.eu\/images\/stories\/pfk 5.jpg\" style=\"width: 200px; height: 421px;\" \/><span style=\"font-size: 14px;\"><br \/> Haupteingangst\u00fcre <\/span><span lang=\"DE\"><span style=\"font-size: 10pt;\"><span lang=\"DE\"><span style=\"font-size: 14px;\">\u2013 Innenansicht<\/span><\/span><\/span><\/span><span style=\"font-size: 14px;\"><br \/> <\/span><\/span><\/div>\n<p> <\/span><span style=\"color: rgb(0, 0, 0);\">  <\/span> <\/p>\n<div style=\"text-align: justify;\"><span style=\"color: rgb(0, 0, 0);\"><br \/> <\/span><\/div>\n<div style=\"text-align: center;\"><span style=\"color: rgb(0, 0, 0);\">    <\/span><\/div>\n<p> <span style=\"color: rgb(0, 0, 0);\"> <\/p>\n<div><span lang=\"DE\"><span lang=\"DE\"><span style=\"font-size: 14px;\"><br \/> 215 Sitzpl\u00e4tze (ohne Emporebereich und Notst\u00fchle)<\/span><\/span><\/span>&#160;<span style=\"font-size: 14px;\"> <\/span><\/div>\n<p> <\/span> <\/p>\n<div style=\"text-align: center;\"><span style=\"color: rgb(0, 0, 0);\"> <\/span><\/div>\n<div style=\"text-align: center;\"><span style=\"color: rgb(0, 0, 0);\"> <\/span><\/div>\n<p> <span style=\"color: rgb(0, 0, 0);\">  <\/span><span style=\"color: rgb(0, 0, 0);\"> <\/p>\n<div style=\"text-align: justify;\"> &#160;<\/div>\n<div style=\"text-align: center;\"><img decoding=\"async\" alt=\"\" src=\"http:\/\/www.zelking.grafikweb.eu\/images\/stories\/pfk. ostern.jpg\" \/><br \/> <span style=\"font-size: 14px;\">Langhaus\/Choraumbereich, Ostermontag 2011<\/span><\/div>\n<div style=\"text-align: justify;\">&#160;<\/div>\n<p> <\/span> <\/span><\/span> <\/p>\n<div><span style=\"color: rgb(0, 0, 0);\"><span lang=\"DE\"> <\/span><\/span><\/div>\n<div style=\"text-align: justify;\"><span style=\"font-size: 10pt; color: rgb(0, 0, 0);\"><span lang=\"DE\"> <\/span><\/span><\/div>\n<div><span style=\"font-size: 10pt; color: rgb(0, 0, 0);\"><span lang=\"DE\"> <\/p>\n<div style=\"text-align: justify;\"><span style=\"font-size: 10pt; color: rgb(0, 0, 0);\"><span lang=\"DE\"> <\/span><\/span><\/div>\n<div style=\"text-align: justify;\"><span style=\"font-size: 10pt; color: rgb(0, 0, 0);\"><span lang=\"DE\"> <\/p>\n<div style=\"text-align: justify;\">\n<div style=\"text-align: justify;\">\n<div style=\"text-align: justify;\"><span style=\"font-size: 10pt; color: rgb(0, 0, 0);\"><span lang=\"DE\"> <\/span><\/span><\/div>\n<\/p><\/div>\n<\/p><\/div>\n<p> <\/span><\/span><\/div>\n<p> <\/span><\/span><\/div>\n<p style=\"text-align: justify;\"><span style=\"font-size: 10pt; color: rgb(0, 0, 0);\"><span lang=\"DE\"> <\/span><\/span><\/p>\n<\/p><\/div>\n<p> <\/span><\/div>\n<div style=\"text-align: justify;\"><span style=\"color: rgb(0, 0, 0);\"> <\/span><\/div>\n","protected":false},"excerpt":{"rendered":"<p>Inneneinrichtung, &#8230; Aquarell Hochaltar von Frau Melanie Fr\u00f6schl (2003)&#160; Danke f\u00fcr das Original Dieses Bild zeigt den Innenraum (von Blickrichtung Langhaus&#160; zum Chorraum) noch vor der Restaurierung mit den alten Kehlheimer Platten und den in barocker Form gehaltenen (alten) Gest\u00fchlen, mit dem 2000 entferntem Speisgitter sowie die vormals in Hell-, Mittel- und&#160; Dunkelbraun gestrichenen Kreuz-, [&hellip;]<\/p>\n","protected":false},"author":2,"featured_media":0,"comment_status":"open","ping_status":"open","sticky":false,"template":"","format":"standard","meta":{"footnotes":""},"categories":[28],"tags":[],"class_list":["post-315","post","type-post","status-publish","format-standard","hentry","category-zelking"],"_links":{"self":[{"href":"https:\/\/zelking.grafikweb.eu\/index.php?rest_route=\/wp\/v2\/posts\/315","targetHints":{"allow":["GET"]}}],"collection":[{"href":"https:\/\/zelking.grafikweb.eu\/index.php?rest_route=\/wp\/v2\/posts"}],"about":[{"href":"https:\/\/zelking.grafikweb.eu\/index.php?rest_route=\/wp\/v2\/types\/post"}],"author":[{"embeddable":true,"href":"https:\/\/zelking.grafikweb.eu\/index.php?rest_route=\/wp\/v2\/users\/2"}],"replies":[{"embeddable":true,"href":"https:\/\/zelking.grafikweb.eu\/index.php?rest_route=%2Fwp%2Fv2%2Fcomments&post=315"}],"version-history":[{"count":0,"href":"https:\/\/zelking.grafikweb.eu\/index.php?rest_route=\/wp\/v2\/posts\/315\/revisions"}],"wp:attachment":[{"href":"https:\/\/zelking.grafikweb.eu\/index.php?rest_route=%2Fwp%2Fv2%2Fmedia&parent=315"}],"wp:term":[{"taxonomy":"category","embeddable":true,"href":"https:\/\/zelking.grafikweb.eu\/index.php?rest_route=%2Fwp%2Fv2%2Fcategories&post=315"},{"taxonomy":"post_tag","embeddable":true,"href":"https:\/\/zelking.grafikweb.eu\/index.php?rest_route=%2Fwp%2Fv2%2Ftags&post=315"}],"curies":[{"name":"wp","href":"https:\/\/api.w.org\/{rel}","templated":true}]}}