{"id":340,"date":"2011-03-07T12:54:49","date_gmt":"2011-03-07T12:54:49","guid":{"rendered":"https:\/\/zelking.com\/2011\/03\/07\/die-pfarrhoefe-matzleinsdorf-und-zelking\/"},"modified":"2011-03-07T12:54:49","modified_gmt":"2011-03-07T12:54:49","slug":"die-pfarrhoefe-matzleinsdorf-und-zelking","status":"publish","type":"post","link":"https:\/\/zelking.grafikweb.eu\/?p=340","title":{"rendered":"Der Pfarrhof Matzleinsdorf"},"content":{"rendered":"<p><span style=\"font-size: 10pt; color: rgb(0, 0, 0);\"><span lang=\"IT\"> <\/p>\n<div style=\"text-align: justify;\"><span style=\"color: rgb(0, 0, 0);\"> <\/p>\n<div style=\"text-align: justify;\"><span style=\"color: rgb(0, 0, 0);\"><br \/> <\/span><span style=\"font-size: 10pt; color: rgb(0, 0, 0);\"><span lang=\"IT\"><span style=\"color: rgb(0, 0, 0);\"><span style=\"color: rgb(0, 0, 0);\"><span style=\"font-size: 16px;\"><strong><br \/> <\/strong><\/span><\/span><\/span><\/span><\/span><\/div>\n<div style=\"text-align: center;\"><span style=\"font-size: 10pt; color: rgb(0, 0, 0);\"><span lang=\"IT\"><span style=\"color: rgb(0, 0, 0);\"><span style=\"color: rgb(0, 0, 0);\"><span style=\"font-size: 16px;\"><strong>Pfarrhof Matzleinsdorf<\/strong><\/span><\/span><\/span><\/span><\/span><span style=\"color: rgb(0, 0, 0);\"> <\/span><\/div>\n<div style=\"text-align: center;\">\n<div style=\"text-align: justify;\"><span style=\"font-size: 14px;\"><strong><br \/> <\/strong><\/span><\/div>\n<p> <span style=\"color: rgb(0, 0, 0);\"> <\/p>\n<div style=\"text-align: justify;\"><span style=\"font-size: 14px;\"><span style=\"color: rgb(0, 0, 0);\"><br \/> Eine Erw\u00e4hnung des ersten Pfarrhofes findet 1544, aber bereits als  bauf\u00e4llig statt (Geschichtliche Beilagen, Band 16, 1998, Seite 133). Der  Bau des neuen, am 19. April 1784 auf Kosten der Kirche (mit einem  Beitrag von der Filialkirche in Maierh\u00f6fen) begonnen, wurde 1785  vollendet. Der Pfarrer hatte inzwischen im Herrenhaus oder Edelhof  gastliche Aufnahme gefunden. <br \/> <\/span><\/span><span style=\"font-size: 10pt; color: rgb(0, 0, 0);\"><span lang=\"IT\"><span style=\"color: rgb(0, 0, 0);\"><span style=\"font-size: 10pt;\"><span style=\"font-size: 14px;\"><span style=\"color: rgb(0, 0, 0);\"><br \/> <br type=\"_moz\" \/> <\/span><\/span><\/span><\/span><\/span><\/span><\/div>\n<p> <\/span> <\/p>\n<div style=\"text-align: center;\">&#160;<img decoding=\"async\" alt=\"\" src=\"http:\/\/www.zelking.grafikweb.eu\/images\/stories\/pfarrhof m 1.jpg\" style=\"width: 200px; height: 301px;\" \/><\/div>\n<div style=\"text-align: center;\"><span style=\"font-size: 10pt; color: rgb(0, 0, 0);\"><span lang=\"IT\"><span style=\"color: rgb(0, 0, 0);\"><span style=\"font-size: 10pt;\"><span style=\"font-size: 14px;\"><span style=\"color: rgb(0, 0, 0);\">Der Pfarrhof, dessen Eingangst\u00fcr das Melker Stiftswappen (zwei gekreuzte Schl\u00fcssel) und die Jahreszahl 1785 tr\u00e4gt, wurde bei der Erhebung der Kirche <span style=\"text-decoration: underline;\">zur<\/span> Pfarrkirche errichtet.<\/span><\/span><\/span><\/span><\/span><\/span><\/div>\n<div style=\"text-align: justify;\"><span style=\"font-size: 14px;\"><span style=\"color: rgb(0, 0, 0);\"><\/p>\n<p> Bei dem feindlichen Einfall der Franzosen  1805 wurde der Pfarrhof gepl\u00fcndert und der Opferstock der Kirche  aufgebrochen, aber ansonsten nichts entwendet. 1809 erlitt die Kirche  durch Pl\u00fcnderung und Verw\u00fcstung einen Schaden von 1470 Gulden  Bankozettel (Keiblinger, Band II, S.&#160;321).<\/span><\/span><\/div>\n<div style=\"text-align: justify;\">\n<p> &#160;<\/p><\/div>\n<p> <span style=\"font-size: 14px;\"> <\/p>\n<div style=\"text-align: justify;\"><span style=\"color: rgb(0, 0, 0);\"> <\/span><\/div>\n<p> <\/span> <\/p>\n<div style=\"text-align: center;\"><span style=\"font-size: 16px;\"><span style=\"color: rgb(0, 0, 0);\"><strong>Pfarrhofrenovierung<\/strong><\/span><\/span><span style=\"font-size: 12pt; color: rgb(0, 0, 0);\"><strong><br \/> <\/strong><\/span><\/div>\n<div style=\"text-align: justify;\"><span style=\"font-size: 10pt;\"> <\/span><\/div>\n<div><span style=\"font-size: 10pt;\"> <\/span><\/div>\n<p> <span style=\"font-size: 10pt;\"> <\/p>\n<div style=\"text-align: justify;\"><span style=\"font-size: 14px;\"><span style=\"color: rgb(0, 0, 0);\"><\/p>\n<p> Vor  Ende 1996 begann man durch den Seelsorger des Stiftes Melk, Pater  Stephan (kam am 1.&#160;September 1996 nach Matzleinsdorf), mit der  Renovierung des etwas heruntergekommenen Pfarrhofes. Die Kosten teilten  sich das Stift Melk (als Inkorporationstr\u00e4ger), die Di\u00f6zese St.&#160;P\u00f6lten  und die Pfarrgemeinde. <\/p>\n<p> <\/span><\/span><\/div>\n<div style=\"text-align: center;\"> <img decoding=\"async\" alt=\"\" src=\"http:\/\/www.zelking.grafikweb.eu\/images\/stories\/pfarrhof m 2.jpg\" style=\"width: 361px; height: 240px;\" \/><br \/> <span style=\"color: rgb(0, 0, 0);\"><span style=\"font-size: 14px;\">Der Eingangbereich des Pfarrhofes<\/span><\/span><\/div>\n<div style=\"text-align: justify;\"><span style=\"font-size: 14px;\"><span style=\"color: rgb(0, 0, 0);\"><\/p>\n<p> Bereits am 5.&#160;Oktober 1997 wurde der Pfarrhof aus  Anlass eines Erntedankfestes von Abt Burkhard Ellegast gesegnet und  seiner Bestimmung \u00fcbergeben (Melker Mitteilungen Nr.&#160;164, M\u00e4rz 1998,  Seite 154\/155).<\/p>\n<p> Aus den Melker Pfarren&#160;&#160;&#160;&#160;&#160;&#160;&#160;&#160;&#160;&#160;&#160;&#160;&#160;&#160;&#160;&#160;&#160;&#160;&#160;&#160;&#160;&#160;&#160;&#160;&#160;&#160;&#160;&#160;&#160;&#160;&#160;&#160;&#160;&#160;&#160;&#160;&#160;&#160;&#160;&#160;&#160;&#160;&#160; <br \/> Mag. Anton Eder (1997)<\/p>\n<p> Pfarre Matzleinsdorf: Pfarrhofrenovierung<\/p>\n<p> Seit 1. September 1996 ist die Pfarre Matzleinsdorf Pater Stephan Holpfer OSB als Seelsorger anvertraut. da die Pfarre bis dahin KR Pf. Edmund Warchol von der Di\u00f6zesanpfarre Zelking aus mitbetreut hatte, lag der Pfarrhof in Matzleinsdorf \u00fcber Jahrzehnte in einem Dornr\u00f6schenschlaf und der Zahn der Zeit nagte zusehends an ihm.<br \/> Mit der Einsetzung Pater Stephans bestand die Notwendigkeit, das Geb\u00e4ude komplett zu restaurieren. Die Vorbereitungen f\u00fcr dieses Projekt wurden sofort in Angriff genommen.<br \/> Neben dem Stift Melk als Inkorporationstr\u00e4ger und der Di\u00f6zese St. P\u00f6lten hatte auch die Pfarrgemeinde f\u00fcr ein Drittel der Kosten aufzukommen. Dies bedeutete insofern eine gewaltige Herausforderung, als die Pfarre \u00fcber keinerlei finanzielle Mittel verf\u00fcgte.<br \/> Ein Teil dieser Kosten wurde durch Eigenleistungen aufgebracht. \u00dcber 1500 Arbeitsstunden wurden von freiwilligen Helfern geleistet. Von besonderem Vorteil war die Tatsache, dass der Polier des Stiftes Melk, Herr Spanseiler, Pfarrgemeinderat in Matzleinsdorf, die Bauaufsicht \u00fcbernahm. Die Arbeit f\u00fcr \u201eunseren Pfarrhof\u201c war f\u00fcr viele Beteiligten, nicht nur bei der Gleichenfeier, ein sch\u00f6nes Gemeinschaftserlebnis.<br \/> Auch der Erl\u00f6s aus den vom Pfarrgemeinderat mit Erfolg organisierten Pfarrball und Pfarrfr\u00fchschoppen floss dem Projekt Pfarrhof zu. Neben der politischen Gemeinde Zelking-Matzleinsdorf trugen viele private Spender ihr Sch\u00e4rflein dazu bei. Pater Stephan gelang es etliche Firmen als Sponsoren zu gewinnen. Auch der Hobbyfu\u00dfballclub Matzleinsdorf organisierte ein Benefizturnier zugunsten des Pfarrhofes.<br \/> Im Fr\u00fchjahr wurden die Bauarbeiten in Angriff genommen. Zun\u00e4chst wurde das Geb\u00e4ude trocken gelegt und nach und nach wurde aus der Baustelle ein stilvolles, mit viel Liebe zum Detail renoviertes Geb\u00e4ude, auf das alle stolz sein k\u00f6nnen.<br \/> Am 5. Oktober 1997 wurde der Pfarrhof anl\u00e4sslich des Erntedankfestes von Abt Burkhard Ellegast gesegnet und seiner Bestimmung \u00fcbergeben. Neben den Kanzleistunden ist der Pfarrhof offen f\u00fcr Ministrantenstunden, Pfarrgemeinderatssitzungen, Bibelrunden, Veranstaltungen des Kath. Bildungswerkes etc.<br \/> Die Wiederbelebung des Pfarrhofes bedeutet eine gro\u00dfe Bereicherung f\u00fcr unser Dorf. Allen Beteiligten, insbesondere Pater Stephan, sei f\u00fcr ihr Engagement herzlich gedankt <\/span><\/span><span style=\"font-size: 10pt; color: rgb(0, 0, 0);\"><span lang=\"IT\"><span style=\"color: rgb(0, 0, 0);\"><span style=\"font-size: 10pt;\"><span style=\"font-size: 14px;\"><span style=\"color: rgb(0, 0, 0);\">(Entnommen aus: <\/span><\/span><\/span><\/span><\/span><\/span><span style=\"font-size: 10pt; color: rgb(0, 0, 0);\"><span lang=\"IT\"><span style=\"color: rgb(0, 0, 0);\"><span style=\"font-size: 10pt;\"><span style=\"font-size: 10pt; color: rgb(0, 0, 0);\"><span lang=\"IT\"><span style=\"color: rgb(0, 0, 0);\"><span style=\"font-size: 10pt;\"><span style=\"font-size: 14px;\"><span style=\"color: rgb(0, 0, 0);\">Melker <\/span><\/span><\/span><\/span><\/span><\/span><\/span><\/span><\/span><\/span><span style=\"font-size: 10pt; color: rgb(0, 0, 0);\"><span lang=\"IT\"><span style=\"color: rgb(0, 0, 0);\"><span style=\"font-size: 10pt;\"><span style=\"font-size: 14px;\"><span style=\"color: rgb(0, 0, 0);\">Mitteilungen M\u00e4rz 1988\/Nr. 164, Seite 154\/155)<\/span><\/span><\/span><\/span><\/span><\/span><span style=\"font-size: 14px;\"><span style=\"color: rgb(0, 0, 0);\">. <\/span><\/span><strong><br \/> <\/strong><\/div>\n<p> <\/span> <\/p>\n<div style=\"text-align: justify;\"><span style=\"font-size: 10pt;\"><br \/> <\/span><\/div>\n<\/p><\/div>\n<p> <\/span><\/div>\n<p> <\/span><\/span><\/p>\n","protected":false},"excerpt":{"rendered":"<p>Pfarrhof Matzleinsdorf Eine Erw\u00e4hnung des ersten Pfarrhofes findet 1544, aber bereits als bauf\u00e4llig statt (Geschichtliche Beilagen, Band 16, 1998, Seite 133). Der Bau des neuen, am 19. April 1784 auf Kosten der Kirche (mit einem Beitrag von der Filialkirche in Maierh\u00f6fen) begonnen, wurde 1785 vollendet. Der Pfarrer hatte inzwischen im Herrenhaus oder Edelhof gastliche Aufnahme [&hellip;]<\/p>\n","protected":false},"author":2,"featured_media":0,"comment_status":"open","ping_status":"open","sticky":false,"template":"","format":"standard","meta":{"footnotes":""},"categories":[27],"tags":[],"class_list":["post-340","post","type-post","status-publish","format-standard","hentry","category-matzleinsdorf"],"_links":{"self":[{"href":"https:\/\/zelking.grafikweb.eu\/index.php?rest_route=\/wp\/v2\/posts\/340","targetHints":{"allow":["GET"]}}],"collection":[{"href":"https:\/\/zelking.grafikweb.eu\/index.php?rest_route=\/wp\/v2\/posts"}],"about":[{"href":"https:\/\/zelking.grafikweb.eu\/index.php?rest_route=\/wp\/v2\/types\/post"}],"author":[{"embeddable":true,"href":"https:\/\/zelking.grafikweb.eu\/index.php?rest_route=\/wp\/v2\/users\/2"}],"replies":[{"embeddable":true,"href":"https:\/\/zelking.grafikweb.eu\/index.php?rest_route=%2Fwp%2Fv2%2Fcomments&post=340"}],"version-history":[{"count":0,"href":"https:\/\/zelking.grafikweb.eu\/index.php?rest_route=\/wp\/v2\/posts\/340\/revisions"}],"wp:attachment":[{"href":"https:\/\/zelking.grafikweb.eu\/index.php?rest_route=%2Fwp%2Fv2%2Fmedia&parent=340"}],"wp:term":[{"taxonomy":"category","embeddable":true,"href":"https:\/\/zelking.grafikweb.eu\/index.php?rest_route=%2Fwp%2Fv2%2Fcategories&post=340"},{"taxonomy":"post_tag","embeddable":true,"href":"https:\/\/zelking.grafikweb.eu\/index.php?rest_route=%2Fwp%2Fv2%2Ftags&post=340"}],"curies":[{"name":"wp","href":"https:\/\/api.w.org\/{rel}","templated":true}]}}