{"id":350,"date":"2011-03-07T16:04:30","date_gmt":"2011-03-07T16:04:30","guid":{"rendered":"https:\/\/zelking.com\/2011\/03\/07\/ort-matzleinsdorf\/"},"modified":"2011-03-07T16:04:30","modified_gmt":"2011-03-07T16:04:30","slug":"ort-matzleinsdorf","status":"publish","type":"post","link":"https:\/\/zelking.grafikweb.eu\/?p=350","title":{"rendered":"Matzleinsdorf (Ort)"},"content":{"rendered":"<div style=\"text-align: justify;\"><span style=\"font-size: 22px;\"><span style=\"color: #000000;\"><strong><br \/> <\/strong><\/span><\/span><\/div>\n<div style=\"text-align: center;\"><span style=\"font-size: 22px;\"><span style=\"color: #000000;\"><\/span><\/span><span style=\"font-size: 20px;\"><span style=\"color: #000000;\"><strong>Matzleinsdorf <\/strong><\/span><span><span style=\"color: #000000;\"><strong>(Ort)<\/strong><\/span><\/span><\/span><\/div>\n<div style=\"text-align: center;\"><span style=\"font-size: 14px;\"><strong><span style=\"color: #000000;\">KG-Nr. 14141<\/span><\/strong><\/span><\/div>\n<div style=\"text-align: center;\"><span style=\"font-size: 14px;\"><strong><span style=\"color: #000000;\"> <\/span><span style=\"color: #000000;\">4,59km\u00b2<\/span><\/strong><\/span><\/div>\n<p>&nbsp;<\/p>\n<div style=\"text-align: center;\">\n<div style=\"text-align: justify;\"><span style=\"color: #000000;\"> <\/span><span style=\"color: #000000;\"><br \/> <\/span><\/div>\n<p> <span style=\"color: #000000;\"> <\/span> <\/p>\n<div style=\"text-align: center;\"><span style=\"font-size: 16px;\"><span style=\"color: #000000;\"><strong>G<\/strong><\/span><span style=\"color: #000000;\"><strong>emeinde Zelking-Matzleinsdorf \u2013 Politischer Bezirk Melk<\/strong><\/span><\/span><\/div>\n<div style=\"text-align: justify;\">\n<p> <span style=\"font-size: 14px;\"><span style=\"color: #000000;\">Das Stra\u00dfendorf liegt westlich der Stadt Melk und scheint bereits 1112 als Macelinisdorf urkundlich auf.<\/span><\/span><\/div>\n<div style=\"text-align: center;\">&nbsp;<\/div>\n<div style=\"text-align: center;\">&nbsp;<\/div>\n<div style=\"text-align: justify;\"><span style=\"font-size: 14px;\"><br \/> <\/span><\/div>\n<div style=\"text-align: justify;\"><span style=\"font-size: 14px;\"><span style=\"font-size: 14px;\"><span style=\"color: #000000;\">(*) Ein Macili (1. Gr\u00fcnder oder Besitzer) scheint 991\/994 bei Verhandlungen unter dem Markgrafen Leopold&nbsp;I. dem Erlauchten und 1115 unter Leopold&nbsp;III. dem Heiligen als Zeuge auf und soll eine Gr\u00fcndung aus der Babenbergischen Herzogszeit sein. <\/span><span style=\"color: #000000;\">Matzleinsdorf ist (nach L. G. Ricek, Wien, 1912, Seite 112) eine Zusammensetzung von Matz (**), Matzo, Matzlein, Mazili, Macelinus, Maeczleinsdorf (* zusammengestellt vom ehemaligen Volksschuldirektor Franz Jell; ** Diminutionsform).<\/span><\/span><\/span><span style=\"color: #000000;\"><\/p>\n<p> <\/span><\/div>\n<div style=\"text-align: center;\"><span style=\"color: #000000;\"> <\/span><img loading=\"lazy\" decoding=\"async\" class=\" size-full wp-image-343\" style=\"width: 341px; height: 239px;\" alt=\"\" src=\"https:\/\/zelking.grafikweb.eu\/wp-content\/uploads\/2011\/03\/2.jpg\" width=\"400\" height=\"282\" srcset=\"https:\/\/zelking.grafikweb.eu\/wp-content\/uploads\/2011\/03\/2.jpg 400w, https:\/\/zelking.grafikweb.eu\/wp-content\/uploads\/2011\/03\/2-300x212.jpg 300w\" sizes=\"auto, (max-width: 400px) 100vw, 400px\" \/><span style=\"color: #000000;\"><br \/> <\/span><span style=\"font-size: 14px;\"><span style=\"color: #000000;\"><span style=\"color: #000000;\">Blick vom ehemaligen Gasthof Hahn Richtung Pfarrkirche (das Haus in der Bildmitte wurde wegen Neu<span style=\"color: #000000;\">bauten<\/span><\/span><\/span><\/span><span style=\"font-size: 14px;\"><span style=\"color: #000000;\"><span style=\"color: #000000;\"> abgerissen)<\/span><br \/> <\/span><span style=\"color: #000000;\"> <\/span><\/span><\/div>\n<div style=\"text-align: justify;\"><span style=\"font-size: 14px;\"><span style=\"color: #000000;\"> <br \/> <\/span><\/span><\/div>\n<p> <span style=\"font-size: 14px;\"><span style=\"color: #000000;\"> <\/span><\/span> <\/p>\n<div style=\"text-align: justify;\"><span style=\"font-size: 14px;\"><span style=\"color: #000000;\"><br \/> Die KG Matzleinsdorf befindet sich auf 237m \u00fcber dem Meeresspiegel am Ende vom Melktal gelegen.<\/span><\/span><span style=\"color: #000000;\"><\/p>\n<p> <\/span><\/div>\n<p> <span style=\"color: #000000;\"> <\/span><\/div>\n<div style=\"text-align: justify;\">&nbsp;<\/div>\n<div style=\"text-align: center;\"><img loading=\"lazy\" decoding=\"async\" class=\" size-full wp-image-344\" style=\"width: 375px; height: 240px;\" alt=\"\" src=\"https:\/\/zelking.grafikweb.eu\/wp-content\/uploads\/2011\/03\/18.jpg\" width=\"400\" height=\"257\" srcset=\"https:\/\/zelking.grafikweb.eu\/wp-content\/uploads\/2011\/03\/18.jpg 400w, https:\/\/zelking.grafikweb.eu\/wp-content\/uploads\/2011\/03\/18-300x193.jpg 300w\" sizes=\"auto, (max-width: 400px) 100vw, 400px\" \/><br \/> <span style=\"font-size: 14px;\"><span style=\"color: #000000;\">Kolorierte Ansichtskarte um 1900<br \/> Die Beschreibung: (oben) Villa Heussenstamm, Schloss Harrach&nbsp; und Teile des Ortes; darunter: Parthie (= Partie) im Blumenthal (so wurde fr\u00fcher der Ortsteil anstatt M\u00f6sel, genannt) und der Turm der Pfk, mit dem Geb\u00e4ude der ehem. Volksschule <\/span><br \/> <\/span><\/div>\n<div style=\"text-align: center;\">\n<div style=\"text-align: center;\">&nbsp;<\/div>\n<div style=\"text-align: justify;\"><span style=\"font-size: 14px;\"><span style=\"color: #000000;\"><\/p>\n<p> (*) Ein Dorf von 52 H\u00e4usern, und zugleich eine Herrschaft, wovon Melk die n\u00e4chste Poststation ist.<br \/> <\/span><\/span><\/div>\n<\/p><\/div>\n<div style=\"text-align: justify;\"><span style=\"font-size: 14px;\"><span style=\"color: #000000;\">Kirche und Schule befinden sich hierselbst, im Decanatsbezirke Melk. Das Patronat dar\u00fcber besitzt das Stift Melk, Landgericht, Orts- und Conscriptionsobrigkeit ist Zelking; als Grunddominien sind bezeichnet Zelking, Melk und Peilenstein zu St. Leonhard am Forst. <\/span><br \/> <span style=\"color: #000000;\">Der Werbkreis geh\u00f6rt zum 49. Linien-Infanterie-Regiment.<\/span><br \/> <span style=\"color: #000000;\">In 60 Familien leben 166 m\u00e4nnliche, 169 weibliche Personen und 40 schulf\u00e4hige Kinder; diese halten einen Viehstand von 23 Pferden, 22 Ochsen, 84 K\u00fche, 180 Schafe, 4 Ziegen und 180 Schweine.<\/span><br \/> <span style=\"color: #000000;\">Die Einwohner sind Landbauern mit einer guten Grundbestiftung, und den n\u00f6thigen Handwerkern versehen; sie treiben den K\u00f6rnerbau von Weizen, Korn, Gerste und Hafer. Nebstdem haben sie die f\u00fcr den Hausbedarf n\u00f6thige Viehzucht mit Anwendung der Stallfutterung, und eine Obstpflege in ihren Hausg\u00e4rten.<\/span><br \/> <span style=\"color: #000000;\">Matzleinsdorf liegt eine halbe Stunde von Zelking, am Wege nach Melk in einer anmuthigen thalf\u00f6rmigen Gegend, am linken Ufer der Melk, eine Viertelstunde von der Linzerpoststra\u00dfe links abw\u00e4rts, und eine halbe Stunde von Oehrnding entfernt. Der Ort besteht in einer in mehreren Kr\u00fcmmungen sich hinwendenden Haupt= und kleineren Nebeng\u00e4\u00dfchen. In der zur Kirche sanft bergan laufenden Gasse, wo das herrschaftliche Schlo\u00df und das Amtshaus stehen, ist nur eine einschichtige H\u00e4userreihe, welcher gegen\u00fcber G\u00e4rten liegen.<\/span><br \/> <span style=\"color: #000000;\">Das Schlo\u00df ist ein neugebautes modernes Geb\u00e4ude mit einem Stockwerke und h\u00fcbschen Gem\u00e4chern. <\/p>\n<p> <\/span><\/span><\/div>\n<div style=\"text-align: center;\"><img loading=\"lazy\" decoding=\"async\" class=\" size-full wp-image-345\" style=\"width: 340px; height: 226px;\" alt=\"\" src=\"https:\/\/zelking.grafikweb.eu\/wp-content\/uploads\/2011\/03\/23.jpg\" width=\"400\" height=\"267\" srcset=\"https:\/\/zelking.grafikweb.eu\/wp-content\/uploads\/2011\/03\/23.jpg 400w, https:\/\/zelking.grafikweb.eu\/wp-content\/uploads\/2011\/03\/23-300x200.jpg 300w\" sizes=\"auto, (max-width: 400px) 100vw, 400px\" \/><\/div>\n<div style=\"text-align: center;\"><span style=\"color: #000000;\"><span style=\"font-size: 14px;\">Das ehemalige <\/span><span style=\"font-size: 14px;\">\u201e<\/span><span style=\"font-size: 14px;\">Amtshaus<\/span><\/span><span style=\"color: #000000;\"><span style=\"font-size: 14px;\">\u201c<\/span><span style=\"font-size: 14px;\"> (in Fahrtrichtung Zelking gesehen; <br \/> Wohnung der <\/span><span style=\"font-size: 14px;\">\u201e<\/span><span style=\"font-size: 14px;\">letzten Gr\u00e4fin im Melktal<\/span><span style=\"font-size: 14px;\">\u201c<\/span><span style=\"font-size: 14px;\">, Frau Elisabeth Heussenstamm <br \/> mit dem an der schmalseitigen Fassade befindlichen Heussenstammwappen)<\/span><\/span><span style=\"font-size: 14px;\"><br \/> <\/span><\/div>\n<p>&nbsp;<\/p>\n<div style=\"text-align: right;\">&nbsp;<\/div>\n<div style=\"text-align: justify;\"><span style=\"font-size: 14px;\"><span style=\"color: #000000;\"><span style=\"color: #000000;\"><br \/> N<\/span>ebenan steht in der H\u00e4userreihe das \u00e4ltere Amtshaus, ebenfalls mit einem Stockwerke, die Kanzlei und Wohnungen der Beamten enthaltend. R\u00fcckw\u00e4rts diesem, so wie dem Schlossgeb\u00e4ude, liegt der gro\u00dfe sch\u00f6ne herrschaftliche Garten. Ueber die Melk sind nur Stege vorhanden, da die wenigen Auen und Wiesengr\u00fcnde, welche jenseits derselben bis zu einer waldigen Anh\u00f6he sich erstrecken, keine eigene Br\u00fccke zur Verbindung erfordern.<\/span><br \/> <span style=\"color: #000000;\">Von Matzleinsdorf aus, f\u00fchren drei Stra\u00dfen, die eine in s\u00fcdlicher Richtung nach Zelking, zwei stehen in Verbindung mit der Linzer= Poststra\u00dfe, die eine in westlicher, die andere in nord\u00f6stlicher Richtung, gegen Melk hin.<\/p>\n<p> <\/span><\/span><\/div>\n<div style=\"text-align: center;\"><img loading=\"lazy\" decoding=\"async\" class=\" size-full wp-image-346\" style=\"width: 142px; height: 111px;\" alt=\"\" src=\"https:\/\/zelking.grafikweb.eu\/wp-content\/uploads\/2011\/03\/40.jpg\" width=\"400\" height=\"316\" srcset=\"https:\/\/zelking.grafikweb.eu\/wp-content\/uploads\/2011\/03\/40.jpg 400w, https:\/\/zelking.grafikweb.eu\/wp-content\/uploads\/2011\/03\/40-300x237.jpg 300w\" sizes=\"auto, (max-width: 400px) 100vw, 400px\" \/>&nbsp;&nbsp;&nbsp; <img loading=\"lazy\" decoding=\"async\" class=\" size-full wp-image-347\" style=\"width: 322px; height: 222px;\" alt=\"\" src=\"https:\/\/zelking.grafikweb.eu\/wp-content\/uploads\/2011\/03\/postkutsche.jpg\" width=\"427\" height=\"294\" srcset=\"https:\/\/zelking.grafikweb.eu\/wp-content\/uploads\/2011\/03\/postkutsche.jpg 427w, https:\/\/zelking.grafikweb.eu\/wp-content\/uploads\/2011\/03\/postkutsche-300x207.jpg 300w\" sizes=\"auto, (max-width: 427px) 100vw, 427px\" \/><br \/> <span style=\"color: #000000;\"><span style=\"font-size: 14px;\">Ungarische Briefmarke mit der Abbildung einer Postkutsche<\/span> <span style=\"font-size: 14px;\">der damaligen Zeit und die \u00f6sterreichische Ausgabe aus Anlass der WIPA 2008 (gemeinsam mit der Tschechoslowakei)<br \/> <\/span><\/span><span style=\"color: #000000;\"><span style=\"font-size: 14px;\">\u201eVer\u00f6ffentlichung mit freundlicher Genehmigung der \u00d6sterreichischen Post AG<\/span><span><span style=\"font-size: 14px;\">\u201c<\/span><\/span><\/span><span style=\"color: #000000;\"><span style=\"font-size: 14px;\"><br \/> <\/span><\/span><\/div>\n<div style=\"text-align: justify;\"><span style=\"font-size: 14px;\"> <span style=\"color: #000000;\"><\/p>\n<p> Die Kirche liegt nebst dem Pfarrhofe vor allen \u00fcbrigen Geb\u00e4uden des Ortes am erhabensten. Diese ist zu Ehren des heiligen Apostels Bartholom\u00e4us geweiht, und besteht aus einem kleinen Geb\u00e4ude eines alten Presbyteriums und in den neuerer Zeit hinzugebauten Schiffe. Ersteres besteht in einem gedr\u00fcckten Gew\u00f6lbe, und letzteres sieht einem viereckigen Saale mehr, als einem gew\u00f6hnlichen Kirchenbau \u00e4hnlich. Und ist nur gew\u00f6lbartig verschallet.<\/span><br \/> <span style=\"color: #000000;\">Dieses kleine Gotteshaus enth\u00e4lt nur einen Hoch= und Seitenaltar, der heiligen Maria geweiht. Der Hochaltar hat ein Altarbild, welches in Lebensgr\u00f6\u00dfe den heiligen Apostel Bartholom\u00e4us darstellt, in einer Hand ein Messer haltend, als Sinnbild seines Martertodes. Im Hintergrunde ist seine grausame Peinigung fast nur scizzirt angegeben. Der Maler Bartholom\u00e4us Altomonte, ein Sohn des ber\u00fchmten Martin Altomonte (eigentlich Hohenberg), hat das Bild verfertigt, wie eine Inschrift in der Mauernische hinter dem Bilde es besagt. Ueberdie\u00df sind zu beiden Seiten des Bildes zwei S\u00e4ulen aus Holz und marmorirt, ferner zwei Statuen des heiligen Petrus und Paulus, von Holz und vergoldet, dann einige vergoldete Arabesken (Pflanzenornamenten) und Engelsk\u00f6pfchen. Merkw\u00fcrdigkeiten sind sonst keine vorhanden.<\/span><br \/> <span style=\"color: #000000;\"><br \/> Hierher geh\u00f6rt au\u00dfer Matzleinsdorf auch die Filialkirche Mayerhofen sammt 4 H\u00e4usern, und der Ort Bergern, beide eine kleine halbe Stunde entfernt. Der Gottesdienst wird von einem eigenen Pfarrer versehen, welcher ein Priester vom Benedictinerstifte Melk ist. Der seit undenklichen <span style=\"color: #000000;\">Z<\/span>eiten bestehende Leichenhof ist rings um die Kirche angebracht.<br \/> Vor <span style=\"color: #000000;\">Z<\/span>eiten war die hiesige Pfarre f\u00fcr sich, und es sind nach Urkunden vom Ende des XV. und Anfang des XVI. Jahrhunderts vorhanden, welche dieses beweisen. In dieser Zeit aber wurde selbe aber mit der Pfarre Melk vereinigt, bis im Jahre 1783 Matzleinsdorf wieder einen f\u00fcr sich bestehenden Seelsorger erhalten hat, welcher vom Stifte Melk exponirt wird. <br \/> (Nach der g\u00fctigen Auskunft des hochw\u00fcrdigen Herrn Pfarrers, Gabriel Reininger).<\/p>\n<p> Der Ort Matzleinsdorf ist vom hohen Alter und gab einem adeligen Geschlechte den Namen, wovon Otto von Metzleinstorff im Jahre 1276, Eberhard 1312, und Urschach von Metzleinstorff im Jahre 1349 bekannt wird. Diese Familie mag noch l\u00e4nger das Gut besessen haben, da erst im Jahre 1449 Wolfgang Khienberger und im Jahre 1504 ebenfalls ein Wolfgang Khienberger erscheinen. Nach diesen erscheinen noch folgende Besitzer in dem n. \u00f6. st\u00e4ndischen G\u00fcltenbuche. Im Jahre 1542 Christoph Straub; im Jahre 1610 Urban H\u00f6rsdorfer und Anton Capeller, als die Straubischen Erben; im Jahre 1633 Hans Aeschinger; im Jahre 1638 Christoph Ernst Neumohn von Altenberg, durch Heirath von seiner Frau Ursula, verwitwete Aeschinger; im Jahre 1652 Andr\u00e4 Manner, durch Kauf; und im Jahre 1652 Andr\u00e4 Hans Joachim Graf von Sinzendorf, welcher diese kleine Herrschaft mit jener von Zelking vereinigt, bei welcher solche sich noch befindet.<\/span><\/span><span style=\"font-size: 14px;\"><span style=\"color: #000000;\"><br \/> Hier in Matzleinsdorf ist der Amtssitz der Herrschaft Zelking <\/span><\/span><span style=\"font-size: 14px;\"><span style=\"color: #000000;\">(Seite 147<\/span><\/span><span style=\"font-size: 14px;\"><span style=\"color: #000000;\">\u2013<\/span><\/span><span style=\"font-size: 14px;\"><span style=\"color: #000000;\">150)<\/span><\/span><span style=\"font-size: 14px;\"><span style=\"color: #000000;\">.<\/span><\/span><span style=\"font-size: 14px;\"><span style=\"color: #000000;\"><br \/> (* Darstellung des Erzherzogthums Oesterreich unter der Ens. Elfter Band, Viertel Ober=Wienerwald. Wien 1838<\/span><\/span><span style=\"font-size: 14px;\"><span style=\"color: #000000;\">)<\/span><\/span><\/div>\n<div style=\"text-align: justify;\">&nbsp;<\/div>\n<div style=\"text-align: justify;\"><span style=\"font-size: 14px;\"><span style=\"color: #000000;\"><\/p>\n<p> (*) Zwischen 1112 und 1121 erhielt Bischof Heinrich von Freising zwei Huben im Dorfe Ardachari (Ardagger), einen Weingarten samt Zehent in Matzleinsdorf und eine Hube zu Grin tauschweise vom Bischof Ulrich von Passau f\u00fcr das Dorf Sewarn (Sebarn bei Grafenw\u00f6rth), welches dieser dem von ihm errichteten Stift St. Georgen zuwendete (Hube 25 bis 30 Joch, ein Joch sind 57,55 Ar, 1 Ar = 100m\u00b2, Zehent \u2013 Abgabe eines Zehntels der Ernte an die Kirche). <\/span><\/span><\/div>\n<div><span style=\"font-size: 14px;\"><span style=\"color: #000000;\">Der Name des Ortes leitet sich vom Personennamen \u201eM\u00e4zlein<\/span><span style=\"color: #000000;\">\u201c<\/span><span style=\"color: #000000;\"> ab, und wird bereits 1117 genannt.<br \/> <\/span><\/span><span style=\"color: #000000;\"><br \/> <\/span><\/div>\n<p>&nbsp;<\/p>\n<div style=\"text-align: center;\"><img loading=\"lazy\" decoding=\"async\" class=\" size-full wp-image-348\" style=\"width: 325px; height: 160px;\" alt=\"\" src=\"https:\/\/zelking.grafikweb.eu\/wp-content\/uploads\/2011\/03\/1.jpg\" width=\"400\" height=\"198\" srcset=\"https:\/\/zelking.grafikweb.eu\/wp-content\/uploads\/2011\/03\/1.jpg 400w, https:\/\/zelking.grafikweb.eu\/wp-content\/uploads\/2011\/03\/1-300x149.jpg 300w\" sizes=\"auto, (max-width: 400px) 100vw, 400px\" \/><br \/> <span style=\"font-size: 14px;\"> <\/span><\/div>\n<div style=\"text-align: center;\"><span style=\"font-size: 14px;\"><span style=\"color: #000000;\">Teilansicht des Ortes mit Blickrichtung Ruine Zelking<br \/> <\/span><br \/> <\/span><\/div>\n<div style=\"text-align: justify;\">&nbsp;<\/div>\n<div style=\"text-align: justify;\">\n<div><span style=\"font-size: 14px;\"><span style=\"color: #000000;\"><br \/> Im Gefolge der Herren von Zelking scheint in der zweiten H\u00e4lfte vom 13. Jahrhundert ein Matzleinsdorfer auf. Die Mitglieder der Ritterfamilie Loer nennen sich nach dem Ort. Ab ca. 1450 sind die Ritter Kienberger hier ans\u00e4ssig. 1529 ist Jans Paltram bezeugt und 1542 der Melker Klosterhauptmann Christoph Straub. Sp\u00e4ter wechseln sich die Inhaber rasch nacheinander ab. Von den Starhemberg zu denen von Hardegg, dann an den Melker Klosterhauptmann Anton Capeller, durch gerichtliche Exekution an den St. P\u00f6ltner Stadtrichter Johann Aschinger, an die westf\u00e4lische Familie Manner, dann zu den Walterskirchen. 1694 erwarb Graf Johann Joachim von Sinzendorf das Schloss und vereinte es dann mit Zelking. Das etwas vom Schloss abgesetzte \u201eAmtshaus<\/span><span style=\"color: #000000;\">\u201c<\/span><span style=\"color: #000000;\"> (Wohntrakt der Gr\u00e4fin Elisabeth Heussenstamm), wurde schon fr\u00fcher (als der <\/span><\/span><span style=\"font-size: 14px;\"><span style=\"color: #000000;\">\u201eEdelhof<\/span><span style=\"color: #000000;\">\u201c<\/span><\/span><span style=\"font-size: 14px;\"><span style=\"color: #000000;\"> erbaut). Im Amtshaus befand sich bis 1848 die herrschaftliche Kanzlei, der Arrest und das Archiv (in den Kriegswirren und in der Besatzungszeit (?) sind leider die vorhanden gewesenen Archivbest\u00e4nde verloren gegangen). <\/span><\/span><\/div>\n<\/p><\/div>\n<div style=\"text-align: justify;\"><span style=\"font-size: 14px;\"><span style=\"color: #000000;\">1683, in der Zeit der 2. T\u00fcrkenbelagerung Wiens, wurde der Ort&nbsp; durch Feuer v\u00f6llig zerst\u00f6rt.<br \/> <\/span><\/span><span style=\"font-size: 14px;\"><span style=\"color: #000000;\">Im 17. Jahrhundert brannte der Ort f\u00fcnf Mal \u2013 zum Teil g\u00e4nzlich ab, wurde aber immer wieder aufgebaut (Seite 36).<\/span><\/span><span style=\"font-size: 14px;\"><span style=\"font-size: 14px;\"><span style=\"color: #000000;\"><br \/> (* Entnommen aus: Sagenhaftes Melktal, 2003)<br \/><\/span><\/span><\/span> <\/p>\n<div>&nbsp;<\/div>\n<div style=\"text-align: justify;\">&nbsp;<\/div>\n<div style=\"text-align: center;\"><img loading=\"lazy\" decoding=\"async\" class=\" size-full wp-image-349\" alt=\"\" src=\"https:\/\/zelking.grafikweb.eu\/wp-content\/uploads\/2011\/03\/27.jpg\" width=\"400\" height=\"267\" srcset=\"https:\/\/zelking.grafikweb.eu\/wp-content\/uploads\/2011\/03\/27.jpg 400w, https:\/\/zelking.grafikweb.eu\/wp-content\/uploads\/2011\/03\/27-300x200.jpg 300w\" sizes=\"auto, (max-width: 400px) 100vw, 400px\" \/><\/div>\n<div style=\"text-align: center;\">Das ehemalige <span style=\"font-size: 14px;\">\u201eAmtshaus\u201c <span style=\"color: #000000;\">(in Fahrtrichtung nach Melk gesehen)<\/span><br \/> <\/span><\/div>\n<div>&nbsp;<\/div>\n<div>&nbsp;<\/div>\n<div style=\"text-align: justify;\"><span style=\"color: #000000;\"><span style=\"font-size: 14px;\">(*) \u00c4lter als dieser Bau (Schloss\/\u201eEdelhof\u201c)<\/span> <span style=\"font-size: 14px;\">d\u00fcrfte das durch eine Baul\u00fccke abgetrennte <\/span><span style=\"font-size: 14px;\">\u201eAmtshaus\u201c der ehemaligen Herrschaft sein. Nimmt man einen<\/span><span style=\"font-size: 14px;\"> 1-geschossigen Hoftrakt entlang der Schlossterasse hinzu, <\/span><span style=\"font-size: 14px;\">kann man von einem<\/span> <span style=\"font-size: 14px;\">gegen Osten offenen Dreiseithof sprechen. Zweigeschossig sind ein langer Stra\u00dfentrakt und ein mit ihm im Obergescho\u00df verbundesnes Geb\u00e4ude mit 3-schiffigen Pfeilerhallen im Erd- und Obergescho\u00df.<br \/> <\/span><span style=\"font-size: 14px;\">In dem Amtshaus neben dem Schlosse befand sich bis 1848 die herschaftliche Kanzlei, der Arrest und das Archiv <\/span><span style=\"font-size: 14px;\">(Seite 149\/150).<br \/> (* Entnommen aus: Rudolf B\u00fcttner, Burgen und Schl\u00f6sser <\/span><span style=\"font-size: 14px;\">\u2013<\/span><span style=\"font-size: 14px;\"> Dunkelsteinerwald, 1973)<br \/> <\/span><\/span><\/div>\n<div><span style=\"color: #000000;\"> <span style=\"font-size: 14px;\"> <br \/> <\/span><\/span><span style=\"font-size: 14px;\"><span style=\"color: #000000;\"><br \/> <\/span><\/span><\/div>\n<div><span style=\"font-size: 14px;\"><span style=\"color: #000000;\"> <br \/> <\/span><\/span><\/div>\n<p> <span style=\"font-size: 14px;\"><span style=\"color: #000000;\"> <\/span><\/span><\/div>\n","protected":false},"excerpt":{"rendered":"<p>Matzleinsdorf (Ort) KG-Nr. 14141 4,59km\u00b2 &nbsp; Gemeinde Zelking-Matzleinsdorf \u2013 Politischer Bezirk Melk Das Stra\u00dfendorf liegt westlich der Stadt Melk und scheint bereits 1112 als Macelinisdorf urkundlich auf. &nbsp; &nbsp; (*) Ein Macili (1. Gr\u00fcnder oder Besitzer) scheint 991\/994 bei Verhandlungen unter dem Markgrafen Leopold&nbsp;I. dem Erlauchten und 1115 unter Leopold&nbsp;III. dem Heiligen als Zeuge auf [&hellip;]<\/p>\n","protected":false},"author":2,"featured_media":343,"comment_status":"open","ping_status":"open","sticky":false,"template":"","format":"standard","meta":{"footnotes":""},"categories":[35],"tags":[],"class_list":["post-350","post","type-post","status-publish","format-standard","has-post-thumbnail","hentry","category-matzleinsdorf-ortschaften"],"_links":{"self":[{"href":"https:\/\/zelking.grafikweb.eu\/index.php?rest_route=\/wp\/v2\/posts\/350","targetHints":{"allow":["GET"]}}],"collection":[{"href":"https:\/\/zelking.grafikweb.eu\/index.php?rest_route=\/wp\/v2\/posts"}],"about":[{"href":"https:\/\/zelking.grafikweb.eu\/index.php?rest_route=\/wp\/v2\/types\/post"}],"author":[{"embeddable":true,"href":"https:\/\/zelking.grafikweb.eu\/index.php?rest_route=\/wp\/v2\/users\/2"}],"replies":[{"embeddable":true,"href":"https:\/\/zelking.grafikweb.eu\/index.php?rest_route=%2Fwp%2Fv2%2Fcomments&post=350"}],"version-history":[{"count":0,"href":"https:\/\/zelking.grafikweb.eu\/index.php?rest_route=\/wp\/v2\/posts\/350\/revisions"}],"wp:featuredmedia":[{"embeddable":true,"href":"https:\/\/zelking.grafikweb.eu\/index.php?rest_route=\/wp\/v2\/media\/343"}],"wp:attachment":[{"href":"https:\/\/zelking.grafikweb.eu\/index.php?rest_route=%2Fwp%2Fv2%2Fmedia&parent=350"}],"wp:term":[{"taxonomy":"category","embeddable":true,"href":"https:\/\/zelking.grafikweb.eu\/index.php?rest_route=%2Fwp%2Fv2%2Fcategories&post=350"},{"taxonomy":"post_tag","embeddable":true,"href":"https:\/\/zelking.grafikweb.eu\/index.php?rest_route=%2Fwp%2Fv2%2Ftags&post=350"}],"curies":[{"name":"wp","href":"https:\/\/api.w.org\/{rel}","templated":true}]}}