{"id":610,"date":"2012-01-19T08:39:26","date_gmt":"2012-01-19T08:39:26","guid":{"rendered":"https:\/\/zelking.com\/2012\/01\/19\/rueckblicke\/"},"modified":"2018-03-30T21:54:40","modified_gmt":"2018-03-30T19:54:40","slug":"rueckblicke","status":"publish","type":"post","link":"https:\/\/zelking.grafikweb.eu\/?p=610","title":{"rendered":"R\u00fcckblicke"},"content":{"rendered":"<div style=\"text-align: center;\">\u00a0<span style=\"color: #000000;\"><strong><span style=\"font-size: 16px;\">Weihnachten 1945<br \/>\n<span style=\"font-size: 14px;\"> (Radiorede zum Weihnachtsfest 1945)<br \/>\n<\/span> <\/span><\/strong><\/span><\/div>\n<div style=\"text-align: center;\">\n<p><span style=\"color: #000000;\"><span style=\"font-size: 14px;\">(*) Leopold Figl war der erste Bundeskanzler der Zweiten Republik \u00d6sterreich. Es war die k\u00fcrzeste Rede eines Politikers an die B\u00fcrger unseres Landes, die je gehalten wurde. Sie zeigte in einfachen Worten die Situation \u00d6sterreichs zur damaligen Zeit und war gleichzeitig ein positiver Apell, an die Zukunft zu glauben.<\/span><\/span><\/p>\n<p><strong><span style=\"color: #000000;\"><span style=\"font-size: 14px;\">\u201e<\/span><\/span><\/strong><span style=\"color: #000000;\"><span style=\"font-size: 14px;\"><em><strong>Ich kann euch zu Weihnachten nichts geben. Ich kann euch f\u00fcr den Christbaum, wenn ihr \u00fcberhaupt einen habt, keine Kerzen geben, kein St\u00fcck Brot, keine Kohlen, kein Glas zum Einschneiden. Wir haben nichts. Ich kann euch nur bitten: Glaubt an dieses \u00d6sterreich!<\/strong><\/em><\/span><\/span><strong><span style=\"color: #000000;\"><span style=\"font-size: 14px;\">\u201c<\/span><\/span><\/strong><\/p>\n<p><span style=\"color: #000000;\"><span style=\"font-size: 14px;\"> Damals wurde diese Rede nicht akustisch aufgezeichnet. Erst im Fr\u00fchjahr 1965, anl\u00e4sslich der Verabschiedung Figls als Landeshauptmann von Nieder\u00f6sterreich, hat dieser \u00fcber Bitten des ORF-Mitarbeiters Ernst Wolfram Marboe (* 10. August 1938 in Wien; \u2020 12. J\u00e4nner 2012, war ein \u00f6sterreichischer Journalist, Autor, Regisseur und Landes-, Fernseh- und Programmintendant des ORF) die Weihnachtsbotschaft des Jahres 1945 auf Tontr\u00e4ger wiederholt.<\/span><\/span><\/p>\n<p style=\"text-align: center;\"><img loading=\"lazy\" decoding=\"async\" class=\"alignnone size-medium wp-image-1098\" src=\"https:\/\/zelking.grafikweb.eu\/wp-content\/uploads\/2012\/01\/6660_grmarboe_01-300x200.jpg\" alt=\"\" width=\"300\" height=\"200\" srcset=\"https:\/\/zelking.grafikweb.eu\/wp-content\/uploads\/2012\/01\/6660_grmarboe_01-300x200.jpg 300w, https:\/\/zelking.grafikweb.eu\/wp-content\/uploads\/2012\/01\/6660_grmarboe_01-230x153.jpg 230w, https:\/\/zelking.grafikweb.eu\/wp-content\/uploads\/2012\/01\/6660_grmarboe_01-350x233.jpg 350w, https:\/\/zelking.grafikweb.eu\/wp-content\/uploads\/2012\/01\/6660_grmarboe_01.jpg 410w\" sizes=\"auto, (max-width: 300px) 100vw, 300px\" \/><\/p>\n<p style=\"text-align: center;\"><span style=\"font-size: 12px;\"><span style=\"color: #000000;\"> Ernst Wolfram Marboe (Internet)<\/span><\/span><\/p>\n<\/div>\n<div style=\"text-align: justify;\">\n<p><span style=\"color: #000000;\"><span style=\"font-size: 14px;\">Leopold Figl hat seine Worte dann anl\u00e4sslich einer Festveranstaltung zum 10. Jahrestag des Staatsvertrages am Wiener Stephansplatz <\/span><\/span><span style=\"color: #000000;\"><span style=\"font-size: 14px;\">\u2013<\/span><\/span><span style=\"color: #000000;\"><span style=\"font-size: 14px;\"> in eine Wolldecke eingeh\u00fcllt und bereits todkrank <\/span><\/span><span style=\"color: #000000;\"><span style=\"font-size: 14px;\">\u2013<\/span><\/span><span style=\"color: #000000;\"><span style=\"font-size: 14px;\"><span style=\"color: #000000;\"> \u00fcber den Lautsprecher angeh\u00f6rt. Wenige Tage sp\u00e4ter ist er gestorben.<br \/>\nH.P<br \/>\n<\/span><\/span><\/span><\/p>\n<\/div>\n<div style=\"text-align: center;\">\n<p><span style=\"font-size: 14px;\"><span style=\"color: #000000;\">Die \u00d6sterreichische Post ehrte ihn mit dieser Briefmarke<\/span><\/span><\/p>\n<\/div>\n<div style=\"text-align: center;\"><img loading=\"lazy\" decoding=\"async\" class=\"alignnone size-full wp-image-1097\" src=\"https:\/\/zelking.grafikweb.eu\/wp-content\/uploads\/2012\/01\/Figl-2017_12_13-12_24_02-UTC.jpg\" alt=\"\" width=\"187\" height=\"151\" \/><\/div>\n<div style=\"text-align: center;\"><span style=\"font-size: 10pt; color: #000000;\"><span style=\"color: #000000;\"><span style=\"font-size: 14px;\">\u201eVer\u00f6ffentlichung mit freundlicher Genehmigung der \u00d6sterreichischen Post AG<\/span><\/span><span style=\"color: #000000;\"><span style=\"font-size: 14px;\">\u201c<\/span><\/span><\/span><\/div>\n<div style=\"text-align: center;\"><\/div>\n<div style=\"text-align: justify;\"><span style=\"color: #000000;\"><span style=\"font-size: 14px;\">(* Entnommen aus: DIE BRIEFMARKE 12\/2010, Seite 63)<br \/>\n<\/span><\/span><\/div>\n<div style=\"text-align: center;\"><\/div>\n<div style=\"text-align: justify;\"><\/div>\n<div style=\"text-align: center;\">\n<div style=\"text-align: center;\"><span lang=\"DE\"><span style=\"color: #000000;\"><span style=\"font-size: 14px;\"><span style=\"color: #000000;\"><span style=\"color: #000000;\"><span style=\"font-size: 16px;\"><strong>Seit 1953\/1954 Wasserleitung in Zelking<\/strong><\/span><br \/>\n<\/span><\/span><\/span><\/span><\/span><\/div>\n<div style=\"text-align: justify;\">\n<p><span lang=\"DE\"><span style=\"color: #000000;\"><span style=\"font-size: 14px;\"><span style=\"color: #000000;\"><span style=\"color: #000000;\">Schon mehr als zwei Generationen lang gibt es die \u00f6rtliche Wasserleitung, welche im Herbst 1954 betreffs des 2. Hauptstranges (bis alle Hausanschl\u00fcsse hergestellt waren dauerte es noch einige Zeit) fertiggestellt wurde. Die\u00a0 Hausanschl\u00fcsse wurden so nach und nach von den jeweiligen Hausbesitzern (je mehr Tiere desto fr\u00fcher) selbst errichtet, vor allem gab es am Ende der \u201eRussenzeit\u201c\u00a0 weniger Leute die Graben wollten (wenn es noch vonn\u00f6ten gewesen war), da ja das Gr\u00f6bste schon vollbracht war. Die Knechte wanderten vermehrt ab, da viele in Fabriken zu Arbeiten anfingen \u2013 die Landflucht setzte ein.<br \/>\nVon jedem Haus wurden ein, zwei Personen f\u00fcr die Grabungsarbeiten zur Verf\u00fcgung gestellt.<\/span><\/span><\/span><\/span><\/span><\/p>\n<p>&nbsp;<\/p>\n<\/div>\n<div style=\"text-align: center;\"><span lang=\"DE\"><span style=\"color: #000000;\"><span style=\"font-size: 14px;\"><span style=\"color: #000000;\"><span style=\"color: #000000;\"><img decoding=\"async\" style=\"width: 700px; height: 493px;\" src=\"http:\/\/www.zelking.grafikweb.eu\/images\/stories\/wasserleitungsgraben.jpg\" alt=\"\" \/><br \/>\nSchwarz\/Wei\u00df-Aufnahmen (Kopien) der damaligen Grabungsarbeiten f\u00fcr die Wasserleitung<br \/>\n(Flurbereich <span style=\"font-size: 10pt;\"><span lang=\"DE\"><span style=\"font-size: 14px;\">\u201eHaselgraben\u201c,<\/span><\/span><\/span> Winter 1952\/53)<\/span><\/span><\/span><\/span><\/span><\/div>\n<div style=\"text-align: center;\">\n<p><span lang=\"DE\"><span style=\"color: #000000;\"><span style=\"font-size: 14px;\"><span style=\"color: #000000;\"><img decoding=\"async\" style=\"width: 500px; height: 336px;\" src=\"http:\/\/www.zelking.grafikweb.eu\/images\/stories\/winter 1993 d.jpg\" alt=\"\" \/><br \/>\n<span style=\"color: #000000;\">Im bildmittigen Hintergrund die Flur <span lang=\"DE\"><span style=\"font-size: 14px;\">\u201eHaselgraben\u201c, wo die Quellfassung sich befindet<\/span><\/span><\/span><br \/>\n<\/span><\/span><\/span><\/span><\/p>\n<\/div>\n<div style=\"text-align: center;\"><\/div>\n<div style=\"text-align: justify;\"><span lang=\"DE\"><span style=\"color: #000000;\"><span style=\"font-size: 14px;\"><span style=\"color: #000000;\">Von der in der Flur \u201eHaselgraben\u201c befindlichen, eingez\u00e4unten Quellfassung ausgehend\u00a0 (bis in ca. 6 m Tiefe wurde hier gegraben!) dauerten die Grabungsarbeiten von Anfang November 1952 (die Quellfassung betreffend) bis zum Fr\u00fchjahr 1953 im Bereich ehemaliger Pfarrhofgarten\/Ortsstra\u00dfe (in etwa neue Volksschule). Bis in den und im Ort selbst wurde alles per Hand (mit Krampen, Schaufeln und Spaten) gegraben \u2013 heute kaum mehr nachvollziehbar. 1954 wurde vom \u201eErberwirt\u201c ausgehend bis zur ehemaligen \u201eBauerm\u00fchle\u201c gegraben (die heutige Mankerstra\u00dfe) und auch die Rohre verlegt. Damals verwendete man nur Eternitrohre, die so nach und nach wegen Rohrbr\u00fcche, ersetzt werden musten. Bereits 1953 wurde in der heutigen P\u00f6chlarnerstra\u00dfe begonnen, den 1. Hauptstrang zu Graben bzw. auch die Rohre zu Verlegen. Die beiden Stra\u00dfen waren damals NUR Schotterstra\u00dfen!<br \/>\n<\/span><\/span><\/span><\/span><\/div>\n<div style=\"text-align: center;\"><\/div>\n<div style=\"text-align: center;\"><span lang=\"DE\"><span style=\"color: #000000;\"><span style=\"font-size: 14px;\"><span style=\"color: #000000;\"><span style=\"color: #000000;\"><img decoding=\"async\" style=\"width: 230px; height: 153px;\" src=\"http:\/\/www.zelking.grafikweb.eu\/images\/stories\/wasserschutz.jpg\" alt=\"\" \/><br \/>\nHinweistafel zur Quellfassung in der Flur <span style=\"font-size: 10pt;\"><span lang=\"DE\"><span style=\"font-size: 14px;\">\u201eHaselgraben\u201c<br \/>\nDas Quellgebiet wurde eingez\u00e4unt um eine Verschmutzung m\u00f6glichst zu vermeiden<br \/>\nDer Wiesenbereich (im Quellgebiet) darf weder mit nat\u00fcrlichem oder Minerald\u00fcnger behandelt werden! <\/span><\/span><\/span><\/span><\/span><\/span><\/span><\/span><\/div>\n<div style=\"text-align: center;\"><\/div>\n<div style=\"text-align: justify;\">\n<p><span lang=\"DE\"><span style=\"color: #000000;\"><span style=\"font-size: 14px;\"><span style=\"color: #000000;\"><span style=\"color: #000000;\">Karl Wallner, als damaliger <span lang=\"DE\"><span style=\"font-size: 14px;\">\u201e<\/span><\/span>Kapo<span lang=\"DE\"><span style=\"font-size: 14px;\">\u201c<\/span><\/span> (ein Begriff, der einem Menschen <span lang=\"DE\"><span style=\"font-size: 14px;\">auch heutzutage <\/span><\/span><span lang=\"DE\"><span style=\"font-size: 14px;\"><span lang=\"DE\"><span style=\"font-size: 14px;\">\u201e<\/span><\/span><\/span><\/span><span lang=\"DE\"><span style=\"font-size: 14px;\">verliehen<\/span><\/span><span lang=\"DE\"><span style=\"font-size: 14px;\"><span lang=\"DE\"><span style=\"font-size: 14px;\">\u201c<\/span><\/span><\/span><\/span><span lang=\"DE\"><span style=\"font-size: 14px;\"> wird<\/span><\/span>, der selbst keine k\u00f6rperliche Arbeitet leistet, sondern Befehle erteilt), soll laut Erinnerung meiner Mutter daf\u00fcr ein Moped erhalten haben <span lang=\"DE\"><span style=\"font-size: 14px;\">(er d\u00fcrfte die Grabungsarbeiten geleitet haben)<\/span><\/span>.<br \/>\n(Als Kapo wird im allgemeinen Sprachgebrauch ein H\u00e4ftling im Konzentrationslager, der ein Arbeitskommando leitet, bezeichnet.)<\/span><\/span><\/span><\/span><\/span><\/p>\n<p>Der mit Zementm\u00f6rtel gegl\u00e4ttete 1. Hochbeh\u00e4lter wurde\u00a0 1953 errichtet, 1984 saniert und 1989 aufgelassen bzw. weggeschremmt.<br \/>\nViele wissen heute nicht mehr, dass sich auf dem \u201eHalmerkogel\u201c einstmals der erste Hochbeh\u00e4ter befunden hatte. Wenn es Wassermangel gab, hatte der daneben befindliche Bauernhof Halmer (jetzt Hubmann) selbst fast kein \u201ek\u00fchles Na\u00df\u201c zur Verf\u00fcgung, da der Wasserbeh\u00e4lter sich auf zu geringer H\u00f6he befand \u2013 das gleiche \u201eSchicksal teilte sich z. B. das ehemalige Bauernhaus Schneck\/Prankl. Das derzeitige, <span style=\"font-size: 10pt;\"><span lang=\"DE\"><span style=\"font-size: 14px;\">1988 errichtete<\/span><\/span><\/span> Reservoir (= Wasserbeh\u00e4lter) befindet sich \u2013 verbunden mit einer Ringleitung zum Beh\u00e4lter in Matzleinsdorf auf der Flur Steinla.<br \/>\n2003 wurde der Brunnen der ehem. Quarzwerke angekauft um damit f\u00fcr lange Zeit keinen Mangel an ben\u00f6tigtem Trinkwasser zu haben.<\/p>\n<\/div>\n<div style=\"text-align: justify;\"><span lang=\"DE\"><span style=\"color: #000000;\"><span style=\"font-size: 14px;\"><span style=\"color: #000000;\">\u00a0<\/span><\/span><\/span><\/span><\/div>\n<div style=\"text-align: center;\"><span lang=\"DE\"><span style=\"color: #000000;\"><span style=\"font-size: 14px;\"><span style=\"color: #000000;\"><img decoding=\"async\" src=\"http:\/\/www.zelking.grafikweb.eu\/images\/stories\/engelregen.jpg\" alt=\"\" \/><\/span><\/span><\/span><\/span><\/div>\n<div style=\"text-align: justify;\">\n<p><span lang=\"DE\"><span style=\"color: #000000;\"><span style=\"font-size: 14px;\"><span style=\"color: #000000;\"><span style=\"color: #000000;\">Das Problem Wasser (seit den 70er Jahren begannen die Regen- und Scheef\u00e4lle langsam weniger zu werden \u2013 wenn es auch manchmal \u201everregnete<span lang=\"DE\"><span style=\"font-size: 14px;\">\u201c<\/span><\/span> Sommer, oder stark verschneite Winter gab) wird in Zukunft zum Problem Nr. 1 und damit auch zu einem Konfliktstoff, daher muss jede einzelne Person sparsam umgehen, denn <strong>\u201eWasser ist Leben\u201c<\/strong>!<\/span><\/span><\/span><\/span><\/span><\/p>\n<p>&nbsp;<\/p>\n<\/div>\n<div style=\"text-align: center;\"><span lang=\"DE\"><span style=\"color: #000000;\"><span style=\"font-size: 14px;\"><span style=\"color: #000000;\"><span style=\"font-size: 16px;\"><strong>Das Sammeln von Regenwasser sollte zur Pflicht eines jeden werden.<br \/>\nLeider wird auch das Trinkwasser zum Sp\u00fclen in den WC-Anlagen verwendet!<\/strong><\/span><\/span><\/span><\/span><\/span><\/div>\n<div style=\"text-align: justify;\"><\/div>\n<div style=\"text-align: center;\">\n<p><span lang=\"DE\"><span style=\"color: #000000;\"><span style=\"font-size: 14px;\"><span style=\"color: #000000;\"><span style=\"color: #000000;\"><img decoding=\"async\" style=\"width: 250px; height: 376px;\" src=\"http:\/\/www.zelking.grafikweb.eu\/images\/stories\/wasserleitung.jpg\" alt=\"\" \/><br \/>\nWieder ein Mal ein Rohrbruch <span lang=\"DE\"><span style=\"font-size: 14px;\">(in der P\u00f6chlarnerstra\u00dfe) <\/span><\/span>der 1953 verlegten Wasserleitungsrohre<br \/>\n(Im April\/Mai 2011 wurden die letzten Eternitrohre erneuert)<\/span><\/span><\/span><\/span><\/span><\/p>\n<p><img decoding=\"async\" style=\"width: 331px; height: 220px;\" src=\"http:\/\/www.zelking.grafikweb.eu\/images\/stories\/wassserrohr 2.jpg\" alt=\"\" \/><br \/>\n<span style=\"color: #000000;\"> <span style=\"color: #000000;\">Gu\u00dfeiseren Verbindungsmuffe mit abgebrochenem Rohr und Teilst\u00fcck aus der heutigen P\u00f6chlarnerstra\u00dfe (verlegt 1953)<br \/>\n<\/span><br \/>\n<\/span><\/p>\n<\/div>\n<div style=\"text-align: justify;\">\n<p><span lang=\"DE\"><span style=\"color: #000000;\"><span style=\"font-size: 14px;\"><span style=\"color: #000000;\"><span style=\"color: #000000;\">Durch den jahrzehntelangen LKW-Verkehr der ehemaligen Quarzwerke, bzw. anderem Schwerverkehr, gab es schon mehrmals Rohrbr\u00fcche. Da die damaligen Eternitrohre auf Dauer dem zig-Tonnen schweren Verkehr nicht standhielten, mu\u00dften nach und nach die alten Leitungen ersetzt werden. Durch eine Ringleitung mit dem Hauptstrang in der Mankerstra\u00dfe, wurde dieser mit der in der P\u00f6chlarnerstra\u00dfe befindlichen, verbunden.<\/span><\/span><\/span><\/span><\/span><\/p>\n<p>&nbsp;<\/p>\n<\/div>\n<div style=\"text-align: center;\">\n<p><span lang=\"DE\"><span style=\"color: #000000;\"><span style=\"font-size: 14px;\"><span style=\"color: #000000;\"><span style=\"color: #000000;\"><img decoding=\"async\" style=\"width: 499px; height: 352px;\" src=\"http:\/\/www.zelking.grafikweb.eu\/images\/stories\/zeitung.png\" alt=\"\" \/><br \/>\nInsofern ist die Titel\u00fcberschrift nicht ganz richtig, da ja bereits 1953 der Hauptstrang<br \/>\nin der (heutigen) P\u00f6chlarnerstra\u00dfe verlegt war;<br \/>\ndaher waren es <span lang=\"DE\"><span style=\"font-size: 14px;\">(2011) <\/span><\/span>bereits 5<strong>8<\/strong> Jahre<br \/>\n(Aussschnitt aus der N\u00d6N-Melk, Woche 19\/2011, Seite 26)<\/span><\/span><\/span><\/span><\/span><\/p>\n<p><img decoding=\"async\" style=\"width: 347px; height: 231px;\" src=\"http:\/\/www.zelking.grafikweb.eu\/images\/stories\/wasserrohr.jpg\" alt=\"\" \/><br \/>\n<span style=\"color: #000000;\">Ehemaliges Wasserleitungsrohr (Hauptleitung aus der heutigen Mankerstra\u00dfe) von 1954,<br \/>\nbestehend aus Eternit (Durchmesser 10 cm, 1 cm Wandst\u00e4rke) mit Kupplungsst\u00fcck aus Gu\u00dfeisen<\/span><\/p>\n<p><span style=\"color: #000000;\"> \u00a0<\/span><\/p>\n<\/div>\n<div style=\"text-align: center;\">\n<p><span lang=\"DE\"><span style=\"color: #000000;\"><span style=\"font-size: 14px;\"><span style=\"color: #000000;\"><span style=\"color: #000000;\"><span style=\"font-size: 16px;\"><strong><span lang=\"DE\"><span lang=\"DE\">\u201e<\/span>Turnier auf der Schallaburg<span lang=\"DE\">\u201c (1996)<br \/>\n<\/span><\/span><\/strong><\/span><\/span><\/span><\/span><\/span><\/span><\/p>\n<p><img decoding=\"async\" style=\"width: 300px; height: 464px;\" src=\"http:\/\/www.zelking.grafikweb.eu\/images\/stories\/weck.jpg\" alt=\"\" \/> <img decoding=\"async\" style=\"width: 305px; height: 463px;\" src=\"http:\/\/www.zelking.grafikweb.eu\/images\/stories\/hrbiger.jpg\" alt=\"\" \/><br \/>\nLinks \u00fcberreicht <span lang=\"DE\"><span style=\"color: #000000;\"><span style=\"font-size: 14px;\"><span style=\"color: #000000;\"><span style=\"color: #000000;\"><span lang=\"DE\"><span style=\"font-size: 14px;\"><span lang=\"DE\"><span style=\"font-size: 14px;\"><span lang=\"DE\"><span style=\"font-size: 14px;\">\u201e<\/span><\/span><\/span><\/span><\/span><\/span><\/span><\/span><\/span><\/span><\/span><span style=\"color: #000000;\">Medienkaplan<\/span><span lang=\"DE\"><span style=\"color: #000000;\"><span style=\"font-size: 14px;\"><span style=\"color: #000000;\"><span style=\"color: #000000;\"><span lang=\"DE\"><span style=\"font-size: 14px;\"><span lang=\"DE\"><span style=\"font-size: 14px;\"><span lang=\"DE\"><span style=\"font-size: 14px;\">\u201c<\/span><\/span><\/span><\/span><\/span><\/span><\/span><\/span><\/span><\/span><\/span><span style=\"color: #000000;\"> August Paterno an Peter Weck eine Rose (im Hintergrung der <span lang=\"DE\"><span style=\"font-size: 14px;\"><span lang=\"DE\"><span style=\"font-size: 14px;\">\u201e<\/span><\/span>Turnierleiter<span lang=\"DE\"><span style=\"font-size: 14px;\">\u201c<\/span><\/span><\/span><\/span> Willy Kralik), rechts an Christiane H\u00f6rbiger (nur wenn eine <span lang=\"DE\"><span style=\"font-size: 14px;\"><span lang=\"DE\"><span style=\"font-size: 14px;\">Quizrunde<\/span><\/span><\/span><\/span>\u00a0 gewonnen wurde; es wurden meines Wissens nach, auch M\u00fcnzen verteilt)<br \/>\nDas <span lang=\"DE\"><span style=\"font-size: 14px;\"><span lang=\"DE\"><span style=\"font-size: 14px;\"><span lang=\"DE\"><span style=\"font-size: 14px;\">\u201e<\/span><\/span>Turnier<span lang=\"DE\"><span style=\"font-size: 14px;\">\u201c<\/span><\/span><\/span><\/span><\/span><\/span> endete damals unentschieden<br \/>\n<\/span><\/p>\n<\/div>\n<\/div>\n<div style=\"text-align: center;\"><\/div>\n<div style=\"text-align: justify;\">\n<p><span style=\"color: #000000;\">\u00a0<\/span><br \/>\n<span style=\"color: #000000;\"><span style=\"color: #000000;\"><span style=\"font-size: 14px;\">Dieser Beitrag wurde wegen Herrn Peter Weck hineingenommen, da er einige Wochen (mehr unter: Pers\u00f6nlichkeiten und Annekdoten<\/span>) <span style=\"font-size: 14px;\">seiner <\/span><\/span><span lang=\"DE\"><span style=\"color: #000000;\"><span style=\"font-size: 14px;\"><span style=\"color: #000000;\"><span style=\"color: #000000;\">\u201e<\/span><\/span><\/span><\/span><\/span><span style=\"color: #000000;\"><span style=\"font-size: 14px;\">S\u00e4ngerknabenzeit<\/span><\/span><span lang=\"DE\"><span style=\"color: #000000;\"><span style=\"font-size: 14px;\"><span style=\"color: #000000;\"><span style=\"color: #000000;\"><span lang=\"DE\"><span style=\"font-size: 14px;\"><span lang=\"DE\"><span style=\"font-size: 14px;\">\u201c<\/span><\/span><\/span><\/span><\/span><\/span><\/span><\/span><\/span><span style=\"color: #000000;\"><span style=\"font-size: 14px;\"> im Ort verweilend, verbrachte.<\/span><\/span><\/span><\/p>\n<p><span style=\"font-size: 14px;\"> (*) Christiane H\u00f6rbiger (* 13. Oktober 1938 in Wien) ist eine \u00f6sterreichische Schauspielerin mit Schweizer B\u00fcrgerrecht.<\/span><br \/>\n<span style=\"font-size: 14px;\">Peter Weck (* 12. August 1930 in Wien) ist ein \u00f6sterreichischer Regisseur, Theaterintendant, B\u00fchnen- und Filmschauspieler.<br \/>\nWilly Kralik (* 24. September 1929 in Wien; \u2020 26. Februar 2003 ebenda) war ein \u00f6sterreichischer ORF-Moderator.<br \/>\nAugust Paterno (* 31. Juli 1935 in Dornbirn; \u2020 10. Juli 2007 in Horn) war ein r\u00f6misch-katholischer Kaplan und Autor und \u00f6sterreichischer Fernsehkaplan (im Volksmund <\/span><span lang=\"DE\"><span style=\"font-size: 14px;\"><span lang=\"DE\"><span style=\"font-size: 14px;\">\u201e<\/span><\/span>Gustl<span lang=\"DE\"><span style=\"font-size: 14px;\">\u201c<\/span><\/span><\/span><\/span> <span style=\"font-size: 14px;\">genannt).<br \/>\n(* Entnommen aus dem Internet)<\/span><\/p>\n<p><span style=\"font-size: 14px;\"> Mir wurde einmal eine lustige Annekdote \u00fcber Kaplan Patero, in etwa folgend erz\u00e4hlt:\u00a0 Ein Ehemann sa\u00df vor dem Fernseher und seine Gattin war in der K\u00fcche besch\u00e4ftigt als der von seinen vielen Auftritte im ORF sehr bekannte Kaplan August Paterno<\/span> <span style=\"font-size: 14px;\">zu sehen war<\/span>,<span style=\"font-size: 14px;\"> da rief er in Richtung K\u00fcche: <\/span><span lang=\"DE\"><span style=\"font-size: 14px;\"><span lang=\"DE\"><span style=\"font-size: 14px;\">\u201e<\/span><\/span>Holde<span lang=\"DE\"><span style=\"font-size: 14px;\">\u201c<\/span><\/span><\/span><\/span> <span style=\"font-size: 14px;\">(= meine liebe Frau), komm schnell her, da<\/span> <span lang=\"DE\"><span style=\"font-size: 14px;\"><span lang=\"DE\"><span style=\"font-size: 14px;\">\u201e<\/span><\/span>Gustl<span lang=\"DE\"><span style=\"font-size: 14px;\">\u201c ist zu sehen!<\/span><\/span><\/span><\/span><\/p>\n<p>&nbsp;<\/p>\n<\/div>\n<div style=\"text-align: center;\">\n<p><span style=\"color: #000000;\"><strong><span style=\"font-size: 16px;\">Dass wir so lange \u00dcberlebt haben&#8230;<\/span><\/strong><br \/>\n<strong><span style=\"font-size: 16px;\"><span style=\"font-size: 14px;\">(<\/span><\/span><span style=\"font-size: 14px;\">\u201e<\/span><span style=\"font-size: 16px;\"><span style=\"font-size: 14px;\">Irgendwann<\/span><\/span><span style=\"font-size: 14px;\">\u201c<\/span><span style=\"font-size: 16px;\"><span style=\"font-size: 14px;\"> [vor 2000?] aufgeschrieben)<\/span><\/span><\/strong><\/span><\/p>\n<p>&nbsp;<\/p>\n<\/div>\n<div style=\"text-align: justify;\">\n<p><span style=\"color: #000000;\"><span style=\"font-size: 14px;\">Wenn du als Kind in den 60er (*), 70er oder 80er Jahren lebtest, ist es zur\u00fcckblickend kaum zu glauben, dass wir solange \u00fcberleben konnten! Als Kinder sa\u00dfen wir in Autos ohne Sicherheitsgurte und ohne Airbags. Unsere Bettchen waren angemalt in strahlenden Farben voller Blei und Cadmium. Die Fl\u00e4schchen aus der Apotheke konnten wir ohne Schwierigkeiten \u00f6ffnen, genauso wie die Flasche mit den Bleichmitteln. T\u00fcren und Schr\u00e4nke waren eine st\u00e4ndige Bedrohung f\u00fcr unsere Fingerchen. Auf dem Fahrrad trugen wir nie einen Helm. Wir tranken Wasser aus Wasserh\u00e4hnen und nicht aus Flaschen.<br \/>\nWir bauten Wagen aus Seifenkisten und entdeckten w\u00e4hrend der ersten Fahrt den Hang hinunter, dass wir die Bremsen vergessen hatten. Damit kamen wir nach einigen Unf\u00e4llen klar.<br \/>\nWir verlie\u00dfen morgens das Haus zum Spielen. Wir blieben den ganzen Tag weg und mussten erst zu Hause sein, wenn die Stra\u00dfenlaternen angingen. Niemand wusste, wo wir waren und wir hatten nicht mal ein Handy dabei!<br \/>\nWir haben uns geschnitten, brachen Knochen und Z\u00e4hne und niemand wurde deswegen verklagt. Es waren eben Unf\u00e4lle. Niemand hatte Schuld au\u00dfer wir selbst. Keiner fragte nach \u201eAufsichtspflicht\u201c. Kannst du dich noch an \u201eUnf\u00e4lle\u201c erinnern? Wir k\u00e4mpften und schlugen einander manchmal bunt und blau. Damit mussten wir leben, denn es interessierte den Erwachsenen nicht.<br \/>\nWir a\u00dfen Kekse, Brot mit dick Butter, tranken sehr viel und wurden trotzdem nicht dick. Wir tranken mit unseren Freunden aus einer Flasche und niemand starb an den Folgen. Wir hatten nicht: Playstation, Nintendo 64, X-Box, Videospiele, 64 Fernsehkan\u00e4le, Filme auf Video, Surround Sound, eigene Fernseher, Computer, Internet-Chat-Rooms. Wir hatten Freunde. Wir gingen einfach raus und trafen sie auf der Stra\u00dfe.<br \/>\nOder wir marschierten einfach zu deren Heim und klingelten. Manchmal brauchten wir gar nicht zu klingeln und gingen einfach hinein. Ohne Termin und ohne Wissen unserer Eltern. Keiner brachte uns und keiner holte uns&#8230; Wie war das nur m\u00f6glich?<br \/>\nWir dachten uns Spiele aus, mit Holzst\u00f6ckchen und Tennisb\u00e4llen. Au\u00dferdem a\u00dfen wir W\u00fcrmer. Und die Prophezeiungen trafen nicht ein: Die W\u00fcrmer lebten nicht in unseren M\u00e4gen f\u00fcr immer weiter und mit den St\u00f6ckchen stachen wir\u00a0 nicht besonders viele Augen aus.<br \/>\nBeim Stra\u00dfenfu\u00dfball durfte nur mitmachen, wer gut war. Wer nicht gut war, musste lernen, mit Entt\u00e4uschungen klar zu kommen. Manche Sch\u00fcler waren nicht so schlau wie andere. Sie rasselten durch Pr\u00fcfungen und wiederholten Klassen. Das f\u00fchrte nicht zu emotionalen Elternabenden oder gar zur \u00c4nderung der Leistungsbewertung.<br \/>\nUnsere Taten hatten manchmal Konsequenzen. Das war klar und keiner konnte sich verstecken. Wenn einer von uns gegen das Gesetz versto\u00dfen hat, war klar, dass die Eltern ihn nicht aus dem Schlamassel heraushauen. Im Gegenteil: Sie waren der gleichen Meinung wie die Polizei! So etwas!<br \/>\nUnsere Generation hat eine F\u00fclle von innovativen Probleml\u00f6sern und Erfindern mit Risikobereitschaft hervorgebracht. Wir hatten Freiheit, Misserfolg, Erfolg und Verantwortung. Mit alledem wussten wir unzugehen.<br \/>\nWenn man heute daran denkt \u2013 unvorstellbar!<br \/>\nAutor unbekannt<br \/>\n(Entnommen aus: Jugendburg Streitwiesen (Bund zur Erhaltung einer \u00f6sterreichischen Jugendburg), Burgbrief Herbst 2007, Seite 4)<\/span><\/span><\/p>\n<p>(*) Auch mir\/uns <span style=\"color: #000000;\"><span style=\"font-size: 14px;\">(eine Erinnerung vor 1960!) <\/span><\/span><span style=\"color: #000000;\"><span style=\"font-size: 14px;\">ging es hier so \u00e4hnlich. Im Fr\u00fchjahr, wenn die Weiden in Saft gekommen sind, machten wir aus dickeren Zweige sogenannte <\/span><\/span><span style=\"color: #000000;\"><span style=\"font-size: 14px;\">\u201ePfeiferl<\/span><\/span><span style=\"color: #000000;\"><span style=\"font-size: 14px;\">\u201c<\/span><\/span><span style=\"color: #000000;\"><span style=\"font-size: 14px;\">,die gut funktionierten. Das Zweigst\u00fcck mit einem flachen Gegenstand klopfend und dabei immer drehend sagten wir folgenden Spruch, bis sich die Rinde vom Astholz l\u00f6ste, auf (was gedauert hatte):<br \/>\n<\/span><\/span><\/p>\n<\/div>\n<div style=\"text-align: center;\"><span style=\"color: #000000;\"><span style=\"font-size: 14px;\">\u201ePfeiferl, Pfeiferl geh,<br \/>\nsonst wiarf i die in Schnee (See?).<br \/>\nSonst wiarf i die in d\u2019Schindagrobn,<br \/>\ndass die fressen d\u2019Leis und d\u2019Schobn.<\/span><br \/>\n<span style=\"font-size: 14px;\">Pfeiferl, Pfeiferl geh,<br \/>\nsonst wiarf i die in Schnee.\u201c<\/span><br \/>\n<\/span><br \/>\n<strong><span style=\"color: #000000;\"><span style=\"font-size: 14px;\">Die<\/span> <span style=\"font-size: 14px;\">\u201e\u00dcbersetzung\u201c:<\/span><\/span><\/strong><\/div>\n<div style=\"text-align: center;\">\n<p><span style=\"font-size: 14px;\">\u00a0<\/span><br \/>\n<span style=\"font-size: 14px;\">\u201ePfeiferl, Pfeiferl geh (= pfeife),<br \/>\nansonsten werfe ich dich in den Schnee (See?).<br \/>\nAnsonsten werfe ich dich in den Schindergraben (**),<br \/>\ndass dich verzehren die L\u00e4use und die K\u00fcchenschaben.<br \/>\n\u201ePfeiferl, Pfeiferl geh (= pfeife),<br \/>\nansonsten werfe ich dich in den Schnee.\u201c<\/span><\/p>\n<p>&nbsp;<\/p>\n<\/div>\n<div style=\"text-align: justify;\"><span style=\"color: #000000;\"><span style=\"font-size: 14px;\">\u00a0<\/span><\/span><\/div>\n<div style=\"text-align: justify;\"><span style=\"color: #000000;\"><span style=\"color: #000000;\"><span style=\"font-size: 14px;\">(** In einem Schindergraben wurde totes Vieh entsorgt, um der Entstehung von Seuchen und Krankheiten vorzubeugen. Es wurde eine Grube ausgehoben, das tote Tier hineingelegt, eventuell Kalk dar\u00fcber gestreut und wieder zugesch\u00fcttet! Das Entsorgen eines Kadavers ist heute so nicht mehr m\u00f6glich <\/span><span lang=\"DE\"><span style=\"font-size: 14px;\">\u2013<\/span><\/span><span style=\"font-size: 14px;\"> man h\u00e4tte eine Anzeige am Hals, die zumindest in einer Geldstrafe ausarten w\u00fcrde.)<\/span><\/span><\/span><\/div>\n<div style=\"text-align: justify;\">\n<p><span style=\"color: #000000;\"><span style=\"font-size: 14px;\">Es wurde (nach der vollendeten <\/span><\/span><span style=\"color: #000000;\"><span style=\"font-size: 14px;\">\u201eBehandlung\u201c)<\/span><\/span><span style=\"color: #000000;\"><span style=\"font-size: 14px;\"> ein etwa 8<\/span><\/span><span style=\"color: #000000;\"><span style=\"color: #000000;\"><span lang=\"DE\"><span style=\"font-size: 14px;\">\u2013<\/span><\/span><\/span><\/span><span style=\"color: #000000;\"><span style=\"font-size: 14px;\">10 cm langes Astst\u00fcck abgeschnitten. Ein Ende komplett wieder mit einem ganz kurzem Astst\u00fcck verschlossen. Das zweite Ende etwas schr\u00e4g (bis zur Mitte hin) geschnitten und halb verschlossen und oben eine Kerbe gemacht, damit die hinein geblasene Luft entweichen konnte und so pfeifende T\u00f6ne entstanden sind.<br \/>\nAu\u00dferdem rauchten wir \u201eLierschen\u201c (ein Lianenartig wachsendes Gew\u00e4chs, welches getrocknet geraucht wurde, wobei die Zunge ganz sch\u00f6n brannte), aber auch getrocknete, klein geschnittene Bl\u00e4tter von Nu\u00dfb\u00e4umen (brannten auch auf der Zunge) und die tockenen Samen von Sauerampfern ebenfalls (beides in Zeitungspapier eingewickelt!).<br \/>\nMan war auch in meinem Aufwachsen viel kreativer \u2013 Speilzeug (wenn \u00fcberhaupt), so wie heute gab es nicht und es war au\u00dferdem viel einfacher hergestellt!<\/span><\/span><\/p>\n<p>&nbsp;<\/p>\n<\/div>\n<div style=\"text-align: justify;\"><\/div>\n<div style=\"text-align: center;\">\n<p><span style=\"font-size: 16px;\"><span style=\"color: #000000;\"><strong>Selbstgebasteltes Windrad<\/strong><br \/>\n<\/span><\/span><\/p>\n<p><img loading=\"lazy\" decoding=\"async\" src=\"http:\/\/www.zelking.grafikweb.eu\/images\/stories\/windrad.jpg\" alt=\"\" width=\"199\" height=\"294\" \/><br \/>\n<span style=\"color: #000000;\"><span style=\"font-size: 14px;\">Nachbau eines Windrades 2012 (funktionierte tadellos) von <\/span><span style=\"font-size: 14px;\">\u201eAnno dazumal\u201c<\/span><span style=\"font-size: 14px;\">.<br \/>\nDurch das weiche Material (Papier) war dem Windrad keine lange Lebensdauer<br \/>\n(gegen\u00fcber dem heutigen Plastikmaterial) m\u00f6glich<\/span><\/span><\/p>\n<\/div>\n<div style=\"text-align: justify;\">\n<p><span style=\"color: #000000;\"><span style=\"font-size: 14px;\">Wenn man schon zeitig im Fr\u00fchjahr barfu\u00df umher lief (da war es noch um etliches w\u00e4rmer als heute) und sich trotzdem verk\u00fchlte, so hat einem eben das \u201eM\u00e4rzenkaibl gebissen\u201c (siehe unter Geschichte \u2013 Erinnerungen an das \u201eM\u00e4rzenkaibl\u201c).<br \/>\nDie Kindheit war \u201eeinfach gestrickt\u201c. Man konnte umhertoben wie man wollte. Nat\u00fcrlich gab es auch blaue Flecken und manch blutende Wunde<\/span>.<br \/>\nWar man in der Schule nicht artig, musste man sich in die Ecke stellen, teilweise Nachsitzen (nach dem Unterricht hier bleiben) oder \u201edurften\u201c als Strafe (musste am n\u00e4chsten Tag abgegeben werden) \u2013 meist 100 Mal: Ich soll nicht&#8230; (oder \u00e4hnlich gehal<span style=\"font-size: 14px;\">ten<\/span>), <span style=\"font-size: 14px;\">schreiben<\/span>.<\/span><\/p>\n<p>&nbsp;<\/p>\n<\/div>\n<div style=\"text-align: center;\"><img loading=\"lazy\" decoding=\"async\" src=\"http:\/\/www.zelking.grafikweb.eu\/images\/stories\/volksschule a.jpg\" alt=\"\" width=\"369\" height=\"214\" \/><br \/>\n<span style=\"color: #000000;\"><span style=\"font-size: 14px;\">Stra\u00dfenseitige Ansicht der alten Volksschule (wie sie noch in meiner Volksschulzeit ausgesehen hatte)<\/span><\/span><\/div>\n<div style=\"text-align: justify;\">\n<p><span style=\"color: #000000;\"><span style=\"color: #000000;\"><span style=\"font-size: 14px;\">Eine Erinnerung an das t\u00e4gliche Gebet vor dem Unterrichtsbeginn in meiner Volksschulzeit lautete folgend:<\/span><\/span><\/span><\/p>\n<p>&nbsp;<\/p>\n<\/div>\n<div style=\"text-align: center;\"><span style=\"color: #000000;\"><span style=\"font-size: 14px;\">Heilger Geist, komm zu verbreiten<br \/>\n\u00fcber uns dein Gnadenlicht,<br \/>\nda\u00df wir immer weiter schreiten<br \/>\nim Erlernen unsrer Pflicht.<br \/>\nMache uns zum Lernen Lust,<br \/>\nhilf, da\u00df wir in unsrer Brust<\/span><br \/>\n<span style=\"font-size: 14px;\">das Erlente wohl behalten<br \/>\nund im Guten nicht erkalten. <\/span><\/span><\/div>\n<div style=\"text-align: justify;\">\n<p><span style=\"color: #000000;\"><span style=\"font-size: 14px;\">Schlittenfahrten im Winter durch den Ort!<br \/>\nBis vor 1960 konnte man Winter f\u00fcr Winter (damals gab es viel mehr Schnee als heute) durch einen Ortsteil von Zelking mittels\u00a0 der Schlitten (!!) durchfahren. Damals gab es nicht viel Verkehr und es wurde auch kein Split gestreut. Abends <\/span><\/span><span style=\"color: #000000;\"><span style=\"font-size: 14px;\">\u201e<\/span><\/span><span style=\"color: #000000;\"><span style=\"font-size: 14px;\">leuchtete<\/span><\/span><span style=\"color: #000000;\"><span style=\"font-size: 14px;\">\u201c<\/span><\/span><span style=\"color: #000000;\"><span style=\"font-size: 14px;\"> man die Strecke mittels Taschenlampen aus. Es wurde <\/span><\/span><span style=\"color: #000000;\"><span style=\"font-size: 14px;\">\u201eVorgespannt\u201c<\/span><\/span><span style=\"color: #000000;\"><span style=\"font-size: 14px;\">. Ein Kind legte sich auf den Schlitten (oftmals \u00fcber diesem ein <\/span><\/span><span style=\"color: #000000;\"><span style=\"font-size: 14px;\">\u201eVorreiter\u201c<\/span><\/span><span style=\"color: #000000;\"><span style=\"font-size: 14px;\">), hackte einen weiteren Schlitten mit seinen F\u00fc\u00dfen ein, wo mehrere Kinder daruf gesessen sind. Ein<\/span><\/span><span style=\"font-size: 14px;\"><span style=\"color: #000000;\"> Kind, welches auf den Kufen des ersten Schlittens stand, worunter <\/span><\/span><span style=\"color: #000000;\"><span style=\"font-size: 14px;\">der liegende Bub sich befand. Oftmals war ein <\/span><\/span><span style=\"color: #000000;\"><span style=\"font-size: 14px;\">\u201eRattenschwanz\u201c\u00a0<\/span><\/span><span style=\"color: #000000;\"><span style=\"font-size: 14px;\"> an Schlitten <\/span><\/span><span style=\"color: #000000;\"><span style=\"font-size: 14px;\">(4<\/span><\/span><span style=\"color: #000000;\"><span style=\"color: #000000;\"><span lang=\"DE\"><span style=\"font-size: 14px;\">\u2013<\/span><\/span><\/span><\/span><span style=\"color: #000000;\"><span style=\"font-size: 14px;\">5)<\/span><\/span> <span style=\"color: #000000;\"><span style=\"font-size: 14px;\">angeh\u00e4ngt, wobei man durch das hin- und herschleudern der letzten Schlitten, mehr als die halbe Stra\u00dfenbreite ben\u00f6tigte, was uns enormen Spa\u00df bereitete.<br \/>\nIm Sommer gab es im Melkfluss einiges zu <\/span><\/span><span style=\"color: #000000;\"><span style=\"font-size: 14px;\">\u201eEntdecken\u201c<\/span><\/span><span style=\"color: #000000;\">.<span style=\"font-size: 14px;\"> Man Badete stundenlang und spielte mit dem angeschwemmten Schotter (baute Mulden und gab ganz kleine Fische hinein um vor dem nachhause gehen, diese wieder frei zu lassen), oder suchte unter den gr\u00f6\u00dferen Steinen nach Tieren aller Art.<br \/>\nMan musste aber auch bei der Heuernte mithelfen. Zum Kochen gespaltenes Holz f\u00fcr den K\u00fcchenherd hereintragen (damals gab es auf dem Lande keine E-Herde). Teilweise auch auf die j\u00fcngeren Geschwister aufpassen, was einen Teil der Freizeit gekostet hat. Ein Baumhaus zu Bauen mit wenig Material <\/span><\/span><span style=\"color: #000000;\"><span style=\"color: #000000;\"><span lang=\"DE\"><span style=\"font-size: 14px;\">\u2013<\/span><\/span><\/span><\/span><span style=\"color: #000000;\"><span style=\"font-size: 14px;\"> war schon eine Herausforderung. N\u00e4gel waren nicht so zahlreich vorhanden, daher wurden die schon ein Mal verwendeten, gerade geklopft.<br \/>\nTrotz alledem, war es eine sch\u00f6ne Kindheit!!<\/span><\/span><\/p>\n<p><span style=\"color: #000000;\"><span style=\"font-size: 14px;\"><span style=\"color: #000000;\"><span style=\"font-size: 14px;\"><span style=\"color: #000000;\"><span style=\"color: #000000;\"><span style=\"font-size: 14px;\">Erstver\u00f6ffentlichung in Homepage <\/span><span style=\"color: #0000ff;\"><span style=\"font-size: 14px;\">www.zelking.grafikweb.eu<\/span><\/span><\/span><\/span><\/span><\/span><\/span><\/span><\/p>\n<p>&nbsp;<\/p>\n<\/div>\n<div style=\"text-align: center;\"><\/div>\n<div style=\"text-align: center;\"><span style=\"color: #000000;\"><span style=\"font-size: 16px;\"><strong>\u201eWinnetouspielen mit Pfeil und Bogen\u201c<\/strong><\/span><\/span><\/div>\n<div style=\"text-align: justify;\"><\/div>\n<div style=\"text-align: center;\"><\/div>\n<div style=\"text-align: center;\">\n<p><img loading=\"lazy\" decoding=\"async\" src=\"http:\/\/www.zelking.grafikweb.eu\/images\/stories\/bogen.jpg\" alt=\"\" width=\"180\" height=\"447\" \/><br \/>\n<span style=\"color: #000000;\"><span style=\"font-size: 14px;\">Bei uns \u201ePfitschipfeil\u201c genannt<\/span><\/span><span style=\"color: #000000;\"><span style=\"font-size: 14px;\"> <span style=\"color: #ff0000;\">(*)<\/span><\/span><\/span><\/p>\n<p>&nbsp;<\/p>\n<\/div>\n<div style=\"text-align: justify;\">\n<p><span style=\"color: #000000;\"><span style=\"font-size: 14px;\">Erinnerung aus meiner Kinderzeit <\/span><\/span><span style=\"color: #000000;\"><span style=\"font-size: 14px;\"><span style=\"color: #000000;\">(vor 1960)<\/span><br \/>\n<\/span><\/span><br \/>\n<span style=\"color: #000000;\"><span style=\"font-size: 14px;\"><span style=\"color: #000000;\"><span style=\"color: #000000;\"><span style=\"font-size: 14px;\">Erstver\u00f6ffentlichung in Homepage <\/span><span style=\"color: #0000ff;\"><span style=\"font-size: 14px;\">www.zelking.grafikweb.eu<\/span><\/span><\/span><\/span><\/span><\/span><\/p>\n<p>&nbsp;<\/p>\n<\/div>\n<div style=\"text-align: center;\"><img decoding=\"async\" src=\"http:\/\/www.zelking.grafikweb.eu\/images\/stories\/steinschleuder.jpg\" alt=\"\" \/><br \/>\n<span style=\"color: #000000;\"><span style=\"font-size: 14px;\"> <span style=\"color: #000000;\">Nachbau einer Steinschleuder 2012<\/span> <span style=\"color: #ff0000;\">(*)<\/span><br \/>\n<\/span><\/span><\/div>\n<div style=\"text-align: justify;\">\n<p><span style=\"color: #000000;\"><span style=\"font-size: 14px;\">Als Kinder der damaligen Zeit, waren wir gen\u00fcgsamer <strong><span style=\"color: #ff0000;\">UND<\/span><\/strong> kreativer als die heutige Jugend. Ein <\/span><span style=\"font-size: 14px;\">\u201eNachbau 2012\u201c soll versinnbildlichen, dass wir uns mit einfachen Materialien besch\u00e4ftigten. Der obige Bogen besteht aus einem Astst\u00fcck von einer Haselnu\u00df bzw. ein St\u00fcck dickere Schnur. Die <\/span><span style=\"font-size: 14px;\">\u201ePfeile\u201c bestanden aus Schilfrohr (Bambus ist stabiler und h\u00e4lt daher auch l\u00e4nger), welche mittels eines kleinen St\u00fcckchens Holunder\u00e4stchens eine gewisse Stabilit\u00e4t und Flugeigenschaft <\/span><\/span><span style=\"color: #000000;\"><span style=\"font-size: 14px;\">bekamen <\/span><\/span><span style=\"color: #000000;\"><span style=\"font-size: 14px;\">und auch eine dementprechende Weite von 30\/40m erreichten<\/span><\/span><span style=\"color: #000000;\"><span style=\"font-size: 14px;\">. Die Treffsicherheit war allerdings dann gering.<br \/>\n<strong><span style=\"color: #ff0000;\">(* <\/span>Es w\u00e4re uns aber nicht eingefallen, auf Menschen, Tiere oder Fensterscheiben zu zielen!<span style=\"color: #ff0000;\">)<\/span><\/strong><br \/>\nMeist wurde auf Dosen, oder auf einem an einer Holzwand befindlichen Kreis gezielt und manchmal auch ins <\/span><span style=\"font-size: 14px;\">\u201eSchwarze\u201c getroffen. <\/span><\/span><\/p>\n<\/div>\n<div style=\"text-align: justify;\">\n<p><span style=\"color: #000000;\"><span style=\"font-size: 14px;\">Wenn wir n\u00e4her beim Ziel waren, gab es nat\u00fcrlich eine bessere Treffsicherheit!<\/span><\/span><\/p>\n<p>&nbsp;<\/p>\n<\/div>\n<div style=\"text-align: center;\"><span style=\"color: #000000;\"><span style=\"color: #000000;\"><strong><span style=\"font-size: 16px;\">Winterzeiten in meinem Aufwachsen (1)<br \/>\n<\/span><\/strong><\/span><\/span><\/div>\n<div style=\"text-align: justify;\">\n<p><span style=\"color: #000000;\"><span style=\"color: #000000;\"><span style=\"font-size: 14px;\">Die Winter in meinem Aufwachsen als Kind\/Sch\u00fcler waren schneereicher als heute.<br \/>\nWenn ich daran denke, dass wir mit den Schlitten schon (heute am Sandberg 3 beginnend) oberhalb des heutigen Teils der P\u00f6chlarnerstra\u00dfe, diese komplett durchfahren konnten und mit etwas Gl\u00fcck auch \u00fcber die Kreuzung hinaus, dies k\u00f6nnen sich die Kinder des 21. Jahrhunderts nicht mehr vorstellen.<\/span><\/span><\/span><\/p>\n<p>&nbsp;<\/p>\n<\/div>\n<div style=\"text-align: justify;\"><\/div>\n<div style=\"text-align: center;\">\n<p><span style=\"color: #000000;\"><img loading=\"lazy\" decoding=\"async\" src=\"http:\/\/www.zelking.grafikweb.eu\/images\/stories\/plan.jpg\" alt=\"\" width=\"283\" height=\"453\" \/><br \/>\n<span style=\"color: #000000;\"><span style=\"font-size: 14px;\">Im Ausschnitt des Gemeindeplanes Zelking betreffend, sieht man wo gestartet wurde, bzw. wie weit wir damals mit unseren abendlichen Schlittenpartien fahren konnten<br \/>\nDas Niveau der heutigen P\u00f6chlarnerstra\u00dfe ist im Laufe der Zeit mehrmals abge\u00e4ndert worden (gegen\u00fcber dem damaligen Aussehen gleichm\u00e4\u00dfiger ansteigend)<\/span><\/span><\/span><\/p>\n<p>&nbsp;<\/p>\n<\/div>\n<div style=\"text-align: justify;\"><span style=\"color: #000000;\"><span style=\"color: #000000;\"><span style=\"font-size: 14px;\"><strong>Die Winter in meiner Kinderzeit waren:<\/strong><br \/>\n1.) Viel Schneereicher<br \/>\n2.) es gab fast keinen Verkehr (es fuhren nur wenige Lkw und Pkw <\/span><\/span><span style=\"color: #000000;\"><span style=\"font-size: 14px;\"><span style=\"color: #000000;\"><span style=\"color: #000000;\"><span lang=\"DE\"><span style=\"font-size: 14px;\">\u2013<\/span><\/span><\/span><\/span> f\u00fcr heutige Kindern nicht mehr vollstellbar)<br \/>\n3.) Es gab keine Streuung vom Split, Sand, geschweige den Salz <\/span><\/span><\/span><\/div>\n<div style=\"text-align: justify;\">\n<p><span style=\"color: #000000;\"><span style=\"color: #000000;\"><span style=\"font-size: 14px;\">Wenn es schon etwas dunkler wurde, fuhren wir mit Taschenlampen \u201ebewaffnet<\/span><\/span><span style=\"color: #000000;\"><span style=\"font-size: 14px;\"><span style=\"color: #000000;\"><span style=\"color: #000000;\"><span style=\"font-size: 14px;\">\u201c<\/span><\/span><\/span>.<br \/>\nMeist wurde \u201eVorgespannt\u201c, das hei\u00dft: ein Bub lag b\u00e4uchlings auf dem ersten Schlitten und \u00fcber ihm, auf den Kufen stehend ein zweiter, der sich vorne am Schlitten angehalten hatte, der sogenannte \u201eReiter\u201c. Der liegende Knabe \u201eh\u00e4ngte\u201c sich mit den F\u00fc\u00dfen im zweiten Schlitten ein. Oftmals machten zwei, drei Schlitten den \u201eVorreiter\u201c und ab ging es. Die letzten Schlitten brauchten schon die halbe Stra\u00dfe (was die Schnelligkeit doch minderte). So fuhren wir, abends mehrmals diese (heute zwar besser vorhandene weil asphaltiert, aber leider nicht mehr benutzbare) Strecke ab und zu Fu\u00df musste nat\u00fcrlich dieselbe Strecke wieder zur\u00fcckgegangen werden.<\/span><\/span><\/span><\/p>\n<p>Heute ist auch viel mehr Verkehr als \u201eanno dazumal\u201c, aber es wird auch binnen k\u00fcrzester Zeit der Schnee seitens der Stra\u00dfenmeisterei Melk mittels eines, auf einem LKW montierten Schneepfluges von der Stra\u00dfe wegger\u00e4umt. Wenn mehrmals n\u00f6tig, dann eben mehrmals am Tage vom Schnee befreit und gleichzeitig auch feinerer Kies gestreut.<br \/>\nIn meinem Aufwachsen, gab es solche \u201eErrungenschaften\u201c noch nicht. Erinnere mich, wenn es hier Schnee gab, dann fuhr ein Bauer mit zwei sehr starken Pferden die vor einem h\u00f6lzernen Pflug gespannt waren, die Stra\u00dfe entlang. Die Pferde stampften, manchmal schwei\u00dftriefend durch die \u201ewei\u00dfe Pracht\u201c, denn der \u201eHolzpflug\u201c war nicht leicht. Leider wird es von dieser Art sich vom Schnee \u201ezu befreien\u201c, keine Aufnahmen geben.<\/p>\n<p>Auch Schneemann bauen und mit Schneeb\u00e4llen uns gegenseitig zu bewerfen war \u201ein\u201c. So tobten wir uns Kinder auch in der kalten Jahreszeit aus. Schifahren ging hier nicht so leicht, da doch ein etwas l\u00e4ngeres, ansteigendes Gel\u00e4nde fehlte, bzw. damals viele Obstb\u00e4ume die Abh\u00e4nge \u201ezierten\u201c, welche heute gr\u00f6\u00dftenteils verschwunden sind.<\/p>\n<p>&nbsp;<\/p>\n<\/div>\n<div style=\"text-align: center;\"><span style=\"color: #000000;\"><img decoding=\"async\" src=\"http:\/\/www.zelking.grafikweb.eu\/images\/stories\/schneemann 1 a.jpg\" alt=\"\" \/><\/span><\/div>\n<div style=\"text-align: center;\"><span style=\"color: #000000;\"><span style=\"color: #000000;\"><span style=\"font-size: 14px;\">Meine Nichten Sabrina und Sonja im J\u00e4nner 1996 mit ihrem kleinen Zelkinger Schneemann<br \/>\n<\/span><\/span><\/span><\/div>\n<div style=\"text-align: justify;\">\n<p>&nbsp;<\/p>\n<p>Eine noch vor 1960 erlebte Kindheitserinnerung<br \/>\nNiedergeschrieben im J\u00e4nner 2013<\/p>\n<p>Erstver\u00f6ffentlichung in Homepage <span style=\"color: #0000ff;\"><span style=\"font-size: 14px;\">www.zelking.grafikweb.eu<\/span><\/span><\/p>\n<p>&nbsp;<\/p>\n<\/div>\n<div style=\"text-align: justify;\"><\/div>\n<div style=\"text-align: justify;\">\n<p><span style=\"color: #000000;\"><span style=\"font-size: 14px;\">\u00a0<\/span><\/span><\/p>\n<p>&nbsp;<\/p>\n<\/div>\n","protected":false},"excerpt":{"rendered":"<p>\u00a0Weihnachten 1945 (Radiorede zum Weihnachtsfest 1945) (*) Leopold Figl war der erste Bundeskanzler der Zweiten Republik \u00d6sterreich. Es war die k\u00fcrzeste Rede eines Politikers an die B\u00fcrger unseres Landes, die je gehalten wurde. Sie zeigte in einfachen Worten die Situation \u00d6sterreichs zur damaligen Zeit und war gleichzeitig ein positiver Apell, an die Zukunft zu glauben. [&hellip;]<\/p>\n","protected":false},"author":2,"featured_media":0,"comment_status":"open","ping_status":"open","sticky":false,"template":"","format":"standard","meta":{"footnotes":""},"categories":[40],"tags":[],"class_list":["post-610","post","type-post","status-publish","format-standard","hentry","category-burgstaelle-und-wallanlagen"],"_links":{"self":[{"href":"https:\/\/zelking.grafikweb.eu\/index.php?rest_route=\/wp\/v2\/posts\/610","targetHints":{"allow":["GET"]}}],"collection":[{"href":"https:\/\/zelking.grafikweb.eu\/index.php?rest_route=\/wp\/v2\/posts"}],"about":[{"href":"https:\/\/zelking.grafikweb.eu\/index.php?rest_route=\/wp\/v2\/types\/post"}],"author":[{"embeddable":true,"href":"https:\/\/zelking.grafikweb.eu\/index.php?rest_route=\/wp\/v2\/users\/2"}],"replies":[{"embeddable":true,"href":"https:\/\/zelking.grafikweb.eu\/index.php?rest_route=%2Fwp%2Fv2%2Fcomments&post=610"}],"version-history":[{"count":4,"href":"https:\/\/zelking.grafikweb.eu\/index.php?rest_route=\/wp\/v2\/posts\/610\/revisions"}],"predecessor-version":[{"id":1101,"href":"https:\/\/zelking.grafikweb.eu\/index.php?rest_route=\/wp\/v2\/posts\/610\/revisions\/1101"}],"wp:attachment":[{"href":"https:\/\/zelking.grafikweb.eu\/index.php?rest_route=%2Fwp%2Fv2%2Fmedia&parent=610"}],"wp:term":[{"taxonomy":"category","embeddable":true,"href":"https:\/\/zelking.grafikweb.eu\/index.php?rest_route=%2Fwp%2Fv2%2Fcategories&post=610"},{"taxonomy":"post_tag","embeddable":true,"href":"https:\/\/zelking.grafikweb.eu\/index.php?rest_route=%2Fwp%2Fv2%2Ftags&post=610"}],"curies":[{"name":"wp","href":"https:\/\/api.w.org\/{rel}","templated":true}]}}