{"id":666,"date":"2012-01-26T10:05:08","date_gmt":"2012-01-26T10:05:08","guid":{"rendered":"https:\/\/zelking.com\/2012\/01\/26\/verschiedenste-zeitdokumente\/"},"modified":"2012-01-26T10:05:08","modified_gmt":"2012-01-26T10:05:08","slug":"verschiedenste-zeitdokumente","status":"publish","type":"post","link":"https:\/\/zelking.grafikweb.eu\/?p=666","title":{"rendered":"Zeitdokumente (ab 1826)"},"content":{"rendered":"<div style=\"text-align: center;\">\n<p> <span style=\"color: #000000;\"><strong><span><span style=\"font-size: 14px;\">(Die Gr\u00f6\u00dfenangaben sind <\/span><\/span><\/strong><\/span><span style=\"color: #000000;\"><strong><span><span style=\"font-size: 14px;\"> manchmal leicht auf-, oder abgerundet)<\/p>\n<p> &nbsp;<\/span><\/span><br \/> <\/strong><\/span><br \/> <span style=\"font-size: 16px;\"><span style=\"color: #ff0000;\"><strong>1826<\/strong><\/span><\/span><\/p>\n<p> <img loading=\"lazy\" decoding=\"async\" class=\" size-full wp-image-611\" style=\"width: 413px; height: 644px;\" alt=\"\" src=\"https:\/\/zelking.grafikweb.eu\/wp-content\/uploads\/2012\/01\/kundmachung.jpg\" width=\"275\" height=\"429\" srcset=\"https:\/\/zelking.grafikweb.eu\/wp-content\/uploads\/2012\/01\/kundmachung.jpg 275w, https:\/\/zelking.grafikweb.eu\/wp-content\/uploads\/2012\/01\/kundmachung-192x300.jpg 192w\" sizes=\"auto, (max-width: 275px) 100vw, 275px\" \/><br \/> <span style=\"color: #000000;\"><span style=\"font-size: 14px;\">Kundmachung \u00fcber den entsprungenen<\/span> <span style=\"font-size: 14px;\">Alexander Hofer 1826,<br \/> welcher aber inzwischen aufgegriffen wurde<br \/> <span style=\"color: #000000;\">(20 x 35 cm)<\/span> <\/span><\/span><\/div>\n<div style=\"text-align: justify;\">&nbsp;<\/div>\n<div style=\"text-align: center;\"> <span style=\"font-size: 16px;\"><span style=\"color: #ff0000;\"><strong>1840<\/strong><\/span><\/span><\/p>\n<p> <span style=\"color: #000000;\"><span style=\"font-size: 16px;\"><\/span><\/span><br \/> <img loading=\"lazy\" decoding=\"async\" class=\" size-full wp-image-612\" alt=\"\" src=\"https:\/\/zelking.grafikweb.eu\/wp-content\/uploads\/2012\/01\/rechnung%20m.jpg\" width=\"500\" height=\"393\" \/><br \/> <span style=\"color: #000000;\"><span style=\"font-size: 14px;\">Kirchenrechnung \u00fcber Einkommen und Ausgaben f\u00fcr die Pfarrkirche Matzleinsdorf 1840<\/span><\/span><br \/> <span style=\"color: #000000;\"><span style=\"font-size: 14px;\">(Titelseite\/19 x 24 cm)<br \/> <\/span><\/span><br \/> <span style=\"color: #000000;\"> ,<br \/> <\/span><span style=\"font-size: 16px;\"><span style=\"color: #ff0000;\"><strong>1844<\/strong><\/span><\/span><\/p>\n<p> <span style=\"color: #ff0000;\"><span style=\"font-size: 20px;\"><span><span style=\"font-size: 14px;\"> <\/span><\/span><\/span><\/span><br \/> <span style=\"color: #000000;\"> <\/span><img loading=\"lazy\" decoding=\"async\" class=\" size-full wp-image-613\" alt=\"\" src=\"https:\/\/zelking.grafikweb.eu\/wp-content\/uploads\/2012\/01\/circulare%201844.jpg\" width=\"480\" height=\"754\" \/><br \/> <span style=\"color: #000000;\"> <span style=\"color: #000000;\"><span style=\"font-size: 14px;\">Cirkulare (= veraltet). Zirkular ist ein Rundschreiben <span style=\"color: #000000;\">(23 x 37 cm)<\/span><br \/> (*) Unter Beziehung auf das kreisamtliche Dekret vom 17. Juli 1843, Zahl 6885, wird den Obrigkeiten<br \/> in der Anlage das Verzeichnis \u00fcber die in diesem Kreise aufgestellten Leichenbeschauer,<br \/> und jenes \u00fcber die jedem Einzelnen zur Vornahme der Leichenbeschau<br \/> zugewiesenen Ortschaften hinausgehen. (* 1. Absatz)<\/span><br \/> <\/span><\/p>\n<p> <\/span><span style=\"font-size: 16px;\"><span style=\"color: #000000;\"><span style=\"color: #ff0000;\"><strong>1852<\/strong><\/span><\/span><\/span><\/p>\n<p> <span style=\"color: #000000;\"><span style=\"color: #ff0000;\"><\/span><\/span><img loading=\"lazy\" decoding=\"async\" class=\" size-full wp-image-614\" style=\"width: 528px; height: 392px;\" alt=\"\" src=\"https:\/\/zelking.grafikweb.eu\/wp-content\/uploads\/2012\/01\/fracht%20a.jpg\" width=\"596\" height=\"443\" \/><br \/> <span style=\"color: #000000;\"><span style=\"font-size: 14px;\">Frachtbrief der Donau-Dampfschiffahrts-Gesellschaft<\/span><\/span> <span style=\"color: #000000;\"><span style=\"font-size: 14px;\">(Anschrift-\/Frachtkostenseite)<\/span><\/span><br \/> <span style=\"color: #000000;\"><span style=\"font-size: 14px;\">(21,5 x 29 cm)<\/span><\/span><\/p>\n<p> <img loading=\"lazy\" decoding=\"async\" class=\" size-full wp-image-615\" style=\"width: 521px; height: 702px;\" alt=\"\" src=\"https:\/\/zelking.grafikweb.eu\/wp-content\/uploads\/2012\/01\/fra.jpg\" width=\"422\" height=\"567\" srcset=\"https:\/\/zelking.grafikweb.eu\/wp-content\/uploads\/2012\/01\/fra.jpg 422w, https:\/\/zelking.grafikweb.eu\/wp-content\/uploads\/2012\/01\/fra-223x300.jpg 223w\" sizes=\"auto, (max-width: 422px) 100vw, 422px\" \/><br \/> <span style=\"color: #000000;\"><span style=\"font-size: 14px;\">Frachtinhaltsseite mit der Unterschrift der Gr\u00e4fin von Harrach<\/span><\/span><\/p>\n<p> <span style=\"font-size: 16px;\"><span style=\"color: #000000;\"><span style=\"color: #ff0000;\"><strong>1853<\/strong><\/span><\/span><\/span><\/p>\n<p> <span style=\"color: #000000;\"><span style=\"color: #ff0000;\"><\/span><\/span><img loading=\"lazy\" decoding=\"async\" class=\" size-full wp-image-616\" style=\"width: 460px; height: 641px;\" alt=\"\" src=\"https:\/\/zelking.grafikweb.eu\/wp-content\/uploads\/2012\/01\/1853a.jpg\" width=\"401\" height=\"561\" srcset=\"https:\/\/zelking.grafikweb.eu\/wp-content\/uploads\/2012\/01\/1853a.jpg 401w, https:\/\/zelking.grafikweb.eu\/wp-content\/uploads\/2012\/01\/1853a-214x300.jpg 214w\" sizes=\"auto, (max-width: 401px) 100vw, 401px\" \/><br \/> <span style=\"color: #000000;\"><span style=\"color: #ff0000;\"><\/span><\/span><span style=\"color: #000000;\"><span><span style=\"font-size: 14px;\">Vorderseite&#8230;<\/span><\/span><\/span><\/p>\n<p> <span style=\"color: #000000;\"><span style=\"color: #ff0000;\"><\/span><\/span><img loading=\"lazy\" decoding=\"async\" class=\" size-full wp-image-617\" style=\"width: 465px; height: 646px;\" alt=\"\" src=\"https:\/\/zelking.grafikweb.eu\/wp-content\/uploads\/2012\/01\/1853b.jpg\" width=\"405\" height=\"564\" srcset=\"https:\/\/zelking.grafikweb.eu\/wp-content\/uploads\/2012\/01\/1853b.jpg 405w, https:\/\/zelking.grafikweb.eu\/wp-content\/uploads\/2012\/01\/1853b-215x300.jpg 215w\" sizes=\"auto, (max-width: 405px) 100vw, 405px\" \/><br \/> <span style=\"color: #000000;\"><span style=\"color: #ff0000;\"><strong><span style=\"font-size: 20px;\"><span style=\"font-size: 14px;\"> &nbsp; <\/span><\/span><\/strong><\/span><\/span><span style=\"color: #000000;\"><span><span style=\"font-size: 14px;\">&#8230;und R\u00fcckseite von einem handgeschriebenen, in Kurrentschrift gehaltenem Dokument&#8230;<\/span><\/span><br \/> <span style=\"font-size: 14px;\">(21 x 24,5 cm)<\/p>\n<p> <\/span><\/span><span style=\"color: #000000;\"> <\/span><\/div>\n<div style=\"text-align: center;\"><img loading=\"lazy\" decoding=\"async\" class=\" size-full wp-image-618\" style=\"width: 571px; height: 796px;\" alt=\"\" src=\"https:\/\/zelking.grafikweb.eu\/wp-content\/uploads\/2012\/01\/1853%20kopie.jpg\" width=\"537\" height=\"749\" \/><\/div>\n<div style=\"text-align: center;\"><span style=\"color: #000000;\"><span style=\"font-size: 14px;\">&#8230;und die \u00dcbersetzung<\/p>\n<p> <\/span><\/span><\/div>\n<div style=\"text-align: justify;\"><span style=\"color: #000000;\"><span style=\"font-size: 14px;\">Hier geht es um die Auszahlung von gut 106 Gulden an den einstmals in Zelking wohnhaft gewesenen, inzwischen 21 Jahre alt gewordenen Karl Hillebrand<\/span><span style=\"font-size: 14px;\">, wovon 100 Gulden in Jutu anzulegen sind, der Rest steht zur eigenen Verf\u00fcgung.<br \/> <\/span><\/span><\/div>\n<div style=\"text-align: center;\">\n<p> <span style=\"color: #000000;\"><span style=\"font-size: 14px;\"><span style=\"font-size: 16px;\"><strong><span style=\"color: #ff0000;\">1874<\/span><\/strong><\/span><\/p>\n<p> <\/span><\/span><img loading=\"lazy\" decoding=\"async\" class=\" size-full wp-image-619\" style=\"width: 458px; height: 719px;\" alt=\"\" src=\"https:\/\/zelking.grafikweb.eu\/wp-content\/uploads\/2012\/01\/schrei%201.jpg\" width=\"350\" height=\"550\" \/><br \/> <span style=\"color: #000000;\"><span style=\"font-size: 14px;\"> Schreiben seitens der ehemaligen Gemeindevorstehung Zelking an Herrn von Linde<br \/> <span style=\"color: #000000;\">(14,5 x 23 cm)<\/span><\/p>\n<p> <\/span><\/span><\/div>\n<div style=\"text-align: center;\"><span style=\"color: #000000;\"><span style=\"font-size: 14px;\">Werthester Herr von Linde (*)!<br \/> <\/span><\/span><\/div>\n<div style=\"text-align: center;\">&nbsp;<\/div>\n<div style=\"text-align: justify;\"> <span style=\"color: #000000;\"><span style=\"font-size: 14px;\">Von Seiten beider Unterzeichneten wird hiermit best\u00e4tigt, da\u00df durch Ihren wohlt\u00e4tigen Zweck erzielte Summe von 100 fl <\/span><span style=\"font-size: 10pt;\"><span style=\"font-size: 14px;\">\u2013<\/span><\/span><span style=\"font-size: 14px;\"> sage einhundert Gulden<\/span><\/span><span style=\"font-size: 14px;\"> <\/span><span style=\"color: #000000;\"><span style=\"color: #000000;\"><span style=\"font-size: 10pt;\"><span style=\"font-size: 14px;\">\u2013 richtig hieramts angekommen ist.<br \/> Wir sprechen Ihnen im Namen aller Verungl\u00fcckten (**) in Zelking vorderhand, Ihnen Herr von Linde, wie auch allen geehrten Mitgliedern, welche bei diesen Konzert mitwirkten, aufrecht verbindlichsten Dank aus.<\/p>\n<p> Gemeindevorstehung Zelking am 29. November 1874 (**)<\/p>\n<p> Karl La\u00dfletsberger (B\u00fcrgermeister)<br \/> Johann G\u00f6\u00dfl (Gemeinderat)<\/p>\n<p> (Die \u00dcbersetzung, des in Kurrent gehaltenen Schreibens, erfolgte in die heutige Schreibweise)<\/p>\n<p> <span style=\"color: #000000;\"> (* Franz Xaver Linde, ehemaliger Apotheker und B\u00fcrgermeister in Melk)<br \/> (** Am 4. September 1874 brannten in Zelking 17 (von 21) H\u00e4user ab. F\u00fcr die Brandopfer wurden seitens Herr von Linde, diese Geldspende von 100 Gulden an die Gemeindeleitung \u00fcbersandt <\/span><\/span><\/span><\/span><\/span><span style=\"color: #000000;\"><span style=\"font-size: 10pt;\"><span style=\"font-size: 14px;\">\u2013 bitte in einer erweiterten Beschreibung \u00fcber den Brand unter <\/span><\/span><\/span><strong><span style=\"color: #000000;\"><span style=\"font-size: 10pt;\"><span style=\"font-size: 14px;\">Ereignisse<\/span><\/span><\/span><\/strong><span style=\"color: #000000;\"><span style=\"color: #000000;\"><span style=\"font-size: 10pt;\"><span style=\"font-size: 14px;\"><span style=\"color: #000000;\"> nachlesen)<\/p>\n<p> <\/span><\/span><\/span><\/span><\/span><\/div>\n<div style=\"text-align: center;\"><img loading=\"lazy\" decoding=\"async\" class=\" size-full wp-image-620\" alt=\"\" src=\"https:\/\/zelking.grafikweb.eu\/wp-content\/uploads\/2012\/01\/linde%20franz.jpg\" width=\"120\" height=\"198\" \/><br \/> <span style=\"color: #000000;\"><span style=\"font-size: 14px;\">Franz X. Linde (der \u00c4ltere)<\/span><\/span><br \/> <span style=\"color: #000000;\"><span style=\"font-size: 14px;\">Stadtbuch Melk 1998, Seite 344<\/span><\/span><br \/> &nbsp;<\/div>\n<div style=\"text-align: justify;\"> <span style=\"color: #000000;\"><span style=\"font-size: 14px;\">\u201e<\/span><\/span><span style=\"color: #000000;\"><span style=\"color: #000000;\"><span style=\"font-size: 10pt;\"><span style=\"font-size: 14px;\"><span style=\"color: #000000;\">Kr\u00e4nzchen<\/span><\/span><\/span><\/span><\/span><span style=\"color: #000000;\"><span style=\"color: #000000;\"><span style=\"font-size: 14px;\">\u201c<\/span><\/span><\/span><span style=\"color: #000000;\"><span style=\"color: #000000;\"><span style=\"font-size: 10pt;\"><span style=\"font-size: 14px;\"><span style=\"color: #000000;\">, Volksfeste und allgemeine Sammlungen wurden auch zu Gunsten von durch Br\u00e4nden oder Naturkatastrophen Gesch\u00e4digten in der Umgebung abgehalten. (Stadtbuch Melk, 1998, Seite 330<\/span><\/span><\/span><\/span><\/span><span style=\"color: #000000;\"><span style=\"color: #000000;\"><span style=\"font-size: 14px;\">; Bild von Seite 3<\/span><\/span><\/span><span style=\"color: #000000;\"><span style=\"color: #000000;\"><span style=\"font-size: 10pt;\"><span style=\"font-size: 14px;\"><span style=\"color: #000000;\">44. Es befindet sich darin aber kein direkter Hinweis auf den Brand von 1784 und der Geldspende \u00fcber 100 Gulden an die Opfer.)<\/p>\n<p> <\/span><\/span><\/span><\/span><\/span><\/div>\n<div style=\"text-align: center;\"><span style=\"font-size: 16px;\"><span style=\"color: #000000;\"><strong><span style=\"color: #ff0000;\">1892<\/span><\/strong><\/span><\/span><\/p>\n<p> <span style=\"color: #000000;\"><span style=\"font-size: 16px;\"><\/span><\/span><img loading=\"lazy\" decoding=\"async\" class=\" size-full wp-image-621\" style=\"width: 448px; height: 683px;\" alt=\"\" src=\"https:\/\/zelking.grafikweb.eu\/wp-content\/uploads\/2012\/01\/plakat%201892%20v.jpg\" width=\"411\" height=\"627\" \/><br \/> <span style=\"color: #000000;\"><span style=\"font-size: 16px;\"><\/span><\/span><span style=\"color: #000000;\"><span style=\"font-size: 14px;\"><span style=\"color: #000000;\">Plakat vom Hans<\/span><\/span><\/span><span style=\"color: #000000;\"><span style=\"font-size: 14px;\">wurst-Theater<\/span><span style=\"font-size: 14px;\"> in Wien<\/span> <span style=\"font-size: 14px;\">(Vorderseite)<\/span> &#8230;<\/span><\/p>\n<p> <span style=\"color: #000000;\"><span style=\"font-size: 16px;\"><\/span><\/span><img loading=\"lazy\" decoding=\"async\" class=\" size-full wp-image-622\" style=\"width: 475px; height: 673px;\" alt=\"\" src=\"https:\/\/zelking.grafikweb.eu\/wp-content\/uploads\/2012\/01\/plakat%201892%20rckseite%20.jpg\" width=\"480\" height=\"680\" \/><br \/> <span style=\"color: #000000;\"><span style=\"font-size: 16px;\"><\/span><\/span><span style=\"color: #000000;\"><span style=\"font-size: 14px;\">&#8230; und die R\u00fcckseite (27 x 39 cm) <\/span><\/span><\/div>\n<div style=\"text-align: justify;\">\n<p> <span style=\"color: #000000;\"><span style=\"font-size: 14px;\"><span style=\"color: #000000;\">(*) Der Hanswurst ist eine derb-komische Gestalt der deutschsprachigen Stegreifkom\u00f6die seit dem 16. Jahrhundert.<br \/> &nbsp;<br \/> Als popul\u00e4re b\u00e4uerliche Figur trat der Hanswurst in St\u00fccken des Jahrmarktstheaters und der Wanderb\u00fchnen auf. Der Name erscheint erstmals in einer mittelniederdeutschen Version von Sebastian Brants Narrenschiff (1519) (w\u00e4hrend in der Originalversion der Name hans myst verwendet wurde).<br \/> &nbsp;<br \/> \u201eHanswurst\u201c war auch als Spott- und Schimpfwort in Gebrauch. Martin Luther verwendete ihn 1530 in einer Vermahnung an die Geistlichen, versammelt auf dem Reichstag zu Augsburg und schrieb 1541 die Streitschrift Wider Hans Worst. Im 16. und 17. Jahrhundert trifft man diesen Figurennamen gelegentlich in Fastnachtsspielen und Kom\u00f6dien an. 1775 verfasste der 26-j\u00e4hrige Johann Wolfgang Goethe eine Farce mit dem Titel Hanswursts Hochzeit (* Internet).<br \/> <\/span><\/p>\n<p> <\/span><\/span><\/div>\n<div style=\"text-align: center;\"><span style=\"font-size: 16px;\"><span style=\"color: #000000;\"><strong><span style=\"color: #ff0000;\">1898<\/span><\/strong><\/span><\/span><\/p>\n<p> <span style=\"color: #000000;\"><span style=\"font-size: 14px;\"> <\/span><\/span><img loading=\"lazy\" decoding=\"async\" class=\" size-full wp-image-623\" alt=\"\" src=\"https:\/\/zelking.grafikweb.eu\/wp-content\/uploads\/2012\/01\/kabrief%20a.jpg\" width=\"372\" height=\"452\" \/><br \/> <span style=\"color: #000000;\"><span style=\"font-size: 14px;\"> <span style=\"color: #000000;\">Kartenbrief (Umschlagsseite)<\/span><\/p>\n<p> <\/span><\/span><img loading=\"lazy\" decoding=\"async\" class=\" size-full wp-image-624\" style=\"width: 374px; height: 450px;\" alt=\"\" src=\"https:\/\/zelking.grafikweb.eu\/wp-content\/uploads\/2012\/01\/kabrief%20b.jpg\" width=\"384\" height=\"463\" \/><br \/> <span style=\"color: #000000;\"><span style=\"font-size: 14px;\"> <span style=\"color: #000000;\">Innenseite <span style=\"color: #000000;\">(12,5 x 15 cm)<\/p>\n<p> <\/span><\/span><\/span><\/span><\/div>\n<div style=\"text-align: justify;\"> <span style=\"color: #000000;\"><span style=\"color: #000000;\"><span style=\"font-size: 14px;\">(*) In Roudnice, am 9.10.1898<\/p>\n<p> Sehr verehrter Stadtrat in Oupici!<\/p>\n<p> In tiefer Hochachtung bittet die Unterschriebene um Einsendung der Armen-Unterst\u00fctzung f\u00fcr ein Vierteljahr, die mir in der H\u00f6he von 1 Gulden von dem verehrten Gemeinderat erteilt wurde. Es ist f\u00fcr die Monate Juli, August und September, in der gesamten H\u00f6he von 3 Gulden. Ich bitte um Einsendung dieser Summe, denn ich brauche die Unterst\u00fctzung sehr.<\/p>\n<p> In der Hoffnung, dass meiner Bitte so schnell wie m\u00f6glich entgegengekommen wird, unterschreibe ich diesen Brief in Hochachtung.<\/p>\n<p> Franti\u0161ka Ad\u00e1mkov\u00e1, bis jetzt in Klen\u010di bei Roudnice wohnend<br \/> (* Diese \u00dcbersetzung erfolgte dankenswerterweise durch Frau Milu\u0161ka Vokounov\u00e1, Tschechische Republik)<\/span><\/span><span style=\"font-size: 14px;\"><span style=\"color: #000000;\"> <\/span><\/span> <\/span><\/div>\n<div style=\"text-align: center;\">\n<p> <img loading=\"lazy\" decoding=\"async\" class=\" size-full wp-image-625\" style=\"width: 299px; height: 222px;\" alt=\"\" src=\"https:\/\/zelking.grafikweb.eu\/wp-content\/uploads\/2012\/01\/kabrief%20c.jpg\" width=\"350\" height=\"260\" \/><br \/> <span style=\"color: #000000;\"><span style=\"font-size: 14px;\">Aufgabschein \u00fcber eine Bareinzahlung von 3 Gulden (1898)<\/span><\/span><br \/> <span style=\"color: #ff0000;\"><span style=\"font-size: 20px;\"><\/span><\/span><span style=\"color: #000000;\"><span style=\"font-size: 20px;\"><span style=\"font-size: 14px;\">(11 x 8 cm)<\/span><\/span><\/span><\/p>\n<p> <span style=\"color: #ff0000;\"><span style=\"font-size: 20px;\"><strong><span style=\"font-size: 14px;\"> <\/span><br \/> <span style=\"font-size: 16px;\"><span style=\"color: #ff0000;\">1903<\/span><\/span><\/p>\n<p> <span style=\"color: #ff0000;\"><span style=\"font-size: 20px;\"><span style=\"font-size: 14px;\"> <\/span><\/span><\/span><\/strong><\/span><\/span><img loading=\"lazy\" decoding=\"async\" class=\" size-full wp-image-626\" alt=\"\" src=\"https:\/\/zelking.grafikweb.eu\/wp-content\/uploads\/2012\/01\/rech%204.jpg\" width=\"450\" height=\"678\" \/><br \/> <span style=\"color: #ff0000;\"><span style=\"font-size: 20px;\"><\/span><\/span><span style=\"color: #000000;\"><span style=\"color: #000000;\"><span style=\"font-size: 14px;\">Rechnung vom 27.\/28.\/29. November f\u00fcr Frau von Galgoczy<\/span><\/span><\/span><span style=\"color: #ff0000;\"><span style=\"font-size: 20px;\"><span style=\"color: #000000;\"><span style=\"font-size: 14px;\">(15 x 23 cm)<\/span><\/span><\/p>\n<p> <span style=\"font-size: 14px;\"> <\/span><\/span><\/span><img loading=\"lazy\" decoding=\"async\" class=\" size-full wp-image-627\" style=\"width: 399px; height: 240px;\" alt=\"\" src=\"https:\/\/zelking.grafikweb.eu\/wp-content\/uploads\/2012\/01\/rechnung%205.jpg\" width=\"508\" height=\"306\" \/><br \/> <span style=\"color: #000000;\"><span style=\"font-size: 14px;\">R\u00fcckseitig: Rechnungsbetrag von 6 Kronen und 60 Heller f\u00fcr Friseurbesuch<br \/> (ebenfalls f\u00fcr Frau von Galgoczy)<\/span><\/span><br \/> <span style=\"color: #000000;\"><span style=\"font-size: 14px;\">(13,5 x 8,5 cm)<\/span><\/span><\/p>\n<p> <img loading=\"lazy\" decoding=\"async\" class=\" size-full wp-image-628\" alt=\"\" src=\"https:\/\/zelking.grafikweb.eu\/wp-content\/uploads\/2012\/01\/schrei%202.jpg\" width=\"360\" height=\"260\" \/><br \/> <span style=\"color: #000000;\"><span style=\"font-size: 14px;\">Mitgliedskarte f\u00fcr Frau Ludmilla von Galgoczy <span style=\"color: #000000;\">(13,5 x 9,5 cm)<\/p>\n<p> <\/span><\/span><\/span><span style=\"font-size: 16px;\"><span style=\"color: #ff0000;\"><strong><span style=\"color: #ff0000;\">1901<\/span><\/strong><\/span><span style=\"color: #000000;\"><span style=\"color: #000000;\"> <\/span><\/span><\/span><\/p>\n<p> <span style=\"color: #000000;\"><span style=\"font-size: 14px;\"> <\/span><\/span><img loading=\"lazy\" decoding=\"async\" class=\" size-full wp-image-629\" alt=\"\" src=\"https:\/\/zelking.grafikweb.eu\/wp-content\/uploads\/2012\/01\/entlassungszeugnis%201901.jpg\" width=\"400\" height=\"670\" \/><br \/> <span style=\"color: #000000;\"><span style=\"font-size: 14px;\"> <span style=\"color: #000000;\">Entlassungszeugnis aus Altenw\u00f6rth\/Nieder\u00f6sterreich (21 x 34 cm)<\/span> <\/span><\/span><\/div>\n<div style=\"text-align: justify;\"> &nbsp;<\/div>\n<div style=\"text-align: center;\"><span style=\"color: #000000;\"><span style=\"font-size: 16px;\"><strong><span style=\"color: #ff0000;\">Lebensmittelkarten<\/span><br \/> <\/strong><\/span><br \/> <span style=\"font-size: 16px;\"><\/span><\/span><\/div>\n<div style=\"text-align: justify;\"> <span style=\"color: #000000;\"><span style=\"color: #000000;\"><span style=\"font-size: 16px;\"><strong><span style=\"font-size: 14px;\">Ein trauriges Kapitel der Kriegs- und Nachkriegszeit<\/span><\/strong><\/span><br \/> <\/span><\/span><\/div>\n<p><span style=\"color: #000000;\"><span style=\"color: #000000;\"><span style=\"font-size: 14px;\">Lebensmittelmarken, als Lebensmittelkarte<\/span> <span style=\"font-size: 14px;\">zusammengefasst, war ein Dokument, das den Besitzer zum Empfang bestimmter Waren berechtigte. Lebensmittelkarten stellten allerdings keine Garantie f\u00fcr den Bezug dar, nur vorr\u00e4tige Waren konnten abgegeben werden.<br \/> W\u00f6chentlich folgte ein sogenannter \u201eAufruf\u201c: Die Menge oder Anzahl von Lebensmitteln oder Produkten, die auf einem bestimmmten Abschnitt angegeben wurde, war den Medien (Zeitung, Rundfunk) zu entnehmen.<br \/> Au\u00dfer Lebensmitteln wurden auch andere Konsumg\u00fcter rationiert, beispielsweise Kleidung, Heizmaterial und Genussmittel wie Zigaretten und Alkohol.<\/p>\n<p> <strong>Rayonierung<\/strong><br \/> Lebensmittel konnten aber nicht <\/span><span style=\"font-size: 10pt;\"><span style=\"font-size: 14px;\">\u2013<\/span><\/span><span style=\"font-size: 14px;\"> so wie heute <\/span><span style=\"font-size: 10pt;\"><span style=\"font-size: 14px;\">\u2013<\/span><\/span><span style=\"font-size: 14px;\"> in jedem Fachgesch\u00e4ft bezogen werden. Sie waren nur in dem Laden erh\u00e4ltlich, bei dem man \u201erayoniert\u201c war. Man erhielt rationierte Lebensmittel in den Gesch\u00e4ften und Gastst\u00e4tten nur, wenn man die entsprechenden Lebensmittelkartenabschnitte, also die Marken, abgeben konnte (und zus\u00e4tzlich nat\u00fcrlich bezahlte).<\/p>\n<p> Die ersten Lebensmittelkarten wurden in Deutschland am 28. August 1939 ausgegeben, also zwei Tage vor Kriegsbeginn!<br \/> Die Tatsache, dass die Lebensmittelrationierung schon weit vor Kriegsbeginn organisiert wurde, weigt einmal mehr, dass der Angriffskrieg schon lange vor dem 1. September 1939 geplant war. Es wurde alles und jedes rationiert und kontigentiert; lebensmittelkarten, Bezugscheine \u201eregelten\u201c das t\u00e4gliche Leben.<\/p>\n<p> <span style=\"color: #ff0000;\">(*)<\/span> <strong>Rationierung im Nachkriegs\u00f6sterreich<\/strong><br \/> Nach Kriegsende wurde die Ern\u00e4hrungslage in \u00d6sterreich noch schlechter. Die Rationierung wurde allm\u00e4hlich gelockert und endete in \u00d6sterreich erst 1952.<br \/> Dr. Hellwig Heinzel<br \/> F\u00fcrstentum Liechtenstein<br \/> Teilentnahmen aus: DIE BRIEFMARKE 12\/2009<\/p>\n<p> <\/span><\/span><\/span><\/p>\n<div style=\"text-align: center;\"><span style=\"font-size: 18px;\"><span style=\"color: #ff0000;\">Erster Weltkrieg<\/span><\/span><\/p>\n<p> <span style=\"color: #000000;\"> <\/span><span style=\"font-size: 16px;\"><span style=\"color: #ff0000;\"><strong>1915<\/strong><\/span><\/span><\/p>\n<p> <span style=\"color: #000000;\"> <\/span><img loading=\"lazy\" decoding=\"async\" class=\" size-full wp-image-630\" style=\"width: 260px; height: 459px;\" alt=\"\" src=\"https:\/\/zelking.grafikweb.eu\/wp-content\/uploads\/2012\/01\/zeitdo17a.jpg\" width=\"336\" height=\"593\" srcset=\"https:\/\/zelking.grafikweb.eu\/wp-content\/uploads\/2012\/01\/zeitdo17a.jpg 336w, https:\/\/zelking.grafikweb.eu\/wp-content\/uploads\/2012\/01\/zeitdo17a-170x300.jpg 170w\" sizes=\"auto, (max-width: 336px) 100vw, 336px\" \/><span style=\"color: #000000;\"> <\/span><img loading=\"lazy\" decoding=\"async\" class=\" size-full wp-image-631\" style=\"width: 258px; height: 458px;\" alt=\"\" src=\"https:\/\/zelking.grafikweb.eu\/wp-content\/uploads\/2012\/01\/zeitdo17b.jpg\" width=\"336\" height=\"596\" srcset=\"https:\/\/zelking.grafikweb.eu\/wp-content\/uploads\/2012\/01\/zeitdo17b.jpg 336w, https:\/\/zelking.grafikweb.eu\/wp-content\/uploads\/2012\/01\/zeitdo17b-169x300.jpg 169w\" sizes=\"auto, (max-width: 336px) 100vw, 336px\" \/><br \/> <span style=\"color: #000000;\"><span style=\"font-size: 14px;\">7.\/8. Woche 1915<\/span><\/span><br \/> <span style=\"color: #000000;\"><span style=\"font-size: 14px;\">(Jeder Doppelbeleg 8 x 14 cm)<\/span><\/span><\/p>\n<p> <span style=\"color: #000000;\"> <img loading=\"lazy\" decoding=\"async\" class=\" size-full wp-image-632\" style=\"width: 500px; height: 439px;\" alt=\"\" src=\"https:\/\/zelking.grafikweb.eu\/wp-content\/uploads\/2012\/01\/zeitdo%201.jpg\" width=\"596\" height=\"524\" \/><br \/> <span style=\"font-size: 14px;\"><span style=\"color: #000000;\">12.\/13. Woche <\/span><br \/> Lebensmittelkarten aus 1915 (ohne die Lebensmittelmarken)<\/p>\n<p> <\/span><\/span><span style=\"font-size: 16px;\"><span style=\"color: #ff0000;\"><strong>1915<\/strong><\/span><\/span><span style=\"font-size: 14px;\"><span style=\"color: #ff0000;\"><strong>\/Zweiter Weltkrieg<\/strong><\/span><\/span><\/p>\n<p> <span style=\"font-size: 14px;\"> <\/span><br \/> <img loading=\"lazy\" decoding=\"async\" class=\" size-full wp-image-633\" style=\"width: 498px; height: 315px;\" alt=\"\" src=\"https:\/\/zelking.grafikweb.eu\/wp-content\/uploads\/2012\/01\/zeitdo10.jpg\" width=\"552\" height=\"349\" srcset=\"https:\/\/zelking.grafikweb.eu\/wp-content\/uploads\/2012\/01\/zeitdo10.jpg 552w, https:\/\/zelking.grafikweb.eu\/wp-content\/uploads\/2012\/01\/zeitdo10-300x190.jpg 300w\" sizes=\"auto, (max-width: 552px) 100vw, 552px\" \/><br \/> <span style=\"color: #000000;\"><span style=\"font-size: 14px;\"> Postkarte mit dem 1915 enstandenem Lied<br \/> <strong><span style=\"color: #ff0000;\">(<\/span><span style=\"color: #ff0000;\">*<\/span><\/strong> Das Bild des wachenden Soldaten stammt aus dem Zweiten Weltkrieg <\/span><\/span><span style=\"color: #000000;\"><span style=\"font-size: 14px;\">\u2013<\/span><\/span><span style=\"color: #000000;\"><span style=\"font-size: 14px;\"> dem schlechten Papier nach<strong><span style=\"color: #ff0000;\">)<\/span><\/strong><\/p>\n<p> <\/span><\/span><\/div>\n<div style=\"text-align: justify;\"><span style=\"color: #000000;\"><span style=\"font-size: 14px;\">(*)\u201eVor der Kaserne, vor dem gro\u00dfen Tor\u2026\u201c<br \/> Es ist eines der bekanntesten deutschsprachigen Lieder weltweit \u2013 und seinen Ursprung hat es in unserem Kiez: Den Text zum Soldatenschlager \u201eLili Marleen\u201c schrieb Hans Leip 1915 in der Kaserne der Gardef\u00fcsiliere an der Chausseestra\u00dfe. 25 Jahre sp\u00e4ter, vertont von Norbert Schultze und gesungen von Lale Andersen, wurde das sehnsuchtsvolle Gedicht zum front\u00fcberschreitenden Hit des Zweiten Weltkriegs.<br \/> Die Laterne vor dem gro\u00dfen Tor, sie stand damals am Seiteneingang der Kaserne in der Kesselstra\u00dfe. Die hei\u00dft heute Habersathstra\u00dfe und auf dem fr\u00fcheren Kasernen-Gel\u00e4nde baute der BND seinen wuchtigen Amtssitz. Jedenfalls dort, am Seiteneingang, schiebt Hans Leip (1893\u20131983) der Legende nach in der Nacht vom 3. auf den 4. April 1915 Wache \u2013 kurz vor dem Abmarsch an die Front. In den Wochen zuvor hatte er Betty-Lili und Marleen kennen gelernt. In dieser Nacht kommen beide, um sich von ihm zu verabschieden. Andreas Conrad schreibt 2003 im \u201eTagesspiegel\u201c: \u201eSo verschmolzen sich im Trapp-Trapp seiner Stiefel, w\u00e4hrend er unter der Laterne hin und her trottete, die beiden Frauennamen zu einem, zu \u2018Lili Marleen\u2019. Wiedergesehen hat er beide nicht.\u201c<\/span><\/span><br \/> <span style=\"color: #000000;\"><span style=\"font-size: 14px;\">(* Internet)<\/span><\/span><\/div>\n<div style=\"text-align: center;\">&nbsp;<\/p>\n<p> <span style=\"font-size: 16px;\"><span style=\"color: #ff0000;\"><strong>1917<\/strong><\/span><\/span><\/p>\n<p> <span style=\"font-size: 16px;\"><\/span><\/div>\n<div style=\"text-align: center;\"><img loading=\"lazy\" decoding=\"async\" class=\" size-full wp-image-634\" style=\"width: 452px; height: 705px;\" alt=\"\" src=\"https:\/\/zelking.grafikweb.eu\/wp-content\/uploads\/2012\/01\/zeitdo8.jpg\" width=\"480\" height=\"750\" srcset=\"https:\/\/zelking.grafikweb.eu\/wp-content\/uploads\/2012\/01\/zeitdo8.jpg 480w, https:\/\/zelking.grafikweb.eu\/wp-content\/uploads\/2012\/01\/zeitdo8-192x300.jpg 192w\" sizes=\"auto, (max-width: 480px) 100vw, 480px\" \/><br \/> <span style=\"color: #000000;\"><span style=\"font-size: 14px;\"> <span style=\"color: #000000;\">Rechnung f\u00fcr Frau von Golgoczy<\/span><\/span><\/span><span style=\"color: #000000;\"><span style=\"font-size: 16px;\"><span style=\"color: #000000;\"><span style=\"font-size: 16px;\"><span style=\"font-size: 14px;\">(15 x 23,5 cm)<\/span><\/span><\/span><\/p>\n<p> <\/span><\/span><span style=\"font-size: 16px;\"><span style=\"color: #ff0000;\"><strong>1931<\/strong><\/span><\/span><br \/> <span style=\"color: #000000;\"><span style=\"font-size: 14px;\"> <\/span><\/span><\/p>\n<p> <span style=\"color: #000000;\"><span style=\"font-size: 16px;\"><\/span><\/span><img loading=\"lazy\" decoding=\"async\" class=\" size-full wp-image-635\" alt=\"\" src=\"https:\/\/zelking.grafikweb.eu\/wp-content\/uploads\/2012\/01\/hei.jpg\" width=\"400\" height=\"570\" srcset=\"https:\/\/zelking.grafikweb.eu\/wp-content\/uploads\/2012\/01\/hei.jpg 400w, https:\/\/zelking.grafikweb.eu\/wp-content\/uploads\/2012\/01\/hei-211x300.jpg 211w\" sizes=\"auto, (max-width: 400px) 100vw, 400px\" \/><br \/> <span style=\"color: #000000;\"><span style=\"font-size: 14px;\">Heimatschein des Ferdinand Swa\u010dek, 18?8 geboren (A4)<\/span><\/span><\/p>\n<p> <span style=\"color: #000000;\"><span style=\"font-size: 16px;\"><\/span><\/span><span style=\"font-size: 16px;\"><span style=\"color: #ff0000;\"><strong>1935<\/strong><\/span><\/span><\/p>\n<p> <span style=\"color: #000000;\"><span style=\"font-size: 14px;\"> <\/span><\/span><img loading=\"lazy\" decoding=\"async\" class=\" size-full wp-image-636\" style=\"width: 450px; height: 692px;\" alt=\"\" src=\"https:\/\/zelking.grafikweb.eu\/wp-content\/uploads\/2012\/01\/zeitdo9.jpg\" width=\"492\" height=\"756\" srcset=\"https:\/\/zelking.grafikweb.eu\/wp-content\/uploads\/2012\/01\/zeitdo9.jpg 492w, https:\/\/zelking.grafikweb.eu\/wp-content\/uploads\/2012\/01\/zeitdo9-195x300.jpg 195w\" sizes=\"auto, (max-width: 492px) 100vw, 492px\" \/><br \/> <span style=\"color: #000000;\"><span style=\"font-size: 14px;\"> <\/span><span style=\"color: #000000;\"><span style=\"font-size: 14px;\">Historische Rede von Bundeskanzler Dr. Schuschnigg 1935 <span style=\"color: #000000;\">(15,5 x 23,5 cm)<\/span><br \/> (Die Rede ist auf 19 Seiten A5 gedruckt worden)<\/p>\n<p> <\/span><\/span><\/span><\/div>\n<div style=\"text-align: justify;\"> <span style=\"color: #000000;\"><span style=\"font-size: 14px;\">Kurt Alois Josef Johann Schuschnigg, 1898\u20131919 amtlich Edler von Schuschnigg (* 14. Dezember 1897 in Riva del Garda, \u00d6sterreich-Ungarn; \u2020 18. November 1977 in Mutters) war w\u00e4hrend der Zeit des von ihm als Justizminister mitkonzipierten austrofaschistischen \u201eSt\u00e4ndestaates\u201c von 29. Juli 1934 bis 11. M\u00e4rz 1938 diktatorisch regierender Bundeskanzler des Bundesstaates \u00d6sterreich. Nach dem \u201eAnschluss\u201c \u00d6sterreichs wurde er von den Nationalsozialisten bis 1945 als sogenannter \u201eSchutzh\u00e4ftling\u201c in verschiedenen Konzentrationslagern inhaftiert. Nach dem Ende des Zweiten Weltkriegs wurde er US-amerikanischer Staatsb\u00fcrger und war in den Vereinigten Staaten als Professor f\u00fcr Staatsrecht t\u00e4tig. 1968 kehrte er nach \u00d6sterreich zur\u00fcck, wo er 1977 starb (Internet).<\/span><\/span><br \/> &nbsp;<\/div>\n<div style=\"text-align: center;\"> <span style=\"font-size: 16px;\"><span style=\"color: #ff0000;\"><strong>1936<\/strong><\/span><\/span><\/p>\n<p> <span style=\"font-size: 14px;\"> <\/span><br \/> <img loading=\"lazy\" decoding=\"async\" class=\" size-full wp-image-637\" style=\"width: 450px; height: 618px;\" alt=\"\" src=\"https:\/\/zelking.grafikweb.eu\/wp-content\/uploads\/2012\/01\/zeitdo4.jpg\" width=\"517\" height=\"709\" srcset=\"https:\/\/zelking.grafikweb.eu\/wp-content\/uploads\/2012\/01\/zeitdo4.jpg 517w, https:\/\/zelking.grafikweb.eu\/wp-content\/uploads\/2012\/01\/zeitdo4-219x300.jpg 219w\" sizes=\"auto, (max-width: 517px) 100vw, 517px\" \/><br \/> <span style=\"color: #000000;\"><span style=\"font-size: 14px;\"> <span style=\"color: #000000;\">Versicherungspolizze (unterster Teil fehlt) von 1936<\/span><\/span><\/span> <span style=\"color: #000000;\"><span style=\"font-size: 14px;\">(23,5 x 31,5 cm)<\/span><\/span><\/p>\n<p> <span style=\"font-size: 16px;\"><span style=\"color: #ff0000;\"><strong>1938<\/strong><\/span><\/span><span style=\"color: #ff0000;\"><span style=\"font-size: 20px;\"><span style=\"font-size: 14px;\"><strong>(1983)<\/strong><\/span><\/span><\/span><\/p>\n<p> &nbsp;<\/p><\/div>\n<div style=\"text-align: center;\"><img loading=\"lazy\" decoding=\"async\" class=\" size-full wp-image-638\" alt=\"\" src=\"https:\/\/zelking.grafikweb.eu\/wp-content\/uploads\/2012\/01\/zeitdo11.jpg\" width=\"556\" height=\"435\" srcset=\"https:\/\/zelking.grafikweb.eu\/wp-content\/uploads\/2012\/01\/zeitdo11.jpg 556w, https:\/\/zelking.grafikweb.eu\/wp-content\/uploads\/2012\/01\/zeitdo11-300x235.jpg 300w\" sizes=\"auto, (max-width: 556px) 100vw, 556px\" \/><br \/> <span style=\"font-size: 14px;\"><span style=\"color: #000000;\">Zeitungsartikel vom Einmarsch der deutschen Wehrmacht 1938 <span style=\"color: #ff0000;\">(Nachdruck 1983)<\/span><br \/> Hitler im Wagen stehend, im Hintergrund das Stift Melk<\/span><\/span><\/p>\n<p> <span style=\"color: #000000;\"> <span style=\"font-size: 16px;\"><span style=\"color: #ff0000;\"><strong>(?)<\/strong><\/span><\/span><br \/> <span style=\"color: #ff0000;\"><span style=\"font-size: 20px;\"><\/span><\/span><\/p>\n<p> <\/span><img loading=\"lazy\" decoding=\"async\" class=\" size-full wp-image-639\" alt=\"\" src=\"https:\/\/zelking.grafikweb.eu\/wp-content\/uploads\/2012\/01\/zeitdo16a.jpg\" width=\"501\" height=\"701\" srcset=\"https:\/\/zelking.grafikweb.eu\/wp-content\/uploads\/2012\/01\/zeitdo16a.jpg 501w, https:\/\/zelking.grafikweb.eu\/wp-content\/uploads\/2012\/01\/zeitdo16a-214x300.jpg 214w\" sizes=\"auto, (max-width: 501px) 100vw, 501px\" \/><br \/> <span style=\"color: #000000;\"> <\/span><span style=\"color: #000000;\"><span style=\"font-size: 14px;\">\u201eWerbung ist alles!\u201c<\/span> <span style=\"font-size: 14px;\">(Vorderseite <\/span><\/span><span style=\"color: #000000;\"><span style=\"font-size: 14px;\">\u2013<\/span><\/span><span style=\"color: #000000;\"><span style=\"font-size: 14px;\"> A4<\/span><\/span><span style=\"color: #000000;\"><span style=\"font-size: 14px;\">)&#8230;<\/p>\n<p> <\/span><\/span><img loading=\"lazy\" decoding=\"async\" class=\" size-full wp-image-640\" alt=\"\" src=\"https:\/\/zelking.grafikweb.eu\/wp-content\/uploads\/2012\/01\/zeitdo16b.jpg\" width=\"500\" height=\"701\" srcset=\"https:\/\/zelking.grafikweb.eu\/wp-content\/uploads\/2012\/01\/zeitdo16b.jpg 500w, https:\/\/zelking.grafikweb.eu\/wp-content\/uploads\/2012\/01\/zeitdo16b-214x300.jpg 214w\" sizes=\"auto, (max-width: 500px) 100vw, 500px\" \/><br \/> <span style=\"color: #000000;\"> <span style=\"color: #000000;\"><span style=\"font-size: 14px;\">&#8230;und die R\u00fcckseite<\/p>\n<p> <span style=\"font-size: 16px;\"><span style=\"color: #ff0000;\"><strong>(?)<\/strong><\/span><\/span><\/p>\n<p> <\/span><\/span><\/span><img loading=\"lazy\" decoding=\"async\" class=\" size-full wp-image-641\" style=\"width: 259px; height: 256px;\" alt=\"\" src=\"https:\/\/zelking.grafikweb.eu\/wp-content\/uploads\/2012\/01\/sch1.jpg\" width=\"350\" height=\"345\" srcset=\"https:\/\/zelking.grafikweb.eu\/wp-content\/uploads\/2012\/01\/sch1.jpg 350w, https:\/\/zelking.grafikweb.eu\/wp-content\/uploads\/2012\/01\/sch1-300x296.jpg 300w, https:\/\/zelking.grafikweb.eu\/wp-content\/uploads\/2012\/01\/sch1-100x100.jpg 100w\" sizes=\"auto, (max-width: 350px) 100vw, 350px\" \/><br \/> <span style=\"color: #000000;\"><span style=\"font-size: 14px;\">Sch\u00fctzenscheibe der deutschen Wehrmacht (1939<\/span><\/span><span style=\"color: #000000;\"><span style=\"font-size: 14px;\">\u2013<\/span><\/span><span style=\"color: #000000;\"><span style=\"font-size: 14px;\">1945)<br \/> Gau Niederdonau = Bundesland Nieder\u00f6sterreich<br \/> KdF. = Kraft durch Freude<br \/> (Originalgr\u00f6\u00dfe 12 x 12 cm)<\/span><\/span><\/p>\n<p> <span style=\"color: #000000;\"><span style=\"color: #000000;\"><span style=\"font-size: 14px;\"> <span style=\"font-size: 16px;\"><span style=\"color: #ff0000;\"><strong>1939<\/strong><\/span><\/span><br \/> <\/span><\/span><br \/> <\/span><br \/> <span style=\"color: #000000;\"><span style=\"font-size: 14px;\"> <\/span><\/span><img loading=\"lazy\" decoding=\"async\" class=\" size-full wp-image-642\" style=\"width: 450px; height: 632px;\" alt=\"\" src=\"https:\/\/zelking.grafikweb.eu\/wp-content\/uploads\/2012\/01\/zeitdo5.jpg\" width=\"412\" height=\"579\" srcset=\"https:\/\/zelking.grafikweb.eu\/wp-content\/uploads\/2012\/01\/zeitdo5.jpg 412w, https:\/\/zelking.grafikweb.eu\/wp-content\/uploads\/2012\/01\/zeitdo5-213x300.jpg 213w\" sizes=\"auto, (max-width: 412px) 100vw, 412px\" \/><br \/> <span style=\"color: #000000;\"><span style=\"font-size: 14px;\"><span style=\"color: #000000;\">Feuer-Versicherungsbeleg aus 1939 <span style=\"color: #000000;\">(A4)<br \/> <\/span><\/p>\n<p> <\/span><\/span><\/span><span style=\"font-size: 16px;\"><span style=\"color: #ff0000;\"><strong>Lebensmittelkarten<\/strong><\/span><\/span><\/p>\n<p> <span style=\"color: #ff0000;\"><span style=\"font-size: 20px;\"> <\/span><\/span><span style=\"font-size: 16px;\"><span style=\"color: #ff0000;\">Zweiter Weltkrieg 1938<strong>\u2013<\/strong>1945<\/span><\/span><\/p>\n<p> <span style=\"color: #000000;\"><span><span style=\"font-size: 16px;\"><\/span><\/span><\/span><span style=\"font-size: 16px;\"><span style=\"color: #ff0000;\"><strong>(?)<\/strong><\/span><\/span><\/p>\n<p> <span style=\"color: #000000;\"><span><span style=\"font-size: 16px;\"><\/span><\/span><\/span><br \/> <img loading=\"lazy\" decoding=\"async\" class=\" size-full wp-image-643\" style=\"width: 450px; height: 605px;\" alt=\"\" src=\"https:\/\/zelking.grafikweb.eu\/wp-content\/uploads\/2012\/01\/zeitdo12a.jpg\" width=\"503\" height=\"677\" srcset=\"https:\/\/zelking.grafikweb.eu\/wp-content\/uploads\/2012\/01\/zeitdo12a.jpg 503w, https:\/\/zelking.grafikweb.eu\/wp-content\/uploads\/2012\/01\/zeitdo12a-223x300.jpg 223w\" sizes=\"auto, (max-width: 503px) 100vw, 503px\" \/><br \/> <span style=\"color: #000000;\"><span style=\"font-size: 14px;\">Lebensmittelkarte \u00fcber Fleisch\/Fleischwaren oder Speck\/Schweinerohfett<\/span><\/span><br \/> <span style=\"color: #000000;\"><span style=\"font-size: 14px;\">(21 x 18,5 cm)<\/span><\/span><\/p>\n<p> <span style=\"font-size: 16px;\"><span style=\"color: #ff0000;\"><strong>1943<\/strong><\/span><\/span><\/p>\n<p> <img loading=\"lazy\" decoding=\"async\" class=\" size-full wp-image-644\" style=\"width: 450px; height: 432px;\" alt=\"\" src=\"https:\/\/zelking.grafikweb.eu\/wp-content\/uploads\/2012\/01\/zeitdo13.jpg\" width=\"483\" height=\"462\" srcset=\"https:\/\/zelking.grafikweb.eu\/wp-content\/uploads\/2012\/01\/zeitdo13.jpg 483w, https:\/\/zelking.grafikweb.eu\/wp-content\/uploads\/2012\/01\/zeitdo13-300x287.jpg 300w\" sizes=\"auto, (max-width: 483px) 100vw, 483px\" \/><br \/> <span style=\"color: #000000;\"><span style=\"font-size: 14px;\">Mahl- und Brotkarte 1943 <\/span><\/span><span style=\"color: #000000;\"><span style=\"font-size: 14px;\">(21 x 20 cm)<\/span><\/span><br \/> <span style=\"color: #000000;\"><span style=\"font-size: 14px;\">R\u00fcckseitig: Die R\u00fccklieferung darf nur in denjenigen Arten von Mahlerzeugnissen erfolgen,<br \/> die der Art der gelieferten Getreideerzeugnisse entsprechen<br \/> (Roggen\/Roggenmehl <\/span><\/span><span style=\"color: #000000;\"><span style=\"font-size: 14px;\">\u2013<\/span><\/span><span style=\"color: #000000;\"><span style=\"font-size: 14px;\"> Weizen, Dinkel, Emer, Spelz und Einkorn\/Weizenmehl)<br \/> Ausserdem beinhaltete diese Lebensmittelkarte auch wieviel an Mehl, Kleie oder Grie\u00df man daf\u00fcr zur\u00fcckbekam!<\/span><\/span><\/p>\n<p> <span style=\"font-size: 16px;\"><span style=\"color: #ff0000;\"><strong>194<\/strong><\/span><\/span><span style=\"color: #ff0000;\"><span style=\"font-size: 20px;\"><span style=\"font-size: 14px;\"><span style=\"color: #000000;\"><strong>(0 bis 1945)<\/strong><\/span><\/span><\/span><\/span><\/p>\n<p> <img loading=\"lazy\" decoding=\"async\" class=\" size-full wp-image-645\" style=\"width: 274px; height: 474px;\" alt=\"\" src=\"https:\/\/zelking.grafikweb.eu\/wp-content\/uploads\/2012\/01\/rech1.jpg\" width=\"328\" height=\"568\" srcset=\"https:\/\/zelking.grafikweb.eu\/wp-content\/uploads\/2012\/01\/rech1.jpg 328w, https:\/\/zelking.grafikweb.eu\/wp-content\/uploads\/2012\/01\/rech1-173x300.jpg 173w\" sizes=\"auto, (max-width: 328px) 100vw, 328px\" \/> <img loading=\"lazy\" decoding=\"async\" class=\" size-full wp-image-646\" style=\"width: 275px; height: 473px;\" alt=\"\" src=\"https:\/\/zelking.grafikweb.eu\/wp-content\/uploads\/2012\/01\/rech2.jpg\" width=\"328\" height=\"563\" srcset=\"https:\/\/zelking.grafikweb.eu\/wp-content\/uploads\/2012\/01\/rech2.jpg 328w, https:\/\/zelking.grafikweb.eu\/wp-content\/uploads\/2012\/01\/rech2-175x300.jpg 175w\" sizes=\"auto, (max-width: 328px) 100vw, 328px\" \/><br \/> <span style=\"color: #000000;\"><span style=\"font-size: 14px;\">Originalbeleg von einem Rechnungsblock ab Jahr 194. (1940 aufw\u00e4rts) gedacht<\/span><\/span> <span style=\"color: #000000;\"><span style=\"font-size: 14px;\">mit<\/span><\/span><br \/> <span style=\"color: #000000;\"><span style=\"font-size: 14px;\">(links) Kundenbeleg (Original), rechts der bei der Firma verbleibende Durchschlag (Kopie);<br \/> dazwischen wurde Pauspapier gegeben und erhielt so ein<\/span><\/span> <span style=\"color: #000000;\"><span style=\"font-size: 14px;\">\u201eDublikat\u201c<\/span><\/span> (<span style=\"color: #000000;\"><span style=\"font-size: 14px;\">man musste kein zweites Mal den Betrag Schreiben<\/span><\/span>)<br \/> <span style=\"color: #000000;\"><span style=\"font-size: 14px;\">(8,5 x 15 cm)<\/span><\/span><\/p>\n<p> <span style=\"font-size: 16px;\"><span style=\"color: #ff0000;\"><strong>1941<\/strong><\/span><\/span><\/p>\n<p> <span style=\"color: #000000;\"><span style=\"font-size: 14px;\"> <\/span><\/span><img loading=\"lazy\" decoding=\"async\" class=\" size-full wp-image-647\" style=\"width: 450px; height: 627px;\" alt=\"\" src=\"https:\/\/zelking.grafikweb.eu\/wp-content\/uploads\/2012\/01\/zeitdo6.jpg\" width=\"405\" height=\"564\" srcset=\"https:\/\/zelking.grafikweb.eu\/wp-content\/uploads\/2012\/01\/zeitdo6.jpg 405w, https:\/\/zelking.grafikweb.eu\/wp-content\/uploads\/2012\/01\/zeitdo6-215x300.jpg 215w\" sizes=\"auto, (max-width: 405px) 100vw, 405px\" \/><br \/> <span style=\"color: #000000;\"><span style=\"font-size: 14px;\"> <span style=\"color: #000000;\">Grundsteuerbescheid 1941<span style=\"color: #000000;\"> (A4)<\/p>\n<p> <span style=\"font-size: 16px;\"><span style=\"color: #ff0000;\"><strong>1942<\/strong><\/span><\/span><\/p>\n<p> <\/span><br \/> <\/span><\/span><\/span><img loading=\"lazy\" decoding=\"async\" class=\" size-full wp-image-648\" alt=\"\" src=\"https:\/\/zelking.grafikweb.eu\/wp-content\/uploads\/2012\/01\/turf.jpg\" width=\"400\" height=\"600\" srcset=\"https:\/\/zelking.grafikweb.eu\/wp-content\/uploads\/2012\/01\/turf.jpg 400w, https:\/\/zelking.grafikweb.eu\/wp-content\/uploads\/2012\/01\/turf-200x300.jpg 200w\" sizes=\"auto, (max-width: 400px) 100vw, 400px\" \/><br \/> <span style=\"color: #000000;\"><span style=\"font-size: 14px;\"><span style=\"color: #000000;\"> <span style=\"color: #000000;\">Originalbeleg vom Sonntag, 6. September 1942<br \/> (15 x 22,5 cm)<br \/> <\/span><\/p>\n<p> <span style=\"font-size: 16px;\"><span style=\"color: #ff0000;\"><strong>1946<\/strong><\/span><\/span><br \/> <\/span><\/p>\n<p> <\/span><\/span><img loading=\"lazy\" decoding=\"async\" class=\" size-full wp-image-649\" style=\"width: 450px; height: 649px;\" alt=\"\" src=\"https:\/\/zelking.grafikweb.eu\/wp-content\/uploads\/2012\/01\/zeitdo2.jpg\" width=\"496\" height=\"699\" srcset=\"https:\/\/zelking.grafikweb.eu\/wp-content\/uploads\/2012\/01\/zeitdo2.jpg 496w, https:\/\/zelking.grafikweb.eu\/wp-content\/uploads\/2012\/01\/zeitdo2-213x300.jpg 213w\" sizes=\"auto, (max-width: 496px) 100vw, 496px\" \/><br \/> <span style=\"color: #000000;\"><span style=\"font-size: 14px;\">Steuerbescheid 1946 <span style=\"color: #000000;\">(A4)<\/span><\/span><\/span><\/p>\n<p> <span style=\"color: #ff0000;\"><span style=\"font-size: 20px;\"><span style=\"font-size: 14px;\"> <\/span><br \/> <\/span><\/span><span style=\"font-size: 16px;\"><strong><span style=\"color: #ff0000;\">\u201eNachkriegslebensmittelkarten\u201c<\/span><\/strong><\/span><\/p>\n<p> <span style=\"color: #000000;\"> <span style=\"font-size: 16px;\"><span style=\"color: #ff0000;\"><strong>1947<\/strong><\/span><\/span><\/p>\n<p> <span style=\"color: #ff0000;\"><span style=\"font-size: 20px;\"><\/span><\/span><br \/> <\/span><img loading=\"lazy\" decoding=\"async\" class=\" size-full wp-image-650\" alt=\"\" src=\"https:\/\/zelking.grafikweb.eu\/wp-content\/uploads\/2012\/01\/zeitdo15.jpg\" width=\"404\" height=\"423\" srcset=\"https:\/\/zelking.grafikweb.eu\/wp-content\/uploads\/2012\/01\/zeitdo15.jpg 404w, https:\/\/zelking.grafikweb.eu\/wp-content\/uploads\/2012\/01\/zeitdo15-287x300.jpg 287w\" sizes=\"auto, (max-width: 404px) 100vw, 404px\" \/><br \/> <span style=\"color: #000000;\"><span style=\"font-size: 14px;\"> <span style=\"color: #000000;\">Lebensmittelkarte f\u00fcr Milch (August\/September) 1947<br \/> <span style=\"color: #000000;\">(9,5 x 10 cm)<br \/> <\/span><br \/> <\/span><\/span><\/span><\/div>\n<div style=\"text-align: justify;\"> <span style=\"color: #000000;\"><span style=\"font-size: 14px;\"><span style=\"color: #ff0000;\">(* <\/span><\/span><\/span><span style=\"color: #000000;\"><span style=\"font-size: 14px;\">Nach Kriegsende wurde die Ern\u00e4hrungslage in \u00d6sterreich noch schlechter. Die Rationierung wurde allm\u00e4hlich gelockert und endete in \u00d6sterreich erst 1952.<\/span><\/span><span style=\"color: #000000;\"><span style=\"font-size: 14px;\"><span style=\"color: #ff0000;\">)<\/p>\n<p> <\/span><\/span><\/span><\/div>\n<div style=\"text-align: center;\"><span style=\"color: #000000;\"><span style=\"font-size: 16px;\"><span style=\"color: #ff0000;\"><strong>1949<\/strong><\/span><\/span><br \/> <span style=\"color: #ff0000;\"><span style=\"font-size: 20px;\"><\/span><\/span><\/p>\n<p> <\/span><img loading=\"lazy\" decoding=\"async\" class=\" size-full wp-image-651\" alt=\"\" src=\"https:\/\/zelking.grafikweb.eu\/wp-content\/uploads\/2012\/01\/zeitdo14a.jpg\" width=\"472\" height=\"637\" srcset=\"https:\/\/zelking.grafikweb.eu\/wp-content\/uploads\/2012\/01\/zeitdo14a.jpg 472w, https:\/\/zelking.grafikweb.eu\/wp-content\/uploads\/2012\/01\/zeitdo14a-222x300.jpg 222w\" sizes=\"auto, (max-width: 472px) 100vw, 472px\" \/><br \/> <span style=\"color: #000000;\"><span style=\"font-size: 14px;\">(November\/Dezember 1949) Teil I<\/span>&#8230;<\/span><\/p>\n<p> <img loading=\"lazy\" decoding=\"async\" class=\" size-full wp-image-652\" style=\"width: 466px; height: 466px;\" alt=\"\" src=\"https:\/\/zelking.grafikweb.eu\/wp-content\/uploads\/2012\/01\/zeitdo14b.jpg\" width=\"549\" height=\"548\" srcset=\"https:\/\/zelking.grafikweb.eu\/wp-content\/uploads\/2012\/01\/zeitdo14b.jpg 549w, https:\/\/zelking.grafikweb.eu\/wp-content\/uploads\/2012\/01\/zeitdo14b-150x150.jpg 150w, https:\/\/zelking.grafikweb.eu\/wp-content\/uploads\/2012\/01\/zeitdo14b-300x300.jpg 300w, https:\/\/zelking.grafikweb.eu\/wp-content\/uploads\/2012\/01\/zeitdo14b-100x100.jpg 100w\" sizes=\"auto, (max-width: 549px) 100vw, 549px\" \/><br \/> <span style=\"color: #000000;\"><span style=\"font-size: 14px;\">&#8230;und Teil II<\/span><\/span><br \/> <span style=\"color: #000000;\"><span style=\"font-size: 14px;\">(Teil I und II 14 x 33 cm)<\/span><\/span><\/p>\n<p> <span style=\"font-size: 16px;\"><span style=\"color: #ff0000;\"><strong>1948<\/strong><\/span><\/span><\/p>\n<p> <span style=\"font-size: 14px;\"> <\/span><br \/> <img loading=\"lazy\" decoding=\"async\" class=\" size-full wp-image-653\" style=\"width: 450px; height: 637px;\" alt=\"\" src=\"https:\/\/zelking.grafikweb.eu\/wp-content\/uploads\/2012\/01\/zeitdo3.jpg\" width=\"492\" height=\"696\" srcset=\"https:\/\/zelking.grafikweb.eu\/wp-content\/uploads\/2012\/01\/zeitdo3.jpg 492w, https:\/\/zelking.grafikweb.eu\/wp-content\/uploads\/2012\/01\/zeitdo3-212x300.jpg 212w\" sizes=\"auto, (max-width: 492px) 100vw, 492px\" \/><br \/> <span style=\"color: #000000;\"><span style=\"font-size: 14px;\"> <span style=\"color: #000000;\">Bestellprotokoll (\u00fcber die Besetzung der Tabaktrafik in Zelking Nr. 2) 1948<br \/> (A4)<\/p>\n<p> <\/span><\/span><\/span><span style=\"font-size: 16px;\"><span style=\"color: #000000;\"><span style=\"color: #000000;\"><span style=\"color: #ff0000;\"><strong>1949<\/strong><\/span><\/span><\/span><\/span><\/p>\n<p> <span style=\"color: #000000;\"><span style=\"color: #000000;\"><span style=\"color: #ff0000;\"><\/span><\/span><\/span><img loading=\"lazy\" decoding=\"async\" class=\" size-full wp-image-654\" alt=\"\" src=\"https:\/\/zelking.grafikweb.eu\/wp-content\/uploads\/2012\/01\/leseheft1a.jpg\" width=\"420\" height=\"611\" srcset=\"https:\/\/zelking.grafikweb.eu\/wp-content\/uploads\/2012\/01\/leseheft1a.jpg 420w, https:\/\/zelking.grafikweb.eu\/wp-content\/uploads\/2012\/01\/leseheft1a-206x300.jpg 206w\" sizes=\"auto, (max-width: 420px) 100vw, 420px\" \/><br \/> <span style=\"color: #000000;\"><span style=\"font-size: 14px;\">Leseheft f\u00fcr Volksschulkinder mit Hasengeschichten in drei verschiedenen Schriftarten (A5)<\/span><\/span><\/div>\n<div style=\"text-align: center;\"><span style=\"color: #000000;\"><span style=\"font-size: 14px;\">Auch ich als 1945 geborener hatte aus diesem Leseheft gelesen und ist mir noch in Erinnerung geblieben<\/span><\/span><\/p>\n<p> <img loading=\"lazy\" decoding=\"async\" class=\" size-full wp-image-655\" alt=\"\" src=\"https:\/\/zelking.grafikweb.eu\/wp-content\/uploads\/2012\/01\/leseheft1b.jpg\" width=\"585\" height=\"414\" srcset=\"https:\/\/zelking.grafikweb.eu\/wp-content\/uploads\/2012\/01\/leseheft1b.jpg 585w, https:\/\/zelking.grafikweb.eu\/wp-content\/uploads\/2012\/01\/leseheft1b-300x212.jpg 300w\" sizes=\"auto, (max-width: 585px) 100vw, 585px\" \/><br \/> <span style=\"color: #000000;\"><span style=\"font-size: 14px;\">Eine von 28 Kurzgeschichten (48 Seiten) <\/span><\/span><\/p>\n<p> <span style=\"color: #000000;\"><span style=\"color: #000000;\"><span style=\"color: #ff0000;\"><\/span><\/span><\/span><br \/> <span style=\"color: #000000;\"><span style=\"font-size: 14px;\"><span style=\"color: #000000;\"> <span style=\"font-size: 16px;\"><span style=\"color: #ff0000;\"><strong>1950<\/strong><\/span><\/span><\/p>\n<p> <\/span><\/span><\/span><img loading=\"lazy\" decoding=\"async\" class=\" size-full wp-image-656\" alt=\"\" src=\"https:\/\/zelking.grafikweb.eu\/wp-content\/uploads\/2012\/01\/rechnung.jpg\" width=\"444\" height=\"677\" srcset=\"https:\/\/zelking.grafikweb.eu\/wp-content\/uploads\/2012\/01\/rechnung.jpg 444w, https:\/\/zelking.grafikweb.eu\/wp-content\/uploads\/2012\/01\/rechnung-197x300.jpg 197w\" sizes=\"auto, (max-width: 444px) 100vw, 444px\" \/><br \/> <span style=\"color: #000000;\"><span style=\"font-size: 14px;\"><span style=\"color: #000000;\"> <span style=\"color: #000000;\">Rechnung vom 22. November 1950 f\u00fcr die russische Ortskommandantur<br \/> welche in G\u00fcssing (Burgenland) stationiert war<br \/> (vermutlich mit der kyrillischen Unterschrift des Kommandanten)<br \/> <span style=\"color: #000000;\">(19,5 x 29,5 cm)<\/span><\/p>\n<p> <\/span><\/span><\/span><\/span><span style=\"font-size: 16px;\"><span style=\"color: #ff0000;\"><strong>Marshallplan 1948\u20131953 <\/strong><\/span><\/span><br \/> <span style=\"color: #ff0000;\"><strong> (Zeitungsartikel von *1997)<\/strong><\/span><br \/> <span style=\"color: #000000;\"><span style=\"font-size: 14px;\"><span style=\"color: #000000;\"> <\/span><\/p>\n<p> <\/span><\/span><img loading=\"lazy\" decoding=\"async\" class=\" size-full wp-image-657\" style=\"width: 450px; height: 709px;\" alt=\"\" src=\"https:\/\/zelking.grafikweb.eu\/wp-content\/uploads\/2012\/01\/zeitdo18.jpg\" width=\"380\" height=\"598\" srcset=\"https:\/\/zelking.grafikweb.eu\/wp-content\/uploads\/2012\/01\/zeitdo18.jpg 380w, https:\/\/zelking.grafikweb.eu\/wp-content\/uploads\/2012\/01\/zeitdo18-191x300.jpg 191w\" sizes=\"auto, (max-width: 380px) 100vw, 380px\" \/><br \/> <span style=\"color: #000000;\"><span style=\"font-size: 14px;\"> <\/span><span style=\"color: #000000;\"><span style=\"font-size: 14px;\">Zeitungsausschnitt von der ehemaligen Tageszeitung Alles t\u00e4glich, Samstag, 31. Mai <\/span><\/span><\/span><span style=\"color: #000000;\"><span style=\"color: #000000;\"><span style=\"font-size: 14px;\"><span style=\"color: #ff0000;\">(* <\/span><\/span><\/span><\/span><span style=\"color: #000000;\"><span style=\"color: #000000;\"><span style=\"font-size: 14px;\">1997<\/span><\/span><\/span><span style=\"color: #000000;\"><span style=\"color: #000000;\"><span style=\"font-size: 14px;\"><span style=\"color: #ff0000;\">)<\/span><\/span><\/span><\/span><\/p>\n<p> <span style=\"color: #000000;\"><span style=\"color: #000000;\"><span style=\"font-size: 14px;\"> <\/span><\/span><\/span><\/div>\n<div style=\"text-align: justify;\"> <span style=\"color: #000000;\"><span style=\"font-size: 14px;\">(* Als am 5. Juni 1947 der amerikanische Au\u00dfenminister George Marshall das Ehrendoktorat der Havard-Universit\u00e4t bekommt, da legt er in seiner Dankesrede einen historischen Wirtschaftsplan vor: Um die Not in Europa zu lindern, m\u00fcsse Amerika <\/span><span><span style=\"font-size: 14px;\">\u2013 auch im eigenen Interesse <\/span><\/span><span><span style=\"font-size: 14px;\">\u2013 den betroffenen L\u00e4ndern gro\u00dfz\u00fcgige Wirtschaftshilfe anbieten. Damit sollen die L\u00e4nder ihre Kriegssch\u00e4den \u00fcberwinden und ihre Wirtschaft neu aufbauen.<\/span><\/span><br \/> <span style=\"font-size: 14px;\">Immerhin: Die Initiative des amerikanischen Au\u00dfenministers machte in Westeuropa rasch Furiore. Gro\u00dfbritannien und Frankreich baten alle \u00fcbrigen europ\u00e4ischen L\u00e4nder zu einer Konferenz. \u00d6sterreich <\/span><span style=\"font-size: 14px;\">sagte der Konferenz zu<\/span><span style=\"font-size: 14px;\"> <\/span><span><span style=\"font-size: 14px;\">\u2013 mit der Stimme des einzigen kommunistischen Ministers Karl Altmann, der f\u00fcr Elektrifizierung und Energiewirtschaft zust\u00e4ndig war.<\/span><\/span><br \/> <span style=\"font-size: 14px;\">Am 2. Juli 1948 kam es endlich zur Unterzeichnung des Marshallplan-Abkommens zwischen den USA und \u00d6sterreich.<\/span> <span style=\"font-size: 14px;\">F\u00fcr \u00d6sterreich unterschrieben Vizekanzler Sch\u00e4rf (SP\u00d6) und Au\u00dfenminister Gruber (\u00d6VP), f\u00fcr die USA Gesandter Erhardt. Bis 1953 sollte die Unterst\u00fctzung \u00d6sterreichs aus dem Marsahallplan 960 Millionen Dollar betragen (* Teilentnahmen aus der ehemaligen Tageszeitung Alles t\u00e4glich, 4. Mai 1995, Seite 17).<\/span><\/span><\/p>\n<p> <span style=\"color: #000000;\"><span style=\"font-size: 14px;\"> (* George Catlett Marshall, Jr. (* 31. Dezember 1880 in Uniontown, Fayette County, Pennsylvania; \u2020 16. Oktober 1959 in Washington D.C.) war ein US-amerikanischer General of the Army und Staatsmann. Am bekanntesten wurde er durch den nach ihm benannten Marshallplan, f\u00fcr den er 1953 den Friedensnobelpreis und 1959 den Karlspreis erhielt <\/span><\/span><span style=\"color: #000000;\"><span style=\"font-size: 14px;\">\u2013 <\/span><\/span><span style=\"color: #000000;\"><span style=\"font-size: 14px;\">Internet).<\/p>\n<p> <span style=\"color: #ff0000;\">(<\/span>In Erinnerung an den Marshallplan war mir der<\/span> <span style=\"font-size: 14px;\">\u201eDosenk\u00e4se\u201c, den unsere Familie (vermutlich) zweimal erhalten hatte; ein fester, sehr gelber und wegen der Haltbarkeit auch dementsprechend gesalzener K\u00e4se (f\u00fcr uns eine K\u00f6stlichkeit, da soetwas nicht auf dem <\/span><\/span><span style=\"color: #000000;\"><span><span style=\"font-size: 14px;\">\u201e<\/span><\/span><span><span style=\"font-size: 14px;\">Speiseplan<\/span><\/span><span><span style=\"font-size: 14px;\">\u201c<\/span><\/span><\/span><span style=\"color: #000000;\"><span style=\"font-size: 14px;\"> der damaligen Zeit stand. Die damalige \u201eVerkostung\u201c d\u00fcrfte zwischen 1951\/1953 stattgefunden haben. <\/span><\/span><br \/> <span style=\"color: #000000;\"><span style=\"font-size: 14px;\"> Noch in Erinnerung der damaligen <\/span><\/span><span style=\"color: #000000;\"><span style=\"font-size: 14px;\">\u201eVerteilsituation\u201c<\/span><\/span> <span style=\"font-size: 14px;\">sind mir <\/span><span style=\"color: #000000;\"><span style=\"font-size: 14px;\">\u201e<\/span><\/span><span style=\"font-size: 14px;\">Gespr\u00e4chsfetzen<\/span><span style=\"color: #000000;\"><span style=\"font-size: 14px;\">\u201c<\/span><\/span><span style=\"font-size: 14px;\"> dar\u00fcber <\/span><span style=\"font-size: 14px;\">im Ged\u00e4chtnis haften geblieb<\/span><span style=\"font-size: 14px;\">en, wie <\/span><span style=\"color: #000000;\"><span style=\"font-size: 14px;\">teilweise \u201everteilt\u201c<\/span><\/span><span style=\"font-size: 14px;\"> worden sein soll. Es d\u00fcrften an einige Gro\u00dfbauern in der Gemeinde zur Schweinef\u00fctterung solcher K\u00e4se <\/span><span style=\"color: #000000;\"><span style=\"font-size: 14px;\">\u201eabgegeben\u201c<\/span><\/span><span style=\"font-size: 14px;\"> <\/span><span style=\"font-size: 14px;\">worden sein, obwohl dieser K\u00e4se nur f\u00fcr minderbemittelte Personen oder kinderreiche Familien gedacht war!<\/span><span style=\"color: #ff0000;\">)<\/span><br \/> &nbsp;<\/div>\n<div style=\"text-align: center;\"> <img loading=\"lazy\" decoding=\"async\" class=\" size-full wp-image-658\" style=\"width: 275px; height: 309px;\" alt=\"\" src=\"https:\/\/zelking.grafikweb.eu\/wp-content\/uploads\/2012\/01\/dosenkse.jpg\" width=\"400\" height=\"449\" srcset=\"https:\/\/zelking.grafikweb.eu\/wp-content\/uploads\/2012\/01\/dosenkse.jpg 400w, https:\/\/zelking.grafikweb.eu\/wp-content\/uploads\/2012\/01\/dosenkse-267x300.jpg 267w\" sizes=\"auto, (max-width: 400px) 100vw, 400px\" \/><br \/> <span style=\"color: #000000;\"><span style=\"font-size: 14px;\">Es konnte noch eine Origaldose<\/span><span><span style=\"font-size: 14px;\"> (mit Inhalt!) aus der damaligen Zeit <\/span><\/span><span><span style=\"font-size: 14px;\">\u201e<\/span><\/span><span><span style=\"font-size: 14px;\">her\u00fcbergerettet<\/span><\/span><span><span style=\"font-size: 14px;\">\u201c<\/span><\/span><span><span style=\"font-size: 14px;\"> werden<\/span><\/span><\/span><br \/> <span style=\"color: #000000;\"><span style=\"font-size: 14px;\"> <span style=\"color: #000000;\">(Durchmesser 15 cm, H\u00f6he 18 cm)<\/span><br \/> <\/span><\/span><\/p>\n<p> <span style=\"color: #000000;\"><span style=\"font-size: 14px;\"> <\/span><\/span><img loading=\"lazy\" decoding=\"async\" class=\" size-full wp-image-659\" style=\"width: 118px; height: 133px;\" alt=\"\" src=\"https:\/\/zelking.grafikweb.eu\/wp-content\/uploads\/2012\/01\/marshall.jpg\" width=\"250\" height=\"280\" \/><br \/> <span style=\"color: #000000;\"><span style=\"font-size: 14px;\">Briefmarke der USA mit dem Abbild von Georg C. Marshall \u2013 Staatsmann<\/span> <span style=\"font-size: 14px;\">und<\/span> <span><span style=\"font-size: 14px;\">\u201eSoldat\u201c <\/span><\/span><span style=\"font-size: 14px;\"><span>(<\/span>General der US-Armee)<\/span><br \/> <\/span><br \/> <span style=\"color: #000000;\"><span style=\"font-size: 14px;\"><br \/> <\/span><\/span><span style=\"font-size: 16px;\"><span style=\"color: #000000;\"><span style=\"color: #ff0000;\"><strong>1957<\/strong><\/span><\/span><\/span><\/p>\n<p> <span style=\"color: #000000;\"><span style=\"font-size: 14px;\"> <\/span><\/span><img loading=\"lazy\" decoding=\"async\" class=\" size-full wp-image-660\" alt=\"\" src=\"https:\/\/zelking.grafikweb.eu\/wp-content\/uploads\/2012\/01\/lesebuch1.jpg\" width=\"416\" height=\"584\" srcset=\"https:\/\/zelking.grafikweb.eu\/wp-content\/uploads\/2012\/01\/lesebuch1.jpg 416w, https:\/\/zelking.grafikweb.eu\/wp-content\/uploads\/2012\/01\/lesebuch1-214x300.jpg 214w\" sizes=\"auto, (max-width: 416px) 100vw, 416px\" \/><br \/> <span style=\"color: #000000;\"><span style=\"font-size: 14px;\">Lesebuch (192 Seiten, A5) <\/span><\/span><span style=\"color: #000000;\"><span style=\"font-size: 14px;\">aus meiner Schulzeit<\/span><\/span>!<\/p>\n<p> <span style=\"color: #000000;\"><span style=\"font-size: 14px;\"> <\/span><\/span><br \/> <span style=\"font-size: 16px;\"><span style=\"color: #000000;\"> <\/span><span style=\"color: #000000;\"><span style=\"color: #ff0000;\"><strong>1960<\/strong><\/span><\/span><\/span><\/p>\n<p> <span style=\"color: #000000;\"><span style=\"font-size: 14px;\"> <\/span><\/span><img loading=\"lazy\" decoding=\"async\" class=\" size-full wp-image-661\" style=\"width: 385px; height: 273px;\" alt=\"\" src=\"https:\/\/zelking.grafikweb.eu\/wp-content\/uploads\/2012\/01\/spar.jpg\" width=\"517\" height=\"367\" srcset=\"https:\/\/zelking.grafikweb.eu\/wp-content\/uploads\/2012\/01\/spar.jpg 517w, https:\/\/zelking.grafikweb.eu\/wp-content\/uploads\/2012\/01\/spar-300x213.jpg 300w\" sizes=\"auto, (max-width: 517px) 100vw, 517px\" \/><br \/> <span style=\"color: #000000;\"><span style=\"font-size: 14px;\">S<\/span><\/span><span style=\"color: #000000;\"><span style=\"font-size: 14px;\">PAR-Rabattkarte 1960 (A5)<\/p>\n<p> <\/span><\/span><\/div>\n<div style=\"text-align: justify;\"><span style=\"color: #000000;\"><span style=\"font-size: 14px;\">Die mit 500 Marken vollgeklebte Karte wird mit <\/span><\/span><span style=\"color: #000000;\"><span style=\"font-size: 14px;\">Schilling 15,-<\/span><\/span><span style=\"font-size: 14px;\"> <\/span><span style=\"color: #000000;\"><span style=\"font-size: 14px;\">bei jedem SPAR-Kaufmann \u00d6sterreichs in bar eingel\u00f6st oder in Zahlung genommen. <\/span><\/span><\/div>\n<div style=\"text-align: center;\">\n<p> <span style=\"color: #000000;\"><span style=\"font-size: 14px;\"><span style=\"font-size: 16px;\"><span style=\"color: #ff0000;\"><strong>1967<\/strong><\/span><\/span><\/p>\n<p> <\/span><img loading=\"lazy\" decoding=\"async\" class=\" size-full wp-image-662\" style=\"width: 351px; height: 271px;\" alt=\"\" src=\"https:\/\/zelking.grafikweb.eu\/wp-content\/uploads\/2012\/01\/zeitdo7a.jpg\" width=\"508\" height=\"393\" srcset=\"https:\/\/zelking.grafikweb.eu\/wp-content\/uploads\/2012\/01\/zeitdo7a.jpg 508w, https:\/\/zelking.grafikweb.eu\/wp-content\/uploads\/2012\/01\/zeitdo7a-300x232.jpg 300w\" sizes=\"auto, (max-width: 508px) 100vw, 508px\" \/><span style=\"font-size: 14px;\"> <\/span><img loading=\"lazy\" decoding=\"async\" class=\" size-full wp-image-663\" style=\"width: 250px; height: 179px;\" alt=\"\" src=\"https:\/\/zelking.grafikweb.eu\/wp-content\/uploads\/2012\/01\/zeitdo7b.jpg\" width=\"408\" height=\"292\" srcset=\"https:\/\/zelking.grafikweb.eu\/wp-content\/uploads\/2012\/01\/zeitdo7b.jpg 408w, https:\/\/zelking.grafikweb.eu\/wp-content\/uploads\/2012\/01\/zeitdo7b-300x215.jpg 300w\" sizes=\"auto, (max-width: 408px) 100vw, 408px\" \/><br \/> <span style=\"font-size: 14px;\">Gewinnspiel der Aral Austria Ges.m.b.H und der \u201eMartha\u201c Erd\u00f6l Ges.m.b.H (1967)<br \/> Rechts ein Gewinnbon (hier leider nichts gewonnen <\/span><span style=\"font-size: 10pt;\"><span style=\"font-size: 14px;\">\u2013<\/span><\/span><span style=\"font-size: 14px;\"> wie \u201e\u00fcblich\u201c<\/span><br \/> <span style=\"font-size: 14px;\">Hatte man den zweiten Teil der Autoabbildung, gab es einen Sofortgewinn von Schilling 500,-<br \/> <span style=\"color: #000000;\">(Links 13 x 10 cm, rechts 10,5 x 8 cm)<\/span><\/p>\n<p> <\/span><\/span><span style=\"color: #000000;\"><span style=\"font-size: 14px;\"><strong>denk real fahr ARAL<br \/> (Leitspruch von ARAL)<\/p>\n<p> <span style=\"font-size: 16px;\"><span style=\"color: #ff0000;\">1993<\/span><\/span> <\/strong><\/span><\/span><span style=\"color: #000000;\"><span style=\"font-size: 14px;\"> <\/span><\/span><span style=\"color: #000000;\"><span style=\"font-size: 14px;\"> <\/span><\/span><\/div>\n<div style=\"text-align: center;\">\n<p> <img loading=\"lazy\" decoding=\"async\" class=\" size-full wp-image-664\" style=\"width: 262px; height: 385px;\" alt=\"\" src=\"https:\/\/zelking.grafikweb.eu\/wp-content\/uploads\/2012\/01\/rech3.jpg\" width=\"300\" height=\"442\" srcset=\"https:\/\/zelking.grafikweb.eu\/wp-content\/uploads\/2012\/01\/rech3.jpg 300w, https:\/\/zelking.grafikweb.eu\/wp-content\/uploads\/2012\/01\/rech3-204x300.jpg 204w\" sizes=\"auto, (max-width: 300px) 100vw, 300px\" \/><br \/> <span style=\"font-size: 14px;\"> <span style=\"color: #000000;\">Rechnung vom 8. August 1993 \u00fcber Schilling 200,- (? Liter Diesel)<br \/> vom Betreiber der einstmals in Zelking gewesenen AVIA-Tankstelle<br \/> <span style=\"color: #000000;\">(10 x 14,5 cm)<\/p>\n<p> <\/span><\/span><\/span><span style=\"font-size: 16px;\"><span style=\"color: #000000;\"><strong><span style=\"color: #ff0000;\">1995<\/span><\/strong><\/span><\/span><span style=\"font-size: 14px;\"><span style=\"color: #000000;\"><span style=\"color: #000000;\"> <\/span> <\/span><\/span><br \/> <span style=\"font-size: 14px;\"> <\/span><\/div>\n<div style=\"text-align: center;\">&nbsp;<\/div>\n<div style=\"text-align: center;\">&nbsp;<\/div>\n<div style=\"text-align: center;\"><img loading=\"lazy\" decoding=\"async\" class=\" size-full wp-image-665\" style=\"width: 508px; height: 634px;\" alt=\"\" src=\"https:\/\/zelking.grafikweb.eu\/wp-content\/uploads\/2012\/01\/kirch.jpg\" width=\"508\" height=\"558\" srcset=\"https:\/\/zelking.grafikweb.eu\/wp-content\/uploads\/2012\/01\/kirch.jpg 508w, https:\/\/zelking.grafikweb.eu\/wp-content\/uploads\/2012\/01\/kirch-273x300.jpg 273w\" sizes=\"auto, (max-width: 508px) 100vw, 508px\" \/><\/div>\n<div style=\"text-align: center;\"><span style=\"color: #000000;\"><span style=\"font-size: 14px;\">Handgeschriebene Antwort des ehemaligen Bundespr\u00e4sidenten Dr. Rudolf Kirchschl\u00e4ger (A4)<\/span><br \/> <\/span><\/div>\n<div> <span style=\"color: #000000;\">&nbsp;&nbsp;<\/span><\/div>\n<div style=\"text-align: justify;\"><span style=\"color: #000000;\"><span style=\"font-size: 14px;\">Das Wegr\u00e4umen der Tr\u00fcmmer des Krieges und der wirtschaftliche Wiederaufbau sind als Leistungen der \u00d6sterreicher und \u00d6sterreicherinnen der ersten Nachkriegsjahre weitgehend annerkannt. Aber auch das Wegr\u00e4umen des politischten Tr\u00fcmmerhaufens, der bis ins Jahr 1933 zur\u00fcckging, war eine gleich gro\u00dfe Leistung. Viel Mut, Selbst\u00fcberwindung und starkes Demokratiebewu\u00dftsein waren dazu erforderlich.<br \/> 18. Mai 1995<\/span><\/span><\/div>\n<div>\n<p> &nbsp;<\/p><\/div>\n","protected":false},"excerpt":{"rendered":"<p>(Die Gr\u00f6\u00dfenangaben sind manchmal leicht auf-, oder abgerundet) &nbsp; 1826 Kundmachung \u00fcber den entsprungenen Alexander Hofer 1826, welcher aber inzwischen aufgegriffen wurde (20 x 35 cm) &nbsp; 1840 Kirchenrechnung \u00fcber Einkommen und Ausgaben f\u00fcr die Pfarrkirche Matzleinsdorf 1840 (Titelseite\/19 x 24 cm) , 1844 Cirkulare (= veraltet). Zirkular ist ein Rundschreiben (23 x 37 cm) [&hellip;]<\/p>\n","protected":false},"author":2,"featured_media":611,"comment_status":"open","ping_status":"open","sticky":false,"template":"","format":"standard","meta":{"footnotes":""},"categories":[40],"tags":[],"class_list":["post-666","post","type-post","status-publish","format-standard","has-post-thumbnail","hentry","category-burgstaelle-und-wallanlagen"],"_links":{"self":[{"href":"https:\/\/zelking.grafikweb.eu\/index.php?rest_route=\/wp\/v2\/posts\/666","targetHints":{"allow":["GET"]}}],"collection":[{"href":"https:\/\/zelking.grafikweb.eu\/index.php?rest_route=\/wp\/v2\/posts"}],"about":[{"href":"https:\/\/zelking.grafikweb.eu\/index.php?rest_route=\/wp\/v2\/types\/post"}],"author":[{"embeddable":true,"href":"https:\/\/zelking.grafikweb.eu\/index.php?rest_route=\/wp\/v2\/users\/2"}],"replies":[{"embeddable":true,"href":"https:\/\/zelking.grafikweb.eu\/index.php?rest_route=%2Fwp%2Fv2%2Fcomments&post=666"}],"version-history":[{"count":0,"href":"https:\/\/zelking.grafikweb.eu\/index.php?rest_route=\/wp\/v2\/posts\/666\/revisions"}],"wp:featuredmedia":[{"embeddable":true,"href":"https:\/\/zelking.grafikweb.eu\/index.php?rest_route=\/wp\/v2\/media\/611"}],"wp:attachment":[{"href":"https:\/\/zelking.grafikweb.eu\/index.php?rest_route=%2Fwp%2Fv2%2Fmedia&parent=666"}],"wp:term":[{"taxonomy":"category","embeddable":true,"href":"https:\/\/zelking.grafikweb.eu\/index.php?rest_route=%2Fwp%2Fv2%2Fcategories&post=666"},{"taxonomy":"post_tag","embeddable":true,"href":"https:\/\/zelking.grafikweb.eu\/index.php?rest_route=%2Fwp%2Fv2%2Ftags&post=666"}],"curies":[{"name":"wp","href":"https:\/\/api.w.org\/{rel}","templated":true}]}}