{"id":669,"date":"2012-05-07T12:53:25","date_gmt":"2012-05-07T12:53:25","guid":{"rendered":"https:\/\/zelking.com\/2012\/05\/07\/salzburg-und-die-herren-von-zelking\/"},"modified":"2012-05-07T12:53:25","modified_gmt":"2012-05-07T12:53:25","slug":"salzburg-und-die-herren-von-zelking","status":"publish","type":"post","link":"https:\/\/zelking.grafikweb.eu\/?p=669","title":{"rendered":"Salzburg und Otto V. von Zelking"},"content":{"rendered":"<div style=\"text-align: center;\"><a class=\"image\" title=\"Wappen von Salzburg\" href=\"\/w\/index.php?title=Datei:Wappen_at_salzburg_stadt.png&amp;filetimestamp=20060807172630\"><\/p>\n<p> <span style=\"color: #000000;\"><strong><span style=\"font-size: 22px;\">Salzburg<br \/><\/span><\/strong><span style=\"font-size: 22px;\"> <\/span><\/span><\/a><br \/> <span style=\"color: #000000;\"><strong><span style=\"font-size: 16px;\"> <\/span><\/strong><\/span><\/div>\n<div style=\"text-align: center;\"><span style=\"color: #000000;\"><strong><span style=\"color: #000000;\"><span style=\"font-size: 16px;\"><\/span><\/span><\/strong><\/span><\/div>\n<div style=\"text-align: center;\"><span style=\"color: #000000;\"><strong><span style=\"color: #000000;\"><span style=\"font-size: 16px;\">Wirkungsst\u00e4tte eines Zelkingers im Bundeslandand Salzburg<\/span><\/span><\/strong><br \/> <\/span><\/div>\n<div style=\"text-align: justify;\">\n<p> <span style=\"color: #000000;\"><span style=\"font-size: 14px;\">Ober\u00f6sterreichisches Urkundenbuch, weltlicher Teil (540<\/span><\/span><span style=\"color: #000000;\"><span style=\"font-size: 14px;\">\u2013<\/span><\/span><span style=\"color: #000000;\"><span style=\"font-size: 14px;\">1399)<br \/> Signatur: 1381 III 26<\/p>\n<p> Datum :&nbsp; 26. M\u00e4rz 1381<br \/> Ott von Zelking von Sch\u00f6nnekk ze den zeiten pfleger ze Neunburg auf dem In und haubtman ze Salzburg, erkl\u00e4rt nach Befehl des Herzogs Albrecht von \u00d6sterreich, im Falle dieser nicht st\u00e4t hielt dem edeln Grafen Hainreichen von Schaunberg den tag auf den Sunntag vor sand Johanses tag ze Sunnbenden und die spruch, daz ich dann die vesst ze Neunburg auf dem In dem vorgenanten von Schaunberg ingeben antwurten und gewarten schol, wenn ich dez von dem egenanten von Schaunberg mit seinem offen brief ermont wird, also daz mir der vorgenant von Schaunberg mein gelt geb und bezal nach meiner brief sag und laut, die ich in satz weiz \u00fcber Neunburg han.<br \/> Siegler: der Aussteller.<br \/> Ze Lintz am Erichtag nach dem Sunntag ze Mittervasten.<br \/> <\/span><\/span><span style=\"color: #000000;\"><span style=\"font-size: 14px;\"><span style=\"color: #0000ff;\">http:\/\/www.mom-ca.uni-koeln.de\/mom\/search?null=&amp;q=Zelking&amp;y=0&amp;x=0&amp;block=1<\/span><\/span><\/span><\/p>\n<p> <span style=\"color: #000000;\"><span style=\"font-size: 14px;\"> Ober\u00f6sterreichisches Urkundenbuch, weltlicher Teil (540<\/span><\/span><span style=\"color: #000000;\"><span style=\"font-size: 14px;\">\u2013<\/span><\/span><span style=\"color: #000000;\"><span style=\"font-size: 14px;\">1399)<br \/> Signatur : 1381 VI 25<\/p>\n<p> Datum : 25. Juni 1381<br \/> Ott von Zelking von Sch\u00f6nnekk ze den zeiten pfleger ze Neunburch auf dem In und haubtman ze Salzburg, erkl\u00e4rt nach Befehl des Herzogs Albrecht von \u00d6sterreich, im Falle dieser nicht st\u00e4t hielt dem edeln grafen Hainreichen von Schaunberg den tag auf sand Merteintag und die spruch, daz ich dann die vesst ze Neunburg auf dem In dem vorgenanten von Schaunberg ingeben antwurten vnd gewarten schol, wenn ich dez von dem egenanten von Schaunberg mit seinem offen brief ermont wird, also daz mir der vorgenant von Schaunberg mein gelt geb und bezal nach meiner brief sag und laut, die ich in satzweiz \u00fcber Neunburg han.<br \/> Siegler: der Aussteller.<br \/> Ze Lintz am Erchtag nach sand Johanns tag zu Sunnbenden.<br \/> <span style=\"color: #0000ff;\">http:\/\/www.mom-ca.uni-koeln.de\/mom\/search?null=&amp;q=Zelking&amp;y=0&amp;x=0&amp;block=1<\/span><\/p>\n<p> <\/span><\/span><\/div>\n<div style=\"text-align: center;\"><span style=\"font-size: 16px;\"><strong><span style=\"color: #000000;\">Antwortschreiben vom Salzburger Landesarchiv<\/span><\/strong><\/span><\/div>\n<div style=\"text-align: justify;\"> <span style=\"color: #000000;\"><span style=\"font-size: 14px;\"><span style=\"color: #000000;\">20004-FAM\/3457\/2-2012<br \/> 04. 05. 2012<\/p>\n<p> <span style=\"color: #000000;\">Betreff: Otto von Zelking <\/span><\/span><\/span><\/span><span style=\"color: #000000;\"><span style=\"font-size: 14px;\">\u2013<\/span><\/span><span style=\"color: #000000;\"><span style=\"font-size: 14px;\"><span style=\"color: #000000;\"><span style=\"color: #000000;\"> T\u00e4tigkeit in Salzburg (ca. 1380<\/span><\/span><\/span><\/span><span style=\"color: #000000;\"><span style=\"font-size: 14px;\">\u2013<\/span><\/span><span style=\"color: #000000;\"><span style=\"font-size: 14px;\"><span style=\"color: #000000;\"><span style=\"color: #000000;\">1400)<\/span><\/p>\n<p> Sehr geehrter Herr Pichler!<\/span><\/p>\n<p> Das Salzburger Landesarchiv kann Ihnen auf Ihre Anfrage nach der T\u00e4tigkeit von Otto (V.) von Zelking im Erzstift Salzburg folgendes mitteilen:<\/p>\n<p> Das Salzburger Landesarchiv besitzt leider keine unmittelbaren Quellen, die die T\u00e4tigkeit von Otto von Zelking f\u00fcr den Salzburger Erzbischof Pilgrim II. von Puchheim (1365\u20131395) belegen. Die wenigen urkundlichen Nennungen des Zelkingers befinden sich allerdings nicht hier in Salzburg, sondern in verschiedenen Urkundenbest\u00e4nden in Ober\u00f6sterreich, Nieder\u00f6sterreich und Wien. Einen \u00dcberblick dar\u00fcber bietet die Urkundenplattform www.monasterium.net, wo der Gro\u00dfteil der mittelalterlichen Urkunden kostenlos zug\u00e4nglich sind.<\/p>\n<p> Aus der wissenschaftlichen Literatur \u00fcber Erzbischof Pilgrim II. konnte eruiert werden, dass Otto von Zelking ein angeheirateter Verwandter des Erzbischofs war (Ehemann der erzbisch\u00f6flichen Nichte Elisabeth von Puchheim, Tochter des Alber III. von Puchheim, eines Bruders des Erzbischofs). Herbert Klein f\u00fchrt in seinem Artikel \u00fcber Erzbischof Pilgrim auch an, dass Otto von Zelking von 1380 bis 1388 erzbisch\u00f6flicher Hofmarschall und von 1380 bis 1382 zugleich auch Hauptmann zu Salzburg gewesen ist (H. Klein, Erzbischof Pilgrim von Puchheim, 1365\u20131395, in: Mittteilungen der Gesellschaft f\u00fcr Salzburger Landeskunde 112\/113, 1972\/1973, Seite 16).<\/p>\n<p> <span style=\"color: #000000;\">Mit freundlichen Gr\u00fc\u00dfen<br \/> F\u00fcr die Landesregierung:<br \/> Dr. Hubert Schopf, MAS<\/span><\/p>\n<p> <\/span><\/span><br \/> <span style=\"color: #000000;\"><span><span style=\"font-size: 14px;\"> <\/span><\/span><\/span><\/div>\n<div style=\"text-align: justify;\"><span style=\"color: #000000;\"><span><span style=\"font-size: 14px;\">20004-FAM\/3457\/4-2012<br \/> 16. 05. 2012<\/p>\n<p> Betreff: Otto von Zelking <\/span><\/span><br \/> <span><span style=\"font-size: 14px;\"> <\/span><\/span><\/p>\n<p> <span><span style=\"font-size: 14px;\"> Sehr geehrter Herr Pichler!<\/span><\/span><\/p>\n<p> <span><span style=\"font-size: 14px;\"> Otto von Zelking war als Salzburger Hofmarschall und Hauptmann zu Salzburg sicher in der engsten Umgebung von Erzbischof Pilgrim II. zu finden. Schon allein durch seine hohen Funktionen im erzbisch\u00f6flichen Hofstaat wird er auch auf Hohensalzburg gewohnt haben, aber detailliertere Angaben sind wegen der sehr sp\u00e4rlichen Nachrichten leider nicht m\u00f6glich.<\/p>\n<p> <\/span><\/span><\/span><span style=\"color: #000000;\"><span style=\"font-size: 14px;\"><span style=\"color: #000000;\">Mit freundlichen Gr\u00fc\u00dfen<br \/> F\u00fcr die Landesregierung:<br \/> Dr. Hubert Schopf, MAS<br \/> <\/span><\/span><\/span><\/p>\n<p> <span style=\"color: #000000;\"><span><span style=\"font-size: 14px;\"> Beide Mailantwortschreiben wurden auf meine Anfrage hin, freundlicherweise durch Herrn Dr. Hubert Schopf MAS (f\u00fcr die Landesregierung von Salzburg) betreffs der obigen Daten in meiner Anfrage vom 1. bzw. 7. Mai 2012 dankenswert \u00fcbermittelt.<\/span><\/span><\/span><\/p>\n<p> &nbsp;<\/p><\/div>\n<div style=\"text-align: center;\"><img loading=\"lazy\" decoding=\"async\" class=\" size-full wp-image-668\" style=\"width: 370px; height: 251px;\" alt=\"\" src=\"https:\/\/zelking.grafikweb.eu\/wp-content\/uploads\/2012\/05\/hohensalzburg.jpg\" width=\"300\" height=\"204\" \/><br \/> <span style=\"color: #000000;\"><span style=\"font-size: 14px;\">Die Festung Hohensalzburg (mit Teilansichten der Stadt Salzburg)<br \/> nach einer Originalradierung von Franz Knapp 1960<\/span><\/span><span style=\"color: #000000;\"><span style=\"font-size: 14px;\"> <\/span><\/span><\/div>\n<div style=\"text-align: justify;\">&nbsp;<\/div>\n","protected":false},"excerpt":{"rendered":"<p>Salzburg Wirkungsst\u00e4tte eines Zelkingers im Bundeslandand Salzburg Ober\u00f6sterreichisches Urkundenbuch, weltlicher Teil (540\u20131399) Signatur: 1381 III 26 Datum :&nbsp; 26. M\u00e4rz 1381 Ott von Zelking von Sch\u00f6nnekk ze den zeiten pfleger ze Neunburg auf dem In und haubtman ze Salzburg, erkl\u00e4rt nach Befehl des Herzogs Albrecht von \u00d6sterreich, im Falle dieser nicht st\u00e4t hielt dem edeln [&hellip;]<\/p>\n","protected":false},"author":2,"featured_media":668,"comment_status":"open","ping_status":"open","sticky":false,"template":"","format":"standard","meta":{"footnotes":""},"categories":[40],"tags":[],"class_list":["post-669","post","type-post","status-publish","format-standard","has-post-thumbnail","hentry","category-burgstaelle-und-wallanlagen"],"_links":{"self":[{"href":"https:\/\/zelking.grafikweb.eu\/index.php?rest_route=\/wp\/v2\/posts\/669","targetHints":{"allow":["GET"]}}],"collection":[{"href":"https:\/\/zelking.grafikweb.eu\/index.php?rest_route=\/wp\/v2\/posts"}],"about":[{"href":"https:\/\/zelking.grafikweb.eu\/index.php?rest_route=\/wp\/v2\/types\/post"}],"author":[{"embeddable":true,"href":"https:\/\/zelking.grafikweb.eu\/index.php?rest_route=\/wp\/v2\/users\/2"}],"replies":[{"embeddable":true,"href":"https:\/\/zelking.grafikweb.eu\/index.php?rest_route=%2Fwp%2Fv2%2Fcomments&post=669"}],"version-history":[{"count":0,"href":"https:\/\/zelking.grafikweb.eu\/index.php?rest_route=\/wp\/v2\/posts\/669\/revisions"}],"wp:featuredmedia":[{"embeddable":true,"href":"https:\/\/zelking.grafikweb.eu\/index.php?rest_route=\/wp\/v2\/media\/668"}],"wp:attachment":[{"href":"https:\/\/zelking.grafikweb.eu\/index.php?rest_route=%2Fwp%2Fv2%2Fmedia&parent=669"}],"wp:term":[{"taxonomy":"category","embeddable":true,"href":"https:\/\/zelking.grafikweb.eu\/index.php?rest_route=%2Fwp%2Fv2%2Fcategories&post=669"},{"taxonomy":"post_tag","embeddable":true,"href":"https:\/\/zelking.grafikweb.eu\/index.php?rest_route=%2Fwp%2Fv2%2Ftags&post=669"}],"curies":[{"name":"wp","href":"https:\/\/api.w.org\/{rel}","templated":true}]}}