{"id":688,"date":"2012-12-06T10:56:28","date_gmt":"2012-12-06T10:56:28","guid":{"rendered":"https:\/\/zelking.com\/2012\/12\/06\/kindergeschichten\/"},"modified":"2012-12-06T10:56:28","modified_gmt":"2012-12-06T10:56:28","slug":"kindergeschichten","status":"publish","type":"post","link":"https:\/\/zelking.grafikweb.eu\/?p=688","title":{"rendered":"Kindergeschichten"},"content":{"rendered":"<div style=\"text-align: justify;\">\n<div style=\"text-align: justify;\">\n<div>&nbsp;<\/div>\n<div style=\"text-align: center;\">\n<div><span><span><span style=\"color: #000000;\"><span style=\"font-size: 16px;\"><span><strong>Das stolze Schneefl\u00f6ckchen<\/strong><br \/> <\/span><\/span><\/span><\/span><\/span><\/div>\n<div style=\"text-align: justify;\"><span><span><span style=\"color: #000000;\"><span style=\"font-size: 16px;\">&nbsp;<\/span><br \/> <span style=\"font-size: 14px;\"> <\/span><\/span><\/span><\/span><\/div>\n<div style=\"text-align: justify;\">&nbsp;<\/div>\n<div style=\"text-align: justify;\"><span><span><span style=\"color: #000000;\"><span style=\"font-size: 14px;\"><strong>(Meine erste Weihnachtsgeschichte)<\/strong><\/span><\/span><\/span><\/span><\/div>\n<\/p><\/div>\n<div style=\"text-align: center;\">\n<div style=\"text-align: justify;\"><span><span><span style=\"color: #000000;\"><span style=\"font-size: 14px;\"><span style=\"font-size: 14px;\">Die Menschen in den&nbsp; St\u00e4dten und auf dem Lande froren, denn es war schon mitten im Dezember und die Quecksilbers\u00e4ule auf dem Thermometer stand schon seit Tagen auf Minusgraden. Gesch\u00e4ftst\u00fcchtig und auch \u201eGesch\u00e4ftss\u00fcchtig\u201c eilten die Menschen auf den Gehsteigen in den St\u00e4dten hin und her, um alle ihre Besorgungen f\u00fcr das bevorstehende Weihnachtsfest noch rechtzeitig&nbsp; t\u00e4tigen zu k\u00f6nnen.<br \/> <\/span><\/span><\/span><\/span><\/span><\/div>\n<div style=\"text-align: justify;\"><span><span><span style=\"color: #000000;\"><span style=\"font-size: 14px;\"><span style=\"font-size: 14px;\">Ebenso eilig fuhren viele Autos auf den schon mit Weihnachtsmotiven dekorierten Stra\u00dfen \u2013 ob in einer kleinen oder gro\u00dfen Stadt&nbsp; hinauf und hinunter.<br \/> <\/span><\/span><\/span><\/span><\/span><\/div>\n<div style=\"text-align: justify;\"><span><span><span style=\"color: #000000;\"><span style=\"font-size: 14px;\"><span style=\"font-size: 14px;\">Auch auf dem Lande merkte man hektischeres Treiben in den Tagen vor Weihnachten durch das besorgen der Weihnachtsgeschenke, backen der Weihnachtsb\u00e4ckereien sowie anderer Leckereien und das reinigen der Wohnungen. So vergingen die Tage, wobei manchmal Nebel die H\u00e4user einh\u00fcllte. An manchen Tagen war Rauhreif zu sehen und die Zweige bogen sich unter der Last des gefrorenen Nebels. Auch Eiszapfen konnte man manchmal an den Dachtraufen herunter h\u00e4ngen sehen \u2013 kleinere, aber auch lange und dickere.<br \/> <\/span><\/span><\/span><\/span><\/span><\/div>\n<div style=\"text-align: justify;\"><span><span><span style=\"color: #000000;\"><span style=\"font-size: 14px;\"><span style=\"font-size: 14px;\">Es gab aber auch Tage, wo die Sonne schien und alles dadurch freundlicher wirkte. Keine Wolke tr\u00fcbte dann den azurblauen Himmel und die Menschen waren an solchen Tagen auch stimmungsvoller, als an den mit Nebel verhangenen, denn es schien als wollte es gar nicht hell werden, obwohl die Sonne am Himmel stand. &nbsp;<br \/> <\/span><\/span><\/span><\/span><\/span><\/div>\n<div style=\"text-align: justify;\"><span><span><span style=\"color: #000000;\"><span style=\"font-size: 14px;\"><span style=\"font-size: 14px;\">Viele Vogelarten fanden sich an den Futterh\u00e4uschen ein, die mitleidige Menschen reichlich mit Sonnenblumenkerne, S\u00e4mereien, N\u00fcssen, Rosinen, \u00c4pfel und Haferflocken f\u00fcllten. So manche Kindernase wurde an den Fensterscheiben plattgedr\u00fcckt, wenn diese den V\u00f6geln bei ihren Futteraufnahmen zusahen.<br \/> <\/span><\/span><\/span><\/span><\/span><\/div>\n<div style=\"text-align: justify;\"><span><span><span style=\"color: #000000;\"><span style=\"font-size: 14px;\"><span style=\"font-size: 14px;\">Das Kalenderblatt zeigte schon den 23. Dezember an. Am n\u00e4chsten Tag sollte das Christkind kommen und vom Schnee war weit und breit wieder nichts zu sehen. Viele Kinder waren traurig, denn schon wieder ein Weihnachten ohne Schnee!<br \/> <\/span><\/span><\/span><\/span><\/span><\/div>\n<div style=\"text-align: justify;\"><span><span><span style=\"color: #000000;\"><span style=\"font-size: 14px;\"><span style=\"font-size: 14px;\">Alles war schon ruhig, denn die Zeiger der Uhren gingen schon auf Mitternacht zu \u2013 aber was geschah gerade in diesem Augenblick?<br \/> <\/span><\/span><\/span><\/span><\/span><\/div>\n<div style=\"text-align: justify;\"><span><span><span style=\"color: #000000;\"><span style=\"font-size: 14px;\"><span style=\"font-size: 14px;\">Es fiel ein Fl\u00f6ckchen und wieder eines&nbsp; und abermals eines, und es wurden von Minute zu Minute immer mehr, bis die ganze Gegend mit der wei\u00dfen Pracht eingeh\u00fcllt war.<br \/> <\/span><\/span><\/span><\/span><\/span><\/div>\n<div style=\"text-align: justify;\"><span><span><span style=\"color: #000000;\"><span style=\"font-size: 14px;\"><span style=\"font-size: 14px;\">Das erste Schneefl\u00f6ckchen fiel ganz langsam und schaukelte im sanften Windhauch hin und her und keiner h\u00f6rte wie es voller Stolz rief: \u201eAch seht doch alle her zu mir, ich bin das erste und sch\u00f6nste Schneefl\u00f6ckchen welches in diesem Jahr das Weihnachtsfest zu echt sch\u00f6nen Weihnachten machen wird und bringe euch Milliarden von Br\u00fcdern und Schwestern mit\u201c \u2013 aber keiner h\u00f6rte es in dieser Nacht, denn alles schlief schon tief und fest.<\/span><br \/> <span style=\"font-size: 14px;\"> <\/span><\/span><\/span><\/span><\/span><\/div>\n<\/p><\/div>\n<div><span>&nbsp;<\/span><\/div>\n<div><span>&nbsp;<\/span><\/div>\n<div style=\"text-align: center;\">\n<div style=\"text-align: center;\"><span><span><span style=\"color: #000000;\"><span style=\"color: #000000;\"><span style=\"font-size: 14px;\"><img loading=\"lazy\" decoding=\"async\" class=\" size-full wp-image-679\" alt=\"\" src=\"https:\/\/zelking.grafikweb.eu\/wp-content\/uploads\/2012\/12\/schneeflckchen.jpg\" height=\"242\" width=\"257\" srcset=\"https:\/\/zelking.grafikweb.eu\/wp-content\/uploads\/2012\/12\/schneeflckchen.jpg 500w, https:\/\/zelking.grafikweb.eu\/wp-content\/uploads\/2012\/12\/schneeflckchen-300x283.jpg 300w\" sizes=\"auto, (max-width: 257px) 100vw, 257px\" \/><br \/> <\/span><\/span><\/span><\/span><\/span><\/div>\n<div style=\"text-align: center;\"><span><span><span style=\"color: #000000;\"><span style=\"color: #000000;\"><span style=\"font-size: 14px;\">Das <\/span><\/span><span style=\"color: #000000;\"><span style=\"font-size: 14px;\"><span><span><span style=\"color: #000000;\"><span style=\"color: #000000;\"><span><span style=\"font-size: 14px;\">\u201e<\/span><\/span><\/span><\/span><\/span><\/span>stolze<\/span><\/span><span style=\"color: #000000;\"><span style=\"font-size: 14px;\"><span><span><span style=\"color: #000000;\"><span style=\"color: #000000;\"><span><span><span style=\"font-size: 14px;\"><span style=\"font-size: 14px;\">\u201c <\/span><\/span><\/span><\/span><\/span><\/span><\/span><\/span>Schneefl\u00f6ckchen &#8230;<\/p>\n<p> <\/span><\/span><br \/> <img loading=\"lazy\" decoding=\"async\" class=\" size-full wp-image-680\" alt=\"\" src=\"https:\/\/zelking.grafikweb.eu\/wp-content\/uploads\/2012\/12\/schneeflocke%20ii.jpg\" height=\"185\" width=\"194\" \/><br \/> <span style=\"color: #000000;\"><span style=\"font-size: 14px;\"> <\/span><\/span><span style=\"color: #000000;\"><span style=\"font-size: 14px;\">&#8230; und eine ihrer sehr vielen <\/span><span><span style=\"font-size: 14px;\">\u201ekleineren<\/span><\/span><span><span><span style=\"font-size: 14px;\"><span style=\"font-size: 14px;\"> Schwestern\u201c <\/span><\/span><\/span><\/span><\/span><br \/> <span><span><span style=\"color: #000000;\"><span style=\"font-size: 14px;\"><span style=\"font-size: 14px;\"> <\/span><\/span><\/span><\/span><\/span><\/span><\/span><\/span><\/div>\n<div style=\"text-align: center;\"><span><span><span style=\"color: #000000;\"><span style=\"color: #000000;\"><span style=\"font-size: 14px;\">Zeichnungen (blau laviert) von Frau Susanne \u00dcberbacher-Thonner (2003)<br \/> Vielen Dank f\u00fcr die Originalbilder!<\/span><\/span><\/span><\/span><\/span><\/div>\n<\/p><\/div>\n<div style=\"text-align: justify;\">&nbsp;<\/div>\n<div style=\"text-align: justify;\"> <span><span><span style=\"color: #000000;\"><span style=\"font-size: 14px;\">Als ein neuer Tag erwachte, sahen die Menschen, dass es in der Nacht auf Heilig Abend doch geschneit hatte und somit ein f\u00fcr unsere Gegend \u201e\u00fcbliche\u201c wei\u00dfe Weihnachten gab.<br \/> Die Kinder lachten und tobten in der wei\u00dfen Pracht umher, machten Schneeb\u00e4lle um sich gegenseitig zu bewerfen, fuhren mit ihren Schlitten die H\u00e4nge hinunter; ja sogar eislaufende Kinder sah man \u00fcberall wo es gen\u00fcgend dicke Eisschichten an Teichen und Fl\u00fcssen gab.<br \/> <\/span><\/span><\/span><\/span><\/div>\n<div style=\"text-align: justify;\"><span>&nbsp;<\/span><br \/> <span><span><span style=\"color: #000000;\"><span style=\"color: #000000;\"><span style=\"font-size: 14px;\">Die Erwachsenen hatten keine rechte Freude damit, da es wieder Schneeschaufeln und Sand streuen hie\u00df sowie das Ausrutschen und Hinfallen alles andere als lustig \u2013 vor allem bei \u00e4lteren Personen ist; auch die motorisierten Menschen freuten sich gar nicht ob dieser wei\u00dfen Pracht, da man beim Fahren besonders Acht geben musste, denn ganz schnell konnte man im Stra\u00dfengraben landen oder noch schlimmer &#8230;<\/span><\/span><br \/> <span><span style=\"font-size: 14px;\"> Ludwig Pichler<br \/> Winter 2001&nbsp;<\/span> &nbsp; &nbsp; &nbsp; &nbsp; &nbsp; &nbsp; &nbsp; &nbsp; &nbsp; &nbsp; &nbsp; &nbsp; &nbsp; &nbsp; &nbsp; &nbsp; &nbsp; &nbsp; &nbsp; &nbsp; &nbsp; &nbsp; &nbsp; &nbsp; &nbsp; &nbsp; &nbsp; &nbsp; &nbsp; &nbsp; &nbsp; &nbsp;&nbsp; <\/span><\/span><\/span><\/span><\/div>\n<div style=\"text-align: center;\">\n<div style=\"text-align: justify;\"> <span><span><span style=\"color: #000000;\"><span style=\"color: #000000;\"><span style=\"font-size: 14px;\"><span>Erstver\u00f6ffentlichung in der Kronenzeitung unter Weihnachtsgeschichten. Freitag, 16. Dezember 2011\/Nr. 18.547, Seite 40 sowie in: &#8230;<br \/> <\/span><\/span><\/span><\/span><\/span><\/span><\/div>\n<div style=\"text-align: justify;\">&nbsp;<\/div>\n<\/p><\/div>\n<div>&nbsp;<\/div>\n<div style=\"text-align: center;\">\n<div><span><span><span style=\"color: #000000;\">&nbsp;<span style=\"color: #000000;\"><img loading=\"lazy\" decoding=\"async\" class=\" size-full wp-image-681\" alt=\"\" src=\"https:\/\/zelking.grafikweb.eu\/wp-content\/uploads\/2012\/12\/weihnachtsgeschichten.jpg\" height=\"355\" width=\"252\" srcset=\"https:\/\/zelking.grafikweb.eu\/wp-content\/uploads\/2012\/12\/weihnachtsgeschichten.jpg 333w, https:\/\/zelking.grafikweb.eu\/wp-content\/uploads\/2012\/12\/weihnachtsgeschichten-213x300.jpg 213w\" sizes=\"auto, (max-width: 252px) 100vw, 252px\" \/><\/span><\/span><\/span><\/span><\/div>\n<\/p><\/div>\n<div style=\"text-align: center;\"><span><span style=\"font-size: 14px;\"><span style=\"color: #000000;\">&#8230; Weihnachtsgeschichten (Von Krone-Lesern f\u00fcr Krone-Leser), 1. Auflage 2012, Seite 105<span>\u2013<\/span>107<br \/> <\/span><\/span><\/span><\/div>\n<div style=\"text-align: center;\">&nbsp;<\/div>\n<div><span><span style=\"font-size: 14px;\">&nbsp;<\/span><\/span><\/div>\n<div><span><span style=\"font-size: 14px;\">&nbsp;<\/span><\/span><\/div>\n<div style=\"text-align: center;\"><span><span style=\"color: #000000;\"><span style=\"font-size: 14px;\"><span style=\"font-size: 16px;\"><strong>Auf Christkind Suche<\/strong><\/span><br \/> <span style=\"font-size: 14px;\"><\/span><\/span><\/span><\/span><\/div>\n<div style=\"text-align: justify;\">&nbsp;<\/div>\n<div style=\"text-align: justify;\"><span><span style=\"color: #000000;\"><span style=\"font-size: 14px;\">&nbsp;<\/span><\/span><span style=\"font-size: 14px;\"><span style=\"color: #000000;\"> <\/span><\/span><\/span><\/div>\n<div style=\"text-align: justify;\"><span><span style=\"font-size: 14px;\"><span style=\"color: #000000;\"><strong>(Meine zweite Weihnachtsgeschichte)<\/strong><br \/> Lena und Fritz, Kinder einer Bergbauernfamilie machten sich am 24. Dezember nachmittags auf dem Weg in Richtung Wald, der ihren Eltern geh\u00f6rt, um das Christkind zu suchen, welches ja einen Tannenbaum f\u00fcr den bevorstehenden Hl. Abend auch heuer wieder bringen sollte. Sie stapften im tieferen Schnee umher.<br \/> Fritz, hatte eine Laterne bei sich, damit sie sich nicht verirren, wenn es noch dunkler wird, als es jetzt schon ist und Lena zog einen Schlitten hinterher, damit sie dann den Hang, der bis ans Elternhaus heranreichte, hinababfahren konnten. Beide suchten schon eine geraume Weile und fanden nirgends eine Spur vom Christkind im verschneiten Wald ihrer Eltern. Doch etwas traurig begaben sie sich auf dem Heimweg.<\/p>\n<p> Die Eltern, die schon etwas besorgt waren, wo beide denn nur seien, erkl\u00e4rten sie, dass sie auf der Suche nach dem Christkind gewesen sind, um zu sehen, ob es auch heuer wieder einen sch\u00f6n geschm\u00fcckten Christbaum bringen w\u00fcrde, aber sie haben das Christkind nicht angetroffen.<\/p>\n<p> Der Vater beruhigte beide und sagte: \u201eAuch heuer wird wieder das Christkind zu euch kommen\u201c, wobei die Mutter meinte: \u201eDa ihr das ganze Jahr folgsam gewesen seid, so w\u00fcrde das Christkind auch diese Weihnachten, einige Geschenke bringen; zuerst m\u00fcsst ihr euch Baden, dann gibt es ein Abendessen und sp\u00e4ter wird ein Gl\u00f6ckchen euch ank\u00fcnden, dass das Christkind auch diesmal auf euch nicht vergessen hat\u201c!<\/p>\n<p> Nach dem Essen fieberten Lena und Fritz schon dem Moment des Erklingens eines Gl\u00f6ckchen Tons entgegen. Wie auf gl\u00fchenden Kohlen sitzend, rutschen sie auf den Sesseln hin und her. Als der erste Glockenklang zu h\u00f6ren war, sprangen beide wie von einer Tarantel gestochen auf und rannte in das Wohnzimmer. Die T\u00fcre \u2013 speerangelweit offen lassend, st\u00fcrmten sie zum hellerleuchteten Baum und konnte sich an dem Glanz, welche die Kerzen ausstrahlten, nicht sattsehen.<\/p>\n<p> Nach einigen Minuten des Bestaunens und den Bemerkungen, dass es auch heuer der sch\u00f6nste Weihnachtsbaum weit und breit sei, machte sie sich an das \u00d6ffnen der P\u00e4ckchen, wenn es auch kein \u201eBerg\u201c an Geschenken war.<br \/> Die Eltern, vom strahlenden Glanz der Augen ihrer Kinder entz\u00fcckt, freuten sich, dass die Kinder wieder ein sch\u00f6nes Weihnachtsfest erleben d\u00fcrfen, Gesund sind, ein Dach \u00fcber dem Kopf sowie genug zum Essen haben, auf Bekleidung und Schuhwerk nicht verzichten m\u00fcssen und warme R\u00e4umlichkeiten vorfinden, was nicht alle Kinder dieser Welt h\u00e4tten.<\/p>\n<p> So war auch dieses Weihnachtsfest zur vollsten Zufriedenheit der Kinder und Eltern ausgefallen.<\/p>\n<p> <\/span> <\/span><\/span> <\/p>\n<div> <span><span style=\"font-size: 14px;\"><span><span style=\"font-size: 14px;\"><span style=\"color: #000000;\">Ludwig Pichler<br \/> Dezember 2012<\/span><\/span><\/span><\/span><\/span><\/div>\n<div style=\"text-align: justify;\"> <span><span style=\"font-size: 14px;\"><span style=\"color: #000000;\"><span style=\"font-size: 14px;\">Erstver\u00f6ffentlichung in meiner Homepage<\/span><\/span><\/span><\/span><\/div>\n<p> <span><span style=\"font-size: 14px;\"><span style=\"color: #000000;\">&nbsp;&nbsp;&nbsp;&nbsp;&nbsp;&nbsp;&nbsp;&nbsp;&nbsp;&nbsp;&nbsp;&nbsp;&nbsp;&nbsp;&nbsp;&nbsp;&nbsp;&nbsp;&nbsp;&nbsp;&nbsp;&nbsp;&nbsp;&nbsp;&nbsp;&nbsp;&nbsp;&nbsp;&nbsp;&nbsp;&nbsp;&nbsp;&nbsp;&nbsp;&nbsp;&nbsp;&nbsp;&nbsp;&nbsp;&nbsp;&nbsp;&nbsp;&nbsp;&nbsp;&nbsp;&nbsp;&nbsp;&nbsp;&nbsp;&nbsp;&nbsp;&nbsp;&nbsp;<br \/> <\/span><\/span><\/span><\/div>\n<div style=\"text-align: center;\"><span><span style=\"color: #000000;\"><span style=\"font-size: 14px;\"><span><span><span><span><span><span><span><span><span><img loading=\"lazy\" decoding=\"async\" class=\" size-full wp-image-682\" alt=\"\" src=\"https:\/\/zelking.grafikweb.eu\/wp-content\/uploads\/2012\/12\/winter-vera.jpg\" height=\"350\" width=\"251\" \/><br \/> <\/span><\/span><\/span><\/span><\/span><\/span><\/span><\/span><\/span><\/span><\/span><\/span><\/div>\n<div style=\"text-align: center;\"><span><span style=\"color: #000000;\"><span style=\"font-size: 14px;\">Winterliche Landschaft mit Kinder (Mailkopie) von Frau Vera Deminger<\/p>\n<p> <\/span><\/span><span style=\"color: #000000;\"><span style=\"font-size: 14px;\"><span><span style=\"color: #000000;\"><span style=\"font-size: 14px;\"><span><span style=\"font-size: 14px;\"><span style=\"color: #000000;\"><strong><span style=\"font-size: 16px;\">Antonios Weihnachtswunder<br \/> <\/span><\/strong><\/span><\/span><\/span><\/span><\/span><\/span><\/span><\/span><\/span><\/div>\n<div style=\"text-align: justify;\">&nbsp;<\/div>\n<div style=\"text-align: justify;\"><span><span style=\"color: #000000;\"><span style=\"font-size: 14px;\"><span><span style=\"font-size: 14px;\"><span style=\"color: #000000;\"><strong>(Meine dritte Weihnachtsgeschichte)<\/strong><br \/> Antonio, ein 5-j\u00e4hriger, in \u00d6sterreich lebender Fl\u00fcchtlingsknabe, lebte \u00fcberhaupt nicht in Saus und Braus, denn seine Mutter fl\u00fcchtete mit ihm (sein Vater musste als Soldat sein Leben lassen) vor der siegreichen Volksgruppe (die seine Mutter und er nicht angeh\u00f6rten). Um gr\u00f6\u00dferem Leid zu entgehen, wurde ein Asylantrag in \u00d6sterreich gestellt. Seine Mutter integrierte sich rasch (im Gegensatz zu vielen anderen Fl\u00fcchtlingen!!), fand zwar bald Arbeit und eine kleine Mietwohnung, aber der Verdienst war auch nicht gerade als \u00fcppig zu bezeichnen. Trotzdem freuten sie sich in Freiheit leben zu k\u00f6nnen.<br \/> Obwohl seine Mutter flei\u00dfig und sparsam war, konnten sie keine \u201egro\u00dfen Spr\u00fcnge\u201c machen. Der Monat dauerte und das bisschen Geld, welches seine Mutter als Ungelernte verdiente, \u201ezerrann\u201c unter den H\u00e4nden. Die Miete, Heizung, Essen und Kleidung verschlangen schon einen Gro\u00dfteil des Verdienstes. Obwohl Antonio noch nicht in die Schule gehen musste (die Schulzeit h\u00e4tte nat\u00fcrlich zus\u00e4tzlich einiges gekostet), reichte es gerade, das N\u00f6tigste zu kaufen.<\/p>\n<p> Vor dem bevorstehenden Weihnachtsfest hatte seine Mutter Angst, da ja die \u00f6sterreichischen Kinder beim Christkind \u201ebesser abschneiden\u201c (auch hier gibt es Kinder, die nicht viele Geschenke erhalten!), als ihr Sohn derzeit.<br \/> Wie soll ich Antonio eine \u2013 zumindest \u2013 kleine Freude bereiten?<br \/> Abends, als Antonio schon in seinem kleinen Bettchen schlief. schaute sie, wieviel Geld noch f\u00fcr ein eventuelles Weihnachtsgeschenk \u00fcbrig sei. So sie auch suchte, viel war in der Geldb\u00f6rse nicht mehr drinnen und gut eine Woche mussten beide mit dem Wenigen auch auskommen, daher hatte seine Mutter Angst vor so \u201egeschenkbringenden\u201c Tagen.<br \/> Morgen ist Heilig Abend und sie hatte nichts, was sie ihrem einzigem Kind schenken konnte. So sie auch \u00fcberlegte, ihr Kopf war wie leer, denn es kamen keine, ihr aus der Klemme helfenden Ideen.<br \/> Es war schon ziemlich dunkel am 23. Dezember, als es an der Eingangst\u00fcre l\u00e4utete, so ging sie hin, \u00f6ffnete, fand aber niemand vor. Schon wollte sie sich umdrehen um wieder ins Haus zu gelangen, da entdeckte sie ein kleines B\u00e4umchen mit einigen Schachteln daneben liegend. Sie trug alles in das Wohnzimmer und \u00f6ffnete eine Schachtel nach der anderen.<br \/> Zu ihrem Erstaunen, befanden sich f\u00fcr Antonio einige kleinere Spielsachen und w\u00e4rmende Kleidung darunter. Auch an seine Mutter hatte das \u201eChristkind\u201c gedacht und Nahrungsmittel f\u00fcr eine ganze Woche mithineingepackt sowie einiges zum Schm\u00fccken des B\u00e4umchen, aber auch bunte Kerzen. Ganz unten am Boden der letzten Schachtel fand sie ein Kuvert mit einigen Zeilen, an sie gerichtet und auch einige Banknoten, die ihr ein Strahlen auf ihr doch schon sorgenvolles Gesicht \u201ezauberte\u201c. Unter anderem las sie:<\/p>\n<p> <\/span><\/span><\/span><\/span><\/span><\/span><\/div>\n<div style=\"text-align: center;\"><span><span style=\"color: #0000ff;\"><strong><span style=\"font-size: 14px;\">Liebe Frau Nachbarin!<\/span><br \/> <\/strong><\/span><\/span><\/div>\n<div> <span><span style=\"color: #0000ff;\"><strong><span style=\"font-size: 14px;\"><span><span style=\"font-size: 14px;\">Die Nachbarn in ihrer Wohnsiedlung kennen Ihre Situation, daher dachten wir, wenn jeder von uns nur eine Kleinigkeit gibt, so bekommen Sie und Ihr Antonio so viel, dass Sie sich \u00fcber einige Zeit keine finanziellen Sorgen mehr machen m\u00fcssen. Sie sind immer freundlich, obwohl sicherlich an manchen Tagen Ihnen nicht so zumute sein wird, verrichten Ihre Arbeit, sind reinlich, und Ihr Antonio ist inzwischen ein liebevoller Spielgef\u00e4hrte unserer Kinder geworden.<\/p>\n<p> Viel Freude an den Geschenken w\u00fcnscht das \u201eChristkind\u201c und auch alle \u201ehelfenden Englein\u201c!<\/span><\/span><\/span><\/strong><\/span><\/p>\n<p> <span style=\"color: #000000;\"><span style=\"font-size: 14px;\"> Ludwig Pichler<br \/> Anfang 2013<\/p>\n<p> <\/span><\/span><span style=\"color: #000000;\"><span style=\"font-size: 14px;\"><span style=\"font-size: 14px;\"> <\/span><\/span><\/span><\/span> <\/p>\n<div style=\"text-align: justify;\"><span><span style=\"color: #000000;\"><span style=\"font-size: 14px;\"><span style=\"font-size: 14px;\"><span style=\"color: #000000;\"><span style=\"font-size: 14px;\">Erstver\u00f6ffentlichung in meiner Homepage<\/span><\/span><\/span><\/span><\/span><\/span><\/div>\n<div style=\"text-align: justify;\"><span><span style=\"color: #000000;\"><span style=\"font-size: 14px;\"><span style=\"font-size: 14px;\"><span style=\"color: #000000;\"><span style=\"font-size: 14px;\"><\/span><\/span><\/span><\/span><\/span><\/span><\/div>\n<div style=\"text-align: justify;\"><span><span style=\"color: #000000;\"><span style=\"font-size: 14px;\"><span style=\"font-size: 14px;\"><span style=\"color: #000000;\"><span style=\"font-size: 14px;\"><\/span><\/span><\/span><\/span><\/span><\/span><\/div>\n<div style=\"text-align: justify;\"><span><span style=\"color: #000000;\"><span style=\"font-size: 14px;\"><span style=\"font-size: 14px;\"><span style=\"color: #000000;\"><span style=\"font-size: 14px;\">&nbsp;<\/span><\/span><\/span><\/span><\/span><\/span><\/div>\n<div style=\"text-align: center;\"><span><span style=\"color: #000000;\"><span style=\"font-size: 14px;\"><span style=\"font-size: 14px;\"><span style=\"color: #000000;\"><span style=\"font-size: 14px;\"><\/span><\/span><\/span><\/span><span style=\"font-size: 16px;\"><strong>\u201eNeujahrsuchen<\/strong><\/span><\/span><\/span><\/div>\n<div>&nbsp;<\/div>\n<div><span><span style=\"color: #000000;\"><span style=\"font-size: 16px;\"><strong><span style=\"color: #000000;\"><span style=\"font-size: 14px;\"><span style=\"color: #000000;\">&nbsp;<\/span><\/span><\/span><\/strong><\/span><\/span><\/span><\/div>\n<div style=\"text-align: justify;\"><span><span style=\"color: #000000;\"><span style=\"font-size: 16px;\"><\/span><span style=\"font-size: 14px;\"><span style=\"color: #000000;\">Thomas, ein etwa 10-j\u00e4hriger Sohn eines Bauern, freute sich, dass das Mutterschwein zum Sp\u00e4tsommer hin, einige Ferkel zur Welt gebracht hatte. Diesmal war es nur ein P\u00e4rchen, da die Mutter der Ferkel schon in die Jahre gekommen war. Nach etlichen Wochen wurde sie pl\u00f6tzlich krank, und eines Morgens lag sie tot im Stall.<br \/> \u00dcber dieses Ereignis war Thomas traurig, denn sie hatte schon vielen Ferkeln das Leben geschenkt.<br \/> Was soll ich machen, dass die Ferkel heranwachsen k\u00f6nnen, dachte er zu sich und bat seinen Vater, ob er beide nicht mittels Fl\u00e4schchens aufziehen d\u00fcrfte. \u201eWenn sie die Flaschenmilch annehmen, sehr gerne, da sie ja ansonsten verhungern\u201c, sprach der Vater zu Thomas.<br \/> Tats\u00e4chlich nahmen beide die Ersatzmilch an, und wuchsen sch\u00f6n langsam zu kleinen Schweinchen heran, die au\u00dferdem sehr an Thomas hingen und ihm auch auf Schritt und Tritt folgten, sobald er die Stallt\u00fcre \u00f6ffnete.<\/p>\n<p> Die Wochen verstrichen und eines Tages war ein neues Jahr ins Land gezogen. Thomas wollte den beiden herumtollenden Halbstarken zeigen, dass sie zum ersten Mal&nbsp; das neue Jahr erlebten. Er zog dunkles Gewand an, st\u00fclpte sich einen alten Zylinderhut auf sein Haupt (damit er wie der Rauchfangkehrer \u2013 ein Gl\u00fccksbringer \u2013 aussieht), zog sich Stiefeln an, nahm eine Schubkarre, stellte einen Korb darauf, setzte beide Schweinchen hinein und fuhr los, was ganz sch\u00f6n anstrengend war, da au\u00dferdem Schnee auf Flur und Feld sich befand.<\/p>\n<p> Tage vorher hatte Thomas hatte einen Schneemann gebaut, der einen alten Hut seines Vaters aufgesetzt bekam und mittels einer M\u00f6hre und Kohleaugen ein menschliches Aussehen erhielt. Zu den F\u00fc\u00dfen des Schneemanns gab er eine Tafel mit einer roten Eins und aus Plastik einige Kleebl\u00e4tter.<\/p>\n<p> So fuhr er mit den Schweinchen zum \u201eneuen Jahr\u201c und erkl\u00e4rten Ihnen, dies sei das neue Jahr, was beide aber nicht verstanden.<\/p>\n<p> <\/span><\/span><\/span><\/span><\/div>\n<\/p><\/div>\n<div style=\"text-align: justify;\"><span>&nbsp;<\/span><\/div>\n<div style=\"text-align: center;\"><span><img loading=\"lazy\" decoding=\"async\" class=\" size-full wp-image-683\" alt=\"\" src=\"https:\/\/zelking.grafikweb.eu\/wp-content\/uploads\/2012\/12\/neujahrsuchen.jpg\" height=\"282\" width=\"392\" srcset=\"https:\/\/zelking.grafikweb.eu\/wp-content\/uploads\/2012\/12\/neujahrsuchen.jpg 450w, https:\/\/zelking.grafikweb.eu\/wp-content\/uploads\/2012\/12\/neujahrsuchen-300x216.jpg 300w\" sizes=\"auto, (max-width: 392px) 100vw, 392px\" \/><\/span><\/div>\n<div style=\"text-align: center;\"><span><span style=\"color: #000000;\"><span style=\"font-size: 14px;\">Von Frau <\/span><span><span style=\"font-size: 14px;\">Vera Deminger per Mail freundlicherweise zur Verf\u00fcgung gestellt<\/span><\/span><\/span><br \/> <span><span style=\"color: #000000;\"><span style=\"font-size: 14px;\"> <\/span><\/span><\/span><\/span><\/div>\n<div style=\"text-align: justify;\">\n<p> <span><span style=\"color: #000000;\"><span style=\"font-size: 14px;\"><span style=\"color: #000000;\">Mit der tierischen Fracht fuhr Thomas wieder nachhause und bracht die Tiere in den warmen Stall, streute ihnen Stroh auf dem Schlafbereich und brachte einige Leckereien f\u00fcr seine zwei Lieblingstiere, denn auch sie sollten Teilhaben am Beginn eines neuen Jahres.<br \/> \u201eProsit Neujahr\u201c den beiden zurufend, schloss Thomas die Stallt\u00fcre und begab sich in die elterliche Stube\u2026<\/p>\n<p> Ludwig Pichler<br \/> Winter 2012<\/p>\n<p> <\/span><\/span><\/span><span style=\"color: #000000;\"><span style=\"font-size: 14px;\"><span style=\"color: #000000;\"><span><span style=\"color: #000000;\"><span style=\"font-size: 14px;\">Erstver\u00f6ffentlichung in meiner Homepage<\/p>\n<p> <\/span><br \/> <span style=\"color: #000000;\"><span style=\"font-size: 14px;\"> <\/span><\/span><\/span><\/span><\/span><\/span><\/span><\/span><\/div>\n<div style=\"text-align: center;\"><span><span style=\"color: #000000;\"><span style=\"font-size: 16px;\"><strong>Anna und Beate<\/strong><\/span><\/span><\/span><\/div>\n<div style=\"text-align: justify;\">\n<p> <span><span style=\"color: #000000;\"><span style=\"font-size: 14px;\"><span><span style=\"font-size: 14px;\">Anna, eine 9-j\u00e4hrige und ihre Schwester Beate, 7 Jahre alt, beide aufgeweckte M\u00e4dchen des 21. Jahrhunderts streiten sich des \u00d6fteren, sodass ihre Mutter sie etwas \u201ebremsen\u201c muss. Da ihr Vater fast nichts sagt, ist \u201enat\u00fcrlich\u201c die Mutter die \u201eb\u00f6se\u201c. Wenn beide aber etwas erreichen wollen, dann halten sie zusammen wie \u201ePech und Schwefel\u201c. Meistens erkl\u00e4rt ihre Mutter ihnen, dass man auch im 21. Jahrhundert nicht alles erreichen kann, und es doch gut ist \u2013 wenn eine schlechtere Zeit kommt, dass man etwas \u201ezur\u00fccksteckt\u201c, was aber beide nicht gerne h\u00f6ren wollen.<br \/> Wenn ihnen so mancher \u201eau\u00dfertourliche\u201c Wunsch erf\u00fcllt wird, dann ist ihre Welt \u201ewieder in Ordnung\u201c.<\/p>\n<p> Am \u201eKrampustag\u201c 2012 hatten beide aber einen besonders gro\u00dfen \u201eBammel\u201c \u2013 auch wenn sie ansonsten nicht aufs Mundwerk gefallen sind. Ziemlich kleinlaut waren beide, denn sie wussten nicht ob, und wer kommt, da ist ihnen der \u201eNikolotag\u201c viel lieber, denn da gibt es f\u00fcr beide Kleinigkeiten vom Nikolaus. Dass sie nicht allzu viel von den vielen S\u00fc\u00dfigkeiten auf einmal \u201everdr\u00fccken\u201c sollten, hatte beide schon \u00f6fters erfahren m\u00fcssen.&nbsp; Weil sie nicht auf Mutters Wort horchten, so mu\u00dften sie schon mal zum Zahnarzt sich begeben. Auch \u00dcbelkeit war ihnen nicht unbekannt. Da f\u00fcr sie das alles sehr unangenehm war, so gelobten beide, dass sie in Zukunft viel weniger S\u00fc\u00dfigkeiten, daf\u00fcr mehr Obst und Gem\u00fcse (au\u00dferdem viel ges\u00fcnder) essen w\u00fcrden. Auch Fastfood mit \u201ePommes\u201c und Cola nehmen sie nur mehr ab und zu sich.<br \/> Der K\u00f6rper wird dies ihnen eines Tages danken, sagte die Mutter zu den jetzt verst\u00e4ndiger gewordenen Kindern.<\/span><\/span><\/span><\/span><\/p>\n<p> <span style=\"color: #000000;\"><span style=\"font-size: 14px;\"><span style=\"color: #000000;\"><span><span style=\"color: #000000;\"><span style=\"font-size: 14px;\"> <\/span><\/span><\/span><\/span><\/span><\/span><span style=\"color: #000000;\"><span style=\"font-size: 14px;\"><span style=\"color: #000000;\"><span><span style=\"color: #000000;\"><span style=\"font-size: 14px;\"><span><span style=\"color: #000000;\"><span style=\"font-size: 14px;\"><span style=\"color: #000000;\">Ludwig Pichler<br \/> Ende J\u00e4nner 2013<br \/> <\/span><\/span><\/span><span style=\"color: #000000;\"><span style=\"font-size: 14px;\"><span style=\"color: #000000;\"><span><span style=\"color: #000000;\"><span style=\"font-size: 14px;\">Erstver\u00f6ffentlichung in meiner Homepage<br \/> <\/span><\/span><\/span><\/span><\/span><\/span><\/span><\/p>\n<p> <\/span><\/span><\/span><\/span><\/span><\/span><\/span><\/div>\n<div style=\"text-align: justify;\">\n<div style=\"text-align: center;\"><span><span style=\"color: #000000;\"><span style=\"font-family: Arial;\"><span style=\"font-size: 14px;\"><span style=\"font-size: 16px;\"><b style=\"mso-bidi-font-weight: normal;\">Die Nachbarskinder Susanne und Peter<\/b><\/span><\/span><\/span><\/span><\/span><\/div>\n<\/p><\/div>\n<div>&nbsp;<\/div>\n<div><span><span style=\"font-family: Arial;\">&nbsp;<\/span><\/span><br \/> <span><span style=\"color: #000000;\"><span style=\"font-family: Arial;\"><span style=\"font-size: 14px;\"><span style=\"font-size: 14px;\">Ein altes Sprichwort sagt: \u201eApril, April, tut was er will!\u201c, was ja auch stimmt. Es kann Regen geben und f\u00fcnf Minuten sp\u00e4ter wieder Sonnenschein. Auch etwas Schnee k\u00f6nnte in diesem Monat noch fallen. St\u00e4rkere Winde sind auch keine Seltenheit, aber davon lassen sich Susanne und Peter nicht abhalten. Beide tollen sehr gerne in der Natur herum, ob es regnet (dann nehmen sie den Regenschirm der Mutter mit, wo sich beide so vor dem Nasswerden sch\u00fctzen) oder die Sonne vom Himmel \u201elacht\u201c, schneit oder ein st\u00e4rkerer Wind daher bl\u00e4st, der H\u00fcte durch die Luft wirbelt und Regenschirme verbiegt.<\/span><\/span><\/span><\/p>\n<p> <span style=\"font-size: 14px;\"><span style=\"font-size: 14px;\"><span style=\"font-family: 'Verdana','sans-serif';\"> <\/span><\/span><\/span><\/span><\/span><\/div>\n<div><span>&nbsp;<span style=\"color: #000000;\"> <\/span><\/span><\/div>\n<div style=\"text-align: center;\"><span><span style=\"color: #000000;\"><img loading=\"lazy\" decoding=\"async\" class=\" size-full wp-image-684\" alt=\"\" src=\"https:\/\/zelking.grafikweb.eu\/wp-content\/uploads\/2012\/12\/wanderprchen%20iii.jpg\" height=\"367\" width=\"250\" \/><\/span><\/span><\/div>\n<div style=\"text-align: center;\"><span><span style=\"font-family: Arial;\"><span style=\"color: #000000;\"><span style=\"font-size: 14px;\"><span><span style=\"color: #000000;\"><span style=\"font-size: 14px;\"><span style=\"color: #000000;\"><span><span style=\"color: #000000;\"><span><span style=\"color: #000000;\"><span><span style=\"color: #000000;\"><span><span style=\"color: #000000;\"><span style=\"font-size: 14px;\"><span><span style=\"color: #000000;\">\u201e<\/span><\/span><\/span><\/span><\/span><\/span><\/span><\/span><\/span><\/span><\/span><\/span><\/span><\/span><\/span>Susanne und Peter<\/span><span><span style=\"color: #000000;\"><span style=\"font-size: 14px;\"><span style=\"color: #000000;\"><span><span style=\"color: #000000;\"><span><span style=\"color: #000000;\"><span><span style=\"color: #000000;\"><span><span style=\"color: #000000;\"><span style=\"font-size: 14px;\"><span><span style=\"color: #000000;\">\u201c <\/span><\/span><\/span><\/span><\/span><\/span><\/span><\/span><\/span><\/span><\/span><\/span><\/span><\/span><\/span><span><span style=\"color: #000000;\"><span><span style=\"color: #000000;\"><span><span style=\"color: #000000;\"><span><span style=\"color: #000000;\"><span><span style=\"color: #000000;\"><span style=\"font-size: 14px;\"><span><strong><span style=\"color: #ff0000;\">(*)<\/span><\/strong><\/span><\/span><\/span><\/span><\/span><\/span><\/span><\/span><\/span><\/span><\/span><\/span><\/span><\/span><\/span><\/div>\n<div style=\"text-align: center;\"><span><span style=\"font-family: Arial;\"><span style=\"color: #000000;\">&nbsp;<\/span><\/span><\/span><\/div>\n<div style=\"text-align: justify;\">\n<div> <span><span style=\"color: #000000;\"><span style=\"font-family: Arial;\"><span style=\"color: #000000;\"><span style=\"font-size: 14px;\">Nur bei einem Gewitter, wenn es blitzt und donnert, oder orkanartiger Wind \u00fcber die Landschaft hinwegfegt, dann aber bleiben beide brav in ihren Elternh\u00e4usern, denn es k\u00f6nnte ein durch den Sturm locker gewordener Dachziegel herunterfallen, auch d\u00fcrre \u00c4ste brechen so leicht und k\u00f6nnte sie verletzen. <\/span><\/span><\/span><\/span><\/span><\/div>\n<div><span><span style=\"color: #000000;\"><span style=\"font-family: Arial;\">&nbsp;<\/span><\/span><\/span><\/div>\n<div><span><span style=\"color: #000000;\"><span style=\"font-family: Arial;\"><span style=\"color: #000000;\"><span style=\"font-size: 14px;\">Mutwillig begeben sich Susanne und Peter nicht in Gefahr!<\/span><\/span><\/span><\/span><\/span><\/div>\n<div><span><span style=\"color: #000000;\"><span style=\"font-family: Arial;\"><span style=\"color: #000000;\"><span style=\"font-size: 14px;\">Ist aber das Unwetter wieder verzogen, dann schnell in die Stiefeln geschl\u00fcpft und in die Pf\u00fctzen Hineinspringen, dass es nur so herumspritzt. Da haben beide einen riesigen Spa\u00df daran, obwohl die Kleidung nass und meistens verschmutzt wird.<\/span><\/span><\/span><\/span><\/span><\/div>\n<div><span><span style=\"color: #000000;\">&nbsp;<\/span><\/span><\/div>\n<div><span><span style=\"font-family: Arial;\"><span style=\"color: #000000;\"><span style=\"color: #000000;\"><span style=\"font-size: 14px;\">Wenn ihre M\u00fcttern dar\u00fcber nicht begeistert sind, sagen sie: \u201eDie Waschmaschine wird es schon wieder richten\u201c. &nbsp;<br \/> <\/span><\/span><\/span><\/span><\/span><\/div>\n<\/p><\/div>\n<div>\n<p> <span><span style=\"font-family: Arial;\"><span style=\"color: #000000;\"><span style=\"font-size: 14px;\"><span style=\"line-height: 115%;\">Ludwig Pichler<br \/> M\u00e4rz 2012<\/span><\/span><\/span><\/span><br \/> <span style=\"font-size: 14px;\"><span style=\"line-height: 115%; font-family: 'Verdana','sans-serif';\"> <\/span><\/span><br \/> <span><span style=\"color: #000000;\"><span style=\"font-size: 14px;\"><span style=\"color: #000000;\"> <\/span><\/span><\/span><span style=\"color: #000000;\"><span style=\"font-size: 14px;\"><span style=\"color: #000000;\"><span><span style=\"color: #000000;\"><span style=\"font-size: 14px;\">Erstver\u00f6ffentlichung in meiner Homepage<\/span><\/span><\/span><\/span><\/span><\/span><\/span><\/span><\/div>\n<div style=\"text-align: justify;\">\n<p> &nbsp;<\/p>\n<div style=\"text-align: center;\"><span><span style=\"color: #000000;\"><span style=\"font-size: 14px;\"><span style=\"color: #000000;\"><span><span style=\"color: #000000;\"><span><span style=\"color: #000000;\"><span><span style=\"color: #000000;\"><span><span style=\"color: #000000;\"><span style=\"font-size: 14px;\"><span><span style=\"color: #000000;\"><span style=\"font-size: 16px;\"><strong>Herberts gefiederter Freund<\/strong><\/span><\/span><\/span><\/span><\/span><\/span><\/span><\/span><\/span><\/span><\/span><\/span><\/span><\/span><\/span><\/span><\/div>\n<div style=\"text-align: justify;\">\n<p> <span><span style=\"color: #000000;\"><span style=\"font-size: 14px;\"><span style=\"color: #000000;\"><span><span style=\"color: #000000;\"><span><span style=\"color: #000000;\"><span><span style=\"color: #000000;\"><span><span style=\"color: #000000;\"><span style=\"font-size: 14px;\"><span><span style=\"color: #000000;\">Herbert, ein blondgelockter Volkssch\u00fcler, hat eine Vorliebe f\u00fcr die \u201eTiere der L\u00fcfte\u201c. Stundenlang kann er den Flugk\u00fcnsten der kleinen und gro\u00dfen V\u00f6gel, die am Himmel ihre Kreise ziehen, zusehen. Auch wie sie bei der Futtersuche im Garten den Boden oder die B\u00e4ume nach Insekten absuchen, besonders wenn sie ihre Brut f\u00fcttern m\u00fcssen, dann sind sie den ganzen Tag unerm\u00fcdlich auf Futtersuche f\u00fcr ihre gefr\u00e4\u00dfigen Nachkommen. Abends sind auch sie \u201etodm\u00fcde\u201c, aber am n\u00e4chsten Tag geht es wieder zur Nahrungssuche, denn die Jungv\u00f6gel ben\u00f6tigen tierisches Eiwei\u00df, bis sie selbst auf Futtersuche gehen k\u00f6nnen. So werden auch die Sch\u00e4dlinge in Flur und Feld auf nat\u00fcrliche Weise in Schach gehalten.<br \/> Einen Jungvogel, der nicht richtig fliegen konnte, weil er sich irgendwo einen Fl\u00fcgel leicht verletzt hatte, fand Herbert eines Tages und versuchte ihn mit Fliegen, Spinnen und sonstigen Gew\u00fcrm, gro\u00dfzuziehen. Es gelang tats\u00e4chlich und eines Tages schwang sich zur Freude Herberts, der Vogel wieder in die L\u00fcfte.<\/p>\n<p> <\/span><\/span><\/span><\/span><\/span><\/span><\/span><\/span><\/span><\/span><\/span><\/span><\/span><\/span><\/span><\/div>\n<div style=\"text-align: center;\"><span><span style=\"color: #000000;\"><span style=\"font-size: 14px;\"><span style=\"color: #000000;\"><span><span style=\"color: #000000;\"><span><span style=\"color: #000000;\"><span><span style=\"color: #000000;\"><span><span style=\"color: #000000;\"><span style=\"font-size: 14px;\"><span><span style=\"color: #000000;\"><img loading=\"lazy\" decoding=\"async\" class=\" size-full wp-image-685\" alt=\"\" src=\"https:\/\/zelking.grafikweb.eu\/wp-content\/uploads\/2012\/12\/wanderknabe%20ii.jpg\" height=\"361\" width=\"250\" \/><br \/> <\/span><span style=\"color: #000000;\"><span><span><span><span><span><span style=\"font-size: 14px;\"><span><span><span style=\"color: #000000;\"><span style=\"font-size: 14px;\"><span style=\"color: #000000;\"><span><span style=\"color: #000000;\"><span><span style=\"color: #000000;\"><span><span style=\"color: #000000;\"><span><span style=\"color: #000000;\"><span style=\"font-size: 14px;\"><span><span style=\"color: #000000;\">\u201e<\/span><\/span><\/span><\/span><\/span><\/span><\/span><\/span><\/span><\/span><\/span><\/span><\/span><\/span><\/span>Herbert<\/span><\/span><\/span><\/span><\/span><\/span><\/span><\/span><span><span style=\"color: #000000;\"><span style=\"font-size: 14px;\"><span style=\"color: #000000;\"><span><span style=\"color: #000000;\"><span><span style=\"color: #000000;\"><span><span style=\"color: #000000;\"><span><span style=\"color: #000000;\"><span style=\"font-size: 14px;\"><span><span style=\"color: #000000;\">\u201c<\/span><\/span><\/span><\/span><\/span><\/span><\/span><\/span><\/span><\/span><\/span><\/span><\/span><\/span><\/span> <span><span style=\"color: #000000;\"><span><span style=\"color: #000000;\"><span><span style=\"color: #000000;\"><span><span style=\"color: #000000;\"><span><span style=\"color: #000000;\"><span style=\"font-size: 14px;\"><span><strong><span style=\"color: #ff0000;\">(*)<\/span><\/strong><\/span><\/span><\/span><\/span><\/span><\/span><\/span><\/span><\/span><\/span><\/span><\/span><br \/> <span style=\"color: #000000;\"> <\/span><\/span><\/span><\/span><\/span><\/span><\/span><\/span><\/span><\/span><\/span><\/span><\/span><\/span><\/span><\/div>\n<div style=\"text-align: justify;\">\n<p> <span><span style=\"color: #000000;\"><span style=\"font-size: 14px;\"><span style=\"color: #000000;\"><span><span style=\"color: #000000;\"><span><span style=\"color: #000000;\"><span><span style=\"color: #000000;\"><span><span style=\"color: #000000;\"><span style=\"font-size: 14px;\"><span><span style=\"color: #000000;\">Diese Wohltat dankte der Vogel, indem er sich des \u00d6fteren, wenn Herbert sich im Garten befand, zu ihm hinsetzte und ein Liedchen tr\u00e4llerte, als w\u00fcrde er sich f\u00fcr die vielen F\u00fctterungen bedanken.<br \/> Beide hatten ein \u201eVogelleben lang\u201c Freundschaft geschlossen.<\/p>\n<p> Ludwig Pichler<br \/> Mai 2012<br \/> <\/span><span style=\"color: #000000;\"><span><span style=\"color: #000000;\"><span style=\"font-size: 14px;\">Erstver\u00f6ffentlichung in meiner Homepage<\/span><\/span><\/span><\/span><\/span><\/span><\/span><\/span><\/span><\/span><\/span><\/span><\/span><\/span><\/span><\/span><\/span><\/span><\/div>\n<p> &nbsp;<\/div>\n<div style=\"text-align: justify;\">&nbsp;<\/div>\n<div style=\"text-align: center;\">\n<div style=\"text-align: center;\"><span><span style=\"color: #000000;\"><span><span style=\"color: #000000;\"><span><span style=\"color: #000000;\"><span><span style=\"color: #000000;\"><span><span style=\"color: #000000;\"><span style=\"font-size: 14px;\"><span><span style=\"color: #000000;\"><span style=\"font-size: 16px;\"><strong>Das Wandern ist \u2026<\/strong><\/span><\/span><\/span><\/span><\/span><\/span><\/span><\/span><\/span><\/span><\/span><\/span><\/span><\/span><\/div>\n<div style=\"text-align: justify;\">\n<p> <span><span style=\"color: #000000;\"><span><span style=\"color: #000000;\"><span><span style=\"color: #000000;\"><span><span style=\"color: #000000;\"><span><span style=\"color: #000000;\"><span style=\"font-size: 14px;\"><span><span style=\"color: #000000;\">Das Wandern ist (nicht nur) des M\u00fcllers Lust (wie es in einem Lied hei\u00dft), sondern es wandert auch der kleine Simon gerne durch die Natur.<br \/> Immer seinen Kinderrucksack umgeschnallt in dem etwas zu Trinken und zu Essen sich befindet. Ein Apfel oder eine Banane darf bei ihm auch nie fehlen.<br \/> Manch Liedchen pfeifend, wandert er so ein, zwei Stunden umher, sieht so manches was er im Haus nicht zu Gesicht bekommen w\u00fcrde und staunt \u00fcber Dieses und Jenes.<br \/> In der w\u00e4rmeren Jahreszeit h\u00e4lt ihm nichts daheim \u2013 kein Computer oder sonstiges, denn er liebt eben die Natur. Er erfreut sich am Sonnenschein, lauscht dem Rauschen der W\u00e4lder, h\u00f6rt den einen oder anderen Vogelruf oder sonstigem Tierlaut und genie\u00dft die frische Luft.<\/p>\n<p> <\/span><\/span><\/span><\/span><\/span><\/span><\/span><\/span><\/span><\/span><\/span><\/span><\/span><\/div>\n<div style=\"text-align: center;\"><span><span style=\"color: #000000;\"><span><span style=\"color: #000000;\"><span><span style=\"color: #000000;\"><span><span style=\"color: #000000;\"><span><span style=\"color: #000000;\"><span style=\"font-size: 14px;\"><span><span style=\"color: #000000;\"><img loading=\"lazy\" decoding=\"async\" class=\" size-full wp-image-686\" alt=\"\" src=\"https:\/\/zelking.grafikweb.eu\/wp-content\/uploads\/2012\/12\/wanderknabe%20i.jpg\" height=\"377\" width=\"250\" \/><br \/> &nbsp; <\/span><span style=\"color: #000000;\"><span><span style=\"color: #000000;\"><span style=\"font-size: 14px;\"><span style=\"color: #000000;\"><span><span style=\"color: #000000;\"><span><span style=\"color: #000000;\"><span><span style=\"color: #000000;\"><span><span style=\"color: #000000;\"><span style=\"font-size: 14px;\"><span><span style=\"color: #000000;\">\u201e<\/span><\/span><\/span><\/span><\/span><\/span><\/span><\/span><\/span><\/span><\/span><\/span><\/span><\/span><\/span>Simon<\/span><span><span style=\"color: #000000;\"><span style=\"font-size: 14px;\"><span style=\"color: #000000;\"><span><span style=\"color: #000000;\"><span><span style=\"color: #000000;\"><span><span style=\"color: #000000;\"><span><span style=\"color: #000000;\"><span style=\"font-size: 14px;\"><span><span style=\"color: #000000;\">\u201c<\/span><\/span><\/span><\/span><\/span><\/span><\/span><\/span><\/span><\/span><\/span><\/span><\/span><\/span><\/span> <strong><span style=\"color: #ff0000;\">(*)<\/span><\/strong><\/p>\n<p> <span style=\"color: #000000;\"> <\/span><\/span><\/span><\/span><\/span><\/span><\/span><\/span><\/span><\/span><\/span><\/span><\/span><\/div>\n<div style=\"text-align: justify;\"><span><span style=\"color: #000000;\"><span><span style=\"color: #000000;\"><span><span style=\"color: #000000;\"><span><span style=\"color: #000000;\"><span><span style=\"color: #000000;\"><span style=\"font-size: 14px;\"><span>&nbsp;<\/span><\/span><\/span><\/span><\/span><\/span><\/span><\/span><\/span><\/span><\/span><\/span><\/div>\n<div style=\"text-align: justify;\"><span><span style=\"color: #000000;\"><span><span style=\"color: #000000;\"><span><span style=\"color: #000000;\"><span><span style=\"color: #000000;\"><span><span style=\"color: #000000;\"><span style=\"font-size: 14px;\"><span><span style=\"color: #000000;\">Wenn er dann vom Herumwandern doch ein wenig M\u00fcde ist, genie\u00dft er auch, wenn er sich im Vorzimmer die Schuhe ausziehen kann, um auf dem Sofa im Wohnzimmer bequem liegend, das Erlebte nochmals geistig durchzugehen.<br \/> Solche Tage findet der Simon echt super.&nbsp;&nbsp;&nbsp;&nbsp;&nbsp;&nbsp;&nbsp;&nbsp;&nbsp;&nbsp;&nbsp;&nbsp;&nbsp;&nbsp;&nbsp;&nbsp;&nbsp;&nbsp;&nbsp;&nbsp;&nbsp;&nbsp;&nbsp;&nbsp;&nbsp;&nbsp;&nbsp;&nbsp;&nbsp;&nbsp;&nbsp;&nbsp;&nbsp;&nbsp;&nbsp;&nbsp;&nbsp;&nbsp;&nbsp;&nbsp;&nbsp;&nbsp;&nbsp;&nbsp;&nbsp;&nbsp;&nbsp;&nbsp;&nbsp;&nbsp;&nbsp;&nbsp;&nbsp;&nbsp;&nbsp;&nbsp;&nbsp;&nbsp;&nbsp;&nbsp;&nbsp;&nbsp;&nbsp;&nbsp;&nbsp;&nbsp;&nbsp;&nbsp;&nbsp;&nbsp;&nbsp;&nbsp;&nbsp;&nbsp;&nbsp;<br \/> <\/span><\/span><\/span><\/span><\/span><\/span><\/span><\/span><\/span><\/span><\/span><\/span><\/span><\/div>\n<div style=\"text-align: justify;\"><span><span style=\"color: #000000;\"><span><span style=\"color: #000000;\"><span><span style=\"color: #000000;\"><span><span style=\"color: #000000;\"><span><span style=\"color: #000000;\"><span style=\"font-size: 14px;\"><span><span style=\"color: #000000;\">Ludwig Pichler<br \/> Juni 2012<br \/> <\/span><span style=\"color: #000000;\"><span><span style=\"color: #000000;\"><span style=\"font-size: 14px;\">Erstver\u00f6ffentlichung in meiner Homepage<\/span><\/span><\/span><\/p>\n<p> <\/span><\/span><\/span><\/span><\/span><\/span><\/span><\/span><\/span><\/span><\/span><\/span><\/span><\/div>\n<\/p><\/div>\n<div style=\"text-align: justify;\"><span>&nbsp;<\/span><\/div>\n<\/p><\/div>\n<\/p><\/div>\n<div style=\"text-align: justify;\"><span><span style=\"color: #000000;\"><span><span style=\"color: #000000;\"><span><span style=\"color: #000000;\"><span><span style=\"color: #000000;\"><span><span style=\"color: #000000;\"><span style=\"font-size: 14px;\"><span><span style=\"color: #000000;\">&nbsp; <\/span><\/span><\/span><\/span><\/span><\/span><\/span><\/span><\/span><\/span><\/span><\/span><\/span><\/div>\n<div style=\"text-align: center;\"><span><span style=\"color: #000000;\"><span><span style=\"color: #000000;\"><span><span style=\"color: #000000;\"><span><span style=\"color: #000000;\"><span><span style=\"color: #000000;\"><span style=\"font-size: 14px;\"><span><span style=\"color: #000000;\"><span style=\"font-size: 16px;\"><strong>Mariechen und Lucas<\/strong><\/span><\/span><\/span><\/span><\/span><\/span><\/span><\/span><\/span><\/span><\/span><\/span><\/span><\/span><\/div>\n<div style=\"text-align: justify;\">\n<p> <span><span style=\"color: #000000;\"><span><span style=\"color: #000000;\"><span><span style=\"color: #000000;\"><span><span style=\"color: #000000;\"><span><span style=\"color: #000000;\"><span style=\"font-size: 14px;\"><span><span style=\"color: #000000;\">Mariechen und Lucas sind ein unzertrennliches Geschwisterpaar. Das meiste unternehmen sie gemeinsam, ob beim Spielen im Haus (bei schlechter Witterung) oder in freier Natur beim Radfahren, Schwimmen oder Musikh\u00f6ren. Eines lieben sie aber besonders. Sie freuen sich, wenn im Herbst die Pilze \u201eaus dem Boden schie\u00dfen\u201c. Hatte es am Vortag geregnet, so sind sie sicherlich in der kargen Freizeit nach der Schule unterwegs (obwohl es am fr\u00fchen Morgen besser w\u00e4re, da noch nicht viele \u201eSchwammerlsucher\u201c umherstreifen, aber beide kenne Stellen, wo sie immer welche finden), um nach Essbaren Pilzen zu suchen. Durch die Eltern k\u00f6nnen sie die guten, also genie\u00dfbaren von den giftigen, sehr wohl unterscheiden.<\/p>\n<p> <\/span><\/span><\/span><\/span><\/span><\/span><\/span><\/span><\/span><\/span><\/span><\/span><\/span><\/div>\n<div style=\"text-align: justify;\"><span><span style=\"color: #000000;\"><span><span style=\"color: #000000;\"><span><span style=\"color: #000000;\"><span><span style=\"color: #000000;\"><span><span style=\"color: #000000;\"><span style=\"font-size: 14px;\"><span>&nbsp;<\/span><\/span><\/span><\/span><\/span><\/span><\/span><\/span><\/span><\/span><\/span><\/span><\/div>\n<div style=\"text-align: center;\"><span><span style=\"color: #000000;\"><span><span style=\"color: #000000;\"><span><span style=\"color: #000000;\"><span><span style=\"color: #000000;\"><span><span style=\"color: #000000;\"><span style=\"font-size: 14px;\"><span><span style=\"color: #000000;\"><img loading=\"lazy\" decoding=\"async\" class=\" size-full wp-image-687\" alt=\"\" src=\"https:\/\/zelking.grafikweb.eu\/wp-content\/uploads\/2012\/12\/wanderprchen.jpg\" height=\"351\" width=\"250\" srcset=\"https:\/\/zelking.grafikweb.eu\/wp-content\/uploads\/2012\/12\/wanderprchen.jpg 333w, https:\/\/zelking.grafikweb.eu\/wp-content\/uploads\/2012\/12\/wanderprchen-214x300.jpg 214w\" sizes=\"auto, (max-width: 250px) 100vw, 250px\" \/><br \/> <\/span><span style=\"color: #000000;\"><span><span><span><span><span><span style=\"font-size: 14px;\"><span><span><span style=\"color: #000000;\"><span style=\"font-size: 14px;\"><span style=\"color: #000000;\"><span><span style=\"color: #000000;\"><span><span style=\"color: #000000;\"><span><span style=\"color: #000000;\"><span><span style=\"color: #000000;\"><span style=\"font-size: 14px;\"><span><span style=\"color: #000000;\">\u201e<\/span><\/span><\/span><\/span><\/span><\/span><\/span><\/span><\/span><\/span><\/span><\/span><\/span><\/span><\/span>Mariechen und Lucas<\/span><\/span><\/span><\/span><\/span><\/span><\/span><\/span><span><span style=\"color: #000000;\"><span style=\"font-size: 14px;\"><span style=\"color: #000000;\"><span><span style=\"color: #000000;\"><span><span style=\"color: #000000;\"><span><span style=\"color: #000000;\"><span><span style=\"color: #000000;\"><span style=\"font-size: 14px;\"><span><span style=\"color: #000000;\">\u201c<\/span><\/span><\/span><\/span><\/span><\/span><\/span><\/span><\/span><\/span><\/span><\/span><\/span><\/span><\/span> <span><span style=\"color: #000000;\"><span><span style=\"color: #000000;\"><span><span style=\"color: #000000;\"><span><span style=\"color: #000000;\"><span><span style=\"color: #000000;\"><span style=\"font-size: 14px;\"><span><strong><span style=\"color: #ff0000;\">(*)<\/span><\/strong><\/span><\/span><\/span><\/span><\/span><\/span><\/span><\/span><\/span><\/span><\/span><\/span><br \/> &nbsp;<br \/> <span style=\"color: #000000;\"> <\/span><\/span><\/span><\/span><\/span><\/span><\/span><\/span><\/span><\/span><\/span><\/span><\/span><\/div>\n<div style=\"text-align: justify;\"> <span><span style=\"color: #000000;\"><span><span style=\"color: #000000;\"><span><span style=\"color: #000000;\"><span><span style=\"color: #000000;\"><span><span style=\"color: #000000;\"><span style=\"font-size: 14px;\"><span>Wenn sie dann mit einem K\u00f6rbchen voll Pilze (sie verwenden keine Tragetasche aus Plastik, da die Pilze keine Luftzufuhr erhalten!) nachhause kommen, gibt es zum Abendessen immer ein Pilzgericht, je nach Art der gefundenen Pilze. Sie freuen sich, denn ihre Mutter hat einige k\u00f6stliche Rezepte um daraus ein sehr schmackhaftes Gericht herzustellen.<\/span><\/span><\/span><\/span><\/span><\/span><\/span><\/span><\/span><\/span><\/span><\/span><\/div>\n<div style=\"text-align: justify;\"><span><span style=\"color: #000000;\"><span><span style=\"color: #000000;\"><span><span style=\"color: #000000;\"><span><span style=\"color: #000000;\"><span><span style=\"color: #000000;\"><span style=\"font-size: 14px;\"><span><span style=\"color: #000000;\">&nbsp;&nbsp;&nbsp;&nbsp;&nbsp;&nbsp;&nbsp;&nbsp;&nbsp;&nbsp;&nbsp;&nbsp; <\/span><\/span><\/span><\/span><\/span><\/span><\/span><\/span><\/span><\/span><\/span><\/span><\/span><br \/> <span><span style=\"color: #000000;\"><span><span style=\"color: #000000;\"><span><span style=\"color: #000000;\"><span><span style=\"color: #000000;\"><span><span style=\"color: #000000;\"><span style=\"font-size: 14px;\"><span>Ludwig Pichler<br \/> Herbst 2012<\/span><\/span><\/span><\/span><\/span><\/span><\/span><\/span><\/span><\/span><\/span><\/span><br \/> <span><span style=\"color: #000000;\"><span><span style=\"color: #000000;\"><span><span style=\"color: #000000;\"><span><span style=\"color: #000000;\"><span><span style=\"color: #000000;\"><span style=\"font-size: 14px;\"><span><span><span style=\"color: #000000;\"><span style=\"font-size: 14px;\">Erstver\u00f6ffentlichung in meiner Homepage<\/span><\/span><\/span><\/p>\n<p> <span style=\"color: #000000;\"> <\/span><span style=\"color: #000000;\"><span><span style=\"color: #000000;\"><span><span style=\"color: #000000;\"><span><span style=\"color: #000000;\"><span><span style=\"color: #000000;\"><span><span style=\"color: #000000;\"><span style=\"font-size: 14px;\"><span><strong><span style=\"color: #ff0000;\">(*) <\/span><\/strong><span style=\"color: #ff0000;\"><span style=\"color: #000000;\">Alle Kleinaquarelle von <\/span><\/span><\/span><\/span><\/span><\/span><\/span><\/span><\/span><\/span><\/span><\/span><\/span><\/span><\/span><span style=\"color: #000000;\"><span><span style=\"color: #000000;\"><span><span style=\"color: #000000;\"><span><span style=\"color: #000000;\"><span><span style=\"color: #000000;\"><span><span style=\"color: #000000;\"><span style=\"font-size: 14px;\"><span><span style=\"color: #ff0000;\"><span style=\"color: #000000;\"><span><span style=\"color: #000000;\"><span><span style=\"color: #000000;\"><span><span style=\"color: #000000;\"><span><span style=\"color: #000000;\"><span><span style=\"color: #000000;\"><span style=\"font-size: 14px;\"><span><span style=\"color: #000000;\"><span><span><span><span><span><span style=\"font-size: 14px;\"><span>Frau Melanie Fr\u00f6schl <span><span><span><span><span><span style=\"font-size: 14px;\"><span>\u2013<\/span><\/span><\/span><\/span><\/span><\/span><\/span> Danke f\u00fcr die Originale!<\/p>\n<p> <\/span><\/span><\/span><\/span><\/span><\/span><\/span><\/span><\/span><\/span><\/span><\/span><\/span><\/span><\/span><\/span><\/span><\/span><\/span><\/span><\/span><\/span><\/span><\/span><\/span><\/span><\/span><\/span><\/span><\/span><\/span><\/span><\/span><\/span><\/span><\/span><\/span><\/span><\/span><\/span><\/span><\/span><\/span><\/span><\/span><\/span><\/span><\/div>\n<div style=\"text-align: center;\"><span><span style=\"color: #000000;\"><span><span style=\"color: #000000;\"><span><span style=\"color: #000000;\"><span><span style=\"color: #000000;\"><span><span style=\"color: #000000;\"><span style=\"font-size: 14px;\"><span><span style=\"color: #000000;\"><span style=\"font-size: 16px;\"><strong>Anna und Beate<\/strong><\/span><\/span><\/span><\/span><\/span><\/span><\/span><\/span><\/span><\/span><\/span><\/span><\/span><\/span><\/div>\n<div style=\"text-align: justify;\">\n<p> <span><span style=\"color: #000000;\"><span><span style=\"color: #000000;\"><span><span style=\"color: #000000;\"><span><span style=\"color: #000000;\"><span><span style=\"color: #000000;\"><span style=\"font-size: 14px;\"><span><span style=\"color: #000000;\"><span><span><span><span><span><span style=\"font-size: 14px;\"><span><span><span><span><span><span><span style=\"font-size: 14px;\"><span><span><span><span><span><span><span style=\"font-size: 14px;\"><span>Anna, eine 9-j\u00e4hrige und ihre Schwester Beate, 7 Jahre alt, beide aufgeweckte M\u00e4dchen des 21. Jahrhunderts streiten sich des \u00d6fteren, sodass ihre Mutter sie etwas \u201ebremsen\u201c muss. Da ihr Vater fast nichts sagt, ist \u201enat\u00fcrlich\u201c die Mutter die \u201eB\u00f6se\u201c. Wenn beide aber etwas erreichen wollen, dann halten sie zusammen wie \u201ePech und Schwefel\u201c. Meistens erkl\u00e4rt ihre Mutter ihnen, dass man auch im 21. Jahrhundert nicht alles erreichen kann, und es doch gut ist \u2013 wenn eine schlechtere Zeit kommt, dass man etwas \u201ezur\u00fccksteckt\u201c, was aber beide nicht gerne h\u00f6ren wollen.<br \/> Wenn ihnen so mancher \u201eau\u00dfertourliche\u201c Wunsch erf\u00fcllt wird, dann ist ihre Welt \u201ewieder in Ordnung\u201c.<\/p>\n<p> Am \u201eKrampustag\u201c 2012 hatten beide aber einen besonders gro\u00dfen \u201eBammel\u201c \u2013 auch wenn sie ansonsten nicht aufs Mundwerk gefallen sind. Ziemlich kleinlaut waren beide, denn sie wussten nicht ob, und wer kommt, da ist ihnen der \u201eNikolotag\u201c viel lieber, denn da gibt es f\u00fcr beide Kleinigkeiten vom Nikolaus. Dass sie nicht allzu viel von den vielen S\u00fc\u00dfigkeiten auf einmal \u201everdr\u00fccken\u201c sollten, hatte beide schon \u00f6fters erfahren m\u00fcssen.&nbsp; Weil sie nicht auf Mutters Wort horchten, so mu\u00dften sie schon mal zum Zahnarzt sich begeben. Auch \u00dcbelkeit war ihnen nicht unbekannt. Da f\u00fcr sie das alles sehr unangenehm war, so gelobten beide, dass sie in Zukunft viel weniger S\u00fc\u00dfigkeiten, daf\u00fcr mehr Obst und Gem\u00fcse (au\u00dferdem viel ges\u00fcnder) essen w\u00fcrden. Auch Fastfood mit \u201ePommes\u201c und Cola nehmen sie nur mehr ab und zu sich.<br \/> Der K\u00f6rper wird dies ihnen eines Tages danken, sagte die Mutter zu den jetzt verst\u00e4ndiger gewordenen Kindern.<\/span><\/span><\/span><\/span><\/span><\/span><\/span><\/span><\/span><\/span><\/span><\/span><\/span><\/span><\/span><\/span><\/span><\/span><\/span><\/span><\/span><\/span><\/p>\n<p> <span style=\"color: #000000;\"><span><span style=\"color: #000000;\"><span><span style=\"color: #000000;\"><span><span style=\"color: #000000;\"><span><span style=\"color: #000000;\"><span><span style=\"color: #000000;\"><span style=\"font-size: 14px;\"><span><span><span style=\"color: #000000;\"><span style=\"font-size: 14px;\"> Ludwig Pichler<br \/> J\u00e4nner 2013<br \/> Erstver\u00f6ffentlichung in meiner Homepage<\/span><\/span><\/span><br \/> <span style=\"color: #000000;\"> <\/span><\/span><\/span><\/span><\/span><\/span><\/span><\/span><\/span><\/span><\/span><\/span><\/span><\/p>\n<p> <\/span><\/span><\/span><\/span><\/span><\/span><\/span><\/span><\/span><\/span><\/span><\/span><\/span><\/div>\n","protected":false},"excerpt":{"rendered":"<p>&nbsp; Das stolze Schneefl\u00f6ckchen &nbsp; &nbsp; (Meine erste Weihnachtsgeschichte) Die Menschen in den&nbsp; St\u00e4dten und auf dem Lande froren, denn es war schon mitten im Dezember und die Quecksilbers\u00e4ule auf dem Thermometer stand schon seit Tagen auf Minusgraden. Gesch\u00e4ftst\u00fcchtig und auch \u201eGesch\u00e4ftss\u00fcchtig\u201c eilten die Menschen auf den Gehsteigen in den St\u00e4dten hin und her, um [&hellip;]<\/p>\n","protected":false},"author":2,"featured_media":679,"comment_status":"open","ping_status":"open","sticky":false,"template":"","format":"standard","meta":{"footnotes":""},"categories":[40],"tags":[],"class_list":["post-688","post","type-post","status-publish","format-standard","has-post-thumbnail","hentry","category-burgstaelle-und-wallanlagen"],"_links":{"self":[{"href":"https:\/\/zelking.grafikweb.eu\/index.php?rest_route=\/wp\/v2\/posts\/688","targetHints":{"allow":["GET"]}}],"collection":[{"href":"https:\/\/zelking.grafikweb.eu\/index.php?rest_route=\/wp\/v2\/posts"}],"about":[{"href":"https:\/\/zelking.grafikweb.eu\/index.php?rest_route=\/wp\/v2\/types\/post"}],"author":[{"embeddable":true,"href":"https:\/\/zelking.grafikweb.eu\/index.php?rest_route=\/wp\/v2\/users\/2"}],"replies":[{"embeddable":true,"href":"https:\/\/zelking.grafikweb.eu\/index.php?rest_route=%2Fwp%2Fv2%2Fcomments&post=688"}],"version-history":[{"count":0,"href":"https:\/\/zelking.grafikweb.eu\/index.php?rest_route=\/wp\/v2\/posts\/688\/revisions"}],"wp:featuredmedia":[{"embeddable":true,"href":"https:\/\/zelking.grafikweb.eu\/index.php?rest_route=\/wp\/v2\/media\/679"}],"wp:attachment":[{"href":"https:\/\/zelking.grafikweb.eu\/index.php?rest_route=%2Fwp%2Fv2%2Fmedia&parent=688"}],"wp:term":[{"taxonomy":"category","embeddable":true,"href":"https:\/\/zelking.grafikweb.eu\/index.php?rest_route=%2Fwp%2Fv2%2Fcategories&post=688"},{"taxonomy":"post_tag","embeddable":true,"href":"https:\/\/zelking.grafikweb.eu\/index.php?rest_route=%2Fwp%2Fv2%2Ftags&post=688"}],"curies":[{"name":"wp","href":"https:\/\/api.w.org\/{rel}","templated":true}]}}