{"id":72,"date":"2009-02-02T18:31:24","date_gmt":"2009-02-02T18:31:24","guid":{"rendered":"https:\/\/zelking.com\/2009\/02\/02\/bodendenkmale\/"},"modified":"2009-02-02T18:31:24","modified_gmt":"2009-02-02T18:31:24","slug":"bodendenkmale","status":"publish","type":"post","link":"https:\/\/zelking.grafikweb.eu\/?p=72","title":{"rendered":"Bodendenkmale"},"content":{"rendered":"<div style=\"text-align: center;\"><span style=\"font-size: 18pt; color: rgb(0, 0, 0);\"><strong><br \/> Bodendenkm\u00e4ler aus dem Bezirk Melk<\/strong><\/span><\/div>\n<div style=\"text-align: justify;\"><span style=\"color: rgb(0, 0, 0);\"><br \/> <\/span><\/div>\n<div style=\"text-align: justify;\">\n<div><span style=\"font-size: 14px;\"><span style=\"color: rgb(0, 0, 0);\"><br \/> <\/span><\/span><\/div>\n<div><span style=\"font-size: 14px;\"><span style=\"color: rgb(0, 0, 0);\"> Arch\u00e4ologische Beschreibungen aus dem Buch: DER BEZIRK MELK, Band I entnommen, sowie weitere Beschreibungen von neueren Bodenfunden aus dem Bezirk Melk vom ehemaligen Arch\u00e4ologen <span style=\"color: rgb(0, 0, 0);\">Herrn<\/span> Gustav Melzer\/P\u00f6chlarn.<br \/> <\/span><\/span><\/div>\n<div><span style=\"font-size: 14px;\"><span style=\"color: rgb(0, 0, 0);\"> <br \/> <\/span><\/span><\/div>\n<div><span style=\"font-size: 14px;\"><span style=\"color: rgb(0, 0, 0);\"> <\/span><\/span><span style=\"color: rgb(0, 0, 0);\"><br \/> <\/span><\/div>\n<div><span style=\"color: rgb(0, 0, 0);\"> <br \/> <\/span><\/div>\n<p> <span style=\"color: rgb(0, 0, 0);\"> <\/span> <\/p>\n<div style=\"text-align: center;\"><span style=\"font-size: 14pt; color: rgb(0, 0, 0);\"><strong>Jungsteinzeit (5.000<\/strong><\/span><strong><span style=\"font-size: 18px;\"><span><span style=\"color: rgb(0, 0, 0);\">\u2013<\/span><\/span><\/span><\/strong><span style=\"font-size: 14pt; color: rgb(0, 0, 0);\"><strong>1800 v. Chr.)<\/strong><\/span><\/div>\n<div style=\"text-align: justify;\"><span style=\"color: rgb(0, 0, 0);\"><br \/> <\/span><\/div>\n<\/p><\/div>\n<div style=\"text-align: justify;\">\n<div><span style=\"font-size: 14px;\"><span style=\"color: rgb(0, 0, 0);\"><br \/> <\/span><\/span><\/div>\n<div><span style=\"font-size: 14px;\"><span style=\"color: rgb(0, 0, 0);\"> Unter Jungsteinzeit (Neolithikum) wird jene Periode verstanden, in der Waffen\/Ger\u00e4tschaften aus Stein, Holz oder Knochen hergestellt wurden.<br \/> Neben der n\u00e4heren und weiteren Umgebung sind Fundstellen unter anderem auch aus der KG Mannersdorf \u2013 mehrere Keramikst\u00fccke in einem Steilhang zur Melk, n\u00f6rdlich von Anzenberg (eine ca. 6.000 Jahre alte Anlage!) durch einen Dachs \u201eergraben\u201c worden; in der Flur \u201ein der Grub\u201c wurden zwei Flachbeile aus Serpentin und 1951 wurde ein Lochbeil beim \u201eWeingarthof\u201c gefunden; sowie Erdverf\u00e4rbungen entdeckt. <br \/> In der KG Matzleinsdorf fand man am M\u00fcllnerkogel jungsteinzeitliche Tonscherben, sowie s\u00fcdlich vom \u201eHochbauer\u201c (KG Zelking) Tonscherben, ein Steinbeil.<br \/> Bei der Ruine Zelking sind Bruchst\u00fccke von Linearbandkeramik und in Einsiedl ein Tonwirtel bekannt. <br \/> Die an der ehemaligen Anlage in Diemling\/Vornholz befindlichen Pfostenl\u00f6cher stammen aus einer Palisadenwand. <\/p>\n<p> <\/span><\/span><span style=\"color: rgb(0, 0, 0);\"><br \/> <\/span><\/div>\n<div style=\"text-align: center;\"><strong><span style=\"font-size: 14pt; color: rgb(0, 0, 0);\">Bronzezeit (Fr\u00fche\/mittlere Bronzezeit 1800<\/span><\/strong><strong><span style=\"font-size: 18px;\"><span><span style=\"color: rgb(0, 0, 0);\">\u2013<\/span><\/span><\/span><\/strong><strong><span style=\"font-size: 14pt; color: rgb(0, 0, 0);\">1250 v. Chr.)<\/span><\/strong><\/div>\n<\/p><\/div>\n<div><span style=\"color: rgb(0, 0, 0);\"><br \/> <\/span><\/div>\n<div style=\"text-align: justify;\">\n<div><span style=\"font-size: 14px;\"><span style=\"color: rgb(0, 0, 0);\"><br \/> In dieser Periode beginnt der Mensch Kupfer (zuerst in reiner, sp\u00e4ter in legierter Form) f\u00fcr Schmuck, Waffen und Ger\u00e4ten zu verwenden. <br \/> Hier gab es Fundstellen am M\u00fcllnerkogel; in der KG Mannersdorf wurden (1988 in Anzenberg) Befestigung und Tonscherben, sowie 1987 in der KG Zelking s\u00fcdlich vom \u201eHochbauer\u201c Erdwerk und Tonscherben entdeckt.<\/span><\/span><span style=\"color: rgb(0, 0, 0);\"><\/p>\n<p> <\/span><\/div>\n<div style=\"text-align: center;\"><strong><span style=\"font-size: 14pt; color: rgb(0, 0, 0);\">Urnenfelderkultur (sp\u00e4te Bronzezeit, 1250<\/span><\/strong><strong><span style=\"font-size: 18px;\"><span><span style=\"color: rgb(0, 0, 0);\">\u2013<\/span><\/span><\/span><\/strong><strong><span style=\"font-size: 14pt; color: rgb(0, 0, 0);\">750 v. Chr.)<\/span><\/strong><\/div>\n<\/p><\/div>\n<div><span style=\"color: rgb(0, 0, 0);\"><br \/> <\/span><\/div>\n<div style=\"text-align: justify;\">\n<div><span style=\"font-size: 14px;\"><span style=\"color: rgb(0, 0, 0);\"><br \/> Die Sitte der Leichenverbrennung setzte sich nun an der Wende zur sp\u00e4ten Bronzezeit durch. <br \/> Um 1940 wurden in der KG Mannersdorf (am Ostufer der Melk) ein T\u00fcllenhammer und ein T\u00fcllenbeil und 1987\/88 aus der Befestigung am Anzenberg Tonscherben gefunden.<br \/> Die \u201eGro\u00dfe H\u00f6he\u201c und Anzenberg geh\u00f6rten einstmals zu diesem Siedlungsgebiet in dieser Zeit.<\/span><\/span><span style=\"color: rgb(0, 0, 0);\"><\/p>\n<p> <\/span><\/div>\n<div style=\"text-align: center;\"><strong><span style=\"font-size: 14pt; color: rgb(0, 0, 0);\">Hallstattkultur (\u00c4ltere Eisenzeit, 750<\/span><\/strong><strong><span style=\"font-size: 18px;\"><span><span style=\"color: rgb(0, 0, 0);\">\u2013<\/span><\/span><\/span><\/strong><strong><span style=\"font-size: 14pt; color: rgb(0, 0, 0);\">400 v. Chr.)<\/span><\/strong><\/div>\n<\/p><\/div>\n<div><span style=\"color: rgb(0, 0, 0);\"><br \/> <\/span><\/div>\n<div style=\"text-align: justify;\">\n<div><span style=\"font-size: 14px;\"><span style=\"color: rgb(0, 0, 0);\"><br \/> Der ber\u00fchmte Salzabbauort Hallstatt gab dieser Kultur seinen Namen. Eisen wurde im Renn- oder Luppenfeuer gewonnen bzw. stellte man an den Webst\u00fchlen Textilien her und in der T\u00f6pferei wurden neue Verzierungsformen in Graphit- und Rot-Schwarz-Malerei \u201ekreiert\u201c und mit Salz reger Handel betrieben.<br \/> Ende 19. Jh. wurden in der KG Matzleinsdorf ein Tonwirtel und Tonscherben gefunden. 1952 fand man in einer Schottergrube zwischen s\u00fcdl. Ortsausgang und ehem. Ziegelofen (M\u00f6sel) Glutgef\u00e4\u00dfbruchst\u00fccke mit drei Noppen.<\/p>\n<p> <\/span><\/span><span style=\"color: rgb(0, 0, 0);\"><br \/> <\/span><\/div>\n<div style=\"text-align: center;\"><strong><span style=\"font-size: 14pt; color: rgb(0, 0, 0);\">Latenekultur (J\u00fcngere Eisenzeit, 400<\/span><\/strong><strong><span style=\"font-size: 18px;\"><span><span style=\"color: rgb(0, 0, 0);\">\u2013<\/span><\/span><\/span><\/strong><strong><span style=\"font-size: 14pt; color: rgb(0, 0, 0);\">15 v. Chr.)<\/span><\/strong><\/div>\n<\/p><\/div>\n<div><span style=\"color: rgb(0, 0, 0);\"><br \/> <\/span><\/div>\n<div style=\"text-align: justify;\">\n<div><span style=\"font-size: 14px;\"><span style=\"color: rgb(0, 0, 0);\"><br \/> Die j\u00fcngere Eisenzeit ist nach den ber\u00fchmten Fundort La Tene am Neuenburger See benannt worden. In dieser Periode wurde das sogenannte \u201eNorische Eisen\u201c (Ferrum Noricum) in gro\u00dfem Stil produziert. <br \/> Fundstellen aus dieser Zeit gibt es nur im weiten Umfeld rund um und in Melk, sowie in der KG Mannersdorf befindlich; auch wurde 1987 bei der Befestigungsanlage am Anzenberg eine Tonscherbe gefunden.<\/p>\n<p> <\/span><\/span><span style=\"color: rgb(0, 0, 0);\"><br \/> <\/span><\/div>\n<div style=\"text-align: center;\"><strong><span style=\"font-size: 14pt; color: rgb(0, 0, 0);\">Die R\u00f6mer an der Donau (1.<\/span><\/strong><strong><span style=\"font-size: 18px;\"><span><span style=\"color: rgb(0, 0, 0);\">\u2013<\/span><\/span><\/span><\/strong><strong><span style=\"font-size: 14pt; color: rgb(0, 0, 0);\">4. Jh. nach Chr.)<\/span><\/strong><\/div>\n<\/p><\/div>\n<div><span style=\"color: rgb(0, 0, 0);\"><br \/> <\/span><\/div>\n<div style=\"text-align: justify;\">\n<div><span style=\"font-size: 14px;\"><span style=\"color: rgb(0, 0, 0);\"><br \/> Der Verwaltungsbezirk Melk befand sich zur damaligen Zeit in der (r\u00f6mischen) Provinz Noricum. Zahlreiche M\u00fcnzen, Gl\u00e4ser, Skulpturen usw. legen Zeugnis ab von r\u00f6mischer Kultur in unserer Heimat. <br \/> Ein sehr sch\u00f6ner Fund (Kniefibel aus Bronze 1986 gefunden) stammt aus der KG Matzleinsdorf (im Bereich \u201eGro\u00dfe H\u00f6he\u201c) und um 1900 wurden nebst Silberm\u00fcnzen, eine Fibel und Tonscherben gefunden. In der KG Zelking wurde 1954 ein Firststein eines Grabbaues aus wei\u00dfem Marmor (um 100 nach Christus) gefunden.<br \/> <\/span><\/span><span style=\"color: rgb(0, 0, 0);\"><\/p>\n<p> <\/span><\/div>\n<div style=\"text-align: center;\"><strong><span style=\"font-size: 14pt; color: rgb(0, 0, 0);\">Fr\u00fchmittelalter (5.<\/span><\/strong><strong><span style=\"font-size: 18px;\"><span><span style=\"color: rgb(0, 0, 0);\">\u2013<\/span><\/span><\/span><\/strong><strong><span style=\"font-size: 14pt; color: rgb(0, 0, 0);\">10. Jh. n. Chr.)<\/span><\/strong><\/div>\n<div><span style=\"color: rgb(0, 0, 0);\"><br \/> <\/span><\/div>\n<\/p><\/div>\n<div style=\"text-align: justify;\">\n<div><span style=\"font-size: 14px;\"><span style=\"color: rgb(0, 0, 0);\"><br \/> Am 8. J\u00e4nner 482 starb&#160; der hl. Severin und prophezeite noch vorher den Abzug der gesammten Romanen nach Italien! <br \/> Aus dieser Fr\u00fchmittelalterzeit stammt ein awarischer, aus Bronze gegossener G\u00fcrtelbeschlag mit einer Greifdarstellung (2. H\u00e4lfte 8. Jh.), welcher im Vorgarten des ehem. Bauernhauses Nr. 7 (in der KG Zelking befindlich) 1958 gefunden wurde. Es d\u00fcrfte bis dato der einzige Fund dieser Art im Verwaltungsbezirk Melk sein! <br \/> Es gab auch Besiedelungen in Anzenberg, beim \u201eHochbauer\u201c und am M\u00fcllnerkogel in dieser Zeit.<\/p>\n<p> <\/span><\/span><span style=\"color: rgb(0, 0, 0);\"><br \/> <\/span><\/div>\n<div style=\"text-align: center;\"><strong><span style=\"font-size: 18px;\"><span style=\"color: rgb(0, 0, 0);\">Hoch-und Sp\u00e4tmittelalter (11. Jh.<\/span><span><span style=\"color: rgb(0, 0, 0);\">\u2013<\/span><\/span><span style=\"color: rgb(0, 0, 0);\">1500)<\/span><\/span><\/strong><\/div>\n<\/p><\/div>\n<div><span style=\"color: rgb(0, 0, 0);\"><br \/> <\/span><\/div>\n<div style=\"text-align: justify;\">\n<div><span style=\"font-size: 14px;\"><span style=\"color: rgb(0, 0, 0);\"><br \/> Im Bezirk Melk sind etwa 95 Fundpunkte aus dieser Epoche bekannt. <br \/> In der KG Maierh\u00f6fen-Bergern wurden 1948 1271 M\u00fcnzen (!), welche um 1424 vergraben wurden gefunden, sowie diverse Tonscherben am M\u00fcllnerkogel\/\u201eGro\u00dfe H\u00f6he\u201c und beim \u201eHochbauer\u201c. <br \/> Besiedelt war unter anderem in dieser Zeit der \u201eT\u00fcrkenkogel\u201c (in der Arb) und die gr\u00f6\u00dfere Anlage Wildenstein.<\/p>\n<p> <\/span><\/span><span style=\"color: rgb(0, 0, 0);\"><br \/> <\/span><\/div>\n<div style=\"text-align: center;\"><strong><span style=\"font-size: 14pt; color: rgb(0, 0, 0);\">Neuzeit (ab 15. Jh.)<\/span><\/strong><\/div>\n<\/p><\/div>\n<div><span style=\"color: rgb(0, 0, 0);\"><br \/> <\/span><\/div>\n<div style=\"text-align: justify;\">\n<div><span style=\"font-size: 14px;\"><span style=\"color: rgb(0, 0, 0);\"><br \/> Aus dieser Zeitepoche sind im Verwaltungsbezirk Melk etwa 65 Fundpunkte bekannt geworden. Beim Bau einer Jauchengrube (in der KG Matzleinsdorf) wurde ein Tongef\u00e4\u00df mit 782 M\u00fcnzen, nach 1522 vergraben, entdeckt.<\/p>\n<p> <\/span><\/span><span style=\"color: rgb(0, 0, 0);\"><br \/> <\/span><\/div>\n<div style=\"text-align: center;\"><strong><span style=\"font-size: 16px;\"><span style=\"color: rgb(0, 0, 0);\">Zur Person Gustav Melzer<\/span><\/span><\/strong><\/div>\n<\/p><\/div>\n<div>&#160;<\/div>\n<div style=\"text-align: justify;\">\n<div style=\"text-align: center;\"><img decoding=\"async\" alt=\"\" src=\"http:\/\/www.zelking.grafikweb.eu\/images\/stories\/gemeinde\/melzer.jpg\" style=\"width: 268px; height: 438px;\" \/><br \/> <span style=\"color: rgb(0, 0, 0);\"><span style=\"font-size: 14px;\"> <\/span><\/span><\/div>\n<p> <span style=\"color: rgb(0, 0, 0);\"> <\/p>\n<div style=\"text-align: center;\"><span style=\"font-size: 14px;\">Herr Melzer in Zelking 1998<br \/> <\/span><\/div>\n<p> <\/span> <\/p>\n<div style=\"text-align: center;\"><span style=\"color: rgb(0, 0, 0);\"><span style=\"font-size: 14px;\">(auf dem \u201eHalmer-Kogl\u201c befindlich)<\/span><\/span><\/div>\n<div><span style=\"color: rgb(0, 0, 0);\"><span style=\"font-size: 14px;\"> <br \/> <\/span><\/span><\/div>\n<div><span style=\"font-size: 14px;\"><span style=\"color: rgb(0, 0, 0);\">Der am 7. Juli 2008 in P\u00f6chlarn verstorbene, im 77. Lebensjahr gestandene Arch\u00e4ologe war \u00fcber 32 Jahre als Grabungstechniker f\u00fcr das Bundesdenkmalamt in Wien t\u00e4tig. Er war ein profunder Kenner von Bodenfunden (besonders bei Kirchengrabungen) in unserer Heimat. Zahlreiche Tonscherben aus der Ruine Zelking <\/span><\/span><span style=\"font-size: 14px;\"><span style=\"color: rgb(0, 0, 0);\"><span style=\"color: rgb(0, 0, 0);\">(von ihm) <\/span><\/span><\/span><span style=\"font-size: 14px;\"><span style=\"color: rgb(0, 0, 0);\">stammend, k\u00f6nnten einem Heimatmuseum zur Verf\u00fcgung gestellt werden, sofern man seitens der Gemeindeleitung gewillt ist, R\u00e4umlichkeiten zur Verf\u00fcgung zu stellen! <br \/> <\/span><\/span><\/div>\n<div style=\"text-align: justify;\"><span style=\"font-size: 14px;\"><strong><span style=\"color: rgb(0, 0, 0);\"><br \/> <\/span><\/strong><\/span><\/div>\n<p> <\/p>\n<div style=\"text-align: center;\"><span style=\"font-size: 14px;\"><strong><span style=\"color: rgb(0, 0, 0);\"> Auch w\u00fcrden viele andere Exponate von diversen Personen einem Heimatmuseum zVg werden!<\/p>\n<p> <\/span><\/strong><\/span><img decoding=\"async\" style=\"width: 204px; height: 305px;\" src=\"http:\/\/www.zelking.grafikweb.eu\/images\/stories\/melzergrab.jpg\" alt=\"\" \/><span style=\"font-size: 14px;\"><strong><span style=\"color: rgb(0, 0, 0);\"><br \/> <\/span><\/strong><\/span><span style=\"color: rgb(0, 0, 0);\"><span style=\"font-size: 14px;\">Grab der Familien Enengl und Melzer (in P\u00f6chlarn)<\/span><\/span><span style=\"font-size: 14px;\"><strong><span style=\"color: rgb(0, 0, 0);\"><br \/> <\/span><\/strong><\/span><\/div>\n<div> &#160;<\/div>\n<div style=\"text-align: center;\"><span style=\"color: rgb(0, 0, 0);\"><span style=\"font-size: 16px;\"><strong>Fundobjekt unbekannter Verwendungsart<\/strong><\/span><\/span><\/div>\n<div><span style=\"color: rgb(0, 0, 0);\"><span style=\"font-size: 14px;\"><\/p>\n<p> Herr Adolf Rafetseder aus Matzleinsdorf fand vor Mitte Juni 2009 bei einem Spaziergang in unmittelbarer N\u00e4he der Ruine Zelking dieses Eisenst\u00fcck, welches (derzeit noch) keiner bestimmten Verwendung zugeordnet werden kann.<\/p>\n<p> <\/span><\/span><\/div>\n<div style=\"text-align: center;\"><span style=\"color: rgb(0, 0, 0);\"><img decoding=\"async\" style=\"width: 200px; height: 133px;\" src=\"http:\/\/www.zelking.grafikweb.eu\/images\/stories\/gemeinde\/x.jpg\" alt=\"\" \/><br \/> <span style=\"font-size: 14px;\">Im Schaft d\u00fcrfte sich einstmals eine h\u00f6lzerne Halterung befunden haben<br \/> <\/span><\/span><\/div>\n<div><span style=\"color: rgb(0, 0, 0);\"><span style=\"font-size: 14px;\"><\/p>\n<p> Laut neuerster Begutachtung k\u00f6nnte es sich um ein (doppelspitziges) Pfeilgescho\u00df von einer Armbrust handeln. Ob solche Pfeile ev. f\u00fcr die Jagd oder kriegerische Zwecke eingesetzt wurden, steht dzt. noch aus.<\/span><\/span><\/div>\n<div><span style=\"color: rgb(0, 0, 0);\"><br \/> <\/span><\/div>\n<\/p><\/div>\n","protected":false},"excerpt":{"rendered":"<p>Bodendenkm\u00e4ler aus dem Bezirk Melk Arch\u00e4ologische Beschreibungen aus dem Buch: DER BEZIRK MELK, Band I entnommen, sowie weitere Beschreibungen von neueren Bodenfunden aus dem Bezirk Melk vom ehemaligen Arch\u00e4ologen Herrn Gustav Melzer\/P\u00f6chlarn. Jungsteinzeit (5.000\u20131800 v. Chr.) Unter Jungsteinzeit (Neolithikum) wird jene Periode verstanden, in der Waffen\/Ger\u00e4tschaften aus Stein, Holz oder Knochen hergestellt wurden. Neben der [&hellip;]<\/p>\n","protected":false},"author":2,"featured_media":0,"comment_status":"open","ping_status":"open","sticky":false,"template":"","format":"standard","meta":{"footnotes":""},"categories":[44],"tags":[],"class_list":["post-72","post","type-post","status-publish","format-standard","hentry","category-flurdenkmaeler"],"_links":{"self":[{"href":"https:\/\/zelking.grafikweb.eu\/index.php?rest_route=\/wp\/v2\/posts\/72","targetHints":{"allow":["GET"]}}],"collection":[{"href":"https:\/\/zelking.grafikweb.eu\/index.php?rest_route=\/wp\/v2\/posts"}],"about":[{"href":"https:\/\/zelking.grafikweb.eu\/index.php?rest_route=\/wp\/v2\/types\/post"}],"author":[{"embeddable":true,"href":"https:\/\/zelking.grafikweb.eu\/index.php?rest_route=\/wp\/v2\/users\/2"}],"replies":[{"embeddable":true,"href":"https:\/\/zelking.grafikweb.eu\/index.php?rest_route=%2Fwp%2Fv2%2Fcomments&post=72"}],"version-history":[{"count":0,"href":"https:\/\/zelking.grafikweb.eu\/index.php?rest_route=\/wp\/v2\/posts\/72\/revisions"}],"wp:attachment":[{"href":"https:\/\/zelking.grafikweb.eu\/index.php?rest_route=%2Fwp%2Fv2%2Fmedia&parent=72"}],"wp:term":[{"taxonomy":"category","embeddable":true,"href":"https:\/\/zelking.grafikweb.eu\/index.php?rest_route=%2Fwp%2Fv2%2Fcategories&post=72"},{"taxonomy":"post_tag","embeddable":true,"href":"https:\/\/zelking.grafikweb.eu\/index.php?rest_route=%2Fwp%2Fv2%2Ftags&post=72"}],"curies":[{"name":"wp","href":"https:\/\/api.w.org\/{rel}","templated":true}]}}