{"id":75,"date":"2009-02-06T14:57:50","date_gmt":"2009-02-06T14:57:50","guid":{"rendered":"https:\/\/zelking.com\/2009\/02\/06\/flurdaenkmaeler-in-der-gemeinde\/"},"modified":"2009-02-06T14:57:50","modified_gmt":"2009-02-06T14:57:50","slug":"flurdaenkmaeler-in-der-gemeinde","status":"publish","type":"post","link":"https:\/\/zelking.grafikweb.eu\/?p=75","title":{"rendered":"Sachw\u00f6rter und Literaturangaben (Flurdenkm\u00e4ler)"},"content":{"rendered":"<div>\n<div> <span style=\"color: rgb(0, 0, 0);\"><span style=\"font-size: 14px;\"><br \/> <\/span><\/span><\/div>\n<div style=\"text-align: justify;\">&#160;<\/div>\n<p> <span style=\"color: rgb(0, 0, 0);\"> <\/p>\n<div style=\"text-align: center;\"><strong><span style=\"font-size: 14px;\">SACHW\u00d6RTER<\/span><\/strong><\/div>\n<p> <\/span> <\/p>\n<div style=\"text-align: justify;\"><span style=\"color: rgb(0, 0, 0);\"><span style=\"font-size: 14px;\"> <strong><\/p>\n<p> (*)<\/strong> \u2013 geboren<br \/> <strong>(\u2020)<\/strong> \u2013 gestorben (verstorben)<br \/> <strong><br \/> a<\/strong> \u2013 (lat., frz.) 1a (Ar) = 100 m\u00b2<br \/> <strong>A 1<\/strong> \u2013 Autobahn 1 (E 5)<br \/> <strong>Abk.<\/strong> \u2013 Abk\u00fcrzung<br \/> <strong>Abschneider<\/strong> \u2013 ein Fu\u00dfweg, wo m\u00f6glichst gerade ausgegangen wird, damit man sich etliches von der Wegstrecke zu gehen erspart<br \/> <strong>allg.<\/strong> \u2013 allgemein; allgemeinen<br \/> <strong>anno dazumal<\/strong> \u2013 vor langer Zeit, einstmals<br \/> <strong>Apokryphen<\/strong> \u2013 (grch., \u201eVerborgene\u201c) im hebr\u00e4ischen A. T.  fehlende Schriften, die in den grch. und lat. \u00dcbersetzungen vorhanden  sind. Die r\u00f6m.-kath. K. wertet sie in ihrer Mehrzahl seit dem  Tridentinum als kanonisch; Luther hat sie als \u201eder Hl. Schrift nicht  gleichgehalten und doch n\u00fctzlich und gut zu lesen\u201c bezeichnet<br \/> <strong>Artillerie<\/strong> \u2013 (franz.) mit Gesch\u00fctzen ausger\u00fcstete Truppen<br \/> <strong>AT<\/strong> \u2013 Altes Testament (Teil der Bibel)<br \/> <\/span><span style=\"font-size: 14px;\"><strong>Attribut<\/strong><\/span> <span style=\"font-size: 14px;\">\u2013 Merkmal, Eigenschaft<\/span>; <span style=\"font-size: 14px;\">bestimmter Gegenstand als Kennzeichen einer Person<\/span><br \/> <span style=\"font-size: 14px;\"><strong>Autor<\/strong> \u2013 (lat.) Verfasser<br \/> <\/span><br \/> <span style=\"font-size: 14px;\"><strong> B 1<\/strong> (B 215) \u2013 Bundesstra\u00dfe 1 (Bundesstra\u00dfe 215)<br \/> <strong>\u201ebei der Selnhoferin\u201c<\/strong> \u2013 Flurname<br \/> <strong>belg<\/strong>. \u2013 belgische<br \/> <strong>Bez.<\/strong> \u2013 Bezeichnung<br \/> <strong>Bgm.<\/strong> \u2013 B\u00fcrgermeister<br \/> <strong>BHW<\/strong> \u2013 Bildungs- und Heimatwerk<br \/> <strong>Bibel<\/strong> \u2013 (griech.) \u201eBuch der B\u00fccher\u201c<br \/> <strong>Bildbaum<\/strong> \u2013 Baumart (Laub-, aber auch Nadelbaum) an den  Bildern mit chr. Motiven angebracht&#160; wurden (so entstand u. a. die  zweitgr\u00f6\u00dfte Wallfahrtsst\u00e4tte in \u00d6sterreich, Maria Taferl)<br \/> <strong>Bildbuche<\/strong> \u2013 Buche&#160; mit einem Heiligenbild darauf angebracht<br \/> <strong>Bildstock<\/strong> \u2013 Bets\u00e4ule, ein an Wegen usf., aufgestelltes relig. Zeichen<br \/> <strong>Bittag(e) <\/strong><\/span><span style=\"font-size: 14px;\">\u2013 <\/span><span style=\"font-size: 14px;\">Obwohl die Einf\u00fchrung der Bittage&#160; (Rogationes) am Montag, Dienstag und Mittwoch vor Christi Himmelfahrt Bischof Mamertus von Vienne zugeschrieben wird (um 470), sind sie \u00e4lteren Ursprungs: Ihr Termin in der Zeit der heidnischen Ambarvalia (das waren altr\u00f6mische Mai-Riten zur Ents\u00fchnung der Felder) d\u00fcrfte kein Zweifel sein! \u2013 Den&#160; sogenannten \u201eGro\u00dfen Bittag\u201c am 25. April kennt der erneuerte Kalender nicht mehr (entnommen aus: HEILIGE und Namenspatrone im Jahreslauf, Patloch Verlag, 2001, Seite XX)<strong><br \/> Bronze<\/strong> \u2013 Legierung Kupfer (ca. 85%) mit Zinn (ca. 15%)<br \/> <strong>Brunnerfeld<\/strong> \u2013 Flurname<br \/> <strong>bzw<\/strong>. \u2013 beziehungsweise<\/p>\n<p> <strong>ca<\/strong>. \u2013 circa (etwa, ungef\u00e4hr)<br \/> <strong>chem.<\/strong> \u2013 chemisches<br \/> <strong>chr.<\/strong> \u2013 christlich, -e, -en, -er, -es<br \/> <\/span><span style=\"font-size: 14px;\"><strong>Christi Himmelfahrt<\/strong> <\/span><span style=\"font-size: 14px;\">\u2013 <\/span><span style=\"font-size: 14px;\">Am Donnerstag zwischen dem 6. und 7. Sonntag der Osterzeit, \u201eam 40. Tag nach Ostern wird Christi Himmelfahrt gefeiert\u201c. Erst im 4. Jahrhundert hatten einzelne christliche Kirchen damit begonnen, gem\u00e4\u00df der Chronologie des Evangelisten Lukas Christi Himmelfahrt als besonderes Fest zu feiern<strong><br \/> Chronologie <\/strong><\/span><span style=\"font-size: 14px;\">\u2013 Lehre von der zeitrechnung; zeitlicher Ablauf<\/span><br \/> <span style=\"font-size: 14px;\"><strong>Collage<\/strong> \u2013 (frz.) aus Papierst\u00fccken oder anderem&#160; Material geklebtes Bild<\/span><br \/> <span style=\"font-size: 14px;\"><strong>Corpus<\/strong> \u2013 K\u00f6rper<br \/> <strong><br \/> D<\/strong> \u2013 Deutschland<br \/> <strong>definitiv<\/strong> \u2013 endg\u00fcltig<br \/> <strong>Detonation<\/strong> \u2013 mit Knall und Gasentwicklung verbundene Zersetzung von explosiven Stoffen mit starker Sprengwirkung<br \/> <strong>d. J.<\/strong> \u2013 dieses Jahr<br \/> <strong>Dogma<\/strong> \u2013 (griech.) Glaubenssatz, kirchl. Lehrsatz mit dem Anspruch unbedingter G\u00fcltigkeit; starre Lehrmeinung<br \/> <strong>dogmatisch<\/strong> \u2013 auf Dogmatimus beruhend<br \/> <strong>Dr<\/strong>. \u2013 Doktor; Titel auf Grund einer akademischen Pr\u00fcfung<br \/> <strong>d. s. J.<\/strong> \u2013 dasselbe Jahr; (desselben Jahres; des selbigen Jahres)<br \/> <strong><br \/> Eiben<\/strong> \u2013 Nadelb\u00e4ume (lat. Taxus)<br \/> <strong>Eisen<\/strong> \u2013 chem. Zeichen Fe<br \/> <strong>Element<\/strong> \u2013 Urstoff, Grundstoff<br \/> <strong>epidem<\/strong>. \u2013 (epidemisch, \u2013e) in einer Art Epidemie (grch.) ansteckende Massenerkrankung; Seuche<br \/> <strong>Erzengel<\/strong> \u2013 (grch.) im Sp\u00e4tjudentum und in der Bibel  Bezeichnung f\u00fcr einzelne h\u00f6chste Engel, nach sp\u00e4terer Systematisierung&#160;  die zweitniedrigste Klasse der himmlischen Geister; die j\u00fcdische  \u00dcberlieferung nennt 3 bis 7, die christl. 4: Michael, Gabriel, Raphael  und Uriel<br \/> <strong>ev.<\/strong> \u2013 eventuell(en)<br \/> <strong>evang.<\/strong> \u2013 evangelisch(e)<br \/> <strong>Evangelien <\/strong><\/span><span style=\"font-size: 14px;\">\u2013 (Einzahl Evangelium; Mehrzahl Evangelien) die Botschaft Christi; jede der vier Schriften im NT \u00fcber das Leben und den Tod Jesu sowie ihre Gesamtheit; Lesung aus den Evangelien im Gottesdienst ; etwas, woran man blindlings glaubt, Wort oder Werk, das einem heilig ist<\/span><br \/> <span style=\"font-size: 14px;\"><strong>Evangelist <\/strong><\/span><span style=\"font-size: 14px;\">\u2013 <\/span><span style=\"font-size: 14px;\">Verfasser eines der vier Evangelien;<\/span> <span style=\"font-size: 14px;\">Wanderprediger<\/span><br \/> <span style=\"font-size: 14px;\"><strong><br \/> Fegefeuer<\/strong>  \u2013 Das  Fegefeuer (lat.: purgatorium), auch Reinigungsort genannt, ist  nach der  r\u00f6misch-katholischen Lehre ein Prozess der L\u00e4uterung, in dem  die Seele  eines Verstorbenen auf den Himmel vorbereitet wird (Internet)  <\/span><br \/> <span style=\"font-size: 14px;\"><strong>FF<\/strong> \u2013 Freiwillige Feuerwehr<br \/> <strong>Flurname<\/strong> \u2013 althergebrachte Bezeichnung f\u00fcr ein bestimmtes St\u00fcck Flurbereich wie z. B. Acker, (Feld) Wiese, Wald<br \/> <strong>Forstadjunkt<\/strong> \u2013 (Adjunkt veraltet f\u00fcr Gehilfe), Gehilfe eines F\u00f6rsters; \u00f6sterreichischer Beamtentitel<br \/> <strong>Fr.<\/strong> \u2013 Frau<br \/> <\/span><span style=\"font-size: 14px;\"><strong>Fronarbeit<\/strong> \u2013 Arbeit eines unfreien Bauern bei Grundh\u00f6rigkeit<\/span><br \/> <span style=\"font-size: 14px;\"><strong>frz.<\/strong> \u2013 franz\u00f6sisch , -e<br \/> <strong>Fundus<\/strong> \u2013 Bestand<br \/> <strong><br \/> geb.<\/strong> \u2013 geboren<br \/> <strong>gefasst(e)<\/strong> \u2013 polychromiert(e); (in Farbe oder Goldauflagen gehaltene Statuen)<br \/> <strong>geistl.<\/strong> \u2013 geistlich (-e, -er, -es)<br \/> <strong>Gesims<\/strong> \u2013 waagrecht vorspringender Bauteil an Mauern oder Pfeilern<br \/> <strong>gest.<\/strong> \u2013 gestorben<br \/> <\/span><span style=\"font-size: 14px;\"><strong>Glorienschein<\/strong> \u2013 (in der bildenden Kunst) Heiligenschein (lat. Aureole)<\/span><br \/> <span style=\"font-size: 14px;\"><strong>Glossa<\/strong>r \u2013 W\u00f6rterverzeichnis<br \/> <strong>GR<\/strong> \u2013 Geistlicher Rat<br \/> <strong>Granate<\/strong> \u2013 Sprenggescho\u00df<br \/> <strong>grch.<\/strong> \u2013 griechisch (-e, -er, \u2013es, -en)<\/p>\n<p> <strong>HA<\/strong> \u2013 Hochaltar<br \/> <strong>Hart<\/strong> \u2013 Flurname <br \/> <strong>Henochbuc<\/strong>h \u2013 Das \u00c4thiopische Henochbuch geh\u00f6rt zu den  sogenannten Apokryphen: Das sind in den Jahrhunderten um die Zeitenwende  entstandene j\u00fcdische und christliche Texte, die einen dogmatischen  Anspruch erhoben, von der Kirche jedoch nicht als kanonisch anerkannt  und deshalb von der gottesdienstlichen Lesung ausgeschlossen wurden. Die  Apokryphen gerieten aus diesem Grunde mit der Zeit in Vergessenheit  oder gingen sogar ganz verloren, und sie wurden erst in relativ junger  Vergangenheit wieder entdeckt. Das \u00c4thiopische Henochbuch etwa (es gibt  auch ein Slawisches und ein Hebr\u00e4isches) fand man erst Ende des 18.  Jahrhunderts wieder. Diese Schrift geno\u00df im Christentum der ersten  Jahrhunderte ein beachtliches Ansehen und wird sogar im Neuen Testament  erw\u00e4hnt. So hei\u00dft es im Sendschreiben des Judas (14f.):\u201cGegen solche  (L\u00e4sterer) hat auch schon Henoch, der siebente von Adam, geweissaget mit  den Worten: Siehe! Der Herr kommt mit vielen Tausenden seiner Heiligen,  Gericht zu halten \u00fcber alle und zu bestrafen alle Gottlosen unter ihnen  wegen aller ihrer ver\u00fcbten Ruchlosigkeiten und wegen aller L\u00e4sterungen,  die sie gegen ihn ausgesto\u00dfen, die gottlosen S\u00fcnder<br \/> heroisch (grch. und lat.) \u2013 heldenm\u00fctig, heldisch<br \/> <\/span><span style=\"font-size: 14px;\"><strong>Hiesberg<\/strong> \u2013 Ein  aus  Granit bestehender, (bis) 558 m hoher Bergr\u00fccken, der die Grenze  zwischen der  Marktgemeine St. Leonhard am Forst, Gemeinde  Zelking-Matzleinsdorf  bildet und im Gemeindegebiet von Melk (Land)  endet <\/span><br \/> <span style=\"font-size: 14px;\"><strong>Hl.<\/strong> \u2013 Heilige (-er)<br \/> <strong>hl.<\/strong> \u2013 heilig (-e, -er)<br \/> <strong>Hlgst. <\/strong><\/span><span style=\"font-size: 14px;\">\u2013 Heiligste<\/span><br \/> <span style=\"font-size: 14px;\"><strong>Hll.<\/strong> \u2013 Heiligen (mehrere Heilige)<br \/> <strong>Hochstra\u00df<\/strong> \u2013 Flurname<br \/> <strong>Holzwiese<\/strong> \u2013 Flurname<br \/> <strong>Hr. <\/strong>\u2013 Herr<br \/> <strong>Hrn.<\/strong> \u2013 Herrn<br \/> <strong>Hube<\/strong> \u2013 Bauernlehen, h\u00e4ufigste b\u00e4uerliche Besitzeinheit (25 bis 30 Joch)<br \/> <strong>Hw.<\/strong> \u2013 Hochw\u00fcrden (Hochw\u00fcrdiger), alte Anrede f\u00fcr kath. Priester u. bestimmte Grade der ev. Geistlichkeit<br \/> <strong><br \/> Inf.<\/strong> \u2013 Infanterie (die f\u00fcr den Kampf zu Fu\u00df ausgebildeten Soldaten, Fu\u00dftruppe<br \/> <\/span><span style=\"font-size: 14px;\"><strong>Initiative<\/strong> \u2013 (frz.) Entschlusskraft, Unternehmungsgeist<br \/> <strong>Initiator<\/strong> <\/span><span style=\"font-size: 14px;\">\u2013<\/span><span style=\"font-size: 14px;\"> (lat.) Urheber, Anstifter<\/span><br \/> <span style=\"font-size: 14px;\"><strong>INRI<\/strong> \u2013 Iesus Nazarenus Rex Iudaeorum (Jesus von Nazareth, K\u00f6nig der Juden)<br \/> <strong>ital.<\/strong> \u2013 italienisch<br \/> <strong><br \/> Joch<\/strong> \u2013 57,55 a<br \/> <strong><br \/> K<\/strong>. \u2013 Kirche<br \/> <strong>Kanon<\/strong> \u2013 (griech.) Die als echt anerkannten Schriften einer Kirche, besonders die B\u00fccher der Bibel, im unterschied zu den Apokryphen<br \/> <strong>kanonisch<\/strong> \u2013 dem Kanon entsprechend, auf ihn beruhend<br \/> <strong>Kartusche<\/strong> \u2013 (franz.) im Artilleriegescho\u00df: Metallh\u00fclse, in der sich die Pulverladung befindet<br \/> <strong>kath.<\/strong> \u2013 katholisch (-e, -en, -er)<br \/> <strong>KG <\/strong>\u2013 Katastralgemeinde<br \/> <strong>kirchl.<\/strong> \u2013 kirchlicher<br \/> <strong>Kommassierung<\/strong> \u2013 Zusammenlegung (von Grundst\u00fccken)<br \/> <strong>Konvoi<\/strong> \u2013 mehrere u. a. milit\u00e4rischer Fahrzeuge<br \/> <strong>Konzil<\/strong> \u2013 (das; lat.) kirchl. Versammlung , die \u00fcber Fragen der Lehre u. des Lebens ber\u00e4t<br \/> <strong>KR <\/strong>\u2013 Konsistorialrat (lat.); Titel f\u00fcr einen kath. Priester<br \/> <strong>Krone<\/strong> \u2013 ehem. \u00f6sterr. W\u00e4hrung von 1900 bis 1924 (1 Krone = 100 Heller)<br \/> <strong>Kruzifix<\/strong> (das; lat. cruzifixus, \u201eder Gekreuzigte\u201c) \u2013 in der christlichen Kunst die gemalte oder plastische Darstellung Jesus am Kreuz<br \/> <strong>Kruzifixus<\/strong> \u2013 der gekreuzigte Christus<br \/> <strong>Kupfer<\/strong> \u2013 Zeichen: Cu, chem. Element<br \/> <strong>KZ<\/strong> \u2013 Konzentrationslager von 1933 bis 1945: Arbeits- und Vernichtungslager f\u00fcr Juden und dem Nationalismus missliebige Personen<br \/> <strong><br \/> l.<\/strong> \u2013 links<br \/> <strong>lat<\/strong>. \u2013 lateinisch<br \/> <strong>lt.<\/strong> \u2013 laut<br \/> <strong>Legende<\/strong> \u2013 Heiligenerz\u00e4hlung<br \/> <strong>letal<\/strong> \u2013 t\u00f6dlich<br \/> <strong>Lisenen<\/strong> \u2013 flach erhabener, senkrechter Mauerstreifen<br \/> <\/span><span style=\"font-size: 14px;\"><strong>Lisenengliederung<\/strong> \u2013 flach erhabene, senkrechte Mauerstreifen an Mauern<\/span><br \/> <span style=\"font-size: 14px;\"><strong>Lstr.<\/strong> \u2013 Landesstra\u00dfe<br \/> <strong>Luther, Martin, Reformator<\/strong> \u2013 * 10. November 1483  Eisleben, \u2020 18. Februar 1546 Eisleben. Durch den in \u201emarktschreierischer  Weise\u201c, vorgenommenen Ablasshandel von Johann(es) Tetzel (Dominikaner)  f\u00fcr den Neubau der Peterskirche in Rom, wurde die Spaltung in eine  r\u00f6m.-kath. und evangelische Kirchengemeinschaft verursacht<br \/> <strong><br \/> Madonna<\/strong> \u2013 die Jungfrau Maria, die Gottesmutter<br \/> <strong>Mag.<\/strong> \u2013 Magister (lat.), Lehrmeister, Lehrer<br \/> <strong>Mai-Andacht<\/strong> \u2013 Der Monat Mai ist ganz besonders der Gottesmutter gewidmet<br \/> <strong>Markgraf<\/strong> \u2013 (fr\u00fcher) Verwalter einer Grenzmark<br \/> <strong>Marterl<\/strong> \u2013 Gedenkzeichen (Kreuz oder Tafel mit Bild) als  Erinnerung an einem Ungl\u00fccksfall; Steinpfeiler mit Nische oder  Holztafel mit Dach und Kruzifix oder Heiligenbild<br \/> <strong>M\u00e4ander<\/strong> \u2013&#160; Flu\u00dfwindungen<br \/> <strong>Metropole<\/strong> \u2013 (griech.) Landeshauptstadt<br \/> <strong>Mill.<\/strong> \u2013 Million -en; Bezeichnung f\u00fcr eine Wertgr\u00f6\u00dfe<br \/> <strong>Monarchie<\/strong> \u2013 (grch., \u201eAlleinherrschaft\u201c) Staatsform mit einem Monarchen (Kaiser, K\u00f6nig, &#8230;) an der Spitze (eines Landes, Staates)<br \/> <strong>Monument<\/strong> \u2013 Denkmal<br \/> <strong>M\u00f6sel<\/strong> \u2013 Orstteil von Matzleinsdorf<br \/> <strong><br \/> Nihilismus<\/strong> \u2013 (lat., \u201enichts\u201c) Au\u00dferhalb der Theologie  aufgekommende&#160; Bez. f\u00fcr den durch die Entwertung aller relig.  Glaubensinhalte, Autorit\u00e4ten, sittlichen Gebote entstehenden Zustand  einer \u00dcberzeugungslosigkeit<br \/> <strong>Nimbus <\/strong><\/span><span style=\"font-size: 14px;\">\u2013 Ruhmesglanz<\/span><br \/> <span style=\"font-size: 14px;\"><strong>N\u00d6N<\/strong> \u2013 Nieder\u00f6sterreichische Nachrichten (Ausgabe Melk)<br \/> <strong>Nothelfer<\/strong> \u2013 eine Gruppe von 14 kath. Heiligen, die man in besonderen N\u00f6ten um Hilfe ruft<br \/> <strong>Nr.<\/strong> \u2013 (Haus)Nummer<br \/> <strong>NS-(Zeit)<\/strong> \u2013 Nationalsozialismus; Weltanschauung die  entscheidend durch Adolf Hitler begr\u00fcndeten u. organisierten Bewegung  (Nationalsozialistische Deutsche Arbeiterpartei, Abk.: NSDAP), die von  1919 bis 1932 in steigendem Ma\u00df einen Einflu\u00df gewann (schuld war die  Politik der 30er Jahre; durch sehr hohe Arbeitslosigkeit; nur dadurch  konnte diese Bewegung entstehen!), von 1933\u20131945 die Politik  Deutschlands bestimmte u. 1945 durch den Zusammenbruch des Deutschen  Reichs ihr Ende fand<br \/> <strong>NT <\/strong><\/span><span style=\"font-size: 14px;\">\u2013 Neue Testament<br \/> <\/span><br \/> <span style=\"font-size: 14px;\"><strong> OG<\/strong> \u2013 Ortsgemeinde<br \/> <strong>Ornat <\/strong><\/span><span style=\"font-size: 14px;\">\u2013 feierliche Amtstracht<\/span><br \/> <span style=\"font-size: 14px;\"><strong>O. S. B. (OSB)<\/strong> \u2013 Ordo Sancti Benedicti (Orden der Benediktiner)<br \/> <strong>OSM<\/strong> \u2013 Obersch\u00fctzenmeister<br \/> <strong>OSR<\/strong> <\/span><span style=\"font-size: 14px;\">\u2013<\/span><span style=\"font-size: 14px;\"> Oberschulrat<br \/> <strong>\u00d6KB<\/strong> \u2013 \u00d6sterreichischer Kameradschaftsbund<br \/> <strong>\u00f6S<\/strong> \u2013 \u00f6sterreichischer Schilling<br \/> <strong>\u00f6sterr.<\/strong> \u2013 \u00f6sterreichische<br \/> <\/span><span style=\"font-size: 14px;\"><strong><br \/> P <\/strong><\/span><span style=\"font-size: 14px;\">\u2013<\/span> <span style=\"font-size: 14px;\">Pater<\/span><br \/> <span style=\"font-size: 14px;\"><strong> Pater<\/strong> \u2013 Anrede f\u00fcr Ordenspriester<br \/> <strong>Pest<\/strong> \u2013 (lat.), Pestilenz, durch Pestbakterien hervorgerufene epidem. Krankheit<br \/> <strong>Pf.<\/strong> \u2013 Pfarrer<br \/> <strong>Pfk. <\/strong><\/span><span style=\"font-size: 14px;\">\u2013 Pfarrkirche<\/span><br \/> <span style=\"font-size: 14px;\"><strong>polychromiert<\/strong> \u2013 (Polychromie, grch.), Mehr oder Vielfarbigkeit (aber auch vergoldete Statuen werden als polychromiert bezeichnet)<br \/> <strong>Pour <\/strong><\/span><strong><span style=\"font-size: 14px;\">le M\u00e9rite<\/span><\/strong><span style=\"font-size: 14px;\"><strong> <\/strong>\u2013 Der   Orden Pour le M\u00e9rite (dt. \u201eF\u00fcr das Verdienst\u201c) wurde von Friedrich dem   Gro\u00dfen (1712\u20131786) gestiftet und war neben dem Orden vom Schwarzen  Adler  die bedeutendste Auszeichnung, die in Preu\u00dfen vergeben werden  konnte.  Der Orden geht auf den 1667 gestifteten Orden de la G\u00e9n\u00e9rosit\u00e9  zur\u00fcck.  Den Pour le m\u00e9rite gab es in der milit\u00e4rischen Klasse bis 1918.<\/span><br \/> <span style=\"font-size: 14px;\"><strong>Protoevangelium<\/strong> \u2013 urspr\u00fcngliches Evangelium<br \/> <strong>Psalm<\/strong> \u2013 (griech.) geistl. Lied aus dem&#160; AT<br \/> <\/span><span style=\"font-size: 14px;\"><strong>Pultdach<\/strong> \u2013 Dach mit schr\u00e4ger (und einseitiger) Fl\u00e4che<br \/> <\/span><br \/> <span style=\"font-size: 14px;\"> <strong>qm<\/strong> \u2013&#160; Quadratmeter<\/p>\n<p> <strong>r.<\/strong> \u2013 rechts<br \/> <strong>Rain<\/strong> \u2013 Grenze zwischen Feldern<br \/> <strong>Reichsrat<\/strong> \u2013 das \u00f6sterr. Parlament 1867\u20131918 (1. Kammer: Herrenhaus, 2. Kammer: Abgeordnetenhaus)<br \/> <strong>\u201eReichsstra\u00dfe\u201c<\/strong> \u2013 Bezeichnung f\u00fcr Hauptstra\u00dfen in der Monarchie<br \/> <strong>rel.<\/strong> \u2013&#160; religi\u00f6s<br \/> <strong>relig.<\/strong> \u2013 religi\u00f6se,-en, -er, -es<br \/> <strong>Relikt<\/strong> \u2013 \u00dcberrest; \u00dcberbleibsel (aus der Vergangenheit)<br \/> <strong>Reservoir<\/strong> \u2013 Wasserbeh\u00e4lter<br \/> <strong>restaurieren<\/strong> \u2013 ausbessern<br \/> <strong>Revolution<\/strong> \u2013 (lat.), im allg. Bez. f\u00fcr die gewaltsame Ver\u00e4nderung des Bestehenden usf. \u00d6sterreichs<br \/> <strong>Rgnt<\/strong>. \u2013 Regiment<br \/> <strong>Robinie (Gemeine R.)<\/strong> \u2013 diese wird bei uns f\u00e4lschlich \u201eAkazie\u201c genannt (benannt nach dem frz. Botaniker J. Robin<br \/> <strong>Robot<\/strong> \u2013 Fronarbeit, unentgeltliche Leistung der Untertanen f\u00fcr den Grundherrn<br \/> <strong>r\u00f6m<\/strong>. \u2013 r\u00f6misch (-e, -er, -en)<br \/> <strong>russ.<\/strong> \u2013 russisch<\/p>\n<p> <strong>Schacherl<\/strong> \u2013 kleines, von Fluren umgebenes Waldst\u00fcck<br \/> <strong>Schilling<\/strong> \u2013 \u00f6sterr. W\u00e4hrungsbezeichnug von 1924 bis 1938 und ab 1945 bis zur Einf\u00fchrung des Euro (Anfang 2002)<br \/> <strong>Segnung<\/strong> \u2013 niedere Weihe<br \/> <strong>SG<\/strong> \u2013 Sch\u00fctzengilde<br \/> <strong>Sgraffito<\/strong> \u2013 (ital., \u201eKratzmalerei\u201c) Technik der  Wandmalerei, bei der Linien und Fl\u00e4chen in verschiedenfarbige,  \u00fcbereinandergelegte Putzschichten eingeschnitten oder geritzt werden<br \/> <\/span><span style=\"font-size: 14px;\"><strong>Signatur<\/strong> \u2013 Zeichen, meist Buchstabe(n) oder Zahl(en)<\/span><br \/> <span style=\"font-size: 14px;\"><strong>SR<\/strong> \u2013 Schulrat; ein Beamter der Schulaufsichtsbeh\u00f6rde<br \/> <strong>St.<\/strong> \u2013 Sankt (heilig)<br \/> <strong>Staffel<\/strong> \u2013 Stufe; Sprosse<br \/> <\/span><span style=\"font-size: 14px;\"><strong>Steinmetz<\/strong> \u2013 Handwerker der Steine bearbeitet<br \/> <strong>stiften<\/strong> (<strong>stiftete<\/strong>) \u2013 schenken, spenden (schenkte, spendete)<br \/> <strong>Synonym <\/strong>\u2013 Wort von \u00e4hnlicher oder gleicher Bedeutung, sinnverwandtes Wort<br \/> <\/span><br \/> <span style=\"font-size: 14px;\"><strong> Theol.<\/strong> \u2013 Theologe<br \/> <strong>Theologie<\/strong> \u2013 Religionswissenschaft<br \/> <strong>Thuja<\/strong> \u2013 (griech.) Lebensbaum, (\u00f6sterr. Thuje)<br \/> <strong>Tiefenhorizontal<\/strong> \u2013<br \/> <strong>Tridentinum<\/strong> \u2013 das Tridentinische Konzil, Trienter  Konzil setzte in 3 Sitzungsperioden (1545\u20131547 in Trient u. 1547 in  Bologna, 1551\/52 u. 1562\/63 in Trient) gegen\u00fcber den Reformatoren die  Lehre der r\u00f6m.-kath. K. \u00fcber Hl. Schrift u. \u00dcberlieferung, Erbs\u00fcnde,  Rechtfertigung und Gnade, Eucharistie; u. a. Sakramente, Heiligenverehrung  und F\u00fcrbitten f\u00fcr Verstorbene fest<br \/> <strong>Trinit\u00e4t<\/strong> \u2013 die heilige (heiligste) Dreieinigkeit\/Dreifaltigkeit<br \/> <\/span><span style=\"font-size: 14px;\"><strong>Trassierung<\/strong> \u2013 Vermessung einer Eisenbahnstrecke; den Verlauf (der Bahnstrecke) festlegen<br \/> <\/span><span style=\"font-size: 14px;\"><strong>T\u00fcmpel<\/strong> \u2013 kleinere, mit Wasser gef\u00fcllte tiefere Stelle<br \/> <\/span><br \/> <span style=\"font-size: 14px;\"><strong> u.<\/strong> \u2013 und<br \/> <strong>u. a<\/strong>. \u2013 unter anderem<br \/> <strong>usf.<\/strong> \u2013 und so fort<br \/> <strong>usw<\/strong>. \u2013 und so weiter<br \/> <strong>u. U.<\/strong> \u2013 unter Umst\u00e4nden<br \/> <strong><br \/> v.<\/strong> \u2013 von<br \/> <strong>Veteran<\/strong> \u2013 (lat.) Soldat, der schon auf einem fr\u00fcheren Feldzug teilgenommen hat<br \/> <strong>vulgo<\/strong> \u2013 gew\u00f6hnlich benannt<br \/> <strong><br \/> Wallfahrt<\/strong> \u2013 Das Wort \u201eWallfahrt\u201c ist eigentlich eine  begriffliche Verdoppelung, kommt doch der Wortteil \u201eWall\u201c vom  mittelhochdeutschen \u201ewallen\u201c, das vorerst einmal nur \u201ereisen\u201c bedeutet  hat, aber sehr fr\u00fch im Sinne von \u201epilgern\u201c verstanden wurde Der  \u201ewallaere\u201c war der Pilger, die \u201ewallevart\u201c die Pilgerfahrt<br \/> <strong>Walz <\/strong>\u2013 Wanderjahre z\u00fcnftiger (z. B. die eine Lehre als  Zimmermann absolvierten) Gesellen.&#160; Ausgelernte Handwerker, die eine  Gesellenpr\u00fcfung hatten, gingen einige Zeit auf Wanderschaft (Walz), wo  sie bei verschiedenen Meistern gearbeitet hatten, um so andere  Arbeitsmethoden kennen zu lernen, bzw. um auch mehr Praxis in ihren  jeweiligen Berufen zu erreichen<br \/> <strong>Waterloo<\/strong> \u2013 belgische Stadt<br \/> <strong>Weingarten<\/strong> \u2013 Flurname<br \/> <strong><br \/> z. B.<\/strong> \u2013 zum Beispiel<br \/> <strong>Zehent<\/strong> \u2013 Naturalabgabe (10% einer Ernte von z. B. Getreide)<br \/> <strong>Ziborium<\/strong> \u2013 das; -s, &#8230;en (grch.) In der r\u00f6m. kath. K. Aufbewahrungsgef\u00e4\u00df f\u00fcr Hostien<br \/> <strong>Zigeuner<\/strong> \u2013 Eigenname Roma, auch Manusch, ein unter allen Kulturv\u00f6lkern (au\u00dfer Ostasien) verbreitetes Volk<br \/> <strong>Zille<\/strong> \u2013 Frachtkahn<br \/> <strong>Zinn<\/strong> \u2013 Zeichen: Sn, chem. Element<br \/> <\/span><\/span><span style=\"color: rgb(0, 0, 0);\"><span style=\"font-size: 14px;\"><strong>Zunft <\/strong><\/span><\/span><span style=\"color: rgb(0, 0, 0);\"><span style=\"font-size: 14px;\">\u2013<\/span><\/span><span style=\"color: rgb(0, 0, 0);\"><span style=\"font-size: 14px;\"> berufliche Vereinigung der Handwerker<\/span><\/span><br \/> <span style=\"color: rgb(0, 0, 0);\"><span style=\"font-size: 14px;\"><strong>z\u00fcnftig<\/strong><\/span><\/span> <span style=\"color: rgb(0, 0, 0);\"><span style=\"font-size: 14px;\">\u2013<\/span><\/span> <span style=\"color: rgb(0, 0, 0);\"><span style=\"font-size: 14px;\">fachm\u00e4nnisch(er), fachgerecht(er)<\/span><\/span><br \/> <span style=\"color: rgb(0, 0, 0);\"><span style=\"font-size: 14px;\"> <\/p>\n<p> <strong>Literatur:<\/strong><br \/> Das moderne Lexikon \u2013 Wien 1972; Die neue deutsche Rechtschreibung,  Bertelsmann Lexikon Verlag 1996; Paola Giovetti, Engel \u2013 Die  unsichtbaren Helfer der Menschen, 2002; Heilige und Namenspatrone im  Jahreslauf, Vera Schauber und Hanns Michael Schindler, Pattloch Verlag,  2001; Gr\u00e4fin Sch\u00f6nfeldt, Menschenkinder Gotteskinder, Verlag St.  Gabriel, 1994<\/span><span style=\"font-size: 14px;\">; Internet bzw. diverse Brosch\u00fcren, Zeitungen<\/p>\n<p> <\/span><\/span><span style=\"font-size: 14px;\"><\/p>\n<p> <br type=\"_moz\" \/> <\/span><\/div>\n<\/p><\/div>\n","protected":false},"excerpt":{"rendered":"<p>&#160; SACHW\u00d6RTER (*) \u2013 geboren (\u2020) \u2013 gestorben (verstorben) a \u2013 (lat., frz.) 1a (Ar) = 100 m\u00b2 A 1 \u2013 Autobahn 1 (E 5) Abk. \u2013 Abk\u00fcrzung Abschneider \u2013 ein Fu\u00dfweg, wo m\u00f6glichst gerade ausgegangen wird, damit man sich etliches von der Wegstrecke zu gehen erspart allg. \u2013 allgemein; allgemeinen anno dazumal \u2013 vor [&hellip;]<\/p>\n","protected":false},"author":2,"featured_media":0,"comment_status":"open","ping_status":"open","sticky":false,"template":"","format":"standard","meta":{"footnotes":""},"categories":[40],"tags":[],"class_list":["post-75","post","type-post","status-publish","format-standard","hentry","category-burgstaelle-und-wallanlagen"],"_links":{"self":[{"href":"https:\/\/zelking.grafikweb.eu\/index.php?rest_route=\/wp\/v2\/posts\/75","targetHints":{"allow":["GET"]}}],"collection":[{"href":"https:\/\/zelking.grafikweb.eu\/index.php?rest_route=\/wp\/v2\/posts"}],"about":[{"href":"https:\/\/zelking.grafikweb.eu\/index.php?rest_route=\/wp\/v2\/types\/post"}],"author":[{"embeddable":true,"href":"https:\/\/zelking.grafikweb.eu\/index.php?rest_route=\/wp\/v2\/users\/2"}],"replies":[{"embeddable":true,"href":"https:\/\/zelking.grafikweb.eu\/index.php?rest_route=%2Fwp%2Fv2%2Fcomments&post=75"}],"version-history":[{"count":0,"href":"https:\/\/zelking.grafikweb.eu\/index.php?rest_route=\/wp\/v2\/posts\/75\/revisions"}],"wp:attachment":[{"href":"https:\/\/zelking.grafikweb.eu\/index.php?rest_route=%2Fwp%2Fv2%2Fmedia&parent=75"}],"wp:term":[{"taxonomy":"category","embeddable":true,"href":"https:\/\/zelking.grafikweb.eu\/index.php?rest_route=%2Fwp%2Fv2%2Fcategories&post=75"},{"taxonomy":"post_tag","embeddable":true,"href":"https:\/\/zelking.grafikweb.eu\/index.php?rest_route=%2Fwp%2Fv2%2Ftags&post=75"}],"curies":[{"name":"wp","href":"https:\/\/api.w.org\/{rel}","templated":true}]}}