{"id":76,"date":"2009-02-09T17:36:11","date_gmt":"2009-02-09T17:36:11","guid":{"rendered":"https:\/\/zelking.com\/2009\/02\/09\/mannersdorf-und-umgebung\/"},"modified":"2009-02-09T17:36:11","modified_gmt":"2009-02-09T17:36:11","slug":"mannersdorf-und-umgebung","status":"publish","type":"post","link":"https:\/\/zelking.grafikweb.eu\/?p=76","title":{"rendered":"Mannersdorf und Umgebung"},"content":{"rendered":"<div><span style=\"font-size: 14px;\"><br \/> <br type=\"_moz\" \/> <\/span><\/div>\n<div style=\"text-align: center;\"><span style=\"font-size: 22px;\"><span style=\"color: rgb(0, 0, 0);\"><strong> <\/strong><\/span><\/span><span style=\"font-size: 20px;\"><span style=\"color: rgb(0, 0, 0);\"><strong>KG Mannersdorf<\/strong><\/span><\/span><span style=\"color: rgb(0, 0, 0);\"><br \/> <\/span><\/div>\n<p> <span style=\"font-size: 14px;\"> <\/p>\n<div style=\"text-align: center;\"><span style=\"color: rgb(0, 0, 0);\"><strong>KG-Nr. 14140 <\/strong><\/span><\/div>\n<p> <\/span> <\/p>\n<div style=\"text-align: center;\"><span style=\"font-size: 14px;\"><span style=\"color: rgb(0, 0, 0);\"><strong>6,15<span style=\"color: rgb(0, 0, 0);\"> k<\/span>m\u00b2 <\/strong><\/span><\/span><\/div>\n<div style=\"text-align: center;\">\n<div style=\"text-align: justify;\"><span style=\"color: rgb(0, 0, 0);\"><br \/> <\/span><\/div>\n<div style=\"text-align: justify;\"><span style=\"color: rgb(0, 0, 0);\"> <br \/> <\/span><\/div>\n<p> <span style=\"color: rgb(0, 0, 0);\"> <\/span> <\/p>\n<div style=\"text-align: center;\"><span style=\"font-size: 18px;\"><span style=\"color: rgb(0, 0, 0);\"><strong>Ort<\/strong><\/span><\/span><\/div>\n<div style=\"text-align: justify;\">&#160;<\/div>\n<div style=\"text-align: justify;\"><span style=\"color: rgb(0, 0, 0);\"><span style=\"font-size: 14px;\"><br \/> Um 1584 hatte die Kartause Aggsbach unter anderem in Mannersdorf 4 und in Maierh\u00f6fen 5 Holden (Geschichtliche Beilagen, Band XV, 1997, Seite<span style=\"font-family: Arial;\"> <\/span>21).<\/span><\/span><span style=\"font-size: 14px;\"><br \/> <span style=\"color: rgb(0, 0, 0);\">(Holden = Untertanen)<\/span><br \/> <\/span><\/div>\n<p> <span style=\"font-size: 18pt; color: rgb(0, 0, 0);\"><span style=\"font-size: 12pt;\"><span lang=\"DE\">  <\/span><\/span><\/span><span style=\"font-size: 14px;\"><span style=\"color: rgb(0, 0, 0);\"><span lang=\"DE\"> <\/span><\/span> <\/span> <\/p>\n<div style=\"text-align: left;\"><span style=\"font-size: 14px;\"><br \/> <\/span><\/div>\n<div style=\"text-align: justify;\"><span style=\"font-size: 14px;\"> <span style=\"color: rgb(0, 0, 0);\"><span lang=\"DE\"> <\/span><\/span><\/span><span style=\"color: rgb(0, 0, 0);\"><span lang=\"DE\"> <\/span><\/span><\/div>\n<p> <span style=\"color: rgb(0, 0, 0);\"><span lang=\"DE\"> <\/p>\n<div style=\"text-align: justify;\"><span style=\"font-size: 14px;\">Ein D\u00f6rfchen von 17 H\u00e4usern, wovon Melk als die n\u00e4chste Poststation bezeichnet wird.<\/span><\/div>\n<div style=\"text-align: justify;\"><span style=\"font-size: 14px;\">Der Ort  ist zur Pfarre und Schule nach Zelking angewiesen. Das Landgericht, die  Orts- und Konskriptionsobrigkeit ist die Herrschaft Zelking  (Teilentnahme aus: Darstellung des Erzherzogthums Oesterreich unter der  Ens, Band XI, Wien 1838, Seite 146).<\/span><\/div>\n<div style=\"text-align: justify;\"><span style=\"font-size: 14px;\">Freundliches  D\u00f6rfchen in einer fruchtbaren Talweite n\u00e4chst der landschaftlich sehr  bemerkenswerten T\u00fcmling (Teilentnahme: Das Melk= und Manktal [Brosch\u00fcre  um 1935], Seite 8).<\/span><\/div>\n<div style=\"text-align: justify;\"><span style=\"font-size: 14px;\">Bei  Aushubarbeiten am Grundst\u00fcck an einer Hanglage der Familie St\u00f6hr in  Mannersdorf Nr.&#160;10 wurden Anfang Juni 1993 massive Brocken aus stark  gebranntem Lehm sowie einige gr\u00f6\u00dfere Keramikfragmente gefunden. Die  Verfasserin dieses Fundberichtes schrieb: Es handelt sich um einen  Lochtennenofen (rund 2,12 x 2,16&#160;m), der aus zwei langrechteckigen  Heizr\u00e4umen (usw.) bestand. Der Art nach k\u00f6nnte er in der Tradition der  sp\u00e4tkeltischen Ofenanlagen stehen. Anhand der Keramikfragmente konnte  eine Datierung um 200 nach Christus postuliert werden (Teilentnahme aus dem  Fundbericht von Frau Alexandra Krenn-Leeb, 1994).<br \/> <\/span><\/div>\n<div style=\"text-align: justify;\"><span style=\"font-size: 14px;\"><\/p>\n<p> <\/span><\/div>\n<p> <\/span><\/span> <\/p>\n<div style=\"text-align: justify;\"><span style=\"color: rgb(0, 0, 0);\"><span lang=\"DE\">  <\/span><\/span><\/div>\n<\/p><\/div>\n<div style=\"text-align: center;\"><span style=\"color: rgb(0, 0, 0);\"><img decoding=\"async\" alt=\"\" src=\"http:\/\/www.zelking.grafikweb.eu\/images\/stories\/gemeinde\/m1.jpg\" style=\"width: 210px; height: 256px;\" \/><br \/> <span style=\"font-size: 14px;\">Ein sch\u00f6nes Motiv in Mannersdorf<br \/> <\/span><\/span><\/div>\n<div><span style=\"color: rgb(0, 0, 0);\"> <br \/> <\/span><\/div>\n<p> <span style=\"color: rgb(0, 0, 0);\"> <span style=\"font-size: 14px;\"> <\/span><\/span><span style=\"color: rgb(0, 0, 0);\"> <\/p>\n<div style=\"text-align: justify;\"><span style=\"color: rgb(0, 0, 0);\"><span style=\"font-size: 14px;\"><br \/> (*) Ein D\u00f6rfchen von 17 H\u00e4usern, wovon Melk als die n\u00e4chste Postatation bezeichnet wird.<\/span>&#160;<\/span><\/div>\n<p> <\/span><span style=\"color: rgb(0, 0, 0);\">      <\/span><span style=\"color: rgb(0, 0, 0);\"> <\/p>\n<div style=\"text-align: justify;\"><span style=\"color: rgb(0, 0, 0);\"><span style=\"font-size: 14px;\">Der Ort ist zur Pfarre und Schule nach Zelking angewiesen. Das Landgericht, die Orts-und Conscriptionsobrigkeit ist die Herrschaft Zelking. Grunddominien sind Sch\u00f6nb\u00fchel und Weinzierl. Der Werbkreis geh\u00f6rt zum Linien-Infanterie-Regiment Nr. 49.<\/span>&#160;<\/span><\/div>\n<p> <\/span><span style=\"color: rgb(0, 0, 0);\">      <\/span><span style=\"color: rgb(0, 0, 0);\"> <\/p>\n<div style=\"text-align: justify;\"><span style=\"color: rgb(0, 0, 0);\"><span style=\"font-size: 14px;\">Die Seelenzahl besteht in 20 Familien, 43 m\u00e4nnlichen, 47 weiblichen Personen und 15 schulf\u00e4hige Kinder, diese besitzen 7 Pferde, 14 Ochsen, 26 K\u00fche, 18 Schafe und 51 Schweine.<\/span>&#160;<\/span><\/div>\n<p> <\/span><span style=\"color: rgb(0, 0, 0);\">      <\/span><span style=\"color: rgb(0, 0, 0);\"> <\/p>\n<div style=\"text-align: justify;\"><span style=\"color: rgb(0, 0, 0);\"><span style=\"font-size: 14px;\">Als Landbauern haben die hiesigen Einwohner eine ziemlich gute Grundbestiftung. Sie bauen die gew\u00f6hnlichen K\u00f6rnergattungen von Weizen, Korn, Gerste und Hafer; haben eine gute Viehzucht mit Anwendung der Stallfutterung und erhalten Obst, von ihren Hausg\u00e4rten, wovon Most gereitet wird.<\/span> <br \/> <\/span><\/div>\n<p> <\/span><span style=\"color: rgb(0, 0, 0);\"> <\/p>\n<div style=\"text-align: justify;\"><span style=\"font-size: 14px;\">Mannersdorf ist ein zusammengebautes Dorf, im Thale an der Melk, zun\u00e4chst Zelking gelegen. Das Thal ist fast beinahe ringsherum von waldigen H\u00f6hen umgeben, und wird vom Melkflusse durchschnitten, deren mit sch\u00f6nen Auen besetzte Ufer die Anmuth des Ganzen verherrlichen. Die H\u00e4user sind gew\u00f6hnliche Bauernh\u00e4user, mit Stroh gedeckt, in deren Mitte eine kleine gemauerte Capelle mit h\u00f6lzernen Th\u00fcrmchen steht.<\/span><\/div>\n<p> <\/span> <\/p>\n<div style=\"text-align: justify;\"><span style=\"color: rgb(0, 0, 0);\"><span style=\"font-size: 14px;\">Von Mannersdorf aus f\u00fchrt in n\u00f6rdlicher Richtung l\u00e4ngst dem linken Ufer der Melk die Stra\u00dfe hin, an einer H\u00fchle mit Breters\u00e4ge vor\u00fcber nach Zelking, wovon man die Ruineen schon von Ferne am Abhange der waldigen Bergreihe erblickt. Uebrigens ist die Gegend hier, mit gesunder Luft und gutem Wasser bereichert, wahrhaftig romantisch, und versch\u00f6nert sich immer mehr, wenn man die zwischen dem Bergabhange und der Melk eingeengte Stra\u00dfe verl\u00e4\u00dft, und das Thal betritt, in welchen der Ort Zelking liegt (* Entnommen aus: Darstellung des Erzherzogthums Oesterreich unter der Ens. Elfter Band, Viertel Ober=Wienerwald, Seite 146\/47).<\/p>\n<p> <\/span><br \/> <\/span><\/div>\n<p> <span style=\"color: rgb(0, 0, 0);\">    <\/span> <\/p>\n<div style=\"text-align: justify;\"><span style=\"color: rgb(0, 0, 0);\"> <\/span><\/div>\n<div style=\"text-align: justify;\">\n<div><span style=\"color: rgb(0, 0, 0);\">       <\/span><span style=\"color: rgb(0, 0, 0);\"> <\/span><\/div>\n<p> <span style=\"color: rgb(0, 0, 0);\"> <\/p>\n<div><span style=\"color: rgb(0, 0, 0);\"> <\/span><\/div>\n<p> <\/span> <\/p>\n<div><span style=\"color: rgb(0, 0, 0);\">  <\/span><span style=\"color: rgb(0, 0, 0);\">  <\/span><span style=\"color: rgb(0, 0, 0);\"> <\/span><\/div>\n<p> <span style=\"color: rgb(0, 0, 0);\"> <\/p>\n<div style=\"text-align: center;\"><span style=\"font-size: 18px;\"><strong>Gefangenenlager in Mannersdorf<\/strong><\/span><span style=\"font-size: 14pt;\"><strong><br \/> <\/strong><\/span><\/div>\n<p> <\/span> <\/p>\n<div>&#160;<\/div>\n<div><span style=\"color: rgb(0, 0, 0);\"> <br \/> <\/span><\/div>\n<p> <span style=\"color: rgb(0, 0, 0);\"> <\/p>\n<div style=\"text-align: center;\"><img decoding=\"async\" src=\"http:\/\/www.zelking.grafikweb.eu\/images\/stories\/gemeinde\/m3.jpg\" alt=\"\" \/><br \/> <span style=\"font-size: 14px;\">Kriegsgefangene zur Essensausgabe angetreten<br \/> (Aufnahme leider unscharf)<br \/> <\/span><\/div>\n<div>&#160;<\/div>\n<p> <\/span> <\/p>\n<div style=\"text-align: justify;\"><span style=\"color: rgb(0, 0, 0);\"> <\/span><\/div>\n<p> <span style=\"color: rgb(0, 0, 0);\">        <\/span><span style=\"color: rgb(0, 0, 0);\">  <\/span><span style=\"color: rgb(0, 0, 0);\"> <\/p>\n<div><span style=\"font-size: 14px;\"> <br \/> Im Bereich vom FF-Feuerwehrhaus zur B 215 hin, erstreckte sich (von 1938 an?) bis Kriegsende ein Gefangenenlager.<br \/> <\/span><\/div>\n<p> <\/span> <\/p>\n<div><span style=\"color: rgb(0, 0, 0);\"> <\/span><\/div>\n<p> <span style=\"color: rgb(0, 0, 0);\"> <\/p>\n<div><span style=\"font-size: 14px;\">In diesem Lager sollten zuerst belgische Kriegsgefangene inhaftiert gewesen sein, die bei Arbeiten den Melkfluss betreffend, eingesetzt gewesen waren. <br \/> <\/span><\/div>\n<p> <\/span> <\/p>\n<div><span style=\"color: rgb(0, 0, 0);\">  <\/span><\/div>\n<div><span style=\"color: rgb(0, 0, 0);\">  <\/span><\/div>\n<div style=\"text-align: justify;\"><span style=\"color: rgb(0, 0, 0);\"><span style=\"font-size: 14px;\">Sp\u00e4ter folgten serbische Kriegsgefangene, die bei den Bauern in der Umgebung als \u201eErntehelfer\u201c eingesetzt wurden, so unter anderem auch die Herrn Mirtic Pantaleon aus Anzenberg (der danach als \u201eMilchf\u00fchrer\u201c t\u00e4tig war und auch Dorovic Milorad \u2013 ging wieder in seine angestammte Heimat zur\u00fcck), der sich schon 1941 im Lager befunden hatte. Er war zuerst bei den Bauernfamilien Gattringer, dann Eibl eingesetzt, sp\u00e4ter auch bei der Familie Wieseneder.<\/p>\n<p> <\/span><\/span><\/div>\n<div style=\"text-align: center;\"><img decoding=\"async\" alt=\"\" src=\"http:\/\/www.zelking.grafikweb.eu\/images\/stories\/gefangene.jpg\" style=\"width: 249px; height: 258px;\" \/><br \/> <span style=\"color: rgb(0, 0, 0);\"><span style=\"font-size: 14px;\">Serbische Kriegsgefangene<\/span><\/span><br \/> &#160;<\/div>\n<div><span style=\"color: rgb(0, 0, 0);\"><span style=\"font-size: 14px;\"><br \/> Es sollen sich auch j\u00fcdische Personen im Lager befunden haben, nach Aussage von Frau Mirtic <\/span><\/span><span style=\"color: rgb(0, 0, 0);\"><span style=\"font-size: 14px;\">Anna<\/span><\/span><span style=\"color: rgb(0, 0, 0);\"><span style=\"font-size: 14px;\">!<br \/> <\/span><br \/> <\/span><\/div>\n<p> <span style=\"color: rgb(0, 0, 0);\">    <\/span><span style=\"color: rgb(0, 0, 0);\">  <\/span><span style=\"color: rgb(0, 0, 0);\"> <\/p>\n<div style=\"text-align: justify;\">&#160;<\/div>\n<div style=\"text-align: center;\"><img decoding=\"async\" src=\"http:\/\/www.zelking.grafikweb.eu\/images\/stories\/gemeinde\/m2.jpg\" alt=\"\" style=\"width: 357px; height: 202px;\" \/><\/div>\n<div style=\"text-align: center;\"><span style=\"font-size: 14px;\">Der Ort mit dem im Bildvordergrund ersichtlichem Gefangenenlager<br \/> <\/span><\/div>\n<div style=\"text-align: justify;\"><span style=\"font-size: 14px;\">  <\/span><\/div>\n<p> <\/span><span style=\"color: rgb(0, 0, 0);\">  <\/span><span style=\"color: rgb(0, 0, 0);\"> <\/p>\n<div style=\"text-align: justify;\"><span style=\"font-size: 14px;\"> <\/p>\n<p> Dieses Lager war ein Nebenlager vom Lager Gneixendorf. Durch die vielen Nebenlagern in Nieder\u00f6sterreich befindet sich nirgends schriftliches Material, um Einblick in dieses St\u00fcck Geschichte nehmen zu k\u00f6nnen \u2013 au\u00dfer, es h\u00e4tte gr\u00f6\u00dfere Vorkommnisse gegeben!<\/p>\n<p> <\/span><\/div>\n<p> <\/span> <\/p>\n<div style=\"text-align: justify;\"><span style=\"color: rgb(0, 0, 0);\"> <\/span><\/div>\n<p> <span style=\"color: rgb(0, 0, 0);\">      <\/span><span style=\"color: rgb(0, 0, 0);\">  <\/span><span style=\"color: rgb(0, 0, 0);\">    <\/span><span style=\"color: rgb(0, 0, 0);\"> <\/p>\n<div style=\"text-align: justify;\"><span style=\"color: rgb(0, 0, 0);\"> <\/span><\/div>\n<p> <\/span><span style=\"color: rgb(0, 0, 0);\">  <\/span><span style=\"color: rgb(0, 0, 0);\">  <\/span><span style=\"color: rgb(0, 0, 0);\"> <\/p>\n<div style=\"text-align: center;\"><img decoding=\"async\" style=\"width: 350px; height: 225px;\" src=\"http:\/\/www.zelking.grafikweb.eu\/images\/stories\/steinbruch.jpg\" alt=\"\" \/><br \/> <span style=\"font-size: 14px;\">Steinbruch bei Mannersdorf (Aufnahme zwischen 1938\/45) <br \/> Mit Gefangenem (zweiter von rechts) und Bewachung (Soldat, dritter von links) sowie Arbeitern<\/span><\/div>\n<p> <\/span> <\/p>\n<div style=\"text-align: justify;\"><span style=\"color: rgb(0, 0, 0);\"> <\/span><\/div>\n<p> <span style=\"color: rgb(0, 0, 0);\">      <\/span><span style=\"color: rgb(0, 0, 0);\"> <\/p>\n<div style=\"text-align: justify;\"><span style=\"font-size: 14px;\"><\/p>\n<p> Herr Josef Holl sen. (\u2020 2008) entfernte nach dem Kriegsende einige aus Beton bestehende Brunnenringe vom ehemaligen Lager und f\u00fcllte alles mit Erdmaterial auf.<br \/> Erstver\u00f6ffentlichung (Teilentnahme) in: Sagenhaftes Melktal 2004, Seite 35<br \/> <\/span><\/div>\n<p> <\/span><span style=\"color: rgb(0, 0, 0);\">  <\/span>  <span style=\"color: rgb(0, 0, 0);\">        <\/span> <\/p>\n<div style=\"text-align: justify;\"><span style=\"color: rgb(0, 0, 0);\"><br \/> <\/span><\/div>\n<div><span style=\"color: rgb(0, 0, 0);\">        <\/span><span style=\"color: rgb(0, 0, 0);\"> <br \/> <\/span><\/div>\n<p> <span style=\"color: rgb(0, 0, 0);\"> <\/span><span style=\"color: rgb(0, 0, 0);\"> <\/p>\n<div style=\"text-align: center;\"><span style=\"font-size: 14px;\"><strong>Mannersdorf<\/strong><br \/> <\/span><\/div>\n<div><span style=\"font-size: 14px;\"> <br \/> <\/span><\/div>\n<div><span style=\"font-size: 14px;\"> <br \/> <\/span><\/div>\n<div><span style=\"font-size: 14px;\"> Um 1584 hatte die Kartause Aggsbach u. a. in Mannersdorf 4 und in Maierh\u00f6fen&#160; 5 Holden. GB XV. Band 1977, Seite 21<br \/> <\/span><\/div>\n<div><span style=\"font-size: 14px;\"> Freundliches D\u00f6rfchen in einer fruchtbaren Talweite n\u00e4chst der landschaftlich sehr bemerkenswerten T\u00fcmling.<br \/> <\/span><\/div>\n<div><span style=\"font-size: 14px;\"> Teilentnahme aus: Das Melk= und Manktal (Brosch\u00fcre um 1935), Seite 8<br \/> <\/span><\/div>\n<div><span style=\"font-size: 14px;\"> <br \/> <\/span><\/div>\n<div><span style=\"font-size: 14px;\"> Bei Aushubarbeiten am Grundst\u00fcck an einer Hanglage der Familie St\u00f6hr in Mannersdorf Nr. 10, wurde Anfang Juni 1993 massive Brocken aus stark gebranntem Lehm, sowie einige gr\u00f6\u00dfere Keramikfragmente gefunden. Die Verfasserin dieses Fundberichtes schrieb: Es handelt sich um einen Lochtennenofen (rund 2,12 x 2,16 m), der aus zwei langrechteckigen Heizr\u00e4umen (usw.) bestand. Der Art nach, k\u00f6nnte er in der Tradition der sp\u00e4tkeltischen Ofenanlagen stehen. Anhand der Keramikfragmente, konnte eine Datierung um 200 n. Ch. postuliert werden. Teilentnahme aus dem Fundbericht von Frau Alexandra Krenn-Leeb 1994.<br \/> <\/span><\/div>\n<div><span style=\"font-size: 14px;\"> Inhalt aus der Brosch\u00fcre: Im Zeichen des Kreuzes 2005, Seite 45<\/p>\n<p> <\/span><\/div>\n<p> <\/span><\/div>\n<div style=\"text-align: justify;\"><span style=\"color: rgb(0, 0, 0);\"><br \/> <\/span><\/div>\n<div style=\"text-align: justify;\"><span style=\"color: rgb(0, 0, 0);\"><br \/> <\/span><\/div>\n<div style=\"text-align: justify;\">\n<div style=\"text-align: center;\"><span style=\"font-size: 18px;\"><span style=\"color: rgb(0, 0, 0);\"><strong>Weingarthof<\/strong><\/span><\/span><span style=\"color: rgb(0, 0, 0);\"><br \/> <\/span><\/div>\n<\/p><\/div>\n<div style=\"text-align: justify;\"><span style=\"color: rgb(0, 0, 0);\"><br \/> <\/span><\/div>\n<div style=\"text-align: justify;\">\n<div style=\"text-align: center;\"> <img decoding=\"async\" style=\"width: 351px; height: 234px;\" src=\"http:\/\/www.zelking.grafikweb.eu\/images\/stories\/weingarthof.jpg\" alt=\"\" \/><br \/> <span style=\"color: rgb(0, 0, 0);\"><span style=\"font-size: 14px;\">Der Weingarthof (30. M\u00e4rz 2011)<\/span><\/span><\/div>\n<div style=\"text-align: justify;\"><span style=\"color: rgb(0, 0, 0);\"><br \/> <\/span><\/div>\n<p> <span style=\"color: rgb(0, 0, 0);\">          <\/span><span style=\"color: rgb(0, 0, 0);\">  <\/span><span style=\"color: rgb(0, 0, 0);\"> <\/p>\n<div style=\"text-align: justify;\"><span style=\"font-size: 14px;\"><br \/> (*) Ein einzelnes Haus, unter dieser Benennung, welches aber nach Zelking geh\u00f6rt, und zun\u00e4chst Mannersdorf gelegen ist.<br \/> <\/span><\/div>\n<p> <\/span><span style=\"color: rgb(0, 0, 0);\"> <\/p>\n<div style=\"text-align: justify;\"><span style=\"color: rgb(0, 0, 0);\"> <\/span><\/div>\n<p> <\/span><span style=\"color: rgb(0, 0, 0);\">    <\/span> <\/p>\n<div style=\"text-align: justify;\"><span style=\"color: rgb(0, 0, 0);\">  <\/span><\/div>\n<div style=\"text-align: justify;\"><span style=\"color: rgb(0, 0, 0);\">  <\/span><\/div>\n<p> <span style=\"color: rgb(0, 0, 0);\">            <\/span> <\/p>\n<div style=\"text-align: justify;\"><span style=\"color: rgb(0, 0, 0);\"> <\/span><\/div>\n<\/p><\/div>\n<div style=\"text-align: justify;\"><span style=\"color: rgb(0, 0, 0);\"><span style=\"font-size: 14px;\">(* Entnommen  aus: Darstellung des Erzherzogthums Oesterreich unter der Ens. Elfter  Band, Viertel Ober=Wienerwald. Wien 1838, Seite 151)<\/span><\/span><br \/> <span style=\"color: rgb(0, 0, 0);\"><span style=\"font-size: 14px;\">(**) Der Weingarthof (<\/span><\/span><span style=\"color: rgb(0, 0, 0);\"><span style=\"font-size: 14px;\">ein einzelner gro\u00dfer Bauernhof, gelegen in der KG Mannersdorf)<\/span> <\/span><span style=\"color: rgb(0, 0, 0);\"><span style=\"font-size: 14px;\">befindet sich nicht in unseren mittelalterlichen Urbaren, sondern im Urbar der Herrschaft Wallsee vor 1449.<br \/> Wenn sich der Weingarthof nicht in unseren mittelalterlichen Urbaren findet, so hei\u00dft das nicht unbedingt, da\u00df er damals nicht dem Stift Seitenstetten geh\u00f6rte. Urbare enthalten n\u00e4mlich nur G\u00fcter, von denen j\u00e4hrlich Abgaben entrichtet wurden. Wenn aber G\u00fcter Adeligen zu Lehen gegeben wurden, dann entrichteten diese (Adeligen) an den Eigent\u00fcmer nicht jedes Jahr Abgaben. Daher stehen solche sogenannte ritterm\u00e4\u00dfige Lehen meistens nicht in den Urbaren. Doch wurde beim Empfang eines solchen Lehens eine Urkunde, ein so genannter Lehensbrief, ausgestellt und der Empfang (von Geld und Sachg\u00fctern) in einem Lehenbuch vermerkt. Solche Lehensbriefe und Lehenb\u00fccher sind in unserem Stiftsarchiv vorhanden.Um 1400 hat Gilg Wolfstain \u201eain Hof zu Weingarten bei Wildenstain, gelegen in Zelgkhinger Pharr\u201c vom Stift zu Lehen (Lehenbuch 14A, Seite 7)1536 erhielt diesen Sigmund von Auersperg vom Stift zu Lehen (ebenda, Seite 13).<br \/> Gleichlautende Eintragungen finden sich auch in den folgenden Lehensb\u00fcchern. Es kann keinen Zweifel geben, da\u00df damit der Weingarthof zu Zelking gemeint ist.<br \/> <span style=\"color: rgb(0, 0, 0);\">(** Schreiben des Altarchivars vom Stift Seitenstetten, Pater Dr. Benedikt Wagner betreff Weingarthof)<\/span><\/p>\n<p> <\/span><\/span><\/div>\n<div style=\"text-align: center;\"> <img decoding=\"async\" style=\"width: 200px; height: 301px;\" src=\"http:\/\/www.zelking.grafikweb.eu\/images\/stories\/wild i.jpg\" alt=\"\" \/> <img decoding=\"async\" style=\"width: 200px; height: 301px;\" src=\"http:\/\/www.zelking.grafikweb.eu\/images\/stories\/wild ii.jpg\" alt=\"\" \/> <img decoding=\"async\" style=\"width: 201px; height: 301px;\" src=\"http:\/\/www.zelking.grafikweb.eu\/images\/stories\/wild iii.jpg\" alt=\"\" \/><br \/> <span style=\"color: rgb(0, 0, 0);\"><span style=\"font-size: 14px;\">Die Ansicht der Miniaturanlage Burg Wildenstein <\/span><\/span><span style=\"font-size: 14px;\"><br \/> <span style=\"color: rgb(0, 0, 0);\">(sicherlich nach einer Idee, und nicht durch eine Abbildung entstanden)<br \/> <\/span><br \/> <\/span><span style=\"color: rgb(0, 0, 0);\"><span style=\"font-size: 14px;\"> <br \/> <\/span><\/span><img decoding=\"async\" style=\"width: 200px; height: 301px;\" src=\"http:\/\/www.zelking.grafikweb.eu\/images\/stories\/wild iv.jpg\" alt=\"\" \/><span style=\"color: rgb(0, 0, 0);\"><span style=\"font-size: 14px;\"><br \/> Hofseitige Innenansicht des Modells <\/span><\/span><span style=\"color: rgb(0, 0, 0);\"><span style=\"font-size: 14px;\">mit<\/span><\/span><span style=\"color: rgb(0, 0, 0);\"><span style=\"font-size: 14px;\"> Anbau eines Raumes (<\/span><\/span><span style=\"color: rgb(0, 0, 0);\"><span style=\"font-size: 14px;\">\u201e<\/span><\/span><span style=\"color: rgb(0, 0, 0);\"><span style=\"font-size: 14px;\">K\u00fcche<\/span><\/span><span style=\"color: rgb(0, 0, 0);\"><span style=\"font-size: 14px;\">\u201c<\/span><\/span><span style=\"color: rgb(0, 0, 0);\"><span style=\"font-size: 14px;\">)<br \/> <\/span><\/span><\/div>\n<div style=\"text-align: justify;\">&#160;<\/div>\n<div style=\"text-align: justify;\"><span style=\"color: rgb(0, 0, 0);\"><span style=\"font-size: 14px;\"><br \/> Vermutlich schuf vor 1960 der damalige Besitzer des Weingarthofs, Herr Engelbert Gattringer (<\/span><\/span><span style=\"color: rgb(0, 0, 0);\"><span style=\"font-size: 14px;\">\u2020)<\/span><\/span><span style=\"color: rgb(0, 0, 0);\"><span style=\"font-size: 14px;\">, nahe des Geb\u00e4udes eine Miniaturanlage einer Burg.<br \/> <\/span><\/span><br \/> &#160;&#160;<span style=\"color: rgb(0, 0, 0);\"><span style=\"font-size: 14px;\"><br \/> <\/span><strong><span style=\"font-size: 14px;\">Reste von Mauerteilen sind noch heute noch vorhanden!<\/span><\/strong>  <\/span><\/div>\n<div style=\"text-align: justify;\"><span style=\"color: rgb(0, 0, 0);\"><br \/> <\/span><\/div>\n<div style=\"text-align: justify;\"><span style=\"color: rgb(0, 0, 0);\"><br \/> <\/span><\/div>\n<div>\n<div><span style=\"color: rgb(0, 0, 0);\"><br \/> <\/span><\/div>\n<p> <span style=\"color: rgb(0, 0, 0);\"> <\/span> <\/p>\n<div><span style=\"color: rgb(0, 0, 0);\"> <\/span> <span style=\"color: rgb(0, 0, 0);\">          <\/span><span style=\"color: rgb(0, 0, 0);\">  <\/span><span style=\"color: rgb(0, 0, 0);\">  <\/span><span style=\"color: rgb(0, 0, 0);\"> <\/p>\n<div style=\"text-align: center;\"><span style=\"font-size: 18px;\"><span style=\"color: rgb(0, 0, 0);\"><strong>Wolfersdorf<\/strong><\/span><\/span><span style=\"color: rgb(0, 0, 0);\"><br \/> <span style=\"font-size: 14px;\"><strong>(KG Mannersdorf) <\/strong><br \/> <\/span><\/span><\/div>\n<p> <\/span><span style=\"color: rgb(0, 0, 0);\">        <\/span> <\/p>\n<div style=\"text-align: justify;\"><span style=\"color: rgb(0, 0, 0);\"><\/p>\n<p> <\/span><\/div>\n<div style=\"text-align: center;\"><img decoding=\"async\" alt=\"\" src=\"http:\/\/www.zelking.grafikweb.eu\/images\/stories\/wolfersdorf.jpg\" style=\"width: 222px; height: 148px;\" \/><span style=\"color: rgb(0, 0, 0);\"><span style=\"color: rgb(0, 0, 0);\"><span style=\"font-size: 14px;\"><br \/> <\/span><\/span><\/span><span style=\"color: rgb(0, 0, 0);\"><span><span style=\"font-size: 14px;\">\u201eOrtstafel\u201c <\/span><\/span><span><span><span style=\"font-size: 14px;\"> von Wolfersdorf. Heute sind damit zwei Wirtschaftsgeb\u00e4ude gemeint <\/span><\/span><\/span><\/span><span style=\"color: rgb(0, 0, 0);\"><span style=\"font-size: 14px;\">\u2013<\/span><\/span><span style=\"color: rgb(0, 0, 0);\"><span><span><span style=\"font-size: 14px;\"> der ehem. <\/span><\/span><\/span><\/span><span style=\"color: rgb(0, 0, 0);\"><span style=\"color: rgb(0, 0, 0);\"><span style=\"font-size: 14px;\">\u201eWolfersdorferhof<\/span><\/span><\/span><span style=\"color: rgb(0, 0, 0);\"><span style=\"color: rgb(0, 0, 0);\"><span style=\"font-size: 14px;\">\u201c<\/span><\/span><\/span><span style=\"color: rgb(0, 0, 0);\"><span style=\"color: rgb(0, 0, 0);\"><span style=\"font-size: 14px;\"> und ein Anbau der Familie Teufl um (?) geschaffen<\/span><\/span><\/span><span style=\"color: rgb(0, 0, 0);\"><span style=\"color: rgb(0, 0, 0);\"><span style=\"font-size: 14px;\"> <\/span><\/span><\/span><span style=\"color: rgb(0, 0, 0);\"><br \/> <\/span><\/div>\n<div style=\"text-align: justify;\"> &#160;<\/div>\n<p> <span style=\"color: rgb(0, 0, 0);\">  <\/span><span style=\"color: rgb(0, 0, 0);\"> <\/p>\n<div style=\"text-align: justify;\"><span style=\"color: rgb(0, 0, 0);\"><span style=\"font-size: 14px;\">1303, 20. September, Ulmerfeld, geben die Br\u00fcder Ludwig von Zelking und Otto von&#160; Sch\u00f6nekk (Sch\u00f6negg) den Hof zu Wolfoltzdorf bei Zelking (Wolfertshof = Wolfersdorf bei Mannersdorf) dem Gotteshause Seitenstetten um 60 Pfund Pfennig als Lehen zur\u00fcck.<br \/> (* Geschichtliche Beilagen zum St. P\u00f6ltner Di\u00f6zesanblatt, Band 17\/2001, Seite  565, Fontes, XXXIII., Seite 134)<br \/> 1303. September 20. Ulmerfeld. Die Br\u00fcder Ludwig von Zelking und Otto von Sch\u00f6neck geben dem Stift Seitenstetten den ihm lehnbaren Hof zu Wolfersdorf um 60 Pfd. Pfennige auf. (Raab Urkundenbuch des Stiftes Seitenstetten in den Font. rer. Austr. XXXIII, pag. 134).<\/span><\/span><\/div>\n<p> <\/span><span style=\"color: rgb(0, 0, 0);\">  <\/span> <\/p>\n<div style=\"text-align: justify;\"><span style=\"color: rgb(0, 0, 0);\">    <\/span><\/div>\n<div style=\"text-align: justify;\"><span style=\"color: rgb(0, 0, 0);\">  <\/span><\/div>\n<p> <span style=\"color: rgb(0, 0, 0);\">         <\/span><span style=\"color: rgb(0, 0, 0);\"> <\/p>\n<div style=\"text-align: justify;\"><span style=\"color: rgb(0, 0, 0);\"><span style=\"font-size: 14px;\">Entnommen aus: Heraldisch genealogische Zeitschrift. Organ des heraldisch genealogischen Vereines ADLER in Wien. Dritter Jahrgang 1873 Nr. 100, Seite 146<br \/> <\/span><\/span><\/div>\n<p> <\/span><span style=\"color: rgb(0, 0, 0);\">    <\/span> <\/p>\n<div style=\"text-align: justify;\"><span style=\"color: rgb(0, 0, 0);\">    <\/span><\/div>\n<p> <span style=\"color: rgb(0, 0, 0);\">         <\/span><span style=\"color: rgb(0, 0, 0);\"> <\/p>\n<div style=\"text-align: justify;\"><span style=\"color: rgb(0, 0, 0);\"><span style=\"font-size: 14px;\"><br \/> (*) 1454, Freitag vor Matthiastag des Zw\u00f6lfboten (22. Februar), verzichten Ulrich Fleischhaker und Thomas Erndel von Zelking, Christian Rosw\u00fcrger zu Wolfersdorf (Wolfershof) und seine S\u00f6hne Erhart und Veitel zu Ainsidel (Einsiedl) f\u00fcr sich und ihre Freunde und Helfer auf alle Feindseligkeiten gegen den Abt Christian von Seitenstetten, den gewesenen Hofrichter Georg Snekenrewter und den Amtmann Paul Prennberger in Zelking wegen der schweren Kerkerstrafe, die infolge des Ungehorsams und \u201egen\u00f6tigter Handlung\u201c \u00fcber sie verh\u00e4ngt und nun teilweise nachgelassen worden war. Strafe 300 Pfd. Pfen. Siegler: Christian Hewmader und Gabriel Potlung, Hofgerichtsverweser in Seitenstetten (Siegel Gabriel v. Potlung. Im Kleeblatt Schild mit Reiher).<\/span>    <\/span><\/div>\n<p> <\/span><span style=\"color: rgb(0, 0, 0);\">       <\/span> <\/p>\n<div style=\"text-align: justify;\"><span style=\"color: rgb(0, 0, 0);\"><span style=\"font-size: 14px;\">Originalpergament mit zwei Siegeln; Stiftsarchiv Seitenstetten<br \/> (* Geschichtliche Beilagen zum St. P\u00f6ltner Di\u00f6zesanblatt, Band 17\/2001, Seite 575)<\/span><br \/> <\/span><\/div>\n<div><span style=\"color: rgb(0, 0, 0);\"><br \/> <\/span><\/div>\n<div><span style=\"color: rgb(0, 0, 0);\"><br \/> <\/span><\/div>\n<div style=\"text-align: center;\"><span style=\"color: rgb(0, 0, 0);\"><span style=\"font-size: 14pt;\"><span style=\"font-size: 18px;\"><strong>Wolfersdorferhof<\/strong><\/span><\/span><br \/> <\/span><\/div>\n<div style=\"text-align: justify;\"><span style=\"color: rgb(0, 0, 0);\">     <br \/> <\/span><\/div>\n<div style=\"text-align: center;\"><span style=\"color: rgb(0, 0, 0);\"> <\/span><br \/> <img decoding=\"async\" alt=\"\" src=\"http:\/\/www.zelking.grafikweb.eu\/images\/stories\/blick.jpg\" style=\"width: 356px; height: 237px;\" \/><br \/> <span style=\"color: rgb(0, 0, 0);\"><span style=\"font-size: 14px;\">Blick vom Weingarthof (links) auf den ehem. <\/span><\/span><span style=\"color: rgb(0, 0, 0);\"><span style=\"color: rgb(0, 0, 0);\"><span style=\"font-size: 14px;\">\u201eWolfersdorferhof<\/span><\/span><\/span><span style=\"color: rgb(0, 0, 0);\"><span style=\"color: rgb(0, 0, 0);\"><span style=\"font-size: 14px;\">\u201c<\/span><\/span><\/span><span style=\"color: rgb(0, 0, 0);\"><span style=\"color: rgb(0, 0, 0);\"><span style=\"font-size: 14px;\"> und Anbau, rechts der Pimershof<\/span><\/span><\/span><\/div>\n<div style=\"text-align: justify;\"><span style=\"color: rgb(0, 0, 0);\"><span style=\"font-size: 14px;\"><br \/> <\/span><\/span><\/div>\n<div style=\"text-align: justify;\"><span style=\"color: rgb(0, 0, 0);\"><span style=\"font-size: 14px;\"> <br \/> Ein einzelnes Haus, unter dieser Benennung, welches aber zu Zelking geh\u00f6rt.<br \/> <\/span><\/span><\/div>\n<div style=\"text-align: justify;\"><span style=\"color: rgb(0, 0, 0);\"><span style=\"font-size: 14px;\"> Darstellung des Erzherzogthums Oesterreich unter der Ens. Elfter Band, Viertel Ober=Wienerwald. Wien 1838, Seite 151.<\/span>    <\/span><span style=\"color: rgb(0, 0, 0);\"> <\/span><\/div>\n<div style=\"text-align: justify;\">&#160; <span style=\"color: rgb(0, 0, 0);\">  <\/span><\/div>\n<div style=\"text-align: justify;\"><span style=\"color: rgb(0, 0, 0);\">      <\/span><span style=\"color: rgb(0, 0, 0);\"> <\/span><\/div>\n<p> <span style=\"color: rgb(0, 0, 0);\">  <\/span> <\/p>\n<div style=\"text-align: justify;\"><span style=\"color: rgb(0, 0, 0);\">  <\/span><span style=\"color: rgb(0, 0, 0);\"> <\/span><\/div>\n<p> <span style=\"color: rgb(0, 0, 0);\"> <\/p>\n<div style=\"text-align: justify;\"><span style=\"color: rgb(0, 0, 0);\"><span style=\"font-size: 14px;\">Die Curia Wolfoltzstorf (Meierhof Wolfersdorf) wurde, als sie durch die Urkunde vom 20. September 1303 an das Stift Seitenstetten zur\u00fcckgegeben wurde, in einem Nachtrag ins \u00e4lteste Urbar eingetragen (* S. 47, U I 301, Anmerkung a) und ist etwa 100 Jahre sp\u00e4ter als Curia in Wolfmansdorf (Gerhard Flo\u00dfmann, S. 220 U II 648) unter den b\u00e4uerlichen Lehen eingetragen (vor dem 20. IX 1303 war der Hof ein ritterm\u00e4\u00dfiges Lehen, das dem Stift unterstand, aber an Adelige zu Lehen gegeben wurde, nicht an Bauern).<br \/> <\/span><\/span><\/div>\n<p> <\/span> <\/p>\n<div style=\"text-align: justify;\"><span style=\"color: rgb(0, 0, 0);\">  <\/span><\/div>\n<div style=\"text-align: justify;\">&#160;<\/div>\n<div style=\"text-align: justify;\"><span style=\"color: rgb(0, 0, 0);\"><span style=\"font-size: 14px;\">301 a Darunter folgt von Hand a Curia, que dicitur Wolfoltztorf, tenetur dare 60 denarios pro vectura&#160; vini (letzteres dar\u00fcber nachgetragen), 1 modium frumenti, unum modium avene, in die sancti Martini duos porcos valentes 6 solidos denariorum et 8 pullos et 2 anseres , in navititate domini 4 caseos, in pascha 4 caseos, in pentecosten 4 caseos. Am linken Rand erl\u00e4utert Hand a dazu Iuxta Celginge. \u2013 Wolfersdorf, EH, KG Mannersdorf, und Zelking, D und KG, beide OG Zelking-Matzleinsdorf, GB Melk. Dieser Hof kam 1303 IX 20 durch Ankauf der Lehenschaft an Seitenstetten. \u2013 UB Seitenstetten 134, vgl. U II 648 und 704.<\/p>\n<p> <\/span><br \/> <\/span><\/div>\n<p> <span style=\"color: rgb(0, 0, 0);\"> <\/p>\n<div style=\"text-align: center;\"><img decoding=\"async\" style=\"width: 304px; height: 188px;\" src=\"http:\/\/www.zelking.grafikweb.eu\/images\/stories\/wolfersdorf 1.jpg\" alt=\"\" \/><br \/> <span style=\"color: rgb(0, 0, 0);\"><span style=\"font-size: 14px;\">Der Wolfersdorferhof 1935<\/span><\/span><br \/> &#160;<\/div>\n<div>&#160;<\/div>\n<div>&#160;<\/div>\n<div style=\"text-align: center;\"><span style=\"font-size: 18px;\"><span style=\"color: rgb(0, 0, 0);\"><strong>Pimmeshof (eigentlich Pimershof!)<\/strong><\/span><\/span><span style=\"color: rgb(0, 0, 0);\"><span style=\"font-size: 16px;\"><strong><br \/> <\/strong><\/span><\/span><\/div>\n<p> <\/span><\/div>\n<p> <span style=\"color: rgb(0, 0, 0);\">  <\/span><span style=\"color: rgb(0, 0, 0);\">  <\/span><span style=\"color: rgb(0, 0, 0);\">  <\/span> <\/p>\n<div style=\"text-align: justify;\"><span style=\"color: rgb(0, 0, 0);\">     <\/span> <\/p>\n<div style=\"text-align: justify;\"><span style=\"color: rgb(0, 0, 0);\"><br \/> <\/span><\/div>\n<div style=\"text-align: center;\"> <img decoding=\"async\" style=\"width: 439px; height: 193px;\" src=\"http:\/\/www.zelking.grafikweb.eu\/images\/stories\/pimershof.jpg\" alt=\"\" \/><br \/> <span style=\"color: rgb(0, 0, 0);\"><span style=\"font-size: 14px;\">Der Pimershof (es gibt verschiedene Schreibweisen!)<\/span><span style=\"font-size: 14px;\">. Aufnahme vom 30. 3. 2011<\/span><\/span><\/div>\n<div style=\"text-align: justify;\"><span style=\"color: rgb(0, 0, 0);\"><span style=\"font-size: 14px;\"><\/p>\n<p> Ein einzelnes Haus, unter dieser Benennung, welches aber nach Zelking geh\u00f6rt, und zun\u00e4chst Mannersdorf gelegen ist.<br \/> (Entnommen aus: Darstellung des Erzherzogthums Oesterreich unter der Ens. Elfter Band, Viertel Ober=Wienerwald. Wien 1838, Seite 151)<\/p>\n<p> <\/span><\/span><\/div>\n<p> <span style=\"color: rgb(0, 0, 0);\">    <\/span> <\/p>\n<div style=\"text-align: justify;\"><span style=\"color: rgb(0, 0, 0);\"> <\/span><\/div>\n<p> <span style=\"color: rgb(0, 0, 0);\">        <\/span><span style=\"color: rgb(0, 0, 0);\"> <\/p>\n<div style=\"text-align: justify;\"><span style=\"color: rgb(0, 0, 0);\"> <\/span><\/div>\n<p> <\/span><span style=\"color: rgb(0, 0, 0);\">      <\/span><span style=\"color: rgb(0, 0, 0);\"> <\/p>\n<div style=\"text-align: justify;\"><span style=\"color: rgb(0, 0, 0);\"> <\/span><\/div>\n<p> <\/span><span style=\"color: rgb(0, 0, 0);\">  <\/span><span style=\"color: rgb(0, 0, 0);\"> <\/span><\/div>\n<\/p><\/div>\n","protected":false},"excerpt":{"rendered":"<p>KG Mannersdorf KG-Nr. 14140 6,15 km\u00b2 Ort &#160; Um 1584 hatte die Kartause Aggsbach unter anderem in Mannersdorf 4 und in Maierh\u00f6fen 5 Holden (Geschichtliche Beilagen, Band XV, 1997, Seite 21). (Holden = Untertanen) Ein D\u00f6rfchen von 17 H\u00e4usern, wovon Melk als die n\u00e4chste Poststation bezeichnet wird. Der Ort ist zur Pfarre und Schule nach [&hellip;]<\/p>\n","protected":false},"author":2,"featured_media":0,"comment_status":"open","ping_status":"open","sticky":false,"template":"","format":"standard","meta":{"footnotes":""},"categories":[36],"tags":[],"class_list":["post-76","post","type-post","status-publish","format-standard","hentry","category-mannersdorf"],"_links":{"self":[{"href":"https:\/\/zelking.grafikweb.eu\/index.php?rest_route=\/wp\/v2\/posts\/76","targetHints":{"allow":["GET"]}}],"collection":[{"href":"https:\/\/zelking.grafikweb.eu\/index.php?rest_route=\/wp\/v2\/posts"}],"about":[{"href":"https:\/\/zelking.grafikweb.eu\/index.php?rest_route=\/wp\/v2\/types\/post"}],"author":[{"embeddable":true,"href":"https:\/\/zelking.grafikweb.eu\/index.php?rest_route=\/wp\/v2\/users\/2"}],"replies":[{"embeddable":true,"href":"https:\/\/zelking.grafikweb.eu\/index.php?rest_route=%2Fwp%2Fv2%2Fcomments&post=76"}],"version-history":[{"count":0,"href":"https:\/\/zelking.grafikweb.eu\/index.php?rest_route=\/wp\/v2\/posts\/76\/revisions"}],"wp:attachment":[{"href":"https:\/\/zelking.grafikweb.eu\/index.php?rest_route=%2Fwp%2Fv2%2Fmedia&parent=76"}],"wp:term":[{"taxonomy":"category","embeddable":true,"href":"https:\/\/zelking.grafikweb.eu\/index.php?rest_route=%2Fwp%2Fv2%2Fcategories&post=76"},{"taxonomy":"post_tag","embeddable":true,"href":"https:\/\/zelking.grafikweb.eu\/index.php?rest_route=%2Fwp%2Fv2%2Ftags&post=76"}],"curies":[{"name":"wp","href":"https:\/\/api.w.org\/{rel}","templated":true}]}}