{"id":80,"date":"2009-05-13T06:34:52","date_gmt":"2009-05-13T06:34:52","guid":{"rendered":"https:\/\/zelking.com\/2009\/05\/13\/institutionen-und-vereine\/"},"modified":"2009-05-13T06:34:52","modified_gmt":"2009-05-13T06:34:52","slug":"institutionen-und-vereine","status":"publish","type":"post","link":"https:\/\/zelking.grafikweb.eu\/?p=80","title":{"rendered":"K\u00f6rperschaften-Vereine-Institutionen"},"content":{"rendered":"<div style=\"text-align: center;\"><span style=\"color: #000000;\"><span style=\"font-size: 16px;\"><strong>BHW Zelking-Matzleinsdorf<\/strong><\/span><br \/> <\/span><\/div>\n<div style=\"text-align: justify;\">&nbsp;<\/div>\n<div style=\"text-align: right;\">&nbsp;<\/div>\n<div style=\"text-align: justify;\"><span style=\"color: #000000;\"><span style=\"color: #000000;\"><span style=\"font-size: 14px;\"><strong>Bildungs und Heimatwerk Nieder\u00f6sterreich:<\/strong> 1946 wurde das Bildungs- und Heimatwerk Nieder\u00f6sterreich, dessen Begr\u00fcnder Hans Gruber war, gegr\u00fcndet. Am 20. September 1996, aus Anlass \u201e50 Jahre N\u00d6 Bildungs- und Heimatwerk\u201c befanden sich bei dieser Feier in der Babenbergerhalle Klosterneuburg unter anderem seitens der Gemeinde Zelking-Matzleinsdorf B\u00fcrgermeister Leopold Labenbacher, Magister Dieter Benesch als \u00f6rtlicher BHW-Leiter und \u201eMitarbeiter\u201c Ludwig Pichler.<\/p>\n<p> <\/span><\/span><\/span><\/div>\n<div style=\"text-align: center;\"><span style=\"color: #000000;\"><img loading=\"lazy\" decoding=\"async\" class=\" size-full wp-image-77\" style=\"width: 120px; height: 155px;\" alt=\"\" src=\"https:\/\/zelking.grafikweb.eu\/wp-content\/uploads\/2009\/05\/benesch.jpg\" width=\"300\" height=\"386\" srcset=\"https:\/\/zelking.grafikweb.eu\/wp-content\/uploads\/2009\/05\/benesch.jpg 300w, https:\/\/zelking.grafikweb.eu\/wp-content\/uploads\/2009\/05\/benesch-233x300.jpg 233w\" sizes=\"auto, (max-width: 300px) 100vw, 300px\" \/><br \/> <span style=\"color: #000000;\"><span style=\"font-size: 14px;\">Mag. Dieter Benesch<\/span><\/span><\/span><\/div>\n<div style=\"text-align: justify;\">&nbsp;<\/div>\n<div style=\"text-align: justify;\">&nbsp;<\/div>\n<div style=\"text-align: justify;\"><span style=\"color: #000000;\"><span style=\"color: #000000;\"><span style=\"font-size: 14px;\"><\/span><\/span><\/span><span style=\"font-size: 10pt; color: #000000;\">Bereits vor diesem Jubil\u00e4um, gab das \u00f6rtliche Bildungswerk ein kr\u00e4ftiges Lebenszeichen von sich. Ein Kochkurs mit dem B\u00fcrgermeister, der in der Tourismusschule des WIFI in St. P\u00f6lten unterrichtet, war ein toller Erfolg.Pflanzerl(tausch)tag, Diavortr\u00e4ge, Zeichenwettbewerb mit Kindern folgten. Das gr\u00f6\u00dfte (und sicher nie mehr erreichbare) Projekt war die \u201eJAHR-100-BILDER\u201c-Fotoausstellung im Gasthaus Schaider in Zelking. Etwa 1.200 Bilder aus einem Zeitraum von 106 Jahren zogen Scharen von Einheimischen an, aber auch Fremde besuchten diese von BH HR Dr. Hadmar Lechner am 27. September 1996 er\u00f6ffnete Ausstellung. Man wollte \u201evon der Wiener Seite her\u201c alles dokumentieren, aber man war&nbsp; gezwungen bald aus dem Saal auszuziehen! Nach der Er\u00f6ffnung, wurde die Ruine erstmals seit ihrem Bestand mittels eines Stromaggregates von Mitgliedern der FF-Mannersdorf beleuchtet. Ein darauf folgendes \u201eBurgspektakel\u201c (mit Rittern, Burgfr\u00e4ulein), wobei \u201eunsere\u201c Zelkingexpertin Frau Dipl.-Ing. Dr. Edith Frimmel aus Kefermarkt den zahlreich Erschienenen das Geschlecht der Herren von Zelking nahebrachte trug zum Gelingen dieses \u201eJahrhundertereignisses\u201c ebenso bei, wie auch&nbsp; der Vortrag von Anton Harrer (ehemaliger Zelkinger) \u00fcber die Herren von Zelking. 1996 wurde der bekannte Radierer, Zeichner und Maler Franz Knapp, besser bekannt als der \u201emalende F\u00e4hrmann\u201c aus Anlass seines 80. Geburtstages in Zelking zum ersten Mal geehrt.<\/span><\/div>\n<div style=\"text-align: justify;\"><span style=\"color: #000000;\"><span style=\"color: #000000;\"><span style=\"font-size: 14px;\"> <br \/> Leider reichte der Tod viel zu fr\u00fch den nach langer schwerer Krankheit gezeichneten Mag. Dieter Benesch die Hand. Aus meiner Sicht hatte Benesch alle Voraussetzungen die ein solches \u201eAmt\u201c erfordert \u2013 wie Zeit, Wissen, Zug\u00e4nge, K\u00f6nnen und Freude mit Menschen und f\u00fcr Menschen zu arbeiten!<br \/> <\/span><\/span><\/span><\/div>\n<div style=\"text-align: justify;\"><span style=\"color: #000000;\"><span style=\"font-size: 14px;\">Unter Mag. Anton Eder als \u201eNachfolger\u201c, wurden zum ersten Mal 1997 Malertage in der Gemeinde mit Erfolg gestartet. Politische Diskussionen usw. folgten.&nbsp; Im Jahre 2000 fanden die zweiten Malertage statt und 2001 wurde zum zweiten Mal Franz Knapp (zu seinem 85er) in unserer Gemeinde geehrt.<br \/> <\/span><\/span><\/div>\n<div style=\"text-align: justify;\"><span style=\"color: #000000;\"><span style=\"font-size: 14px;\">Es folgten weiterhin Aktionen unter Mag. Eder; aber als Direktor des Stiftsgymnasiums&nbsp; konnte er die Leitung nicht mehr weiter f\u00fchren und so \u00fcbernahm Renate Perger die \u00f6rtliche Leitung, wo unter anderem die dritten Malertage (2003), Vortr\u00e4ge, Fotoausstellung, Theaterfahrten zu den Seefestspielen nach M\u00f6rbisch und Schloss Haindorf, sowie Simplfahrten folgten. I<\/span><span style=\"color: #000000;\"><span style=\"font-size: 14px;\">n ihrer <\/span><span><span style=\"font-size: 14px;\">\u201eAmtszeit\u201c<\/span><\/span> <span style=\"font-size: 14px;\">erfolgte auch die Herausgabe des von den f\u00fcnf Melktalgemeinden gestalteten Buches<\/span> <span><span style=\"font-size: 14px;\">\u201eSagenhaftes Melktal\u201c, dessen Titelbeschreibung nach meiner Anregung erfolgte<\/span><\/span>.<\/span><br \/> <span style=\"font-size: 14px;\"> Wegen beruflicher \u00dcberlastung sagte Renate Perger als dritte Leiterin \u201eAde\u201c und so \u00fcbernahm Herbert Schmoll dieses&nbsp; <\/span><span style=\"color: #000000;\"><span style=\"color: #000000;\"><span><span style=\"font-size: 14px;\">\u201eA<\/span><\/span><\/span><\/span><span style=\"font-size: 14px;\">mt\u201c. Zeichnen mittels Stra\u00dfenkreiden auf dem heute wegen des Volksschulneubaues nicht mehr vorhandenem Platz und die 4. Malertage (2007) fielen schon in Schmolls Obmann\u00e4ra.<br \/> Als \u201eMitarbeiter\u201c&nbsp; konnte ich dank guter Kontakte zu den K\u00fcnstlern die Malertage bzw. auch die Knapp-Ehrungen arrangieren!<br \/> <\/span><\/span><\/div>\n<div style=\"text-align: justify;\"><span style=\"font-size: 14px;\"><span style=\"color: #000000;\">Erstver\u00f6ffentlichung in: Sagenhaftes Melktal. <span style=\"color: #000000;\">2004.<\/span> Seite 116 (mit Zusatzerg\u00e4nzungen)<br \/> <\/span><\/span><\/div>\n<div style=\"text-align: justify;\">\n<p> &nbsp;<\/p><\/div>\n<div style=\"text-align: center;\"><span style=\"color: #000000;\"><strong><span style=\"font-size: 16px;\">Fu\u00dfball<\/span><\/strong><\/span><\/div>\n<div style=\"text-align: justify;\">\n<div>&nbsp;<\/div>\n<\/p><\/div>\n<div style=\"text-align: justify;\">\n<div><span style=\"color: #000000;\"><!--[if gte mso 9]><xml> <w:WordDocument> <w:View>Normal<\/w:View> <w:Zoom>0<\/w:Zoom> <w:HyphenationZone>21<\/w:HyphenationZone> <w:PunctuationKerning \/> <w:ValidateAgainstSchemas \/> <w:SaveIfXMLInvalid>false<\/w:SaveIfXMLInvalid> <w:IgnoreMixedContent>false<\/w:IgnoreMixedContent> <w:AlwaysShowPlaceholderText>false<\/w:AlwaysShowPlaceholderText> <w:Compatibility> <w:BreakWrappedTables \/> <w:SnapToGridInCell \/> <w:WrapTextWithPunct \/> <w:UseAsianBreakRules \/> <w:DontGrowAutofit \/> <\/w:Compatibility> <w:BrowserLevel>MicrosoftInternetExplorer4<\/w:BrowserLevel> <\/w:WordDocument> <\/xml><![endif]--><!--[if gte mso 9]><xml> <w:LatentStyles DefLockedState=\"false\" LatentStyleCount=\"156\"> <\/w:LatentStyles> <\/xml><![endif]--><\/span> <span style=\"color: #000000;\"><!--[if gte mso 10]>  <![endif]--><!--[if gte mso 9]><xml> <o:shapedefaults v:ext=\"edit\" spidmax=\"1026\" \/> <\/xml><![endif]--><!--[if gte mso 9]><xml> <o:shapelayout v:ext=\"edit\"> <o:idmap v:ext=\"edit\" data=\"1\" \/> <\/o:shapelayout><\/xml><![endif]--><\/span><\/div>\n<div style=\"text-align: center;\"> &nbsp;<\/div>\n<div style=\"text-align: justify;\"><span style=\"color: #000000;\"><span style=\"font-family: Arial;\"><span style=\"font-size: 14px;\"><b><span>HFC: <\/span><\/b><span>Der Hobbyfu\u00dfball-Verein in Matzleinsdorf wurde 1988 durch 28 Interessierter gegr\u00fcndet. Der Keller des Kindergartens wurde zu Kabinen und Duschen umgebaut. Es werden Hobby- und Pfingstturniere, Sonnwendfeuer, Ausfl\u00fcge, Gesellschaftsspiele usw. veranstaltet. Derzeit etwa ein Mitgliedstand von 100 Personen, die abwechselnd die Sportanlage betreuen. 1995 erfolgte die Erweiterung der Sektion Sport-Stocksch\u00fctzen (auf eigener Asphaltanlage), welche vorerst im Winter oberhalb der Bauer-Wehr ihre Wettk\u00e4mpfe austrugen und sich jetzt auf dem Schlammteich der ehemaligen Quarzwerke Zelking \u201eaustoben\u201c. Es wird Erw\u00e4gung gezogen, gemeinsame Wettk\u00e4mpfe innerhalb der Melktalgemeinden zu veranstalten.<\/span><\/span><\/span><\/span><span style=\"font-size: 11pt; font-family: Verdana;\"><\/span><\/div>\n<div style=\"text-align: justify;\"><span style=\"color: #000000;\"><span style=\"font-family: Arial;\"><span><span style=\"font-size: 14px;\">Erstver\u00f6ffentlichung in: Sagenhaftes Melktal. <span style=\"color: #000000;\">2004.<\/span> Seite 116<br \/> <\/span><\/span><\/span><\/span><\/div>\n<div style=\"text-align: center;\">\n<p> <span style=\"color: #000000;\"><span style=\"font-family: Arial;\"><span style=\"font-size: 16px;\"><span><b><span>Jagdhornbl\u00e4ser<\/span><\/b><\/span><\/span><\/span><\/span><br \/> <span style=\"color: #000000;\"><span style=\"font-family: Arial;\"><span style=\"font-size: 14px;\"><\/span><\/span><\/span><\/div>\n<div>\n<p> <span style=\"color: #000000;\"><span style=\"font-family: Arial;\"><span style=\"font-size: 14px;\"><b><span>Jagdhornbl\u00e4sergruppe \u201eNibelungen\u201c: <\/span><\/b><span>Gegr\u00fcndet wurde diese Gruppe bereits 1969 und das \u201eProbelokal\u201c war im Gasthaus Schaider (seit ca. 1994 erfolgen die Proben im \u201eHiesbergst\u00fcberl\u201c). Diese Gruppe wurde 16 Mal Landessieger und erreichte auch drei Internationale Siege, die in Villach, Marchegg und im Stift Melk errungen wurden, sowie viele zweite Pl\u00e4tze! Musikalische Darbietungen erfolgten in der Schweiz und in Deutschland, ebenso zahlreiche Auftritte in \u00d6sterreich. Mit \u201eAlt\u00f6sterreichischer Jagdmusik\u201c (mittels S-H\u00f6rnern als erste im Bezirk Melk!) wurden tolle Erfolge erreicht, die zwar nachgeahmt, aber niemals erreicht werden konnten!<\/span><\/span><\/span><\/span><span style=\"font-size: 11pt; font-family: Verdana;\"><\/span><\/div>\n<div><span style=\"color: #000000;\"><span style=\"font-family: Arial;\"><span style=\"font-size: 14px;\"><span>Da auch diese Gruppe \u201ein die Jahre gekommen ist\u201c, wird derzeit nur Ausger\u00fcckt bei Anl\u00e4ssen wie Geburtstagsfeiern und Begr\u00e4bnissen. <\/span><\/span><\/span><\/span><span style=\"font-size: 11pt;\"><\/span><\/div>\n<div>&nbsp;<\/div>\n<div>&nbsp;<\/div>\n<div style=\"text-align: center;\"><span style=\"color: #000000;\"><span style=\"font-size: 12px;\"><span><\/span><\/span><\/span><\/p>\n<p> <span style=\"color: #000000;\"><span><span style=\"font-size: 16px;\"><strong>Kirchenchor Zelking<\/strong><\/span><\/span><\/p>\n<p> <span><span style=\"font-size: 14px;\"> <\/span> <\/span><\/span><\/div>\n<div style=\"text-align: justify;\"><span style=\"color: #000000;\"><span style=\"font-size: 14px;\">Die Gr\u00fcndung des Kirchenchores geht auf den ehemaligen Volksschuldirektor Theo Petzl zur\u00fcck und d\u00fcrfte mitte der 20er Jahre erfolgt sein. Petzl folgten Friedrich Striberny, Adolf Harrer, Prof. Mag Margaretha St\u00fcrmer und Margarete Schindlegger nach. 1991 \u00fcbernahm Margit Gattringer die Chorleitung. Derzeit umfasst dieser Chor, der Messen, \u00f6ffentliche und private Veranstaltungen, Adventsingen, usw. mitgestaltet, 27 Mitglieder.<\/p>\n<p> <\/span><\/span><\/div>\n<div style=\"text-align: center;\"><span style=\"color: #000000;\"><span style=\"font-size: 16px;\"><strong>Landjugend<\/strong><\/span><\/span><\/div>\n<div>\n<p> <span style=\"color: #000000;\"><span style=\"font-size: 14px;\"><span style=\"font-size: 14px;\"><span><strong>Die Landjugend Melk:<\/strong> Die Gr\u00fcndung des Landesverbandesg der l\u00e4ndlichen Fortbildungsvereine erfolgte 1928 und am Anfang der NS-Zeit (1938) wurde der Landesverband und die Bezirksverb\u00e4nde aufgel\u00f6st. Die Wiedererichtung der l\u00e4ndlichen Fortbildungsvereine und die Umbenennung in <\/span><\/span><span style=\"font-size: 14px;\">\u201e<\/span><span style=\"font-size: 14px;\">L\u00e4ndliches Fortbildungswerk<\/span>\u201c fand 1946 statt.<\/span> <span style=\"font-family: Arial;\"> <\/span><\/span><span style=\"font-family: Arial;\"> &nbsp; <\/span><span style=\"color: #000000;\"><span style=\"font-family: Arial;\"> <span style=\"font-size: 14px;\"> <span>Die Landjugend Melk gliedert sich in folgende Sprengel: Lehen\u2013Loosdorf\u2013Melk und Zelking.<\/span><\/span> <\/span> <\/span><\/div>\n<div><span style=\"color: #000000;\"><span style=\"font-family: Arial;\"><span style=\"font-size: 14px;\"><span>In den Anfangsjahren bestanden die Mitglieder aus Absolventen der Fortbildungsschulen, denn die b\u00e4uerliche Jugend sollte in verschiedenen Fachbereichen ausgebildet werden. Die heutigen Mitglieder setzen sich aus verschiedenen Berufen zusammen und so wurde auch das \u00e4ussere Erscheinungsbild \u2013 der Name \u201eLFW-L\u00e4ndliches Fortbildungswerk\u201c in \u201eN\u00d6-Landjugend\u201c <\/span><\/span><\/span><span style=\"font-family: Arial;\"><span style=\"font-size: 14px;\"><span>abge\u00e4ndert.<\/span><\/span><\/span><\/span><\/div>\n<div><span style=\"color: #000000;\"><span style=\"font-size: 14px;\">Sprengelleitung Matzleinsdorf: Sprengelobmann Georg Spanseiler und Sprengelleiterin Martina Paireder.<\/span><\/span><span style=\"font-size: 11pt;\"><\/span><span style=\"color: #000000;\"><span style=\"font-size: 14px;\">Sprengelleitung Zelking: Sprengelobmann Florian Peham und Sprengelleiterin Franziska Zuser. <\/span><\/span><span style=\"font-size: 11pt;\"><\/span><br \/> <span style=\"color: #000000;\"> <\/span><\/div>\n<div><span style=\"color: #000000;\"><span style=\"color: #000000;\"><span style=\"font-family: Arial;\"><span style=\"font-size: 14px;\"><span>Folgende T\u00e4tigkeiten gestaltet die Landjugend: \u201eNikolausgehen\u201c, Wintersonnenwendfest, Ball der Landjugend, Jeansball, Mostverkostungen, diverse sportliche Aktivit\u00e4ten, Sensenm\u00e4hen, Messen und Kreuzwegandachten mitgestalten usw. Das Projekt \u201eMarathon 2004\u201c (ein handwerklicher 42 Stunden Wettbewerb in der OG Zelking-Matzleinsdorf&nbsp; zehn B\u00e4nke und das Umfeld herzurichten) wurde vom Sprengel Zelking&nbsp; und deren Mitgliedern Ende August&nbsp; bravour\u00f6s \u201egel\u00f6st\u201c.<br \/> <\/span><\/span><\/span><\/span><span style=\"font-size: 11pt;\"><\/span><span style=\"color: #000000;\"><span style=\"font-family: Arial;\"><span style=\"font-size: 14px;\"><span>Bezirksleitung: Bezirksobmann Matthias Zeller; Bezirksleiterin Karin Steinmetz. <\/span><\/span><\/span><\/span><span style=\"font-size: 11pt;\"><\/span><br \/> <span style=\"color: #000000;\"> <\/span><span style=\"color: #000000;\"><span style=\"color: #000000;\"><span style=\"font-family: Arial;\"><span style=\"font-size: 14px;\">Erstver\u00f6ffentlichung in: Sagenhaftes Melktal. 2004. Seite 119<br \/> <\/span><\/span><\/span><\/span><\/span><\/div>\n<div>&nbsp;<\/div>\n<div>&nbsp;<\/div>\n<div>&nbsp;<\/div>\n<div style=\"text-align: center;\"><span style=\"color: #000000;\"><span style=\"font-size: 14px;\"><span style=\"color: #000000;\"><span style=\"font-size: 16px;\"><strong>Senioren<\/strong><\/span><\/span><\/span><\/span><span style=\"color: #000000;\"><span><span style=\"font-size: 16px;\"><strong>&nbsp;<\/strong><\/span><\/span><\/span><span style=\"color: #000000;\"><span><span style=\"font-size: 16px;\"><strong>&nbsp;&nbsp;&nbsp;<\/strong><\/span><span style=\"font-size: 14px;\">&nbsp;&nbsp;<\/span><\/span><\/span><span style=\"color: #000000;\"><span style=\"font-size: 14px;\"><span><span><span><span>&nbsp;&nbsp;&nbsp;<\/p>\n<p> <\/span><\/span><\/span><\/span><\/span><\/span><\/div>\n<\/p><\/div>\n<div> <span style=\"color: #000000;\"><span style=\"font-size: 14px;\"><span><span><span><span><strong>Seniorenbund Zelking-Matzleinsdorf:<\/strong> Am 25. November 1989 fand die Gr\u00fcndung unter Margarete Schindlegger, Karl Klaushofer, Alois Resch, Theresia Spanseiler, Josef Gr\u00f6bl und Hubert Moschinger statt.<br \/> Bei der letzten Wahl am 4. J\u00e4nner 2000 sind als Obmann Ing. Alfred Wolferseder, erster Stellvertreter Anna Prankl, zweiter Stellvertreter Maria Gutlederer, weiters Johann Bauer, Rosalinde Falschlunger, Gertraud Sch\u00f6nbichler und Maria Zeilinger im Vorstand. Die Mitgliederzahl betrug zuletzt 135 Personen.<br \/> Aktivit\u00e4ten: Monatliche Seniorennachmittage, Kegeln, Muttertagsfahrten, Kartenspielen, Wandern, Turnen, Tagesreisen, Heurigenbesuche usw.<\/span><\/span><\/span><\/span><\/span><\/span><br \/> <span style=\"color: #000000; font-family: arial,helvetica,sans-serif;\"><span style=\"font-size: 14px;\">Erstver\u00f6ffentlichung in: Sagenhaftes Melktal. 2004. Seite 119<\/span><\/span><\/div>\n<div><span style=\"font-family: arial,helvetica,sans-serif;\"> &nbsp;<\/span><\/div>\n<div style=\"text-align: center;\"> <span style=\"color: #000000;\"><span style=\"font-size: 16px;\"><strong><span>Sch\u00fctzen<\/span><\/strong><\/span><\/span><\/div>\n<div style=\"text-align: justify;\">&nbsp;<\/div>\n<div style=\"text-align: justify;\">&nbsp;<\/div>\n<div style=\"text-align: justify;\"><span style=\"font-size: 10pt; color: #000000;\"><strong>Sch\u00fctzengilde \u2013 \u00d6KB Zelking:<\/strong>&nbsp; Das Gr\u00fcndungsjahr war 1978 und wurde seitens des \u00d6KB Zelking zu einem Zweitverein erkl\u00e4rt. Gr\u00fcndungsmitglieder waren u.a. der EOSM (Ehrenobersch\u00fctzenmeister) Stefan Resch (\u2020 Februar 2003) und der langj\u00e4hrige OSM (Obersch\u00fctzenmeister) Karlheinz St\u00f6hr (\u2020 Oktober 2002).<\/span><\/div>\n<div style=\"text-align: justify;\">&nbsp;<\/div>\n<div style=\"text-align: justify;\">&nbsp;<\/div>\n<div style=\"text-align: center;\"><img loading=\"lazy\" decoding=\"async\" class=\" size-full wp-image-78\" style=\"width: 305px; height: 286px;\" alt=\"\" src=\"https:\/\/zelking.grafikweb.eu\/wp-content\/uploads\/2009\/05\/schtzenfahne.jpg\" width=\"342\" height=\"321\" srcset=\"https:\/\/zelking.grafikweb.eu\/wp-content\/uploads\/2009\/05\/schtzenfahne.jpg 342w, https:\/\/zelking.grafikweb.eu\/wp-content\/uploads\/2009\/05\/schtzenfahne-300x282.jpg 300w\" sizes=\"auto, (max-width: 342px) 100vw, 342px\" \/><br \/> <span style=\"color: #000000;\"><span style=\"font-size: 14px;\">(V. l. n. r.) Sabine St\u00f6hr, Karl-Heinz St\u00f6hr (<\/span><\/span><span style=\"color: #000000;\"><span style=\"font-size: 14px;\">\u2020 17. 10. 2002), <\/span><\/span><span style=\"color: #000000;\"><span style=\"font-size: 14px;\">Franz Schellnhammer und Franz Buresch<\/span><\/span><\/div>\n<div style=\"text-align: center;\"><span style=\"color: #000000;\"><span style=\"font-size: 14px;\">Franz Schellnhammer schuf ein Ruinenbild, dessen Motiv der SG (Sch\u00fctzengilde) Zelking f\u00fcr die neue Vereinsfahne zur Verf\u00fcgung gestellt wurde<\/p>\n<p> <\/span><\/span><img loading=\"lazy\" decoding=\"async\" class=\" size-full wp-image-79\" style=\"width: 399px; height: 301px;\" alt=\"\" src=\"https:\/\/zelking.grafikweb.eu\/wp-content\/uploads\/2009\/05\/ruine%201997.jpg\" width=\"500\" height=\"376\" \/><br \/> <span style=\"color: #000000;\"><span style=\"font-size: 14px;\"> <span style=\"color: #000000;\">Dieses Motiv der Federzeichnung wurde der Sch\u00fctzengilde zur Verf\u00fcgung gestellt!<\/span> <\/span><\/span><\/div>\n<div style=\"text-align: justify;\">\n<p> <span style=\"color: #000000;\"><span style=\"font-size: 14px;\"><span><span><span><span>Durch prek\u00e4re Situationen mussten die Sch\u00fctzen bereits viermal (!) ihre Heimst\u00e4tte wechseln. Die SG (Sch\u00fctzengilde) richtete unter anderem je einen Bezirks- und Landessch\u00fctzentag aus.&nbsp; Ein Motiv mit der Ruine Zelking des hervorragenden Graphikers und Hobbymalers Franz Schellnhammer aus Krummnu\u00dfbaum wurde in die neue Vereinsfahne aufgenommen. \u201eVereinsmutti\u201c Herta St\u00f6hr kreierte die sch\u00f6nen Uniformen der Sch\u00fctzengilde. OSM Gerhard St\u00f6hr ist der derzeitige Leiter und Mitglieder sind jederzeit herzlich willkommen. Gerhard St\u00f6hr, Mannersdorf Nr. 10. Tel. 02756\/2798.<br \/> Die gr\u00f6\u00dftem Erfolge (seit 1997) waren bei den Staatsmeisterschaften 1997 Peter Traxler LP mit dem 2. Platz (Mannschaft) und 2000 Mario Riegler, Mannschaft N\u00d6 1. Platz, daneben gab es bei den Bezirks- und Landesmeisterschaften, Fernwettk\u00e4mpfen, Winter- und Neulingscups zahlreiche Ergebnisse zwischen den Pl\u00e4tzen 1 und 5! <\/span><\/span><\/span><\/span><\/span><\/span><br \/> <span style=\"color: #000000;\"><span style=\"font-size: 14px;\">Erstver\u00f6ffentlichung in: Sagenhaftes Melktal. <span style=\"color: #000000;\">2004.<\/span> Seite 118\/119<\/span><\/span><\/div>\n<div style=\"text-align: justify;\"> &nbsp;<\/div>\n<div style=\"text-align: center;\"> <span style=\"color: #000000;\"><span style=\"font-size: 16px;\"><strong>Sport<\/strong><\/span> <\/span><\/div>\n<div style=\"text-align: justify;\">\n<p> <span style=\"color: #000000;\"><strong><span style=\"font-size: 14px;\">Sport-Union:<\/span><\/strong><span style=\"font-size: 14px;\"> Die Sport-Union wurde 2000 gegr\u00fcndet und besteht aus drei Sektionen, dessen&nbsp; erste Obfrau Karin Wieseneder wurde (Gassen 10 3393 Zelking; Telefon 02752\/ 51325).<\/span><\/span><\/div>\n<div style=\"text-align: justify;\"><span style=\"color: #000000;\"><span style=\"font-size: 14px;\"><span><span><span><span>Sektion Turnen bietet neben Turnen f\u00fcr Kinder\/Erwachsene, auch Aerobic und Nordic Walking an. Sektion Karate beinhaltet Anf\u00e4ngerkurse, Selbstverteidigungs- und Fortgeschrittenenkurse sowie Chi Gong unter der Leitung von Otmar Zeller Matzleinsdorf und Gleichgesinnter.<br \/> Sektion Volleyball betreibt Sommer- und Jugendtraining, aber auch Wettk\u00e4mpfe.<br \/> 2004 wurde durch eine Elterngruppe der Sport\u2013Union ein naturnaher Spielplatz&nbsp; (in der \u201eMittleren\u201c Gassen, hin zur&nbsp; <\/span><\/span><\/span><\/span><\/span><\/span><span style=\"color: #000000;\"><span style=\"font-size: 14px;\"><span><span><span><span>\u201eOberen\u201c) <\/span><\/span><\/span><\/span><\/span><\/span><span style=\"color: #000000;\"><span style=\"font-size: 14px;\"><span><span><span><span>errichtet und am 25. Juni 2004 durch Pater Stephan gesegnet. Die Er\u00f6ffnung nahm LAbg. Magister Gerhard Karner vor. Diverse Gesellschaftliche Aktivit\u00e4ten sind schon \u201eStandard\u201c!<br \/> <\/span><\/span><\/span><\/span><\/span><\/span><span style=\"color: #000000;\"><span><span style=\"font-size: 14px;\">Erstver\u00f6ffentlichung in: Sagenhaftes Melktal. 2004. Seite 121<\/span><\/span><span><span style=\"font-size: 14px;\"> &nbsp; <\/span><\/span><\/span><\/div>\n<div style=\"text-align: justify;\">\n<p> <span style=\"color: #000000;\"><strong><span style=\"font-size: 14px;\"><span><span><span><span>Tennis:<\/span><\/span><\/span><\/span><\/span><\/strong><span style=\"font-size: 14px;\"><span><span><span><span> Der Union Tennisclub Quarzwerke Zelking wurde im Mai 1986 unter der Obfrau Anna Fohringer gegr\u00fcndet. Noch in selben Monat wurden zwei Kunstrasenfelder auf dem Areal der ehemaligen Quarzwerke errichtet, dessen Spielbetrieb bereits im Juni erfolgte. 1989 wurde das Clubhaus unter dem Obmann Ing. Christian Gallhofer errichtet. Unter Mag. Anton Eder als neuer Obmann, wurde 1994 anstelle des Kunstrasens Sandpl\u00e4tze mit einer Sprinkelanlage versehen bewerkstelligt. Beteiligungen an der N\u00d6TV-Meisterschaft (Kreis West) und der Beitritt zur Sportunion N\u00d6 folgten und von 1995 bis 2000 wurde der Waldviertel-Cup mehrmals gewonnen. 1996 wurde \u201e10 Jahre Union Tennisclub Quarzwerke Zelking\u201c mit der ehemaligen Musikkapelle St. Leonhard-Zelking-Ruprechtshofen unter dem ehem. Kapellmeister Josef Schnetzinger und durch Pf. KR Edmund Warchol (verstorben 2000), der eine feierliche Segnung vorgenommen hatte, geb\u00fchrend gefeiert. Der Erwerb des Grundst\u00fcckes von den ehem. Quarzwerken, sichert den Weiterbestand des Vereins. Kinderkurse, Jux- und Mixed-Doppel-Turniere, Freundschafts- und Meisterschaftsspiele z\u00e4hlen zu den Aktivit\u00e4ten dieses Vereins.<br \/> Der Matzleinsdorfer Christian Kern ging aus diesem kleinen Verein hervor!<br \/> <\/span><\/span><\/span><\/span><\/span><\/span><span style=\"color: #000000;\"><span style=\"font-size: 14px;\">Erstver\u00f6ffentlichung in: Sagenhaftes Melktal. <span style=\"color: #000000;\">2004.<\/span> Seite 120<\/span><\/span><\/div>\n<div style=\"text-align: justify;\">\n<p> <span style=\"color: #000000;\"><span style=\"font-size: 14px;\"><span><span><span><span><strong>Volleyball-Club Melktal:<\/strong> Dieser Verein wurde durch Martin Wally am 2. 8. 1993 gegr\u00fcndet. Seit April 1997 ist Markus Zeilinger Obmann.<br \/> Hallenvolleyball wird in der St. Leonharder Turnhalle und auf vier Sandpl\u00e4tzen am ehemaligen Betriebsgel\u00e4ndes der Quarzwerke \u00d6sterreich GmbH in Zelking gespielt. Die gr\u00f6\u00dften Erfolge sind: 2003 Vizelandesmeister U 11, 2004 Landesmeister U 12 und U 13, sowie Staatsmeister U 12 durch Trainerin Elvira Gindl mit Melanie Zeilinger, Nina Schiefer, Anna Ulrichshofer und Kathrin Steininger!<br \/> <\/span><\/span><\/span><\/span><\/span><\/span><span style=\"color: #000000;\"><span style=\"font-size: 14px;\">Erstver\u00f6ffentlichung in: Sagenhaftes Melktal. <span style=\"color: #000000;\">2004.<\/span> Seite 120<\/span><\/span><\/div>\n<div style=\"text-align: justify;\"> &nbsp;<\/div>\n","protected":false},"excerpt":{"rendered":"<p>BHW Zelking-Matzleinsdorf &nbsp; &nbsp; Bildungs und Heimatwerk Nieder\u00f6sterreich: 1946 wurde das Bildungs- und Heimatwerk Nieder\u00f6sterreich, dessen Begr\u00fcnder Hans Gruber war, gegr\u00fcndet. Am 20. September 1996, aus Anlass \u201e50 Jahre N\u00d6 Bildungs- und Heimatwerk\u201c befanden sich bei dieser Feier in der Babenbergerhalle Klosterneuburg unter anderem seitens der Gemeinde Zelking-Matzleinsdorf B\u00fcrgermeister Leopold Labenbacher, Magister Dieter Benesch als [&hellip;]<\/p>\n","protected":false},"author":2,"featured_media":77,"comment_status":"open","ping_status":"open","sticky":false,"template":"","format":"standard","meta":{"footnotes":""},"categories":[57],"tags":[],"class_list":["post-80","post","type-post","status-publish","format-standard","has-post-thumbnail","hentry","category-institutionen"],"_links":{"self":[{"href":"https:\/\/zelking.grafikweb.eu\/index.php?rest_route=\/wp\/v2\/posts\/80","targetHints":{"allow":["GET"]}}],"collection":[{"href":"https:\/\/zelking.grafikweb.eu\/index.php?rest_route=\/wp\/v2\/posts"}],"about":[{"href":"https:\/\/zelking.grafikweb.eu\/index.php?rest_route=\/wp\/v2\/types\/post"}],"author":[{"embeddable":true,"href":"https:\/\/zelking.grafikweb.eu\/index.php?rest_route=\/wp\/v2\/users\/2"}],"replies":[{"embeddable":true,"href":"https:\/\/zelking.grafikweb.eu\/index.php?rest_route=%2Fwp%2Fv2%2Fcomments&post=80"}],"version-history":[{"count":0,"href":"https:\/\/zelking.grafikweb.eu\/index.php?rest_route=\/wp\/v2\/posts\/80\/revisions"}],"wp:featuredmedia":[{"embeddable":true,"href":"https:\/\/zelking.grafikweb.eu\/index.php?rest_route=\/wp\/v2\/media\/77"}],"wp:attachment":[{"href":"https:\/\/zelking.grafikweb.eu\/index.php?rest_route=%2Fwp%2Fv2%2Fmedia&parent=80"}],"wp:term":[{"taxonomy":"category","embeddable":true,"href":"https:\/\/zelking.grafikweb.eu\/index.php?rest_route=%2Fwp%2Fv2%2Fcategories&post=80"},{"taxonomy":"post_tag","embeddable":true,"href":"https:\/\/zelking.grafikweb.eu\/index.php?rest_route=%2Fwp%2Fv2%2Ftags&post=80"}],"curies":[{"name":"wp","href":"https:\/\/api.w.org\/{rel}","templated":true}]}}