{"id":914,"date":"2018-03-30T17:07:40","date_gmt":"2018-03-30T15:07:40","guid":{"rendered":"https:\/\/zelking.com\/?p=914"},"modified":"2018-03-31T13:37:54","modified_gmt":"2018-03-31T11:37:54","slug":"franz-knapp","status":"publish","type":"post","link":"https:\/\/zelking.grafikweb.eu\/?p=914","title":{"rendered":"Franz Knapp"},"content":{"rendered":"<div style=\"text-align: center;\">\n<p>&nbsp;<\/p>\n<p><img loading=\"lazy\" decoding=\"async\" class=\" size-full wp-image-750\" style=\"width: 130px; height: 194px;\" src=\"https:\/\/zelking.grafikweb.eu\/wp-content\/uploads\/2014\/01\/wappen%20i.jpg\" alt=\"\" width=\"200\" height=\"298\" \/><br \/>\n<span style=\"color: #000000;\"><span style=\"font-size: 14px;\">Entnommen aus: Ottfried Neubecker <\/span><\/span><span style=\"color: #000000;\"><span style=\"font-size: 14px;\">\u2013<\/span><\/span><span style=\"color: #000000;\"><span style=\"font-size: 14px;\"> Gro\u00dfes Wappen Bilder Lexikon, Battenberg Verlag, 1992, 838<br \/>\n<\/span><\/span><\/p>\n<p><span style=\"color: #000000;\"><span style=\"font-size: 18px;\"><strong> Franz Knapp, ein K\u00fcnstler aus dem Nibelungengau<\/strong><\/span><br \/>\n<strong><span style=\"font-size: 14px;\">(und ein waschechter Nieder\u00f6sterreicher dazu)<\/span><\/strong><\/span><\/p>\n<p>&nbsp;<\/p>\n<\/div>\n<div style=\"text-align: justify;\">\n<p><span style=\"color: #000000;\"><span style=\"font-size: 14px;\">Franz Knapp \u2013\u00a0 im Bezirk Melk, aber auch weit \u00fcber die Landesgrenzen hinaus bekannt, vorzustellen, hie\u00dfe\u00a0 \u201eWasser in die Donau tragen\u201c.<\/span><\/span><\/p>\n<\/div>\n<div style=\"text-align: center;\">\n<p><span style=\"color: #000000;\"><img loading=\"lazy\" decoding=\"async\" class=\" size-full wp-image-751\" style=\"width: 140px; height: 204px;\" src=\"https:\/\/zelking.grafikweb.eu\/wp-content\/uploads\/2014\/01\/franz%20%20knapp%2090.jpg\" alt=\"\" width=\"472\" height=\"690\" \/><br \/>\n<span style=\"font-size: 14px;\">Franz Knapp, im 89. Lebensjahr stehen<\/span><\/span><\/p>\n<\/div>\n<div style=\"text-align: justify;\">\n<p><span style=\"color: #000000;\"><span style=\"font-size: 14px;\">Vor allem die den Ausnahmek\u00fcnstler (noch) nicht kannten, soll diese Lebensbeschreibung dienen, um so kunstinteressierten Menschen Franz Knapp und einige seiner Arbeiten n\u00e4her zu bringen.<\/span><\/span><\/p>\n<h5><strong>Wasser \u201ebegleitete\u201c Franz Knapp von der Geburt (Gamingbach) bis zum Tode (Donau). Franz Knapps Sternzeichen\u00a0 Skorpion (24. 10. bis 22. 11.) passt eigentlich nicht zu ihm. Besser w\u00fcrde sich hier das Sternzeichen Wassermann \u2013 in Bezug auf sein ehemaliges \u201eDonaubaden\u201c eignen.<\/strong><\/h5>\n<p>&nbsp;<\/p>\n<\/div>\n<div style=\"text-align: center;\">\n<p><span style=\"color: #000000;\"><span style=\"font-size: 16px;\"><strong>Es begann in der heutigen Marktgemeinde Gaming<\/strong><\/span><\/span><\/p>\n<\/div>\n<div style=\"text-align: center;\">\n<p><span style=\"color: #000000;\"><img loading=\"lazy\" decoding=\"async\" class=\" size-full wp-image-752\" style=\"width: 353px; height: 233px;\" src=\"https:\/\/zelking.grafikweb.eu\/wp-content\/uploads\/2014\/01\/geburtshaus.jpg\" alt=\"\" width=\"360\" height=\"240\" srcset=\"https:\/\/zelking.grafikweb.eu\/wp-content\/uploads\/2014\/01\/geburtshaus.jpg 360w, https:\/\/zelking.grafikweb.eu\/wp-content\/uploads\/2014\/01\/geburtshaus-300x200.jpg 300w\" sizes=\"auto, (max-width: 360px) 100vw, 360px\" \/><br \/>\n<span style=\"font-size: 14px;\">Das Geburtshaus von Franz Knapp<\/span><span style=\"font-size: 14px;\"> in Pockau<\/span><span style=\"font-size: 14px;\"> Nr. 41<\/span><br \/>\n<span style=\"font-size: 14px;\">(rechts am Haus flie\u00dft der Gamingbach vorbei).<\/span><\/span><\/p>\n<\/div>\n<div style=\"text-align: justify;\">\n<p><span style=\"color: #000000;\"><span style=\"font-size: 14px;\">Am 20. November 1916, inmitten des Ersten Weltkriegs erblickte Franz Knapp als drittes von vier Kindern des Johann und der Katharina (eine geborenen Enne) Knapp, das Licht der Welt.<\/span><\/span><\/p>\n<\/div>\n<div style=\"text-align: center;\">\n<p><img loading=\"lazy\" decoding=\"async\" class=\" size-full wp-image-753\" style=\"width: 364px; height: 242px;\" src=\"https:\/\/zelking.grafikweb.eu\/wp-content\/uploads\/2014\/01\/postkarte.jpg\" alt=\"\" width=\"500\" height=\"333\" srcset=\"https:\/\/zelking.grafikweb.eu\/wp-content\/uploads\/2014\/01\/postkarte.jpg 500w, https:\/\/zelking.grafikweb.eu\/wp-content\/uploads\/2014\/01\/postkarte-300x200.jpg 300w\" sizes=\"auto, (max-width: 500px) 100vw, 500px\" \/><br \/>\n<span style=\"font-size: 14px;\"><span style=\"color: #000000;\">Postkarte mit Bildnis von Kaiser Franz Joseph I.<\/span><\/span><br \/>\n<span style=\"color: #000000;\"><span style=\"font-size: 14px;\">(Als der Kaiser verstorben war, machte Franz Knapp sein Dasein schon den zweiten Tag laut kund)<\/span><\/span><\/p>\n<\/div>\n<div style=\"text-align: justify;\">\n<p><span style=\"color: #000000;\"><span style=\"font-size: 14px;\">Sein Geburtshaus in Pockau, Ortsteil Kienberg, zur\u00a0 Marktgemeinde Gaming geh\u00f6rend, ist heute noch vorhanden.<br \/>\nI<\/span><span style=\"font-size: 14px;\">n einer 1973 entstandenen Radierung<\/span><span style=\"font-size: 14px;\"> wurde dieses H\u00e4uschen grafisch festgehalten.<\/span><\/span><\/p>\n<\/div>\n<div style=\"text-align: center;\"><img loading=\"lazy\" decoding=\"async\" class=\" size-full wp-image-754\" style=\"width: 352px; height: 251px;\" src=\"https:\/\/zelking.grafikweb.eu\/wp-content\/uploads\/2014\/01\/geburtshaus%20r.jpg\" alt=\"\" width=\"460\" height=\"329\" \/><br \/>\n<span style=\"color: #000000;\"><span style=\"font-size: 14px;\">Geburtshaus von Franz Knapp <\/span><\/span><span style=\"color: #000000;\"><span style=\"font-size: 14px;\">\u2013<\/span><\/span><span style=\"color: #000000;\"><span style=\"font-size: 14px;\"> nach einer Radierung von 1973 (Druck).<br \/>\n<\/span><\/span><\/div>\n<div style=\"text-align: justify;\"><\/div>\n<div style=\"text-align: center;\"><img loading=\"lazy\" decoding=\"async\" class=\" size-full wp-image-755\" style=\"width: 275px; height: 278px;\" src=\"https:\/\/zelking.grafikweb.eu\/wp-content\/uploads\/2014\/01\/gaming.jpg\" alt=\"\" width=\"365\" height=\"370\" srcset=\"https:\/\/zelking.grafikweb.eu\/wp-content\/uploads\/2014\/01\/gaming.jpg 365w, https:\/\/zelking.grafikweb.eu\/wp-content\/uploads\/2014\/01\/gaming-296x300.jpg 296w, https:\/\/zelking.grafikweb.eu\/wp-content\/uploads\/2014\/01\/gaming-100x100.jpg 100w\" sizes=\"auto, (max-width: 365px) 100vw, 365px\" \/><br \/>\n<span style=\"color: #000000;\"><span style=\"font-size: 14px;\">Ehemalige Karth\u00e4userkirche in Gamming<\/span><\/span> <span style=\"font-size: 14px;\"><span style=\"color: #000000;\">(Radierung von Franz Knapp).<br \/>\n<\/span><\/span><\/div>\n<div style=\"text-align: center;\"><\/div>\n<div style=\"text-align: justify;\">\n<p><span style=\"color: #000000;\"><span style=\"font-size: 14px;\">(Eine Anfragen, ob man diese, heute noch bestehende Kate nicht als eine Art Museum herrichten wolle, stie\u00df leider auf Ablehnung. Man h\u00e4tte hier keine <\/span><span style=\"font-size: 14px;\">Originalbilder <\/span><span style=\"font-size: 14px;\">auszustellen brauchen! Es w\u00e4re sicherlich kein Nachteil f\u00fcr Kienberg gewesen, denn man h\u00e4tte nur das Dach etwas ausbessern und die Brennessel entfernen <\/span><span style=\"font-size: 14px;\">m\u00fcssen.)<\/span><br \/>\n<span style=\"font-size: 14px;\">W\u00e4hrend Mutter Katharina mit ihrem kargen Tagelohn die Familie ern\u00e4hrte, k\u00e4mpfte \u201ei<\/span><span style=\"font-size: 14px;\">rgendwo<\/span><\/span><span style=\"color: #000000;\"><span style=\"font-size: 14px;\">\u201c<\/span><\/span><span style=\"color: #000000;\"><span style=\"font-size: 14px;\"> Vater Knapp f\u00fcr Kaiser, Volk und Vaterland.<\/span><\/span><\/p>\n<\/div>\n<div style=\"text-align: center;\">\n<p><img loading=\"lazy\" decoding=\"async\" class=\" size-full wp-image-756\" style=\"width: 187px; height: 263px;\" src=\"https:\/\/zelking.grafikweb.eu\/wp-content\/uploads\/2014\/01\/mutter%20und%20franzl.jpg\" alt=\"\" width=\"250\" height=\"338\" \/><br \/>\n<span style=\"color: #000000;\"><span style=\"font-size: 14px;\">Mutter Katharina mit dem kleinen \u201eFranzl\u201c<\/span><\/span><span style=\"color: #000000;\"><span style=\"font-size: 14px;\"> (Ausschnitt aus einem Gruppenfoto).<\/span><\/span><\/p>\n<\/div>\n<div style=\"text-align: justify;\">\n<p><span style=\"color: #000000;\"><span style=\"font-size: 14px;\">Mit dem unter anderem 5-j\u00e4hrigen zog die Familie Knapp nach Wieselburg und wohnten im Schloss Rottenhaus (1282 erstmals urkundlich erw\u00e4hnt). In Wieselburg wurde die Volksschule besucht. Sp\u00e4ter wurde nach Petzenkirchen \u00fcbersiedelt, wo die Volksschulzeit auch beendet wurde.<\/span><\/span><\/p>\n<p>&nbsp;<\/p>\n<\/div>\n<div style=\"text-align: center;\"><span style=\"color: #000000;\"><strong><span style=\"font-size: 16px;\">Ein Zeichenbegabter Sch\u00fcler<\/span><\/strong><\/span><\/div>\n<div style=\"text-align: justify;\">\n<p><span style=\"color: #000000;\"><span style=\"font-size: 14px;\">In der vierten Volksschulklasse ist im Zeichenunterricht die zeichnerische Begabung von Franz Knapp aufgefallen. Ein \u201esehender<\/span><\/span><span style=\"color: #000000;\"><span style=\"font-size: 14px;\">\u201c<\/span><\/span><span style=\"color: #000000;\"><span style=\"font-size: 14px;\"> P\u00e4dagoge sagte einmal zu ihm: \u201eFranzl, mit dir muss was geschehen!<\/span><\/span><span style=\"color: #000000;\"><span style=\"font-size: 14px;\">\u201c<\/span><\/span><span style=\"color: #000000;\"><span style=\"font-size: 14px;\"> \u2013 aber es geschah (aus graphischer Sicht) nichts. Die meisten Zeichnungen wurden an die Mitsch\u00fcler und dem Lehrpersonal abgegeben. Franz Knapp bedauerte im hohem Alter, dass aus dieser Zeit kein einziges \u201eWerk\u201c mehr vorhanden ist. <\/span><span style=\"font-size: 14px;\">Bei warmer Witterung wurde in Gottes freier Natur und in der kalten Jahreszeit<\/span> <span style=\"font-size: 14px;\">anhand von pr\u00e4parierten Tieren usw., dem zeichnerischen Talenten<\/span><span style=\"font-size: 14px;\"> gen\u00fcge getan. <\/span><span style=\"font-size: 14px;\">Als Heranwachsender tauschte er des \u00d6fteren seine gezeichneten Pferdek\u00f6pfe bei einem Fleischhauer gegen etwas Handfestes \u2013 eine Knacker ein (Hunger war immer vorhanden, so lt. seiner Erz\u00e4hlung).<\/span><\/span><\/p>\n<\/div>\n<div style=\"text-align: center;\">\n<p><img loading=\"lazy\" decoding=\"async\" class=\" size-full wp-image-757\" style=\"width: 443px; height: 259px;\" src=\"https:\/\/zelking.grafikweb.eu\/wp-content\/uploads\/2014\/01\/fk%20schule%20in%20wieselburg%201926.jpg\" alt=\"\" width=\"450\" height=\"264\" \/><br \/>\n<span style=\"font-size: 14px;\"><span style=\"color: #000000;\">Volksschule in Wieselburg (1926).<br \/>\nKnapp befindet sich in der ersten Reihe, der 6. von links.<\/span><\/span><br \/>\n<span style=\"font-size: 14px;\"><span style=\"color: #000000;\"><span style=\"color: #000000;\"><span style=\"font-size: 14px;\">(Bild von Franz Xaver Knapp zur Verf\u00fcgung gestellt.<\/span><\/span><span style=\"font-size: 14px;\"><span style=\"color: #000000;\">)<\/span><\/span><\/span><\/span><\/p>\n<p><img loading=\"lazy\" decoding=\"async\" class=\" size-full wp-image-758\" style=\"width: 441px; height: 289px;\" src=\"https:\/\/zelking.grafikweb.eu\/wp-content\/uploads\/2014\/01\/fk%20schule%20in%20petzenkirchen%201930.jpg\" alt=\"\" width=\"450\" height=\"299\" \/><br \/>\n<span style=\"font-size: 14px;\"><span style=\"color: #000000;\">Volksschule in Petzenkirchen (1930).<br \/>\nKnapp ist der 2. von links in der letzten Reihe.<\/span><\/span><br \/>\n<span style=\"font-size: 14px;\"><span style=\"color: #000000;\"><span style=\"color: #000000;\"><span style=\"font-size: 14px;\">(Bild von Franz Xaver Knapp <\/span><\/span><\/span><\/span><span style=\"font-size: 14px;\"><span style=\"color: #000000;\"><span style=\"color: #000000;\"><span style=\"font-size: 14px;\">zur Verf\u00fcgung gestellt.<\/span><\/span><\/span><\/span><span style=\"font-size: 14px;\"><span style=\"color: #000000;\"><span style=\"font-size: 14px;\"><span style=\"color: #000000;\">)<\/span><\/span><\/span><\/span><\/p>\n<\/div>\n<div style=\"text-align: justify;\">\n<p><span style=\"color: #000000;\"><span style=\"font-size: 14px;\">Seine Kindheit und Jugend war f\u00fcr in harmonisch, aber der Gabentisch (laut seinen damaligen Erinnerungen) nicht gerade als \u00fcppig zu bezeichnen. Der Heranwachsende hatte immer Apetitt, sodass im Korb, in welchem Futter f\u00fcr die eigenen Kaninchen lag, sich \u00f6fters ein Fisch \u201ehinein verirrte\u201c und es wurde aus ihm ein \u201eKr\u00e4henfeind\u201c,<\/span><span style=\"font-size: 14px;\"> denn wenn ein Kr\u00e4hennest entdeckt wurde, nahmen der kleine Franzl und auch seine Spielkameraden die Jungv\u00f6gel aus den Nestern und \u201ewanderten\u201c dann in Mutters K\u00fcche<\/span><span style=\"font-size: 14px;\">.<br \/>\nDie Altkr\u00e4hen \u2013 sobald sie die Kinder gewahr wurden, umflogen diese kr\u00e4chzend, bis kein Kind mehr von ihnen zu sehen war.<\/span><\/span><\/p>\n<p><span style=\"color: #000000;\"><span style=\"font-size: 14px;\">Noch als Sch\u00fcler war er mit einer Kr\u00e4he in \u201eBlickverbindung\u201c, welche ihm nach dem Unterricht \u2013 zum \u201eGaudium\u201c der Mitsch\u00fcler auf den Schulranzen geflogen kam.<\/span><\/span><br \/>\n<span style=\"color: #000000;\"><span style=\"font-size: 14px;\">Aus dem einstigen \u201eKr\u00e4hensaulus\u201c wurde Jahre sp\u00e4ter ein \u201eKr\u00e4henpaulus\u201c (siehe Beitrag Zweiter Weltkrieg).<\/span><\/span><\/p>\n<p>Im Winter 1928\/29 fiel er als 12-j\u00e4hriger beim Stangeln <span style=\"font-size: 14px;\">(Fahren mit einer Zille)<\/span><span style=\"font-size: 14px;\">, durch steckenbleiben im Schlamm, ins Wasser. Sein Sonntagsanzug, der schmutzig und durchn\u00e4sst war, wurde so gut es ging gereinigt und auf Steinen \u201egetrocknet\u201c. F\u00fcr den kleinen Franzl h\u00e4tte es, da sich die Familie nicht oft eine Sonntagsausstattung f\u00fcr ihn leisten konnte, eine Tracht Pr\u00fcgel gegeben. Das Hineinfallen d\u00fcrfte der Ausl\u00f6ser f\u00fcr seine weithin ber\u00fchmten \u201eDonauspr\u00fcnge\u201c gewesen sein. Franz Knapp badete auch bei Minus 10 und mehr Grade in der Donau, indem das Eis aufgehackt wurde. Bis in das Greisenalter wurde beinahe t\u00e4glich in \u201eseinem<\/span><span style=\"color: #000000;\"><span style=\"font-size: 14px;\">\u201c<\/span><\/span><span style=\"color: #000000;\"><span style=\"font-size: 14px;\"> Fluss gebadet. Eine Verk\u00fchlung kannte er daher nie!<\/span><\/span><\/p>\n<p>&nbsp;<\/p>\n<\/div>\n<div style=\"text-align: center;\">\n<p><img loading=\"lazy\" decoding=\"async\" class=\" size-full wp-image-759\" style=\"width: 347px; height: 223px;\" src=\"https:\/\/zelking.grafikweb.eu\/wp-content\/uploads\/2014\/01\/fk%20-%20mehr%20als%20saukalt.jpg\" alt=\"\" width=\"380\" height=\"244\" \/><br \/>\n<span style=\"color: #000000;\"><span style=\"font-size: 14px;\">\u201eBrrrrrrrrrrr\u201c!<br \/>\n<\/span><\/span><span style=\"font-size: 14px;\"><span style=\"color: #000000;\"><span style=\"color: #000000;\"><span style=\"font-size: 14px;\">(Bild von Franz Xaver Knapp zur Verf\u00fcgung gestellt<\/span><\/span><span style=\"font-size: 14px;\"><span style=\"color: #000000;\">).<\/span><\/span><\/span><\/span><\/p>\n<p><img loading=\"lazy\" decoding=\"async\" class=\" size-full wp-image-760\" style=\"width: 439px; height: 398px;\" src=\"https:\/\/zelking.grafikweb.eu\/wp-content\/uploads\/2014\/01\/knapp%20und%20eis.jpg\" alt=\"\" width=\"500\" height=\"454\" \/><br \/>\n<span style=\"font-size: 14px;\"><span style=\"color: #000000;\"><span style=\"font-size: 14px;\"><span style=\"color: #000000;\"> <span style=\"color: #000000;\">Zeitungsausschnitt (N\u00d6N-Melk) vom Juni 1996.<br \/>\n<\/span><\/span><\/span><\/span><\/span><\/p>\n<\/div>\n<div style=\"text-align: justify;\"><span style=\"color: #000000;\"><span style=\"font-size: 14px;\">Die Donau lie\u00df ihn bis zu seinem Tode nicht mehr los und pr\u00e4gte ihn nachhaltig. Seine zahlreichen Donaumotive legen Zeugnis davon ab, sei es in Zeichnungen, Aquarellen oder Radierungen, die er der Nachwelt hinterlassen hatte.<br \/>\n<\/span><\/span><\/div>\n<div style=\"text-align: center;\">\n<p><img loading=\"lazy\" decoding=\"async\" class=\" size-full wp-image-761\" style=\"width: 244px; height: 201px;\" src=\"https:\/\/zelking.grafikweb.eu\/wp-content\/uploads\/2014\/01\/an%20der%20donau%201969.jpg\" alt=\"\" width=\"380\" height=\"317\" \/> <img loading=\"lazy\" decoding=\"async\" class=\" size-full wp-image-762\" style=\"width: 348px; height: 201px;\" src=\"https:\/\/zelking.grafikweb.eu\/wp-content\/uploads\/2014\/01\/aal.jpg\" alt=\"\" width=\"400\" height=\"238\" srcset=\"https:\/\/zelking.grafikweb.eu\/wp-content\/uploads\/2014\/01\/aal.jpg 400w, https:\/\/zelking.grafikweb.eu\/wp-content\/uploads\/2014\/01\/aal-300x179.jpg 300w\" sizes=\"auto, (max-width: 400px) 100vw, 400px\" \/><br \/>\n<span style=\"font-size: 14px;\"><span style=\"color: #000000;\">An der Donau (1949) <span style=\"color: #000000;\">und Aal (1976)<\/span><br \/>\n<\/span><\/span><\/p>\n<\/div>\n<div style=\"text-align: justify;\">\n<p><span style=\"color: #000000;\"><span style=\"font-size: 14px;\">Wie werde ich aufh\u00f6ren? Diese Frage stellte er sich \u00f6fters im Laufe der Zeit. Ein Schlaganfall 1998 l\u00f6ste diese Frage abrupt (siehe Beitrag: <span style=\"font-size: 16px;\"><strong>Der Schicksalsschlag<\/strong><\/span>).<\/span><\/span><\/p>\n<p>&nbsp;<\/p>\n<\/div>\n<div style=\"text-align: center;\">\n<p><span style=\"color: #000000;\"><strong><span style=\"font-size: 16px;\">Backe, backe Kuchen, &#8230;<\/span><\/strong><\/span><\/p>\n<\/div>\n<div style=\"text-align: justify;\">\n<p><span style=\"color: #000000;\"><span style=\"font-size: 14px;\">In der heutigen Friedensgemeinde Erlauf wurde das B\u00e4ckerhandwerk erlernt. Schon als 14-j\u00e4hriger musste er als Lehrling <\/span><span style=\"font-size: 14px;\">bei jedem Wetter <\/span><span style=\"font-size: 14px;\">Brot und Geb\u00e4ck mittels eines Buckelkorbes zu den Kunden tragen \u00a0\u2013 da hie\u00df es \u201eins G\u00e4u gehen\u201c (= zu den Kunden au\u00dferhalb von Erlauf die Backwaren mittels Buckelkorb und Fahrrad bringen). Wenn ab und zu einige Groschen abfielen, so kaufte er sich Blei- oder Buntstifte sowie Papier, denn Zeichnen bedeute ihm immer mehr. Man kannte ihn nur als \u201eFendtbua\u201c oder \u201eda B\u00e4ckabua vom Fendt\u201c (der B\u00e4ckermeister hie\u00df Fendt). Einer der Fendtbr\u00fcder war Lungenkrank und auf Gehei\u00df der \u201eChefin\u201c musste Knapp die Essensreste konsumieren!! Als B\u00e4ckerlehrling kam er immer beim \u201eG\u00e4ugehen\u201c an einem Werksbach vorbei. Den Buckelkorb neben das Rad hinstellen, sich Ausziehen und ins Wasser springen war fast t\u00e4glich \u201edrinnen.\u201c Erst als Geselle wurde er mit \u201eH<\/span><span style=\"font-size: 14px;\">err Franz\u201c angesprochen.<\/span><\/span><\/p>\n<\/div>\n<div style=\"text-align: center;\">\n<p><img loading=\"lazy\" decoding=\"async\" class=\" size-full wp-image-763\" style=\"width: 376px; height: 239px;\" src=\"https:\/\/zelking.grafikweb.eu\/wp-content\/uploads\/2014\/01\/erlauf%201949%20nach%20orig.%20rad.%20aus%201994.jpg\" alt=\"\" width=\"400\" height=\"255\" \/><br \/>\n<span style=\"font-size: 14px;\"><span style=\"color: #000000;\">Erlauf nach einer Originalradierung von 1994 (wie es 1949 ausgesehen hatte <\/span><\/span><span style=\"font-size: 14px;\"><span style=\"color: #000000;\">\u2013<\/span><\/span><span style=\"font-size: 14px;\"><span style=\"color: #000000;\"> rechts das heute nicht mehr bestehende Geburtshaus von Sohn Franz Xaver).<\/span><\/span><\/p>\n<\/div>\n<div style=\"text-align: justify;\"><span style=\"color: #000000;\"><span style=\"font-size: 14px;\">An manchem Sonntag ging er ins Gasthaus um sich beim Aufstellen von Kegeln in einer Kegelbahn etwas Geld dazuverdienen zu k\u00f6nnen.<\/span><\/span><\/div>\n<div style=\"text-align: justify;\"><span style=\"font-size: 14px;\"><span style=\"color: #000000;\">In dieser Zeit vertiefte sich der Jugendliche\u00a0 \u2013\u00a0 zu seinem Vorteil im Turnen (er war Mitglied beim\u00a0 \u201eChristlich Deutscher Turnverein\u201c in P\u00f6chlarn, der 1936 verboten wurde und er rauchte auch nicht, was sich in seiner Soldatenzeit sp\u00e4ter als n\u00fctzlich erwies).<br \/>\nIn Erlauf lernte Franz Knapp auch seine sp\u00e4tere Gattin, Margareta Theresia Lechner kennen und lieben.<\/span><\/span><\/div>\n<div style=\"text-align: center;\"><\/div>\n<div style=\"text-align: center;\"><span style=\"color: #000000;\"><span style=\"font-size: 16px;\"><strong>Still gestanden!<\/strong><\/span><br \/>\n<\/span><\/div>\n<div style=\"text-align: justify;\">\n<p><span style=\"color: #000000;\"><span style=\"font-size: 14px;\">Am 1. Oktober 1937 wurde Franz Knapp zum \u00f6sterreichischen Milit\u00e4r nach Salzburg einberufen und kam zuerst zu den Gebirgsj\u00e4gern.\u00a0<\/span><\/span><\/p>\n<\/div>\n<div style=\"text-align: center;\"><span style=\"color: #000000;\"><img loading=\"lazy\" decoding=\"async\" class=\" size-full wp-image-764\" style=\"width: 214px; height: 226px;\" src=\"https:\/\/zelking.grafikweb.eu\/wp-content\/uploads\/2014\/01\/jungsoldat.jpg\" alt=\"\" width=\"260\" height=\"275\" \/><br \/>\n<span style=\"color: #000000;\"><span style=\"font-size: 14px;\">\u201eJungsoldat\u201c Franz Knapp (beim \u00f6sterreichischen Milit\u00e4r<\/span><\/span><span style=\"font-size: 14px;\">).<\/span>\u00a0<\/span><\/div>\n<div style=\"text-align: justify;\">\n<p><span style=\"color: #000000;\"><span style=\"font-size: 14px;\">Seine Einheit musste kurz vor dem Einmarsch der deutschen Wehrmacht in \u00d6sterreich noch Sch\u00fctzengr\u00e4ben ausheben um einen Einmarsch zu verhindern. Als <\/span><span style=\"font-size: 14px;\">Junkers (ein Flugzeugtyp) um etwa 2 Uhr am 12. M\u00e4rz 1938 \u00fcber die K\u00f6pfe der Soldaten hinwegbrausten, wurde dieser Plan aufgegeben.<\/span><\/span><\/p>\n<\/div>\n<div style=\"text-align: center;\"><span style=\"color: #000000;\"><span style=\"color: #000000;\"><a class=\"image\" title=\"Ju 52\/3m der Lufthansa (D-AQUI)\" href=\"w\/index.php?title=Datei:JU-52.jpg&amp;filetimestamp=20091213180802\"><img decoding=\"async\" style=\"width: 295px; height: 198px;\" src=\"http:\/\/upload.wikimedia.org\/wikipedia\/commons\/thumb\/0\/02\/JU-52.jpg\/250px-JU-52.jpg\" alt=\"Ju 52\/3m der Lufthansa (D-AQUI)\" \/><\/a><a class=\"image\" title=\"Ju 52\/3m der Lufthansa (D-AQUI)\" href=\"w\/index.php?title=Datei:JU-52.jpg&amp;filetimestamp=20091213180802\"><br \/>\n<span style=\"color: #000000;\"><span style=\"color: #000000;\"><span style=\"font-size: 14px;\"> Junkers Ju 52\/3m (Bild aus Wikipedia)<\/span><\/span><br \/>\n<span style=\"color: #000000;\"><span style=\"color: #000000;\"><span style=\"font-size: 14px;\">\u201eTante Ju\u201c.<\/span><\/span><\/span><\/span><\/a><\/span><\/span><\/div>\n<div style=\"text-align: justify;\">\n<p><span style=\"color: #000000;\"><span style=\"font-size: 14px;\">Die Zimmer in der Kaserne wurden nach dem Einmarsch von den deutschen Soldaten sofort in Beschlag genommen, und die \u00f6sterreichischen Soldaten vorerst ausquartiert.<br \/>\n<\/span><br \/>\n<span style=\"font-size: 14px;\"> Bei der deutschen Wehrmacht lie\u00df sich Franz Knapp zum Sanit\u00e4ter ausbilden.<\/span><\/span><\/p>\n<p>Daten aus dem \u00d6sterreichischen Staatsarchiv Abt. Kriegsarchiv, 1070 Wien:<br \/>\n<span style=\"font-size: 12px;\"><strong>\u00d6sterreichisches Bundesheer: 1. 10. 1937<\/strong><\/span><strong><span style=\"color: #000000;\"><span style=\"color: #000000;\">\u2013<\/span><\/span><\/strong><span style=\"font-size: 12px;\"><strong>12. 3. 1938 (D-Mann).<br \/>\nDeutsche Wehrmacht: 13. 3.<\/strong><\/span><span style=\"color: #000000;\"><span style=\"color: #000000;\"><span style=\"font-size: 14px;\"><span style=\"color: #000000;\">\u2013<\/span><\/span><\/span><\/span><span style=\"font-size: 12px;\"><strong>8. 5. 1945.<br \/>\nWestalliierte Kriegsgefangenschaftt: 9. 5. 1945<\/strong><\/span><span style=\"color: #000000;\"><span style=\"color: #000000;\"><span style=\"font-size: 14px;\"><span style=\"color: #000000;\">\u2013<\/span><\/span><\/span><\/span><span style=\"font-size: 12px;\"><strong>9. 2. 1946.<\/strong><\/span><\/p>\n<p>&nbsp;<\/p>\n<\/div>\n<div style=\"text-align: center;\">\n<p><span style=\"color: #000000;\"><strong><span style=\"font-size: 16px;\">Der Zweite Weltkrieg<\/span><\/strong><\/span><\/p>\n<\/div>\n<div style=\"text-align: justify;\">\n<p><span style=\"color: #000000;\"><strong><span style=\"font-size: 12px;\">(*)<\/span><\/strong><span style=\"font-size: 14px;\"> Danzig, 1. September 1939.<br \/>\nIn dichten Nebel geh\u00fcllt, ragt aus dem Hafenkanal Neufahrwasser die m\u00e4chtige Silhouette des Schulschiffes \u201eS<\/span><span style=\"font-size: 14px;\">chleswig-Holstein\u201c (127 m lang, 22,2 m breit, 16000 PS; Bewaffnung: 4 St\u00fcck 28cm-Kanonnen in Doppelt\u00fcrmen, 10 St\u00fcck 15cm-Kanonen, 4 St\u00fcck 8,8cm-Flak, 4 St\u00fcck 3,7cm-Flak und 4 St\u00fcck 2cm-Flak).<br \/>\nDie Uhr der nahe gelegenen Kirche hat bereits 4.30 Uhr geschlagen, als durch den Wald, der die polnische Enklave (die; frz., ein fremdstaatliches Gebiet im eigenen Staatsgebiet) Westernplatte umgibt, ein einzelner Pistolenschuss peitscht. Die polnischen Milit\u00e4rposten r\u00fccken n\u00e4her zusammen. Danach herrscht wieder Stille, nur von weit her h\u00f6rt man Hundegebell.<br \/>\nPl\u00f6tzlich, um 4,45 Uhr, zerrei\u00dft ein Donner die Luft: Die \u201eSchleswig-Holstein\u201c er\u00f6ffnet das Feuer.<\/span><\/span><\/p>\n<p>&nbsp;<\/p>\n<\/div>\n<div style=\"text-align: center;\"><a class=\"image\" href=\"wiki\/Datei:Bundesarchiv_DVM_10_Bild-23-63-47,_Linienschiff_%22Schleswig-Holstein%22.jpg\"><img loading=\"lazy\" decoding=\"async\" src=\"http:\/\/upload.wikimedia.org\/wikipedia\/commons\/thumb\/1\/14\/Bundesarchiv_DVM_10_Bild-23-63-47%2C_Linienschiff_%22Schleswig-Holstein%22.jpg\/350px-Bundesarchiv_DVM_10_Bild-23-63-47%2C_Linienschiff_%22Schleswig-Holstein%22.jpg\" alt=\"Bundesarchiv DVM 10 Bild-23-63-47, Linienschiff &quot;Schleswig-Holstein&quot;.jpg\" width=\"350\" height=\"218\" \/><\/a><\/div>\n<div style=\"text-align: center;\"><span style=\"color: #000000;\"><span style=\"font-size: 14px;\">Die \u201eSchleswig-Holstein\u201c (nach dem Umbau <\/span><span style=\"font-size: 14px;\">\u2013<\/span><span style=\"font-size: 14px;\"> Bild aus Wikipedia)<\/span><\/span><\/div>\n<div style=\"text-align: justify;\">\n<p><span style=\"color: #000000;\"><span style=\"font-size: 14px;\">Salve um Salve ihrer gewaltigen Gesch\u00fctze decken in direktem Feuer die Westernplatte ein. Der Zweite Weltkrieg hat begonnen. Ohne Kriegserkl\u00e4rung \u00fcberf\u00e4llt Hitler (Teile der deutschen Wehrmacht!) Polen <\/span><span style=\"font-size: 14px;\"><strong>(<span style=\"font-size: 12px;\">* Entnommen aus: Janusz Piekalkiewicz, <\/span><\/strong><span style=\"font-size: 12px;\"><strong>Der Zweite Weltkrieg<\/strong><strong>, Genehmigte Lizenzausgabe f\u00fcr Weltbild Verlag GmbH, Augsburg 1993, 77)<\/strong><\/span>.<\/span><\/span><\/p>\n<p><span style=\"font-size: 14px;\">Als Vorturner beim<\/span> <span style=\"font-size: 14px;\">\u201e<\/span><span style=\"font-size: 12px;\"><span style=\"font-size: 14px;\">Christlich Deutscher Turnverein<\/span><\/span><span style=\"font-size: 14px;\">\u201c<\/span><span style=\"font-size: 12px;\"><span style=\"font-size: 14px;\"> t\u00e4tig, brachte dem jungen Knapp sp\u00e4ter (k\u00f6rperliche) Vorteile gegen\u00fcber so manch anderen Kameraden ein. Als Nichtraucher mu\u00dfte er auch nicht seine Nahrungsmittel gegen Zigaretten eintauschen, dadurch hungerten viele Raucher und mancher Soldat verstarb <\/span><\/span><span style=\"font-size: 12px;\"><span style=\"font-size: 14px;\">(im Laufe des Krieges)<\/span><\/span><span style=\"font-size: 12px;\"><span style=\"font-size: 14px;\"> wegen mangelnder Nahrung (aber\u00a0 auch\u00a0 in der Gefangenschaft).<\/span><\/span><\/p>\n<p>Im <span style=\"font-size: 14px;\">\u201e<\/span><span style=\"font-size: 12px;\"><span style=\"font-size: 14px;\">Polenfeldzug<\/span><\/span><span style=\"font-size: 14px;\">\u201c<\/span><span style=\"font-size: 12px;\"><span style=\"font-size: 14px;\"> war erstmals die Realit\u00e4t gegeben, Hilfe den Verwundeten angedeihen zu lassen.<\/span><\/span><\/p>\n<p>Bei einem Fronturlaub im Dezember 1939 (am 21.) heiratete er<span style=\"font-size: 14px;\"> \u201e<\/span><span style=\"font-size: 12px;\"><span style=\"font-size: 14px;\">seine<\/span><\/span><span style=\"font-size: 14px;\">\u201c<\/span><span style=\"font-size: 12px;\"><span style=\"font-size: 14px;\"> Margareta Theresia (Rufname <\/span><\/span><span style=\"font-size: 14px;\">\u201e<\/span><span style=\"font-size: 12px;\"><span style=\"font-size: 14px;\">Gretl<\/span><\/span><span style=\"font-size: 14px;\">\u201c<\/span><span style=\"font-size: 12px;\"><span style=\"font-size: 14px;\">), die nach und nach f\u00fcnf Kindern das Leben schenkte.<\/span><\/span><\/p>\n<\/div>\n<div style=\"text-align: center;\">\n<p><img loading=\"lazy\" decoding=\"async\" class=\" size-full wp-image-765\" style=\"width: 239px; height: 315px;\" src=\"https:\/\/zelking.grafikweb.eu\/wp-content\/uploads\/2014\/01\/knapphochzeit%2021.%20dez.%201939.jpg\" alt=\"\" width=\"450\" height=\"594\" \/><br \/>\n<span style=\"color: #000000;\"><span style=\"font-size: 14px;\">Hochzeitsfoto mit den \u201edazupassenden\u201c V\u00e4tern.<\/span><\/span><\/p>\n<p><img loading=\"lazy\" decoding=\"async\" class=\" size-full wp-image-766\" style=\"width: 385px; height: 232px;\" src=\"https:\/\/zelking.grafikweb.eu\/wp-content\/uploads\/2014\/01\/fk%20dokument%201939%202.jpg\" alt=\"\" width=\"419\" height=\"252\" \/><br \/>\n<span style=\"font-size: 14px;\">\u00a0<\/span><span style=\"color: #000000;\"><span style=\"font-size: 14px;\">\u201e<\/span><span style=\"font-size: 14px;\">Ariernachweis<\/span><span style=\"font-size: 14px;\">\u201c.<\/span><\/span><\/p>\n<p><img loading=\"lazy\" decoding=\"async\" class=\" size-full wp-image-767\" style=\"width: 392px; height: 283px;\" src=\"https:\/\/zelking.grafikweb.eu\/wp-content\/uploads\/2014\/01\/fk%20dokument%201939%20b.jpg\" alt=\"\" width=\"474\" height=\"337\" \/><br \/>\n<span style=\"color: #000000;\"> <span style=\"font-size: 14px;\">Ehetauglichkeitszeugnis.<\/span><\/span><\/p>\n<p><img loading=\"lazy\" decoding=\"async\" class=\" size-full wp-image-768\" style=\"width: 295px; height: 433px;\" src=\"https:\/\/zelking.grafikweb.eu\/wp-content\/uploads\/2014\/01\/fk%20dokument%201939%20c.jpg\" alt=\"\" width=\"333\" height=\"488\" \/><br \/>\n<span style=\"color: #000000;\">\u00a0 <span style=\"font-size: 14px;\">Heiratsurkunde (in Kurrent geschrieben!).<\/span><\/span><\/p>\n<\/div>\n<div style=\"text-align: justify;\">\n<p><span style=\"color: #000000;\"><span style=\"font-size: 12px;\"><span style=\"font-size: 14px;\">In der Liste: Stellenbesetzung des San.-Personals, <\/span><\/span><span style=\"font-size: 14px;\">\u201e<\/span><span style=\"font-size: 12px;\"><span style=\"font-size: 14px;\">rangiert<\/span><\/span><span style=\"font-size: 14px;\">\u201c<\/span><span style=\"font-size: 12px;\"><span style=\"font-size: 14px;\"> Franz Knapp an zweiter Stelle.<br \/>\n(Dienstgrad:) San.-Fw., (Name, Vorname:) Knapp, Franz, (Beruf:) B\u00e4cker, (Beschriftung d. Erk.Marke:) Nr. 278 L. F. W. San. Ers. Kp. 10 (geb. am:) 20. 11. 1916 (Geburtsort:) Gaming N.D., Letzte Bef\u00f6rderung:) 1. 12. 1941, (Diensteintrtt:) 1. 10. 37, (Heimat W. B. K.:) Melk N.D, (Heimatanschrift:) <span style=\"text-decoration: underline;\">Ehefrau <\/span>Grete Knapp Erlauf 28, N.-D. 120, (wo eingesetzt:) T. V. P.<\/span><\/span><\/span><\/p>\n<p>Bereits am 10. Mai 1940 war er beim <span style=\"font-size: 14px;\">\u201e<\/span><span style=\"font-size: 12px;\"><span style=\"font-size: 14px;\">Blitzkrieg<\/span><\/span><span style=\"font-size: 14px;\">\u201c<\/span><span style=\"font-size: 12px;\"><span style=\"font-size: 14px;\"> in Frankreich dabei. Lyon, Le Havre (hier verbrachte er Weihnacht 1940), Paris\u00a0 usw, sind ihm nicht unbekannt; nachher ging es nach Sizilien um den <\/span><\/span><span style=\"font-size: 14px;\">\u201e<\/span><span style=\"font-size: 12px;\"><span style=\"font-size: 14px;\">Duce<\/span><\/span><span style=\"font-size: 14px;\">\u201c<\/span> <span style=\"font-size: 12px;\"><span style=\"font-size: 14px;\"> (Benito Mussolini) zu helfen (bis Mai\/Juni war Knapp in Sizilien, nachher wurde seine Einheit dann in den Osten verlegt).<\/span><\/span><\/p>\n<p>&nbsp;<\/p>\n<\/div>\n<div style=\"text-align: center;\"><img loading=\"lazy\" decoding=\"async\" class=\" size-full wp-image-769\" style=\"width: 367px; height: 224px;\" src=\"https:\/\/zelking.grafikweb.eu\/wp-content\/uploads\/2014\/01\/fk%20in%20sizilien%20i.jpg\" alt=\"\" width=\"450\" height=\"275\" \/><br \/>\n<span style=\"color: #000000;\"><span style=\"font-size: 14px;\">Franz Knapp (mit Kinder) in Sizilien.<\/span><\/span><\/div>\n<div><\/div>\n<div style=\"text-align: justify;\">\n<p><span style=\"color: #000000;\"><span style=\"font-size: 14px;\">Nicht nur Knapp war froh dieses hei\u00dfe Gebiet <\/span><span style=\"font-size: 14px;\">verlassen zu k\u00f6nnen.<\/span><br \/>\n<span style=\"font-size: 14px;\">\u201eDeutsche\u201c Soldaten waren (vorerst) bei der sizilianischen Bev\u00f6lkerung sehr beliebt.<br \/>\nIm Sommer 1940 konnte Franz Knapp an der franz\u00f6sischen Kanalk\u00fcste bei Calais stehend, nach der englischen K\u00fcste blicken.<\/span><br \/>\n<span style=\"font-size: 14px;\">Zu einer Invasion kam es nicht mehr, daher wendete man sich dem Intimfeind Russland zu.<br \/>\n<\/span><\/span><\/p>\n<p>&nbsp;<\/p>\n<\/div>\n<div style=\"text-align: center;\"><img loading=\"lazy\" decoding=\"async\" class=\" size-full wp-image-770\" style=\"width: 169px; height: 273px;\" src=\"https:\/\/zelking.grafikweb.eu\/wp-content\/uploads\/2014\/01\/fk%20%20kamerad.jpg\" alt=\"\" width=\"300\" height=\"485\" \/><br \/>\n<span style=\"color: #000000;\"><span style=\"font-size: 14px;\">Franz Knapp (rechts, als \u201edeutscher\u201c Soldat) mit einem Kameraden.<br \/>\n<\/span><\/span><span style=\"font-size: 14px;\"><span style=\"color: #000000;\"><span style=\"color: #000000;\"><span style=\"font-size: 14px;\">(Bild von Franz Xaver Knapp <\/span><\/span><\/span><\/span><span style=\"font-size: 14px;\"><span style=\"color: #000000;\"><span style=\"color: #000000;\"><span style=\"font-size: 14px;\">zur Verf\u00fcgung gestellt.<\/span><\/span><\/span><\/span><span style=\"font-size: 14px;\"><span style=\"color: #000000;\"><span style=\"font-size: 14px;\"><span style=\"color: #000000;\">)<\/span><\/span><\/span><\/span><\/div>\n<div style=\"text-align: justify;\"><\/div>\n<div style=\"text-align: justify;\"><span style=\"color: #000000;\"><span style=\"font-size: 14px;\">Den ersten Kriegswinter (so laut Erinnerung) verbrachten die <\/span> <span style=\"font-size: 14px;\">\u201eRusslandsoldaten<\/span><span style=\"font-size: 14px;\">\u201c<\/span> <span style=\"font-size: 14px;\">in Zelten, wobei mindestens <\/span><span style=\"font-size: 14px;\">50 cm Stroh auf dem gefrorenen Boden aufgeschlichtet wurde, wobei man die komplette Uniform anbehielt bzw. auch mit allen Decken denen man habhaft werden konnte, geschlafen wurde (<\/span><span style=\"font-size: 14px;\">\u201e<\/span><span style=\"font-size: 14px;\">gute Nacht<\/span><span style=\"font-size: 14px;\">\u201c<\/span><span style=\"font-size: 14px;\">).<br \/>\nWaschen war oft ein Luxus. Wasser wurde manches Mal von weit herangebracht (im Winter half man sich mit geschmolzenem Schnee)!<br \/>\nBei einem Bombenangriff wurde Knapp verwundet und da er bereits beim Polenfeldzug dabei gewesen war, erhielt er das EK (Eiserne Kreuz) II verliehen.<br \/>\nAuf dem Wege nach Leningrad sah auch Knapp zahlreiche Soldatengr\u00e4ber. In einem frischen Grab befanden sich mehrere SS-Soldaten und ein Offizier beerdigt. Auf dem Schild stand: <\/span><span style=\"font-size: 14px;\">\u201e<\/span><span style=\"font-size: 14px;\">Deutschland mu\u00df leben, auch wenn wir sterben m\u00fcssen<\/span><span style=\"font-size: 14px;\">\u201c<\/span><span style=\"font-size: 14px;\">.<br \/>\nWas mag er sich da wohl gedacht haben?<br \/>\nBei einer Fahrt hinter einem deutschen Panzer auf einer staubigen rum\u00e4nischen Landstra\u00dfe, wo Franz Knapp als Beifahrer <\/span> <span style=\"font-size: 14px;\">\u201efungierte<\/span><span style=\"font-size: 14px;\">\u201c<\/span><span style=\"font-size: 14px;\">, fuhr der Fahrer, bedingt durch die schlechte Sicht, in einer Kurve geradeaus. Das Fahrzeug kollerte einem Abhang hinunter und blieb auf der Beifahrerseite liegen. Durch den Unfall kegelte sich Knapp die rechte Schulter aus. <\/span> <span style=\"font-size: 14px;\">\u201eIrgendwie<\/span><span style=\"font-size: 14px;\">\u201c<\/span><span style=\"font-size: 14px;\">, beim herausspringen aus dem Auto renkte sich die Schulter wieder ein, die nachher m\u00e4chtig anschwoll. Ein Bus, den Knapp vorher anhalten wollte und nicht stoppte, erreichte er in einem Kreuzungsbereich, wo der Bus verkehrsbedingt anhielt. Trotz schmerzender Schulter wurde auf das mit H\u00fchnern, G\u00e4nsen usw. beladene Dach geklettert. Zu seinem Gl\u00fcck fuhr das Gef\u00e4hrt zu dem Flughafen, zu dem Knapp wollte. Eine Ju 52 (Junkers) brachte ihn nach Ungarn und von dort ging es per Bahn in Richtung Heimat (eine dargebrachte Erinnerung zur Eisernen Hochzeit im Dezember 2004).<br \/>\nEinmal <\/span> <span style=\"font-size: 14px;\">\u201erasselte<\/span><span style=\"font-size: 14px;\">\u201c<\/span><span style=\"font-size: 14px;\"> ein deutscher Panzer \u00fcber ihn und zwei anderen Kameraden \u2013 <\/span><span style=\"font-size: 14px;\">die wie Knapp im hohen Gras schliefen und durch enorme M\u00fcdigkeit ihn nicht h\u00f6rten \u2013 hinweg, wobei nur ein Ohr (von Knapp) etwas abbekommen hatte.<br \/>\n<\/span><\/span><\/div>\n<div style=\"text-align: justify;\"><span style=\"color: #000000;\"><span style=\"font-size: 14px;\">Im Rang eines Oberfeldwebels wurde er in den Jahren 1941 bis 1943 in den Weiten Russlands (meist Wei\u00dfrussland\u00a0 \u2013 heute B<\/span><span style=\"font-size: 14px;\">elarus benannt, aber auch in der Ukraine) eingesetzt.<br \/>\nDer Flakgefreite Heinrich Tahedl, als Gesch\u00fctzf\u00fchrer der 3. Batterie (eine Batterie bestand aus 250 Mann) wollte vom \u201eschie\u00dfen m\u00fcssen<\/span><span style=\"font-size: 14px;\">\u201c<\/span><span style=\"font-size: 14px;\"> wegkommen und war vorerst Knapps Hilfskrankentr\u00e4ger. Im Zivilberuf Hochschullehrer an der Akademie der Bildenden K\u00fcnste in Wien, wird er auf das Naturtalent aufmerksam und zu seinem Mentor.<br \/>\n<\/span><\/span><\/div>\n<div style=\"text-align: center;\"><\/div>\n<div style=\"text-align: center;\"><img loading=\"lazy\" decoding=\"async\" class=\" size-full wp-image-771\" style=\"width: 202px; height: 317px;\" src=\"https:\/\/zelking.grafikweb.eu\/wp-content\/uploads\/2014\/01\/fk%20und%20tahedl.jpg\" alt=\"\" width=\"400\" height=\"632\" \/><br \/>\n<span style=\"font-size: 14px;\"><span style=\"color: #000000;\">Franz Knapp und Heinrich Tahedl <\/span><\/span><span style=\"color: #000000;\"><span style=\"font-size: 14px;\">\u2013<\/span><\/span><span style=\"font-size: 14px;\"><span style=\"color: #000000;\"> sein Mentor.<br \/>\n<\/span><\/span><\/div>\n<div><\/div>\n<div style=\"text-align: center;\"><img loading=\"lazy\" decoding=\"async\" class=\" size-full wp-image-772\" style=\"width: 147px; height: 211px;\" src=\"https:\/\/zelking.grafikweb.eu\/wp-content\/uploads\/2014\/01\/tahedl.jpg\" alt=\"\" width=\"300\" height=\"427\" srcset=\"https:\/\/zelking.grafikweb.eu\/wp-content\/uploads\/2014\/01\/tahedl.jpg 300w, https:\/\/zelking.grafikweb.eu\/wp-content\/uploads\/2014\/01\/tahedl-211x300.jpg 211w\" sizes=\"auto, (max-width: 300px) 100vw, 300px\" \/><br \/>\n<span style=\"color: #000000;\"><span style=\"font-size: 14px;\">Prof. Heinrich Tahedl\u00a0<\/span><span style=\"font-size: 14px;\"> \u2013<\/span><span style=\"font-size: 14px;\"> Zeichnung von Franz Knapp 1980.<br \/>\n(Bild von Franz Xaver Knapp <\/span><\/span><span style=\"font-size: 14px;\"><span style=\"color: #000000;\"><span style=\"color: #000000;\"><span style=\"font-size: 14px;\">zur Verf\u00fcgung gestellt<\/span><\/span><\/span><\/span><span style=\"color: #000000;\"><span style=\"font-size: 14px;\">\u00a0<\/span><span style=\"font-size: 14px;\"> \u2013<\/span><span style=\"font-size: 14px;\"> Layout Franz Jell MSc Zelking.)<\/span><br \/>\n<\/span><\/div>\n<div style=\"text-align: center;\"><\/div>\n<div style=\"text-align: justify;\">\n<p><span style=\"color: #000000;\"><span style=\"font-size: 14px;\">Das Motto von Tahedl: <\/span> <span style=\"font-size: 14px;\">\u201eWer zeichnet \u2013 hat mehr vom Leben<\/span><span style=\"font-size: 14px;\">\u201c<\/span><span style=\"font-size: 14px;\">, blieb auch stets Franz Knapps Wahlspruch.<br \/>\nDass ein Teil (viele der Zeichnungen und Aqurelle gingen in den Wirrnissen des Krieges verloren) dieser in Russland\/Ukraine\u00a0 entstandenen Zeitdokumenten in den 70er Jahren dort ausgestellt werden w\u00fcrden, wo diese entstanden sind, ahnte damals keiner von den beiden.<\/span><\/span><\/p>\n<p>&nbsp;<\/p>\n<\/div>\n<div style=\"text-align: center;\">\n<p><img loading=\"lazy\" decoding=\"async\" class=\" size-full wp-image-773\" style=\"width: 361px; height: 279px;\" src=\"https:\/\/zelking.grafikweb.eu\/wp-content\/uploads\/2014\/01\/fk%202.%208.%201941.jpg\" alt=\"\" width=\"400\" height=\"310\" \/><br \/>\n<span style=\"color: #000000;\"><span style=\"font-size: 14px;\">Gezeichnet am 2. 8. 1941. <\/span><\/span><span style=\"color: #000000;\"><span style=\"font-size: 14px;\">(Bild von Franz Xaver Knapp <\/span><\/span><span style=\"font-size: 14px;\"><span style=\"color: #000000;\"><span style=\"color: #000000;\"><span style=\"font-size: 14px;\">zur Verf\u00fcgung gestellt.<\/span><\/span><\/span><\/span><span style=\"color: #000000;\"><span style=\"font-size: 14px;\">)<\/span><\/span><\/p>\n<p><img loading=\"lazy\" decoding=\"async\" class=\" size-full wp-image-774\" style=\"width: 361px; height: 257px;\" src=\"https:\/\/zelking.grafikweb.eu\/wp-content\/uploads\/2014\/01\/3.%2011.%2041.jpg\" alt=\"\" width=\"350\" height=\"250\" \/><br \/>\n<span style=\"color: #000000;\"><span style=\"font-size: 14px;\">Swistajewa, 3. 11. 41 (Aquarell).<br \/>\nEntnommen aus Brosch\u00fcre: Franz Knapp 1916\u2013199.<\/span><\/span><\/p>\n<\/div>\n<div style=\"text-align: justify;\">\n<p><span style=\"color: #000000;\"><strong><span style=\"font-size: 14px;\">Ein \u201eLeben rettendes Erlebnis<\/span><span style=\"font-size: 14px;\">\u201c<\/span><\/strong><br \/>\n<span style=\"font-size: 14px;\">Bei einem m\u00f6rderisch vorgetragenen Artillerieangriff mittels Granaten seitens der russischen Armee, suchte Knapp in einen der zahlreich vorhandenen Bombentrichtern Deckung. Au\u00dferhalb dieser sch\u00fctzenden Deckung sa\u00df eine fl\u00fcgelverletzte Jungkr\u00e4he mit Namen \u201eJakopp<\/span><span style=\"font-size: 14px;\">\u201c<\/span><span style=\"font-size: 14px;\"> auf einem Geb\u00fcsch, welche der \u201eSani<\/span><span style=\"font-size: 14px;\">\u201c<\/span><span style=\"font-size: 14px;\"> Knapp aufgezogen hatte (siehe: Ein Zeichenbegabter Sch\u00fcler) und immer von ihm gef\u00fcttert wurde und daher seine N\u00e4he suchte. Um den Vogel zu \u201eretten<\/span><span style=\"font-size: 14px;\">\u201c,<\/span><span style=\"font-size: 14px;\"> sprang\u00a0 er aus der Deckung, schnappte sich den Vogel und sprang mit ihm in den n\u00e4chsbietenden Bombentrichter hinein. Kurze Zeit darauf schlug in die vorher von Knapp verlassenen Deckung eine Granate ein.<br \/>\n\u201eKameraden<\/span><span style=\"font-size: 14px;\">\u201c<\/span><span style=\"font-size: 14px;\"> erschossen bei einer Abwesenheit Knapps den f\u00fcr sie zuviel kr\u00e4chzenden Vogel.<\/span><\/span><\/p>\n<\/div>\n<div style=\"text-align: center;\"><span style=\"color: #000000;\"><img loading=\"lazy\" decoding=\"async\" class=\" size-full wp-image-775\" style=\"width: 312px; height: 214px;\" src=\"https:\/\/zelking.grafikweb.eu\/wp-content\/uploads\/2014\/01\/jakopp.jpg\" alt=\"\" width=\"300\" height=\"206\" \/><br \/>\n<\/span><\/div>\n<div style=\"text-align: center;\">\n<p><span style=\"color: #000000;\"><span style=\"font-size: 14px;\">\u201eJakopp<\/span><span style=\"font-size: 14px;\">\u201c<\/span><span style=\"font-size: 14px;\">, gezeichnet von Prof. Heinrich Tahedl. <\/span><\/span><span style=\"color: #000000;\"><span style=\"color: #000000;\"><span style=\"font-size: 14px;\">(Bild von Franz Xaver Knapp <\/span><\/span><\/span><span style=\"font-size: 14px;\"><span style=\"color: #000000;\"><span style=\"color: #000000;\"><span style=\"font-size: 14px;\">zur Verf\u00fcgung gestellt.<\/span><\/span><\/span><\/span><span style=\"color: #000000;\"><span style=\"font-size: 14px;\"><span style=\"color: #000000;\">)<\/span><\/span><\/span><\/p>\n<\/div>\n<div style=\"text-align: justify;\"><span style=\"color: #000000;\"><span style=\"font-size: 14px;\">Im Winter 1941 musste Knapp sein Pferd hergeben. Auf ein Mal hatte es gehei\u00dfen: \u201eSani, du musst dein Pferd hergeben, denn wir brauchen etwas zum Essen (in der Winterstellung in Wolchow)<\/span><span style=\"font-size: 14px;\">\u201c!<\/span><span style=\"font-size: 14px;\"> Knapp stieg ab, das Pferd wurde erschossen und dann zerteilt.<\/span><\/span><\/div>\n<div style=\"text-align: center;\"><\/div>\n<div style=\"text-align: center;\">\n<p><span style=\"color: #000000;\"><span style=\"font-size: 14px;\"><span style=\"font-size: 16px;\"><strong><span style=\"color: #000000;\">An der Beresina<\/span><\/strong><\/span><br \/>\n<strong><span style=\"color: #000000;\"> (Motiv f\u00fcr Foto und Aquarell)<\/span><\/strong><\/span><\/span><\/p>\n<\/div>\n<div style=\"text-align: justify;\">\n<p><span style=\"font-size: 14px;\"><span style=\"color: #000000;\">Die Beresina ist ein rechter Zufluss des Dnepr. Sie entspringt nahe dem wei\u00dfrussischen Dorf Malkawa in der Woblast Wizebsk. Von ihren 63 km Gesamtl\u00e4nge liegen 6 km auf wei\u00dfrussischem Gebiet und der Rest auf russischem Territorium in der Oblast Smolensk. Hier m\u00fcndet die Beresina nahe dem Dorf Gussino in den Dnepr (Internet).<\/span><\/span><\/p>\n<\/div>\n<div style=\"text-align: center;\">\n<p><img loading=\"lazy\" decoding=\"async\" class=\" size-full wp-image-776\" style=\"width: 226px; height: 264px;\" src=\"https:\/\/zelking.grafikweb.eu\/wp-content\/uploads\/2014\/01\/fk%20in%20borisov%20weihnacht%201941.jpg\" alt=\"\" width=\"500\" height=\"585\" \/> <img loading=\"lazy\" decoding=\"async\" class=\" size-full wp-image-777\" style=\"width: 361px; height: 264px;\" src=\"https:\/\/zelking.grafikweb.eu\/wp-content\/uploads\/2014\/01\/beresina.jpg\" alt=\"\" width=\"487\" height=\"356\" srcset=\"https:\/\/zelking.grafikweb.eu\/wp-content\/uploads\/2014\/01\/beresina.jpg 487w, https:\/\/zelking.grafikweb.eu\/wp-content\/uploads\/2014\/01\/beresina-300x219.jpg 300w\" sizes=\"auto, (max-width: 487px) 100vw, 487px\" \/><br \/>\n<span style=\"font-size: 14px;\"><span style=\"color: #000000;\">FK in Borisov (1942)<\/span><\/span><span style=\"color: #000000;\"><span style=\"font-size: 14px;\"> \u2013<\/span><\/span><span style=\"font-size: 14px;\"><span style=\"color: #000000;\"> fotografiert von H. Tahedl<\/span><\/span><span style=\"font-size: 14px;\"><span style=\"color: #000000;\"><span style=\"color: #000000;\"><span style=\"font-size: 14px;\"> (Foto und Aquarell *<\/span><\/span><span style=\"font-size: 14px;\"><span style=\"color: #000000;\">).<br \/>\n<span style=\"color: #000000;\">Franz Knapp aquarellierte diese Baummotive gegen\u00fcber der Stelle, wo ihn Tahedl fotografiert hatte<\/span><br \/>\n<span style=\"color: #000000;\"> (hier d\u00fcrfte es sich um ein Fr\u00fchlingsmotiv handeln, da der Fluss ohne Eis war) .<\/span><\/span><\/span><\/span><\/span><br \/>\n<span style=\"color: #000000;\"><span style=\"font-size: 14px;\"> (* Entnommen aus Brosch\u00fcre: Impressionen eines Lebensabschnittes.)<\/span><\/span><\/p>\n<p>&nbsp;<\/p>\n<\/div>\n<div style=\"text-align: center;\">\n<p><img loading=\"lazy\" decoding=\"async\" class=\" size-full wp-image-778\" style=\"width: 246px; height: 173px;\" src=\"https:\/\/zelking.grafikweb.eu\/wp-content\/uploads\/2014\/01\/bauernhaus%201.jpg\" alt=\"\" width=\"350\" height=\"249\" \/><br \/>\n<span style=\"font-size: 14px;\"><span style=\"color: #000000;\">Russisches Bauernhaus <\/span><\/span><span style=\"color: #000000;\"><span style=\"font-size: 14px;\">\u2013 <\/span><\/span><span style=\"font-size: 14px;\"><span style=\"color: #000000;\">Zeichnung von<br \/>\nKnapps Quartier in Swistajewa 1942.<\/span><\/span><br \/>\n(<span style=\"color: #000000;\"><span style=\"font-size: 14px;\">Bild von Franz Xaver Knapp <\/span><\/span><span style=\"font-size: 14px;\"><span style=\"color: #000000;\"><span style=\"color: #000000;\"><span style=\"font-size: 14px;\">zur Verf\u00fcgung gestellt<\/span><\/span><\/span><\/span><span style=\"color: #000000;\"><span style=\"font-size: 14px;\">\u00a0<\/span><span style=\"font-size: 14px;\"> \u2013<\/span><span style=\"font-size: 14px;\"> Layout Franz Jell MSc Zelking.)<\/span><\/span><\/p>\n<p><img loading=\"lazy\" decoding=\"async\" class=\" size-full wp-image-779\" style=\"width: 315px; height: 220px;\" src=\"https:\/\/zelking.grafikweb.eu\/wp-content\/uploads\/2014\/01\/fk%2023.%203.%201943.jpg\" alt=\"\" width=\"400\" height=\"280\" \/><br \/>\n<span style=\"color: #000000;\"><span style=\"font-size: 14px;\">Meine Reise nach der Krim 23. 3. 1943.<\/span><br \/>\n<span style=\"font-size: 14px;\">(<\/span><span style=\"font-size: 14px;\">Bild von Franz Xaver Knapp <\/span><\/span><span style=\"font-size: 14px;\"><span style=\"color: #000000;\"><span style=\"color: #000000;\"><span style=\"font-size: 14px;\">zur Verf\u00fcgung gestellt.<\/span><\/span><\/span><\/span><span style=\"color: #000000;\"><span style=\"font-size: 14px;\">)<\/span><\/span><\/p>\n<p><img loading=\"lazy\" decoding=\"async\" class=\" size-full wp-image-780\" style=\"width: 308px; height: 221px;\" src=\"https:\/\/zelking.grafikweb.eu\/wp-content\/uploads\/2014\/01\/quartier.jpg\" alt=\"\" width=\"434\" height=\"311\" srcset=\"https:\/\/zelking.grafikweb.eu\/wp-content\/uploads\/2014\/01\/quartier.jpg 434w, https:\/\/zelking.grafikweb.eu\/wp-content\/uploads\/2014\/01\/quartier-300x215.jpg 300w\" sizes=\"auto, (max-width: 434px) 100vw, 434px\" \/><span style=\"color: #000000;\"><br \/>\n<\/span><span style=\"font-size: 14px;\"><span style=\"color: #000000;\">Mein<\/span><\/span>\u00a0<span style=\"color: #000000;\"> <span style=\"font-size: 14px;\">Quartier 15. 5. 43 K. F. <\/span><\/span><span style=\"font-size: 14px;\"><span style=\"color: #000000;\">(Mikojanovka)<\/span><\/span><\/p>\n<p><img loading=\"lazy\" decoding=\"async\" class=\" size-full wp-image-781\" style=\"width: 256px; height: 156px;\" src=\"https:\/\/zelking.grafikweb.eu\/wp-content\/uploads\/2014\/01\/knapp%20r.jpg\" alt=\"\" width=\"400\" height=\"244\" \/> <img loading=\"lazy\" decoding=\"async\" class=\" size-full wp-image-782\" style=\"width: 218px; height: 157px;\" src=\"https:\/\/zelking.grafikweb.eu\/wp-content\/uploads\/2014\/01\/rulandaquarell.jpg\" alt=\"\" width=\"365\" height=\"263\" srcset=\"https:\/\/zelking.grafikweb.eu\/wp-content\/uploads\/2014\/01\/rulandaquarell.jpg 365w, https:\/\/zelking.grafikweb.eu\/wp-content\/uploads\/2014\/01\/rulandaquarell-300x216.jpg 300w\" sizes=\"auto, (max-width: 365px) 100vw, 365px\" \/><br \/>\n<span style=\"font-size: 14px;\"><span style=\"color: #000000;\">Bauernh\u00e4user <\/span><\/span><span style=\"font-size: 14px;\"><span style=\"color: #000000;\">Aquarelle von FK. Entstanden in ruhigen Kriegstagen.\u00a0<\/span><\/span><\/p>\n<\/div>\n<div style=\"text-align: center;\">\n<p><span style=\"font-size: 14px;\"><span style=\"color: #000000;\">(links) sein Quartier in Mikojanovka (Ukraine, <span style=\"font-size: 14px;\"><span style=\"color: #000000;\">13. 6. 1943<\/span><\/span>).<\/span><\/span><br \/>\n<span style=\"color: #000000;\"><span style=\"font-size: 14px;\"> (Entnommen aus Brosch\u00fcre: Impressionen eines Lebensabschnittes.)<\/span><\/span><br \/>\n<span style=\"color: #000000;\"><span style=\"font-size: 14px;\">\u201e<\/span><\/span><span style=\"font-size: 14px;\"><span style=\"color: #000000;\">Weihnacht im Osten<\/span><\/span><span style=\"color: #000000;\"><span style=\"font-size: 14px;\">\u201c<\/span><\/span> <span style=\"font-size: 14px;\"><span style=\"color: #000000;\">(Russland 1943).\u00a0<\/span><\/span><br \/>\n(<span style=\"color: #000000;\"><span style=\"font-size: 14px;\">Entnommen aus Brosch\u00fcre: Franz Knapp 1916\u20131996.)<\/span><\/span><\/p>\n<p>&nbsp;<\/p>\n<\/div>\n<div style=\"text-align: center;\">\n<p><img loading=\"lazy\" decoding=\"async\" class=\" size-full wp-image-783\" style=\"width: 292px; height: 169px;\" src=\"https:\/\/zelking.grafikweb.eu\/wp-content\/uploads\/2014\/01\/kriwojrok%20k%20a.jpg\" alt=\"\" width=\"480\" height=\"278\" \/> <img loading=\"lazy\" decoding=\"async\" class=\" size-full wp-image-784\" style=\"width: 256px; height: 169px;\" src=\"https:\/\/zelking.grafikweb.eu\/wp-content\/uploads\/2014\/01\/kriwojrok%20h%20a.jpg\" alt=\"\" width=\"456\" height=\"302\" \/><br \/>\n<span style=\"color: #000000;\"><span style=\"font-size: 14px;\">Kirche bei und Haus in <\/span><\/span><span style=\"color: #000000;\"><span style=\"font-size: 14px;\">Kriwojrok <\/span><\/span><span style=\"color: #000000;\"><span style=\"font-size: 14px;\">(Aquarellstudien von FK 1943)<\/span><\/span><br \/>\n<span style=\"color: #000000;\"><span style=\"font-size: 14px;\">(Entnommen aus Brosch\u00fcre: Impressionen eines Lebensabschnittes)<\/span><\/span><\/p>\n<p><img loading=\"lazy\" decoding=\"async\" class=\" size-full wp-image-785\" style=\"width: 280px; height: 196px;\" src=\"https:\/\/zelking.grafikweb.eu\/wp-content\/uploads\/2014\/01\/1943%20i.jpg\" alt=\"\" width=\"350\" height=\"246\" \/> <img loading=\"lazy\" decoding=\"async\" class=\" size-full wp-image-786\" style=\"width: 261px; height: 197px;\" src=\"https:\/\/zelking.grafikweb.eu\/wp-content\/uploads\/2014\/01\/1943%20ii.jpg\" alt=\"\" width=\"350\" height=\"262\" \/><br \/>\n<span style=\"color: #000000;\"><span style=\"font-size: 14px;\">Links Bleistiftzeichnung und rechts Tuschezeichnung, jeweils aus 1943.<\/span><\/span><br \/>\n<span style=\"color: #000000;\"><span style=\"font-size: 14px;\"> (Entnommen aus Brosch\u00fcre: Franz Knapp 1916\u20131996.)<\/span><\/span><\/p>\n<p>&nbsp;<\/p>\n<\/div>\n<div style=\"text-align: justify;\"><span style=\"color: #000000;\"><span style=\"font-size: 14px;\">Fr\u00fchsommer 1943: Nach dem schweren Verlust der (deutschen) 6. Armee in Stalingrad bereiteten sich die sowjetischen Streitkr\u00e4fte auf eine Gro\u00dfoffensive vor. Franz Knapp \u00fcberstand die \u201eKesselschlacht Stalingrad<\/span><span style=\"font-size: 14px;\">\u201c<\/span><span style=\"font-size: 14px;\">, die sehr viele seiner ehemaligen Kameraden nicht \u00fcberlebten.<br \/>\nAm 5. Juli 1943 begann eine f\u00fcrchterliche Schlacht mit den neuesten Waffen\u00a0 (bei der deutschen Wehrmacht) und gut ausger\u00fcstet wie nie zuvor. Vorerst hatte die Wehrmacht Erfolg, aber am 12. Juli wendete sich das Kriegsgl\u00fcck zugunsten der Russen. Nach 10 Tagen Kampf bei Kurksk, waren auch die Reserven auf deutscher Seite aufgebraucht. Das Unternehmen \u201eZitadelle<\/span><span style=\"font-size: 14px;\">\u201c<\/span> <span style=\"font-size: 14px;\">(dieser Gro\u00dfangriff wurde von Hitler so benannt) <\/span><span style=\"font-size: 14px;\">wurde abgebrochen.<br \/>\nWinter 1944. Welikje Luki, war eine verschrieene Partisanengegend. <\/span><span style=\"font-size: 14px;\">In Toropez<\/span><span style=\"font-size: 14px;\"> musste Franz Knapp auch eine Hinrichtung durch H\u00e4ngen einiger Partisanen\u00a0 mitansehen, obwohl er \u00fcberlegte, wie er dies umgehen k\u00f6nnte.<\/span><\/span><\/div>\n<div style=\"text-align: justify;\"><\/div>\n<div><span style=\"color: #000000;\"><strong><span style=\"font-size: 14px;\">Holland, Dezember 1944<\/span><\/strong><\/span><\/div>\n<div style=\"text-align: justify;\"><span style=\"color: #000000;\"><span style=\"font-size: 14px;\">In dem kleinen Dorf Meddo, Gemeinde Winterswijk, nahe der deutschen Grenze, war Franz Knapp im Haus der Familie Boeijink stationiert. Das Haus beherberte vermutlich einige Sanit\u00e4tssoldaten, darunter auch Franz Knapp. Knapp zeichnete am 5. Dezember 1944 den damaligen Besitzer Jan Hendrik Boeijink. Die Tochter des damaligen Hausbesitzers, Frau Ans Prinsen-Boeijink (geborene Boeijink) suchte etwas \u00fcber den Zeichner des Portr\u00e4ts herauszufinden. Auf der Suche des damaligen Zeichnenden Sanit\u00e4tssoldaten, wurde sie auf den Eintrag Franz Knapp in meiner Homepage hin, f\u00fcndig und sandte mir am 7. J\u00e4nner 2014 das von Knapp gezeichnete Bild mit der Anfrage, ob eben dieser Franz Knapp die Person sei, welche ihren Vater im Dezember 1944 portr\u00e4tierte. Am 9. kam ein weiteres Mail mit Aufnahmen vom Haus (aufgenommen 1944), wo die Sanit\u00e4ssoldaten stationiert waren, dem Ehepaar Boeijink, der Gro\u00dfk\u00fcche wo Knapp die Verwundeten behandelt hatte und ein Bild des Bauernhauses, wie es derzeit zu sehen ist. Auf diesem Wege bedanke ich mich f\u00fcr die Bekanntgabe des mir v\u00f6llig unbekannten Einsatzortes des damaligen Sanit\u00e4tssoldaten Franz Knapp, aber auch, dass mir ein weiteres Werk dieses Ausnahmek\u00fcnstlers zur Verf\u00fcgung gestellt wurde!<\/span><\/span><\/div>\n<div style=\"text-align: justify;\"><\/div>\n<div style=\"text-align: center;\"><span style=\"color: #000000;\"><span style=\"font-size: 14px;\"><img loading=\"lazy\" decoding=\"async\" class=\" size-full wp-image-787\" src=\"https:\/\/zelking.grafikweb.eu\/wp-content\/uploads\/2014\/01\/holland5.jpg\" alt=\"\" width=\"200\" height=\"263\" \/><\/span><\/span><\/div>\n<div style=\"text-align: center;\"><span style=\"color: #000000;\"><span style=\"font-size: 14px;\">Die Zeichnung vom 5. 12. 1944.<\/span><\/span><\/div>\n<div><\/div>\n<div style=\"text-align: justify;\">\n<p><span style=\"color: #000000;\"><span style=\"font-size: 14px;\">Beste Ludwig Pichler<br \/>\nHerzlichen dank fur den Kuvert mie einen briefmark von F.K.<\/span><\/span><\/p>\n<p>Ik schicke ihnen noch ein foto von meinem vater von juli 1944. Gleich das Bild dass Franz Knapp gemacht hat.<br \/>\nWhen sie auf diese link drucken kan mann lesen wass ich geschrieben hat uber franz Knapp als mahler.<\/p>\n<\/div>\n<div style=\"text-align: justify;\">\n<p><span style=\"color: #000000;\"><span style=\"font-size: 14px;\">Noch mahls vielen dank. Ess tit mich sehr gut.<br \/>\nHaben sie selbst die gedichte gemacht\u00a0 fur F.K\u00a0 ????<\/span><\/span><\/p>\n<p>Gr\u00fc\u00dfe.<br \/>\nAns Prinsen-Boeijink und fam<\/p>\n<div style=\"text-align: justify;\"><span style=\"color: #0000ff;\"><strong><span style=\"font-size: 14px;\">Mailantwort vom 20. J\u00e4nner 2014 seitens Frau Ans Prinsen-Boeijink!<\/span><\/strong><\/span><\/div>\n<div style=\"text-align: justify;\"><\/div>\n<\/div>\n<div style=\"text-align: center;\">\n<p><span style=\"font-size: 14px;\"><span style=\"font-size: 16px; color: #000000;\"><strong>Een bijzondere ontdekking.<\/strong><\/span><\/span><\/p>\n<\/div>\n<div style=\"text-align: justify;\">\n<p><span style=\"font-size: 14px;\"><span style=\"color: #000000;\">Al jaren heb ik een foto in het bezit van mijn vader. Het is geen echte foto maar een getekend portret. Afgelopen week had ik het A-4tje weer eens in handen. Toen zag ik ook de naam er onder staan.<\/span><\/span><\/p>\n<p><span style=\"color: #000000;\"> Op dat moment dacht ik, nu ga ik googlen. Het duurde nog geen 5 minuten of ik had de naam gevonden. Een heel bijzondere ontdekking, want deze man had zijn hele leven getekend.<\/span><br \/>\n<span style=\"color: #000000;\"> Ik vond zijn hele levensloop. Als soldaat is hij in de oorlog o.a bij ons op de boerderij geweest. Ik weet dat mijn ouders mij wel eens verteld hadden dat ze in 1944 soldaten in huis hadden die een zgn ziekenboeg in het voor huis hadden ingericht.<\/span><br \/>\n<span style=\"color: #000000;\"> Dat is het enige wat ik weet, verder niets. Ik kan ook niemand er meer naar vragen. Zelf ben ik van na de oorlog.<\/span><\/p>\n<p><span style=\"color: #000000;\"> Maar nu over de tekenaar. Zijn naam is Franz Knapp. Hij was een Oostenrijker en heeft , zoals ik nu heb gelezen, zijn hele leven getekend. In de oorlog was hij een soort EHBO-er, om zijn dienstplicht maar te vervullen.<\/span><br \/>\n<span style=\"color: #000000;\"> Op deze site heb ik alles gevonden De geschiedenis van Franz Knapp Zijn hele levensloop staat daar beschreven.<\/span><br \/>\n<span style=\"color: #000000;\"> Helaas is hij in 2007 overleden.<\/span><\/p>\n<p><span style=\"color: #000000;\"> Toen ik de site had gevonden heb ik direct een email gestuurd naar de maker van deze site, Ludwig Pichler. Binnen 10 minuten had ik een email terug. Wat bijzonder. Na bijna 70 jaar kreeg deze man van mij een tekening voor zijn verzameling van Franz Knapp.<\/span><br \/>\n<span style=\"color: #000000;\"> De tekening die ik stuurde gemaakt op 5-12-19<\/span>44<br \/>\n<span style=\"color: #000080;\"><span style=\"font-size: 14px;\">http:\/\/www.weerstation-meddo.nl\/Meddose%20Bijzonderheden.php<\/span><\/span><\/p>\n<\/div>\n<div><\/div>\n<div style=\"text-align: center;\">\n<p><span style=\"color: #000000;\"><strong><span style=\"font-size: 16px;\">Kriegsende 1945<\/span><\/strong><\/span><\/p>\n<\/div>\n<div style=\"text-align: justify;\">\n<p><span style=\"color: #000000;\"><span style=\"font-size: 14px;\">F\u00fcr Franz Knapp endete bei Helmstedt (Deutschland) der zweite Weltkrieg. Er kam vorerst in das englische Internierungslager Manslag, wo er weiterhin Verwundete betreute. Zu dieser Zeit war er Oberfeldwebel und viele hatten zu ihm <\/span><span style=\"font-size: 14px;\"> \u201eHerr Doktor<\/span><span style=\"font-size: 14px;\">\u201c<\/span> <span style=\"font-size: 14px;\">gesagt, da er Injektionen verabreichte und seitens der Uniform von einem Arzt nicht zu unterscheiden war.<\/span><\/span><\/p>\n<\/div>\n<div style=\"text-align: center;\"><img loading=\"lazy\" decoding=\"async\" class=\" size-full wp-image-788\" style=\"width: 228px; height: 336px;\" src=\"https:\/\/zelking.grafikweb.eu\/wp-content\/uploads\/2014\/01\/aqarell%20aus%20der%20engl.%20gefangenschaft.jpg\" alt=\"\" width=\"324\" height=\"482\" \/><br \/>\n<span style=\"color: #000000;\"><span style=\"font-size: 14px;\">Aquarellmotiv in Ostfriesland (aus der englischen Internierung).<\/span><\/span><br \/>\n<span style=\"color: #000000;\"><span style=\"font-size: 14px;\">(Entnommen aus Brosch\u00fcre: Franz Knapp 1916\u20131996.)<\/span><\/span><\/div>\n<div><\/div>\n<div style=\"text-align: center;\"><span style=\"color: #000000;\"><span style=\"font-size: 16px;\"><strong>P\u00f6chlarn, ich komme!<\/strong><\/span><\/span><\/div>\n<div style=\"text-align: center;\">\n<p><img loading=\"lazy\" decoding=\"async\" class=\" size-full wp-image-789\" style=\"width: 228px; height: 311px;\" src=\"https:\/\/zelking.grafikweb.eu\/wp-content\/uploads\/2014\/01\/30.%202.%201946.jpg\" alt=\"\" width=\"207\" height=\"285\" \/><br \/>\n<span style=\"color: #000000;\"><span style=\"font-size: 14px;\">Selbstportr\u00e4t (Ausschnitt) vom Ende Februar 1946.<\/span><\/span><\/p>\n<\/div>\n<div style=\"text-align: justify;\">\n<p><span style=\"color: #000000;\"><span style=\"font-size: 14px;\">F\u00fcr einen Monatslohn von Schilling 90,- (\u20ac 6,45) wurde gearbeitet. Er wollte \u2013 da er Sanit\u00e4ter war in einem Krankenhaus arbeiten (hatte damals schon zwei Kinder zu versorgen), aber weil er beim \u201e<\/span><span style=\"font-size: 12px;\"><span style=\"font-size: 14px;\">Christlich Deutscher Turnverein<\/span><\/span><span style=\"font-size: 14px;\">\u201c war, das Krankenhaus aber in den H\u00e4nden der SP\u00d6, wurde Knapp nicht genommen.<\/span><\/span><\/p>\n<\/div>\n<div style=\"text-align: center;\"><span style=\"color: #000000;\"><img loading=\"lazy\" decoding=\"async\" class=\"size-full wp-image-790 alignnone\" style=\"width: 226px; height: 287px;\" src=\"https:\/\/zelking.grafikweb.eu\/wp-content\/uploads\/2014\/01\/portrt%20fk%201946.jpg\" alt=\"\" width=\"400\" height=\"522\" \/><br \/>\n<span style=\"font-size: 14px;\"><span style=\"color: #000000;\">Zeichnung (Ausschnitt) von Prof. Heinrich Tahedl <\/span><\/span><span style=\"color: #000000;\"><span style=\"font-size: 14px;\">\u2013<\/span><\/span><span style=\"font-size: 14px;\"><span style=\"color: #000000;\">Franz Knapp 1946.\u00a0<\/span><\/span><\/span><\/div>\n<div style=\"text-align: center;\"><span style=\"color: #000000;\"><span style=\"color: #000000;\"><span style=\"font-size: 14px;\">(Bild von Franz Xaver Knapp <\/span><\/span><span style=\"font-size: 14px;\"><span style=\"color: #000000;\"><span style=\"color: #000000;\"><span style=\"font-size: 14px;\">zur Verf\u00fcgung gestellt.<\/span><\/span><\/span><\/span><span style=\"font-size: 14px;\"><span style=\"color: #000000;\">)<\/span><\/span><\/span><\/div>\n<div style=\"text-align: justify;\">\n<p><span style=\"color: #000000;\"><span style=\"font-size: 14px;\">Zuerst wurde nach P\u00f6chlarn Nr. 35, in einem, heute nicht mehr bestehenden Nebengeb\u00e4ude beim Schloss (heute beherbergt es ein Pflegeheim) \u00fcbersiedelt, wobei er von seinem ehemaligen Dienstgeber, Baron Friedrich von Tinti gef\u00f6rdert wurde. Baron Tinti war von dem jungen Mann wegen dessen Einstellung zum Sport und auch seiner Lebensphilosophie ganz begeistert, daher hatte er damals dem jungen Knapp den Besuch der \u201eGraphischen\u201c erm\u00f6glicht. Treibende Kraft, dass Franz Knapp die Graphische Bundes- Lehr- und Versuchsanstalt in Wien besuchen konnte, war die ehemalige P\u00f6chlarner Zahn\u00e4rztin, Frau Dr. Lydia Hechel. Dr. Hechel soll bei den damaligen <\/span><span style=\"color: #000000;\"><span style=\"color: #000000;\"><span style=\"font-size: 14px;\">\u201e<\/span><\/span><\/span><span style=\"font-size: 14px;\">Bittgesuchen<\/span><span style=\"color: #000000;\"><span style=\"color: #000000;\"><span style=\"font-size: 14px;\">\u201c<\/span><\/span><\/span><span style=\"font-size: 14px;\"> sogar das Wort <\/span><span style=\"color: #000000;\"><span style=\"color: #000000;\"><span style=\"font-size: 14px;\">\u201e<\/span><\/span><\/span><span style=\"font-size: 14px;\">Herrgott<\/span><span style=\"color: #000000;\"><span style=\"color: #000000;\"><span style=\"font-size: 14px;\">\u201c<\/span><\/span><\/span><span style=\"font-size: 14px;\"> in den Mund genommen haben (gegen\u00fcber seinem ehemaligen Arbeitgeber?), um alles den n\u00f6tigen Nachdruck zu verleihen!<\/span><\/span><\/p>\n<\/div>\n<div style=\"text-align: center;\"><span style=\"color: #000000;\"><img loading=\"lazy\" decoding=\"async\" class=\" size-full wp-image-791\" style=\"width: 227px; height: 340px;\" src=\"https:\/\/zelking.grafikweb.eu\/wp-content\/uploads\/2014\/01\/hechelgrab%20a.jpg\" alt=\"\" width=\"292\" height=\"438\" \/><br \/>\n<span style=\"color: #000000;\"><span style=\"font-size: 14px;\">Grabst\u00e4tte von Fr. Dr. Hechel (und ihres Gatten) in P\u00f6chlarn.<\/span><\/span><\/span><\/div>\n<div><\/div>\n<div style=\"text-align: left;\"><span style=\"color: #000000;\"><span style=\"font-size: 14px;\">Der damalige Pr\u00e4sident <\/span><span style=\"color: #000000;\"><span style=\"font-size: 14px;\">(der \u201eGraphischen\u201c) <\/span><\/span><span style=\"font-size: 14px;\">Professor May sagte: \u201eKann es vor dem Herrgott nicht verantworten, diesen Mann nicht zu f\u00f6rdern.\u201c Dank eines monatlichen Stipendiums von Schilling 50-, (\u20ac 3,63) und dass ihm sein Br\u00f6tchengeber in den Wintermonaten drei Tage pro Woche bezahlte (!), erhielt Franz Knapp reichlich graphischen Unterricht in folgenden Sparten: Lithographie,\u00a0 Kopf- und Aktzeichnen sowie in seiner, sp\u00e4ter hei\u00df geliebten Technik \u2013 Radierungen. Vom 14. Oktober 1947 bis zum 12. Februar 1948 und vom 20. September 1948 bis zum 14. Februar 1949 war Franz Knapp als Gastsch\u00fcler hier t\u00e4tig.<br \/>\nAls sein Chef, Baron Tinti 1949 verstarb, war f\u00fcr ihn das Studium zu Ende und so wurde bis zu seinem Dienstantritt als F\u00e4hrmann, wiederum als B\u00e4cker gearbeitet. <\/span><\/span><\/div>\n<div style=\"text-align: justify;\"><\/div>\n<div style=\"text-align: justify;\"><\/div>\n<div style=\"text-align: center;\"><span style=\"color: #000000;\"><strong><span style=\"font-size: 16px;\">F\u00e4hrmann hol \u00fcber!<\/span><\/strong><br \/>\n<\/span><\/div>\n<div style=\"text-align: center;\"><\/div>\n<div style=\"text-align: left;\"><span style=\"color: #000000;\"><span style=\"font-size: 14px;\">1951 wurde der Dienst auf der Rollf\u00e4hre P\u00f6chlarn<\/span><\/span><span style=\"color: #000000;\"><span style=\"font-size: 14px;\">\u2013<\/span><\/span><span style=\"color: #000000;\"><span style=\"font-size: 14px;\">Klein-P\u00f6chlarn angetreten und sollte 25 Jahre dauern, wobei er die Donau etwa 300.000 Mal \u00fcberquerte. Jeden zweiten Tag stand Franz Knapp auf \u201eseiner<\/span><span style=\"font-size: 14px;\">\u201c<\/span><span style=\"font-size: 14px;\"> Rollf\u00e4hre im F\u00e4hrdienst.<\/span><\/span><\/div>\n<div style=\"text-align: center;\">\n<p><span style=\"color: #000000;\"><img loading=\"lazy\" decoding=\"async\" class=\" size-full wp-image-792\" style=\"width: 228px; height: 317px;\" src=\"https:\/\/zelking.grafikweb.eu\/wp-content\/uploads\/2014\/01\/fhrmann%201.jpg\" alt=\"\" width=\"270\" height=\"374\" \/><br \/>\n<span style=\"font-size: 14px;\">F\u00e4hrmann FK \u2013 Aufnahme um 1970.<\/span><\/span><br \/>\n<span style=\"color: #000000;\"><span style=\"font-size: 14px;\">(Aufnahme von Franz Xaver Knapp <\/span><\/span><span style=\"font-size: 14px;\"><span style=\"color: #000000;\"><span style=\"color: #000000;\"><span style=\"font-size: 14px;\">zur Verf\u00fcgung gestellt<\/span><\/span><\/span><\/span><span style=\"color: #000000;\"><span style=\"font-size: 14px;\"> \u2013 Layout Franz Jell<\/span> MSc.)<\/span><\/p>\n<\/div>\n<div style=\"text-align: justify;\">\n<p><span style=\"color: #000000;\"><span style=\"font-size: 14px;\">Bei vielen \u00dcberfahrten zeichnete Knapp so manchen weiblichen und m\u00e4nnlichen Fahrgast. Manchesmal wurde aus Mangel an Papier die R\u00fcckseite eines Plakates usw. genommen, um Portr\u00e4tieren zu k\u00f6nnen.<\/span><\/span><\/p>\n<\/div>\n<div style=\"text-align: center;\">\n<div style=\"text-align: center;\"><img loading=\"lazy\" decoding=\"async\" class=\" size-full wp-image-793\" style=\"width: 158px; height: 210px;\" src=\"https:\/\/zelking.grafikweb.eu\/wp-content\/uploads\/2014\/01\/fahrgast%201.jpg\" alt=\"\" width=\"300\" height=\"399\" \/> <img loading=\"lazy\" decoding=\"async\" class=\" size-full wp-image-794\" style=\"width: 142px; height: 211px;\" src=\"https:\/\/zelking.grafikweb.eu\/wp-content\/uploads\/2014\/01\/fahrgast%202.jpg\" alt=\"\" width=\"270\" height=\"393\" \/> <img loading=\"lazy\" decoding=\"async\" class=\" size-full wp-image-795\" style=\"width: 136px; height: 212px;\" src=\"https:\/\/zelking.grafikweb.eu\/wp-content\/uploads\/2014\/01\/fahrgast%203.jpg\" alt=\"\" width=\"300\" height=\"431\" \/><br \/>\n<span style=\"color: #000000;\"><span style=\"font-size: 14px;\">Drei ehemalige Fahrg\u00e4ste aus dem Jahre 1975.<br \/>\n(Bei der rechten Person, konnte vermutlich Knapp das Portr\u00e4t nicht vollst\u00e4ndig fertig Zeichnen.)<br \/>\nAlle drei Personen sind auf R\u00fcckseiten von zerschnittenen Formularen abgebildet worden! <\/span><br \/>\n<\/span><\/div>\n<div style=\"text-align: justify;\"><\/div>\n<\/div>\n<div style=\"text-align: justify;\">\n<p><span style=\"color: #000000;\"><span style=\"font-size: 14px;\">Es entstanden auch Aquarelle mit Donaumotiven. Eines Tages zeichnete er einen Fahrgast, der sein Portr\u00e4t mit den Worten: \u201eSchau, do schwimmt a<\/span><span style=\"font-size: 14px;\">!\u201c<\/span><span style=\"font-size: 14px;\"> \u2013 in die Donau geworfen hatte.<br \/>\nObwohl nur portr\u00e4tiert, gezeichnet oder gemalt wurde wenn<\/span><span style=\"font-size: 14px;\"> die F\u00e4hre <\/span><span style=\"font-size: 14px;\">wegen eines vorbeifahrenden Schiffes nicht \u00fcbersetzen konnte, wurde ihm seitens seines Vorgesetzten untersagt, weiterhin \u201ederartiges zu unternehmen<\/span><\/span><span style=\"color: #000000;\"><span style=\"font-size: 14px;\">\u201c<\/span><\/span><span style=\"color: #000000;\"><span style=\"font-size: 14px;\"> (wie dies den \u201eJ<\/span><span style=\"font-size: 14px;\">ungk\u00fcnstler<\/span><span style=\"font-size: 14px;\">\u201c<\/span><span style=\"font-size: 14px;\"> getroffen haben mag, kann man erahnen).<\/span><\/span><\/p>\n<p>&nbsp;<\/p>\n<\/div>\n<div style=\"text-align: center;\"><img loading=\"lazy\" decoding=\"async\" class=\" size-full wp-image-796\" style=\"width: 352px; height: 228px;\" src=\"https:\/\/zelking.grafikweb.eu\/wp-content\/uploads\/2014\/01\/pchlarn%20rollfhre.jpg\" alt=\"\" width=\"500\" height=\"324\" \/><br \/>\n<span style=\"color: #000000;\"><span style=\"font-size: 14px;\">Die Rollf\u00e4hre 1901<\/span><\/span><span style=\"color: #000000;\"><span style=\"font-size: 14px;\">\u2013<\/span><\/span><span style=\"color: #000000;\"><span style=\"font-size: 14px;\">1963 (nach einer Radierung von 1970).<br \/>\nIm Hintergrund P\u00f6chlarn.<br \/>\n<\/span><\/span><\/div>\n<div style=\"text-align: center;\"><\/div>\n<div style=\"text-align: justify;\"><span style=\"color: #000000;\"><span style=\"font-size: 14px;\">Langsam besserte sich die wirtschaftliche Lage der Familie Knapp. Durch die \u00dcberwindung vieler neidischer Anfeindungen kam immer mehr die volle Kraft seines mit z\u00e4her Ausdauer und Flei\u00df aufgebauten Talents zur Entfaltung. Mit der Sicherheit, mit der Franz Knapp den Zeichenstift f\u00fchrte, f\u00fchrte er auch das Steuerrad.<br \/>\nBeim Jahrhunderthochwasser 1954 warf sich der malende F\u00e4hrmann in die Donaufluten und rettete einen Mann neben seinem gekenterten Boot treibend, das Leben.<br \/>\n<\/span><\/span><\/div>\n<div style=\"text-align: center;\"><\/div>\n<div style=\"text-align: center;\"><a href=\"https:\/\/zelking.grafikweb.eu\/wp-content\/uploads\/2014\/01\/pchlarn%201954.jpg\"><img loading=\"lazy\" decoding=\"async\" class=\" size-full wp-image-798\" style=\"width: 351px; height: 252px;\" src=\"https:\/\/zelking.grafikweb.eu\/wp-content\/uploads\/2014\/01\/pchlarn%201954%20b.jpg\" alt=\"\" width=\"391\" height=\"280\" \/><\/a><\/div>\n<div style=\"text-align: center;\"><span style=\"color: #000000;\"><span style=\"font-size: 14px;\">Nach einer Radierung von FK, P\u00f6chlarn 1954.<br \/>\n<\/span><\/span><\/div>\n<div style=\"text-align: center;\">\u00a0 <img loading=\"lazy\" decoding=\"async\" class=\" size-full wp-image-799\" style=\"width: 224px; height: 306px;\" src=\"https:\/\/zelking.grafikweb.eu\/wp-content\/uploads\/2014\/01\/fhrmann%20fk%20um%201974.jpg\" alt=\"\" width=\"300\" height=\"407\" \/><br \/>\n<span style=\"color: #000000;\"><span style=\"font-size: 14px;\">Der <\/span><\/span><span style=\"color: #000000;\"><span style=\"font-size: 14px;\">\u201e<\/span><\/span><span style=\"color: #000000;\"><span style=\"font-size: 14px;\">malende F\u00e4hrmann<\/span><\/span><span style=\"color: #000000;\"><span style=\"font-size: 14px;\">\u201c<\/span><\/span><span style=\"color: #000000;\"><span style=\"font-size: 14px;\"> auf seiner <\/span><\/span><span style=\"color: #000000;\"><span style=\"font-size: 14px;\">\u201e<\/span><\/span><span style=\"color: #000000;\"><span style=\"font-size: 14px;\">Dienststelle<\/span><\/span><span style=\"color: #000000;\"><span style=\"font-size: 14px;\">\u201c<\/span><\/span> <span style=\"color: #000000;\"><span style=\"font-size: 14px;\"> \u2013<\/span><span style=\"font-size: 14px;\"> Rollf\u00e4hre P\u00f6chlarn.<br \/>\n<\/span><\/span><span style=\"color: #000000;\"><span style=\"font-size: 14px;\">(<\/span><span style=\"font-size: 14px;\">Aufnahme von Franz Xaver Knapp <\/span><\/span><span style=\"font-size: 14px;\"><span style=\"color: #000000;\"><span style=\"color: #000000;\"><span style=\"font-size: 14px;\">zur Verf\u00fcgung gestellt.<\/span><\/span><\/span><\/span><span style=\"color: #000000;\"><span style=\"font-size: 14px;\">)<\/span><\/span><\/div>\n<div><\/div>\n<div style=\"text-align: justify;\">\n<p><span style=\"color: #000000;\"><span style=\"font-size: 14px;\">Die F\u00e4hre war auch ein Kommunikationsmittel. Schon fr\u00fch am Morgen erfuhr der F\u00e4hrmann Knapp als Erster von Geburt und Tod sowie anderen Ereignissen, die sich jenseits des anderen Ufers ereignet hatten.\u00a0<\/span><\/span><\/p>\n<p>&nbsp;<\/p>\n<\/div>\n<div style=\"text-align: center;\">\n<p><span style=\"color: #000000;\"><span style=\"font-size: 16px;\"><strong>\u201eSchule des Sehens<\/strong><\/span><\/span><span style=\"font-size: 16px;\"><strong><span style=\"color: #000000;\">\u201c<\/span><\/strong><\/span><\/p>\n<\/div>\n<div style=\"text-align: center;\">\u00a0<img loading=\"lazy\" decoding=\"async\" class=\" size-full wp-image-800\" style=\"width: 120px; height: 155px;\" src=\"https:\/\/zelking.grafikweb.eu\/wp-content\/uploads\/2014\/01\/ok.jpg\" alt=\"\" width=\"200\" height=\"258\" \/><br \/>\n<span style=\"color: #000000;\"><span style=\"font-size: 14px;\">Selbstportr\u00e4t von Oskar Kokoschk<br \/>\n<\/span><\/span><span style=\"font-size: 10pt; color: #000000;\"><span style=\"color: #000000;\"><span style=\"font-size: 14px;\">\u201eVer\u00f6ffentlichung mit freundlicher Genehmigung der \u00d6sterreichischen Post AG<\/span><\/span><span style=\"color: #000000;\"><span style=\"font-size: 14px;\">\u201c.<\/span><\/span><\/span><\/div>\n<div style=\"text-align: center;\"><\/div>\n<div style=\"text-align: justify;\">\n<p><span style=\"color: #000000;\"><span style=\"font-size: 14px;\">Der wohl ber\u00fchmteste Sohn P\u00f6chlarns, Oskar Kokoschka (erblickte hier am 1. M\u00e4rz 1886 das Licht der Welt), lud den \u201eJ<\/span><span style=\"font-size: 14px;\">ungk\u00fcnstler<\/span><span style=\"font-size: 14px;\">\u201c (auf eigene Kosten) 1960 und 1961 in die \u201eSchule des Sehens<\/span><span style=\"font-size: 14px;\">\u201c<\/span><span style=\"font-size: 14px;\"> nach Salzburg (<\/span><span style=\"font-size: 14px;\">in die Festung Hohensalzburg) <\/span><span style=\"font-size: 14px;\">ein,<\/span><span style=\"font-size: 14px;\"> worauf bald der Durchbruch als anerkannter K\u00fcnstler nicht lange auf sich warten lie\u00df.<\/span><\/span><\/p>\n<\/div>\n<div style=\"text-align: center;\">\n<p><span style=\"color: #000000;\"><img loading=\"lazy\" decoding=\"async\" class=\" size-full wp-image-668\" style=\"width: 349px; height: 235px;\" src=\"https:\/\/zelking.grafikweb.eu\/wp-content\/uploads\/2012\/05\/hohensalzburg.jpg\" alt=\"\" width=\"300\" height=\"204\" \/><br \/>\n<span style=\"color: #000000;\"><span style=\"font-size: 14px;\">Salzburg und die Festung Hohensalzburg (Druck aus dem Jahre 1960 nach einer Radierung).<\/span><\/span><\/span><\/p>\n<p><img loading=\"lazy\" decoding=\"async\" class=\" size-full wp-image-801\" style=\"width: 352px; height: 525px;\" src=\"https:\/\/zelking.grafikweb.eu\/wp-content\/uploads\/2014\/01\/1960.jpg\" alt=\"\" width=\"300\" height=\"450\" srcset=\"https:\/\/zelking.grafikweb.eu\/wp-content\/uploads\/2014\/01\/1960.jpg 300w, https:\/\/zelking.grafikweb.eu\/wp-content\/uploads\/2014\/01\/1960-200x300.jpg 200w\" sizes=\"auto, (max-width: 300px) 100vw, 300px\" \/><br \/>\n<span style=\"color: #000000;\"><span style=\"font-size: 14px;\"> <span style=\"color: #000000;\">Aquarell von FK aus 1960.<\/span>\u00a0<\/span><\/span><\/p>\n<\/div>\n<div style=\"text-align: justify;\"><span style=\"color: #000000;\">\u00a0<\/span><\/div>\n<div style=\"text-align: justify;\"><span style=\"color: #000000;\">\u00a0<\/span><\/div>\n<div style=\"text-align: center;\"><span style=\"color: #000000;\"><img loading=\"lazy\" decoding=\"async\" class=\" size-full wp-image-802\" style=\"width: 218px; height: 302px;\" src=\"https:\/\/zelking.grafikweb.eu\/wp-content\/uploads\/2014\/01\/ok%201.jpg\" alt=\"\" width=\"350\" height=\"481\" \/><br \/>\n<span style=\"color: #000000;\"><span style=\"font-size: 14px;\">OK (Oskar Kokoschka) <\/span><\/span><span style=\"color: #000000;\"><span style=\"font-size: 14px;\">\u2013<\/span><\/span><span style=\"color: #000000;\"><span style=\"font-size: 14px;\"> gezeichnet vom \u201eJungk\u00fcnstler\u201c Knapp<\/span><\/span><span style=\"color: #000000;\"><span style=\"font-size: 14px;\"> 1961.<br \/>\n<\/span><\/span><span style=\"color: #000000;\"><span style=\"font-size: 14px;\">(<\/span><span style=\"font-size: 14px;\">Bild von Franz Xaver Knapp <\/span><\/span><span style=\"font-size: 14px;\"><span style=\"color: #000000;\"><span style=\"color: #000000;\"><span style=\"font-size: 14px;\">zur Verf\u00fcgung gestellt.<\/span><\/span><\/span><\/span><span style=\"color: #000000;\"><span style=\"font-size: 14px;\">)<\/span><\/span> <\/span><\/div>\n<div style=\"text-align: justify;\">\n<p><span style=\"color: #000000;\"><span style=\"font-size: 14px;\">Sein erster Ehrenname war: \u201eOK-Sch\u00fcler<\/span><span style=\"font-size: 14px;\">\u201c<\/span><span style=\"font-size: 14px;\">. Mit <\/span><span style=\"font-size: 14px;\"> \u201eMalender F\u00e4hrmann<\/span><span style=\"font-size: 14px;\">\u201c<\/span><span style=\"font-size: 14px;\"> wurde eines Tages <\/span><span style=\"font-size: 14px;\">Knapp bedacht, da er malte und F\u00e4hrmann war. Unter diese<\/span><span style=\"font-size: 14px;\">m \u201eTitel<\/span><span style=\"font-size: 14px;\">\u201c<\/span><span style=\"font-size: 14px;\"> war er weitum bekannt.<br \/>\nEinige der sch\u00f6nsten Aquarelle (wie er sich ausdr\u00fcckte), kaufte man ihm um Schilling 50,- (\u20ac 3,63) ab. Da er so mehr Geld nachhause brachte als er mitgenommen hatte, wurde der \u201e\u00dcberschu\u00df<\/span><span style=\"font-size: 14px;\">\u201c<\/span><span style=\"font-size: 14px;\"> in den Neubau, R\u00fcdigerstra\u00dfe 63 investiert.<\/span><\/span><\/p>\n<\/div>\n<div style=\"text-align: center;\"><span style=\"color: #000000;\"><img loading=\"lazy\" decoding=\"async\" class=\" size-full wp-image-803\" style=\"width: 251px; height: 376px;\" src=\"https:\/\/zelking.grafikweb.eu\/wp-content\/uploads\/2014\/01\/knapphaus%202.jpg\" alt=\"\" width=\"392\" height=\"588\" \/><br \/>\n<span style=\"color: #000000;\"><span style=\"font-size: 14px;\">Das von eigenen H\u00e4nden erbaute Haus der Familie Knapp <\/span><\/span><\/span><span style=\"color: #000000;\"><span style=\"color: #000000;\"><span style=\"font-size: 14px;\">(Aufgenommen im Mai 2012).<\/span><\/span><\/span><\/div>\n<div style=\"text-align: center;\">\n<p style=\"text-align: left;\"><span style=\"color: #000000;\"><span style=\"font-size: 14px;\">Eines Tages rief OK bei einem der \u201eMalertage<\/span><span style=\"font-size: 14px;\">\u201c<\/span><span style=\"font-size: 14px;\"> Knapp zu sich und beschenkte ihn \u2013 zu seiner \u00dcberraschung mit einer Banknote.<br \/>\n<\/span><\/span><\/p>\n<\/div>\n<div style=\"text-align: justify;\"><\/div>\n<div style=\"text-align: justify;\"><span style=\"color: #000000;\"><span style=\"font-size: 14px;\">Auszug aus einer Niederschrift: Abreise 13. 7. 1960 zur internationalen Sommerakademie bei Professor Oskar Kokoschka. Nicht weniger als 220 Sch\u00fclerInnen \u201egingen<\/span><span style=\"font-size: 14px;\">\u201c<\/span><span style=\"font-size: 14px;\"> durch die Akademie. In den vier Malerklassen wurde jeweils in einer anderen Sprache (Deutsch, Englisch, Franz\u00f6sisch und Italienisch) unterrichtet; von 9<\/span><span style=\"color: #000000;\"><span style=\"font-size: 14px;\">\u2013<\/span><\/span><span style=\"font-size: 14px;\">12 und von 14<\/span><span style=\"color: #000000;\"><span style=\"font-size: 14px;\">\u2013<\/span><\/span><span style=\"font-size: 14px;\">18 Uhr dauerte ein \u201eMaltag<\/span><span style=\"font-size: 14px;\">\u201c.<\/span><\/span><\/div>\n<div style=\"text-align: justify;\"><span style=\"color: #000000;\"><span style=\"font-size: 14px;\">OK wie \u00fcberall auf die Fehler, aber auch auf die guten Stellen in der Malerei hin und \u00f6ffnete so den Sch\u00fclerInnen die Augen f\u00fcr das Wesentliche in der \u201eSchule des Sehens<\/span><span style=\"font-size: 14px;\">\u201c.<\/span><br \/>\n<\/span><\/div>\n<div style=\"text-align: center;\">\n<p><span style=\"color: #000000;\"><span style=\"color: #000000;\"><img loading=\"lazy\" decoding=\"async\" class=\" size-full wp-image-804\" style=\"width: 202px; height: 285px;\" src=\"https:\/\/zelking.grafikweb.eu\/wp-content\/uploads\/2014\/01\/schule%201.jpg\" alt=\"\" width=\"350\" height=\"492\" \/> \u00a0 <\/span><img loading=\"lazy\" decoding=\"async\" class=\" size-full wp-image-805\" style=\"width: 229px; height: 283px;\" src=\"https:\/\/zelking.grafikweb.eu\/wp-content\/uploads\/2014\/01\/1961.jpg\" alt=\"\" width=\"340\" height=\"419\" srcset=\"https:\/\/zelking.grafikweb.eu\/wp-content\/uploads\/2014\/01\/1961.jpg 340w, https:\/\/zelking.grafikweb.eu\/wp-content\/uploads\/2014\/01\/1961-243x300.jpg 243w\" sizes=\"auto, (max-width: 340px) 100vw, 340px\" \/><\/span><\/p>\n<\/div>\n<div style=\"text-align: center;\">\n<p><span style=\"color: #000000;\"><span style=\"color: #000000;\"><span style=\"font-size: 14px;\">1961er-Aquarelle in der<\/span> <span style=\"font-size: 14px;\">\u201eSchule des Sehens\u201c<\/span><span style=\"font-size: 14px;\"> vom \u201eOK-Sch\u00fcler\u201c Knapp<\/span><\/span><span style=\"color: #000000;\"><span style=\"font-size: 14px;\"> gemacht.<br \/>\n<\/span><\/span><span style=\"color: #000000;\"><span style=\"font-size: 14px;\">(<\/span><span style=\"font-size: 14px;\">Bilder von Franz Xaver Knapp <\/span><\/span><span style=\"font-size: 14px;\"><span style=\"color: #000000;\"><span style=\"color: #000000;\"><span style=\"font-size: 14px;\">zur Verf\u00fcgung gestellt.<\/span><\/span><\/span><\/span><span style=\"color: #000000;\"><span style=\"font-size: 14px;\">)<\/span><\/span><\/span><span style=\"color: #000000;\">\u00a0<\/span><\/p>\n<\/div>\n<div style=\"text-align: justify;\">\n<p><span style=\"color: #000000;\"><span style=\"font-size: 14px;\">Im Besitz der Familie befinden sich Briefe aus den langj\u00e4hrigen Korrespondenzen mit Prof. Kokoschka bis zum heutigen Tage und werden wie ein Schatz geh\u00fctet. Bis zum Tode von Kokoschka verband beide eine innige Freundschaft, die auch im brieflichem Kontakten ihren Ausdruck gefunden hatte.<\/span><\/span><\/p>\n<\/div>\n<div style=\"text-align: center;\"><span style=\"color: #000000;\"><img loading=\"lazy\" decoding=\"async\" class=\" size-full wp-image-806\" style=\"width: 295px; height: 212px;\" src=\"https:\/\/zelking.grafikweb.eu\/wp-content\/uploads\/2014\/01\/villeneuve.jpg\" alt=\"\" width=\"434\" height=\"312\" srcset=\"https:\/\/zelking.grafikweb.eu\/wp-content\/uploads\/2014\/01\/villeneuve.jpg 434w, https:\/\/zelking.grafikweb.eu\/wp-content\/uploads\/2014\/01\/villeneuve-300x216.jpg 300w\" sizes=\"auto, (max-width: 434px) 100vw, 434px\" \/><img loading=\"lazy\" decoding=\"async\" class=\" size-full wp-image-807\" style=\"width: 298px; height: 213px;\" src=\"https:\/\/zelking.grafikweb.eu\/wp-content\/uploads\/2014\/01\/kuvert.jpg\" alt=\"\" width=\"450\" height=\"320\" srcset=\"https:\/\/zelking.grafikweb.eu\/wp-content\/uploads\/2014\/01\/kuvert.jpg 450w, https:\/\/zelking.grafikweb.eu\/wp-content\/uploads\/2014\/01\/kuvert-300x213.jpg 300w\" sizes=\"auto, (max-width: 450px) 100vw, 450px\" \/><br \/>\n<span style=\"color: #000000;\"><span style=\"font-size: 14px;\">Luftpostkuverts von OK an den <\/span><\/span><span style=\"color: #000000;\"><span style=\"color: #000000;\"><span style=\"font-size: 14px;\">\u201e<\/span><\/span><\/span><span style=\"color: #000000;\"><span style=\"font-size: 14px;\">malenden F\u00e4hrmann<\/span><\/span><span style=\"color: #000000;\"><span style=\"color: #000000;\"><span style=\"font-size: 14px;\">\u201c<\/span><\/span><\/span><span style=\"color: #000000;\"><span style=\"font-size: 14px;\"> adressiert,<\/span><\/span> <span style=\"font-size: 14px;\">mit schweizer Freimarke und Sonderstempel Villeneuve<\/span> <span style=\"font-size: 14px;\">sowie Sondermarken und Entwertung von La Tour-de-Peilz<\/span><span style=\"color: #000000;\"><span style=\"color: #000000;\"><span style=\"font-size: 14px;\"> (<\/span><span style=\"font-size: 14px;\">von Franz Xaver Knapp <\/span><\/span><\/span><span style=\"font-size: 14px;\"><span style=\"color: #000000;\"><span style=\"color: #000000;\"><span style=\"font-size: 14px;\">zur Verf\u00fcgung gestellt<\/span><\/span><\/span><\/span><span style=\"color: #000000;\"><span style=\"color: #000000;\"><span style=\"font-size: 14px;\">).<br \/>\n<\/span><\/span><\/span><\/span><\/div>\n<div style=\"text-align: justify;\"><span style=\"color: #000000;\">\u00a0<\/span><\/div>\n<div style=\"text-align: center;\"><span style=\"color: #000000;\"><span style=\"font-size: 16px;\"><strong>F\u00e4hre ade!<\/strong><\/span><\/span><\/div>\n<div style=\"text-align: justify;\"><\/div>\n<div style=\"text-align: justify;\"><span style=\"color: #000000;\"><span style=\"font-size: 14px;\">Anfang 1976 h\u00e4ngte (jetzt schon lange als<\/span><span style=\"font-size: 14px;\"> \u201eMalender F\u00e4hrmann<\/span><span style=\"font-size: 14px;\">\u201c<\/span><span style=\"font-size: 14px;\"> bekannt) Franz Knapp die Ankerkette an den <\/span><span style=\"font-size: 14px;\"> \u201eber\u00fchmten<\/span><span style=\"font-size: 14px;\">\u201c<\/span><span style=\"font-size: 14px;\"> Nagel.<\/span><\/span><\/div>\n<div><\/div>\n<div style=\"text-align: center;\"><span style=\"color: #000000;\"><img loading=\"lazy\" decoding=\"async\" class=\" size-full wp-image-808\" style=\"width: 277px; height: 356px;\" src=\"https:\/\/zelking.grafikweb.eu\/wp-content\/uploads\/2014\/01\/anker.jpg\" alt=\"\" width=\"300\" height=\"383\" srcset=\"https:\/\/zelking.grafikweb.eu\/wp-content\/uploads\/2014\/01\/anker.jpg 300w, https:\/\/zelking.grafikweb.eu\/wp-content\/uploads\/2014\/01\/anker-235x300.jpg 235w\" sizes=\"auto, (max-width: 300px) 100vw, 300px\" \/><br \/>\n<span style=\"color: #000000;\"><span style=\"font-size: 14px;\">Anker mit Ankerkette <span style=\"color: #000000;\">(Ausschnitt von einer Radierung Knapps).<\/span><\/span><\/span><\/span><\/div>\n<div style=\"text-align: justify;\">\n<p><span style=\"color: #000000;\"><span style=\"font-size: 14px;\">N\u00d6 Nachrichten Melker Zeitung vom 2. 2. 1977.<br \/>\nDer <\/span><span style=\"font-size: 14px;\"> \u201emalende F\u00e4hrmann<\/span><span style=\"font-size: 14px;\">\u201c ging in Pension. P\u00f6chlarns prominentestes Aush\u00e4ngeschild hat zum Jahreswechsel die Ankerkette der F\u00e4hre P\u00f6chlarn an den ber\u00fchmten Nagel geh\u00e4ngt.<br \/>\nDreihunderttausendmal hat Knapp den Strom in den 25 Jahren seiner Dienstzeit \u00fcberquert.\u00a0<\/span><\/span><\/p>\n<p>&nbsp;<\/p>\n<\/div>\n<div style=\"text-align: center;\"><span style=\"color: #000000;\"><strong><span style=\"font-size: 16px;\">Ein <\/span><\/strong><span style=\"font-size: 16px;\"><strong>\u201e<\/strong><\/span><strong><span style=\"font-size: 16px;\">Stein<\/span><\/strong><span style=\"font-size: 16px;\"><strong>\u201c<\/strong><\/span><strong><span style=\"font-size: 16px;\"> kam ins rollen &#8230;<\/span><\/strong><\/span><\/div>\n<div style=\"text-align: center;\">\n<p><img loading=\"lazy\" decoding=\"async\" class=\" size-full wp-image-809\" style=\"width: 275px; height: 240px;\" src=\"https:\/\/zelking.grafikweb.eu\/wp-content\/uploads\/2014\/01\/f.%20k.%20mit%20kalenderblatt.jpg\" alt=\"\" width=\"472\" height=\"413\" \/><br \/>\n<span style=\"color: #000000;\"><span style=\"font-size: 14px;\">Dieses Kalenderblatt von einer 1982er-Radierung brachte eine Freundschaft ein!<br \/>\n<\/span><\/span><\/p>\n<p style=\"text-align: left;\"><span style=\"color: #000000;\"><span style=\"font-size: 14px;\">Meine Mutter fand in einem Papierkorb einen (angefangenen) Kalender vom Jahre 1988, wo unter anderem dieses Kalenderblatt (zum Gl\u00fcck noch) vorhanden war. Dadurch wurde ich auf einige Radierungen (die Gemeinde Zelking-Matzleinsdorf betreffend) aufmerksam UND erstand diese (hatte vorher von solchen Arbeiten Knapps keine Ahnung).<br \/>\n<\/span><\/span><\/p>\n<\/div>\n<div style=\"text-align: justify;\"><span style=\"color: #000000;\"> <span style=\"font-size: 14px;\">\u201eNebenbei<\/span><span style=\"font-size: 14px;\">\u201c brachte mir dies eine <\/span><\/span><span style=\"color: #000000;\"><span style=\"font-size: 14px;\">\u2013 <\/span><\/span><span style=\"color: #000000;\"><span style=\"font-size: 14px;\"> bis zum Tode des K\u00fcnstlers anhaltende Freundschaft ein, die bis heute <\/span><\/span><span style=\"color: #000000;\"><span style=\"font-size: 14px;\">\u2013 auch <\/span><\/span><span style=\"color: #000000;\"><span style=\"font-size: 14px;\">gegen\u00fcber der <\/span><span style=\"font-size: 14px;\">\u201erestlichen<\/span><span style=\"font-size: 14px;\">\u201c<\/span><span style=\"font-size: 14px;\"> F<\/span><span style=\"font-size: 14px;\">amilie angehalten hatte.<\/span><\/span><\/div>\n<div style=\"text-align: justify;\"><\/div>\n<div style=\"text-align: center;\"><img loading=\"lazy\" decoding=\"async\" class=\" size-full wp-image-810\" style=\"width: 274px; height: 380px;\" src=\"https:\/\/zelking.grafikweb.eu\/wp-content\/uploads\/2014\/01\/f.%20k.%20pfk.jpg\" alt=\"\" width=\"350\" height=\"467\" \/><br \/>\n<span style=\"color: #000000;\"><span style=\"font-size: 14px;\">\u201eDie Steine ins Rollen bringende Radierung<\/span><\/span><span style=\"color: #000000;\"><span style=\"font-size: 14px;\">\u201c.<\/span><\/span><\/div>\n<div style=\"text-align: center;\"><\/div>\n<div style=\"text-align: center;\">\n<p><strong><span style=\"color: #000000;\"><span style=\"font-size: 16px;\">Anbietung des <\/span><\/span><span style=\"color: #000000;\"><span style=\"font-size: 14px;\">\u201e<\/span><\/span><span style=\"color: #000000;\"><strong><span style=\"font-size: 16px;\">Du-Wortes<\/span><\/strong><\/span><span style=\"color: #000000;\"><span style=\"font-size: 14px;\">\u201c!<\/span><\/span><\/strong><\/p>\n<p style=\"text-align: left;\"><span style=\"color: #000000;\"><span style=\"font-size: 14px;\">Das anbieten des \u201eDu-Wortes\u201c seitens des K\u00fcnstlers am 15. M\u00e4rz 1993, welches gleichzeitig mit einer Druckgenehmigung f\u00fcr zwei verschiedene Postkarten mit Motiven der Pfarrkirche Zelking (Radierungen von 1982 und 1992) einherging, folgte mit folgenden Worten: \u201eWenn du SIE sagst, kostet es einen Liter (Wein)\u201c <\/span><\/span><span style=\"color: #000000;\"><span style=\"font-size: 14px;\">\u2013 <\/span><\/span><span style=\"color: #000000;\"><span style=\"font-size: 14px;\">war ein f\u00fcr mich unausl\u00f6schliches Ereignis. Franz Knapp blieb Zeitlebens ein K\u00fcnstler \u201ezum Anfassen\u201c!<\/span><\/span><\/p>\n<\/div>\n<div style=\"text-align: center;\">\n<p><img loading=\"lazy\" decoding=\"async\" class=\" size-full wp-image-811\" style=\"width: 308px; height: 221px;\" src=\"https:\/\/zelking.grafikweb.eu\/wp-content\/uploads\/2014\/01\/postkarte%20i.jpg\" alt=\"\" width=\"450\" height=\"324\" \/> \u00a0\u00a0 <img loading=\"lazy\" decoding=\"async\" class=\" size-full wp-image-812\" style=\"width: 306px; height: 221px;\" src=\"https:\/\/zelking.grafikweb.eu\/wp-content\/uploads\/2014\/01\/postkarte%20ii.jpg\" alt=\"\" width=\"450\" height=\"324\" \/><br \/>\n<span style=\"color: #000000;\"><span style=\"font-size: 14px;\">Privatpostkarten mit den Radierungsmotiven von 1982 und 1992 sowie Unterschriften des K\u00fcnstlers.<\/span><\/span><\/p>\n<p>&nbsp;<\/p>\n<\/div>\n<div style=\"text-align: center;\">\u00a0<span style=\"font-size: 16px;\"><strong><span style=\"color: #000000;\">Einige Arbeiten von Franz Knapp<br \/>\n<span style=\"font-size: 14px;\">(geeignet f\u00fcr Briefmarken)<\/span> <\/span><\/strong><\/span><\/div>\n<div style=\"text-align: center;\">\n<p><img loading=\"lazy\" decoding=\"async\" class=\" size-full wp-image-813\" style=\"width: 195px; height: 242px;\" src=\"https:\/\/zelking.grafikweb.eu\/wp-content\/uploads\/2014\/01\/selbstportrt%201991.jpg\" alt=\"\" width=\"350\" height=\"415\" \/><br \/>\n<span style=\"color: #000000;\"><span style=\"font-size: 14px;\">Selbstportr\u00e4t <\/span><span style=\"font-size: 14px;\">(\u00d6lkreide<\/span><span style=\"font-size: 14px;\">)<\/span><span style=\"font-size: 14px;\"> 1991. <\/span><\/span><span style=\"color: #000000;\"><span style=\"color: #000000;\"><span style=\"font-size: 14px;\">(Bild von Franz Xaver Knapp <\/span><\/span><\/span><span style=\"font-size: 14px;\"><span style=\"color: #000000;\"><span style=\"color: #000000;\"><span style=\"font-size: 14px;\">zur Verf\u00fcgung gestellt.<\/span><\/span><\/span><\/span><span style=\"color: #000000;\"><span style=\"font-size: 14px;\"><span style=\"color: #000000;\">)<\/span><\/span><\/span><\/p>\n<\/div>\n<div style=\"text-align: center;\">\n<p><span style=\"color: #000000;\">\u00a0 <\/span><img loading=\"lazy\" decoding=\"async\" class=\" size-full wp-image-814\" style=\"width: 202px; height: 290px;\" src=\"https:\/\/zelking.grafikweb.eu\/wp-content\/uploads\/2014\/01\/sonnenblumen.jpg\" alt=\"\" width=\"240\" height=\"342\" srcset=\"https:\/\/zelking.grafikweb.eu\/wp-content\/uploads\/2014\/01\/sonnenblumen.jpg 240w, https:\/\/zelking.grafikweb.eu\/wp-content\/uploads\/2014\/01\/sonnenblumen-211x300.jpg 211w\" sizes=\"auto, (max-width: 240px) 100vw, 240px\" \/><br \/>\n<span style=\"color: #000000;\"><span style=\"font-size: 14px;\">FK \u2013 Stillleben 10. 11. 1998.<\/span><br \/>\n<span style=\"font-size: 14px;\">(Bild von Franz Xaver Knapp zVg\u00a0 \u2013 Layout Franz Jell MSc.<\/span><\/span>)<\/p>\n<p><img loading=\"lazy\" decoding=\"async\" class=\" size-full wp-image-815\" style=\"width: 309px; height: 205px;\" src=\"https:\/\/zelking.grafikweb.eu\/wp-content\/uploads\/2014\/01\/schloss.jpg\" alt=\"\" width=\"493\" height=\"329\" srcset=\"https:\/\/zelking.grafikweb.eu\/wp-content\/uploads\/2014\/01\/schloss.jpg 493w, https:\/\/zelking.grafikweb.eu\/wp-content\/uploads\/2014\/01\/schloss-300x200.jpg 300w\" sizes=\"auto, (max-width: 493px) 100vw, 493px\" \/><br \/>\n<span style=\"font-size: 14px;\"><span style=\"color: #000000;\">Das Schloss\/Pflegeheim (Innenansicht) von Knapp aquarelliert (Kopie).<\/span><\/span><\/p>\n<p><img loading=\"lazy\" decoding=\"async\" class=\" size-full wp-image-816\" src=\"https:\/\/zelking.grafikweb.eu\/wp-content\/uploads\/2014\/01\/fhre.jpg\" alt=\"\" width=\"350\" height=\"368\" srcset=\"https:\/\/zelking.grafikweb.eu\/wp-content\/uploads\/2014\/01\/fhre.jpg 400w, https:\/\/zelking.grafikweb.eu\/wp-content\/uploads\/2014\/01\/fhre-285x300.jpg 285w\" sizes=\"auto, (max-width: 350px) 100vw, 350px\" \/><br \/>\n<span style=\"color: #000000;\"><span style=\"font-size: 14px;\">Klein-P\u00f6chlarn<span style=\"color: #000000;\"><span style=\"font-size: 14px;\">\u2013<\/span><\/span>F\u00e4hre<span style=\"color: #000000;\"><span style=\"font-size: 14px;\">\u2013<\/span><\/span>Stadt P\u00f6chlarn (Buntstiftzeichnung).<\/span><\/span><br \/>\n<span style=\"color: #000000;\"><span style=\"font-size: 14px;\">(Bild von Franz Xaver Knapp zVg\u00a0 \u2013 Layout Franz Jell MSc.<\/span><\/span>)<\/p>\n<p>&nbsp;<\/p>\n<p><span style=\"font-size: 14px;\"><span style=\"color: #000000;\"><span style=\"color: #000000;\"><span style=\"font-size: 14px;\"><strong><span style=\"font-size: 16px;\">Franz Knapp <\/span><\/strong><\/span><\/span><\/span><\/span><span style=\"font-size: 14px;\"><span style=\"color: #000000;\"><span style=\"color: #000000;\"><span style=\"font-size: 14px;\"><strong><span style=\"font-size: 16px;\">1996 bei einem Besuch in Zelking<br \/>\n<\/span><\/strong><\/span><\/span><\/span><\/span><span style=\"font-size: 14px;\"><span style=\"color: #000000;\"><span style=\"color: #000000;\"><strong>(eine G\u00e4stebucheintragung vornehmend)<\/strong><\/span><\/span><\/span><\/p>\n<p><img loading=\"lazy\" decoding=\"async\" class=\" size-full wp-image-817\" style=\"width: 400px; height: 263px;\" src=\"https:\/\/zelking.grafikweb.eu\/wp-content\/uploads\/2014\/01\/fk%201996.jpg\" alt=\"\" width=\"472\" height=\"311\" \/><br \/>\n<span style=\"color: #000000;\"><span style=\"font-size: 14px;\">Franz Knapp bei der G\u00e4stebucheintragung auf das Fahnenband der Sch\u00fctzengilde Zelking (von 1996) blickend,<br \/>\nwo seine Radierung Zelking 1982 aufgedruckt ist.<\/span><\/span><\/p>\n<p><img loading=\"lazy\" decoding=\"async\" class=\" size-full wp-image-818\" style=\"width: 402px; height: 269px;\" src=\"https:\/\/zelking.grafikweb.eu\/wp-content\/uploads\/2014\/01\/fk%201996%20t.jpg\" alt=\"\" width=\"388\" height=\"259\" \/><br \/>\n<span style=\"color: #000000;\"><span style=\"font-size: 14px;\">Foto <\/span><span style=\"font-size: 14px;\">des<\/span><\/span> <span style=\"color: #000000;\"><span style=\"font-size: 14px;\">Hauses<\/span><\/span><span style=\"color: #000000;\"><span style=\"font-size: 14px;\"> sowie stark verkleinerte Kopie der Bleistiftzeichnung,<\/span><\/span><span style=\"color: #000000;\"><span style=\"font-size: 14px;\"> Foto vom Zeichnen und die G\u00e4stebucheintragung.<\/span><\/span><\/p>\n<p>&nbsp;<\/p>\n<p><span style=\"font-size: 14px;\"><span style=\"color: #000000;\"><span style=\"color: #000000;\"><span style=\"font-size: 14px;\"><strong><span style=\"font-size: 16px;\">Eine musikalische Knapp-Ehrung <\/span><\/strong><\/span><\/span><\/span><\/span><span style=\"font-size: 14px;\"><span style=\"color: #000000;\"><span style=\"color: #000000;\"><span style=\"font-size: 14px;\"><strong><span style=\"font-size: 16px;\">1996<\/span><\/strong><\/span><\/span><\/span><\/span><\/p>\n<div style=\"text-align: justify;\">\n<p><span style=\"color: #000000;\"><span style=\"color: #000000;\"><span style=\"font-size: 14px;\">Knapps Freund Prof. Berhart Banco, ein in P\u00f6chlarn wohnender Kapellmeister, Musiker und Komponist widmete ihm zu seinem 80. Geburtstag den Konzertmarsch: DER MALENDE F\u00c4HRMANN, Opus 220.<\/span><\/span><\/span><\/p>\n<p>&nbsp;<\/p>\n<\/div>\n<div style=\"text-align: center;\">\n<p><span style=\"color: #000000;\"><img loading=\"lazy\" decoding=\"async\" class=\" size-full wp-image-819\" style=\"width: 178px; height: 266px;\" src=\"https:\/\/zelking.grafikweb.eu\/wp-content\/uploads\/2014\/01\/banco%202.jpg\" alt=\"\" width=\"350\" height=\"525\" \/><br \/>\n<span style=\"color: #000000;\"><span style=\"font-size: 14px;\">Prof. Gerhart Banco<\/span><\/span><\/span><\/p>\n<p><img loading=\"lazy\" decoding=\"async\" class=\" size-full wp-image-820\" src=\"https:\/\/zelking.grafikweb.eu\/wp-content\/uploads\/2014\/01\/fk%20titel%20b.jpg\" alt=\"\" width=\"330\" height=\"595\" \/><br \/>\n<span style=\"color: #000000;\"><span style=\"font-size: 14px;\"> <span style=\"color: #000000;\">Titelblatt des Konzertmarsches DER MALENDE F\u00c4HRMANN.<\/span><br \/>\n<\/span><\/span><br \/>\n<img loading=\"lazy\" decoding=\"async\" class=\" size-full wp-image-821\" src=\"https:\/\/zelking.grafikweb.eu\/wp-content\/uploads\/2014\/01\/fk%20text%20a.jpg\" alt=\"\" width=\"409\" height=\"279\" \/><br \/>\n<span style=\"color: #000000;\"><span style=\"font-size: 14px;\"><span style=\"color: #000000;\"><span style=\"color: #000000;\">Kurzbiografie betreffs der Widmung des Marsches an Franz Knapp &#8230;<\/span><\/span><\/span><\/span><\/p>\n<p><img loading=\"lazy\" decoding=\"async\" class=\" size-full wp-image-822\" style=\"width: 454px; height: 629px;\" src=\"https:\/\/zelking.grafikweb.eu\/wp-content\/uploads\/2014\/01\/fk%20noten.jpg\" alt=\"\" width=\"454\" height=\"629\" \/><br \/>\n<span style=\"color: #000000;\"><span style=\"font-size: 14px;\"><span style=\"color: #000000;\"> <span style=\"color: #000000;\">&#8230; und die erste Seite des Werkes (Opus 220)<\/span><\/span><\/span><\/span><\/p>\n<p>&nbsp;<\/p>\n<\/div>\n<\/div>\n<div style=\"text-align: center;\">\n<p><span style=\"color: #000000;\"><span style=\"color: #000000;\"><span style=\"font-size: 14px;\"><strong><span style=\"font-size: 16px;\">Die ersten Malertage 1997 in Zelking und Knapp<br \/>\n<\/span><\/strong><\/span><\/span><\/span><\/p>\n<p><span style=\"color: #000000;\"><span style=\"color: #000000;\"><span style=\"font-size: 14px;\">Unter anderem war bei den ersten Malertage in Zelking auch Franz Knapp anwesend. Leider konnte durch seinen, in Genf erlittenem Schlaganfall, eine weitere Mitarbeit (2000 usw.) nicht mehr wahrgenommen werden. Franz Knapp schuf auch zwei Portr\u00e4ts (bei der Vernissage).<br \/>\n<\/span><\/span><\/span><\/p>\n<\/div>\n<div style=\"text-align: justify;\">\n<p>&nbsp;<\/p>\n<p>&nbsp;<\/p>\n<\/div>\n<div style=\"text-align: center;\"><span style=\"color: #000000;\"><img loading=\"lazy\" decoding=\"async\" class=\" size-full wp-image-823\" style=\"width: 288px; height: 213px;\" src=\"https:\/\/zelking.grafikweb.eu\/wp-content\/uploads\/2014\/01\/1.%20malertage%20pfarrkirche%20und%20schule.jpg\" alt=\"\" width=\"400\" height=\"296\" \/><\/span><\/div>\n<div style=\"text-align: center;\">\n<p><span style=\"color: #000000;\"><span style=\"color: #000000;\"><span style=\"font-size: 14px;\">Radierung von den 1. Malertagen 1997.<br \/>\n(Pfarrkirche, alte Volksschule und Turnsaal in Zelking.<\/span><\/span><span style=\"font-size: 14px;\"><span style=\"color: #000000;\"><span style=\"color: #000000;\">)<\/span><\/span><\/span><\/span><\/p>\n<p><img loading=\"lazy\" decoding=\"async\" class=\" size-full wp-image-824\" style=\"width: 339px; height: 245px;\" src=\"https:\/\/zelking.grafikweb.eu\/wp-content\/uploads\/2014\/01\/pfk.%20zelking%20c.jpg\" alt=\"\" width=\"400\" height=\"292\" \/><br \/>\n<span style=\"font-size: 14px;\"><span style=\"color: #000000;\"><span style=\"color: #000000;\"> <span style=\"color: #000000;\">Detto Buntstiftzeichnung\u00a0 <\/span><\/span><\/span><\/span><span style=\"font-size: 14px;\"><span style=\"color: #000000;\"><span style=\"color: #000000;\"><span style=\"font-size: 14px;\">(Bild von Franz Xaver Knapp zVg<\/span><\/span><span style=\"font-size: 14px;\"><span style=\"color: #000000;\">).<\/span><\/span><\/span><\/span><\/p>\n<\/div>\n<div style=\"text-align: center;\"><span style=\"color: #000000;\"><img loading=\"lazy\" decoding=\"async\" class=\" size-full wp-image-825\" style=\"width: 338px; height: 242px;\" src=\"https:\/\/zelking.grafikweb.eu\/wp-content\/uploads\/2014\/01\/melkfluss%20i.jpg\" alt=\"\" width=\"450\" height=\"320\" \/><\/span><\/div>\n<div style=\"text-align: center;\"><span style=\"color: #000000;\"><span style=\"color: #000000;\"><span style=\"color: #000000;\"><span style=\"font-size: 14px;\">Der Melkfluss (Weichgrundradierung 1997) in Richtung Zelking von der ehemaligen Bauer-Wehr aus gesehen.<\/span><\/span><br \/>\n<\/span><\/span><\/div>\n<div style=\"text-align: justify;\"><span style=\"color: #000000;\">\u00a0<\/span><\/div>\n<div style=\"text-align: center;\">\n<p><span style=\"color: #000000;\"><img loading=\"lazy\" decoding=\"async\" class=\" size-full wp-image-826\" style=\"width: 338px; height: 239px;\" src=\"https:\/\/zelking.grafikweb.eu\/wp-content\/uploads\/2014\/01\/melkflu%20ii.jpg\" alt=\"\" width=\"400\" height=\"289\" \/><br \/>\n<span style=\"color: #000000;\"><span style=\"font-size: 14px;\">Ebenso aus der gleichen Sicht (1998) \u2013 \u00c4tzradierung &#8230;<\/span><\/span><\/span><\/p>\n<p><img loading=\"lazy\" decoding=\"async\" class=\" size-full wp-image-827\" style=\"width: 342px; height: 235px;\" src=\"https:\/\/zelking.grafikweb.eu\/wp-content\/uploads\/2014\/01\/knappbild%20a.jpg\" alt=\"\" width=\"400\" height=\"279\" \/><br \/>\n<span style=\"color: #000000;\"><span style=\"font-size: 14px;\">&#8230; und in Aquarelltechnik 1998. <\/span><\/span><span style=\"font-size: 14px;\"><span style=\"color: #000000;\"><span style=\"color: #000000;\"><span style=\"font-size: 14px;\">(Bild von Franz Xaver Knapp zVg.<\/span><\/span><span style=\"font-size: 14px;\"><span style=\"color: #000000;\">)<\/span><\/span><\/span><\/span><\/p>\n<p><img loading=\"lazy\" decoding=\"async\" class=\" size-full wp-image-828\" style=\"width: 282px; height: 216px;\" src=\"https:\/\/zelking.grafikweb.eu\/wp-content\/uploads\/2014\/01\/sandra%20i.jpg\" alt=\"\" width=\"334\" height=\"254\" \/> <img loading=\"lazy\" decoding=\"async\" class=\" size-full wp-image-829\" style=\"width: 198px; height: 331px;\" src=\"https:\/\/zelking.grafikweb.eu\/wp-content\/uploads\/2014\/01\/sandra%20ii.jpg\" alt=\"\" width=\"236\" height=\"395\" \/><br \/>\n<span style=\"color: #000000;\"><span style=\"font-size: 14px;\">Franz Knapp zeichnete bei der ersten Malertagevernissage (hier noch im alten Gemeindeamt) Sandra Gattringer (3\u00bd Jahre alt) auf einer Papiertasse (Kopie).<\/span><\/span><\/p>\n<p>&nbsp;<\/p>\n<p><span style=\"font-size: 16px;\"><strong> Der Schicksalsschlag<\/strong><\/span><\/p>\n<\/div>\n<div style=\"text-align: justify;\">\n<p><span style=\"color: #000000;\"><span style=\"font-size: 14px;\">Dann kam der 23. Juli 1998.<br \/>\nBei einem Besuch bei seinem j\u00fcngsten Sohn Josef in Genf (er war damals hier als Konsul t\u00e4tig), erlitt Franz Knapp einen Schlaganfall; jedoch im REHAB Mauer (von der Schweiz aus wurde er dahin \u00fcberstellt), portr\u00e4tierte er schon bald wieder \u2013 Patienten und Betreuungspersonal.<br \/>\nDer ausl\u00f6sende Moment d\u00fcrfte das stundenlange (beim \u2013 wie soll es anders sein \u2013 Zeichnen) Sitzen in der Sonne ohne Kopfbedeckung gewesen sein, vermutlich wurde auch wenig oder nichts getrunken.<br \/>\nNat\u00fcrlich gab es auch Tiefpunkte seelischer Art, wo er einen, fast an einem Stamm\u00a0 liegenden Menschen (sich selbst?) und davor den Tod zeichnete. <\/span><\/span><\/p>\n<\/div>\n<div style=\"text-align: center;\">\n<div><img loading=\"lazy\" decoding=\"async\" class=\" size-full wp-image-830\" style=\"width: 338px; height: 228px;\" src=\"https:\/\/zelking.grafikweb.eu\/wp-content\/uploads\/2014\/01\/der%20tod.jpg\" alt=\"\" width=\"312\" height=\"221\" \/><\/div>\n<div><span style=\"color: #000000;\"><span style=\"font-size: 14px;\">Der Tod \u2013 kopierte SW-Zeichnung <\/span><\/span><span style=\"color: #000000;\"><span style=\"font-size: 14px;\">(dahinter der seelisch gezeichnete Knapp?).<\/span><\/span><\/div>\n<div style=\"text-align: justify;\"><\/div>\n<div style=\"text-align: justify;\"><span style=\"color: #000000;\"><span style=\"font-size: 14px;\">Trotz alledem war es \u201eGl\u00fcck\u201c, dass es die linke und nicht die \u201eZeichenhand\u201c getroffen hatte, so entstanden noch bis kurz vor seinem Ableben zahlreiche Zeichnungen, Portr\u00e4ts usw. Franz Knapp erz\u00e4hlte mir einige Monate sp\u00e4ter, dass er blutverd\u00fcnnende Medikamente h\u00e4tte nehmen sollen, aber einen ausgestopften Fischkopf \u201ereichlich\u201c f\u00fctterte. Durch das t\u00e4gliche Baden kannte Knapp keine Verk\u00fchlungen, aber gegen sein dickes Blut h\u00e4tte er doch die \u201ePulverln\u201c nehmen sollen. Nachtr\u00e4glich bedauerte er diese Unterlassung sehr.<\/span><\/span><\/div>\n<div style=\"text-align: center;\"><\/div>\n<\/div>\n<div style=\"text-align: center;\">\n<p><img loading=\"lazy\" decoding=\"async\" class=\" size-full wp-image-831\" style=\"width: 261px; height: 366px;\" src=\"https:\/\/zelking.grafikweb.eu\/wp-content\/uploads\/2014\/01\/fk%20sept.%202002.jpg\" alt=\"\" width=\"300\" height=\"419\" \/><br \/>\n<span style=\"color: #000000;\"><span style=\"font-size: 14px;\">FK an der ehemaligen Anlegestelle der Rollf\u00e4hre\/Motorf\u00e4hre \u201eErika\u201c (2002).\u00a0<\/span><\/span><\/p>\n<p><img loading=\"lazy\" decoding=\"async\" class=\" size-full wp-image-832\" style=\"width: 257px; height: 385px;\" src=\"https:\/\/zelking.grafikweb.eu\/wp-content\/uploads\/2014\/01\/franzgrete.jpg\" alt=\"\" width=\"384\" height=\"575\" srcset=\"https:\/\/zelking.grafikweb.eu\/wp-content\/uploads\/2014\/01\/franzgrete.jpg 384w, https:\/\/zelking.grafikweb.eu\/wp-content\/uploads\/2014\/01\/franzgrete-200x300.jpg 200w\" sizes=\"auto, (max-width: 384px) 100vw, 384px\" \/><br \/>\n<span style=\"color: #000000;\"> <span style=\"color: #000000;\"><span style=\"font-size: 14px;\">Franz &amp; Margareta Knapp im<\/span><\/span><span style=\"color: #000000;\"><span style=\"font-size: 14px;\"> April 2003 (mit einem Buntstiftstilleben).<\/span><\/span><\/span><\/p>\n<p><img loading=\"lazy\" decoding=\"async\" class=\" size-full wp-image-833\" style=\"width: 199px; height: 261px;\" src=\"https:\/\/zelking.grafikweb.eu\/wp-content\/uploads\/2014\/01\/portrt%20lp.jpg\" alt=\"\" width=\"395\" height=\"540\" \/><br \/>\n<span style=\"color: #000000;\"><span style=\"color: #000000;\"><span style=\"font-size: 14px;\"> <span style=\"color: #000000;\">Genau am 5. Jahrestag des Schlaganfalls portr\u00e4tierte mich Franz Knapp mittels blauer Tinte.<\/span><\/span><\/span><br \/>\n<\/span><\/p>\n<\/div>\n<div style=\"text-align: justify;\"><\/div>\n<div style=\"text-align: justify;\"><\/div>\n<div style=\"text-align: center;\"><span style=\"color: #000000;\"><span style=\"font-size: 16px;\"><strong>Kalenderblatt<br \/>\n<\/strong><\/span><\/span><\/div>\n<div style=\"text-align: center;\">\n<p><span style=\"color: #000000;\"><img loading=\"lazy\" decoding=\"async\" class=\" size-full wp-image-834\" style=\"width: 256px; height: 299px;\" src=\"https:\/\/zelking.grafikweb.eu\/wp-content\/uploads\/2014\/01\/narzissen.jpg\" alt=\"\" width=\"300\" height=\"352\" srcset=\"https:\/\/zelking.grafikweb.eu\/wp-content\/uploads\/2014\/01\/narzissen.jpg 300w, https:\/\/zelking.grafikweb.eu\/wp-content\/uploads\/2014\/01\/narzissen-256x300.jpg 256w\" sizes=\"auto, (max-width: 300px) 100vw, 300px\" \/><br \/>\n<span style=\"font-size: 14px;\"><span style=\"color: #000000;\"><span style=\"font-size: 14px;\"><span style=\"color: #000000;\"><span style=\"color: #000000;\"><span style=\"font-size: 14px;\"> FK aquarellierte f\u00fcr ein Kalenderblatt (Februar 1999) einige Narzissen.<\/span><\/span><\/span><\/span><\/span><\/span><\/span><\/p>\n<p>&nbsp;<\/p>\n<\/div>\n<div style=\"text-align: center;\">\n<p><span style=\"color: #000000;\"><span style=\"font-size: 16px;\"><strong>Die \u201efalschen\u201c Selbstportr\u00e4ts<\/strong><\/span><\/span><\/p>\n<p><img loading=\"lazy\" decoding=\"async\" class=\" size-full wp-image-835\" style=\"width: 258px; height: 323px;\" src=\"https:\/\/zelking.grafikweb.eu\/wp-content\/uploads\/2014\/01\/selbstbildnis.jpg\" alt=\"\" width=\"350\" height=\"441\" srcset=\"https:\/\/zelking.grafikweb.eu\/wp-content\/uploads\/2014\/01\/selbstbildnis.jpg 350w, https:\/\/zelking.grafikweb.eu\/wp-content\/uploads\/2014\/01\/selbstbildnis-238x300.jpg 238w\" sizes=\"auto, (max-width: 350px) 100vw, 350px\" \/><\/p>\n<\/div>\n<div style=\"text-align: center;\"><span style=\"color: #000000;\"><span style=\"font-size: 14px;\">Durch das Spiegelbild zeichnete Knapp sich als Linksh\u00e4nder \u2013 obwohl Knapps linke Hand vom Schlaganfall betroffen war.<br \/>\n(Bild von Franz Xaver Knapp <\/span><\/span><span style=\"font-size: 14px;\"><span style=\"color: #000000;\"><span style=\"color: #000000;\"><span style=\"font-size: 14px;\">zur Verf\u00fcgung gestellt.<\/span><\/span><\/span><\/span><span style=\"color: #000000;\"><span style=\"font-size: 14px;\">)<br \/>\n<\/span><\/span><\/div>\n<div style=\"text-align: center;\"><span style=\"font-size: 14px;\"><span style=\"color: #000000;\"> <span style=\"text-decoration: underline;\"><strong>Seine eigene <\/strong><\/span><\/span><\/span><span style=\"font-size: 14px;\"><span style=\"color: #000000;\"><span style=\"text-decoration: underline;\"><strong>\u201e<\/strong><\/span><\/span><\/span><span style=\"font-size: 14px;\"><span style=\"color: #000000;\"><span style=\"text-decoration: underline;\"><strong>Therapie<\/strong><\/span><\/span><\/span><span style=\"font-size: 14px;\"><span style=\"color: #000000;\"><span style=\"text-decoration: underline;\"><strong>\u201c<\/strong><\/span><\/span><\/span><span style=\"font-size: 14px;\"><span style=\"color: #000000;\"><span style=\"text-decoration: underline;\"><strong> war: \u201eZeichnen, Zeichnen, Zeichnen\u201c<\/strong><\/span><\/span><\/span><\/div>\n<div style=\"text-align: center;\">\n<p><img loading=\"lazy\" decoding=\"async\" class=\" size-full wp-image-836\" style=\"width: 162px; height: 251px;\" src=\"https:\/\/zelking.grafikweb.eu\/wp-content\/uploads\/2014\/01\/2005%20beim%20selbstportrtieren.jpg\" alt=\"\" width=\"300\" height=\"463\" \/> <img loading=\"lazy\" decoding=\"async\" class=\" size-full wp-image-837\" style=\"width: 206px; height: 251px;\" src=\"https:\/\/zelking.grafikweb.eu\/wp-content\/uploads\/2014\/01\/knapp%20beim%20selbstportrtieren.jpg\" alt=\"\" width=\"350\" height=\"424\" \/><br \/>\n<span style=\"font-size: 14px;\"><span style=\"color: #000000;\">FK beim selbstportr\u00e4tieren 2005 (hier noch im trauten Heim).<br \/>\n<\/span><\/span><\/p>\n<p><img loading=\"lazy\" decoding=\"async\" class=\" size-full wp-image-838\" style=\"width: 325px; height: 479px;\" src=\"https:\/\/zelking.grafikweb.eu\/wp-content\/uploads\/2014\/01\/fk%20und%20m.jpg\" alt=\"\" width=\"1192\" height=\"1764\" \/><br \/>\n<span style=\"color: #000000;\"><span style=\"font-size: 14px;\">Dezember 2005 <\/span><\/span><span style=\"color: #000000;\"><span style=\"font-size: 14px;\">\u2013 <\/span><\/span><span style=\"color: #000000;\"><span style=\"font-size: 14px;\">der <\/span><span style=\"font-size: 14px;\"> \u201emalende F\u00e4hrmann<\/span><span style=\"font-size: 14px;\">\u201c<\/span> <span style=\"font-size: 14px;\">mit Gattin<\/span> <span style=\"font-size: 14px;\"> \u201eGretl<\/span><span style=\"font-size: 14px;\">\u201c.<\/span><br \/>\n<\/span><\/p>\n<\/div>\n<div style=\"text-align: justify;\"><\/div>\n<div style=\"text-align: justify;\"><\/div>\n<div style=\"text-align: center;\"><span style=\"color: #000000;\"><strong><span style=\"font-size: 16px;\">Ein Lebensabschnitt<\/span><\/strong><\/span><\/div>\n<div style=\"text-align: center;\"><\/div>\n<div style=\"text-align: justify;\">\n<p><span style=\"color: #000000;\"><span style=\"font-size: 14px;\">P\u00f6chlarn, 7. November 2005.<br \/>\nDurch eine langwierige und schwere Krankheit seines Erstgeborenen Sohnes Franz Xaver, der nichts Heben konnte (und d\u00fcrfte) und seine Gattin den jetzt im Rollstuhl befindlichen Gatten bei seinen Allt\u00e4glichkeiten wenig helfen konnte, musste zum Leidwesen der Familie der \u201emalende F\u00e4hrmann\u201c in das Pflegeheim Schloss P\u00f6chlarn \u00fcbergeben werden, wo er im 89. Lebensjahr stehend, dahin zur\u00fcckkehrte wo er einstmals (in einem Nebengeb\u00e4ude) wohnte.<br \/>\nWieweit Franz Knapp darunter gelitten hatte \u2013 er \u00e4u\u00dferte sich niemals; nannte sein Domizil ****Stern-Hotel \u201eZum Feierabend\u201c (ob humorvoll oder sarkastisch konnte nicht ermittel werden)!<\/span><\/span><\/p>\n<\/div>\n<div style=\"text-align: center;\"><img loading=\"lazy\" decoding=\"async\" class=\" size-full wp-image-839\" style=\"width: 276px; height: 189px;\" src=\"https:\/\/zelking.grafikweb.eu\/wp-content\/uploads\/2014\/01\/schloss-fhrmann.jpg\" alt=\"\" width=\"400\" height=\"275\" srcset=\"https:\/\/zelking.grafikweb.eu\/wp-content\/uploads\/2014\/01\/schloss-fhrmann.jpg 400w, https:\/\/zelking.grafikweb.eu\/wp-content\/uploads\/2014\/01\/schloss-fhrmann-300x206.jpg 300w\" sizes=\"auto, (max-width: 400px) 100vw, 400px\" \/><\/div>\n<div style=\"text-align: center;\"><span style=\"color: #000000;\"><span style=\"font-size: 14px;\">Selbstportr\u00e4t (im Hintergrund Innenansicht Schloss\/Pflegeheim) mit F\u00e4hrmannkappe.<br \/>\n(Bild von Franz Xaver Knapp <span style=\"font-size: 14px;\"><span style=\"color: #000000;\"><span style=\"color: #000000;\"><span style=\"font-size: 14px;\">zur Verf\u00fcgung gestellt.<\/span><\/span><\/span><\/span>)<\/span><\/span><\/div>\n<div><\/div>\n<div style=\"text-align: justify;\"><\/div>\n<div style=\"text-align: justify;\"><span style=\"color: #000000;\"><span style=\"font-size: 14px;\">Trotz alledem, er versuchte das Beste daraus zu machen und Zeichnete das Geb\u00e4ude, Heiminsassen, Besucher, sich selbst, &#8230;<\/span><\/span><\/div>\n<div style=\"text-align: justify;\"><\/div>\n<div style=\"text-align: center;\"><span style=\"color: #000000;\"><span style=\"font-size: 14px;\"><img loading=\"lazy\" decoding=\"async\" class=\" size-full wp-image-840\" src=\"https:\/\/zelking.grafikweb.eu\/wp-content\/uploads\/2014\/01\/senecura.jpg\" alt=\"\" width=\"399\" height=\"300\" srcset=\"https:\/\/zelking.grafikweb.eu\/wp-content\/uploads\/2014\/01\/senecura.jpg 450w, https:\/\/zelking.grafikweb.eu\/wp-content\/uploads\/2014\/01\/senecura-300x226.jpg 300w\" sizes=\"auto, (max-width: 399px) 100vw, 399px\" \/><\/span><\/span><\/div>\n<div style=\"text-align: center;\"><span style=\"color: #000000;\"><span style=\"font-size: 14px;\">Das Pflegeheim (SW-Kopie).<\/span><\/span><\/div>\n<div style=\"text-align: center;\"><span style=\"color: #000000;\"><span style=\"font-size: 14px;\">Signiert mit: Diese Ansicht habe ich von meinen Gruppenraum gezeichnet. <\/span><\/span><\/div>\n<div style=\"text-align: center;\"><span style=\"color: #000000;\"><span style=\"font-size: 14px;\">Dein Franz Knapp<\/span><\/span><\/div>\n<div style=\"text-align: center;\"><span style=\"color: #000000;\"><span style=\"font-size: 14px;\">12. 12. 05<\/span><\/span><\/div>\n<div style=\"text-align: center;\">\u00a0<span style=\"color: #000000;\"><span style=\"font-size: 14px;\">\u00a0<\/span><\/span><\/div>\n<div style=\"text-align: center;\"><img loading=\"lazy\" decoding=\"async\" class=\" size-full wp-image-841\" style=\"width: 205px; height: 311px;\" src=\"https:\/\/zelking.grafikweb.eu\/wp-content\/uploads\/2014\/01\/clown.jpg\" alt=\"\" width=\"350\" height=\"528\" srcset=\"https:\/\/zelking.grafikweb.eu\/wp-content\/uploads\/2014\/01\/clown.jpg 350w, https:\/\/zelking.grafikweb.eu\/wp-content\/uploads\/2014\/01\/clown-199x300.jpg 199w\" sizes=\"auto, (max-width: 350px) 100vw, 350px\" \/>\u00a0\u00a0 <img loading=\"lazy\" decoding=\"async\" class=\" size-full wp-image-842\" style=\"width: 245px; height: 311px;\" src=\"https:\/\/zelking.grafikweb.eu\/wp-content\/uploads\/2014\/01\/f.%20k.%202006%20i.jpg\" alt=\"\" width=\"300\" height=\"379\" \/><br \/>\n<span style=\"color: #000000;\"><span style=\"font-size: 14px;\">Zwei seiner Selbstportr\u00e4ts aus dem Jahre 2006 (Kopien).<br \/>\n<\/span><\/span><\/div>\n<div><\/div>\n<div style=\"text-align: center;\"><\/div>\n<div style=\"text-align: center;\"><span style=\"color: #000000;\"><strong><span style=\"font-size: 16px;\">Der geehrte Knapp<\/span><\/strong><\/span><\/div>\n<div style=\"text-align: center;\">\u00a0<span style=\"color: #000000;\">\u00a0<\/span><\/div>\n<div style=\"text-align: justify;\"><span style=\"color: #000000;\"><span style=\"color: #000000;\"><span style=\"font-size: 14px;\">Neben den vielen Auszeichnungen (f\u00fcr sein Lebenswerk, erhielt er den \u201eKunstpreis der Stadt P\u00f6chlarn\u201c), wurde Franz Knapp mit dem Ehrenring der Stadt P\u00f6chlarn zu seinem 80. und dem \u201eEros von P\u00f6chlarn\u201c zu seinem 90. Geburtstag bedacht.<br \/>\n<\/span><\/span><br \/>\n<\/span><\/div>\n<div style=\"text-align: center;\"><span style=\"color: #000000;\">\u00a0<img loading=\"lazy\" decoding=\"async\" class=\" size-full wp-image-843\" style=\"width: 162px; height: 244px;\" src=\"https:\/\/zelking.grafikweb.eu\/wp-content\/uploads\/2014\/01\/ehrenring.jpg\" alt=\"\" width=\"300\" height=\"450\" srcset=\"https:\/\/zelking.grafikweb.eu\/wp-content\/uploads\/2014\/01\/ehrenring.jpg 300w, https:\/\/zelking.grafikweb.eu\/wp-content\/uploads\/2014\/01\/ehrenring-200x300.jpg 200w\" sizes=\"auto, (max-width: 300px) 100vw, 300px\" \/> <img loading=\"lazy\" decoding=\"async\" class=\" size-full wp-image-844\" style=\"width: 162px; height: 245px;\" src=\"https:\/\/zelking.grafikweb.eu\/wp-content\/uploads\/2014\/01\/eros.jpg\" alt=\"\" width=\"392\" height=\"588\" srcset=\"https:\/\/zelking.grafikweb.eu\/wp-content\/uploads\/2014\/01\/eros.jpg 392w, https:\/\/zelking.grafikweb.eu\/wp-content\/uploads\/2014\/01\/eros-200x300.jpg 200w\" sizes=\"auto, (max-width: 392px) 100vw, 392px\" \/><br \/>\n<span style=\"color: #000000;\"><span style=\"font-size: 14px;\">Ehrenring und \u201eEros\u201c der Stadt P\u00f6chlarn.<\/span><\/span><br \/>\n<\/span><\/div>\n<div><\/div>\n<div style=\"text-align: justify;\"><span style=\"color: #000000;\"><span style=\"color: #000000;\"><span style=\"font-size: 14px;\">Verliehen wurde ihm am 17. Oktober 1993 das Goldene Verdienstzeichen der Republik \u00d6sterreich und am 14. Dezember 1993 aus der Hand von LH Dr. Erwin Pr\u00f6ll das Ehrenzeichen in Gold f\u00fcr Verdienste um das Bundesland Nieder\u00f6sterreich.<\/span><\/span><\/span><\/div>\n<div style=\"text-align: justify;\"><span style=\"color: #000000;\"><span style=\"color: #000000;\"><span style=\"font-size: 14px;\">Der gr\u00f6\u00dfte Dank an den Menschen und K\u00fcnstler Knapp aber war zeitlebens die Anerkennung seiner langj\u00e4hrigen Leistungen von und durch den einfachen B\u00fcrger. Knapp blieb zeitlebnes auch immer ein einfacher Mensch und \u201eanfassbar\u201c. Diese Zeichen der Freundschaft waren f\u00fcr ihn, ganz besonders in seinem letzten Lebensabschnitt, von Bedeutung. Sie zeigten die Verbundenheit der Menschen zu Knapp, bzw. Knapp zu den Menschen auf!<br \/>\nNannte Prof. Oskar Kokoschka ihn doch seinen \u201eLieben F\u00e4hrmann und Sch\u00fcler\u201c, was er als die gr\u00f6\u00dfte Auszeichnung f\u00fcr seine k\u00fcnstlerischen Leistungen ansah.<\/span><\/span><\/span><\/div>\n<div style=\"text-align: center;\"><span style=\"color: #000000;\">\u00a0<\/span><\/div>\n<div style=\"text-align: center;\"><span style=\"color: #000000;\"><span style=\"font-size: 14px;\"><span style=\"font-size: 16px;\"><strong>90 Jahre und kein bi\u00dfchen leise<\/strong><\/span><br \/>\n<\/span><\/span><\/div>\n<div style=\"text-align: center;\"><\/div>\n<div style=\"text-align: justify;\"><span style=\"color: #000000;\"><strong><span style=\"font-size: 14px;\">\u201eDonaumaler<\/span><span style=\"font-size: 14px;\"><span style=\"font-size: 14px;\"><span style=\"font-size: 14px;\"><span style=\"font-size: 14px;\">\u201c<\/span><\/span><\/span><\/span><\/strong><br \/>\n<span style=\"font-size: 14px;\"> Dieser <\/span><\/span><span style=\"color: #000000;\"><span style=\"font-size: 14px;\">\u201e<\/span><\/span><span style=\"color: #000000;\"><span style=\"font-size: 14px;\">Titel<\/span><\/span><span style=\"color: #000000;\"><span style=\"font-size: 14px;\"><span style=\"font-size: 14px;\"><span style=\"font-size: 14px;\"><span style=\"font-size: 14px;\">\u201c<\/span><\/span><\/span><\/span><\/span><span style=\"color: #000000;\"><span style=\"font-size: 14px;\"> wurde ihm an seinem 90. Geburtstag (am 20. November 2006 im Pflegeheim) seitens einer privaten Gratulantenschar wegen seiner vielen Motiven rund um die Donau <\/span><span style=\"font-size: 14px;\"><span style=\"font-size: 14px;\"><span style=\"font-size: 14px;\"><span style=\"font-size: 14px;\">\u201e<\/span><\/span><\/span><\/span><span style=\"font-size: 14px;\">zuerkannt.<\/span><span style=\"font-size: 14px;\"><span style=\"font-size: 14px;\"><span style=\"font-size: 14px;\"><span style=\"font-size: 14px;\">\u201c<\/span><\/span><\/span><\/span><span style=\"font-size: 14px;\"> Als <\/span><span style=\"font-size: 14px;\"><span style=\"font-size: 14px;\"><span style=\"font-size: 14px;\"><span style=\"font-size: 14px;\">\u201e<\/span><\/span><\/span><\/span><span style=\"font-size: 14px;\">Draufgabe<\/span><span style=\"font-size: 14px;\"><span style=\"font-size: 14px;\"><span style=\"font-size: 14px;\"><span style=\"font-size: 14px;\">\u201c<\/span><\/span><\/span><\/span><span style=\"font-size: 14px;\"> wurde ihm auch noch die Bezeichnung <\/span><span style=\"font-size: 14px;\"><span style=\"font-size: 14px;\"><span style=\"font-size: 14px;\"><span style=\"font-size: 14px;\">\u201e<\/span><\/span><\/span><\/span><span style=\"font-size: 14px;\">Radierer vom Nibelungengau<\/span><span style=\"font-size: 14px;\"><span style=\"font-size: 14px;\"><span style=\"font-size: 14px;\"><span style=\"font-size: 14px;\">\u201c<\/span><\/span><\/span><\/span><span style=\"font-size: 14px;\"> (wegen seiner zahlreichen Radierungen) auch noch <\/span><span style=\"font-size: 14px;\"><span style=\"font-size: 14px;\"><span style=\"font-size: 14px;\"><span style=\"font-size: 14px;\">\u201e<\/span><\/span><\/span><\/span><span style=\"font-size: 14px;\">verliehen<\/span><span style=\"font-size: 14px;\"><span style=\"font-size: 14px;\"><span style=\"font-size: 14px;\"><span style=\"font-size: 14px;\">\u201c<\/span><\/span><\/span><\/span><span style=\"font-size: 14px;\">.<br \/>\n<\/span><\/span><\/div>\n<div style=\"text-align: center;\">\n<p style=\"text-align: left;\"><img loading=\"lazy\" decoding=\"async\" class=\"size-full wp-image-845 aligncenter\" style=\"width: 333px; height: 222px;\" src=\"https:\/\/zelking.grafikweb.eu\/wp-content\/uploads\/2014\/01\/fk%2090.jpg\" alt=\"\" width=\"360\" height=\"240\" \/><br \/>\n<span style=\"color: #000000;\"><span style=\"font-size: 14px;\"> Franz Knapp mit seiner Gattin am 20. November 2006 (im Pflegeheim) mit einem Erinnerungsbild, welches mit 90 St\u00fcck 1-Centm\u00fcnzen umrahmt wurde (die gl\u00e4nzenden M\u00fcnzen sollten die sch\u00f6nen Lebensjahre, jedoch die abgegriffenen\/verschmutzten die weniger sch\u00f6nen versinnbildlichen!)<\/span><\/span><\/p>\n<p><img loading=\"lazy\" decoding=\"async\" class=\" size-full wp-image-846\" style=\"width: 258px; height: 348px;\" src=\"https:\/\/zelking.grafikweb.eu\/wp-content\/uploads\/2014\/01\/knapp%2020.%2011.%202006.jpg\" alt=\"\" width=\"300\" height=\"407\" \/><br \/>\n<span style=\"color: #000000;\"><span style=\"font-size: 14px;\">Selbstbildnis; gezeichnet am 20. 11. 2006 <span style=\"font-size: 14px;\"><span style=\"font-size: 14px;\">\u2013 <\/span><\/span><\/span><span style=\"font-size: 14px;\">an seinem 90. Geburtstag (Kopie).<\/span><\/span><\/p>\n<p><img loading=\"lazy\" decoding=\"async\" class=\" size-full wp-image-847\" style=\"width: 354px; height: 234px;\" src=\"https:\/\/zelking.grafikweb.eu\/wp-content\/uploads\/2014\/01\/festschrift.jpg\" alt=\"\" width=\"450\" height=\"300\" srcset=\"https:\/\/zelking.grafikweb.eu\/wp-content\/uploads\/2014\/01\/festschrift.jpg 450w, https:\/\/zelking.grafikweb.eu\/wp-content\/uploads\/2014\/01\/festschrift-300x200.jpg 300w\" sizes=\"auto, (max-width: 450px) 100vw, 450px\" \/><br \/>\n<span style=\"color: #000000;\"><span style=\"font-size: 14px;\">Franz Knapp mit Festschrift (Franz Knapp <\/span><span style=\"font-size: 14px;\">\u2013 eine Legende <\/span><span style=\"font-size: 14px;\">\u2013 90) <\/span><span style=\"font-size: 14px;\">aus Anlass seines 90. Geburtstages.<\/span><\/span><\/p>\n<p><span style=\"color: #000000;\"> <span style=\"font-size: 14px;\"><span style=\"color: #000000;\"><strong>Franz Knapp 90<\/strong><\/span><\/span><\/span><\/p>\n<p><span style=\"font-size: 14px;\"><span style=\"color: #000000;\">Am Gamingbach wurde ich geboren,<br \/>\nes war an einem Novembertag.<br \/>\nNieder\u00f6sterreich war dazu auserkoren &#8211;<br \/>\nwo den ersten Laut von mir ich gab!<\/span><\/span><\/p>\n<p>Zur Schule ging ich hier im Lande<br \/>\nund lernte auch ein Handwerk, wie ihr.<br \/>\nB\u00e4cker wurde ich, dann sp\u00e4ter Meister<br \/>\nund nahm mir eine Frau von hier.<\/p>\n<p>Mein Talent,<br \/>\nentdeckt auf dem Schlachtfelde\u00a0 in Russland;<br \/>\nich malte viel und sehr genau.<br \/>\nSah sehr viel Leid als Sanit\u00e4ter,<br \/>\nwenn nun zur\u00fcck, zur\u00fcck ich schau\u2018!<\/p>\n<p>Als F\u00e4hrmann fuhr ich auf der Donau<br \/>\nund portr\u00e4tierte so oft es ging.<br \/>\n\u201eMalender F\u00e4hrmann\u201c \u2013 ein Ehrentitel,<br \/>\nein Klang, den gerne ich empfing!<\/p>\n<p>Die Zeit verging, sie ist entflogen.<br \/>\nWo sind nur all\u2018 die Jahre hin?<br \/>\nWenn Silbergrau und nun gebrechlich,<br \/>\nl\u00e4sst mich in euren Herzen drin\u2018!<br \/>\n<span style=\"font-size: 14px;\"><span style=\"color: #000000;\">Ludwig Pichler 2006<\/span><\/span><\/p>\n<p>&nbsp;<\/p>\n<\/div>\n<div style=\"text-align: justify;\"><span style=\"color: #000000;\"><span style=\"font-size: 14px;\">Durch die Stadtgemeinde P\u00f6chlarn bekam Franz Knapp (unter zahlreicher Prominenz) am 22. d. M. in einem gro\u00dfen Festakt (im Pflegeheim) den <\/span><span style=\"font-size: 14px;\"><span style=\"font-size: 14px;\"><span style=\"font-size: 14px;\"><span style=\"font-size: 14px;\">\u201e<\/span><\/span><\/span><\/span><span style=\"font-size: 14px;\">Eros von P\u00f6chlarn<\/span><span style=\"font-size: 14px;\"><span style=\"font-size: 14px;\"><span style=\"font-size: 14px;\"><span style=\"font-size: 14px;\">\u201c<\/span><\/span><\/span><\/span><span style=\"font-size: 14px;\"> (eine r\u00f6mische Statuette aus Bronze, welche f\u00fcr verdiente Gemeindeb\u00fcrger und B\u00fcrgerinnen in Kopie angefertigt wird) aus der Hand von Bgm. Ing. Alfred Bergner \u00fcberreicht. <\/span><\/span><\/div>\n<div><\/div>\n<div style=\"text-align: center;\">\n<p><span style=\"color: #000000;\"><strong><span style=\"font-size: 16px;\">Sag&#8216; Lebewohl, dir mein Freund!<\/span><\/strong><\/span><\/p>\n<\/div>\n<div style=\"text-align: justify;\">\n<p><span style=\"color: #000000;\"><span style=\"font-size: 14px;\">In seinen letzten Lebensmonaten musste Franz Knapp mehrere Spitalsaufenthalte im Landesklinikum Mostviertel<\/span><span style=\"font-size: 14px;\"> Melk \u00fcber sich ergehen lassen. Anfangs zeichnete er auf dem Bett sitzend z. B. das Stift Melk, welches er \u00f6fters im Blickwinkel hatte oder auch das Personal und Besucher.<\/span><\/span><\/p>\n<p>&nbsp;<\/p>\n<\/div>\n<div style=\"text-align: center;\"><img loading=\"lazy\" decoding=\"async\" class=\" size-full wp-image-848\" style=\"width: 337px; height: 225px;\" src=\"https:\/\/zelking.grafikweb.eu\/wp-content\/uploads\/2014\/01\/knapp%20melk.jpg\" alt=\"\" width=\"436\" height=\"291\" \/><br \/>\n<span style=\"font-size: 14px;\"><span style=\"color: #000000;\">Auch im Landesklinikum Melk bei seiner liebsten Besch\u00e4ftigung<\/span><\/span> <span style=\"font-size: 14px;\"><span style=\"color: #000000;\">(solange er konnte).<\/span><\/span><\/div>\n<div><\/div>\n<div style=\"text-align: center;\"><img loading=\"lazy\" decoding=\"async\" class=\" size-full wp-image-849\" style=\"width: 335px; height: 215px;\" src=\"https:\/\/zelking.grafikweb.eu\/wp-content\/uploads\/2014\/01\/stift%20melk.jpg\" alt=\"\" width=\"450\" height=\"292\" \/><br \/>\n<span style=\"color: #000000;\"><span style=\"font-size: 14px;\">Das Stift Melk vom Zimmer des Krankenhauses aus, SW- aquarelliert (27. 4. 2005).<\/span><\/span><\/div>\n<div style=\"text-align: justify;\">\n<p><span style=\"color: #000000;\"><span style=\"font-size: 14px;\">Solange er den Stift in H\u00e4nden halten konnte, f\u00fcllte er so manches wei\u00dfes Blatt Papier mit Leben. Seine Devise blieb \u2013 auch jetzt schon im 91. Lebensjahr stehend: <\/span><span style=\"font-size: 14px;\"><span style=\"font-size: 14px;\"><span style=\"font-size: 14px;\"><span style=\"font-size: 14px;\">\u201e<\/span><\/span><\/span><\/span><span style=\"font-size: 14px;\">Solange ER mich l\u00e4sst, m\u00f6chte ich noch sehr viele graphische Werke der Nachwelt hinterlassen<\/span><span style=\"font-size: 14px;\"><span style=\"font-size: 14px;\"><span style=\"font-size: 14px;\"><span style=\"font-size: 14px;\">\u201c<\/span><\/span><\/span><\/span><span style=\"font-size: 14px;\">.\u00a0 <\/span><\/span><\/p>\n<p>&nbsp;<\/p>\n<\/div>\n<div style=\"text-align: center;\"><span style=\"font-size: 16px;\"><span style=\"color: #000000;\"><strong><span style=\"text-decoration: underline;\">Franz Knapp war aus meiner Sicht DER Werbetr\u00e4ger der Nibelungenstadt P\u00f6chlarn!<\/span><\/strong><\/span><\/span><\/div>\n<div style=\"text-align: justify;\"><span style=\"font-size: 14px;\">\u00a0\u00a0<\/span><\/div>\n<div style=\"text-align: justify;\"><span style=\"color: #000000;\"><span style=\"font-size: 14px;\">Leider<span style=\"color: #000000;\"> hat sich im Laufe des J\u00e4nners 2007<\/span> sein k\u00f6rperlicher Zustand verschlimmert.<br \/>\nAm 26. J\u00e4nner wurde er abermals in das Landesklinikum Mostviertel Melk eingeliefert.<br \/>\nSein Zustand war bedenklich, da es Minderfunktionen an der Lunge und am Herzen gab.<br \/>\nSonntag, den 11. Februar 2007 Fr\u00fch nahm Ihm ein anderer den Zeichenstift f\u00fcr immer aus der Hand.<\/span><\/span><\/div>\n<div style=\"text-align: justify;\"><\/div>\n<div style=\"text-align: center;\">\n<p><strong><span style=\"color: #000000;\"><span style=\"font-size: 14px;\">IN MEMORIAM<br \/>\nFranz Knapp<\/span><\/span><\/strong><\/p>\n<p><span style=\"color: #000000;\"><span style=\"font-size: 14px;\"> Franz, du wurdest hineingeboren,<br \/>\ninmitten der ersten Weltkriegszeit<br \/>\nund vom Schicksal auserkoren,<br \/>\nzu Zeichnen, mit Liebe und Freud\u2019.<\/span><\/span><\/p>\n<p>Die Jugend, sie war nicht so rosig;<br \/>\nder Alltag oft ganz sch\u00f6n schwer.<br \/>\nTrotzt aller M\u00fchsal ganz emsig,<br \/>\nk\u00fcmmerte die Mutter sich sehr,<br \/>\num Dich und deine Geschwister,<br \/>\ndie dir das Leben versch\u00f6nt.<br \/>\nEs schien nicht immer die Sonne,<br \/>\nauch an K\u00e4lte ward ihr gew\u00f6hnt.<\/p>\n<p>Die Schule, sie war oft sehr l\u00e4stig,<br \/>\nund l\u00e4stiger noch die Lehrzeit.<br \/>\nAuf Deinem R\u00fccken befestigt,<br \/>\nder Buckelkorb immer bereit.<\/p>\n<p>Das Brot, wurde ausgetragen,<br \/>\nim Regen und auch bei Schnee<br \/>\nund auch an sonnigen Tagen \u2013<br \/>\nins Tal und auf jede H\u00f6h\u2019.<\/p>\n<p>Nach Salzburg wurdest gerufen,<br \/>\nman rief Dich da zum Milit\u00e4r.<br \/>\nAls Sanit\u00e4ter dann eingestufen,<br \/>\nja, da warst du schon mehr.<\/p>\n<p>Soldaten eilten in L\u00e4ndern<br \/>\ndie ihnen bisher unbekannt.<br \/>\nVon der sch\u00f6nen Heimat fern,<br \/>\ngigantisch der zweite Fl\u00e4chenbrand.<\/p>\n<p>Krieg, das war sein Namen;<br \/>\nWunden verbandest Du.<br \/>\nTrotz all dieser Dramen,<br \/>\nhalfst t\u00e4glich immerzu.<\/p>\n<p>Nahmst eine Frau f\u00fcr immer,<br \/>\ndie Kinder dir geschenkt;<br \/>\nohne Glanz und ohne Glimmer,<br \/>\nhat bis heute alles gelenkt.<\/p>\n<p>Die Wasser der Donauwellen,<br \/>\nzogen so magisch Dich an,<br \/>\nohne die F\u00e4hre zu zerschellen &#8211;<br \/>\nf\u00fcnfundzwanzig Jahre dann.<\/p>\n<p>Eine wunderbare Begabung,<br \/>\nhat Gott Dir in die H\u00e4nde gelegt.<br \/>\nZum Abschied eine Danksagung \u2013<br \/>\n\u201eMalender F\u00e4hrmann\u201c, wir sind bewegt.<\/p>\n<p>Im Herzen wirst Du bleiben,<br \/>\nwenn die Trennung auch naht.<br \/>\nDanke, f\u00fcr all\u2019 Deine Schreiben <span style=\"color: #000000;\"><span style=\"font-size: 14px;\">\u2013<\/span><\/span><br \/>\n<span style=\"color: #000000;\"><span style=\"font-size: 14px;\"> Deine Bilder, sind eine Wohltat!<\/span><\/span><\/p>\n<p>F\u00e4hrmann, ich hole dich \u00fcber;<br \/>\nso sagte nun Gott der Herr.<br \/>\nUnd holt ER uns auch hin\u00fcber,<br \/>\nwo nur Freuden ringsumher,<br \/>\ndann steh\u2019n wir vielleicht am Ufer,<br \/>\nauf der F\u00e4hre stehst du<br \/>\nund bringst uns die Rufer <span style=\"color: #000000;\"><span style=\"font-size: 14px;\">\u2013<\/span><\/span><br \/>\n<span style=\"color: #000000;\"><span style=\"font-size: 14px;\"> der ewigen Heimat dann zu!<br \/>\n<span style=\"font-size: 14px;\">Ludwig Pichler, Februar 2007<br \/>\n<\/span><\/span><\/span><\/p>\n<\/div>\n<div style=\"text-align: justify;\"><span style=\"color: #000000;\"><span style=\"font-size: 14px;\">Frau Anna Chudik, Mitglied der Goldhaubengruppe, trug in der Pfarrkirche unter Orgelbegleitung von Prof. Gerhart Banco \u2013 eine Kurzbiografie (bewegende Gedichtform) \u201eIN MEMORIAM Franz Knapp\u201c (einen allerletzten Liebesbeweis) am Begr\u00e4bnistag, dem 16. Februar 2007 vor.<br \/>\n<\/span><\/span><\/div>\n<div style=\"text-align: center;\"><\/div>\n<div style=\"text-align: center;\"><img loading=\"lazy\" decoding=\"async\" class=\" size-full wp-image-850\" style=\"width: 405px; height: 269px;\" src=\"https:\/\/zelking.grafikweb.eu\/wp-content\/uploads\/2014\/01\/begrbnis.jpg\" alt=\"\" width=\"360\" height=\"240\" srcset=\"https:\/\/zelking.grafikweb.eu\/wp-content\/uploads\/2014\/01\/begrbnis.jpg 360w, https:\/\/zelking.grafikweb.eu\/wp-content\/uploads\/2014\/01\/begrbnis-300x200.jpg 300w\" sizes=\"auto, (max-width: 360px) 100vw, 360px\" \/><br \/>\n<span style=\"color: #000000;\"><span style=\"font-size: 14px;\">Der Leichenzug mit dem Sarg des Verstorbenen.<br \/>\n<\/span><\/span><\/div>\n<div style=\"text-align: justify;\">\n<p><span style=\"color: #000000;\"><span style=\"font-size: 14px;\">Stadtpfarrer Mag. Piotr Kastelik und Frater Matthias Platzer SVD (ein Verwandter der Familie) zelebrierten das <\/span><span style=\"font-size: 14px;\">feierliche <\/span><span style=\"font-size: 14px;\">Requiem, welches in der Stadtpfarrkirche (wo in bewegenden Worten obige Danksagung vorgetragen wurde) stattfand. Die Beisetzung der sterblichen \u00dcberreste erfolgte im \u00f6rtlichen Friedhof. Neben Abordnungen aus dem \u00f6ffentlichen Leben gaben ihm die Musikkapelle und der Kameradschaftbund sowie die Goldhaubengruppe, viele B\u00fcrgerinnen und <span style=\"color: #000000;\"><span style=\"font-size: 14px;\">B\u00fcrger <\/span><\/span>aus der Nibelungenstadt und Freunde der Familie das Letzte Geleit.<br \/>\nRuhe in Frieden!<br \/>\n<\/span><\/span><\/p>\n<\/div>\n<div style=\"text-align: center;\"><\/div>\n<div style=\"text-align: center;\">\n<p><span style=\"color: #000000;\"><img loading=\"lazy\" decoding=\"async\" class=\" size-full wp-image-851\" style=\"width: 257px; height: 171px;\" src=\"https:\/\/zelking.grafikweb.eu\/wp-content\/uploads\/2014\/01\/knappgrab.jpg\" alt=\"\" width=\"400\" height=\"267\" srcset=\"https:\/\/zelking.grafikweb.eu\/wp-content\/uploads\/2014\/01\/knappgrab.jpg 400w, https:\/\/zelking.grafikweb.eu\/wp-content\/uploads\/2014\/01\/knappgrab-300x200.jpg 300w\" sizes=\"auto, (max-width: 400px) 100vw, 400px\" \/><br \/>\n<span style=\"color: #000000;\"><span style=\"font-size: 14px;\">Inschrift auf dem Grab der Familie Knapp.<\/span><\/span><\/span><\/p>\n<p><img loading=\"lazy\" decoding=\"async\" class=\" size-full wp-image-852\" style=\"width: 404px; height: 269px;\" src=\"https:\/\/zelking.grafikweb.eu\/wp-content\/uploads\/2014\/01\/grab%20fk.jpg\" alt=\"\" width=\"488\" height=\"325\" \/><br \/>\n<span style=\"color: #000000;\"><span style=\"font-size: 14px;\">Grabesst\u00e4tte der Familie Knapp (Juli 2011) nun mit Eintrag der am 15. Februar 2011 verstorbenen Gattin Margareta<br \/>\nund des \u00e4ltesten Sohnes Franz Knapp (\u2020 am 28. Februar 2011<\/span><\/span><span style=\"color: #000000;\"> <span style=\"color: #000000;\"><span style=\"color: #000000;\"><span style=\"font-size: 14px;\">\u2013<\/span><\/span><\/span><\/span><span style=\"color: #000000;\"><span style=\"font-size: 14px;\"> auf einer Urne angebracht).<br \/>\n<\/span><\/span><\/p>\n<p>&nbsp;<\/p>\n<p><span style=\"font-size: 16px;\"><strong><span style=\"color: #000000;\">F\u00e4hrmann, F\u00e4hrmann<\/span><\/strong><\/span><\/p>\n<p><span style=\"color: #000000;\"> <span style=\"font-size: 14px;\">F\u00e4hrmann, F\u00e4hrmann, welch sch\u00f6ner Klang.<br \/>\nF\u00fcnfundzwanzig Jahre lang,<br \/>\n|: fuhrst du dann immer hin und her,<br \/>\nwar es manchmal ganz sch\u00f6n schwer. \ud83d\ude10<\/span><\/span><\/p>\n<p>F\u00e4hrmann, F\u00e4hrmann, rief ich dich,<br \/>\nja dann brachtest du sicherlich <span style=\"color: #000000;\"><span style=\"color: #000000;\"><span style=\"font-size: 14px;\">\u2013<\/span><\/span><\/span><br \/>\n<span style=\"color: #000000;\"><span style=\"font-size: 14px;\"> |: mich ans Ufer dann und wann.<br \/>\nGern\u2019 zur\u00fcckdenken nun kann! \ud83d\ude10<\/span><\/span><\/p>\n<p>F\u00e4hrmann, F\u00e4hrmann, bist nun bei Gott,<br \/>\nsteuerst f\u00fcr ihn ein anders Boot.<br \/>\n|: Bringst nun Seelen vor seinen Thron;<br \/>\nwarst doch P\u00f6chlarns gro\u00dfer Sohn. \ud83d\ude10<\/p>\n<p>F\u00e4hrmann, F\u00e4hrmann, wir sind hier,<br \/>\nin Gedanken nun bei dir;<br \/>\n|: wer dich kannte, dich nie vergisst \u2013<br \/>\nwo du jetzt auch immer bist. \ud83d\ude10<br \/>\n<span style=\"font-size: 14px;\"><span style=\"color: #000000;\">LP 27. Feb. 2007<\/span><\/span><\/p>\n<p>&nbsp;<\/p>\n<\/div>\n<div style=\"text-align: center;\">\n<p><span style=\"text-decoration: underline;\"><span style=\"color: #000000; text-decoration: underline;\"><strong><span style=\"font-size: 16px;\">Franz Knapp und seine Techniken<\/span><\/strong><\/span><\/span><\/p>\n<\/div>\n<div style=\"text-align: center;\"><span style=\"color: #000000;\"><span style=\"font-size: 16px;\"><strong>Graffito<\/strong><\/span><\/span><\/div>\n<div style=\"text-align: justify;\"><\/div>\n<div style=\"text-align: center;\"><span style=\"color: #000000;\"><img loading=\"lazy\" decoding=\"async\" class=\" size-full wp-image-853\" style=\"width: 231px; height: 300px;\" src=\"https:\/\/zelking.grafikweb.eu\/wp-content\/uploads\/2014\/01\/sgraffito%201968.jpg\" alt=\"\" width=\"400\" height=\"517\" \/>\u00a0 <img loading=\"lazy\" decoding=\"async\" class=\" size-full wp-image-854\" style=\"width: 194px; height: 301px;\" src=\"https:\/\/zelking.grafikweb.eu\/wp-content\/uploads\/2014\/01\/knapphaus%20a.jpg\" alt=\"\" width=\"370\" height=\"554\" \/><br \/>\n<span style=\"color: #000000;\"><span style=\"font-size: 14px;\">In Ebersdorf (Hl. Maria Besch\u00fctze unsere Kinder) und in der R\u00fcdigerstra\u00dfe 63 (Inschrift: MIT GOTTES HILFE ERB. 1960<\/span><\/span><span style=\"color: #000000;\"><span style=\"color: #000000;\"><span style=\"font-size: 14px;\">\u2013<\/span><\/span><\/span><span style=\"color: #000000;\"><span style=\"font-size: 14px;\">1964).<\/span><\/span><br \/>\n<\/span><\/div>\n<div style=\"text-align: justify;\">\n<p><span style=\"color: #000000;\"><span style=\"font-size: 14px;\">Franz Knapp versuchte sich auch in Graffitotechnik (Graffito = italienisch und bedeutet <\/span><span style=\"font-size: 14px;\"><span style=\"font-size: 14px;\"><span style=\"font-size: 14px;\"><span style=\"font-size: 14px;\">\u201e<\/span><\/span><\/span><\/span><span style=\"font-size: 14px;\">Kratzmalerei<\/span><span style=\"font-size: 14px;\"><span style=\"font-size: 14px;\"><span style=\"font-size: 14px;\"><span style=\"font-size: 14px;\">\u201c<\/span><\/span><\/span><\/span><span style=\"font-size: 14px;\"><span style=\"font-size: 14px;\"><span style=\"font-size: 14px;\"><span style=\"font-size: 14px;\">). Bei dieser Technik der Wandmalerei werden Fl\u00e4chen usw. in verschiedenf\u00e4rbigen, \u00fcbereinander gelegten Putzschichten eingeritzt oder auch eingeschnitten. Knapp brachte diese Technikarbeiten z. B. an der Schule in Ebersdorf und an einem Wohnhaus in P\u00f6chlarn (St. Christophorus) an.<\/span><\/span><\/span><\/span><\/span><\/p>\n<p>&nbsp;<\/p>\n<\/div>\n<div style=\"text-align: center;\"><span style=\"color: #000000;\"><span style=\"font-size: 16px;\"><strong>Radierung<\/strong><\/span><\/span><\/div>\n<div style=\"text-align: justify;\">\n<p><span style=\"font-size: 14px;\"><span style=\"font-size: 14px;\"><span style=\"font-size: 14px;\"> <span style=\"color: #000000;\"><span style=\"font-size: 14px;\">H<\/span><\/span><\/span><\/span><\/span><span style=\"color: #000000;\"><span style=\"font-size: 14px;\"><span style=\"font-size: 14px;\"><span style=\"font-size: 14px;\"><span style=\"font-size: 14px;\">ier wird (meist) eine Kupferplatte spiegelglatt geschliffen, das Motiv seitenverkehrt vorgezeichnet und mittels eines Stichels etc. in diese Platte das jeweilige Motiv hineingeritzt (Kaltnadelradierung). Bei einer \u00c4tzradierung wird noch zus\u00e4tzlich die Platte (meistens mehrmals) in ein S\u00e4urebad gegeben. Die Platte wird nun eingef\u00e4rbt <\/span><\/span><\/span><\/span><span style=\"font-size: 14px;\"><span style=\"font-size: 14px;\"><span style=\"font-size: 14px;\"><span style=\"font-size: 14px;\">(die Rillen m\u00fcssen mit Farbe bedeckt sein) und die auf der Platte befindliche Farbe vorsichtig abgewischt (um die Farbe in den Rillen nicht herauszuwischen).<\/span><\/span><\/span><\/span><\/span><\/p>\n<p>&nbsp;<\/p>\n<\/div>\n<div style=\"text-align: center;\"><img loading=\"lazy\" decoding=\"async\" class=\" size-full wp-image-855\" style=\"width: 214px; height: 306px;\" src=\"https:\/\/zelking.grafikweb.eu\/wp-content\/uploads\/2014\/01\/maierhfen%20i.jpg\" alt=\"\" width=\"200\" height=\"285\" \/> <img loading=\"lazy\" decoding=\"async\" class=\" size-full wp-image-856\" style=\"width: 223px; height: 306px;\" src=\"https:\/\/zelking.grafikweb.eu\/wp-content\/uploads\/2014\/01\/maierhfen%20ii.jpg\" alt=\"\" width=\"200\" height=\"275\" \/><br \/>\n<span style=\"font-size: 14px;\"><span style=\"color: #000000;\">Die \u00c4tzradierungen in Braun (neben Schwarz, <\/span><\/span><span style=\"color: #000000;\"><span style=\"color: #000000;\"><span style=\"font-size: 14px;\">\u201e<\/span><\/span><\/span><span style=\"font-size: 14px;\"><span style=\"color: #000000;\">g\u00e4ngigste<\/span><\/span><span style=\"color: #000000;\"><span style=\"color: #000000;\"><span style=\"font-size: 14px;\">\u201c<\/span><\/span><\/span><span style=\"font-size: 14px;\"><span style=\"color: #000000;\"> Farbe bei Radierungen<\/span><\/span><span style=\"font-size: 14px;\"><span style=\"color: #000000;\">) <\/span><\/span><\/div>\n<div style=\"text-align: center;\"><span style=\"font-size: 14px;\"><span style=\"color: #000000;\">und gr\u00fcnliche Farbe zeigen die Filialkirche zum <\/span><\/span><span style=\"color: #000000;\"><span style=\"color: #000000;\"><span style=\"font-size: 14px;\">\u201e<\/span><\/span><\/span><span style=\"font-size: 14px;\"><span style=\"color: #000000;\">Hl. Nikolaus<\/span><\/span><span style=\"color: #000000;\"><span style=\"color: #000000;\"><span style=\"font-size: 14px;\">\u201c<\/span><\/span><\/span><span style=\"font-size: 14px;\"><span style=\"color: #000000;\"> in Maierh\u00f6fen <\/span><\/span><span style=\"font-size: 14px;\"><span style=\"color: #000000;\">(Gemeinde Zelking-Matzleinsdorf).<\/span><\/span><\/div>\n<div style=\"text-align: center;\">\n<p>&nbsp;<\/p>\n<\/div>\n<div style=\"text-align: justify;\"><span style=\"color: #000000;\"><span style=\"font-size: 14px;\"><span style=\"font-size: 14px;\"><span style=\"font-size: 14px;\"><span style=\"font-size: 14px;\">D<\/span><\/span><\/span><\/span><span style=\"font-size: 14px;\"><span style=\"font-size: 14px;\"><span style=\"font-size: 14px;\"><span style=\"font-size: 14px;\">anach wird die Platte bildseitig auf ein angefeuchtetes, handgesch\u00f6pftes Papier gelegt und unter Druck einer Walzenpresse entsteht dann eine sogenannte Radierung. Das angefeuchte und nun bedruckte Blatt wird einige Zeit unter Gewicht beschwerend, getrocknet. Meistens wird mit schwarzer Farbe gearbeitet, aber man kann auch andere Farben nehmen. Eine Radierung herzustellen bedeutete, dass viel Zeit in Anspruch genommen werden mu\u00dfte bis man eine fertige Radierung vorlegen konnte.<br \/>\nAlle von Franz Knapp geschaffenen Radierungen wurden auf der im Haus R\u00fcdigerstra\u00dfe 63 befindlichen Kupferdruckmaschine <\/span><\/span><\/span> \u201e<span style=\"font-size: 14px;\"><span style=\"font-size: 14px;\"><span style=\"font-size: 14px;\">Nikola\u201c, eine, um 1900 in Leipzig hergestellte Walzenpresse, gedruckt. Die meisten Drucke entstammen der Hand des Sohnes Franz Xaver. Vater Franz musste dann nur mehr Signieren<\/span><\/span><\/span><\/span><\/span><span style=\"font-size: 14px;\"><span style=\"font-size: 14px;\"><span style=\"font-size: 14px;\"><span style=\"font-size: 14px;\">.<br \/>\n<\/span><\/span><\/span><\/span><\/div>\n<div style=\"text-align: center;\"><span style=\"color: #000000;\"><span style=\"font-size: 16px;\"><strong>Holzschnitt<\/strong><\/span><\/span><\/div>\n<div style=\"text-align: center;\">\u00a0<span style=\"color: #000000;\"><span style=\"font-size: 16px;\"><strong>\u00a0<\/strong><\/span><\/span><\/div>\n<div style=\"text-align: center;\"><img loading=\"lazy\" decoding=\"async\" class=\" size-full wp-image-857\" style=\"width: 190px; height: 267px;\" src=\"https:\/\/zelking.grafikweb.eu\/wp-content\/uploads\/2014\/01\/weihnachtsmotiv%20i.jpg\" alt=\"\" width=\"300\" height=\"417\" \/> <img loading=\"lazy\" decoding=\"async\" class=\" size-full wp-image-858\" style=\"width: 258px; height: 268px;\" src=\"https:\/\/zelking.grafikweb.eu\/wp-content\/uploads\/2014\/01\/holzschnitt%201957.jpg\" alt=\"\" width=\"300\" height=\"312\" \/><br \/>\n<span style=\"font-size: 14px;\"><span style=\"color: #000000;\">P\u00f6chlarn im Winter<\/span><\/span> <span style=\"color: #000000;\"><span style=\"font-size: 14px;\">und Farbholzschnitt 1957<\/span><\/span> <span style=\"color: #000000;\"><span style=\"font-size: 14px;\">(Osterhase\/Rollf\u00e4hre).<\/span><\/span><\/div>\n<div style=\"text-align: justify;\">\n<p><span style=\"color: #000000;\"><span style=\"font-size: 14px;\"><span style=\"font-size: 14px;\"><span style=\"font-size: 14px;\"><span style=\"font-size: 14px;\">Eine \u00e4hnliche Technik wie Radierungen. Nur werden hier die Motive <\/span><\/span><\/span><\/span><span style=\"font-size: 14px;\"><span style=\"font-size: 14px;\"><span style=\"font-size: 14px;\"><span style=\"font-size: 14px;\">im Holz eingeschnitten <\/span><\/span><\/span><\/span><span style=\"font-size: 14px;\"><span style=\"font-size: 14px;\"><span style=\"font-size: 14px;\"><span style=\"font-size: 14px;\">(hier kann nicht so fein gearbeitet werden als bei einer Radierung).<br \/>\nWie man sieht, Franz Knapp hatte sich neben Zeichnen mit Graphit-, Kohle-, Buntstift oder \u00d6lkreide, im Aquarelieren und in der \u00d6lmalerei versucht und viele sch\u00f6ne Motive uns hinterlassen.<\/span><\/span><\/span><\/span><\/span><\/p>\n<\/div>\n<div style=\"text-align: center;\">\n<p><span style=\"font-size: 16px;\"><span style=\"color: #000000;\"><strong>Verschiedene andere Techniken<\/strong><\/span><strong><span style=\"color: #000000;\"> wie z. B<\/span><\/strong><span style=\"color: #000000;\"><strong>.<\/strong><\/span><\/span><\/p>\n<p><span style=\"color: #000000;\"> <span style=\"font-size: 16px;\"><strong>Buntstift<\/strong><\/span><\/span><\/p>\n<p><img loading=\"lazy\" decoding=\"async\" class=\" size-full wp-image-816\" style=\"width: 247px; height: 258px;\" src=\"https:\/\/zelking.grafikweb.eu\/wp-content\/uploads\/2014\/01\/fhre.jpg\" alt=\"\" width=\"400\" height=\"421\" srcset=\"https:\/\/zelking.grafikweb.eu\/wp-content\/uploads\/2014\/01\/fhre.jpg 400w, https:\/\/zelking.grafikweb.eu\/wp-content\/uploads\/2014\/01\/fhre-285x300.jpg 285w\" sizes=\"auto, (max-width: 400px) 100vw, 400px\" \/><br \/>\n<span style=\"font-size: 14px;\"><span style=\"color: #000000;\">Klein-P\u00f6chlarn\/F\u00e4hre\/P\u00f6chlarn.<\/span><\/span><\/p>\n<p><span style=\"font-size: 16px;\"><strong><span style=\"color: #000000;\">Bleistift<\/span><\/strong><\/span><\/p>\n<p><img loading=\"lazy\" decoding=\"async\" class=\" size-full wp-image-859\" style=\"width: 180px; height: 281px;\" src=\"https:\/\/zelking.grafikweb.eu\/wp-content\/uploads\/2014\/01\/baum.jpg\" alt=\"\" width=\"288\" height=\"446\" srcset=\"https:\/\/zelking.grafikweb.eu\/wp-content\/uploads\/2014\/01\/baum.jpg 288w, https:\/\/zelking.grafikweb.eu\/wp-content\/uploads\/2014\/01\/baum-194x300.jpg 194w\" sizes=\"auto, (max-width: 288px) 100vw, 288px\" \/>, <img loading=\"lazy\" decoding=\"async\" class=\" size-full wp-image-860\" style=\"width: 217px; height: 278px;\" src=\"https:\/\/zelking.grafikweb.eu\/wp-content\/uploads\/2014\/01\/rotes%20kreuz%20a.jpg\" alt=\"\" width=\"426\" height=\"545\" \/><br \/>\n<span style=\"color: #000000;\"><span style=\"font-size: 14px;\">D\u00fcrrer Baum 1955 <\/span><\/span><span style=\"font-size: 14px;\"><span style=\"font-size: 14px;\"><span style=\"color: #000000;\"><span style=\"color: #000000;\"><span style=\"font-size: 14px;\">(Bild von Franz Xaver Knapp zur Verf\u00fcgung gestellt<\/span><\/span><span style=\"font-size: 14px;\"><span style=\"color: #000000;\">) <\/span><\/span><\/span><\/span><\/span><br \/>\n<span style=\"color: #000000;\"><span style=\"font-size: 14px;\"> und das <\/span><\/span><span style=\"color: #000000;\"><span style=\"font-size: 14px;\">\u201e<\/span><\/span><span style=\"color: #000000;\"><span style=\"font-size: 14px;\">Rote Kreuz<\/span><\/span><span style=\"color: #000000;\"><span style=\"font-size: 14px;\"><span style=\"font-size: 14px;\"><span style=\"font-size: 14px;\"><span style=\"font-size: 14px;\">\u201c<\/span><\/span><\/span><\/span><\/span><span style=\"color: #000000;\"><span style=\"font-size: 14px;\"> bei Zelking 20. 8. 05 (Original und Kopie auf Butterpapier).<\/span><\/span><\/p>\n<\/div>\n<div style=\"text-align: center;\"><\/div>\n<div style=\"text-align: center;\"><\/div>\n<div style=\"text-align: center;\"><img loading=\"lazy\" decoding=\"async\" class=\" size-full wp-image-861\" src=\"https:\/\/zelking.grafikweb.eu\/wp-content\/uploads\/2014\/01\/wieselburg.jpg\" alt=\"\" width=\"507\" height=\"226\" srcset=\"https:\/\/zelking.grafikweb.eu\/wp-content\/uploads\/2014\/01\/wieselburg.jpg 507w, https:\/\/zelking.grafikweb.eu\/wp-content\/uploads\/2014\/01\/wieselburg-300x134.jpg 300w\" sizes=\"auto, (max-width: 507px) 100vw, 507px\" \/><\/div>\n<div style=\"text-align: center;\"><span style=\"font-size: 14px;\"><span style=\"color: #000000;\">Wieselburg an der Erlauf: Zeichnung (1968) von FK.<\/span><\/span><\/div>\n<div style=\"text-align: center;\"><span style=\"font-size: 14px;\"><span style=\"color: #000000;\">(Ankauf seitens der Raika-Wieselburg-Direktion.)<\/span><\/span><\/div>\n<div style=\"text-align: center;\"><\/div>\n<div style=\"text-align: center;\"><span style=\"font-size: 16px;\"><span style=\"color: #000000;\"><strong>Federzeichnung<\/strong><\/span><\/span><\/div>\n<div style=\"text-align: center;\"><\/div>\n<div style=\"text-align: center;\"><span style=\"color: #000000;\"><span style=\"font-size: 14px;\"><img loading=\"lazy\" decoding=\"async\" class=\" size-full wp-image-862\" src=\"https:\/\/zelking.grafikweb.eu\/wp-content\/uploads\/2014\/01\/zelking%20pfk.%2001.jpg\" alt=\"\" width=\"332\" height=\"406\" \/><\/span><\/span><\/div>\n<div style=\"text-align: center;\">\n<p><span style=\"font-size: 14px;\"><span style=\"color: #000000;\">Pfarrkirche Zelking 18.11.2001 (laviert).<\/span><\/span><\/p>\n<p><span style=\"font-size: 16px;\"><strong><span style=\"color: #000000;\">\u00d6lbild<\/span><\/strong><\/span><\/p>\n<p><img loading=\"lazy\" decoding=\"async\" class=\" size-full wp-image-863\" style=\"width: 323px; height: 214px;\" src=\"https:\/\/zelking.grafikweb.eu\/wp-content\/uploads\/2014\/01\/lbild.jpg\" alt=\"\" width=\"488\" height=\"325\" srcset=\"https:\/\/zelking.grafikweb.eu\/wp-content\/uploads\/2014\/01\/lbild.jpg 488w, https:\/\/zelking.grafikweb.eu\/wp-content\/uploads\/2014\/01\/lbild-300x200.jpg 300w\" sizes=\"auto, (max-width: 488px) 100vw, 488px\" \/><br \/>\n<span style=\"font-size: 14px;\"><span style=\"color: #000000;\">Boote am Seeufer.<\/span><\/span><\/p>\n<p>&nbsp;<\/p>\n<\/div>\n<div style=\"text-align: center;\">\n<p><span style=\"color: #000000;\"><span style=\"font-size: 16px;\"><strong>Franz Knapp als \u201eTonk\u00fcnstler\u201c <\/strong><\/span><\/span><\/p>\n<\/div>\n<div style=\"text-align: center;\"><img loading=\"lazy\" decoding=\"async\" class=\" size-full wp-image-864\" style=\"width: 317px; height: 157px;\" src=\"https:\/\/zelking.grafikweb.eu\/wp-content\/uploads\/2014\/01\/knapphase.jpg\" alt=\"\" width=\"400\" height=\"198\" srcset=\"https:\/\/zelking.grafikweb.eu\/wp-content\/uploads\/2014\/01\/knapphase.jpg 400w, https:\/\/zelking.grafikweb.eu\/wp-content\/uploads\/2014\/01\/knapphase-300x149.jpg 300w\" sizes=\"auto, (max-width: 400px) 100vw, 400px\" \/><br \/>\n<span style=\"color: #000000;\"><span style=\"font-size: 14px;\">\u201e<span style=\"font-size: 14px;\"><span style=\"font-size: 14px;\"><span style=\"font-size: 14px;\">Knapp-Hase\u201c.<\/span><\/span><\/span><\/span>\u00a0<\/span><\/div>\n<div>\u00a0<span style=\"color: #000000;\"><span style=\"font-size: 16px;\"><span style=\"font-size: 14px;\">Die Zahl der Menschen, die wissen, dass es auch einen modelierenden Knapp gab, also dass er sich <\/span><\/span><span style=\"font-size: 16px;\"><span style=\"font-size: 14px;\">(auch) <\/span><\/span><span style=\"font-size: 16px;\"><span style=\"font-size: 14px;\">mit dem Material Ton auseinander setzte, d\u00fcrfte nicht allzugro\u00df sein.\u00a0<\/span><\/span><\/span><\/div>\n<div style=\"text-align: justify;\">\n<div style=\"text-align: center;\">\n<p><span style=\"color: #000000;\"><span style=\"font-size: 16px;\"><span style=\"font-size: 16px;\"><span style=\"color: #000000;\"><strong>Franz Knapp als <\/strong><\/span><span style=\"color: #000000;\"><strong>\u201eSakralmaler\u201c<br \/>\n<\/strong><\/span><\/span><\/span><\/span><\/p>\n<p><span style=\"font-size: 14px;\"><img loading=\"lazy\" decoding=\"async\" class=\" size-full wp-image-865\" style=\"width: 238px; height: 315px;\" src=\"https:\/\/zelking.grafikweb.eu\/wp-content\/uploads\/2014\/01\/harlander%20kapelle.jpg\" alt=\"\" width=\"350\" height=\"465\" \/><\/span><\/p>\n<\/div>\n<div style=\"text-align: center;\"><span style=\"color: #000000;\"><span style=\"font-size: 14px;\">Sein erstes Werk nach dem II. Weltkrieg, bzw. der Internierung in der Heimat.<br \/>\n<\/span><\/span><\/div>\n<div style=\"text-align: center;\"><span style=\"color: #000000;\"><span style=\"font-size: 14px;\">(Die Christusfigur ist ziemlich ident mit der ersten Schauseite des Isenheimer Altars.)<br \/>\n<\/span><\/span><\/div>\n<div><\/div>\n<div><span style=\"font-size: 14px;\"><span style=\"color: #000000;\">1946 malte Franz Knapp f\u00fcr die Harlander-Kapelle diese Dreifaltigkeitsdarstellung nach einem Motiv von Matthias Gr\u00fcnewald (neben Albrecht D\u00fcrer der bedeutendste deutsche Maler seiner Zeit). Die Farbpigmente und Bindemittel dieses Bildes wurden von Knapp selbst gemischt, welches noch immer den heutigen Betrachter erfreu<\/span><span style=\"color: #000000;\">t.<br \/>\n<\/span><\/span><\/div>\n<div><span style=\"color: #000000;\"><span style=\"font-size: 16px;\">\u00a0<\/span><\/span><\/div>\n<div style=\"text-align: center;\"><span style=\"color: #000000;\"><span style=\"font-size: 16px;\"><span style=\"color: #000000;\"><span style=\"font-size: 16px;\"><strong>Einige Portr\u00e4ts von Franz Knapp<\/strong> <strong>&#8230;<\/strong><\/span><br \/>\n<\/span><\/span><\/span><\/div>\n<div style=\"text-align: justify;\"><span style=\"color: #000000;\"><span style=\"font-size: 16px;\">\u00a0<\/span><\/span><\/div>\n<div style=\"text-align: justify;\"><span style=\"color: #000000;\"><span style=\"font-size: 16px;\">\u00a0<\/span><\/span><\/div>\n<div style=\"text-align: center;\"><span style=\"color: #000000;\"><span style=\"font-size: 16px;\"><img loading=\"lazy\" decoding=\"async\" class=\" size-full wp-image-866\" style=\"width: 182px; height: 263px;\" src=\"https:\/\/zelking.grafikweb.eu\/wp-content\/uploads\/2014\/01\/sabrina.jpg\" alt=\"\" width=\"300\" height=\"431\" srcset=\"https:\/\/zelking.grafikweb.eu\/wp-content\/uploads\/2014\/01\/sabrina.jpg 300w, https:\/\/zelking.grafikweb.eu\/wp-content\/uploads\/2014\/01\/sabrina-209x300.jpg 209w\" sizes=\"auto, (max-width: 300px) 100vw, 300px\" \/>\u00a0 <img loading=\"lazy\" decoding=\"async\" class=\" size-full wp-image-867\" style=\"width: 212px; height: 259px;\" src=\"https:\/\/zelking.grafikweb.eu\/wp-content\/uploads\/2014\/01\/sonja.jpg\" alt=\"\" width=\"300\" height=\"365\" srcset=\"https:\/\/zelking.grafikweb.eu\/wp-content\/uploads\/2014\/01\/sonja.jpg 300w, https:\/\/zelking.grafikweb.eu\/wp-content\/uploads\/2014\/01\/sonja-247x300.jpg 247w\" sizes=\"auto, (max-width: 300px) 100vw, 300px\" \/><\/span><\/span><\/div>\n<div style=\"text-align: center;\">\n<p><span style=\"color: #000000;\"><span style=\"font-size: 16px;\"><span style=\"font-size: 14px;\"><span style=\"color: #000000;\">&#8230; in R\u00f6tel (Kopien): Sabrina 11.8.1996 (6 Jahre) und ihre Schwester Sonja 30.11.1996 <\/span><span style=\"color: #000000;\"><span style=\"color: #000000;\">(7 Jahre).<\/span><\/span><\/span><\/span><\/span><\/p>\n<p><img loading=\"lazy\" decoding=\"async\" class=\" size-full wp-image-868\" style=\"width: 183px; height: 297px;\" src=\"https:\/\/zelking.grafikweb.eu\/wp-content\/uploads\/2014\/01\/knapp%20margareta%201989.jpg\" alt=\"\" width=\"300\" height=\"486\" \/><br \/>\n<span style=\"font-size: 14px;\"><span style=\"color: #000000;\"> <span style=\"color: #000000;\">Gattin von Knapp, Margareta Theresia (kopierte Bunststiftzeichnung vom 28. 10. 1998).<\/span><\/span><\/span><\/p>\n<p><img loading=\"lazy\" decoding=\"async\" class=\" size-full wp-image-869\" style=\"width: 182px; height: 244px;\" src=\"https:\/\/zelking.grafikweb.eu\/wp-content\/uploads\/2014\/01\/kletzl.jpg\" alt=\"\" width=\"356\" height=\"478\" srcset=\"https:\/\/zelking.grafikweb.eu\/wp-content\/uploads\/2014\/01\/kletzl.jpg 356w, https:\/\/zelking.grafikweb.eu\/wp-content\/uploads\/2014\/01\/kletzl-223x300.jpg 223w\" sizes=\"auto, (max-width: 356px) 100vw, 356px\" \/><br \/>\n<span style=\"font-size: 14px;\"><span style=\"color: #000000;\">Von einem Franz f\u00fcr einen Franz \u2013 (Federzeichnung\/Kopie) vom 2. April 2000).<\/span><\/span><\/p>\n<p><img loading=\"lazy\" decoding=\"async\" class=\" size-full wp-image-870\" style=\"width: 182px; height: 258px;\" src=\"https:\/\/zelking.grafikweb.eu\/wp-content\/uploads\/2014\/01\/fk%202003.jpg\" alt=\"\" width=\"307\" height=\"435\" \/><br \/>\n<span style=\"font-size: 14px;\"><span style=\"color: #000000;\"> <span style=\"color: #000000;\">Federzeichnung 2003.<\/span><\/span><\/span><\/p>\n<p><img loading=\"lazy\" decoding=\"async\" class=\" size-full wp-image-871\" style=\"width: 182px; height: 281px;\" src=\"https:\/\/zelking.grafikweb.eu\/wp-content\/uploads\/2014\/01\/fk%2022.%2011.%202004.jpg\" alt=\"\" width=\"366\" height=\"564\" \/><\/p>\n<\/div>\n<div style=\"text-align: center;\"><span style=\"font-size: 14px;\"><span style=\"color: #000000;\"><span style=\"color: #000000;\">Selbstbildnis (Kopie) vom 22. 11. 2004.<\/span><\/span><\/span><\/div>\n<div style=\"text-align: center;\">\n<p><span style=\"color: #000000;\"><span style=\"font-size: 16px;\"><span style=\"color: #000000;\"><span style=\"font-size: 16px;\"><span style=\"font-size: 14px;\"><img loading=\"lazy\" decoding=\"async\" class=\" size-full wp-image-872\" style=\"width: 165px; height: 228px;\" src=\"https:\/\/zelking.grafikweb.eu\/wp-content\/uploads\/2014\/01\/ludwig.jpg\" alt=\"\" width=\"336\" height=\"467\" srcset=\"https:\/\/zelking.grafikweb.eu\/wp-content\/uploads\/2014\/01\/ludwig.jpg 336w, https:\/\/zelking.grafikweb.eu\/wp-content\/uploads\/2014\/01\/ludwig-216x300.jpg 216w\" sizes=\"auto, (max-width: 336px) 100vw, 336px\" \/><\/span><\/span><\/span><\/span><\/span><\/p>\n<\/div>\n<div style=\"text-align: center;\">\n<p><span style=\"color: #000000;\"><span style=\"font-size: 16px;\"><span style=\"color: #000000;\"><span style=\"font-size: 16px;\"><span style=\"font-size: 14px;\"><span style=\"color: #000000;\"><span style=\"color: #000000;\">&#8230; in Blaustift (wegen der besseren Ansicht dunkler eingef\u00e4rbt): Der Homepageautor (30. 7. 2003).<\/span><\/span><\/span><\/span><\/span><\/span><\/span><\/p>\n<p>&nbsp;<\/p>\n<\/div>\n<div style=\"text-align: center;\"><span style=\"color: #000000;\"><span style=\"font-size: 16px;\"><span style=\"color: #000000;\"><span style=\"font-size: 16px;\"><span style=\"font-size: 14px;\"><img loading=\"lazy\" decoding=\"async\" class=\" size-full wp-image-873\" style=\"width: 237px; height: 348px;\" src=\"https:\/\/zelking.grafikweb.eu\/wp-content\/uploads\/2014\/01\/selbstportrt%202003.jpg\" alt=\"\" width=\"450\" height=\"665\" \/><\/span><\/span><\/span>\u00a0\u00a0\u00a0<\/span><\/span><\/div>\n<div style=\"text-align: center;\"><span style=\"font-size: 14px;\"><span style=\"color: #000000;\"><span style=\"color: #000000;\">Selbstportr\u00e4t auf Wellkarton vom 29. 6. 2003. \u00a0<\/span><\/span><\/span><\/div>\n<div style=\"text-align: center;\"><span style=\"color: #000000;\"><span style=\"font-size: 16px;\"><span style=\"color: #000000;\">\u00a0 <\/span><br \/>\n<img loading=\"lazy\" decoding=\"async\" class=\" size-full wp-image-874\" style=\"width: 192px; height: 227px;\" src=\"https:\/\/zelking.grafikweb.eu\/wp-content\/uploads\/2014\/01\/selbstportrt%202006.jpg\" alt=\"\" width=\"400\" height=\"473\" \/> <span style=\"color: #000000;\"><span style=\"font-size: 16px;\"><span style=\"font-size: 14px;\"><span style=\"color: #000000;\"><span style=\"font-size: 16px;\"><span style=\"font-size: 14px;\"><img loading=\"lazy\" decoding=\"async\" class=\" size-full wp-image-875\" style=\"width: 151px; height: 222px;\" src=\"https:\/\/zelking.grafikweb.eu\/wp-content\/uploads\/2014\/01\/fk%2021.%203.%2006.jpg\" alt=\"\" width=\"336\" height=\"489\" \/><\/span><\/span><\/span><\/span><\/span><\/span><\/span><\/span><\/div>\n<div style=\"text-align: center;\"><span style=\"font-size: 14px;\"><span style=\"color: #000000;\"><span style=\"color: #000000;\"><span style=\"color: #000000;\"><span style=\"color: #000000;\">Selbstportr\u00e4ts (Kopien) 2006 <\/span>und \u201eIch\u201c (21. 3. 06)<\/span><\/span><\/span><\/span><\/div>\n<div><span style=\"color: #000000;\">\u00a0<\/span><\/div>\n<div><span style=\"color: #000000;\">\u00a0<\/span><\/div>\n<div><\/div>\n<div style=\"text-align: center;\"><span style=\"color: #000000;\"><span style=\"color: #000000;\"><span style=\"font-size: 14px;\"><span style=\"color: #000000;\"><span style=\"text-decoration: underline;\"><span style=\"color: #000000; text-decoration: underline;\"><strong><span style=\"font-size: 16px;\">Enth\u00fcllung des Knapp-Denkmals<\/span><\/strong><\/span><\/span><\/span><\/span><\/span><\/span><\/div>\n<div><span style=\"color: #000000;\"><span style=\"color: #000000;\"><span style=\"font-size: 14px;\"><span style=\"color: #000000;\">\u00a0<\/span><\/span><\/span><\/span><\/div>\n<div style=\"text-align: justify;\"><span style=\"color: #000000;\">\u00a0<\/span><span style=\"color: #000000;\"><span style=\"color: #000000;\"><span style=\"font-size: 14px;\">Sonntag den 6. Juni 2010 wurde Dank einiger Initiatoren der Vorstadtbewohner P\u00f6chlarns, bei der ehemaligen Rollf\u00e4hrezufahrt ein Denkmal (gro\u00dfer Stein aus der Donau), versehen mit B\u00fcste Franz Knapp (geschaffen von Sohn Heinz), feierlich durch B\u00fcrgermeister Ing. Alfred Bergner (die Zustimmung zu diesem Denkmal erfolgte in einem Einstimmigem Beschluss seitens der Stadtgemeinde), (Abgeordneter zum Landtag und Bgm.) Karl Moser usw. enth\u00fcllt.<br \/>\nSo kam posthum doch dem eigentlichen Werbetr\u00e4ger der Stadt P\u00f6chlern, Franz Knapp, eine (l\u00e4ngst verdiente) Ehrung zuteil.<br \/>\n<\/span><\/span><\/span><\/div>\n<div style=\"text-align: center;\"><\/div>\n<div style=\"text-align: center;\">\n<p><span style=\"color: #000000;\"><span style=\"font-size: 16px;\"><strong>Erinnerungsbild vom Er\u00f6ffnungstag<\/strong><\/span><\/span><\/p>\n<\/div>\n<div style=\"text-align: center;\">\n<p style=\"text-align: left;\"><span style=\"color: #000000;\"><img loading=\"lazy\" decoding=\"async\" class=\"size-full wp-image-876 aligncenter\" style=\"width: 355px; height: 232px;\" src=\"https:\/\/zelking.grafikweb.eu\/wp-content\/uploads\/2014\/01\/gruppenfoto.jpg\" alt=\"\" width=\"500\" height=\"327\" srcset=\"https:\/\/zelking.grafikweb.eu\/wp-content\/uploads\/2014\/01\/gruppenfoto.jpg 500w, https:\/\/zelking.grafikweb.eu\/wp-content\/uploads\/2014\/01\/gruppenfoto-300x196.jpg 300w\" sizes=\"auto, (max-width: 500px) 100vw, 500px\" \/><br \/>\n<span style=\"color: #000000;\"><span style=\"font-size: 14px;\">(Von links nach rechts)<\/span><span style=\"font-size: 14px;\"> Friedrich Knapp (Mitorganisator), Friedrich Wagner, Landtagsabgeordneter Karl Moser, (Witwe) <\/span><span style=\"font-size: 14px;\"><span style=\"font-size: 14px;\"><span style=\"font-size: 14px;\"><span style=\"font-size: 14px;\">\u201e<\/span><\/span><\/span><\/span><span style=\"font-size: 14px;\">Gretl<\/span><span style=\"font-size: 14px;\"><span style=\"font-size: 14px;\"><span style=\"font-size: 14px;\"><span style=\"font-size: 14px;\">\u201c<\/span><\/span><\/span><\/span><span style=\"font-size: 14px;\"> Knapp, <span style=\"color: #000000;\">(Verwalter des geistigen Eigentums seines Vaters)<\/span> Franz Xaver Knapp, B\u00fcrgermeister Ing. Alfred Bergner, (K\u00fcnstler) Heinz Knapp und (Konsul) Josef Knapp<br \/>\n<\/span><\/span><\/span><\/p>\n<p>&nbsp;<\/p>\n<\/div>\n<div style=\"text-align: center;\">\n<p><span style=\"color: #000000;\"><span style=\"font-size: 16px;\"><strong><span style=\"color: #000000;\">Erinnerungsgedicht f\u00fcr Franz Knapp<\/span><\/strong><\/span><\/span><\/p>\n<p><span style=\"color: #000000;\"><span style=\"font-size: 14px;\"> Mit dem Wasser auf \u201eewig\u201c verbunden;<br \/>\nPapier und Bleistift zur Hand,<br \/>\nhat er immer ein Motiv gefunden,<br \/>\nwelches rundum, so zahlreich er fand.<br \/>\nEs treibt ihn, es l\u00e4sst ihn nicht ruhen;<br \/>\nsein Geist, er ist noch hellwach.<br \/>\nVom Scheitel bis zu den Schuhen \u2013<br \/>\nbleib\u2019 ich K\u00fcnstler, so zu er mir sprach!<\/span><\/span><\/p>\n<p>Er hatte nur Freunde nicht immer \u2013<br \/>\nauch Neider stellten zahlreich sich ein.<br \/>\nManche haben von ihm keinen Schimmer;<br \/>\nsind am Ende mit ihrem Latein,<br \/>\nwenn die Augen f\u00fcr immer geschlossen,<br \/>\ndann manch\u2019 Bild genommen zur Hand;<br \/>\nerinnert an\u00a0 seine Devise (*)<br \/>\nund h\u00e4ngt es zur\u00fcck an die Wand.<br \/>\n<span style=\"color: #000000;\"><span style=\"font-size: 14px;\"><span style=\"color: #000000;\">LP\/2006<\/span><\/span><br \/>\n<\/span><br \/>\n<span style=\"font-size: 14px;\"><span style=\"color: #000000;\">(* \u201eWer zeichnet \u2013 hat mehr vom Leben\u201c<\/span><span style=\"color: #000000;\"><span style=\"color: #000000;\">)<\/span><\/span><\/span><\/p>\n<\/div>\n<div><span style=\"color: #000000;\"><br \/>\n<\/span><\/div>\n<div style=\"text-align: center;\"><span style=\"color: #000000;\"><img loading=\"lazy\" decoding=\"async\" class=\" size-full wp-image-877\" style=\"width: 155px; height: 233px;\" src=\"https:\/\/zelking.grafikweb.eu\/wp-content\/uploads\/2014\/01\/knapp-platz%200.jpg\" alt=\"\" width=\"292\" height=\"438\" \/><\/span><\/div>\n<div style=\"text-align: center;\">\n<p><span style=\"color: #000000;\"><span style=\"font-size: 14px;\"><span style=\"color: #000000;\">Nahaufnahme der Knappb\u00fcste.<\/span><\/span><\/span><\/p>\n<p><img loading=\"lazy\" decoding=\"async\" class=\" size-full wp-image-878\" style=\"width: 369px; height: 246px;\" src=\"https:\/\/zelking.grafikweb.eu\/wp-content\/uploads\/2014\/01\/knapp-platz.jpg\" alt=\"\" width=\"588\" height=\"392\" srcset=\"https:\/\/zelking.grafikweb.eu\/wp-content\/uploads\/2014\/01\/knapp-platz.jpg 588w, https:\/\/zelking.grafikweb.eu\/wp-content\/uploads\/2014\/01\/knapp-platz-300x200.jpg 300w\" sizes=\"auto, (max-width: 588px) 100vw, 588px\" \/><br \/>\n<span style=\"font-size: 14px;\"><span style=\"color: #000000;\"> <span style=\"color: #000000;\">Die Gedenkst\u00e4tte von Franz Knapp Ende September 2010 mit der Bezeichnung <\/span><\/span><\/span><span style=\"color: #000000;\"><span style=\"font-size: 14px;\"><span style=\"font-size: 14px;\"><span style=\"font-size: 14px;\"><span style=\"font-size: 14px;\">\u201e<\/span><\/span><\/span><\/span><\/span><span style=\"font-size: 14px;\"><span style=\"color: #000000;\"><span style=\"color: #000000;\">Franz Knapp Platz<\/span><\/span><\/span><span style=\"color: #000000;\"><span style=\"font-size: 14px;\"><span style=\"font-size: 14px;\"><span style=\"font-size: 14px;\"><span style=\"font-size: 14px;\">\u201c.<\/span><\/span><\/span><\/span><\/span><\/p>\n<p><img loading=\"lazy\" decoding=\"async\" class=\" size-full wp-image-879\" style=\"width: 230px; height: 197px;\" src=\"https:\/\/zelking.grafikweb.eu\/wp-content\/uploads\/2014\/01\/herz.jpg\" alt=\"\" width=\"391\" height=\"336\" srcset=\"https:\/\/zelking.grafikweb.eu\/wp-content\/uploads\/2014\/01\/herz.jpg 391w, https:\/\/zelking.grafikweb.eu\/wp-content\/uploads\/2014\/01\/herz-300x258.jpg 300w\" sizes=\"auto, (max-width: 391px) 100vw, 391px\" \/><br \/>\n<span style=\"font-size: 14px;\"><span style=\"color: #000000;\"> <span style=\"color: #000000;\">Franz Knapp war als K\u00fcnstler und Person ein Mensch mit Herz <\/span><\/span><\/span><span style=\"color: #000000;\"><span style=\"color: #000000;\"><span style=\"font-size: 14px;\"><span style=\"font-size: 14px;\"><span style=\"font-size: 14px;\"><span style=\"font-size: 14px;\">\u2013 <\/span><\/span><\/span><\/span><\/span><\/span><span style=\"font-size: 14px;\"><span style=\"color: #000000;\"><span style=\"color: #000000;\">mit Kanten, Ecken, Rundungen, Licht und Schatten!<br \/>\n(SW-Kopie mit kolloriertem Herz.)<\/span><\/span><\/span><\/p>\n<p>&nbsp;<\/p>\n<p><span style=\"color: #000000;\"><span style=\"font-size: 14px;\"><span style=\"color: #000000;\"> <span style=\"font-size: 16px;\"><strong><span style=\"color: #000000;\">F\u00e4hrmann, F\u00e4hrmann, hol<\/span><\/strong><\/span><\/span><\/span><\/span><span style=\"font-size: 16px;\"><strong><span style=\"color: #000000;\"><span style=\"color: #000000;\"><span style=\"color: #000000;\"><span style=\"color: #000000;\">\u2019<\/span><\/span><\/span><\/span><\/strong><\/span><span style=\"color: #000000;\"><span style=\"font-size: 14px;\"><span style=\"color: #000000;\"><span style=\"font-size: 16px;\"><strong><span style=\"color: #000000;\"> deinen Kahn<\/span><\/strong><\/span><\/span><\/span><\/span><\/p>\n<p><span style=\"color: #000000;\"><span style=\"font-size: 14px;\"><span style=\"color: #000000;\"><span style=\"color: #000000;\">F\u00e4hrmann, F\u00e4hrmann, hol<\/span><\/span><\/span><\/span><span style=\"color: #000000;\"><span style=\"font-size: 14px;\"><span style=\"color: #000000;\"><span style=\"color: #000000;\">\u2019 <\/span><\/span><\/span><\/span><span style=\"color: #000000;\"><span style=\"font-size: 14px;\"><span style=\"color: #000000;\"><span style=\"color: #000000;\"> deinen Kahn.<\/span><\/span><\/span><\/span><br \/>\n<span style=\"font-size: 14px;\"><span style=\"color: #000000;\"> <span style=\"color: #000000;\">F\u00e4hrmann, F\u00e4hrmann, hol \u00fcber dann.<br \/>\nDu fuhrst zur Sommerzeit,<br \/>\nauch wenn\u2019s gest\u00fcrmt, geschneit.<br \/>\nF\u00e4hrmann, F\u00e4hrmann, hol<\/span><\/span><\/span><span style=\"color: #000000;\"><span style=\"font-size: 14px;\"><span style=\"color: #000000;\"><span style=\"color: #000000;\">\u2019 <\/span><\/span><\/span><\/span><span style=\"font-size: 14px;\"><span style=\"color: #000000;\"><span style=\"color: #000000;\"> deinen Kahn.<br \/>\nF\u00e4hrmann, F\u00e4hrmann, hol \u00fcber dann.<\/span><\/span><\/span><\/p>\n<p>F\u00e4hrmann, F\u00e4hrmann, hol<span style=\"color: #000000;\"><span style=\"font-size: 14px;\"><span style=\"color: #000000;\"><span style=\"color: #000000;\">\u2019 <\/span><\/span><\/span><\/span><span style=\"font-size: 14px;\"><span style=\"color: #000000;\"><span style=\"color: #000000;\"> deinen Kahn.<br \/>\nF\u00e4hrmann, F\u00e4hrmann, hol \u00fcber dann.<br \/>\nJa, selbst das Eis, der Schnee,<br \/>\ntaten Dir niemals weh.<br \/>\nF\u00e4hrmann, F\u00e4hrmann, hol<\/span><\/span><\/span><span style=\"color: #000000;\"><span style=\"font-size: 14px;\"><span style=\"color: #000000;\"><span style=\"color: #000000;\">\u2019 <\/span><\/span><\/span><\/span><span style=\"font-size: 14px;\"><span style=\"color: #000000;\"><span style=\"color: #000000;\"> deinen Kahn.<br \/>\nF\u00e4hrmann, F\u00e4hrmann, hol \u00fcber dann.<\/span><\/span><\/span><\/p>\n<p>F\u00e4hrmann, F\u00e4hrmann, hol<span style=\"color: #000000;\"><span style=\"font-size: 14px;\"><span style=\"color: #000000;\"><span style=\"color: #000000;\">\u2019 <\/span><\/span><\/span><\/span><span style=\"font-size: 14px;\"><span style=\"color: #000000;\"><span style=\"color: #000000;\"> deinen Kahn.<br \/>\nF\u00e4hrmann, F\u00e4hrmann, hol \u00fcber dann.<br \/>\nDas Ufer war Dein Ziel;<br \/>\nliebtest das Wasserspiel.<br \/>\nF\u00e4hrmann, F\u00e4hrmann, hol<\/span><\/span><\/span><span style=\"color: #000000;\"><span style=\"font-size: 14px;\"><span style=\"color: #000000;\"><span style=\"color: #000000;\">\u2019 <\/span><\/span><\/span><\/span><span style=\"font-size: 14px;\"><span style=\"color: #000000;\"><span style=\"color: #000000;\"> deinen Kahn.<br \/>\nF\u00e4hrmann, F\u00e4hrmann, hol \u00fcber dann.<\/span><\/span><\/span><\/p>\n<p>F\u00e4hrmann, F\u00e4hrmann, hol<span style=\"color: #000000;\"><span style=\"font-size: 14px;\"><span style=\"color: #000000;\"><span style=\"color: #000000;\">\u2019 <\/span><\/span><\/span><\/span><span style=\"font-size: 14px;\"><span style=\"color: #000000;\"><span style=\"color: #000000;\"> deinen Kahn.<br \/>\nF\u00e4hrmann, F\u00e4hrmann, hol \u00fcber dann.<br \/>\nHattest bei Tag und Nacht,<br \/>\nd\u2018F\u00e4hre an Land gebracht.<br \/>\nF\u00e4hrmann, F\u00e4hrmann, hol<\/span><\/span><\/span><span style=\"color: #000000;\"><span style=\"font-size: 14px;\"><span style=\"color: #000000;\"><span style=\"color: #000000;\">\u2019 <\/span><\/span><\/span><\/span><span style=\"font-size: 14px;\"><span style=\"color: #000000;\"><span style=\"color: #000000;\"> deinen Kahn.<br \/>\nF\u00e4hrmann, F\u00e4hrmann, hol \u00fcber dann.<\/span><\/span><\/span><\/p>\n<p>F\u00e4hrmann, F\u00e4hrmann, hol<span style=\"color: #000000;\"><span style=\"font-size: 14px;\"><span style=\"color: #000000;\"><span style=\"color: #000000;\">\u2019 <\/span><\/span><\/span><\/span><span style=\"font-size: 14px;\"><span style=\"color: #000000;\"><span style=\"color: #000000;\"> deinen Kahn.<br \/>\nF\u00e4hrmann, F\u00e4hrmann, hol \u00fcber dann.<br \/>\nLiebtest den Donaufluss;<br \/>\nvon hier ein lieber Gru\u00df.<br \/>\nF\u00e4hrmann, F\u00e4hrmann, hol<\/span><\/span><\/span><span style=\"color: #000000;\"><span style=\"font-size: 14px;\"><span style=\"color: #000000;\"><span style=\"color: #000000;\">\u2019 <\/span><\/span><\/span><\/span><span style=\"font-size: 14px;\"><span style=\"color: #000000;\"><span style=\"color: #000000;\"> deinen Kahn.<br \/>\nF\u00e4hrmann, F\u00e4hrmann, hol \u00fcber dann.<\/span><\/span><\/span><\/p>\n<p>F\u00e4hrmann, F\u00e4hrmann, hol<span style=\"color: #000000;\"><span style=\"font-size: 14px;\"><span style=\"color: #000000;\"><span style=\"color: #000000;\">\u2019 <\/span><\/span><\/span><\/span><span style=\"font-size: 14px;\"><span style=\"color: #000000;\"><span style=\"color: #000000;\"> deinen Kahn.<br \/>\nF\u00e4hrmann, F\u00e4hrmann, hol \u00fcber dann.<br \/>\nGott hat Dich uns gebracht,<br \/>\ngedankt sei der Allmacht.<br \/>\nF\u00e4hrmann, F\u00e4hrmann, hol\u2019 deinen Kahn.<br \/>\nF\u00e4hrmann, F\u00e4hrmann, hol \u00fcber dann.<\/span><\/span><\/span><\/p>\n<p>F\u00e4hrmann, F\u00e4hrmann, hol<span style=\"color: #000000;\"><span style=\"font-size: 14px;\"><span style=\"color: #000000;\"><span style=\"color: #000000;\">\u2019 <\/span><\/span><\/span><\/span><span style=\"font-size: 14px;\"><span style=\"color: #000000;\"><span style=\"color: #000000;\"> deinen Kahn.<br \/>\nF\u00e4hrmann, F\u00e4hrmann, hol \u00fcber dann.<br \/>\nWir w\u00fcnschen hier und heut\u2019,<br \/>\nfahr\u2019 in der Ewigkeit!<br \/>\nF\u00e4hrmann, F\u00e4hrmann, hol<\/span><\/span><\/span><span style=\"color: #000000;\"><span style=\"font-size: 14px;\"><span style=\"color: #000000;\"><span style=\"color: #000000;\">\u2019 <\/span><\/span><\/span><\/span><span style=\"font-size: 14px;\"><span style=\"color: #000000;\"><span style=\"color: #000000;\"> deinen Kahn.<br \/>\nF\u00e4hrmann, F\u00e4hrmann, hol \u00fcber dann.<br \/>\nLP 17. April 2007<\/span><\/span><\/span><\/p>\n<p>&nbsp;<\/p>\n<\/div>\n<\/div>\n<div style=\"text-align: center;\">\n<p><span style=\"color: #000000;\"><span style=\"text-decoration: underline;\"><span style=\"font-size: 16px;\"><strong>Franz Knapp und die Philatelie<\/strong><\/span><\/span><\/span><\/p>\n<\/div>\n<div style=\"text-align: justify;\">\u00a0<span style=\"color: #000000;\"><span style=\"font-size: 16px;\"><span style=\"font-size: 14px;\">Auch ein Philatelist (Briefmarkensammler) kann Franz Knapp <\/span><\/span><span style=\"color: #000000;\"><span style=\"font-size: 14px;\"><span style=\"font-size: 14px;\"><span style=\"font-size: 14px;\"><span style=\"font-size: 14px;\">\u2013 <\/span><\/span><\/span><\/span><\/span><span style=\"font-size: 16px;\"><span style=\"font-size: 14px;\"> nicht nur seit seiner ersten, ihm zu Ehren <\/span><\/span><span style=\"color: #000000;\"><span style=\"font-size: 16px;\"><span style=\"font-size: 14px;\"> im August 2008 im Sitzungssaal der Stadtgemeinde P\u00f6chlarn abgehaltenen<\/span><\/span><\/span><span style=\"font-size: 16px;\"><span style=\"font-size: 14px;\"> Briefmarkenausstellung, etwas <\/span><\/span><span style=\"font-size: 14px;\"><span style=\"font-size: 14px;\"><span style=\"font-size: 14px;\"><span style=\"font-size: 14px;\">\u201e<\/span><\/span><\/span><\/span><span style=\"font-size: 16px;\"><span style=\"font-size: 14px;\">abgewinnen<\/span><\/span><span style=\"font-size: 14px;\"><span style=\"font-size: 14px;\"><span style=\"font-size: 14px;\"><span style=\"font-size: 14px;\">\u201c<\/span><\/span><\/span><\/span><span style=\"font-size: 16px;\"><span style=\"font-size: 14px;\">.<\/span><\/span><\/span><\/div>\n<div style=\"text-align: justify;\">\n<p>Ab Februar 1984 gab es nach einer Zeichnung (Stadtpfarrkirche\/Welserturm) den ersten Rollenstempel nach einem Motiv von Franz Knapp. 1992 den zweiten nach einer Radierung.<\/p>\n<p>&nbsp;<\/p>\n<\/div>\n<div style=\"text-align: center;\"><span style=\"color: #000000;\"><img loading=\"lazy\" decoding=\"async\" class=\" size-full wp-image-880\" style=\"width: 304px; height: 126px;\" src=\"https:\/\/zelking.grafikweb.eu\/wp-content\/uploads\/2014\/01\/rollenstempel.jpg\" alt=\"\" width=\"500\" height=\"208\" srcset=\"https:\/\/zelking.grafikweb.eu\/wp-content\/uploads\/2014\/01\/rollenstempel.jpg 500w, https:\/\/zelking.grafikweb.eu\/wp-content\/uploads\/2014\/01\/rollenstempel-300x125.jpg 300w\" sizes=\"auto, (max-width: 500px) 100vw, 500px\" \/> \u00a0 \u00a0\u00a0 \u00a0 \u00a0 \u00a0 \u00a0 \u00a0 \u00a0 <img loading=\"lazy\" decoding=\"async\" class=\" size-full wp-image-881\" style=\"width: 258px; height: 125px;\" src=\"https:\/\/zelking.grafikweb.eu\/wp-content\/uploads\/2014\/01\/knapp%20werbestempel%20pchlarn%20ii.jpg\" alt=\"\" width=\"500\" height=\"242\" \/><br \/>\n<span style=\"font-size: 14px;\"><span style=\"color: #000000;\">Rollenstempeln (links nach einer Zeichnung, rechts nach einer Radierung).<br \/>\n<\/span><\/span><span style=\"font-size: 10pt; color: #000000;\"><span style=\"color: #000000;\"><span style=\"font-size: 14px;\">\u201eVer\u00f6ffentlichung mit freundlicher Genehmigung der \u00d6sterreichischen Post AG<\/span><\/span><span style=\"color: #000000;\"><span style=\"font-size: 14px;\">\u201c.<\/span><\/span><\/span><\/span><\/div>\n<div style=\"text-align: justify;\">\n<p><span style=\"color: #000000;\"><span style=\"font-size: 16px;\"><span style=\"font-size: 14px;\">Biragofest: Franz Knapp entwarf Sonderstempel.<br \/>\nSo lautete eine damalige Zeitungs\u00fcberschrift.<br \/>\n80 Jahre Kaserne Melk wurde u. a. auch aus Sicht der Philatelie (mit einem Sonderstempel) gefeiert. Nach einer Radierung mit Abbild der Kaserne (Hauptgeb\u00e4uden) gab es am 19. September 1993 einen <\/span><\/span><span style=\"font-size: 16px;\"><span style=\"font-size: 14px;\">Sonderstempel.<\/span><\/span><span style=\"font-size: 16px;\"><span style=\"font-size: 14px;\"> Franz Knapp gab viele Autogramme auf Belegen den zahlreich erschienenen Sammlerinnen <\/span><\/span><span style=\"color: #000000;\"><span style=\"font-size: 16px;\"><span style=\"font-size: 14px;\">und<\/span><\/span><\/span> <span style=\"color: #000000;\"><span style=\"font-size: 16px;\"><span style=\"font-size: 14px;\">Sammler<\/span><\/span><\/span><span style=\"font-size: 16px;\"><span style=\"font-size: 14px;\">.<\/span><\/span><\/span><\/p>\n<\/div>\n<div style=\"text-align: center;\"><span style=\"color: #000000;\"><img loading=\"lazy\" decoding=\"async\" class=\" size-full wp-image-882\" style=\"width: 312px; height: 222px;\" src=\"https:\/\/zelking.grafikweb.eu\/wp-content\/uploads\/2014\/01\/knapp%20sstp.%201993.jpg\" alt=\"\" width=\"700\" height=\"504\" \/><br \/>\n<span style=\"color: #000000;\"><span style=\"font-size: 14px;\"><span style=\"font-size: 14px;\"><span style=\"font-size: 14px;\"><span style=\"font-size: 14px;\">\u201e<\/span><\/span><\/span><\/span><span style=\"font-size: 16px;\"><span style=\"font-size: 14px;\">Biragostempel<\/span><\/span><span style=\"font-size: 14px;\"><span style=\"font-size: 14px;\"><span style=\"font-size: 14px;\"><span style=\"font-size: 14px;\">\u201c.<br \/>\n<\/span><\/span><\/span><\/span><\/span><span style=\"font-size: 10pt; color: #000000;\"><span style=\"color: #000000;\"><span style=\"font-size: 14px;\">\u201eVer\u00f6ffentlichung mit freundlicher Genehmigung der \u00d6sterreichischen Post AG<\/span><\/span><span style=\"color: #000000;\"><span style=\"font-size: 14px;\">\u201c.<\/span><\/span><\/span>\u00a0<\/span><\/div>\n<div style=\"text-align: justify;\">\n<p><span style=\"color: #000000;\"><span style=\"font-size: 16px;\"><span style=\"font-size: 14px;\">Den n\u00e4chsten Sonderstempel nach einem Motiv von Franz Knapp (Abbild nach einer Radierung Schloss Schallaburg) gab es in den unteren R\u00e4umlichkeiten (ehemaliger Munitionskeller) der Schallaburg 1994.<\/span><\/span><\/span><\/p>\n<p>&nbsp;<\/p>\n<\/div>\n<div style=\"text-align: center;\"><span style=\"color: #000000;\"><img loading=\"lazy\" decoding=\"async\" class=\" size-full wp-image-883\" style=\"width: 214px; height: 323px;\" src=\"https:\/\/zelking.grafikweb.eu\/wp-content\/uploads\/2014\/01\/knapp%20sstp.%201994.jpg\" alt=\"\" width=\"507\" height=\"770\" \/><br \/>\n<span style=\"color: #000000;\"><span style=\"font-size: 14px;\"><span style=\"font-size: 14px;\"><span style=\"font-size: 14px;\"><span style=\"font-size: 14px;\">\u201e<\/span><\/span><\/span><\/span><span style=\"font-size: 16px;\"><span style=\"font-size: 14px;\">Schallaburgstempel<\/span><\/span><span style=\"font-size: 14px;\"><span style=\"font-size: 14px;\"><span style=\"font-size: 14px;\"><span style=\"font-size: 14px;\">\u201c.<br \/>\n<\/span><\/span><\/span><\/span><\/span><span style=\"font-size: 10pt; color: #000000;\"><span style=\"color: #000000;\"><span style=\"font-size: 14px;\">\u201eVer\u00f6ffentlichung mit freundlicher Genehmigung der \u00d6sterreichischen Post AG<\/span><\/span><span style=\"color: #000000;\"><span style=\"font-size: 14px;\">\u201c.<\/span><\/span><\/span>\u00a0<\/span><\/div>\n<div style=\"text-align: justify;\">\n<p><span style=\"color: #000000;\"><span style=\"font-size: 16px;\"><span style=\"font-size: 14px;\">Ein dritter Sonderstempel (alle drei Ausstellungen wurden vom HSV-Melk veranstaltet) zeigte ein Motiv (nach einer Radierung) aus dem Zweiten Weltkrieg (Unterstand und davor ein gro\u00dfer Baum, bzw. der Flu\u00df Beresina) und fand am 6.\/7. Mai 1995 statt.<\/span><\/span><\/span><\/p>\n<\/div>\n<div style=\"text-align: center;\"><span style=\"color: #000000;\"><img loading=\"lazy\" decoding=\"async\" class=\" size-full wp-image-884\" style=\"width: 214px; height: 339px;\" src=\"https:\/\/zelking.grafikweb.eu\/wp-content\/uploads\/2014\/01\/knapp%20sstp.%201995.jpg\" alt=\"\" width=\"500\" height=\"796\" \/><br \/>\n<span style=\"color: #000000;\"><span style=\"font-size: 14px;\"><span style=\"font-size: 14px;\"><span style=\"font-size: 14px;\"><span style=\"font-size: 14px;\">\u201e<\/span><\/span><\/span><\/span><span style=\"font-size: 16px;\"><span style=\"font-size: 14px;\">Russischer Unterstand<\/span><\/span><span style=\"font-size: 14px;\"><span style=\"font-size: 14px;\"><span style=\"font-size: 14px;\"><span style=\"font-size: 14px;\">\u201c.<br \/>\n<\/span><\/span><\/span><\/span><\/span><span style=\"font-size: 10pt; color: #000000;\"><span style=\"color: #000000;\"><span style=\"font-size: 14px;\">\u201eVer\u00f6ffentlichung mit freundlicher Genehmigung der \u00d6sterreichischen Post AG<\/span><\/span><span style=\"color: #000000;\"><span style=\"font-size: 14px;\">\u201c.<\/span><\/span><\/span><\/span><\/div>\n<div style=\"text-align: justify;\"><span style=\"color: #000000;\"><br \/>\n<\/span><\/div>\n<div style=\"text-align: center;\">\n<p><span style=\"color: #000000;\"><span style=\"font-size: 16px;\"><strong>P\u00f6chlarn, 22.<\/strong><\/span><strong><span style=\"color: #000000;\">\u2013<\/span><\/strong><span style=\"font-size: 16px;\"><strong>24. August 2008<\/strong><\/span><\/span><\/p>\n<p style=\"text-align: left;\"><span style=\"color: #000000;\"><span style=\"font-size: 14px;\">Dank eines Entgegenkommens seitens der Gemeindeleitung der Stadtgemeinde P\u00f6chlarn, konnte im Sitzungssaal eine gut besuchte Briefmarkenausstellung zu Ehren von Franz Knapp abgehalten werden. Der Veranstalter war diesmal der BSV <\/span> <span style=\"font-size: 14px;\"><span style=\"font-size: 14px;\"><span style=\"font-size: 14px;\"><span style=\"font-size: 14px;\">\u201e<\/span><\/span><\/span><\/span><span style=\"font-size: 14px;\">donau<\/span><span style=\"font-size: 14px;\"><span style=\"font-size: 14px;\"><span style=\"font-size: 14px;\"><span style=\"font-size: 14px;\">\u201c<\/span><\/span><\/span><\/span><span style=\"font-size: 14px;\">, Tauschstelle 410 Melk; Obmann Anton Hochleitner\/Aggsbach-Dorf. Es wurden vier verschiedene PM (Briefmarken, die in Zusammenarbeit mit der Post, nach eigenen Motiven in der Staatsdruckerei hergestellt werden, also Privatmarken sind) herausgebracht.<br \/>\n<\/span><\/span><\/p>\n<\/div>\n<div style=\"text-align: justify;\">\n<p><span style=\"color: #000000;\"><span style=\"font-size: 14px;\"> Die Briefmarkenmotive: P\u00f6chlarn an der Donau 1950 (Radierung), F\u00e4hrmann Franz Knapp um 1974 (Fotografie),\u00a0<\/span><\/span><span style=\"color: #000000;\"><span style=\"font-size: 14px;\">Selbstbildnis 1983 (Zeichnung) <\/span><\/span><span style=\"color: #000000;\"><span style=\"font-size: 14px;\">und Nibelungenstadt P\u00f6chlarn 1980 (Aquarell)<\/span><\/span><span style=\"color: #000000;\"><span style=\"font-size: 14px;\">. Je Motiv gab es eine Auflage von 300 St\u00fcck, die so gefragt waren, dass diese (es gab einen Vorverkauf) noch am Stempeltag (22. 8.) ausverkauft waren.<\/span><\/span><\/p>\n<\/div>\n<div style=\"text-align: center;\">\n<p><span style=\"color: #000000;\"><strong><span style=\"font-size: 14px;\">Die 1. Auflage<\/span><\/strong><\/span><\/p>\n<\/div>\n<div style=\"text-align: center;\">\n<p><span style=\"color: #000000;\"><strong><span style=\"font-size: 14px;\"><img loading=\"lazy\" decoding=\"async\" class=\" size-full wp-image-885\" style=\"width: 128px; height: 152px;\" src=\"https:\/\/zelking.grafikweb.eu\/wp-content\/uploads\/2014\/01\/pm%202.jpg\" alt=\"\" width=\"211\" height=\"250\" \/> \u00a0\u00a0 <img loading=\"lazy\" decoding=\"async\" class=\" size-full wp-image-886\" style=\"width: 127px; height: 152px;\" src=\"https:\/\/zelking.grafikweb.eu\/wp-content\/uploads\/2014\/01\/pm%203.jpg\" alt=\"\" width=\"211\" height=\"250\" \/> \u00a0\u00a0<\/span><\/strong> <\/span><span style=\"color: #000000;\"><img loading=\"lazy\" decoding=\"async\" class=\" size-full wp-image-887\" style=\"width: 130px; height: 152px;\" src=\"https:\/\/zelking.grafikweb.eu\/wp-content\/uploads\/2014\/01\/pm%204.jpg\" alt=\"\" width=\"211\" height=\"250\" \/><\/span><\/p>\n<p><span style=\"color: #000000;\"><img loading=\"lazy\" decoding=\"async\" class=\" size-full wp-image-888\" style=\"width: 155px; height: 130px;\" src=\"https:\/\/zelking.grafikweb.eu\/wp-content\/uploads\/2014\/01\/pm%201.jpg\" alt=\"\" width=\"250\" height=\"211\" \/><\/span><br \/>\n<span style=\"color: #000000;\"> <span style=\"font-size: 14px;\">Radierung 1950, Foto 1974, Selbstbildnis 1984, <\/span><\/span><span style=\"color: #000000;\"><span style=\"font-size: 14px;\">Aquarell 1980.<br \/>\n<\/span><\/span><span style=\"color: #000000;\"><br \/>\n<strong><span style=\"font-size: 14px;\">Die 2. Auflage<br \/>\n<\/span><\/strong><\/span><\/p>\n<\/div>\n<div style=\"text-align: justify;\"><span style=\"color: #000000;\"><span style=\"font-size: 14px;\">Dank Entgegenkommen von Franz Xaver Knapp (er musste die Druckgenehmigungen immer stattgeben) wurde eine zweite Auflage (kleiner Eindruck 2. Auflage in schwarzer Farbe um von der Erstauflage unterscheiden zu k\u00f6nnen) in Auftrag gegeben, die ebenso schnell ausverkauft war. Mit diesem Erfolg hatte keiner gerechnet.<br \/>\n<\/span><\/span><\/div>\n<div style=\"text-align: center;\">\n<p><span style=\"color: #000000;\"><img loading=\"lazy\" decoding=\"async\" class=\" size-full wp-image-889\" style=\"width: 128px; height: 157px;\" src=\"https:\/\/zelking.grafikweb.eu\/wp-content\/uploads\/2014\/01\/k%20ii%20a.jpg\" alt=\"\" width=\"350\" height=\"426\" \/> <img loading=\"lazy\" decoding=\"async\" class=\" size-full wp-image-890\" style=\"width: 128px; height: 157px;\" src=\"https:\/\/zelking.grafikweb.eu\/wp-content\/uploads\/2014\/01\/knapp%20iii.jpg\" alt=\"\" width=\"350\" height=\"424\" \/> <img loading=\"lazy\" decoding=\"async\" class=\" size-full wp-image-891\" style=\"width: 130px; height: 157px;\" src=\"https:\/\/zelking.grafikweb.eu\/wp-content\/uploads\/2014\/01\/k%20ii%20d.jpg\" alt=\"\" width=\"300\" height=\"358\" \/><\/span><\/p>\n<p><span style=\"color: #000000;\"><img loading=\"lazy\" decoding=\"async\" class=\" size-full wp-image-892\" style=\"width: 155px; height: 133px;\" src=\"https:\/\/zelking.grafikweb.eu\/wp-content\/uploads\/2014\/01\/k%20ii%20c.jpg\" alt=\"\" width=\"300\" height=\"259\" \/><\/span><br \/>\n<span style=\"color: #000000;\"> <span style=\"font-size: 14px;\">Zur leichteren Unterscheidung wurde deshalb an der rechten Bildseite ein Eindruck vorgenommen.<br \/>\n<\/span><\/span><\/p>\n<\/div>\n<div style=\"text-align: center;\">\n<p><span style=\"color: #000000;\"><span style=\"font-size: 14px;\">Das Stempelbild wurde nach dem Selbstbildnis von Franz Knapp durch Herrn Hans-Georg Pucalka, 4591 Molln\/O\u00d6 entworfen.<\/span><\/span><\/p>\n<p><img loading=\"lazy\" decoding=\"async\" class=\" size-full wp-image-893\" style=\"width: 129px; height: 132px;\" src=\"https:\/\/zelking.grafikweb.eu\/wp-content\/uploads\/2014\/01\/knappstempel.jpg\" alt=\"\" width=\"450\" height=\"463\" srcset=\"https:\/\/zelking.grafikweb.eu\/wp-content\/uploads\/2014\/01\/knappstempel.jpg 450w, https:\/\/zelking.grafikweb.eu\/wp-content\/uploads\/2014\/01\/knappstempel-292x300.jpg 292w\" sizes=\"auto, (max-width: 450px) 100vw, 450px\" \/><br \/>\n<span style=\"font-size: 14px;\"> Der sch\u00f6ne Sonderstempel<\/span><span style=\"font-size: 14px;\"> von Herrn Pucalka.<br \/>\n<\/span><span style=\"font-size: 10pt; color: #000000;\"><span style=\"color: #000000;\"><span style=\"font-size: 14px;\">\u201eVer\u00f6ffentlichung mit freundlicher Genehmigung der \u00d6sterreichischen Post AG<\/span><\/span><span style=\"color: #000000;\"><span style=\"font-size: 14px;\">\u201c.<\/span><\/span><\/span><\/p>\n<\/div>\n<div style=\"text-align: center;\"><\/div>\n<div style=\"text-align: justify;\">\n<p><span style=\"color: #000000;\"><span style=\"font-size: 14px;\">Gleichzeitig mit den Knapp-Marken, gab es auch eine PM, die ein Motiv aus Zelking zeigt, welches von Franz Knapp am 3. 4. 2005 gezeichnet wurde. Diese Privatausgabe (je nur 100 St\u00fcck) gab es auch in Erstauflage und einer 2. Auflage.<\/span><\/span><\/p>\n<\/div>\n<div style=\"text-align: center;\"><span style=\"color: #000000;\"><img loading=\"lazy\" decoding=\"async\" class=\" size-full wp-image-894\" style=\"width: 155px; height: 132px;\" src=\"https:\/\/zelking.grafikweb.eu\/wp-content\/uploads\/2014\/01\/pm%206.jpg\" alt=\"\" width=\"250\" height=\"214\" \/> <img loading=\"lazy\" decoding=\"async\" class=\" size-full wp-image-895\" style=\"width: 155px; height: 130px;\" src=\"https:\/\/zelking.grafikweb.eu\/wp-content\/uploads\/2014\/01\/elternhaus%20ii.jpg\" alt=\"\" width=\"400\" height=\"338\" \/><br \/>\n<span style=\"font-size: 14px;\">Links 1. Auflage, rechts 2. Auflage (rechts oben sichtbarer Eindruck).<\/span><\/span><\/div>\n<div><\/div>\n<div style=\"text-align: center;\"><span style=\"color: #000000;\"><span style=\"font-size: 16px;\"><strong>Bis inkl. 100. Geburtstag (2016) von Franz Knapp gibt es <\/strong><\/span><\/span><span style=\"color: #000000;\"><span style=\"font-size: 16px;\"><strong>(in memoriam) <\/strong><\/span><\/span><span style=\"color: #000000;\"><span style=\"font-size: 16px;\"><strong>PM (personalisierte Marken)!<br \/>\n<\/strong><\/span><\/span><\/div>\n<div style=\"text-align: justify;\">\n<p><span style=\"color: #000000;\"><span style=\"font-size: 14px;\">Folgende Ausgaben sind bereits erschienen:<\/span><\/span><\/p>\n<\/div>\n<div style=\"text-align: center;\">\n<p><strong><span style=\"color: #000000;\"><span style=\"font-size: 14px;\">2008<\/span><\/span><\/strong><\/p>\n<\/div>\n<div style=\"text-align: center;\"><span style=\"color: #000000;\"><img loading=\"lazy\" decoding=\"async\" class=\" size-full wp-image-896\" style=\"width: 128px; height: 152px;\" src=\"https:\/\/zelking.grafikweb.eu\/wp-content\/uploads\/2014\/01\/pm%205.jpg\" alt=\"\" width=\"211\" height=\"249\" \/><br \/>\n<\/span><\/div>\n<div style=\"text-align: center;\"><span style=\"color: #000000;\"><span style=\"font-size: 14px;\">Franz Knapp bei seiner liebsten Besch\u00e4ftigung (2002), der Nachwelt ein graphisches Werk zu hinterlassen (hier noch im Atelier, R\u00fcdigerstra\u00dfe 63.<br \/>\n<\/span><\/span><\/div>\n<div style=\"text-align: center;\">\n<p><span style=\"color: #000000;\"><strong><span style=\"color: #000000;\"><span style=\"font-size: 14px;\">2009<\/span><\/span><\/strong><\/span><\/p>\n<\/div>\n<div style=\"text-align: center;\"><span style=\"color: #000000;\"><span style=\"font-size: 14px;\">2009 wurden auch PM f\u00fcr Geburtstage mit Bild von Franz Knapp, bzw. eines seiner Werke herausgebracht.<\/span><\/span><\/div>\n<div style=\"text-align: center;\"><\/div>\n<div style=\"text-align: center;\"><span style=\"color: #000000;\"><img loading=\"lazy\" decoding=\"async\" class=\" size-full wp-image-897\" style=\"width: 128px; height: 148px;\" src=\"https:\/\/zelking.grafikweb.eu\/wp-content\/uploads\/2014\/01\/helga%20.bmp\" alt=\"\" width=\"350\" height=\"404\" \/><br \/>\n<\/span><\/div>\n<div style=\"text-align: center;\"><span style=\"color: #000000;\"><span style=\"font-size: 14px;\">Hier unterschreibt Franz Knapp (2006) seine Weihnachtspost <\/span><\/span><span style=\"color: #000000;\"><span style=\"font-size: 14px;\">(Pflegeheim Schloss P\u00f6chlarn).\u00a0<\/span><\/span><\/div>\n<div style=\"text-align: center;\"><span style=\"color: #000000;\"><span style=\"font-size: 14px;\"><span style=\"font-size: 14px;\"><span style=\"font-size: 14px;\"><span style=\"font-size: 14px;\">\u201e<\/span><\/span><\/span><\/span><span style=\"font-size: 14px;\">Helferin<\/span><span style=\"font-size: 14px;\"><span style=\"font-size: 14px;\"><span style=\"font-size: 14px;\"><span style=\"font-size: 14px;\">\u201c<\/span><\/span><\/span><\/span><span style=\"font-size: 14px;\"> Frau Helga Birner (gewidmet zu Ihrem <span style=\"color: #000000;\"><span style=\"font-size: 14px;\"><span style=\"font-size: 14px;\"><span style=\"font-size: 14px;\"><span style=\"font-size: 14px;\">\u201e<\/span><\/span><\/span><\/span><\/span>unrunden<span style=\"color: #000000;\"><span style=\"font-size: 14px;\"><span style=\"font-size: 14px;\"><span style=\"font-size: 14px;\"><span style=\"font-size: 14px;\">\u201c<\/span><\/span><\/span><\/span><\/span> Geburtstag).<\/span><\/span><\/div>\n<div style=\"text-align: center;\"><\/div>\n<div style=\"text-align: center;\"><span style=\"color: #000000;\"><img loading=\"lazy\" decoding=\"async\" class=\" size-full wp-image-898\" style=\"width: 128px; height: 154px;\" src=\"https:\/\/zelking.grafikweb.eu\/wp-content\/uploads\/2014\/01\/franz%2070.bmp\" alt=\"\" width=\"350\" height=\"421\" \/><br \/>\n<\/span><\/div>\n<div style=\"text-align: center;\">\n<div><span style=\"color: #000000;\"><span style=\"font-size: 14px;\">Franz Xaver Knapp (Oktober 2008) mit einer B\u00fcste Oskar Kokoschkas, welche von seinem Vater geschaffen wurde<\/span>.<br \/>\n<span style=\"font-size: 14px;\"> Einen Abguss davon lie\u00df Franz X. in Bronze gie\u00dfen und auf einem Sockel montieren.<br \/>\n<\/span><\/span><\/div>\n<div><span style=\"color: #000000;\"><span style=\"font-size: 14px;\">Aus Anlass seines 70. Geburtstages wurde diese PM herausgegeben (<\/span><\/span><span style=\"color: #000000;\"><span style=\"color: #000000;\"><span style=\"font-size: 14px;\">\u2020 28. Februar 2011; diese Aufnahme wurde auch f\u00fcr die Parte und Totenbildchen genommen).<\/span><\/span><\/span><\/div>\n<div>\u00a0<span style=\"color: #000000;\"><span style=\"color: #000000;\"><span style=\"font-size: 14px;\">\u00a0<\/span><\/span><\/span><\/div>\n<div><span style=\"color: #000000;\"><img loading=\"lazy\" decoding=\"async\" class=\" size-full wp-image-899\" style=\"width: 128px; height: 153px;\" src=\"https:\/\/zelking.grafikweb.eu\/wp-content\/uploads\/2014\/01\/knapp%202009.jpg\" alt=\"\" width=\"350\" height=\"418\" \/><br \/>\n<\/span><\/div>\n<div><span style=\"color: #000000;\"><span style=\"font-size: 14px;\">Beim Signieren von Radierungen (am 17. 11. 2004). Diese Aufnahme wurde auch f\u00fcr die Parten verwendet.<br \/>\n<\/span><\/span><\/div>\n<div><\/div>\n<div>\n<div>\u00a0 <span style=\"color: #000000;\"><strong><span style=\"font-size: 14px;\">2010<\/span><\/strong><\/span><\/div>\n<div><span style=\"color: #000000;\"><strong><span style=\"font-size: 14px;\">\u00a0<\/span><\/strong><\/span><\/div>\n<div><span style=\"color: #000000;\"><strong><span style=\"font-size: 14px;\"><img loading=\"lazy\" decoding=\"async\" class=\" size-full wp-image-900\" src=\"https:\/\/zelking.grafikweb.eu\/wp-content\/uploads\/2014\/01\/margaretha.jpg\" alt=\"\" width=\"122\" height=\"145\" \/><\/span><\/strong><\/span><\/div>\n<p><span style=\"color: #000000;\"><span style=\"font-size: 14px;\"><span style=\"color: #000000;\">Margareta Theresia Knapp, Gattin des ehem. K\u00fcnstlers.<br \/>\n<\/span><\/span><span style=\"font-size: 14px;\"><span style=\"color: #000000;\">PM aus Anlass ihres 90. Geburtstages (10. J\u00e4nner 2010)<br \/>\n<\/span><\/span><span style=\"color: #000000;\"><span style=\"font-size: 14px;\">\u2020 15. Februar 2011.<\/span><\/span><\/span><\/p>\n<\/div>\n<div><span style=\"color: #000000;\"><span style=\"color: #000000;\"><span style=\"font-size: 14px;\">\u00a0<\/span><\/span><\/span><\/div>\n<div><img loading=\"lazy\" decoding=\"async\" class=\" size-full wp-image-901\" style=\"width: 128px; height: 153px;\" src=\"https:\/\/zelking.grafikweb.eu\/wp-content\/uploads\/2014\/01\/knapp%202010%20a.jpg\" alt=\"\" width=\"300\" height=\"359\" \/><\/div>\n<div>\n<p><span style=\"color: #000000;\"><span style=\"font-size: 14px;\">Franz Knapp an seinem 90. Geburtstag im Pflegeheim und einer Gratulantin (mit <\/span><\/span><span style=\"color: #000000;\"> <span style=\"font-size: 14px;\"><span style=\"font-size: 14px;\"><span style=\"font-size: 14px;\"><span style=\"font-size: 14px;\">\u201e<\/span><\/span><\/span><\/span><\/span><span style=\"color: #000000;\"><span style=\"font-size: 14px;\">90er<\/span><\/span><span style=\"color: #000000;\"><span style=\"font-size: 14px;\"><span style=\"font-size: 14px;\"><span style=\"font-size: 14px;\"><span style=\"font-size: 14px;\">\u201c<\/span><\/span><\/span><\/span><\/span><span style=\"color: #000000;\"><span style=\"font-size: 14px;\"> Torte) am 20. Nov. 2006<\/span><\/span><br \/>\n<span style=\"color: #000000;\"><span style=\"font-size: 14px;\">Diese PM wurde aus Anlass des 85. Geburtstages der Gratulantin (* April) geschaffen.<br \/>\n<\/span><\/span><\/p>\n<p><span style=\"color: #000000;\"><span style=\"font-size: 14px;\"> <span style=\"font-size: 16px;\"><span style=\"text-decoration: underline;\"><span style=\"color: #000000; text-decoration: underline;\"><strong>Ersttag: 16. Mai 2010<\/strong><\/span><\/span><\/span><br \/>\n<\/span><\/span><\/p>\n<p><img loading=\"lazy\" decoding=\"async\" class=\" size-full wp-image-500\" style=\"width: 128px; height: 154px;\" src=\"https:\/\/zelking.grafikweb.eu\/wp-content\/uploads\/2011\/05\/maria%20taferl.jpg\" alt=\"\" width=\"350\" height=\"416\" \/> <img loading=\"lazy\" decoding=\"async\" class=\" size-full wp-image-902\" style=\"width: 128px; height: 154px;\" src=\"https:\/\/zelking.grafikweb.eu\/wp-content\/uploads\/2014\/01\/mt%20sw.jpg\" alt=\"\" width=\"200\" height=\"239\" \/><br \/>\n<span style=\"font-size: 10pt; color: #000000;\"><span style=\"color: #000000;\"><span style=\"font-size: 14px;\">\u201eVer\u00f6ffentlichung mit freundlicher Genehmigung der \u00d6sterreichischen Post AG<\/span><\/span><span style=\"color: #000000;\"><span style=\"font-size: 14px;\">\u201c.<\/span><\/span><\/span><\/p>\n<\/div>\n<div><\/div>\n<div style=\"text-align: justify;\"><span style=\"color: #000000;\"><span style=\"font-size: 14px;\"><span style=\"color: #000000;\">Die erste offizielle Briefmarke <\/span><\/span><\/span><span style=\"color: #000000;\"><span style=\"font-size: 14px;\">der \u00f6sterreichischen Post <\/span><\/span><span style=\"color: #000000;\"><span style=\"font-size: 14px;\"><span style=\"color: #000000;\">nach einem Motiv von Franz Knapp <\/span><\/span><\/span><span style=\"color: #000000;\"><span style=\"font-size: 14px;\">\u2013 <\/span><\/span><span style=\"color: #000000;\"><span style=\"font-size: 14px;\"><span style=\"color: #000000;\">Aquarellausschnitt aus Anlass der Grundsteinlegung der Wallfahrtskirche Maria Taferl 1660. Links die offizielle (frankaturg\u00fcltige) Ausgabe, rechts der Schwarzdruck (geschnittene, bildgleiche, nicht <\/span><\/span><\/span><span style=\"color: #000000;\"><span style=\"font-size: 14px;\"><span style=\"color: #000000;\">frankaturg\u00fcltige SW-Ausgabe<\/span><\/span><\/span><span style=\"color: #000000;\">).<\/span><span style=\"color: #000000;\"><span style=\"font-size: 14px;\"> F\u00fcr die \u00f6sterreichische Post wurde durch Herrn Franz Jell (Zelking) dieses (druckfertige) Layout der ersten <\/span><\/span><span style=\"color: #000000;\"><span style=\"font-size: 14px;\">\u201e<\/span><\/span><span style=\"color: #000000;\"><span style=\"font-size: 14px;\">Knapp-Marke<\/span><\/span><span style=\"color: #000000;\"><span style=\"font-size: 14px;\">\u201c<\/span><\/span><span style=\"color: #000000;\"><span style=\"font-size: 14px;\"> geschaffen<\/span><\/span><\/div>\n<div><\/div>\n<div><img loading=\"lazy\" decoding=\"async\" class=\" size-full wp-image-903\" style=\"width: 128px; height: 155px;\" src=\"https:\/\/zelking.grafikweb.eu\/wp-content\/uploads\/2014\/01\/fk%202010.jpg\" alt=\"\" width=\"250\" height=\"297\" \/><\/div>\n<div>\n<p><span style=\"font-size: 14px;\"><span style=\"color: #000000;\">Zur Erinnerung an den 94. Geburtstag wurde dieses Foto (selbstportr\u00e4tieren 2005 im Atelier, R\u00fcdigerstra\u00dfe 63)<br \/>\nals PM (100 St\u00fcck) herausgebracht.<\/span><\/span><\/p>\n<p><span style=\"color: #000000;\"><strong><span style=\"font-size: 14px;\">2011<\/span><\/strong><\/span><\/p>\n<\/div>\n<div><img loading=\"lazy\" decoding=\"async\" class=\" size-full wp-image-904\" style=\"width: 170px; height: 141px;\" src=\"https:\/\/zelking.grafikweb.eu\/wp-content\/uploads\/2014\/01\/1313515534283071.jpg\" alt=\"\" width=\"333\" height=\"278\" srcset=\"https:\/\/zelking.grafikweb.eu\/wp-content\/uploads\/2014\/01\/1313515534283071.jpg 333w, https:\/\/zelking.grafikweb.eu\/wp-content\/uploads\/2014\/01\/1313515534283071-300x250.jpg 300w\" sizes=\"auto, (max-width: 333px) 100vw, 333px\" \/><br \/>\n<span style=\"color: #000000;\"><span style=\"font-size: 14px;\">Ende August 2011 erfolgte eine <\/span><\/span><span style=\"color: #000000;\"><span style=\"font-size: 14px;\">\u2013<\/span><\/span><span style=\"color: #000000;\"><span style=\"font-size: 14px;\"> Franz Knapp betreffende Auflage von nur 20 St\u00fcck (Markenbuch) selbstklebenden Marken.<\/span><\/span><\/div>\n<div><span style=\"color: #000000;\"><span style=\"font-size: 14px;\">Rupert Vogelauer (Prinzersdorf) aquarellierte 1988 einige K\u00fcnstlerkollegen, <\/span><\/span><span style=\"color: #000000;\"><span style=\"font-size: 14px;\">im Vordergrund Franz Knapp.<\/span><\/span><span style=\"color: #000000;\"><span style=\"font-size: 14px;\">\u00a0<\/span><\/span><br \/>\n<img loading=\"lazy\" decoding=\"async\" class=\" size-full wp-image-905\" src=\"https:\/\/zelking.grafikweb.eu\/wp-content\/uploads\/2014\/01\/fk%2095%202.png\" alt=\"\" width=\"191\" height=\"156\" \/>\u00a0\u00a0 <img loading=\"lazy\" decoding=\"async\" class=\" size-full wp-image-906\" src=\"https:\/\/zelking.grafikweb.eu\/wp-content\/uploads\/2014\/01\/fk%2095%201.png\" alt=\"\" width=\"134\" height=\"169\" \/><br \/>\n<span style=\"color: #000000;\"><span style=\"font-size: 14px;\">Franz Knapp am 23. Juli 2003 beim signieren des Portr\u00e4ts und das Portr\u00e4t als PM selbst (Layout Franz Jell MSc).<br \/>\nIm Gedenken an seinen 95. Geburtstag.\u00a0<\/span><\/span><\/div>\n<div><\/div>\n<div><span style=\"font-size: 14px; color: #000000;\"><span style=\"font-size: 14px;\"><span style=\"font-size: 14px;\"><strong><span style=\"font-size: 14px;\">2012<\/span><\/strong><\/span><\/span><\/span><\/div>\n<div><span style=\"font-size: 14px; color: #000000;\"><span style=\"font-size: 14px;\"><span style=\"font-size: 14px;\"><strong><span style=\"font-size: 14px;\"><img loading=\"lazy\" decoding=\"async\" class=\" size-full wp-image-907\" src=\"https:\/\/zelking.grafikweb.eu\/wp-content\/uploads\/2014\/01\/knapp%202013a.png\" alt=\"\" width=\"148\" height=\"170\" \/> \u00a0 <\/span><\/strong><\/span><\/span><\/span><\/div>\n<div><span style=\"font-size: 14px; color: #000000;\"><span style=\"font-size: 14px;\"><span style=\"font-size: 14px;\"><span style=\"font-size: 14px;\">Franz Knapp bei der Ansicht des Kalenderblattes, Radierung Pfarrkirche Zelking 1982.<\/span><\/span><\/span><\/span><\/div>\n<div><span style=\"font-size: 14px; color: #000000;\"><span style=\"font-size: 14px;\"><span style=\"font-size: 14px;\"><span style=\"font-size: 14px;\"><span style=\"font-size: 14px;\"><span style=\"font-size: 14px;\"><span style=\"font-size: 14px;\"><span style=\"font-size: 14px;\"><span style=\"font-size: 14px;\"><span style=\"font-size: 14px;\">Im Gedenken an seinen 96. Geburtstag <\/span><\/span><\/span><\/span><\/span><\/span><\/span><\/span><\/span><\/span><span style=\"font-size: 14px; color: #000000;\"><span style=\"font-size: 14px;\"><span style=\"font-size: 14px;\"><span style=\"font-size: 14px;\">(1. Ausgabe <span style=\"font-size: 14px;\"><span style=\"font-size: 14px;\">\u2013<\/span><\/span> Selbstklebend).<\/span><\/span><\/span><\/span><\/div>\n<div><span style=\"color: #000000;\">\u00a0<\/span><\/div>\n<div><span style=\"font-size: 14px; color: #000000;\"><span style=\"font-size: 14px;\"><span style=\"font-size: 14px;\"><strong><span style=\"font-size: 14px;\">\u00a0 <\/span><\/strong><span style=\"font-size: 14px;\"><img loading=\"lazy\" decoding=\"async\" class=\" size-full wp-image-908\" src=\"https:\/\/zelking.grafikweb.eu\/wp-content\/uploads\/2014\/01\/knapp%202013b.png\" alt=\"\" width=\"150\" height=\"174\" \/><\/span><\/span><\/span><\/span><\/div>\n<div><span style=\"font-size: 14px; color: #000000;\"><span style=\"font-size: 14px;\"><span style=\"font-size: 14px;\"><span style=\"font-size: 14px;\">(Zweite Ausgabe <span style=\"font-size: 14px;\"><span style=\"font-size: 14px;\"><span style=\"font-size: 14px;\"><span style=\"font-size: 14px;\"><span style=\"font-size: 14px;\"><span style=\"font-size: 14px;\">\u2013<\/span><\/span><\/span><\/span><\/span><\/span> Nassklebend).<br \/>\n<\/span><\/span><\/span><\/span><\/div>\n<div><span style=\"font-size: 14px; color: #000000;\"><span style=\"font-size: 14px;\"><span style=\"font-size: 14px;\"><span style=\"font-size: 14px;\">Warum dasselbe Bild jetzt dunkler gedruckt wurde <span style=\"font-size: 14px;\"><span style=\"font-size: 14px;\"><span style=\"font-size: 14px;\"><span style=\"font-size: 14px;\"><span style=\"font-size: 14px;\"><span style=\"font-size: 14px;\">\u2013<\/span><\/span><\/span><\/span><\/span><\/span> ??<\/span><\/span><\/span><\/span><\/div>\n<div>\n<p><span style=\"font-size: 14px; color: #000000;\"><span style=\"font-size: 14px;\"><span style=\"font-size: 14px;\"><strong><span style=\"font-size: 14px;\"><span style=\"font-size: 14px;\"><span style=\"font-size: 14px;\"><span style=\"font-size: 14px;\"><span style=\"font-size: 14px;\"><span style=\"font-size: 14px;\"><span style=\"font-size: 14px;\"><span style=\"font-size: 14px;\"><span style=\"font-size: 14px;\"><span style=\"font-size: 14px;\"><span style=\"font-size: 14px;\"><img loading=\"lazy\" decoding=\"async\" class=\" size-full wp-image-909\" src=\"https:\/\/zelking.grafikweb.eu\/wp-content\/uploads\/2014\/01\/knapp%202012.png\" alt=\"\" width=\"179\" height=\"203\" \/><\/span><\/span><\/span><\/span><\/span><\/span><\/span><\/span><\/span><\/span><\/span><\/strong><\/span><\/span><\/span><\/p>\n<p><span style=\"font-size: 14px; color: #000000;\">Franz Knapp <span style=\"font-size: 14px;\">\u2013<\/span> Selbstbildnis nach seiner Heimkehr aus der Internierung Ende Februar 1946 <\/span><span style=\"font-size: 14px; color: #000000;\">(Selbstklebend).<\/span><\/p>\n<div><span style=\"color: #000000;\"><strong><span style=\"font-size: 14px;\">2013<\/span><\/strong><\/span><\/div>\n<div><span style=\"font-size: 14px; color: #000000;\"><img loading=\"lazy\" decoding=\"async\" class=\" size-full wp-image-910\" src=\"https:\/\/zelking.grafikweb.eu\/wp-content\/uploads\/2014\/01\/fk%202013.png\" alt=\"\" width=\"151\" height=\"175\" \/><\/span><span style=\"color: #000000;\">\u00a0<\/span><\/div>\n<div><span style=\"font-size: 14px; color: #000000;\"><span style=\"font-size: 14px;\"><span style=\"font-size: 14px;\">Franz Knapp beim selbst Portr\u00e4tieren.<\/span><\/span><\/span><\/div>\n<div><span style=\"font-size: 14px; color: #000000;\"><span style=\"font-size: 14px;\"><span style=\"font-size: 14px;\">Im Gedenken an seinen 97. Geburtstag.<\/span><\/span><\/span><\/div>\n<div><\/div>\n<div><span style=\"color: #000000;\"><strong><span style=\"font-size: 14px;\"><span style=\"font-size: 14px;\"><span style=\"font-size: 14px;\">2014<\/span><\/span><\/span><\/strong><\/span><\/div>\n<div><\/div>\n<div>\u00a0<img loading=\"lazy\" decoding=\"async\" class=\"alignnone  wp-image-1110\" src=\"https:\/\/zelking.grafikweb.eu\/wp-content\/uploads\/2018\/03\/Knapp-Briefmarke-1-250x300.jpg\" alt=\"\" width=\"134\" height=\"161\" srcset=\"https:\/\/zelking.grafikweb.eu\/wp-content\/uploads\/2018\/03\/Knapp-Briefmarke-1-250x300.jpg 250w, https:\/\/zelking.grafikweb.eu\/wp-content\/uploads\/2018\/03\/Knapp-Briefmarke-1-768x921.jpg 768w, https:\/\/zelking.grafikweb.eu\/wp-content\/uploads\/2018\/03\/Knapp-Briefmarke-1-230x276.jpg 230w, https:\/\/zelking.grafikweb.eu\/wp-content\/uploads\/2018\/03\/Knapp-Briefmarke-1-350x420.jpg 350w, https:\/\/zelking.grafikweb.eu\/wp-content\/uploads\/2018\/03\/Knapp-Briefmarke-1-480x576.jpg 480w, https:\/\/zelking.grafikweb.eu\/wp-content\/uploads\/2018\/03\/Knapp-Briefmarke-1.jpg 827w\" sizes=\"auto, (max-width: 134px) 100vw, 134px\" \/><\/div>\n<div><span style=\"font-size: 14px; color: #000000;\"><span style=\"font-size: 14px;\"><span style=\"font-size: 14px;\"><span style=\"font-size: 14px;\"><span style=\"font-size: 14px;\">Im Gedenken an seinen 98. Geburtstag mit Gattin Margareta Theresia (20<\/span><\/span><\/span><\/span><\/span><span style=\"color: #000000;\"><span style=\"font-size: 14px;\"><span style=\"color: #000000;\"><span style=\"font-size: 14px;\"><span style=\"color: #000000;\"><span style=\"font-size: 14px;\"><span style=\"color: #000000;\"><span style=\"font-size: 14px;\"><span style=\"color: #000000;\"><span style=\"font-size: 14px;\"><span style=\"color: #000000;\">03)<\/span><\/span><\/span><\/span><\/span><\/span><\/span><\/span><\/span><\/span><\/span><\/div>\n<div><\/div>\n<div><span style=\"color: #000000;\"><span style=\"font-size: 14px;\"><span style=\"color: #000000;\"><span style=\"font-size: 14px;\"><span style=\"color: #000000;\"><span style=\"font-size: 14px;\"><span style=\"color: #000000;\"><span style=\"font-size: 14px;\"><span style=\"color: #000000;\"><span style=\"font-size: 14px;\"><span style=\"color: #000000;\"> \u00a0 \u00a0<\/span><\/span><\/span><\/span><\/span><\/span><\/span><\/span><\/span><\/span><\/span><\/div>\n<\/div>\n<div style=\"text-align: center;\"><span style=\"color: #800000;\"><strong><span style=\"font-size: 14px;\">Franz Knapps Wirken und sein Lebensweg wurde in seiner langen Schaffensperiode \u2013 man kann sagen weltweit \u2013 oftmals in Wort und Bild festgehalten.<\/span><\/strong><\/span><\/div>\n<div style=\"text-align: center;\"><\/div>\n<div style=\"text-align: center;\"><\/div>\n<div style=\"text-align: center;\"><strong><span style=\"color: #000000;\"><span style=\"font-size: 14px;\">In verschiedenen Medien wurde diesem Ausnahmek\u00fcnstler des Nibelungengaus Rechnung getragen <\/span><\/span><span style=\"color: #000000;\"><span style=\"font-size: 14px;\">\u2013<\/span><\/span><span style=\"color: #000000;\"><span style=\"font-size: 14px;\"> ob in Teilberichten oder l\u00e4ngeren Artikeln<\/span><\/span><\/strong><\/div>\n<div style=\"text-align: justify;\"><\/div>\n<div style=\"text-align: justify;\">\n<p><span style=\"color: #000000;\"><span style=\"font-size: 14px;\"><span style=\"text-decoration: underline;\">Aufgelistete (mir bekannte) Brosch\u00fcren, B\u00fccher (usw.), wo Franz Knapp aufscheint.<\/span><\/span><\/span><\/p>\n<\/div>\n<div style=\"text-align: center;\">\n<div style=\"text-align: justify;\"><span style=\"color: #000000;\"><span style=\"font-size: 14px;\"><strong>Folder\/Brosch\u00fcren:<br \/>\n<\/strong><\/span><\/span><span style=\"color: #000000;\"><span style=\"font-size: 14px;\"> Nibelungenstadt<\/span><\/span> <span style=\"color: #000000;\"><span style=\"font-size: 14px;\">P\u00f6chlarn (ohne Jahresangabe).<\/span><\/span><br \/>\n<span style=\"color: #000000;\"><span style=\"font-size: 14px;\"> P\u00f6chlarn Stadtf\u00fchrer 2000 und <\/span><span style=\"font-size: 14px;\">P\u00f6chlarn Stadtf\u00fchrer 2001 (auf dem Titelblatt <\/span><span style=\"font-size: 14px;\">\u2013<\/span><span style=\"font-size: 14px;\">. Aquarell, P\u00f6chlarn 1980 von FK) <\/span><\/span><br \/>\n<span style=\"color: #000000;\"><span style=\"font-size: 14px;\">P\u00f6chlarn Nibelungenstadt <\/span><\/span><span style=\"color: #000000;\"><span style=\"font-size: 14px;\">2002<\/span><span style=\"font-size: 14px;\">\u2013<\/span><span style=\"font-size: 14px;\">2004 <\/span><span style=\"font-size: 14px;\">(auf dem Titelblatt<\/span><span style=\"font-size: 14px;\"> Aquarell, P\u00f6chlarn 1980 und Kleinberichte, 4 von FK).\u00a0<\/span><br \/>\n<\/span><span style=\"color: #000000;\"><span style=\"font-size: 14px;\">P\u00f6chlarn sagenhafte Nibelungenstadt<\/span><\/span> <span style=\"color: #000000;\"><span style=\"font-size: 14px;\">2005<\/span><\/span> <span style=\"color: #000000;\"><span style=\"font-size: 14px;\">(auf dem Titelblatt <\/span><span style=\"font-size: 14px;\">\u2013<\/span><span style=\"font-size: 14px;\">. Aquarell, P\u00f6chlarn 1980 und Kleinberichte, 4.<\/span><\/span><br \/>\n<span style=\"color: #000000;\"><span style=\"font-size: 14px;\">P\u00f6chlarn die Nibelungenstadt <\/span><\/span><span style=\"color: #000000;\"><span style=\"font-size: 14px;\">2006<\/span><span style=\"font-size: 14px;\">\u2013<\/span><span style=\"font-size: 14px;\">2oo7 (<\/span><span style=\"font-size: 14px;\">Kleinbericht \u00fcber FK, 5) <\/span><br \/>\n<\/span><span style=\"color: #000000;\"><span style=\"font-size: 14px;\">P\u00f6chlarn die Nibelungenstadt <\/span><\/span><span style=\"color: #000000;\"><span style=\"font-size: 14px;\">2010, <\/span><span style=\"font-size: 14px;\">2011 und 20 12<\/span><span style=\"font-size: 14px;\">\u00a0\u00a0<span style=\"color: #000000;\"><span style=\"font-size: 14px;\">(<\/span><span style=\"font-size: 14px;\">Kleinberichte \u00fcber FK jeweils, 7)<\/span><\/span><\/span><\/span><\/div>\n<div style=\"text-align: justify;\"><span style=\"color: #000000;\"><span style=\"font-size: 14px;\">P\u00f6chlarn die Nibelungenstadt 2013\/2014, 2015\/2016 <span style=\"color: #000000;\"><span style=\"font-size: 14px;\"><span style=\"color: #000000;\"><span style=\"font-size: 14px;\">(<\/span><span style=\"font-size: 14px;\">Kleinberichte \u00fcber FK jeweils, 10)<\/span><\/span><\/span><\/span><\/span><\/span><\/div>\n<div style=\"text-align: justify;\">\n<p><strong><span style=\"color: #000000;\"><span style=\"font-size: 14px;\">Weitere Beschreibungen:<\/span><\/span><\/strong><br \/>\n<span style=\"color: #000000;\"><span style=\"font-size: 14px;\">Franz Knapp, F\u00e4hrmann \u2013 Maler \u2013 Mensch (ohne Jahrgang), mit Bilder und Beschreibungen von der Donau, Rollf\u00e4hre und P\u00f6chlarn, &#8230;<br \/>\nImpressionen eines Lebensabschnittes 1975 (Bilder aus Russland und der Ukraine).<br \/>\nFORUM MELK, K\u00fcnstler des Bezirkes Melk 1988 (u.a. wird auch Franz Knapp erw\u00e4hnt).<br \/>\n25 Jahre Sektion St. P\u00f6lten 1988 (Kulturverein der \u00f6sterreichischen Eisenbahner \u2013 Franz Knapp, 42\/43).<br \/>\n75 Jahre Republik \u00d6sterreich \u2013 Frank S. Schanzer Ged\u00e4chtnisausstellung 1993 (Franz Knapp als Zeichnender auf der Rollf\u00e4hre abgebildet).<br \/>\nP\u00f6chlarn Nibelungenstadt 1996 (Innenbericht).<br \/>\nFranz Knapp 1916<\/span><\/span><span style=\"color: #000000;\"><span style=\"font-size: 14px;\">\u2013<\/span><\/span><span style=\"color: #000000;\"><span style=\"font-size: 14px;\">1996 (vor allem Bildmaterial von FK).<br \/>\n<\/span><\/span><span style=\"color: #000000;\"><span style=\"font-size: 14px;\">Gendarmerieposten P\u00f6chlarn Neuer\u00f6ffnung 2004 (Umschlagbild).<\/span><\/span><\/p>\n<p><strong>B\u00fccher:<\/strong><br \/>\nFestschrift der Gemeinde Asperhofen aus Anla\u00df der 950-Jahr-Feier (1987), Seite 19. Abbildung der Kirche in S\u00e4usenstein (nach einer Originalradierung von F\u00e4hrmann Franz Knapp).<br \/>\nLebensspuren \u2013 Franz Knapp zum 88. Geburtstag (Irene M. Wei\u00df\/1988), Eigenverlag, Limitierte Auflage von nur 88 St\u00fcck, 80 Seiten.<br \/>\n<span style=\"color: #000000;\"><span style=\"font-size: 18px;\"><span style=\"font-size: 14px;\"><span style=\"color: #000000;\">Beschreibung des Hobbyk\u00fcnstlers in: Der Nibelungengau <\/span><\/span><\/span><\/span><span style=\"color: #000000;\"><span style=\"font-size: 14px;\">\u2013<\/span><\/span><span style=\"color: #000000;\"><span style=\"font-size: 18px;\"><span style=\"font-size: 14px;\"><span style=\"color: #000000;\"> Geschichte und Gegenwart (Herbert Trautsammwieser) 2004, 191<\/span><\/span><\/span><\/span><span style=\"font-size: 14px;\"><span style=\"color: #000000;\">\u2013<\/span><\/span><span style=\"color: #000000;\"><span style=\"font-size: 18px;\"><span style=\"font-size: 14px;\"><span style=\"color: #000000;\">193.<\/span><\/span><\/span><\/span><br \/>\n<span style=\"color: #000000;\"><span style=\"font-size: 14px;\"> (Festschrift) Franz Knapp \u2013 eine Legende \u2013 90, 1916<\/span><\/span><span style=\"color: #000000;\"><span style=\"font-size: 14px;\">\u2013<\/span><\/span><span style=\"color: #000000;\"><span style=\"font-size: 14px;\">2006 (Ludwig Pichler\/2006), Eigenverlag. Limitierte Auflage von nur 30 St\u00fcck, 32 Seiten (mit Lebensbeschreibungen und zahlreichen Bildern).<br \/>\nFranz Knapp 1916<\/span><\/span><span style=\"font-size: 14px;\"><span style=\"color: #000000;\">\u2013<\/span><\/span><span style=\"color: #000000;\"><span style=\"font-size: 14px;\">2007 (Gedenkausgabe durch Sohn Franz Xaver f\u00fcr seinen verstorbenen Vater, 2007, Auflagenh\u00f6he: 250 St\u00fcck, 69 Seiten <\/span><\/span><span style=\"color: #000000;\"><span style=\"color: #000000;\"><span style=\"font-size: 14px;\">\u2013 <\/span><\/span><\/span><span style=\"color: #000000;\"><span style=\"font-size: 14px;\">ein Lebensbericht mit vielen Abbildungen).<br \/>\n\u00d6sterreicher im II. Weltkrieg (Ewald Crha\/2007), 101<\/span><\/span><span style=\"font-size: 14px;\"><span style=\"color: #000000;\">\u2013<\/span><\/span><span style=\"color: #000000;\"><span style=\"font-size: 14px;\">112 (mit Berichten \u00fcber Franz Knapp als Sanit\u00e4tssoldat).<br \/>\nP\u00f6chlarn \u2013 Ein Blick durchs Schl\u00fcsselloch (Josef Kappelm\u00fcller\/2009) Geschichtliche Momentaufnahmen der Nibelungenstadt, 169 Seiten (meist Bilder mit Kurzbeschreibungen, einige mit Abbildungen von Franz Knapp).<br \/>\nTEXTILSPINNEREI im Bezirk Melk von Manfred Zwirner, Golling 2010, 253 <\/span><\/span><span style=\"color: #000000;\"><span style=\"font-size: 14px;\">\u2013 je eine Kohlezeichnung und Radierung<\/span><\/span><span style=\"color: #000000;\"><span style=\"font-size: 14px;\"> von Franz Knapp abgebildet.<\/span><\/span><\/p>\n<p><strong><span style=\"font-size: 14px;\">Diverses:<br \/>\n<\/span><\/strong><span style=\"font-size: 14px;\">75 Jahre Landwirtschaftliche Genossenschaft P\u00f6chlarn 1898<\/span><span style=\"font-size: 14px;\"><span style=\"color: #000000;\">\u2013<\/span><\/span><span style=\"color: #000000;\"><span style=\"font-size: 14px;\">1973 (Festschrift) <\/span><\/span><span style=\"color: #000000;\"><span style=\"color: #000000;\"><span style=\"font-size: 14px;\">\u2013 <\/span><\/span><\/span><span style=\"color: #000000;\"><span style=\"font-size: 14px;\">Titelblatt: Zeichnung von Franz Knapp.<br \/>\nErlauf 1945<\/span><\/span><span style=\"font-size: 14px;\"><span style=\"color: #000000;\">\u2013<\/span><\/span><span style=\"color: #000000;\"><span style=\"font-size: 14px;\">1995 (Beitrag \u00fcber Franz Knapp, 9).<br \/>\nLahnsteiners Extrablatt Nr. 3\/1996, 13 (80 Jahre Franz Knapp).<br \/>\nHand in Hand (Hilfswerk) Nr. 1\/2003, 25 (Beitrag \u00fcber FK).<\/span><br \/>\n<span style=\"font-size: 14px;\">Grander Journal III 2003, 15 \u2013 Therapie in belebtem Wasser (mit dem badenden FK und Therapeuten).<br \/>\nHEROLD \u00d6rtliches Telefonbuch Melk\/Scheibbs 2004\/2005 (Radierung Stift Melk von FK auf der ersten Umschlagseite).<br \/>\n<\/span><\/span><span style=\"color: #000000;\"><span style=\"font-size: 14px;\">Folder: Willkommen im Pflegezentrum Schloss P\u00f6chlarn, 2006 (Bild mit Franz Knapp).<\/span><br \/>\n<span style=\"font-size: 14px;\">Atelier an der Donau 2006 (u. a. Beitrag \u00fcber FK).<\/span><br \/>\n<span style=\"font-size: 14px;\">P\u00f6chlarn aktuell \u2013 Ausgabe Juni 2006, 13 \u2013 P\u00f6chlarner Kokoschka-Sch\u00fcler Franz Knapp.\u00a0<\/span><br \/>\n<span style=\"font-size: 14px;\">P\u00f6chlarn aktuell \u2013 Ausgabe Dezember 2006 (letzte Umschlagseite), 44 \u2013 Franz Knapp feiert 90. Geburtstag.<\/span><br \/>\n<span style=\"font-size: 14px;\">Klein-P\u00f6chlarner Informationsblatt (Gemeindezeitung) M\u00e4rz, Ausgabe 1\/2007, 14 (Nachruf): Zur Erinnerung an Franz Knapp.<br \/>\nAmtsblatt Bezirkshauptmannschaft Melk Nr. 05 110. Jahrgang, 01. M\u00e4rz 2007 (erste und zweite Innenseite) In Memoriam Franz Knapp.<br \/>\nP\u00f6chlarn aktuell \u2013\u00a0 Ausgabe Dezember 2007, 26 \u2013 Ausstellung \u201eFranz Knapp<\/span><\/span><span style=\"color: #000000;\"><span style=\"font-size: 14px;\"> im Kokoschkahaus<\/span><\/span><span style=\"color: #000000;\"><span style=\"font-size: 14px;\">\u201c<\/span><\/span><span style=\"color: #000000;\"><span style=\"font-size: 14px;\"> (Aquarelle sowie Zeichnungen und Druckgrafiken).<br \/>\n<\/span><\/span><span style=\"color: #000000;\"><span style=\"font-size: 14px;\">DIE BRIEFMARKE (Zeitschrift f\u00fcr Philatelisten) 8.08 (August 2008), 65. Beitrag \u00fcber die Gedenkausstellung <\/span><\/span><span style=\"color: #000000;\"><span style=\"font-size: 14px;\">\u201eM<\/span><\/span><span style=\"color: #000000;\"><span style=\"font-size: 14px;\">alender F\u00e4hrmann<\/span><\/span><span style=\"color: #000000;\"><span style=\"font-size: 14px;\">\u201c<\/span><\/span><span style=\"color: #000000;\"><span style=\"font-size: 14px;\"> (von der ehem. Tauschstelle 410 Melk des Briefmarkensammlervereins <\/span><\/span><span style=\"color: #000000;\"><span style=\"font-size: 14px;\">\u201e<\/span><\/span><span style=\"color: #000000;\"><span style=\"font-size: 14px;\">donau<\/span><\/span><span style=\"color: #000000;\"><span style=\"font-size: 14px;\">\u201c veranstaltet)<\/span><\/span><span style=\"color: #000000;\"><span style=\"font-size: 14px;\">. <\/span><\/span><span style=\"color: #000000;\"><span style=\"font-size: 14px;\">Briefmarkenausstellung \u00fcber den <\/span><\/span><span style=\"color: #000000;\"><span style=\"font-size: 14px;\">\u201e<\/span><\/span><span style=\"color: #000000;\"><span style=\"font-size: 14px;\">malenden F\u00e4hrmann<\/span><\/span><span style=\"color: #000000;\"><span style=\"font-size: 14px;\">\u201c<\/span><\/span><span style=\"color: #000000;\"><span style=\"font-size: 14px;\"> im Sitzungssaal der Stadtgemeinde P\u00f6chlarn, 22.<\/span><\/span><span style=\"color: #000000;\"><span style=\"font-size: 14px;\">\u2013<\/span><\/span><span style=\"color: #000000;\"><span style=\"font-size: 14px;\">24. August 2008 mit Abbildungen der vier PM und des Sonderstempels sowie Bericht \u00fcber den K\u00fcnstler. <\/span><\/span><\/p>\n<p><span style=\"color: #000000;\"><span style=\"font-size: 14px;\">P\u00f6chlarn aktuell \u2013\u00a0 Ausgabe September 2008, 37.\u00a0<\/span><\/span><br \/>\n<span style=\"color: #000000;\"><span style=\"font-size: 14px;\">P\u00f6chlarn aktuell \u2013\u00a0 Ausgabe 04\/2010, 7<\/span><\/span> <span style=\"color: #000000;\"><span style=\"font-size: 14px;\">\u2013<\/span><\/span><span style=\"color: #000000;\"><span style=\"font-size: 14px;\"> Kurzbericht der Er\u00f6ffnung<\/span> <span style=\"font-size: 14px;\">vom Franz Knapp-Platz.<\/span><\/span><\/p>\n<p><span style=\"color: #000000;\"><span style=\"font-size: 14px;\"> <span style=\"color: #000000;\"><strong>Musikalische Ehrung:<\/strong><\/span> <\/span><\/span><\/p>\n<\/div>\n<div style=\"text-align: justify;\"><span style=\"color: #000000;\"><span style=\"font-size: 14px;\">Der Bekannte P\u00f6chlarner, Prof. Gerhart Banco (Kapellmeister, Musiker und Komponist) widmete am 18. September 1996 Franz Knapp einen Konzertmarsch \u2013 DER MALENDE F\u00c4HRMANN<\/span> (<span style=\"font-size: 14px;\">Opus 220) \u2013 Meinem lieben Freund Franz Knapp zum 80. Geburtstag gewidmet (die Urauff\u00fchrung fand am 15. 11. 1996 anl\u00e4\u00dflich der Feier bei der \u00dcberreichnug des Ehrenringes der Stadt P\u00f6chlarn an Franz Knapp statt).<br \/>\n<\/span><\/span><\/div>\n<div style=\"text-align: justify;\"><\/div>\n<div style=\"text-align: center;\"><img loading=\"lazy\" decoding=\"async\" class=\" size-full wp-image-912\" style=\"width: 173px; height: 247px;\" src=\"https:\/\/zelking.grafikweb.eu\/wp-content\/uploads\/2014\/01\/banco%2085.jpg\" alt=\"\" width=\"292\" height=\"438\" \/><\/div>\n<div><span style=\"color: #000000;\"><span style=\"color: #000000;\"><span style=\"font-size: 14px;\">Prof. Gerhart Banco<\/span><span style=\"color: #000000;\"><span style=\"font-size: 14px;\">, aufgenommen am 25. April 2011.<\/span><\/span><\/span><\/span><\/div>\n<div><\/div>\n<\/div>\n<div style=\"text-align: justify;\"><span style=\"color: #000000;\"><strong><span style=\"font-size: 14px;\">CD:<\/span><\/strong> <\/span><\/div>\n<div style=\"text-align: justify;\">\n<p><span style=\"color: #000000;\"><span style=\"font-size: 14px;\">Franz Knapp 2004. Eigentlich durch eine Zuf\u00e4lligkeit wurde \u201enur so\u201c, ein Interview mit Franz Knapp durch Leopold Pichler gemacht. Bei der l\u00e4ngeren Version (40 Minuten), bzw. bei der k\u00fcrzeren (8 Minuten), wurde daf\u00fcr jeweils ein dritter Platz durch eine Jury erreicht.<\/span><\/span><\/p>\n<p><span style=\"color: #000000;\">Unter anderem sind nicht die Artikeln inl\u00e4ndischer und ausl\u00e4ndischer Zeitungen, welche \u00fcber Franz Knapp etwas gebracht hatten, hier aufgelistet!<\/span><\/p>\n<\/div>\n<div style=\"text-align: justify;\">\n<div style=\"text-align: center;\"><span style=\"color: #000000;\"><img loading=\"lazy\" decoding=\"async\" class=\" size-full wp-image-913\" style=\"width: 142px; height: 219px;\" src=\"https:\/\/zelking.grafikweb.eu\/wp-content\/uploads\/2014\/01\/wappen%20ii.jpg\" alt=\"\" width=\"200\" height=\"308\" \/><br \/>\n<span style=\"color: #000000;\"><span style=\"font-size: 14px;\">Entnommen aus: Ottfried Neubecker <\/span><\/span><span style=\"color: #000000;\"><span style=\"font-size: 14px;\">\u2013<\/span><\/span><span style=\"color: #000000;\"><span style=\"font-size: 14px;\"> Gro\u00dfes Wappen Bilder Lexikon, Battenberg Verlag, 1992, 900.<\/span><\/span><\/span><\/div>\n<\/div>\n<div style=\"text-align: justify;\"><\/div>\n<div style=\"text-align: justify;\"><\/div>\n<div style=\"text-align: justify;\"><\/div>\n<div style=\"text-align: justify;\"><\/div>\n<\/div>\n","protected":false},"excerpt":{"rendered":"<p>&nbsp; Entnommen aus: Ottfried Neubecker \u2013 Gro\u00dfes Wappen Bilder Lexikon, Battenberg Verlag, 1992, 838 Franz Knapp, ein K\u00fcnstler aus dem Nibelungengau (und ein waschechter Nieder\u00f6sterreicher dazu) &nbsp; Franz Knapp \u2013\u00a0 im Bezirk Melk, aber auch weit \u00fcber die Landesgrenzen hinaus bekannt, vorzustellen, hie\u00dfe\u00a0 \u201eWasser in die Donau tragen\u201c. Franz Knapp, im 89. Lebensjahr stehen Vor [&hellip;]<\/p>\n","protected":false},"author":2,"featured_media":750,"comment_status":"open","ping_status":"open","sticky":false,"template":"","format":"standard","meta":{"footnotes":""},"categories":[60],"tags":[],"class_list":["post-914","post","type-post","status-publish","format-standard","has-post-thumbnail","hentry","category-diverses"],"_links":{"self":[{"href":"https:\/\/zelking.grafikweb.eu\/index.php?rest_route=\/wp\/v2\/posts\/914","targetHints":{"allow":["GET"]}}],"collection":[{"href":"https:\/\/zelking.grafikweb.eu\/index.php?rest_route=\/wp\/v2\/posts"}],"about":[{"href":"https:\/\/zelking.grafikweb.eu\/index.php?rest_route=\/wp\/v2\/types\/post"}],"author":[{"embeddable":true,"href":"https:\/\/zelking.grafikweb.eu\/index.php?rest_route=\/wp\/v2\/users\/2"}],"replies":[{"embeddable":true,"href":"https:\/\/zelking.grafikweb.eu\/index.php?rest_route=%2Fwp%2Fv2%2Fcomments&post=914"}],"version-history":[{"count":12,"href":"https:\/\/zelking.grafikweb.eu\/index.php?rest_route=\/wp\/v2\/posts\/914\/revisions"}],"predecessor-version":[{"id":1112,"href":"https:\/\/zelking.grafikweb.eu\/index.php?rest_route=\/wp\/v2\/posts\/914\/revisions\/1112"}],"wp:featuredmedia":[{"embeddable":true,"href":"https:\/\/zelking.grafikweb.eu\/index.php?rest_route=\/wp\/v2\/media\/750"}],"wp:attachment":[{"href":"https:\/\/zelking.grafikweb.eu\/index.php?rest_route=%2Fwp%2Fv2%2Fmedia&parent=914"}],"wp:term":[{"taxonomy":"category","embeddable":true,"href":"https:\/\/zelking.grafikweb.eu\/index.php?rest_route=%2Fwp%2Fv2%2Fcategories&post=914"},{"taxonomy":"post_tag","embeddable":true,"href":"https:\/\/zelking.grafikweb.eu\/index.php?rest_route=%2Fwp%2Fv2%2Ftags&post=914"}],"curies":[{"name":"wp","href":"https:\/\/api.w.org\/{rel}","templated":true}]}}